{"id":50743,"date":"2014-03-21T06:54:48","date_gmt":"2014-03-21T10:54:48","guid":{"rendered":"https:\/\/bobvarela.com\/?p=50743"},"modified":"2014-03-22T08:40:02","modified_gmt":"2014-03-22T12:40:02","slug":"marcos-carrazana-otooinvierno-2014-en-el-san-juan-moda","status":"publish","type":"post","link":"https:\/\/bobvarela.com\/?p=50743","title":{"rendered":"MARCOS CARRAZANA oto&ntilde;o\/invierno 2014 en el San Juan Moda"},"content":{"rendered":"<p align=\"justify\"><font size=\"3\">L\u00e1grimas Negras est\u00e1 inspirada en el color y sentimiento que evoca el oto\u00f1o\/ invierno 2014. Esta \u00e9poca en nuestro pensamiento es de car\u00e1cter nost\u00e1lgico y un poco falto de color pero a la vez lleno de elegancia y &quot;glamour&quot;. <\/font><\/p>\n<p align=\"justify\"><font size=\"3\">Entre las texturas que utilizo para esta colecci\u00f3n son tejidos m\u00e1s tupidos como el terciopelo, la lana, mezclados con telas m\u00e1s ligeras tales como el chantilly franc\u00e9s, y &quot;nettings&quot; bordados en pedrer\u00eda. <\/font><\/p>\n<p align=\"justify\"><font size=\"3\"> En los colores presento la paleta de los oscuros tales como el negro, el &quot;midnight blue&quot; y el olivo.&#160; En los neutrales el &quot;blush&quot; y el &quot;nude&quot; son los protagonistas. Finalmente destellos deslumbrantes en lentejuelas color oro y canutillos plateados y tornasoles que irradian luz.<\/font><\/p>\n<p align=\"justify\"><font size=\"3\">Las siluetas recorren desde piezas cortas hasta estilizados trajes largos sin dejar atr\u00e1s los cl\u00e1sicos corte \u201cA\u201d y los majestuosos &quot;ballgowns&quot;. Capas, pantalones y faldas estilo l\u00e1piz tambi\u00e9n forman parte de L\u00e1grimas Negras 2014. <\/font><\/p>\n<p align=\"justify\"><font size=\"3\">La elegancia, los colores tenues y la riqueza de texturas son los protagonistas de L\u00e1grimas Negras f\/w 2014.<\/font><\/p>\n<p align=\"justify\"><font size=\"3\" face=\"Verdana\">ngg_shortcode_0_placeholder<\/font><\/p>\n<p><font size=\"3\">&#160;<\/font><\/p>\n","protected":false},"excerpt":{"rendered":"<p>L\u00e1grimas Negras est\u00e1 inspirada en el color y sentimiento que evoca el oto\u00f1o\/ invierno 2014. Esta \u00e9poca en nuestro pensamiento es de car\u00e1cter nost\u00e1lgico y un poco falto de color pero a la vez lleno de elegancia y &quot;glamour&quot;. Entre&hellip;<\/p>\n<p class=\"more-link-p\"><a class=\"more-link\" href=\"https:\/\/bobvarela.com\/?p=50743\">Read more &rarr;<\/a><\/p>\n","protected":false},"author":1,"featured_media":0,"comment_status":"open","ping_status":"open","sticky":false,"template":"","format":"standard","meta":{"ngg_post_thumbnail":0,"footnotes":""},"categories":[4,295],"tags":[],"class_list":["post-50743","post","type-post","status-publish","format-standard","hentry","category-moda","category-puerto-rico"],"_links":{"self":[{"href":"https:\/\/bobvarela.com\/index.php?rest_route=\/wp\/v2\/posts\/50743","targetHints":{"allow":["GET"]}}],"collection":[{"href":"https:\/\/bobvarela.com\/index.php?rest_route=\/wp\/v2\/posts"}],"about":[{"href":"https:\/\/bobvarela.com\/index.php?rest_route=\/wp\/v2\/types\/post"}],"author":[{"embeddable":true,"href":"https:\/\/bobvarela.com\/index.php?rest_route=\/wp\/v2\/users\/1"}],"replies":[{"embeddable":true,"href":"https:\/\/bobvarela.com\/index.php?rest_route=%2Fwp%2Fv2%2Fcomments&post=50743"}],"version-history":[{"count":2,"href":"https:\/\/bobvarela.com\/index.php?rest_route=\/wp\/v2\/posts\/50743\/revisions"}],"predecessor-version":[{"id":50851,"href":"https:\/\/bobvarela.com\/index.php?rest_route=\/wp\/v2\/posts\/50743\/revisions\/50851"}],"wp:attachment":[{"href":"https:\/\/bobvarela.com\/index.php?rest_route=%2Fwp%2Fv2%2Fmedia&parent=50743"}],"wp:term":[{"taxonomy":"category","embeddable":true,"href":"https:\/\/bobvarela.com\/index.php?rest_route=%2Fwp%2Fv2%2Fcategories&post=50743"},{"taxonomy":"post_tag","embeddable":true,"href":"https:\/\/bobvarela.com\/index.php?rest_route=%2Fwp%2Fv2%2Ftags&post=50743"}],"curies":[{"name":"wp","href":"https:\/\/api.w.org\/{rel}","templated":true}]}}