{"id":50993,"date":"2014-03-22T11:15:10","date_gmt":"2014-03-22T15:15:10","guid":{"rendered":"https:\/\/bobvarela.com\/?p=50993"},"modified":"2014-03-22T11:15:10","modified_gmt":"2014-03-22T15:15:10","slug":"fashion-evolution-otoo-invierno-2014-15-de-pipo-pere-en-san-juan-moda","status":"publish","type":"post","link":"https:\/\/bobvarela.com\/?p=50993","title":{"rendered":"Fashion Evolution Oto&ntilde;o Invierno 2014-15  de Pipo Pere en San Juan Moda"},"content":{"rendered":"<p align=\"justify\"><font size=\"3\">Pipo Pere presento el 21 de marzo&#160; en San Juan Moda su nueva colecci\u00f3n para la temporada oto\u00f1o\/invierno 2014<\/font><\/p>\n<p align=\"justify\"><font size=\"3\">La inspiraci\u00f3n detras de su nueva coleci\u00f3n:<\/font><\/p>\n<p align=\"justify\">&#160;<\/p>\n<p align=\"justify\"><font size=\"3\">Ponerse en movimiento, cruzar los l\u00edmites para crecer o crear\u2026<\/font><\/p>\n<p align=\"justify\"><font size=\"3\">Luego de 15 a\u00f1os creando y dise\u00f1ando seguimos encaminados a un<\/font><\/p>\n<p align=\"justify\"><font size=\"3\">mundo creativo, sin l\u00edmites, donde el cambio y la evoluci\u00f3n<\/font><\/p>\n<p align=\"justify\"><font size=\"3\">predominar\u00e1n en esta temporada. <\/font><\/p>\n<p align=\"justify\"><font size=\"3\"><\/font><\/p>\n<p align=\"justify\"><font size=\"3\">Hay que continuar dando ese paso firme con la seguridad de alcanzar<\/font><\/p>\n<p align=\"justify\"><font size=\"3\">a donde queremos llegar. La creatividad es la fuerza impulsora en el<\/font><\/p>\n<p align=\"justify\"><font size=\"3\">arte y la interacci\u00f3n entre el conocimiento y la intuici\u00f3n, sentar\u00e1 el<\/font><\/p>\n<p align=\"justify\"><font size=\"3\">camino para crear nuevos dise\u00f1os. Nuestro deseo es crear un dise\u00f1o<\/font><\/p>\n<p align=\"justify\"><font size=\"3\">\u00edcono, atemporal y narrativo, que sea el testigo de esta \u00e9poca en que<\/font><\/p>\n<p align=\"justify\"><font size=\"3\">finalmente reconocemos que hay que evolucionar.<\/font><\/p>\n<p align=\"justify\"><font size=\"3\"><\/font><\/p>\n<p align=\"justify\"><font size=\"3\">Una nueva ciudad, un nuevo entorno, nuevos retos, amplias avenidas,<\/font><\/p>\n<p align=\"justify\"><font size=\"3\">altos edificios, brillo en la oscuridad, todo esto nos da rienda suelta<\/font><\/p>\n<p align=\"justify\"><font size=\"3\">para comenzar a crear una nueva manera de ver e interpretar la moda.<\/font><\/p>\n<p align=\"justify\"><font size=\"3\">De todo esto surge, Fashion Evolution Oto\u00f1o Invierno 2014-15, <\/font><\/p>\n<p align=\"justify\"><font size=\"3\">inspirado en el cambio y en el movimiento hacia la capital de la moda,<\/font><\/p>\n<p align=\"justify\"><font size=\"3\">la ciudad de Nueva York.<\/font><\/p>\n<p align=\"justify\"><font size=\"3\"><\/font><\/p>\n<p align=\"justify\"><font size=\"3\">Piezas de mucha construcci\u00f3n, detalles met\u00e1licos, ausencia de color,<\/font><\/p>\n<p align=\"justify\"><font size=\"3\">volumen, oscuridad, sombra, opulencia y contraste, es lo que pueden<\/font><\/p>\n<p align=\"justify\"><font size=\"3\">esperar de esta colecci\u00f3n Fashion Evolution. Una gama nueva de<\/font><\/p>\n<p align=\"justify\"><font size=\"3\">textiles que nos dar\u00e1 esa comodidad y ese calor que necesitamos en<\/font><\/p>\n<p align=\"justify\"><font size=\"3\">dicha temporada. La mayor\u00eda de ellos son textiles de alta fabricaci\u00f3n,<\/font><\/p>\n<p align=\"justify\"><font size=\"3\">combinando fibras naturales con fibras sint\u00e9ticas met\u00e1licas.<\/font><\/p>\n<p align=\"justify\"><font size=\"3\">Esto le dar\u00e1 el brillo a la oscuridad.<\/font><\/p>\n<p align=\"justify\"><font size=\"3\"><\/font><\/p>\n<p align=\"justify\"><font size=\"3\" face=\"Verdana\">ngg_shortcode_0_placeholder<\/font><\/p>\n","protected":false},"excerpt":{"rendered":"<p>Pipo Pere presento el 21 de marzo&#160; en San Juan Moda su nueva colecci\u00f3n para la temporada oto\u00f1o\/invierno 2014 La inspiraci\u00f3n detras de su nueva coleci\u00f3n: &#160; Ponerse en movimiento, cruzar los l\u00edmites para crecer o crear\u2026 Luego de 15&hellip;<\/p>\n<p class=\"more-link-p\"><a class=\"more-link\" href=\"https:\/\/bobvarela.com\/?p=50993\">Read more &rarr;<\/a><\/p>\n","protected":false},"author":1,"featured_media":0,"comment_status":"open","ping_status":"open","sticky":false,"template":"","format":"standard","meta":{"ngg_post_thumbnail":0,"footnotes":""},"categories":[4,295],"tags":[],"class_list":["post-50993","post","type-post","status-publish","format-standard","hentry","category-moda","category-puerto-rico"],"_links":{"self":[{"href":"https:\/\/bobvarela.com\/index.php?rest_route=\/wp\/v2\/posts\/50993","targetHints":{"allow":["GET"]}}],"collection":[{"href":"https:\/\/bobvarela.com\/index.php?rest_route=\/wp\/v2\/posts"}],"about":[{"href":"https:\/\/bobvarela.com\/index.php?rest_route=\/wp\/v2\/types\/post"}],"author":[{"embeddable":true,"href":"https:\/\/bobvarela.com\/index.php?rest_route=\/wp\/v2\/users\/1"}],"replies":[{"embeddable":true,"href":"https:\/\/bobvarela.com\/index.php?rest_route=%2Fwp%2Fv2%2Fcomments&post=50993"}],"version-history":[{"count":1,"href":"https:\/\/bobvarela.com\/index.php?rest_route=\/wp\/v2\/posts\/50993\/revisions"}],"predecessor-version":[{"id":50994,"href":"https:\/\/bobvarela.com\/index.php?rest_route=\/wp\/v2\/posts\/50993\/revisions\/50994"}],"wp:attachment":[{"href":"https:\/\/bobvarela.com\/index.php?rest_route=%2Fwp%2Fv2%2Fmedia&parent=50993"}],"wp:term":[{"taxonomy":"category","embeddable":true,"href":"https:\/\/bobvarela.com\/index.php?rest_route=%2Fwp%2Fv2%2Fcategories&post=50993"},{"taxonomy":"post_tag","embeddable":true,"href":"https:\/\/bobvarela.com\/index.php?rest_route=%2Fwp%2Fv2%2Ftags&post=50993"}],"curies":[{"name":"wp","href":"https:\/\/api.w.org\/{rel}","templated":true}]}}