{"id":51224,"date":"2014-03-23T14:47:02","date_gmt":"2014-03-23T18:47:02","guid":{"rendered":"https:\/\/bobvarela.com\/?p=51224"},"modified":"2014-03-23T14:50:38","modified_gmt":"2014-03-23T18:50:38","slug":"jaer-caban-otooinvierno-2014-en-el-san-juan-moda","status":"publish","type":"post","link":"https:\/\/bobvarela.com\/?p=51224","title":{"rendered":"Jaer Caban oto&ntilde;o\/invierno 2014 en el San Juan Moda"},"content":{"rendered":"<p align=\"justify\"><font size=\"3\">Jaer Caban presento el 23 de marzo&#160; en San Juan Moda su nueva colecci\u00f3n para la temporada oto\u00f1o\/invierno 2014 titulado <\/font><font size=\"3\">Ctenophora <\/font>. <\/p>\n<p align=\"justify\"><font size=\"3\">Ctenophora es el nombre de un grupo de especies marinas que habitan las profundidades abisales del planeta. Es lo que existe en lo m\u00e1s remoto del oc\u00e9ano; en las sombras del mar, todo lo cual sirvi\u00f3 de inspiraci\u00f3n para la presente colecci\u00f3n. La bioluminiscencia de muchas de estas criaturas, al igual que sus cuerpos trasl\u00facidos resaltados contra la oscuridad del agua, se destacaron sobre una paleta de colores que incluy\u00f3 tonos negros, grises y azules oscuros, contrastados mediante la aplicaci\u00f3n de matices turquesas y de acabados iridiscentes y tornasolados.<\/font><\/p>\n<p align=\"justify\"><font size=\"3\">Los bieses en chiffon de seda y las transparencias evocan la apariencia fant\u00e1stica de las medusas y de las an\u00e9monas, que aparentan levitar entre las profundidades oce\u00e1nicas. Los reflejos met\u00e1licos de textiles pl\u00e1sticos y las lentejuelas que tambi\u00e9n se destacan en muchos de los cambios recuerdan, a su vez, la luz emitida por los organismos que habitan estas zonas. Por su parte, construcciones en volantes, nudos y torcidos en chiffon y organza, recrean el movimiento de las corrientes marinas y la textura de los arrecifes de coral. Adem\u00e1s, m\u00faltiples detalles de las piezas se sirvieron de cortes y entalles propios de la indumentaria para el buceo, lo que, asimismo, distingue la est\u00e9tica de esta propuesta para la temporada de oto\u00f1o\/invierno 2014, la cual, sin duda, combina en cada uno de sus modelos la oscura y misteriosa inmensidad del mar y la energ\u00eda del agua que lo ocupa.<\/font><\/p>\n<p><font size=\"3\" face=\"Verdana\">ngg_shortcode_0_placeholder<\/font><\/p>\n","protected":false},"excerpt":{"rendered":"<p>Jaer Caban presento el 23 de marzo&#160; en San Juan Moda su nueva colecci\u00f3n para la temporada oto\u00f1o\/invierno 2014 titulado Ctenophora . Ctenophora es el nombre de un grupo de especies marinas que habitan las profundidades abisales del planeta. Es&hellip;<\/p>\n<p class=\"more-link-p\"><a class=\"more-link\" href=\"https:\/\/bobvarela.com\/?p=51224\">Read more &rarr;<\/a><\/p>\n","protected":false},"author":1,"featured_media":0,"comment_status":"open","ping_status":"open","sticky":false,"template":"","format":"standard","meta":{"ngg_post_thumbnail":0,"footnotes":""},"categories":[4,295],"tags":[],"class_list":["post-51224","post","type-post","status-publish","format-standard","hentry","category-moda","category-puerto-rico"],"_links":{"self":[{"href":"https:\/\/bobvarela.com\/index.php?rest_route=\/wp\/v2\/posts\/51224","targetHints":{"allow":["GET"]}}],"collection":[{"href":"https:\/\/bobvarela.com\/index.php?rest_route=\/wp\/v2\/posts"}],"about":[{"href":"https:\/\/bobvarela.com\/index.php?rest_route=\/wp\/v2\/types\/post"}],"author":[{"embeddable":true,"href":"https:\/\/bobvarela.com\/index.php?rest_route=\/wp\/v2\/users\/1"}],"replies":[{"embeddable":true,"href":"https:\/\/bobvarela.com\/index.php?rest_route=%2Fwp%2Fv2%2Fcomments&post=51224"}],"version-history":[{"count":2,"href":"https:\/\/bobvarela.com\/index.php?rest_route=\/wp\/v2\/posts\/51224\/revisions"}],"predecessor-version":[{"id":51226,"href":"https:\/\/bobvarela.com\/index.php?rest_route=\/wp\/v2\/posts\/51224\/revisions\/51226"}],"wp:attachment":[{"href":"https:\/\/bobvarela.com\/index.php?rest_route=%2Fwp%2Fv2%2Fmedia&parent=51224"}],"wp:term":[{"taxonomy":"category","embeddable":true,"href":"https:\/\/bobvarela.com\/index.php?rest_route=%2Fwp%2Fv2%2Fcategories&post=51224"},{"taxonomy":"post_tag","embeddable":true,"href":"https:\/\/bobvarela.com\/index.php?rest_route=%2Fwp%2Fv2%2Ftags&post=51224"}],"curies":[{"name":"wp","href":"https:\/\/api.w.org\/{rel}","templated":true}]}}