{"id":51350,"date":"2014-03-24T07:04:47","date_gmt":"2014-03-24T11:04:47","guid":{"rendered":"https:\/\/bobvarela.com\/?p=51350"},"modified":"2014-03-24T07:13:24","modified_gmt":"2014-03-24T11:13:24","slug":"eddie-guerrero-otooinvierno-2014-en-el-san-juan-moda","status":"publish","type":"post","link":"https:\/\/bobvarela.com\/?p=51350","title":{"rendered":"Eddie Guerrero oto&ntilde;o\/invierno 2014 en el San Juan Moda"},"content":{"rendered":"<p align=\"justify\"><font size=\"3\">Eddie Guerrero<\/font> <font size=\"3\">presento el 23 de marzo, parra cerrar&#160;&#160; el&#160; San Juan Moda su nueva colecci\u00f3n para la temporada oto\u00f1o\/invierno 2014 titulado Quechua.<\/font><\/p>\n<p align=\"justify\"><font size=\"3\">Luego de un recorrido por la republica de Per\u00fa&#8230; &quot; Quechua, fall winter 2014&quot; del dise\u00f1ador Eddie Guerrero, recorri\u00f3 dicho pa\u00eds atraves de su arte. Un recorrido desde su flora, fauna y arquitectura peruana. La colecci\u00f3n estuvo compuesta de colores brillantes, t\u00edpico de dicho pa\u00eds. Un una rica gama de textiles originales de diferentes regiones peruanas.<\/font><\/p>\n<p align=\"justify\"><font size=\"3\">Quechua fue complementado por un grupo de &quot;Make-up artists&quot;, ente ellos: Bloom Salon, Gilbert Gonzales, Mike &amp; Alis, Mirada Salon y Willie Rosado Moda. Accesorios de OMar RIvera, Musica de DJ TONy, VIsuales de VikarVisual, Calzado de Novus y coordinacion de trasbastidores de Joseph Da&#8217;Ponte<\/font><\/p>\n<p><font size=\"3\" face=\"Verdana\">ngg_shortcode_0_placeholder<\/font><\/p>\n","protected":false},"excerpt":{"rendered":"<p>Eddie Guerrero presento el 23 de marzo, parra cerrar&#160;&#160; el&#160; San Juan Moda su nueva colecci\u00f3n para la temporada oto\u00f1o\/invierno 2014 titulado Quechua. Luego de un recorrido por la republica de Per\u00fa&#8230; &quot; Quechua, fall winter 2014&quot; del dise\u00f1ador Eddie&hellip;<\/p>\n<p class=\"more-link-p\"><a class=\"more-link\" href=\"https:\/\/bobvarela.com\/?p=51350\">Read more &rarr;<\/a><\/p>\n","protected":false},"author":1,"featured_media":0,"comment_status":"open","ping_status":"open","sticky":false,"template":"","format":"standard","meta":{"ngg_post_thumbnail":0,"footnotes":""},"categories":[4,295],"tags":[],"class_list":["post-51350","post","type-post","status-publish","format-standard","hentry","category-moda","category-puerto-rico"],"_links":{"self":[{"href":"https:\/\/bobvarela.com\/index.php?rest_route=\/wp\/v2\/posts\/51350","targetHints":{"allow":["GET"]}}],"collection":[{"href":"https:\/\/bobvarela.com\/index.php?rest_route=\/wp\/v2\/posts"}],"about":[{"href":"https:\/\/bobvarela.com\/index.php?rest_route=\/wp\/v2\/types\/post"}],"author":[{"embeddable":true,"href":"https:\/\/bobvarela.com\/index.php?rest_route=\/wp\/v2\/users\/1"}],"replies":[{"embeddable":true,"href":"https:\/\/bobvarela.com\/index.php?rest_route=%2Fwp%2Fv2%2Fcomments&post=51350"}],"version-history":[{"count":2,"href":"https:\/\/bobvarela.com\/index.php?rest_route=\/wp\/v2\/posts\/51350\/revisions"}],"predecessor-version":[{"id":51352,"href":"https:\/\/bobvarela.com\/index.php?rest_route=\/wp\/v2\/posts\/51350\/revisions\/51352"}],"wp:attachment":[{"href":"https:\/\/bobvarela.com\/index.php?rest_route=%2Fwp%2Fv2%2Fmedia&parent=51350"}],"wp:term":[{"taxonomy":"category","embeddable":true,"href":"https:\/\/bobvarela.com\/index.php?rest_route=%2Fwp%2Fv2%2Fcategories&post=51350"},{"taxonomy":"post_tag","embeddable":true,"href":"https:\/\/bobvarela.com\/index.php?rest_route=%2Fwp%2Fv2%2Ftags&post=51350"}],"curies":[{"name":"wp","href":"https:\/\/api.w.org\/{rel}","templated":true}]}}