{"id":51423,"date":"2014-03-27T18:45:30","date_gmt":"2014-03-27T22:45:30","guid":{"rendered":"https:\/\/bobvarela.com\/?p=51423"},"modified":"2014-03-27T18:45:31","modified_gmt":"2014-03-27T22:45:31","slug":"revelacin-moda-descubrir-nuevas-estrellas-del-diseo","status":"publish","type":"post","link":"https:\/\/bobvarela.com\/?p=51423","title":{"rendered":"Revelaci&oacute;n Moda descubrir&aacute; nuevas estrellas del dise&ntilde;o"},"content":{"rendered":"<p align=\"center\"><a href=\"https:\/\/bobvarela.com\/wp-content\/uploads\/2014\/03\/IMG_1290-Recovered.jpg\"><img loading=\"lazy\" decoding=\"async\" title=\"IMG_1290-Recovered\" style=\"border-top: 0px; border-right: 0px; background-image: none; border-bottom: 0px; padding-top: 0px; padding-left: 0px; border-left: 0px; display: inline; padding-right: 0px\" border=\"0\" alt=\"IMG_1290-Recovered\" src=\"https:\/\/bobvarela.com\/wp-content\/uploads\/2014\/03\/IMG_1290-Recovered_thumb.jpg\" width=\"438\" height=\"211\" \/><\/a><\/p>\n<p align=\"justify\"><font size=\"3\">Tan pronto como la pr\u00f3xima semana dar\u00e1 inicio <b>Revelaci\u00f3n Moda<\/b>, un evento competitivo que buscar\u00e1 a las pr\u00f3ximas estrellas de la aguja y el dise\u00f1o. Un grupo de 10 dise\u00f1adores tendr\u00e1n que demostrar que pueden llegar a la pasarela de <b>San Juan Moda<\/b>.<\/font><\/p>\n<p align=\"justify\"><font size=\"3\">Los encuentros ser\u00e1n en el San Juan Resort &amp; Casino a partir del jueves 3 de abril, y todos los primeros jueves del mes hasta finalizar en agosto.<\/font><\/p>\n<p align=\"justify\"><font size=\"3\">Los 10 dise\u00f1adores semifinalistas fueron seleccionados a trav\u00e9s de una convocatoria en la p\u00e1gina de Facebook de <b>San Juan Moda<\/b>. Estos tendr\u00e1n que confeccionar y completar un reto mensual seg\u00fan el tiempo y los par\u00e1metros establecidos. Los trabajos presentados ser\u00e1n evaluados por un panel de jurado compuesto por expertos de la industria, quienes determinar\u00e1n cuales son los mejores dise\u00f1os. Sin embargo ser\u00e1 el p\u00fablico el que finalmente determinar\u00e1 qui\u00e9n se queda y quien debe abandonar la competencia.<\/font><\/p>\n<p align=\"justify\"><font size=\"3\"><i>\u201cTodo surge a ra\u00edz del \u00e9xito de la primera edici\u00f3n de San Juan Moda en octubre de 2013. Muchos dise\u00f1adores nos ped\u00edan entrar a nuestra plataforma de moda, quer\u00edan la oportunidad de presentar sus dise\u00f1os y eso nos hizo buscar un mecanismo para evaluarlos. Quer\u00edamos que el pase a la pasarela nuestra fuera una luchada por los m\u00e9ritos del dise\u00f1ador\u201d,<\/i> explic\u00f3 Carlos Berm\u00fadez, presidente de <b>San Juan Moda<\/b>.<\/font><\/p>\n<p align=\"center\"><a href=\"https:\/\/bobvarela.com\/wp-content\/uploads\/2014\/03\/IMG_1409-Recovered.jpg\"><img loading=\"lazy\" decoding=\"async\" title=\"IMG_1409-Recovered\" style=\"border-top: 0px; border-right: 0px; background-image: none; border-bottom: 0px; padding-top: 0px; padding-left: 0px; border-left: 0px; display: inline; padding-right: 0px\" border=\"0\" alt=\"IMG_1409-Recovered\" src=\"https:\/\/bobvarela.com\/wp-content\/uploads\/2014\/03\/IMG_1409-Recovered_thumb.jpg\" width=\"400\" height=\"218\" \/><\/a><\/p>\n<p align=\"justify\"><font size=\"3\">El grupo de dise\u00f1adores que buscar\u00e1n convertirse en el primer ganador de la primera edici\u00f3n de <b>Revelaci\u00f3n Moda<\/b> son: <\/font><\/p>\n<p align=\"justify\"><font size=\"3\">1. Elda Samano<\/font><\/p>\n<p align=\"justify\"><font size=\"3\">2. Javier Santiago<\/font><\/p>\n<p align=\"justify\"><font size=\"3\">3. Orlando Emanuel<\/font><\/p>\n<p align=\"justify\"><font size=\"3\">4. Orlando Figueroa<\/font><\/p>\n<p align=\"justify\"><font size=\"3\">5. Sulyvette D\u00edaz<\/font><\/p>\n<p align=\"justify\"><font size=\"3\">6. Janice Emilia<\/font><\/p>\n<p align=\"justify\"><font size=\"3\">7. Kelvin Giovannie<\/font><\/p>\n<p align=\"justify\"><font size=\"3\">8. Emanuel Acosta<\/font><\/p>\n<p align=\"justify\"><font size=\"3\">9. Melissa Ram\u00edrez<\/font><\/p>\n<p align=\"justify\"><font size=\"3\">10. Liz Charleen<\/font><\/p>\n<p align=\"justify\"><font size=\"3\">El ganador tendr\u00e1 la oportunidad de presentar su colecci\u00f3n Primavera-Verano 2015 en la pr\u00f3xima edici\u00f3n de San Juan Moda.<\/font><\/p>\n<p align=\"justify\"><font size=\"3\"><i>\u201cEs importante que estos dise\u00f1adores se midan con otros dise\u00f1adores y vivan lo que a la larga van a vivir dentro de la industria, competencia. Deben estar expuestos a la cr\u00edtica y dispuestos a escuchar consejos de los profesionales dentro expertos en moda, que buscaran ayudarlos a sacar lo mejor de cada uno. Esto los ayudar\u00e1 a definir un estilo propio y desarrollar reconocimiento dentro del p\u00fablico. Se escogi\u00f3 un grupo de excelentes dise\u00f1adores, pero al final ganar\u00e1 el que mejor supo completar los retos y el p\u00fablico prefiera\u201d<\/i>, abund\u00f3 Lemil Collazo, Director Creativo del evento.<\/font><\/p>\n<p align=\"center\"><a href=\"https:\/\/bobvarela.com\/wp-content\/uploads\/2014\/03\/IMG_1404-Recovered.jpg\"><img loading=\"lazy\" decoding=\"async\" title=\"IMG_1404-Recovered\" style=\"border-top: 0px; border-right: 0px; background-image: none; border-bottom: 0px; padding-top: 0px; padding-left: 0px; border-left: 0px; display: inline; padding-right: 0px\" border=\"0\" alt=\"IMG_1404-Recovered\" src=\"https:\/\/bobvarela.com\/wp-content\/uploads\/2014\/03\/IMG_1404-Recovered_thumb.jpg\" width=\"324\" height=\"216\" \/><\/a><\/p>\n<p align=\"justify\"><font size=\"3\"><b>San Juan Moda<\/b> es la primera y \u00fanica semana de la moda en Puerto Rico. El evento incluye presentaciones de dise\u00f1adores de alta costura, <i>ready to wear<\/i>, accesorios y tendencias de cabello y maquillaje. Con <b>Revelaci\u00f3n Moda<\/b>, se abre una nueva plataforma que sirve de trampol\u00edn para dise\u00f1adores que buscan darse a conocerse dentro de la competitiva industria de la moda.<\/font><\/p>\n<p align=\"justify\"><font size=\"3\">Los organizadores explicaron que evaluaron sobre 60 dise\u00f1adores y que los que no lograron ser semifinalistas en esta primera edici\u00f3n de <b>Revelaci\u00f3n Moda<\/b> pueden volverlo a intentar en el futuro. El evento, que se llevar\u00e1 a cabo el primer jueves de cada mes, ser\u00e1 abierto al p\u00fablico, contar\u00e1 con m\u00fasica DJ y atractivos descuentos en la barra del Hotel.<\/font><\/p>\n<p align=\"justify\"><font size=\"3\">Para m\u00e1s informaci\u00f3n de <b>Revelaci\u00f3n Moda<\/b> puede seguir @revelacionmoda en las redes sociales Facebook, Twitter e Instagram.<\/font><\/p>\n<p align=\"justify\"><font size=\"3\"><\/font><\/p>\n","protected":false},"excerpt":{"rendered":"<p>Tan pronto como la pr\u00f3xima semana dar\u00e1 inicio Revelaci\u00f3n Moda, un evento competitivo que buscar\u00e1 a las pr\u00f3ximas estrellas de la aguja y el dise\u00f1o. Un grupo de 10 dise\u00f1adores tendr\u00e1n que demostrar que pueden llegar a la pasarela de&hellip;<\/p>\n<p class=\"more-link-p\"><a class=\"more-link\" href=\"https:\/\/bobvarela.com\/?p=51423\">Read more &rarr;<\/a><\/p>\n","protected":false},"author":1,"featured_media":0,"comment_status":"open","ping_status":"open","sticky":false,"template":"","format":"standard","meta":{"ngg_post_thumbnail":0,"footnotes":""},"categories":[4,295],"tags":[],"class_list":["post-51423","post","type-post","status-publish","format-standard","hentry","category-moda","category-puerto-rico"],"_links":{"self":[{"href":"https:\/\/bobvarela.com\/index.php?rest_route=\/wp\/v2\/posts\/51423","targetHints":{"allow":["GET"]}}],"collection":[{"href":"https:\/\/bobvarela.com\/index.php?rest_route=\/wp\/v2\/posts"}],"about":[{"href":"https:\/\/bobvarela.com\/index.php?rest_route=\/wp\/v2\/types\/post"}],"author":[{"embeddable":true,"href":"https:\/\/bobvarela.com\/index.php?rest_route=\/wp\/v2\/users\/1"}],"replies":[{"embeddable":true,"href":"https:\/\/bobvarela.com\/index.php?rest_route=%2Fwp%2Fv2%2Fcomments&post=51423"}],"version-history":[{"count":1,"href":"https:\/\/bobvarela.com\/index.php?rest_route=\/wp\/v2\/posts\/51423\/revisions"}],"predecessor-version":[{"id":51424,"href":"https:\/\/bobvarela.com\/index.php?rest_route=\/wp\/v2\/posts\/51423\/revisions\/51424"}],"wp:attachment":[{"href":"https:\/\/bobvarela.com\/index.php?rest_route=%2Fwp%2Fv2%2Fmedia&parent=51423"}],"wp:term":[{"taxonomy":"category","embeddable":true,"href":"https:\/\/bobvarela.com\/index.php?rest_route=%2Fwp%2Fv2%2Fcategories&post=51423"},{"taxonomy":"post_tag","embeddable":true,"href":"https:\/\/bobvarela.com\/index.php?rest_route=%2Fwp%2Fv2%2Ftags&post=51423"}],"curies":[{"name":"wp","href":"https:\/\/api.w.org\/{rel}","templated":true}]}}