{"id":54679,"date":"2014-06-17T07:14:28","date_gmt":"2014-06-17T11:14:28","guid":{"rendered":"https:\/\/bobvarela.com\/?p=54679"},"modified":"2014-06-17T07:14:29","modified_gmt":"2014-06-17T11:14:29","slug":"solstizio-when-the-summer-begins-primer-aniversario-de-due-salon-spa","status":"publish","type":"post","link":"https:\/\/bobvarela.com\/?p=54679","title":{"rendered":"Solstizio: When the Summer begins, primer aniversario de DUE Salon &amp; Spa"},"content":{"rendered":"<p align=\"center\"><font size=\"3\"><a href=\"https:\/\/bobvarela.com\/wp-content\/uploads\/2014\/06\/IMG_7670.jpg\"><img loading=\"lazy\" decoding=\"async\" title=\"\" style=\"border-top: 0px; border-right: 0px; background-image: none; border-bottom: 0px; padding-top: 0px; padding-left: 0px; border-left: 0px; display: inline; padding-right: 0px\" border=\"0\" alt=\"\" src=\"https:\/\/bobvarela.com\/wp-content\/uploads\/2014\/06\/IMG_7670_thumb.jpg\" width=\"370\" height=\"230\" \/><\/a><\/font><\/p>\n<p align=\"justify\"><font size=\"3\">El solticio es el momento que marca el comienzo del verano en el punto cuando el Sol se encuentra en su m\u00e1xima altitud. Tras cumplir un a\u00f1o y estar en su mejor momento, DUE Salon &amp; Spa se inspirt\u00f3 en esta temporada para celebrar su primer aniversario con un \u00edntimo coctel. <\/font><\/p>\n<p align=\"justify\"><font size=\"3\">El evento, denominado Solstizio: When the #Summerbegins se llev\u00f3 a cabo en el \u2018rooftop bar\u2019 Mist del San Juan Water Beach Club Hotel en Isla Verde, el pasado jueves, 12 de junio a las 8 de la noche. Su propietario, el joven empresario Carlos Rey, de 27 a\u00f1os, dio la bienvenida a los asistentes y present\u00f3 un desfile de tendencias veraniegas. <\/font><\/p>\n<p align=\"justify\"><font size=\"3\">El solsticio de verano marca un nuevo tiempo, al igual que este evento que eclipsar\u00e1 el inicio de la temporada estival. En honor al nombre y al eslogan del sal\u00f3n \u201cWhere beauty meets fashion\u201d, Solstizio incluiyo un desfile en el cual se presentaron las \u00faltimas tendencias para verano tanto para damas como para caballeros. Por la pasarela de acr\u00edlico que reposaba sobre la piscina del hotel desfilaron piezas para damas de dise\u00f1adores y tiendas como Jos\u00e9 Ra\u00fal, Laced by Lola, Ver\u00f3nika Pag\u00e1n, Karen Millen, Desigual y accesorios de Letr\u00e1n Joyeros, Ivelisse Nieves y Reyes Play. Mientras, los varones lucieron piezas de Jos\u00e9 Ra\u00fal y Root Condado. El desfile estuvo amenizado por un conjunto de piano, trompeta y caj\u00f3n del Conservatorio de M\u00fasica de Puerto Rico. <\/font><\/p>\n<p align=\"justify\"><font size=\"3\">El refinado calzado correspondi\u00f3 a las \u00faltimas colecciones de Galer\u00eda. La actividad sirvi\u00f3, adem\u00e1s, como plataforma para que la organizaci\u00f3n Profamilia sobre salud sexual y reproductiva recibiera donaciones. <\/font><\/p>\n<p><span style=\"font-size: medium; font-family: verdana\">ngg_shortcode_0_placeholder<\/span><\/p>\n","protected":false},"excerpt":{"rendered":"<p>El solticio es el momento que marca el comienzo del verano en el punto cuando el Sol se encuentra en su m\u00e1xima altitud. Tras cumplir un a\u00f1o y estar en su mejor momento, DUE Salon &amp; Spa se inspirt\u00f3 en&hellip;<\/p>\n<p class=\"more-link-p\"><a class=\"more-link\" href=\"https:\/\/bobvarela.com\/?p=54679\">Read more &rarr;<\/a><\/p>\n","protected":false},"author":1,"featured_media":0,"comment_status":"open","ping_status":"open","sticky":false,"template":"","format":"standard","meta":{"ngg_post_thumbnail":0,"footnotes":""},"categories":[3,4,295],"tags":[],"class_list":["post-54679","post","type-post","status-publish","format-standard","hentry","category-actividades","category-moda","category-puerto-rico"],"_links":{"self":[{"href":"https:\/\/bobvarela.com\/index.php?rest_route=\/wp\/v2\/posts\/54679","targetHints":{"allow":["GET"]}}],"collection":[{"href":"https:\/\/bobvarela.com\/index.php?rest_route=\/wp\/v2\/posts"}],"about":[{"href":"https:\/\/bobvarela.com\/index.php?rest_route=\/wp\/v2\/types\/post"}],"author":[{"embeddable":true,"href":"https:\/\/bobvarela.com\/index.php?rest_route=\/wp\/v2\/users\/1"}],"replies":[{"embeddable":true,"href":"https:\/\/bobvarela.com\/index.php?rest_route=%2Fwp%2Fv2%2Fcomments&post=54679"}],"version-history":[{"count":1,"href":"https:\/\/bobvarela.com\/index.php?rest_route=\/wp\/v2\/posts\/54679\/revisions"}],"predecessor-version":[{"id":54680,"href":"https:\/\/bobvarela.com\/index.php?rest_route=\/wp\/v2\/posts\/54679\/revisions\/54680"}],"wp:attachment":[{"href":"https:\/\/bobvarela.com\/index.php?rest_route=%2Fwp%2Fv2%2Fmedia&parent=54679"}],"wp:term":[{"taxonomy":"category","embeddable":true,"href":"https:\/\/bobvarela.com\/index.php?rest_route=%2Fwp%2Fv2%2Fcategories&post=54679"},{"taxonomy":"post_tag","embeddable":true,"href":"https:\/\/bobvarela.com\/index.php?rest_route=%2Fwp%2Fv2%2Ftags&post=54679"}],"curies":[{"name":"wp","href":"https:\/\/api.w.org\/{rel}","templated":true}]}}