{"id":55173,"date":"2014-06-26T17:29:01","date_gmt":"2014-06-26T21:29:01","guid":{"rendered":"https:\/\/bobvarela.com\/?p=55173"},"modified":"2014-06-26T17:29:01","modified_gmt":"2014-06-26T21:29:01","slug":"coliseo-de-puerto-rico-estrena-nueva-version-de-personaje-don-cholito","status":"publish","type":"post","link":"https:\/\/bobvarela.com\/?p=55173","title":{"rendered":"COLISEO DE PUERTO RICO ESTRENA NUEVA VERSION DE PERSONAJE &ldquo;DON CHOLITO&rdquo;"},"content":{"rendered":"<p align=\"center\"><a href=\"https:\/\/bobvarela.com\/wp-content\/uploads\/2014\/06\/COLISEO-2014-DON-CHOLITO-PIC-1.jpg\"><img loading=\"lazy\" decoding=\"async\" title=\"COLISEO 2014 DON CHOLITO PIC 1\" style=\"border-top: 0px; border-right: 0px; background-image: none; border-bottom: 0px; padding-top: 0px; padding-left: 0px; border-left: 0px; display: inline; padding-right: 0px\" border=\"0\" alt=\"COLISEO 2014 DON CHOLITO PIC 1\" src=\"https:\/\/bobvarela.com\/wp-content\/uploads\/2014\/06\/COLISEO-2014-DON-CHOLITO-PIC-1_thumb.jpg\" width=\"336\" height=\"232\" \/><\/a><\/p>\n<p align=\"justify\"><font size=\"3\">Como parte de las actividades especiales de celebraci\u00f3n de su 10mo Aniversario, la gerencia del Coliseo de Puerto Rico present\u00f3 este fin de semana el cabezudo en honor a Jos\u00e9 Miguel Agrelot y a su personaje Don Cholito.<\/font><\/p>\n<p align=\"justify\"><font size=\"3\">La cabeza del personaje \u201cDon Cholito,\u201d tard\u00f3 cerca de ocho semanas en completarse debido al complejo proceso de esculpir y pintar el material especial de \u201cfoam\u201d del que est\u00e1 hecha.<\/font><\/p>\n<p align=\"justify\"><font size=\"3\">El personaje es una creaci\u00f3n del artesano puertorrique\u00f1o, Jos\u00e9 Torres, de la compa\u00f1\u00eda Tamboricua. <\/font><\/p>\n<p align=\"justify\"><font size=\"3\">Ataviado con su popular pava, \u201cDon Cholito\u201d lleva tambi\u00e9n los espejuelos que usaba Agrelot y la contagiante sonrisa que conquist\u00f3 al Pa\u00eds a trav\u00e9s de toda su carrera art\u00edstica. La familia del comediante estuvo de acuerdo y les agrada la idea de crear el personaje en este formato.<\/font><\/p>\n<p align=\"center\"><font size=\"3\"><a href=\"https:\/\/bobvarela.com\/wp-content\/uploads\/2014\/06\/COLISEO-2014-DON-CHOLITO-PIC-1a.jpg\"><img loading=\"lazy\" decoding=\"async\" title=\"COLISEO 2014 DON CHOLITO PIC 1a\" style=\"border-top: 0px; border-right: 0px; background-image: none; border-bottom: 0px; padding-top: 0px; padding-left: 0px; border-left: 0px; display: inline; padding-right: 0px\" border=\"0\" alt=\"COLISEO 2014 DON CHOLITO PIC 1a\" src=\"https:\/\/bobvarela.com\/wp-content\/uploads\/2014\/06\/COLISEO-2014-DON-CHOLITO-PIC-1a_thumb.jpg\" width=\"318\" height=\"234\" \/><\/a><\/font><\/p>\n<p align=\"justify\"><font size=\"3\">\u201cEl Coliseo es un lugar para pasarla bien. Estamos orgullosos de llevar el nombre de Jos\u00e9 Miguel Agrelot, gran comediante y gran puertorrique\u00f1o que permanece como una figura admirada y respetada por todo el pueblo,\u201d dijo Wesley Cullen, Gerente General del Coliseo de Puerto Rico. \u201cQuer\u00edamos que \u201cDon Cholito\u201d tomara vida y se integrara a nuestras actividades y que el p\u00fablico tuviera la oportunidad de tomarse fotos y disfrutar a\u00fan m\u00e1s de sus experiencias en el Coliseo.\u201d <\/font><\/p>\n<p align=\"justify\"><font size=\"3\">El nuevo \u201cDon Cholito,\u201d que guarda un gran parecido al busto del artista en el atrio del Coliseo, hizo su debut en compa\u00f1\u00eda de los \u201cCholi-Pleneros\u201d y puso a bailar a todos los que estuvieron presente en el concierto de Victor Manuelle y Gilberto Santa Rosa en honor a Cheo Felicicano. Don Cholito har\u00e1 apariciones en diversos eventos para saludar al p\u00fablico y retratarse con la gente.<\/font><\/p>\n","protected":false},"excerpt":{"rendered":"<p>Como parte de las actividades especiales de celebraci\u00f3n de su 10mo Aniversario, la gerencia del Coliseo de Puerto Rico present\u00f3 este fin de semana el cabezudo en honor a Jos\u00e9 Miguel Agrelot y a su personaje Don Cholito. La cabeza&hellip;<\/p>\n<p class=\"more-link-p\"><a class=\"more-link\" href=\"https:\/\/bobvarela.com\/?p=55173\">Read more &rarr;<\/a><\/p>\n","protected":false},"author":1,"featured_media":0,"comment_status":"open","ping_status":"open","sticky":false,"template":"","format":"standard","meta":{"ngg_post_thumbnail":0,"footnotes":""},"categories":[3,295],"tags":[],"class_list":["post-55173","post","type-post","status-publish","format-standard","hentry","category-actividades","category-puerto-rico"],"_links":{"self":[{"href":"https:\/\/bobvarela.com\/index.php?rest_route=\/wp\/v2\/posts\/55173","targetHints":{"allow":["GET"]}}],"collection":[{"href":"https:\/\/bobvarela.com\/index.php?rest_route=\/wp\/v2\/posts"}],"about":[{"href":"https:\/\/bobvarela.com\/index.php?rest_route=\/wp\/v2\/types\/post"}],"author":[{"embeddable":true,"href":"https:\/\/bobvarela.com\/index.php?rest_route=\/wp\/v2\/users\/1"}],"replies":[{"embeddable":true,"href":"https:\/\/bobvarela.com\/index.php?rest_route=%2Fwp%2Fv2%2Fcomments&post=55173"}],"version-history":[{"count":1,"href":"https:\/\/bobvarela.com\/index.php?rest_route=\/wp\/v2\/posts\/55173\/revisions"}],"predecessor-version":[{"id":55174,"href":"https:\/\/bobvarela.com\/index.php?rest_route=\/wp\/v2\/posts\/55173\/revisions\/55174"}],"wp:attachment":[{"href":"https:\/\/bobvarela.com\/index.php?rest_route=%2Fwp%2Fv2%2Fmedia&parent=55173"}],"wp:term":[{"taxonomy":"category","embeddable":true,"href":"https:\/\/bobvarela.com\/index.php?rest_route=%2Fwp%2Fv2%2Fcategories&post=55173"},{"taxonomy":"post_tag","embeddable":true,"href":"https:\/\/bobvarela.com\/index.php?rest_route=%2Fwp%2Fv2%2Ftags&post=55173"}],"curies":[{"name":"wp","href":"https:\/\/api.w.org\/{rel}","templated":true}]}}