{"id":55341,"date":"2014-06-27T19:19:07","date_gmt":"2014-06-27T23:19:07","guid":{"rendered":"https:\/\/bobvarela.com\/?p=55341"},"modified":"2014-06-27T19:19:08","modified_gmt":"2014-06-27T23:19:08","slug":"sears-fashionista-en-caguas-mupr-mall-tour","status":"publish","type":"post","link":"https:\/\/bobvarela.com\/?p=55341","title":{"rendered":"Sears Fashionista en Caguas   MUPR Mall Tour"},"content":{"rendered":"<p align=\"justify\"><font size=\"3\">Miss Universe Puerto Rico celebro su 3er Mall Tour en Las Catalinas Mall en Caguas <\/font><font size=\"3\">donde las candidatas se dividieron en dos grupos para presentar las tendencias de moda veraniega tribal y moda deportiva <\/font><font size=\"3\">en pases de Moda para la selecci\u00f3n de 2 finalistas para el Reto Fashionista Sears.<\/font><\/p>\n<p align=\"justify\"><font size=\"3\">Miss Cayey (Nicole Col\u00f3n) y Miss San Juan (Hellymar Rosario) resultaron ser las clasificadas <\/font><font size=\"3\">que se unen al grupo de finalistas: Miss Guaynabo (Catalina Morales), Miss Guayanilla (Syndie Berr\u00edos), Miss Humacao (Stephanie Cruz)<\/font><\/p>\n<p align=\"justify\"><font size=\"3\">y Miss Mayaguez (Alina Rom\u00e1n). La final del Reto Fashionista Sears ser\u00e1 durante el Gran Cierre en el \u00faltimo Mall Tour en Plaza las Am\u00e9ricas <\/font><font size=\"3\">el s\u00e1bado 9 de agosto en Plaza las Am\u00e9ricas.<\/font><\/p>\n<p><span style=\"font-size: medium; font-family: verdana\">ngg_shortcode_0_placeholder<\/span><\/p>\n","protected":false},"excerpt":{"rendered":"<p>Miss Universe Puerto Rico celebro su 3er Mall Tour en Las Catalinas Mall en Caguas donde las candidatas se dividieron en dos grupos para presentar las tendencias de moda veraniega tribal y moda deportiva en pases de Moda para la&hellip;<\/p>\n<p class=\"more-link-p\"><a class=\"more-link\" href=\"https:\/\/bobvarela.com\/?p=55341\">Read more &rarr;<\/a><\/p>\n","protected":false},"author":1,"featured_media":0,"comment_status":"open","ping_status":"open","sticky":false,"template":"","format":"standard","meta":{"ngg_post_thumbnail":0,"footnotes":""},"categories":[4,295],"tags":[],"class_list":["post-55341","post","type-post","status-publish","format-standard","hentry","category-moda","category-puerto-rico"],"_links":{"self":[{"href":"https:\/\/bobvarela.com\/index.php?rest_route=\/wp\/v2\/posts\/55341","targetHints":{"allow":["GET"]}}],"collection":[{"href":"https:\/\/bobvarela.com\/index.php?rest_route=\/wp\/v2\/posts"}],"about":[{"href":"https:\/\/bobvarela.com\/index.php?rest_route=\/wp\/v2\/types\/post"}],"author":[{"embeddable":true,"href":"https:\/\/bobvarela.com\/index.php?rest_route=\/wp\/v2\/users\/1"}],"replies":[{"embeddable":true,"href":"https:\/\/bobvarela.com\/index.php?rest_route=%2Fwp%2Fv2%2Fcomments&post=55341"}],"version-history":[{"count":1,"href":"https:\/\/bobvarela.com\/index.php?rest_route=\/wp\/v2\/posts\/55341\/revisions"}],"predecessor-version":[{"id":55342,"href":"https:\/\/bobvarela.com\/index.php?rest_route=\/wp\/v2\/posts\/55341\/revisions\/55342"}],"wp:attachment":[{"href":"https:\/\/bobvarela.com\/index.php?rest_route=%2Fwp%2Fv2%2Fmedia&parent=55341"}],"wp:term":[{"taxonomy":"category","embeddable":true,"href":"https:\/\/bobvarela.com\/index.php?rest_route=%2Fwp%2Fv2%2Fcategories&post=55341"},{"taxonomy":"post_tag","embeddable":true,"href":"https:\/\/bobvarela.com\/index.php?rest_route=%2Fwp%2Fv2%2Ftags&post=55341"}],"curies":[{"name":"wp","href":"https:\/\/api.w.org\/{rel}","templated":true}]}}