{"id":55665,"date":"2014-07-06T11:18:28","date_gmt":"2014-07-06T15:18:28","guid":{"rendered":"https:\/\/bobvarela.com\/?p=55665"},"modified":"2014-07-06T11:18:29","modified_gmt":"2014-07-06T15:18:29","slug":"txell-miras-primavera-verano-2015","status":"publish","type":"post","link":"https:\/\/bobvarela.com\/?p=55665","title":{"rendered":"Txell Miras Primavera Verano 2015"},"content":{"rendered":"<p align=\"center\"><a href=\"https:\/\/bobvarela.com\/wp-content\/uploads\/2014\/07\/Txell-Miras-SS-2015-675.jpg\"><img loading=\"lazy\" decoding=\"async\" title=\"080 Barcelona Spring-Summer 2015\" style=\"border-top: 0px; border-right: 0px; background-image: none; border-bottom: 0px; padding-top: 0px; padding-left: 0px; border-left: 0px; display: inline; padding-right: 0px\" border=\"0\" alt=\"080 Barcelona Spring-Summer 2015\" src=\"https:\/\/bobvarela.com\/wp-content\/uploads\/2014\/07\/Txell-Miras-SS-2015-675_thumb.jpg\" width=\"356\" height=\"212\" \/><\/a><\/p>\n<p align=\"justify\"><font size=\"3\">\u201cPresente\u201d, una colecci\u00f3n estructurada en dos bloques, que se diferencian y se complementan.<\/font><\/p>\n<p align=\"justify\"><font size=\"3\">Por un lado, tenemos una l\u00ednea basada en drapeados, en la que el cayente se convierte en el protagonista principal. En este bloque, las prendas surgen de un punto de algod\u00f3n muy fino, casi transparente, o de seda. De esta manera, obtenemos siluetas que transmiten comodidad y frescor.<\/font><\/p>\n<p align=\"justify\"><font size=\"3\">Por otro lado, hemos desarrollado una silueta mucho m\u00e1s r\u00edgida y estructurada, bas\u00e1ndonos en un esquema aparentemente generado por patrones id\u00e9nticos, que, a medida que se van repitiendo, generan peque\u00f1as modificaciones y aportan una evoluci\u00f3n casi mec\u00e1nica. Para conseguir estos resultados, hemos trabajado a partir de un punto plisado, que se combina con tejidos accoppiati, tipo neopreno.<\/font><\/p>\n<p align=\"justify\"><font size=\"3\">La carta de color de esta colecci\u00f3n se basa en el blanco, el negro, el color piedra y en un toque de grana.<\/font><\/p>\n<p align=\"justify\"><div class=\"flagallery photomania_skin\" id=\"FlaGallery_sc1_199\" ><style type=\"text\/css\" class=\"flagallery_skin_style_import\">#FlaGallery_sc1_199 .flagpm_preload {opacity:0;}#FlaGallery_sc1_199 .swiper-big-images img.flagpm_the_photo { max-height:100%; max-width:100%; display:inline; width:auto; height:auto !important; object-fit:unset; vertical-align:middle; border:none; }#FlaGallery_sc1_199 .flagpm_focus .swiper-big-images img.flagpm_the_photo { width:auto; height:auto; object-fit:unset; }#FlaGallery_sc1_199 .swiper-small-images img.flagpm_photo { max-width:none; max-height:none; }#FlaGallery_sc1_199 .swiper-small-images img.flagpm_photo.flagpm_photo_landscape { width:auto; height:100% !important; }#FlaGallery_sc1_199 .swiper-small-images img.flagpm_photo.flagpm_photo_portrait { width:100%; height:auto !important; }#FlaGallery_sc1_199 .flagpm_gallery_sources_list p { margin:7px 0; padding:0; font-size:inherit; }#FlaGallery_sc1_199 .flagpm_photo_details .flagpm_description_wrap a,#FlaGallery_sc1_199 .flagpm_big_button_wrap .flagpm_button.flagpm_like.flagpm_liked,#FlaGallery_sc1_199 .flagpm_big_button_wrap .flagpm_button.flagpm_like.flagpm_liked:hover {color:#0099e5;}#FlaGallery_sc1_199 .flagpm_photo_show .flagpm_big_button {background-color:#0099e5;}#FlaGallery_sc1_199 .swiper-small-images div.flagpm_photo.swiper-slide-active {border-color:#02adea;}#FlaGallery_sc1_199 .flagpm_photo_header .flagpm_name_wrap .flagpm_title_author a:hover,#FlaGallery_sc1_199 .flagpm_photo_details .flagpm_description_wrap a:hover {color:#02adea;}#FlaGallery_sc1_199 .flagpm_photo_show .flagpm_big_button:hover,#FlaGallery_sc1_199 .flagpm_focus_actions ul .flagpm_button.like.flagpm_liked {background-color:#02adea;}<\/style> <div class=\"flagpm_photo_show flagpm_w960 flagpm_w640 flagpm_w480 flagpm_preload\"> <div class=\"flagpm_photo_wrap has_prev_photo has_next_photo\"> <div class=\"swiper-container swiper-big-images\"> <div class=\"flagpm_photo_arrow_next flagpm_photo_arrow flagpm_next\"> <div title=\"Next\" class=\"flagpm_arrow\"><\/div> <\/div> <div class=\"flagpm_photo_arrow_previous flagpm_photo_arrow flagpm_prev\"> <div title=\"Previous\" class=\"flagpm_arrow\"><\/div> <\/div> <div class=\"swiper-wrapper\"><div class=\"swiper-slide\" data-hash=\"flagallery15970\" data-photo-id=\"15970\"><span class=\"flagpm_va\"><\/span><img decoding=\"async\" src=\"https:\/\/bobvarela.com\/wp-content\/flagallery\/txell-miras-primavera-verano-2015\/webview\/txell-miras-ss-2015-601.jpg\" data-src=\"https:\/\/bobvarela.com\/wp-content\/flagallery\/txell-miras-primavera-verano-2015\/webview\/txell-miras-ss-2015-601.jpg\" alt=\"080 Barcelona Spring-Summer 2015\" class=\"noLazy flagpm_the_photo swiper-lazy\"><div class=\"swiper-lazy-preloader swiper-lazy-preloader-black\"><\/div><\/div><div class=\"swiper-slide\" data-hash=\"flagallery15971\" data-photo-id=\"15971\"><span class=\"flagpm_va\"><\/span><img data-src=\"https:\/\/bobvarela.com\/wp-content\/flagallery\/txell-miras-primavera-verano-2015\/webview\/txell-miras-ss-2015-602.jpg\" alt=\"080 Barcelona Spring-Summer 2015\" class=\"noLazy flagpm_the_photo swiper-lazy\"><div class=\"swiper-lazy-preloader swiper-lazy-preloader-black\"><\/div><\/div><div class=\"swiper-slide\" data-hash=\"flagallery15972\" data-photo-id=\"15972\"><span class=\"flagpm_va\"><\/span><img data-src=\"https:\/\/bobvarela.com\/wp-content\/flagallery\/txell-miras-primavera-verano-2015\/webview\/txell-miras-ss-2015-603.jpg\" alt=\"080 Barcelona Spring-Summer 2015\" class=\"noLazy flagpm_the_photo swiper-lazy\"><div class=\"swiper-lazy-preloader swiper-lazy-preloader-black\"><\/div><\/div><div class=\"swiper-slide\" data-hash=\"flagallery15973\" data-photo-id=\"15973\"><span class=\"flagpm_va\"><\/span><img data-src=\"https:\/\/bobvarela.com\/wp-content\/flagallery\/txell-miras-primavera-verano-2015\/webview\/txell-miras-ss-2015-604.jpg\" alt=\"080 Barcelona Spring-Summer 2015\" class=\"noLazy flagpm_the_photo swiper-lazy\"><div class=\"swiper-lazy-preloader swiper-lazy-preloader-black\"><\/div><\/div><div class=\"swiper-slide\" data-hash=\"flagallery15974\" data-photo-id=\"15974\"><span class=\"flagpm_va\"><\/span><img data-src=\"https:\/\/bobvarela.com\/wp-content\/flagallery\/txell-miras-primavera-verano-2015\/webview\/txell-miras-ss-2015-605.jpg\" alt=\"080 Barcelona Spring-Summer 2015\" class=\"noLazy flagpm_the_photo swiper-lazy\"><div class=\"swiper-lazy-preloader swiper-lazy-preloader-black\"><\/div><\/div><div class=\"swiper-slide\" data-hash=\"flagallery15975\" data-photo-id=\"15975\"><span class=\"flagpm_va\"><\/span><img data-src=\"https:\/\/bobvarela.com\/wp-content\/flagallery\/txell-miras-primavera-verano-2015\/webview\/txell-miras-ss-2015-606.jpg\" alt=\"080 Barcelona Spring-Summer 2015\" class=\"noLazy flagpm_the_photo swiper-lazy\"><div class=\"swiper-lazy-preloader swiper-lazy-preloader-black\"><\/div><\/div><div class=\"swiper-slide\" data-hash=\"flagallery15976\" data-photo-id=\"15976\"><span class=\"flagpm_va\"><\/span><img data-src=\"https:\/\/bobvarela.com\/wp-content\/flagallery\/txell-miras-primavera-verano-2015\/webview\/txell-miras-ss-2015-607.jpg\" alt=\"080 Barcelona Spring-Summer 2015\" class=\"noLazy flagpm_the_photo swiper-lazy\"><div class=\"swiper-lazy-preloader swiper-lazy-preloader-black\"><\/div><\/div><div class=\"swiper-slide\" data-hash=\"flagallery15977\" data-photo-id=\"15977\"><span class=\"flagpm_va\"><\/span><img data-src=\"https:\/\/bobvarela.com\/wp-content\/flagallery\/txell-miras-primavera-verano-2015\/webview\/txell-miras-ss-2015-608.jpg\" alt=\"080 Barcelona Spring-Summer 2015\" class=\"noLazy flagpm_the_photo swiper-lazy\"><div class=\"swiper-lazy-preloader swiper-lazy-preloader-black\"><\/div><\/div><div class=\"swiper-slide\" data-hash=\"flagallery15978\" data-photo-id=\"15978\"><span class=\"flagpm_va\"><\/span><img data-src=\"https:\/\/bobvarela.com\/wp-content\/flagallery\/txell-miras-primavera-verano-2015\/webview\/txell-miras-ss-2015-609.jpg\" alt=\"080 Barcelona Spring-Summer 2015\" class=\"noLazy flagpm_the_photo swiper-lazy\"><div class=\"swiper-lazy-preloader swiper-lazy-preloader-black\"><\/div><\/div><div class=\"swiper-slide\" data-hash=\"flagallery15979\" data-photo-id=\"15979\"><span class=\"flagpm_va\"><\/span><img data-src=\"https:\/\/bobvarela.com\/wp-content\/flagallery\/txell-miras-primavera-verano-2015\/webview\/txell-miras-ss-2015-610.jpg\" alt=\"080 Barcelona Spring-Summer 2015\" class=\"noLazy flagpm_the_photo swiper-lazy\"><div class=\"swiper-lazy-preloader swiper-lazy-preloader-black\"><\/div><\/div><div class=\"swiper-slide\" data-hash=\"flagallery15980\" data-photo-id=\"15980\"><span class=\"flagpm_va\"><\/span><img data-src=\"https:\/\/bobvarela.com\/wp-content\/flagallery\/txell-miras-primavera-verano-2015\/webview\/txell-miras-ss-2015-611.jpg\" alt=\"080 Barcelona Spring-Summer 2015\" class=\"noLazy flagpm_the_photo swiper-lazy\"><div class=\"swiper-lazy-preloader swiper-lazy-preloader-black\"><\/div><\/div><div class=\"swiper-slide\" data-hash=\"flagallery15981\" data-photo-id=\"15981\"><span class=\"flagpm_va\"><\/span><img data-src=\"https:\/\/bobvarela.com\/wp-content\/flagallery\/txell-miras-primavera-verano-2015\/webview\/txell-miras-ss-2015-612.jpg\" alt=\"080 Barcelona Spring-Summer 2015\" class=\"noLazy flagpm_the_photo swiper-lazy\"><div class=\"swiper-lazy-preloader swiper-lazy-preloader-black\"><\/div><\/div><div class=\"swiper-slide\" data-hash=\"flagallery15982\" data-photo-id=\"15982\"><span class=\"flagpm_va\"><\/span><img data-src=\"https:\/\/bobvarela.com\/wp-content\/flagallery\/txell-miras-primavera-verano-2015\/webview\/txell-miras-ss-2015-613.jpg\" alt=\"080 Barcelona Spring-Summer 2015\" class=\"noLazy flagpm_the_photo swiper-lazy\"><div class=\"swiper-lazy-preloader swiper-lazy-preloader-black\"><\/div><\/div><div class=\"swiper-slide\" data-hash=\"flagallery15983\" data-photo-id=\"15983\"><span class=\"flagpm_va\"><\/span><img data-src=\"https:\/\/bobvarela.com\/wp-content\/flagallery\/txell-miras-primavera-verano-2015\/webview\/txell-miras-ss-2015-614.jpg\" alt=\"080 Barcelona Spring-Summer 2015\" class=\"noLazy flagpm_the_photo swiper-lazy\"><div class=\"swiper-lazy-preloader swiper-lazy-preloader-black\"><\/div><\/div><div class=\"swiper-slide\" data-hash=\"flagallery15984\" data-photo-id=\"15984\"><span class=\"flagpm_va\"><\/span><img data-src=\"https:\/\/bobvarela.com\/wp-content\/flagallery\/txell-miras-primavera-verano-2015\/webview\/txell-miras-ss-2015-615.jpg\" alt=\"080 Barcelona Spring-Summer 2015\" class=\"noLazy flagpm_the_photo swiper-lazy\"><div class=\"swiper-lazy-preloader swiper-lazy-preloader-black\"><\/div><\/div><div class=\"swiper-slide\" data-hash=\"flagallery15985\" data-photo-id=\"15985\"><span class=\"flagpm_va\"><\/span><img data-src=\"https:\/\/bobvarela.com\/wp-content\/flagallery\/txell-miras-primavera-verano-2015\/webview\/txell-miras-ss-2015-616.jpg\" alt=\"080 Barcelona Spring-Summer 2015\" class=\"noLazy flagpm_the_photo swiper-lazy\"><div class=\"swiper-lazy-preloader swiper-lazy-preloader-black\"><\/div><\/div><div class=\"swiper-slide\" data-hash=\"flagallery15986\" data-photo-id=\"15986\"><span class=\"flagpm_va\"><\/span><img data-src=\"https:\/\/bobvarela.com\/wp-content\/flagallery\/txell-miras-primavera-verano-2015\/webview\/txell-miras-ss-2015-617.jpg\" alt=\"080 Barcelona Spring-Summer 2015\" class=\"noLazy flagpm_the_photo swiper-lazy\"><div class=\"swiper-lazy-preloader swiper-lazy-preloader-black\"><\/div><\/div><div class=\"swiper-slide\" data-hash=\"flagallery15987\" data-photo-id=\"15987\"><span class=\"flagpm_va\"><\/span><img data-src=\"https:\/\/bobvarela.com\/wp-content\/flagallery\/txell-miras-primavera-verano-2015\/webview\/txell-miras-ss-2015-618.jpg\" alt=\"080 Barcelona Spring-Summer 2015\" class=\"noLazy flagpm_the_photo swiper-lazy\"><div class=\"swiper-lazy-preloader swiper-lazy-preloader-black\"><\/div><\/div><div class=\"swiper-slide\" data-hash=\"flagallery15988\" data-photo-id=\"15988\"><span class=\"flagpm_va\"><\/span><img data-src=\"https:\/\/bobvarela.com\/wp-content\/flagallery\/txell-miras-primavera-verano-2015\/webview\/txell-miras-ss-2015-619.jpg\" alt=\"080 Barcelona Spring-Summer 2015\" class=\"noLazy flagpm_the_photo swiper-lazy\"><div class=\"swiper-lazy-preloader swiper-lazy-preloader-black\"><\/div><\/div><div class=\"swiper-slide\" data-hash=\"flagallery15989\" data-photo-id=\"15989\"><span class=\"flagpm_va\"><\/span><img data-src=\"https:\/\/bobvarela.com\/wp-content\/flagallery\/txell-miras-primavera-verano-2015\/webview\/txell-miras-ss-2015-620.jpg\" alt=\"080 Barcelona Spring-Summer 2015\" class=\"noLazy flagpm_the_photo swiper-lazy\"><div class=\"swiper-lazy-preloader swiper-lazy-preloader-black\"><\/div><\/div><div class=\"swiper-slide\" data-hash=\"flagallery15990\" data-photo-id=\"15990\"><span class=\"flagpm_va\"><\/span><img data-src=\"https:\/\/bobvarela.com\/wp-content\/flagallery\/txell-miras-primavera-verano-2015\/webview\/txell-miras-ss-2015-621.jpg\" alt=\"080 Barcelona Spring-Summer 2015\" class=\"noLazy flagpm_the_photo swiper-lazy\"><div class=\"swiper-lazy-preloader swiper-lazy-preloader-black\"><\/div><\/div><div class=\"swiper-slide\" data-hash=\"flagallery15991\" data-photo-id=\"15991\"><span class=\"flagpm_va\"><\/span><img data-src=\"https:\/\/bobvarela.com\/wp-content\/flagallery\/txell-miras-primavera-verano-2015\/webview\/txell-miras-ss-2015-622.jpg\" alt=\"080 Barcelona Spring-Summer 2015\" class=\"noLazy flagpm_the_photo swiper-lazy\"><div class=\"swiper-lazy-preloader swiper-lazy-preloader-black\"><\/div><\/div><div class=\"swiper-slide\" data-hash=\"flagallery15992\" data-photo-id=\"15992\"><span class=\"flagpm_va\"><\/span><img data-src=\"https:\/\/bobvarela.com\/wp-content\/flagallery\/txell-miras-primavera-verano-2015\/webview\/txell-miras-ss-2015-623.jpg\" alt=\"080 Barcelona Spring-Summer 2015\" class=\"noLazy flagpm_the_photo swiper-lazy\"><div class=\"swiper-lazy-preloader swiper-lazy-preloader-black\"><\/div><\/div><div class=\"swiper-slide\" data-hash=\"flagallery15993\" data-photo-id=\"15993\"><span class=\"flagpm_va\"><\/span><img data-src=\"https:\/\/bobvarela.com\/wp-content\/flagallery\/txell-miras-primavera-verano-2015\/webview\/txell-miras-ss-2015-624.jpg\" alt=\"080 Barcelona Spring-Summer 2015\" class=\"noLazy flagpm_the_photo swiper-lazy\"><div class=\"swiper-lazy-preloader swiper-lazy-preloader-black\"><\/div><\/div><div class=\"swiper-slide\" data-hash=\"flagallery15994\" data-photo-id=\"15994\"><span class=\"flagpm_va\"><\/span><img data-src=\"https:\/\/bobvarela.com\/wp-content\/flagallery\/txell-miras-primavera-verano-2015\/webview\/txell-miras-ss-2015-625.jpg\" alt=\"080 Barcelona Spring-Summer 2015\" class=\"noLazy flagpm_the_photo swiper-lazy\"><div class=\"swiper-lazy-preloader swiper-lazy-preloader-black\"><\/div><\/div><div class=\"swiper-slide\" data-hash=\"flagallery15995\" data-photo-id=\"15995\"><span class=\"flagpm_va\"><\/span><img data-src=\"https:\/\/bobvarela.com\/wp-content\/flagallery\/txell-miras-primavera-verano-2015\/webview\/txell-miras-ss-2015-626.jpg\" alt=\"080 Barcelona Spring-Summer 2015\" class=\"noLazy flagpm_the_photo swiper-lazy\"><div class=\"swiper-lazy-preloader swiper-lazy-preloader-black\"><\/div><\/div><div class=\"swiper-slide\" data-hash=\"flagallery15996\" data-photo-id=\"15996\"><span class=\"flagpm_va\"><\/span><img data-src=\"https:\/\/bobvarela.com\/wp-content\/flagallery\/txell-miras-primavera-verano-2015\/webview\/txell-miras-ss-2015-627.jpg\" alt=\"080 Barcelona Spring-Summer 2015\" class=\"noLazy flagpm_the_photo swiper-lazy\"><div class=\"swiper-lazy-preloader swiper-lazy-preloader-black\"><\/div><\/div><div class=\"swiper-slide\" data-hash=\"flagallery15997\" data-photo-id=\"15997\"><span class=\"flagpm_va\"><\/span><img data-src=\"https:\/\/bobvarela.com\/wp-content\/flagallery\/txell-miras-primavera-verano-2015\/webview\/txell-miras-ss-2015-628.jpg\" alt=\"080 Barcelona Spring-Summer 2015\" class=\"noLazy flagpm_the_photo swiper-lazy\"><div class=\"swiper-lazy-preloader swiper-lazy-preloader-black\"><\/div><\/div><div class=\"swiper-slide\" data-hash=\"flagallery15998\" data-photo-id=\"15998\"><span class=\"flagpm_va\"><\/span><img data-src=\"https:\/\/bobvarela.com\/wp-content\/flagallery\/txell-miras-primavera-verano-2015\/webview\/txell-miras-ss-2015-629.jpg\" alt=\"080 Barcelona Spring-Summer 2015\" class=\"noLazy flagpm_the_photo swiper-lazy\"><div class=\"swiper-lazy-preloader swiper-lazy-preloader-black\"><\/div><\/div><div class=\"swiper-slide\" data-hash=\"flagallery15999\" data-photo-id=\"15999\"><span class=\"flagpm_va\"><\/span><img data-src=\"https:\/\/bobvarela.com\/wp-content\/flagallery\/txell-miras-primavera-verano-2015\/webview\/txell-miras-ss-2015-630.jpg\" alt=\"080 Barcelona Spring-Summer 2015\" class=\"noLazy flagpm_the_photo swiper-lazy\"><div class=\"swiper-lazy-preloader swiper-lazy-preloader-black\"><\/div><\/div><div class=\"swiper-slide\" data-hash=\"flagallery16000\" data-photo-id=\"16000\"><span class=\"flagpm_va\"><\/span><img data-src=\"https:\/\/bobvarela.com\/wp-content\/flagallery\/txell-miras-primavera-verano-2015\/webview\/txell-miras-ss-2015-631.jpg\" alt=\"080 Barcelona Spring-Summer 2015\" class=\"noLazy flagpm_the_photo swiper-lazy\"><div class=\"swiper-lazy-preloader swiper-lazy-preloader-black\"><\/div><\/div><div class=\"swiper-slide\" data-hash=\"flagallery16001\" data-photo-id=\"16001\"><span class=\"flagpm_va\"><\/span><img data-src=\"https:\/\/bobvarela.com\/wp-content\/flagallery\/txell-miras-primavera-verano-2015\/webview\/txell-miras-ss-2015-632.jpg\" alt=\"080 Barcelona Spring-Summer 2015\" class=\"noLazy flagpm_the_photo swiper-lazy\"><div class=\"swiper-lazy-preloader swiper-lazy-preloader-black\"><\/div><\/div><div class=\"swiper-slide\" data-hash=\"flagallery16002\" data-photo-id=\"16002\"><span class=\"flagpm_va\"><\/span><img data-src=\"https:\/\/bobvarela.com\/wp-content\/flagallery\/txell-miras-primavera-verano-2015\/webview\/txell-miras-ss-2015-633.jpg\" alt=\"080 Barcelona Spring-Summer 2015\" class=\"noLazy flagpm_the_photo swiper-lazy\"><div class=\"swiper-lazy-preloader swiper-lazy-preloader-black\"><\/div><\/div><div class=\"swiper-slide\" data-hash=\"flagallery16003\" data-photo-id=\"16003\"><span class=\"flagpm_va\"><\/span><img data-src=\"https:\/\/bobvarela.com\/wp-content\/flagallery\/txell-miras-primavera-verano-2015\/webview\/txell-miras-ss-2015-634.jpg\" alt=\"080 Barcelona Spring-Summer 2015\" class=\"noLazy flagpm_the_photo swiper-lazy\"><div class=\"swiper-lazy-preloader swiper-lazy-preloader-black\"><\/div><\/div><div class=\"swiper-slide\" data-hash=\"flagallery16004\" data-photo-id=\"16004\"><span class=\"flagpm_va\"><\/span><img data-src=\"https:\/\/bobvarela.com\/wp-content\/flagallery\/txell-miras-primavera-verano-2015\/webview\/txell-miras-ss-2015-635.jpg\" alt=\"080 Barcelona Spring-Summer 2015\" class=\"noLazy flagpm_the_photo swiper-lazy\"><div class=\"swiper-lazy-preloader swiper-lazy-preloader-black\"><\/div><\/div><div class=\"swiper-slide\" data-hash=\"flagallery16005\" data-photo-id=\"16005\"><span class=\"flagpm_va\"><\/span><img data-src=\"https:\/\/bobvarela.com\/wp-content\/flagallery\/txell-miras-primavera-verano-2015\/webview\/txell-miras-ss-2015-636.jpg\" alt=\"080 Barcelona Spring-Summer 2015\" class=\"noLazy flagpm_the_photo swiper-lazy\"><div class=\"swiper-lazy-preloader swiper-lazy-preloader-black\"><\/div><\/div><div class=\"swiper-slide\" data-hash=\"flagallery16006\" data-photo-id=\"16006\"><span class=\"flagpm_va\"><\/span><img data-src=\"https:\/\/bobvarela.com\/wp-content\/flagallery\/txell-miras-primavera-verano-2015\/webview\/txell-miras-ss-2015-637.jpg\" alt=\"080 Barcelona Spring-Summer 2015\" class=\"noLazy flagpm_the_photo swiper-lazy\"><div class=\"swiper-lazy-preloader swiper-lazy-preloader-black\"><\/div><\/div><div class=\"swiper-slide\" data-hash=\"flagallery16007\" data-photo-id=\"16007\"><span class=\"flagpm_va\"><\/span><img data-src=\"https:\/\/bobvarela.com\/wp-content\/flagallery\/txell-miras-primavera-verano-2015\/webview\/txell-miras-ss-2015-638.jpg\" alt=\"080 Barcelona Spring-Summer 2015\" class=\"noLazy flagpm_the_photo swiper-lazy\"><div class=\"swiper-lazy-preloader swiper-lazy-preloader-black\"><\/div><\/div><div class=\"swiper-slide\" data-hash=\"flagallery16008\" data-photo-id=\"16008\"><span class=\"flagpm_va\"><\/span><img data-src=\"https:\/\/bobvarela.com\/wp-content\/flagallery\/txell-miras-primavera-verano-2015\/webview\/txell-miras-ss-2015-639.jpg\" alt=\"080 Barcelona Spring-Summer 2015\" class=\"noLazy flagpm_the_photo swiper-lazy\"><div class=\"swiper-lazy-preloader swiper-lazy-preloader-black\"><\/div><\/div><div class=\"swiper-slide\" data-hash=\"flagallery16009\" data-photo-id=\"16009\"><span class=\"flagpm_va\"><\/span><img data-src=\"https:\/\/bobvarela.com\/wp-content\/flagallery\/txell-miras-primavera-verano-2015\/webview\/txell-miras-ss-2015-640.jpg\" alt=\"080 Barcelona Spring-Summer 2015\" class=\"noLazy flagpm_the_photo swiper-lazy\"><div class=\"swiper-lazy-preloader swiper-lazy-preloader-black\"><\/div><\/div><div class=\"swiper-slide\" data-hash=\"flagallery16010\" data-photo-id=\"16010\"><span class=\"flagpm_va\"><\/span><img data-src=\"https:\/\/bobvarela.com\/wp-content\/flagallery\/txell-miras-primavera-verano-2015\/webview\/txell-miras-ss-2015-641.jpg\" alt=\"080 Barcelona Spring-Summer 2015\" class=\"noLazy flagpm_the_photo swiper-lazy\"><div class=\"swiper-lazy-preloader swiper-lazy-preloader-black\"><\/div><\/div><div class=\"swiper-slide\" data-hash=\"flagallery16011\" data-photo-id=\"16011\"><span class=\"flagpm_va\"><\/span><img data-src=\"https:\/\/bobvarela.com\/wp-content\/flagallery\/txell-miras-primavera-verano-2015\/webview\/txell-miras-ss-2015-642.jpg\" alt=\"080 Barcelona Spring-Summer 2015\" class=\"noLazy flagpm_the_photo swiper-lazy\"><div class=\"swiper-lazy-preloader swiper-lazy-preloader-black\"><\/div><\/div><div class=\"swiper-slide\" data-hash=\"flagallery16012\" data-photo-id=\"16012\"><span class=\"flagpm_va\"><\/span><img data-src=\"https:\/\/bobvarela.com\/wp-content\/flagallery\/txell-miras-primavera-verano-2015\/webview\/txell-miras-ss-2015-643.jpg\" alt=\"080 Barcelona Spring-Summer 2015\" class=\"noLazy flagpm_the_photo swiper-lazy\"><div class=\"swiper-lazy-preloader swiper-lazy-preloader-black\"><\/div><\/div><div class=\"swiper-slide\" data-hash=\"flagallery16013\" data-photo-id=\"16013\"><span class=\"flagpm_va\"><\/span><img data-src=\"https:\/\/bobvarela.com\/wp-content\/flagallery\/txell-miras-primavera-verano-2015\/webview\/txell-miras-ss-2015-644.jpg\" alt=\"080 Barcelona Spring-Summer 2015\" class=\"noLazy flagpm_the_photo swiper-lazy\"><div class=\"swiper-lazy-preloader swiper-lazy-preloader-black\"><\/div><\/div><div class=\"swiper-slide\" data-hash=\"flagallery16014\" data-photo-id=\"16014\"><span class=\"flagpm_va\"><\/span><img data-src=\"https:\/\/bobvarela.com\/wp-content\/flagallery\/txell-miras-primavera-verano-2015\/webview\/txell-miras-ss-2015-645.jpg\" alt=\"080 Barcelona Spring-Summer 2015\" class=\"noLazy flagpm_the_photo swiper-lazy\"><div class=\"swiper-lazy-preloader swiper-lazy-preloader-black\"><\/div><\/div><div class=\"swiper-slide\" data-hash=\"flagallery16015\" data-photo-id=\"16015\"><span class=\"flagpm_va\"><\/span><img data-src=\"https:\/\/bobvarela.com\/wp-content\/flagallery\/txell-miras-primavera-verano-2015\/webview\/txell-miras-ss-2015-646.jpg\" alt=\"080 Barcelona Spring-Summer 2015\" class=\"noLazy flagpm_the_photo swiper-lazy\"><div class=\"swiper-lazy-preloader swiper-lazy-preloader-black\"><\/div><\/div><div class=\"swiper-slide\" data-hash=\"flagallery16016\" data-photo-id=\"16016\"><span class=\"flagpm_va\"><\/span><img data-src=\"https:\/\/bobvarela.com\/wp-content\/flagallery\/txell-miras-primavera-verano-2015\/webview\/txell-miras-ss-2015-647.jpg\" alt=\"080 Barcelona Spring-Summer 2015\" class=\"noLazy flagpm_the_photo swiper-lazy\"><div class=\"swiper-lazy-preloader swiper-lazy-preloader-black\"><\/div><\/div><div class=\"swiper-slide\" data-hash=\"flagallery16017\" data-photo-id=\"16017\"><span class=\"flagpm_va\"><\/span><img data-src=\"https:\/\/bobvarela.com\/wp-content\/flagallery\/txell-miras-primavera-verano-2015\/webview\/txell-miras-ss-2015-648.jpg\" alt=\"080 Barcelona Spring-Summer 2015\" class=\"noLazy flagpm_the_photo swiper-lazy\"><div class=\"swiper-lazy-preloader swiper-lazy-preloader-black\"><\/div><\/div><div class=\"swiper-slide\" data-hash=\"flagallery16018\" data-photo-id=\"16018\"><span class=\"flagpm_va\"><\/span><img data-src=\"https:\/\/bobvarela.com\/wp-content\/flagallery\/txell-miras-primavera-verano-2015\/webview\/txell-miras-ss-2015-649.jpg\" alt=\"080 Barcelona Spring-Summer 2015\" class=\"noLazy flagpm_the_photo swiper-lazy\"><div class=\"swiper-lazy-preloader swiper-lazy-preloader-black\"><\/div><\/div><div class=\"swiper-slide\" data-hash=\"flagallery16019\" data-photo-id=\"16019\"><span class=\"flagpm_va\"><\/span><img data-src=\"https:\/\/bobvarela.com\/wp-content\/flagallery\/txell-miras-primavera-verano-2015\/webview\/txell-miras-ss-2015-650.jpg\" alt=\"080 Barcelona Spring-Summer 2015\" class=\"noLazy flagpm_the_photo swiper-lazy\"><div class=\"swiper-lazy-preloader swiper-lazy-preloader-black\"><\/div><\/div><div class=\"swiper-slide\" data-hash=\"flagallery16020\" data-photo-id=\"16020\"><span class=\"flagpm_va\"><\/span><img data-src=\"https:\/\/bobvarela.com\/wp-content\/flagallery\/txell-miras-primavera-verano-2015\/webview\/txell-miras-ss-2015-651.jpg\" alt=\"080 Barcelona Spring-Summer 2015\" class=\"noLazy flagpm_the_photo swiper-lazy\"><div class=\"swiper-lazy-preloader swiper-lazy-preloader-black\"><\/div><\/div><div class=\"swiper-slide\" data-hash=\"flagallery16021\" data-photo-id=\"16021\"><span class=\"flagpm_va\"><\/span><img data-src=\"https:\/\/bobvarela.com\/wp-content\/flagallery\/txell-miras-primavera-verano-2015\/webview\/txell-miras-ss-2015-652.jpg\" alt=\"080 Barcelona Spring-Summer 2015\" class=\"noLazy flagpm_the_photo swiper-lazy\"><div class=\"swiper-lazy-preloader swiper-lazy-preloader-black\"><\/div><\/div><div class=\"swiper-slide\" data-hash=\"flagallery16022\" data-photo-id=\"16022\"><span class=\"flagpm_va\"><\/span><img data-src=\"https:\/\/bobvarela.com\/wp-content\/flagallery\/txell-miras-primavera-verano-2015\/webview\/txell-miras-ss-2015-653.jpg\" alt=\"080 Barcelona Spring-Summer 2015\" class=\"noLazy flagpm_the_photo swiper-lazy\"><div class=\"swiper-lazy-preloader swiper-lazy-preloader-black\"><\/div><\/div><div class=\"swiper-slide\" data-hash=\"flagallery16023\" data-photo-id=\"16023\"><span class=\"flagpm_va\"><\/span><img data-src=\"https:\/\/bobvarela.com\/wp-content\/flagallery\/txell-miras-primavera-verano-2015\/webview\/txell-miras-ss-2015-654.jpg\" alt=\"080 Barcelona Spring-Summer 2015\" class=\"noLazy flagpm_the_photo swiper-lazy\"><div class=\"swiper-lazy-preloader swiper-lazy-preloader-black\"><\/div><\/div><div class=\"swiper-slide\" data-hash=\"flagallery16024\" data-photo-id=\"16024\"><span class=\"flagpm_va\"><\/span><img data-src=\"https:\/\/bobvarela.com\/wp-content\/flagallery\/txell-miras-primavera-verano-2015\/webview\/txell-miras-ss-2015-655.jpg\" alt=\"080 Barcelona Spring-Summer 2015\" class=\"noLazy flagpm_the_photo swiper-lazy\"><div class=\"swiper-lazy-preloader swiper-lazy-preloader-black\"><\/div><\/div><div class=\"swiper-slide\" data-hash=\"flagallery16025\" data-photo-id=\"16025\"><span class=\"flagpm_va\"><\/span><img data-src=\"https:\/\/bobvarela.com\/wp-content\/flagallery\/txell-miras-primavera-verano-2015\/webview\/txell-miras-ss-2015-656.jpg\" alt=\"080 Barcelona Spring-Summer 2015\" class=\"noLazy flagpm_the_photo swiper-lazy\"><div class=\"swiper-lazy-preloader swiper-lazy-preloader-black\"><\/div><\/div><div class=\"swiper-slide\" data-hash=\"flagallery16026\" data-photo-id=\"16026\"><span class=\"flagpm_va\"><\/span><img data-src=\"https:\/\/bobvarela.com\/wp-content\/flagallery\/txell-miras-primavera-verano-2015\/webview\/txell-miras-ss-2015-657.jpg\" alt=\"080 Barcelona Spring-Summer 2015\" class=\"noLazy flagpm_the_photo swiper-lazy\"><div class=\"swiper-lazy-preloader swiper-lazy-preloader-black\"><\/div><\/div><div class=\"swiper-slide\" data-hash=\"flagallery16027\" data-photo-id=\"16027\"><span class=\"flagpm_va\"><\/span><img data-src=\"https:\/\/bobvarela.com\/wp-content\/flagallery\/txell-miras-primavera-verano-2015\/webview\/txell-miras-ss-2015-658.jpg\" alt=\"080 Barcelona Spring-Summer 2015\" class=\"noLazy flagpm_the_photo swiper-lazy\"><div class=\"swiper-lazy-preloader swiper-lazy-preloader-black\"><\/div><\/div><div class=\"swiper-slide\" data-hash=\"flagallery16028\" data-photo-id=\"16028\"><span class=\"flagpm_va\"><\/span><img data-src=\"https:\/\/bobvarela.com\/wp-content\/flagallery\/txell-miras-primavera-verano-2015\/webview\/txell-miras-ss-2015-659.jpg\" alt=\"080 Barcelona Spring-Summer 2015\" class=\"noLazy flagpm_the_photo swiper-lazy\"><div class=\"swiper-lazy-preloader swiper-lazy-preloader-black\"><\/div><\/div><div class=\"swiper-slide\" data-hash=\"flagallery16029\" data-photo-id=\"16029\"><span class=\"flagpm_va\"><\/span><img data-src=\"https:\/\/bobvarela.com\/wp-content\/flagallery\/txell-miras-primavera-verano-2015\/webview\/txell-miras-ss-2015-660.jpg\" alt=\"080 Barcelona Spring-Summer 2015\" class=\"noLazy flagpm_the_photo swiper-lazy\"><div class=\"swiper-lazy-preloader swiper-lazy-preloader-black\"><\/div><\/div> <\/div> <\/div> <\/div> <div class=\"flagpm_photo_header\"> <div class=\"flagpm_wrapper flagpm_clearfix\"> <div class=\"flagpm_focus_actions\"> <ul class=\"flagpm_focus_share\"> <li style=\"list-style:none;\" class=\"flagpm_share_wrapper\"> <a class=\"flagpm_button flagpm_share\">Share<\/a> <ul class=\"flagpm_sharelizers flagpm_clearfix\"> <li style=\"list-style:none;\"><a class=\"flagpm_button flagpm_facebook flagpm_sharelizer\">Facebook<\/a><\/li> <li style=\"list-style:none;\"><a class=\"flagpm_button flagpm_twitter flagpm_sharelizer\">Twitter<\/a><\/li> <li style=\"list-style:none;\"><a class=\"flagpm_button flagpm_pinterest flagpm_sharelizer\">Pinterest<\/a><\/li> <li style=\"list-style:none;\"><a class=\"flagpm_button flagpm_stumbleupon flagpm_sharelizer\">StumbleUpon<\/a><\/li> <\/ul> <\/li> <\/ul> <ul class=\"flagpm_focus_like_fave flagpm_clearfix\"> <li style=\"list-style:none;\"><a class=\"flagpm_button flagpm_like\">Like<\/a><\/li> <\/ul> <ul class=\"flagpm_focus_arrows flagpm_clearfix\"> <li style=\"list-style:none;\"><a class=\"flagpm_button flagpm_photo_arrow_previous flagpm_prev\">Previous<\/a><\/li> <li style=\"list-style:none;\"><a class=\"flagpm_button flagpm_photo_arrow_next flagpm_next\">Next<\/a><\/li> <\/ul> <\/div> <div class=\"flagpm_name_wrap flagpm_clearfix flagpm_no_avatar\"> <div class=\"flagpm_title_author\"> <div class=\"flagpm_title\">080 Barcelona Spring-Summer 2015<\/div> <\/div> <\/div> <div class=\"flagpm_actions flagpm_clearfix\"> <div class=\"flagpm_carousel flagpm_has_previous flagpm_has_next\"> <div class=\"flagpm_previous_button\"><\/div> <div class=\"flagpm_photo_carousel\"> <div class=\"swiper-container swiper-small-images\"> <div class=\"swiper-wrapper\"><div class=\"swiper-slide flagpm_photo\" data-photo-id=\"15970\"><img decoding=\"async\" src=\"https:\/\/bobvarela.com\/wp-content\/flagallery\/txell-miras-primavera-verano-2015\/thumbs\/thumbs_txell-miras-ss-2015-601.jpg\" data-src=\"https:\/\/bobvarela.com\/wp-content\/flagallery\/txell-miras-primavera-verano-2015\/thumbs\/thumbs_txell-miras-ss-2015-601.jpg\" alt=\"080 Barcelona Spring-Summer 2015\" class=\"noLazy flagpm_photo swiper-lazy flagpm_photo_portrait\"><span class=\"swiper-lazy-preloader swiper-lazy-preloader-black\"><\/span><\/div><div class=\"swiper-slide flagpm_photo\" data-photo-id=\"15971\"><img data-src=\"https:\/\/bobvarela.com\/wp-content\/flagallery\/txell-miras-primavera-verano-2015\/thumbs\/thumbs_txell-miras-ss-2015-602.jpg\" alt=\"080 Barcelona Spring-Summer 2015\" class=\"noLazy flagpm_photo swiper-lazy flagpm_photo_portrait\"><span class=\"swiper-lazy-preloader swiper-lazy-preloader-black\"><\/span><\/div><div class=\"swiper-slide flagpm_photo\" data-photo-id=\"15972\"><img data-src=\"https:\/\/bobvarela.com\/wp-content\/flagallery\/txell-miras-primavera-verano-2015\/thumbs\/thumbs_txell-miras-ss-2015-603.jpg\" alt=\"080 Barcelona Spring-Summer 2015\" class=\"noLazy flagpm_photo swiper-lazy flagpm_photo_portrait\"><span class=\"swiper-lazy-preloader swiper-lazy-preloader-black\"><\/span><\/div><div class=\"swiper-slide flagpm_photo\" data-photo-id=\"15973\"><img data-src=\"https:\/\/bobvarela.com\/wp-content\/flagallery\/txell-miras-primavera-verano-2015\/thumbs\/thumbs_txell-miras-ss-2015-604.jpg\" alt=\"080 Barcelona Spring-Summer 2015\" class=\"noLazy flagpm_photo swiper-lazy flagpm_photo_portrait\"><span class=\"swiper-lazy-preloader swiper-lazy-preloader-black\"><\/span><\/div><div class=\"swiper-slide flagpm_photo\" data-photo-id=\"15974\"><img data-src=\"https:\/\/bobvarela.com\/wp-content\/flagallery\/txell-miras-primavera-verano-2015\/thumbs\/thumbs_txell-miras-ss-2015-605.jpg\" alt=\"080 Barcelona Spring-Summer 2015\" class=\"noLazy flagpm_photo swiper-lazy flagpm_photo_portrait\"><span class=\"swiper-lazy-preloader swiper-lazy-preloader-black\"><\/span><\/div><div class=\"swiper-slide flagpm_photo\" data-photo-id=\"15975\"><img data-src=\"https:\/\/bobvarela.com\/wp-content\/flagallery\/txell-miras-primavera-verano-2015\/thumbs\/thumbs_txell-miras-ss-2015-606.jpg\" alt=\"080 Barcelona Spring-Summer 2015\" class=\"noLazy flagpm_photo swiper-lazy flagpm_photo_portrait\"><span class=\"swiper-lazy-preloader swiper-lazy-preloader-black\"><\/span><\/div><div class=\"swiper-slide flagpm_photo\" data-photo-id=\"15976\"><img data-src=\"https:\/\/bobvarela.com\/wp-content\/flagallery\/txell-miras-primavera-verano-2015\/thumbs\/thumbs_txell-miras-ss-2015-607.jpg\" alt=\"080 Barcelona Spring-Summer 2015\" class=\"noLazy flagpm_photo swiper-lazy flagpm_photo_portrait\"><span class=\"swiper-lazy-preloader swiper-lazy-preloader-black\"><\/span><\/div><div class=\"swiper-slide flagpm_photo\" data-photo-id=\"15977\"><img data-src=\"https:\/\/bobvarela.com\/wp-content\/flagallery\/txell-miras-primavera-verano-2015\/thumbs\/thumbs_txell-miras-ss-2015-608.jpg\" alt=\"080 Barcelona Spring-Summer 2015\" class=\"noLazy flagpm_photo swiper-lazy flagpm_photo_portrait\"><span class=\"swiper-lazy-preloader swiper-lazy-preloader-black\"><\/span><\/div><div class=\"swiper-slide flagpm_photo\" data-photo-id=\"15978\"><img data-src=\"https:\/\/bobvarela.com\/wp-content\/flagallery\/txell-miras-primavera-verano-2015\/thumbs\/thumbs_txell-miras-ss-2015-609.jpg\" alt=\"080 Barcelona Spring-Summer 2015\" class=\"noLazy flagpm_photo swiper-lazy flagpm_photo_portrait\"><span class=\"swiper-lazy-preloader swiper-lazy-preloader-black\"><\/span><\/div><div class=\"swiper-slide flagpm_photo\" data-photo-id=\"15979\"><img data-src=\"https:\/\/bobvarela.com\/wp-content\/flagallery\/txell-miras-primavera-verano-2015\/thumbs\/thumbs_txell-miras-ss-2015-610.jpg\" alt=\"080 Barcelona Spring-Summer 2015\" class=\"noLazy flagpm_photo swiper-lazy flagpm_photo_portrait\"><span class=\"swiper-lazy-preloader swiper-lazy-preloader-black\"><\/span><\/div><div class=\"swiper-slide flagpm_photo\" data-photo-id=\"15980\"><img data-src=\"https:\/\/bobvarela.com\/wp-content\/flagallery\/txell-miras-primavera-verano-2015\/thumbs\/thumbs_txell-miras-ss-2015-611.jpg\" alt=\"080 Barcelona Spring-Summer 2015\" class=\"noLazy flagpm_photo swiper-lazy flagpm_photo_portrait\"><span class=\"swiper-lazy-preloader swiper-lazy-preloader-black\"><\/span><\/div><div class=\"swiper-slide flagpm_photo\" data-photo-id=\"15981\"><img data-src=\"https:\/\/bobvarela.com\/wp-content\/flagallery\/txell-miras-primavera-verano-2015\/thumbs\/thumbs_txell-miras-ss-2015-612.jpg\" alt=\"080 Barcelona Spring-Summer 2015\" class=\"noLazy flagpm_photo swiper-lazy flagpm_photo_portrait\"><span class=\"swiper-lazy-preloader swiper-lazy-preloader-black\"><\/span><\/div><div class=\"swiper-slide flagpm_photo\" data-photo-id=\"15982\"><img data-src=\"https:\/\/bobvarela.com\/wp-content\/flagallery\/txell-miras-primavera-verano-2015\/thumbs\/thumbs_txell-miras-ss-2015-613.jpg\" alt=\"080 Barcelona Spring-Summer 2015\" class=\"noLazy flagpm_photo swiper-lazy flagpm_photo_portrait\"><span class=\"swiper-lazy-preloader swiper-lazy-preloader-black\"><\/span><\/div><div class=\"swiper-slide flagpm_photo\" data-photo-id=\"15983\"><img data-src=\"https:\/\/bobvarela.com\/wp-content\/flagallery\/txell-miras-primavera-verano-2015\/thumbs\/thumbs_txell-miras-ss-2015-614.jpg\" alt=\"080 Barcelona Spring-Summer 2015\" class=\"noLazy flagpm_photo swiper-lazy flagpm_photo_portrait\"><span class=\"swiper-lazy-preloader swiper-lazy-preloader-black\"><\/span><\/div><div class=\"swiper-slide flagpm_photo\" data-photo-id=\"15984\"><img data-src=\"https:\/\/bobvarela.com\/wp-content\/flagallery\/txell-miras-primavera-verano-2015\/thumbs\/thumbs_txell-miras-ss-2015-615.jpg\" alt=\"080 Barcelona Spring-Summer 2015\" class=\"noLazy flagpm_photo swiper-lazy flagpm_photo_portrait\"><span class=\"swiper-lazy-preloader swiper-lazy-preloader-black\"><\/span><\/div><div class=\"swiper-slide flagpm_photo\" data-photo-id=\"15985\"><img data-src=\"https:\/\/bobvarela.com\/wp-content\/flagallery\/txell-miras-primavera-verano-2015\/thumbs\/thumbs_txell-miras-ss-2015-616.jpg\" alt=\"080 Barcelona Spring-Summer 2015\" class=\"noLazy flagpm_photo swiper-lazy flagpm_photo_portrait\"><span class=\"swiper-lazy-preloader swiper-lazy-preloader-black\"><\/span><\/div><div class=\"swiper-slide flagpm_photo\" data-photo-id=\"15986\"><img data-src=\"https:\/\/bobvarela.com\/wp-content\/flagallery\/txell-miras-primavera-verano-2015\/thumbs\/thumbs_txell-miras-ss-2015-617.jpg\" alt=\"080 Barcelona Spring-Summer 2015\" class=\"noLazy flagpm_photo swiper-lazy flagpm_photo_portrait\"><span class=\"swiper-lazy-preloader swiper-lazy-preloader-black\"><\/span><\/div><div class=\"swiper-slide flagpm_photo\" data-photo-id=\"15987\"><img data-src=\"https:\/\/bobvarela.com\/wp-content\/flagallery\/txell-miras-primavera-verano-2015\/thumbs\/thumbs_txell-miras-ss-2015-618.jpg\" alt=\"080 Barcelona Spring-Summer 2015\" class=\"noLazy flagpm_photo swiper-lazy flagpm_photo_portrait\"><span class=\"swiper-lazy-preloader swiper-lazy-preloader-black\"><\/span><\/div><div class=\"swiper-slide flagpm_photo\" data-photo-id=\"15988\"><img data-src=\"https:\/\/bobvarela.com\/wp-content\/flagallery\/txell-miras-primavera-verano-2015\/thumbs\/thumbs_txell-miras-ss-2015-619.jpg\" alt=\"080 Barcelona Spring-Summer 2015\" class=\"noLazy flagpm_photo swiper-lazy flagpm_photo_portrait\"><span class=\"swiper-lazy-preloader swiper-lazy-preloader-black\"><\/span><\/div><div class=\"swiper-slide flagpm_photo\" data-photo-id=\"15989\"><img data-src=\"https:\/\/bobvarela.com\/wp-content\/flagallery\/txell-miras-primavera-verano-2015\/thumbs\/thumbs_txell-miras-ss-2015-620.jpg\" alt=\"080 Barcelona Spring-Summer 2015\" class=\"noLazy flagpm_photo swiper-lazy flagpm_photo_portrait\"><span class=\"swiper-lazy-preloader swiper-lazy-preloader-black\"><\/span><\/div><div class=\"swiper-slide flagpm_photo\" data-photo-id=\"15990\"><img data-src=\"https:\/\/bobvarela.com\/wp-content\/flagallery\/txell-miras-primavera-verano-2015\/thumbs\/thumbs_txell-miras-ss-2015-621.jpg\" alt=\"080 Barcelona Spring-Summer 2015\" class=\"noLazy flagpm_photo swiper-lazy flagpm_photo_portrait\"><span class=\"swiper-lazy-preloader swiper-lazy-preloader-black\"><\/span><\/div><div class=\"swiper-slide flagpm_photo\" data-photo-id=\"15991\"><img data-src=\"https:\/\/bobvarela.com\/wp-content\/flagallery\/txell-miras-primavera-verano-2015\/thumbs\/thumbs_txell-miras-ss-2015-622.jpg\" alt=\"080 Barcelona Spring-Summer 2015\" class=\"noLazy flagpm_photo swiper-lazy flagpm_photo_portrait\"><span class=\"swiper-lazy-preloader swiper-lazy-preloader-black\"><\/span><\/div><div class=\"swiper-slide flagpm_photo\" data-photo-id=\"15992\"><img data-src=\"https:\/\/bobvarela.com\/wp-content\/flagallery\/txell-miras-primavera-verano-2015\/thumbs\/thumbs_txell-miras-ss-2015-623.jpg\" alt=\"080 Barcelona Spring-Summer 2015\" class=\"noLazy flagpm_photo swiper-lazy flagpm_photo_portrait\"><span class=\"swiper-lazy-preloader swiper-lazy-preloader-black\"><\/span><\/div><div class=\"swiper-slide flagpm_photo\" data-photo-id=\"15993\"><img data-src=\"https:\/\/bobvarela.com\/wp-content\/flagallery\/txell-miras-primavera-verano-2015\/thumbs\/thumbs_txell-miras-ss-2015-624.jpg\" alt=\"080 Barcelona Spring-Summer 2015\" class=\"noLazy flagpm_photo swiper-lazy flagpm_photo_portrait\"><span class=\"swiper-lazy-preloader swiper-lazy-preloader-black\"><\/span><\/div><div class=\"swiper-slide flagpm_photo\" data-photo-id=\"15994\"><img data-src=\"https:\/\/bobvarela.com\/wp-content\/flagallery\/txell-miras-primavera-verano-2015\/thumbs\/thumbs_txell-miras-ss-2015-625.jpg\" alt=\"080 Barcelona Spring-Summer 2015\" class=\"noLazy flagpm_photo swiper-lazy flagpm_photo_portrait\"><span class=\"swiper-lazy-preloader swiper-lazy-preloader-black\"><\/span><\/div><div class=\"swiper-slide flagpm_photo\" data-photo-id=\"15995\"><img data-src=\"https:\/\/bobvarela.com\/wp-content\/flagallery\/txell-miras-primavera-verano-2015\/thumbs\/thumbs_txell-miras-ss-2015-626.jpg\" alt=\"080 Barcelona Spring-Summer 2015\" class=\"noLazy flagpm_photo swiper-lazy flagpm_photo_portrait\"><span class=\"swiper-lazy-preloader swiper-lazy-preloader-black\"><\/span><\/div><div class=\"swiper-slide flagpm_photo\" data-photo-id=\"15996\"><img data-src=\"https:\/\/bobvarela.com\/wp-content\/flagallery\/txell-miras-primavera-verano-2015\/thumbs\/thumbs_txell-miras-ss-2015-627.jpg\" alt=\"080 Barcelona Spring-Summer 2015\" class=\"noLazy flagpm_photo swiper-lazy flagpm_photo_portrait\"><span class=\"swiper-lazy-preloader swiper-lazy-preloader-black\"><\/span><\/div><div class=\"swiper-slide flagpm_photo\" data-photo-id=\"15997\"><img data-src=\"https:\/\/bobvarela.com\/wp-content\/flagallery\/txell-miras-primavera-verano-2015\/thumbs\/thumbs_txell-miras-ss-2015-628.jpg\" alt=\"080 Barcelona Spring-Summer 2015\" class=\"noLazy flagpm_photo swiper-lazy flagpm_photo_portrait\"><span class=\"swiper-lazy-preloader swiper-lazy-preloader-black\"><\/span><\/div><div class=\"swiper-slide flagpm_photo\" data-photo-id=\"15998\"><img data-src=\"https:\/\/bobvarela.com\/wp-content\/flagallery\/txell-miras-primavera-verano-2015\/thumbs\/thumbs_txell-miras-ss-2015-629.jpg\" alt=\"080 Barcelona Spring-Summer 2015\" class=\"noLazy flagpm_photo swiper-lazy flagpm_photo_portrait\"><span class=\"swiper-lazy-preloader swiper-lazy-preloader-black\"><\/span><\/div><div class=\"swiper-slide flagpm_photo\" data-photo-id=\"15999\"><img data-src=\"https:\/\/bobvarela.com\/wp-content\/flagallery\/txell-miras-primavera-verano-2015\/thumbs\/thumbs_txell-miras-ss-2015-630.jpg\" alt=\"080 Barcelona Spring-Summer 2015\" class=\"noLazy flagpm_photo swiper-lazy flagpm_photo_portrait\"><span class=\"swiper-lazy-preloader swiper-lazy-preloader-black\"><\/span><\/div><div class=\"swiper-slide flagpm_photo\" data-photo-id=\"16000\"><img data-src=\"https:\/\/bobvarela.com\/wp-content\/flagallery\/txell-miras-primavera-verano-2015\/thumbs\/thumbs_txell-miras-ss-2015-631.jpg\" alt=\"080 Barcelona Spring-Summer 2015\" class=\"noLazy flagpm_photo swiper-lazy flagpm_photo_portrait\"><span class=\"swiper-lazy-preloader swiper-lazy-preloader-black\"><\/span><\/div><div class=\"swiper-slide flagpm_photo\" data-photo-id=\"16001\"><img data-src=\"https:\/\/bobvarela.com\/wp-content\/flagallery\/txell-miras-primavera-verano-2015\/thumbs\/thumbs_txell-miras-ss-2015-632.jpg\" alt=\"080 Barcelona Spring-Summer 2015\" class=\"noLazy flagpm_photo swiper-lazy flagpm_photo_portrait\"><span class=\"swiper-lazy-preloader swiper-lazy-preloader-black\"><\/span><\/div><div class=\"swiper-slide flagpm_photo\" data-photo-id=\"16002\"><img data-src=\"https:\/\/bobvarela.com\/wp-content\/flagallery\/txell-miras-primavera-verano-2015\/thumbs\/thumbs_txell-miras-ss-2015-633.jpg\" alt=\"080 Barcelona Spring-Summer 2015\" class=\"noLazy flagpm_photo swiper-lazy flagpm_photo_portrait\"><span class=\"swiper-lazy-preloader swiper-lazy-preloader-black\"><\/span><\/div><div class=\"swiper-slide flagpm_photo\" data-photo-id=\"16003\"><img data-src=\"https:\/\/bobvarela.com\/wp-content\/flagallery\/txell-miras-primavera-verano-2015\/thumbs\/thumbs_txell-miras-ss-2015-634.jpg\" alt=\"080 Barcelona Spring-Summer 2015\" class=\"noLazy flagpm_photo swiper-lazy flagpm_photo_portrait\"><span class=\"swiper-lazy-preloader swiper-lazy-preloader-black\"><\/span><\/div><div class=\"swiper-slide flagpm_photo\" data-photo-id=\"16004\"><img data-src=\"https:\/\/bobvarela.com\/wp-content\/flagallery\/txell-miras-primavera-verano-2015\/thumbs\/thumbs_txell-miras-ss-2015-635.jpg\" alt=\"080 Barcelona Spring-Summer 2015\" class=\"noLazy flagpm_photo swiper-lazy flagpm_photo_portrait\"><span class=\"swiper-lazy-preloader swiper-lazy-preloader-black\"><\/span><\/div><div class=\"swiper-slide flagpm_photo\" data-photo-id=\"16005\"><img data-src=\"https:\/\/bobvarela.com\/wp-content\/flagallery\/txell-miras-primavera-verano-2015\/thumbs\/thumbs_txell-miras-ss-2015-636.jpg\" alt=\"080 Barcelona Spring-Summer 2015\" class=\"noLazy flagpm_photo swiper-lazy flagpm_photo_portrait\"><span class=\"swiper-lazy-preloader swiper-lazy-preloader-black\"><\/span><\/div><div class=\"swiper-slide flagpm_photo\" data-photo-id=\"16006\"><img data-src=\"https:\/\/bobvarela.com\/wp-content\/flagallery\/txell-miras-primavera-verano-2015\/thumbs\/thumbs_txell-miras-ss-2015-637.jpg\" alt=\"080 Barcelona Spring-Summer 2015\" class=\"noLazy flagpm_photo swiper-lazy flagpm_photo_portrait\"><span class=\"swiper-lazy-preloader swiper-lazy-preloader-black\"><\/span><\/div><div class=\"swiper-slide flagpm_photo\" data-photo-id=\"16007\"><img data-src=\"https:\/\/bobvarela.com\/wp-content\/flagallery\/txell-miras-primavera-verano-2015\/thumbs\/thumbs_txell-miras-ss-2015-638.jpg\" alt=\"080 Barcelona Spring-Summer 2015\" class=\"noLazy flagpm_photo swiper-lazy flagpm_photo_portrait\"><span class=\"swiper-lazy-preloader swiper-lazy-preloader-black\"><\/span><\/div><div class=\"swiper-slide flagpm_photo\" data-photo-id=\"16008\"><img data-src=\"https:\/\/bobvarela.com\/wp-content\/flagallery\/txell-miras-primavera-verano-2015\/thumbs\/thumbs_txell-miras-ss-2015-639.jpg\" alt=\"080 Barcelona Spring-Summer 2015\" class=\"noLazy flagpm_photo swiper-lazy flagpm_photo_portrait\"><span class=\"swiper-lazy-preloader swiper-lazy-preloader-black\"><\/span><\/div><div class=\"swiper-slide flagpm_photo\" data-photo-id=\"16009\"><img data-src=\"https:\/\/bobvarela.com\/wp-content\/flagallery\/txell-miras-primavera-verano-2015\/thumbs\/thumbs_txell-miras-ss-2015-640.jpg\" alt=\"080 Barcelona Spring-Summer 2015\" class=\"noLazy flagpm_photo swiper-lazy flagpm_photo_portrait\"><span class=\"swiper-lazy-preloader swiper-lazy-preloader-black\"><\/span><\/div><div class=\"swiper-slide flagpm_photo\" data-photo-id=\"16010\"><img data-src=\"https:\/\/bobvarela.com\/wp-content\/flagallery\/txell-miras-primavera-verano-2015\/thumbs\/thumbs_txell-miras-ss-2015-641.jpg\" alt=\"080 Barcelona Spring-Summer 2015\" class=\"noLazy flagpm_photo swiper-lazy flagpm_photo_portrait\"><span class=\"swiper-lazy-preloader swiper-lazy-preloader-black\"><\/span><\/div><div class=\"swiper-slide flagpm_photo\" data-photo-id=\"16011\"><img data-src=\"https:\/\/bobvarela.com\/wp-content\/flagallery\/txell-miras-primavera-verano-2015\/thumbs\/thumbs_txell-miras-ss-2015-642.jpg\" alt=\"080 Barcelona Spring-Summer 2015\" class=\"noLazy flagpm_photo swiper-lazy flagpm_photo_portrait\"><span class=\"swiper-lazy-preloader swiper-lazy-preloader-black\"><\/span><\/div><div class=\"swiper-slide flagpm_photo\" data-photo-id=\"16012\"><img data-src=\"https:\/\/bobvarela.com\/wp-content\/flagallery\/txell-miras-primavera-verano-2015\/thumbs\/thumbs_txell-miras-ss-2015-643.jpg\" alt=\"080 Barcelona Spring-Summer 2015\" class=\"noLazy flagpm_photo swiper-lazy flagpm_photo_portrait\"><span class=\"swiper-lazy-preloader swiper-lazy-preloader-black\"><\/span><\/div><div class=\"swiper-slide flagpm_photo\" data-photo-id=\"16013\"><img data-src=\"https:\/\/bobvarela.com\/wp-content\/flagallery\/txell-miras-primavera-verano-2015\/thumbs\/thumbs_txell-miras-ss-2015-644.jpg\" alt=\"080 Barcelona Spring-Summer 2015\" class=\"noLazy flagpm_photo swiper-lazy flagpm_photo_portrait\"><span class=\"swiper-lazy-preloader swiper-lazy-preloader-black\"><\/span><\/div><div class=\"swiper-slide flagpm_photo\" data-photo-id=\"16014\"><img data-src=\"https:\/\/bobvarela.com\/wp-content\/flagallery\/txell-miras-primavera-verano-2015\/thumbs\/thumbs_txell-miras-ss-2015-645.jpg\" alt=\"080 Barcelona Spring-Summer 2015\" class=\"noLazy flagpm_photo swiper-lazy flagpm_photo_portrait\"><span class=\"swiper-lazy-preloader swiper-lazy-preloader-black\"><\/span><\/div><div class=\"swiper-slide flagpm_photo\" data-photo-id=\"16015\"><img data-src=\"https:\/\/bobvarela.com\/wp-content\/flagallery\/txell-miras-primavera-verano-2015\/thumbs\/thumbs_txell-miras-ss-2015-646.jpg\" alt=\"080 Barcelona Spring-Summer 2015\" class=\"noLazy flagpm_photo swiper-lazy flagpm_photo_portrait\"><span class=\"swiper-lazy-preloader swiper-lazy-preloader-black\"><\/span><\/div><div class=\"swiper-slide flagpm_photo\" data-photo-id=\"16016\"><img data-src=\"https:\/\/bobvarela.com\/wp-content\/flagallery\/txell-miras-primavera-verano-2015\/thumbs\/thumbs_txell-miras-ss-2015-647.jpg\" alt=\"080 Barcelona Spring-Summer 2015\" class=\"noLazy flagpm_photo swiper-lazy flagpm_photo_portrait\"><span class=\"swiper-lazy-preloader swiper-lazy-preloader-black\"><\/span><\/div><div class=\"swiper-slide flagpm_photo\" data-photo-id=\"16017\"><img data-src=\"https:\/\/bobvarela.com\/wp-content\/flagallery\/txell-miras-primavera-verano-2015\/thumbs\/thumbs_txell-miras-ss-2015-648.jpg\" alt=\"080 Barcelona Spring-Summer 2015\" class=\"noLazy flagpm_photo swiper-lazy flagpm_photo_portrait\"><span class=\"swiper-lazy-preloader swiper-lazy-preloader-black\"><\/span><\/div><div class=\"swiper-slide flagpm_photo\" data-photo-id=\"16018\"><img data-src=\"https:\/\/bobvarela.com\/wp-content\/flagallery\/txell-miras-primavera-verano-2015\/thumbs\/thumbs_txell-miras-ss-2015-649.jpg\" alt=\"080 Barcelona Spring-Summer 2015\" class=\"noLazy flagpm_photo swiper-lazy flagpm_photo_portrait\"><span class=\"swiper-lazy-preloader swiper-lazy-preloader-black\"><\/span><\/div><div class=\"swiper-slide flagpm_photo\" data-photo-id=\"16019\"><img data-src=\"https:\/\/bobvarela.com\/wp-content\/flagallery\/txell-miras-primavera-verano-2015\/thumbs\/thumbs_txell-miras-ss-2015-650.jpg\" alt=\"080 Barcelona Spring-Summer 2015\" class=\"noLazy flagpm_photo swiper-lazy flagpm_photo_landscape\"><span class=\"swiper-lazy-preloader swiper-lazy-preloader-black\"><\/span><\/div><div class=\"swiper-slide flagpm_photo\" data-photo-id=\"16020\"><img data-src=\"https:\/\/bobvarela.com\/wp-content\/flagallery\/txell-miras-primavera-verano-2015\/thumbs\/thumbs_txell-miras-ss-2015-651.jpg\" alt=\"080 Barcelona Spring-Summer 2015\" class=\"noLazy flagpm_photo swiper-lazy flagpm_photo_portrait\"><span class=\"swiper-lazy-preloader swiper-lazy-preloader-black\"><\/span><\/div><div class=\"swiper-slide flagpm_photo\" data-photo-id=\"16021\"><img data-src=\"https:\/\/bobvarela.com\/wp-content\/flagallery\/txell-miras-primavera-verano-2015\/thumbs\/thumbs_txell-miras-ss-2015-652.jpg\" alt=\"080 Barcelona Spring-Summer 2015\" class=\"noLazy flagpm_photo swiper-lazy flagpm_photo_portrait\"><span class=\"swiper-lazy-preloader swiper-lazy-preloader-black\"><\/span><\/div><div class=\"swiper-slide flagpm_photo\" data-photo-id=\"16022\"><img data-src=\"https:\/\/bobvarela.com\/wp-content\/flagallery\/txell-miras-primavera-verano-2015\/thumbs\/thumbs_txell-miras-ss-2015-653.jpg\" alt=\"080 Barcelona Spring-Summer 2015\" class=\"noLazy flagpm_photo swiper-lazy flagpm_photo_portrait\"><span class=\"swiper-lazy-preloader swiper-lazy-preloader-black\"><\/span><\/div><div class=\"swiper-slide flagpm_photo\" data-photo-id=\"16023\"><img data-src=\"https:\/\/bobvarela.com\/wp-content\/flagallery\/txell-miras-primavera-verano-2015\/thumbs\/thumbs_txell-miras-ss-2015-654.jpg\" alt=\"080 Barcelona Spring-Summer 2015\" class=\"noLazy flagpm_photo swiper-lazy flagpm_photo_portrait\"><span class=\"swiper-lazy-preloader swiper-lazy-preloader-black\"><\/span><\/div><div class=\"swiper-slide flagpm_photo\" data-photo-id=\"16024\"><img data-src=\"https:\/\/bobvarela.com\/wp-content\/flagallery\/txell-miras-primavera-verano-2015\/thumbs\/thumbs_txell-miras-ss-2015-655.jpg\" alt=\"080 Barcelona Spring-Summer 2015\" class=\"noLazy flagpm_photo swiper-lazy flagpm_photo_portrait\"><span class=\"swiper-lazy-preloader swiper-lazy-preloader-black\"><\/span><\/div><div class=\"swiper-slide flagpm_photo\" data-photo-id=\"16025\"><img data-src=\"https:\/\/bobvarela.com\/wp-content\/flagallery\/txell-miras-primavera-verano-2015\/thumbs\/thumbs_txell-miras-ss-2015-656.jpg\" alt=\"080 Barcelona Spring-Summer 2015\" class=\"noLazy flagpm_photo swiper-lazy flagpm_photo_portrait\"><span class=\"swiper-lazy-preloader swiper-lazy-preloader-black\"><\/span><\/div><div class=\"swiper-slide flagpm_photo\" data-photo-id=\"16026\"><img data-src=\"https:\/\/bobvarela.com\/wp-content\/flagallery\/txell-miras-primavera-verano-2015\/thumbs\/thumbs_txell-miras-ss-2015-657.jpg\" alt=\"080 Barcelona Spring-Summer 2015\" class=\"noLazy flagpm_photo swiper-lazy flagpm_photo_portrait\"><span class=\"swiper-lazy-preloader swiper-lazy-preloader-black\"><\/span><\/div><div class=\"swiper-slide flagpm_photo\" data-photo-id=\"16027\"><img data-src=\"https:\/\/bobvarela.com\/wp-content\/flagallery\/txell-miras-primavera-verano-2015\/thumbs\/thumbs_txell-miras-ss-2015-658.jpg\" alt=\"080 Barcelona Spring-Summer 2015\" class=\"noLazy flagpm_photo swiper-lazy flagpm_photo_portrait\"><span class=\"swiper-lazy-preloader swiper-lazy-preloader-black\"><\/span><\/div><div class=\"swiper-slide flagpm_photo\" data-photo-id=\"16028\"><img data-src=\"https:\/\/bobvarela.com\/wp-content\/flagallery\/txell-miras-primavera-verano-2015\/thumbs\/thumbs_txell-miras-ss-2015-659.jpg\" alt=\"080 Barcelona Spring-Summer 2015\" class=\"noLazy flagpm_photo swiper-lazy flagpm_photo_portrait\"><span class=\"swiper-lazy-preloader swiper-lazy-preloader-black\"><\/span><\/div><div class=\"swiper-slide flagpm_photo\" data-photo-id=\"16029\"><img data-src=\"https:\/\/bobvarela.com\/wp-content\/flagallery\/txell-miras-primavera-verano-2015\/thumbs\/thumbs_txell-miras-ss-2015-660.jpg\" alt=\"080 Barcelona Spring-Summer 2015\" class=\"noLazy flagpm_photo swiper-lazy flagpm_photo_portrait\"><span class=\"swiper-lazy-preloader swiper-lazy-preloader-black\"><\/span><\/div> <\/div> <\/div> <\/div> <div class=\"flagpm_next_button\"><\/div> <\/div> <div class=\"flagpm_big_button_wrap\"> <div class=\"flagpm_share_wrapper\"> <a class=\"flagpm_button flagpm_share\">Share<\/a> <div class=\"flagpm_sharelizers_wrap\"> <ul class=\"flagpm_sharelizers\"> <li style=\"list-style:none;\"><a class=\"flagpm_button flagpm_facebook flagpm_sharelizer\">Facebook<\/a><\/li> <li style=\"list-style:none;\"><a class=\"flagpm_button flagpm_twitter flagpm_sharelizer\">Twitter<\/a><\/li> <li style=\"list-style:none;\"><a class=\"flagpm_button flagpm_pinterest flagpm_sharelizer\">Pinterest<\/a><\/li> <li style=\"list-style:none;\"><a class=\"flagpm_button flagpm_stumbleupon flagpm_sharelizer\">StumbleUpon<\/a><\/li> <\/ul> <\/div> <\/div> <a class=\"flagpm_button flagpm_like\">Like<\/a> <\/div> <div class=\"flagpm_big_button_wrap\"> <a class=\"flagpm_big_button flagpm_download_button\" href=\"https:\/\/bobvarela.com\/wp-content\/flagallery\/txell-miras-primavera-verano-2015\/txell-miras-ss-2015-601.jpg\" download=\"txell-miras-ss-2015-601.jpg\"> <span class=\"flagpm_icon\"><\/span> <span class=\"flagpm_label\">Download<\/span> <\/a> <\/div> <div class=\"flagpm_big_button_wrap\"> <a class=\"flagpm_big_button flagpm_link_button flagpm_inactive\" > <span class=\"flagpm_icon\"><\/span> <span class=\"flagpm_label\">Open Link<\/span> <\/a> <\/div> <\/div> <\/div> <\/div> <div class=\"flagpm_focus_close_full\"> <span><a class=\"flagpm_button flagpm_close\">Close<\/a><\/span> <span><a class=\"flagpm_button flagpm_full\">Full<\/a><\/span> <\/div> <div class=\"flagpm_photo_details\"> <div class=\"flagpm_description_wrap\"> <div class=\"details_title\">Description<\/div> <div class=\"flagpm_description_text_wrap\"> <div class=\"flagpm_slide_description\"><p>080 Barcelona Spring-Summer 2015<\/p><\/div> <\/div> <\/div> <\/div> <div class=\"flagpm_focus_footer\"> <div class=\"flagpm_focus_keyboard\"> <div class=\"flagpm_focus_keyboard_title\">Keyboard Shortcuts <a class=\"flagpm_focus_keyboard_dismiss\">Dismiss<\/a><\/div> <ul> <li style=\"list-style:none;\"><a data-key=\"p\" class=\"flagpm_key\">S<\/a><span class=\"flagpm_label\">Slideshow<\/span><\/li> <li style=\"list-style:none;\"><a data-key=\"m\" class=\"flagpm_key\">M<\/a><span class=\"flagpm_label\">Maximize<\/span><\/li> <li style=\"list-style:none;\"><a data-key=\"left\" class=\"flagpm_key\">&nbsp;<\/a><span class=\"flagpm_label\">Previous<\/span><\/li> <li style=\"list-style:none;\"><a data-key=\"right\" class=\"flagpm_key\">&nbsp;<\/a><span class=\"flagpm_label\">Next<\/span><\/li> <li style=\"list-style:none;\"><a data-key=\"escape\" class=\"flagpm_key flagpm_esc\">esc<\/a><span class=\"flagpm_label\">Close<\/span><\/li> <\/ul> <\/div> <\/div> <\/div> <script type=\"text\/javascript\"> jQuery(function($) { var settings = {\"base_gallery_width\":\"800\",\"base_gallery_height\":\"500\",\"gallery_min_height\":\"230\",\"scale_mode\":\"fit\",\"initial_slide\":0,\"slideshow_autoplay\":\"0\",\"slideshow_delay\":\"7000\",\"gallery_focus\":\"0\",\"gallery_maximized\":\"0\",\"gallery_focus_maximized\":\"0\",\"keyboard_help\":\"1\",\"show_download_button\":\"1\",\"show_link_button\":\"1\",\"show_description\":\"1\",\"show_share_button\":\"1\",\"show_like_button\":\"1\",\"link_color\":\"#0099e5\",\"link_color_hover\":\"#02adea\",\"download_button_text\":\"Download\",\"link_button_text\":\"Open Link\",\"description_title\":\"Description\",\"key\":\"\",\"name\":\"\",\"gallID\":\"sc1_199\"}; var content = {\"data\":[{\"id\":\"15970\",\"image\":\"https:\\\/\\\/bobvarela.com\\\/wp-content\\\/flagallery\\\/txell-miras-primavera-verano-2015\\\/webview\\\/txell-miras-ss-2015-601.jpg\",\"thumb\":\"https:\\\/\\\/bobvarela.com\\\/wp-content\\\/flagallery\\\/txell-miras-primavera-verano-2015\\\/thumbs\\\/thumbs_txell-miras-ss-2015-601.jpg\",\"file\":\"txell-miras-ss-2015-601.jpg\",\"meta\":{\"aperture\":false,\"credit\":false,\"camera\":false,\"caption\":\"080 Barcelona Spring-Summer 2015\",\"created_timestamp\":\"July 2, 2014 4:43 pm\",\"copyright\":\"\\u00c2\\u00a9 2014 Estrop-Barcelona PHOTOGRAPH FOR EDITORIAL USE ONLY\",\"focal_length\":false,\"iso\":false,\"shutter_speed\":false,\"flash\":false,\"title\":\"080 Barcelona Spring-Summer 2015\",\"keywords\":\"Spring-Summer 2015\",\"width\":600,\"height\":898,\"saved\":true,\"thumbnail\":{\"width\":220,\"height\":220},\"webview\":{\"0\":600,\"1\":898,\"2\":2,\"3\":\"width=\\\"600\\\" height=\\\"898\\\"\",\"bits\":8,\"channels\":3,\"mime\":\"image\\\/jpeg\"},\"views\":\"138\",\"likes\":\"0\"},\"title\":\"080 Barcelona Spring-Summer 2015\",\"description\":\"<p>080 Barcelona Spring-Summer 2015<\\\/p>\",\"link\":null,\"link_target\":\"\",\"download\":\"https:\\\/\\\/bobvarela.com\\\/wp-content\\\/flagallery\\\/txell-miras-primavera-verano-2015\\\/txell-miras-ss-2015-601.jpg\",\"ratio\":0.66815144766146994381728063672198913991451263427734375},{\"id\":\"15971\",\"image\":\"https:\\\/\\\/bobvarela.com\\\/wp-content\\\/flagallery\\\/txell-miras-primavera-verano-2015\\\/webview\\\/txell-miras-ss-2015-602.jpg\",\"thumb\":\"https:\\\/\\\/bobvarela.com\\\/wp-content\\\/flagallery\\\/txell-miras-primavera-verano-2015\\\/thumbs\\\/thumbs_txell-miras-ss-2015-602.jpg\",\"file\":\"txell-miras-ss-2015-602.jpg\",\"meta\":{\"aperture\":false,\"credit\":false,\"camera\":false,\"caption\":\"080 Barcelona Spring-Summer 2015\",\"created_timestamp\":\"July 2, 2014 4:43 pm\",\"copyright\":\"\\u00c2\\u00a9 2014 Estrop-Barcelona PHOTOGRAPH FOR EDITORIAL USE ONLY\",\"focal_length\":false,\"iso\":false,\"shutter_speed\":false,\"flash\":false,\"title\":\"080 Barcelona Spring-Summer 2015\",\"keywords\":\"Spring-Summer 2015\",\"width\":600,\"height\":898,\"saved\":true,\"thumbnail\":{\"width\":220,\"height\":220},\"webview\":{\"0\":600,\"1\":898,\"2\":2,\"3\":\"width=\\\"600\\\" height=\\\"898\\\"\",\"bits\":8,\"channels\":3,\"mime\":\"image\\\/jpeg\"},\"views\":\"29\",\"likes\":\"0\"},\"title\":\"080 Barcelona Spring-Summer 2015\",\"description\":\"<p>080 Barcelona Spring-Summer 2015<\\\/p>\",\"link\":null,\"link_target\":\"\",\"download\":\"https:\\\/\\\/bobvarela.com\\\/wp-content\\\/flagallery\\\/txell-miras-primavera-verano-2015\\\/txell-miras-ss-2015-602.jpg\",\"ratio\":0.66815144766146994381728063672198913991451263427734375},{\"id\":\"15972\",\"image\":\"https:\\\/\\\/bobvarela.com\\\/wp-content\\\/flagallery\\\/txell-miras-primavera-verano-2015\\\/webview\\\/txell-miras-ss-2015-603.jpg\",\"thumb\":\"https:\\\/\\\/bobvarela.com\\\/wp-content\\\/flagallery\\\/txell-miras-primavera-verano-2015\\\/thumbs\\\/thumbs_txell-miras-ss-2015-603.jpg\",\"file\":\"txell-miras-ss-2015-603.jpg\",\"meta\":{\"aperture\":false,\"credit\":false,\"camera\":false,\"caption\":\"080 Barcelona Spring-Summer 2015\",\"created_timestamp\":\"July 2, 2014 4:43 pm\",\"copyright\":\"\\u00c2\\u00a9 2014 Estrop-Barcelona PHOTOGRAPH FOR EDITORIAL USE ONLY\",\"focal_length\":false,\"iso\":false,\"shutter_speed\":false,\"flash\":false,\"title\":\"080 Barcelona Spring-Summer 2015\",\"keywords\":\"Spring-Summer 2015\",\"width\":600,\"height\":898,\"saved\":true,\"thumbnail\":{\"width\":220,\"height\":220},\"webview\":{\"0\":600,\"1\":898,\"2\":2,\"3\":\"width=\\\"600\\\" height=\\\"898\\\"\",\"bits\":8,\"channels\":3,\"mime\":\"image\\\/jpeg\"},\"views\":\"23\",\"likes\":\"0\"},\"title\":\"080 Barcelona Spring-Summer 2015\",\"description\":\"<p>080 Barcelona Spring-Summer 2015<\\\/p>\",\"link\":null,\"link_target\":\"\",\"download\":\"https:\\\/\\\/bobvarela.com\\\/wp-content\\\/flagallery\\\/txell-miras-primavera-verano-2015\\\/txell-miras-ss-2015-603.jpg\",\"ratio\":0.66815144766146994381728063672198913991451263427734375},{\"id\":\"15973\",\"image\":\"https:\\\/\\\/bobvarela.com\\\/wp-content\\\/flagallery\\\/txell-miras-primavera-verano-2015\\\/webview\\\/txell-miras-ss-2015-604.jpg\",\"thumb\":\"https:\\\/\\\/bobvarela.com\\\/wp-content\\\/flagallery\\\/txell-miras-primavera-verano-2015\\\/thumbs\\\/thumbs_txell-miras-ss-2015-604.jpg\",\"file\":\"txell-miras-ss-2015-604.jpg\",\"meta\":{\"aperture\":false,\"credit\":false,\"camera\":false,\"caption\":\"080 Barcelona Spring-Summer 2015\",\"created_timestamp\":\"July 2, 2014 4:43 pm\",\"copyright\":\"\\u00c2\\u00a9 2014 Estrop-Barcelona PHOTOGRAPH FOR EDITORIAL USE ONLY\",\"focal_length\":false,\"iso\":false,\"shutter_speed\":false,\"flash\":false,\"title\":\"080 Barcelona Spring-Summer 2015\",\"keywords\":\"Spring-Summer 2015\",\"width\":600,\"height\":898,\"saved\":true,\"thumbnail\":{\"width\":220,\"height\":220},\"webview\":{\"0\":600,\"1\":898,\"2\":2,\"3\":\"width=\\\"600\\\" height=\\\"898\\\"\",\"bits\":8,\"channels\":3,\"mime\":\"image\\\/jpeg\"},\"views\":\"17\",\"likes\":\"0\"},\"title\":\"080 Barcelona Spring-Summer 2015\",\"description\":\"<p>080 Barcelona Spring-Summer 2015<\\\/p>\",\"link\":null,\"link_target\":\"\",\"download\":\"https:\\\/\\\/bobvarela.com\\\/wp-content\\\/flagallery\\\/txell-miras-primavera-verano-2015\\\/txell-miras-ss-2015-604.jpg\",\"ratio\":0.66815144766146994381728063672198913991451263427734375},{\"id\":\"15974\",\"image\":\"https:\\\/\\\/bobvarela.com\\\/wp-content\\\/flagallery\\\/txell-miras-primavera-verano-2015\\\/webview\\\/txell-miras-ss-2015-605.jpg\",\"thumb\":\"https:\\\/\\\/bobvarela.com\\\/wp-content\\\/flagallery\\\/txell-miras-primavera-verano-2015\\\/thumbs\\\/thumbs_txell-miras-ss-2015-605.jpg\",\"file\":\"txell-miras-ss-2015-605.jpg\",\"meta\":{\"aperture\":false,\"credit\":false,\"camera\":false,\"caption\":\"080 Barcelona Spring-Summer 2015\",\"created_timestamp\":\"July 2, 2014 4:43 pm\",\"copyright\":\"\\u00c2\\u00a9 2014 Estrop-Barcelona PHOTOGRAPH FOR EDITORIAL USE ONLY\",\"focal_length\":false,\"iso\":false,\"shutter_speed\":false,\"flash\":false,\"title\":\"080 Barcelona Spring-Summer 2015\",\"keywords\":\"Spring-Summer 2015\",\"width\":600,\"height\":898,\"saved\":true,\"thumbnail\":{\"width\":220,\"height\":220},\"webview\":{\"0\":600,\"1\":898,\"2\":2,\"3\":\"width=\\\"600\\\" height=\\\"898\\\"\",\"bits\":8,\"channels\":3,\"mime\":\"image\\\/jpeg\"},\"views\":\"16\",\"likes\":\"0\"},\"title\":\"080 Barcelona Spring-Summer 2015\",\"description\":\"<p>080 Barcelona Spring-Summer 2015<\\\/p>\",\"link\":null,\"link_target\":\"\",\"download\":\"https:\\\/\\\/bobvarela.com\\\/wp-content\\\/flagallery\\\/txell-miras-primavera-verano-2015\\\/txell-miras-ss-2015-605.jpg\",\"ratio\":0.66815144766146994381728063672198913991451263427734375},{\"id\":\"15975\",\"image\":\"https:\\\/\\\/bobvarela.com\\\/wp-content\\\/flagallery\\\/txell-miras-primavera-verano-2015\\\/webview\\\/txell-miras-ss-2015-606.jpg\",\"thumb\":\"https:\\\/\\\/bobvarela.com\\\/wp-content\\\/flagallery\\\/txell-miras-primavera-verano-2015\\\/thumbs\\\/thumbs_txell-miras-ss-2015-606.jpg\",\"file\":\"txell-miras-ss-2015-606.jpg\",\"meta\":{\"aperture\":false,\"credit\":false,\"camera\":false,\"caption\":\"080 Barcelona Spring-Summer 2015\",\"created_timestamp\":\"July 2, 2014 4:43 pm\",\"copyright\":\"\\u00c2\\u00a9 2014 Estrop-Barcelona PHOTOGRAPH FOR EDITORIAL USE ONLY\",\"focal_length\":false,\"iso\":false,\"shutter_speed\":false,\"flash\":false,\"title\":\"080 Barcelona Spring-Summer 2015\",\"keywords\":\"Spring-Summer 2015\",\"width\":600,\"height\":898,\"saved\":true,\"thumbnail\":{\"width\":220,\"height\":220},\"webview\":{\"0\":600,\"1\":898,\"2\":2,\"3\":\"width=\\\"600\\\" height=\\\"898\\\"\",\"bits\":8,\"channels\":3,\"mime\":\"image\\\/jpeg\"},\"views\":\"15\",\"likes\":\"0\"},\"title\":\"080 Barcelona Spring-Summer 2015\",\"description\":\"<p>080 Barcelona Spring-Summer 2015<\\\/p>\",\"link\":null,\"link_target\":\"\",\"download\":\"https:\\\/\\\/bobvarela.com\\\/wp-content\\\/flagallery\\\/txell-miras-primavera-verano-2015\\\/txell-miras-ss-2015-606.jpg\",\"ratio\":0.66815144766146994381728063672198913991451263427734375},{\"id\":\"15976\",\"image\":\"https:\\\/\\\/bobvarela.com\\\/wp-content\\\/flagallery\\\/txell-miras-primavera-verano-2015\\\/webview\\\/txell-miras-ss-2015-607.jpg\",\"thumb\":\"https:\\\/\\\/bobvarela.com\\\/wp-content\\\/flagallery\\\/txell-miras-primavera-verano-2015\\\/thumbs\\\/thumbs_txell-miras-ss-2015-607.jpg\",\"file\":\"txell-miras-ss-2015-607.jpg\",\"meta\":{\"aperture\":false,\"credit\":false,\"camera\":false,\"caption\":\"080 Barcelona Spring-Summer 2015\",\"created_timestamp\":\"July 2, 2014 4:43 pm\",\"copyright\":\"\\u00c2\\u00a9 2014 Estrop-Barcelona PHOTOGRAPH FOR EDITORIAL USE ONLY\",\"focal_length\":false,\"iso\":false,\"shutter_speed\":false,\"flash\":false,\"title\":\"080 Barcelona Spring-Summer 2015\",\"keywords\":\"Spring-Summer 2015\",\"width\":600,\"height\":898,\"saved\":true,\"thumbnail\":{\"width\":220,\"height\":220},\"webview\":{\"0\":600,\"1\":898,\"2\":2,\"3\":\"width=\\\"600\\\" height=\\\"898\\\"\",\"bits\":8,\"channels\":3,\"mime\":\"image\\\/jpeg\"},\"views\":\"16\",\"likes\":\"0\"},\"title\":\"080 Barcelona Spring-Summer 2015\",\"description\":\"<p>080 Barcelona Spring-Summer 2015<\\\/p>\",\"link\":null,\"link_target\":\"\",\"download\":\"https:\\\/\\\/bobvarela.com\\\/wp-content\\\/flagallery\\\/txell-miras-primavera-verano-2015\\\/txell-miras-ss-2015-607.jpg\",\"ratio\":0.66815144766146994381728063672198913991451263427734375},{\"id\":\"15977\",\"image\":\"https:\\\/\\\/bobvarela.com\\\/wp-content\\\/flagallery\\\/txell-miras-primavera-verano-2015\\\/webview\\\/txell-miras-ss-2015-608.jpg\",\"thumb\":\"https:\\\/\\\/bobvarela.com\\\/wp-content\\\/flagallery\\\/txell-miras-primavera-verano-2015\\\/thumbs\\\/thumbs_txell-miras-ss-2015-608.jpg\",\"file\":\"txell-miras-ss-2015-608.jpg\",\"meta\":{\"aperture\":false,\"credit\":false,\"camera\":false,\"caption\":\"080 Barcelona Spring-Summer 2015\",\"created_timestamp\":\"July 2, 2014 4:43 pm\",\"copyright\":\"\\u00c2\\u00a9 2014 Estrop-Barcelona PHOTOGRAPH FOR EDITORIAL USE ONLY\",\"focal_length\":false,\"iso\":false,\"shutter_speed\":false,\"flash\":false,\"title\":\"080 Barcelona Spring-Summer 2015\",\"keywords\":\"Spring-Summer 2015\",\"width\":600,\"height\":898,\"saved\":true,\"thumbnail\":{\"width\":220,\"height\":220},\"webview\":{\"0\":600,\"1\":898,\"2\":2,\"3\":\"width=\\\"600\\\" height=\\\"898\\\"\",\"bits\":8,\"channels\":3,\"mime\":\"image\\\/jpeg\"},\"views\":\"15\",\"likes\":\"0\"},\"title\":\"080 Barcelona Spring-Summer 2015\",\"description\":\"<p>080 Barcelona Spring-Summer 2015<\\\/p>\",\"link\":null,\"link_target\":\"\",\"download\":\"https:\\\/\\\/bobvarela.com\\\/wp-content\\\/flagallery\\\/txell-miras-primavera-verano-2015\\\/txell-miras-ss-2015-608.jpg\",\"ratio\":0.66815144766146994381728063672198913991451263427734375},{\"id\":\"15978\",\"image\":\"https:\\\/\\\/bobvarela.com\\\/wp-content\\\/flagallery\\\/txell-miras-primavera-verano-2015\\\/webview\\\/txell-miras-ss-2015-609.jpg\",\"thumb\":\"https:\\\/\\\/bobvarela.com\\\/wp-content\\\/flagallery\\\/txell-miras-primavera-verano-2015\\\/thumbs\\\/thumbs_txell-miras-ss-2015-609.jpg\",\"file\":\"txell-miras-ss-2015-609.jpg\",\"meta\":{\"aperture\":false,\"credit\":false,\"camera\":false,\"caption\":\"080 Barcelona Spring-Summer 2015\",\"created_timestamp\":\"July 2, 2014 4:44 pm\",\"copyright\":\"\\u00c2\\u00a9 2014 Estrop-Barcelona PHOTOGRAPH FOR EDITORIAL USE ONLY\",\"focal_length\":false,\"iso\":false,\"shutter_speed\":false,\"flash\":false,\"title\":\"080 Barcelona Spring-Summer 2015\",\"keywords\":\"Spring-Summer 2015\",\"width\":600,\"height\":898,\"saved\":true,\"thumbnail\":{\"width\":220,\"height\":220},\"webview\":{\"0\":600,\"1\":898,\"2\":2,\"3\":\"width=\\\"600\\\" height=\\\"898\\\"\",\"bits\":8,\"channels\":3,\"mime\":\"image\\\/jpeg\"},\"views\":\"14\",\"likes\":\"0\"},\"title\":\"080 Barcelona Spring-Summer 2015\",\"description\":\"<p>080 Barcelona Spring-Summer 2015<\\\/p>\",\"link\":null,\"link_target\":\"\",\"download\":\"https:\\\/\\\/bobvarela.com\\\/wp-content\\\/flagallery\\\/txell-miras-primavera-verano-2015\\\/txell-miras-ss-2015-609.jpg\",\"ratio\":0.66815144766146994381728063672198913991451263427734375},{\"id\":\"15979\",\"image\":\"https:\\\/\\\/bobvarela.com\\\/wp-content\\\/flagallery\\\/txell-miras-primavera-verano-2015\\\/webview\\\/txell-miras-ss-2015-610.jpg\",\"thumb\":\"https:\\\/\\\/bobvarela.com\\\/wp-content\\\/flagallery\\\/txell-miras-primavera-verano-2015\\\/thumbs\\\/thumbs_txell-miras-ss-2015-610.jpg\",\"file\":\"txell-miras-ss-2015-610.jpg\",\"meta\":{\"aperture\":false,\"credit\":false,\"camera\":false,\"caption\":\"080 Barcelona Spring-Summer 2015\",\"created_timestamp\":\"July 2, 2014 4:44 pm\",\"copyright\":\"\\u00c2\\u00a9 2014 Estrop-Barcelona PHOTOGRAPH FOR EDITORIAL USE ONLY\",\"focal_length\":false,\"iso\":false,\"shutter_speed\":false,\"flash\":false,\"title\":\"080 Barcelona Spring-Summer 2015\",\"keywords\":\"Spring-Summer 2015\",\"width\":600,\"height\":898,\"saved\":true,\"thumbnail\":{\"width\":220,\"height\":220},\"webview\":{\"0\":600,\"1\":898,\"2\":2,\"3\":\"width=\\\"600\\\" height=\\\"898\\\"\",\"bits\":8,\"channels\":3,\"mime\":\"image\\\/jpeg\"},\"views\":\"16\",\"likes\":\"0\"},\"title\":\"080 Barcelona Spring-Summer 2015\",\"description\":\"<p>080 Barcelona Spring-Summer 2015<\\\/p>\",\"link\":null,\"link_target\":\"\",\"download\":\"https:\\\/\\\/bobvarela.com\\\/wp-content\\\/flagallery\\\/txell-miras-primavera-verano-2015\\\/txell-miras-ss-2015-610.jpg\",\"ratio\":0.66815144766146994381728063672198913991451263427734375},{\"id\":\"15980\",\"image\":\"https:\\\/\\\/bobvarela.com\\\/wp-content\\\/flagallery\\\/txell-miras-primavera-verano-2015\\\/webview\\\/txell-miras-ss-2015-611.jpg\",\"thumb\":\"https:\\\/\\\/bobvarela.com\\\/wp-content\\\/flagallery\\\/txell-miras-primavera-verano-2015\\\/thumbs\\\/thumbs_txell-miras-ss-2015-611.jpg\",\"file\":\"txell-miras-ss-2015-611.jpg\",\"meta\":{\"aperture\":false,\"credit\":false,\"camera\":false,\"caption\":\"080 Barcelona Spring-Summer 2015\",\"created_timestamp\":\"July 2, 2014 4:44 pm\",\"copyright\":\"\\u00c2\\u00a9 2014 Estrop-Barcelona PHOTOGRAPH FOR EDITORIAL USE ONLY\",\"focal_length\":false,\"iso\":false,\"shutter_speed\":false,\"flash\":false,\"title\":\"080 Barcelona Spring-Summer 2015\",\"keywords\":\"Spring-Summer 2015\",\"width\":600,\"height\":898,\"saved\":true,\"thumbnail\":{\"width\":220,\"height\":220},\"webview\":{\"0\":600,\"1\":898,\"2\":2,\"3\":\"width=\\\"600\\\" height=\\\"898\\\"\",\"bits\":8,\"channels\":3,\"mime\":\"image\\\/jpeg\"},\"views\":\"15\",\"likes\":\"0\"},\"title\":\"080 Barcelona Spring-Summer 2015\",\"description\":\"<p>080 Barcelona Spring-Summer 2015<\\\/p>\",\"link\":null,\"link_target\":\"\",\"download\":\"https:\\\/\\\/bobvarela.com\\\/wp-content\\\/flagallery\\\/txell-miras-primavera-verano-2015\\\/txell-miras-ss-2015-611.jpg\",\"ratio\":0.66815144766146994381728063672198913991451263427734375},{\"id\":\"15981\",\"image\":\"https:\\\/\\\/bobvarela.com\\\/wp-content\\\/flagallery\\\/txell-miras-primavera-verano-2015\\\/webview\\\/txell-miras-ss-2015-612.jpg\",\"thumb\":\"https:\\\/\\\/bobvarela.com\\\/wp-content\\\/flagallery\\\/txell-miras-primavera-verano-2015\\\/thumbs\\\/thumbs_txell-miras-ss-2015-612.jpg\",\"file\":\"txell-miras-ss-2015-612.jpg\",\"meta\":{\"aperture\":false,\"credit\":false,\"camera\":false,\"caption\":\"080 Barcelona Spring-Summer 2015\",\"created_timestamp\":\"July 2, 2014 4:44 pm\",\"copyright\":\"\\u00c2\\u00a9 2014 Estrop-Barcelona PHOTOGRAPH FOR EDITORIAL USE ONLY\",\"focal_length\":false,\"iso\":false,\"shutter_speed\":false,\"flash\":false,\"title\":\"080 Barcelona Spring-Summer 2015\",\"keywords\":\"Spring-Summer 2015\",\"width\":600,\"height\":898,\"saved\":true,\"thumbnail\":{\"width\":220,\"height\":220},\"webview\":{\"0\":600,\"1\":898,\"2\":2,\"3\":\"width=\\\"600\\\" height=\\\"898\\\"\",\"bits\":8,\"channels\":3,\"mime\":\"image\\\/jpeg\"},\"views\":\"14\",\"likes\":\"0\"},\"title\":\"080 Barcelona Spring-Summer 2015\",\"description\":\"<p>080 Barcelona Spring-Summer 2015<\\\/p>\",\"link\":null,\"link_target\":\"\",\"download\":\"https:\\\/\\\/bobvarela.com\\\/wp-content\\\/flagallery\\\/txell-miras-primavera-verano-2015\\\/txell-miras-ss-2015-612.jpg\",\"ratio\":0.66815144766146994381728063672198913991451263427734375},{\"id\":\"15982\",\"image\":\"https:\\\/\\\/bobvarela.com\\\/wp-content\\\/flagallery\\\/txell-miras-primavera-verano-2015\\\/webview\\\/txell-miras-ss-2015-613.jpg\",\"thumb\":\"https:\\\/\\\/bobvarela.com\\\/wp-content\\\/flagallery\\\/txell-miras-primavera-verano-2015\\\/thumbs\\\/thumbs_txell-miras-ss-2015-613.jpg\",\"file\":\"txell-miras-ss-2015-613.jpg\",\"meta\":{\"aperture\":false,\"credit\":false,\"camera\":false,\"caption\":\"080 Barcelona Spring-Summer 2015\",\"created_timestamp\":\"July 2, 2014 4:44 pm\",\"copyright\":\"\\u00c2\\u00a9 2014 Estrop-Barcelona PHOTOGRAPH FOR EDITORIAL USE ONLY\",\"focal_length\":false,\"iso\":false,\"shutter_speed\":false,\"flash\":false,\"title\":\"080 Barcelona Spring-Summer 2015\",\"keywords\":\"Spring-Summer 2015\",\"width\":600,\"height\":898,\"saved\":true,\"thumbnail\":{\"width\":220,\"height\":220},\"webview\":{\"0\":600,\"1\":898,\"2\":2,\"3\":\"width=\\\"600\\\" height=\\\"898\\\"\",\"bits\":8,\"channels\":3,\"mime\":\"image\\\/jpeg\"},\"views\":\"12\",\"likes\":\"0\"},\"title\":\"080 Barcelona Spring-Summer 2015\",\"description\":\"<p>080 Barcelona Spring-Summer 2015<\\\/p>\",\"link\":null,\"link_target\":\"\",\"download\":\"https:\\\/\\\/bobvarela.com\\\/wp-content\\\/flagallery\\\/txell-miras-primavera-verano-2015\\\/txell-miras-ss-2015-613.jpg\",\"ratio\":0.66815144766146994381728063672198913991451263427734375},{\"id\":\"15983\",\"image\":\"https:\\\/\\\/bobvarela.com\\\/wp-content\\\/flagallery\\\/txell-miras-primavera-verano-2015\\\/webview\\\/txell-miras-ss-2015-614.jpg\",\"thumb\":\"https:\\\/\\\/bobvarela.com\\\/wp-content\\\/flagallery\\\/txell-miras-primavera-verano-2015\\\/thumbs\\\/thumbs_txell-miras-ss-2015-614.jpg\",\"file\":\"txell-miras-ss-2015-614.jpg\",\"meta\":{\"aperture\":false,\"credit\":false,\"camera\":false,\"caption\":\"080 Barcelona Spring-Summer 2015\",\"created_timestamp\":\"July 2, 2014 4:44 pm\",\"copyright\":\"\\u00c2\\u00a9 2014 Estrop-Barcelona PHOTOGRAPH FOR EDITORIAL USE ONLY\",\"focal_length\":false,\"iso\":false,\"shutter_speed\":false,\"flash\":false,\"title\":\"080 Barcelona Spring-Summer 2015\",\"keywords\":\"Spring-Summer 2015\",\"width\":600,\"height\":898,\"saved\":true,\"thumbnail\":{\"width\":220,\"height\":220},\"webview\":{\"0\":600,\"1\":898,\"2\":2,\"3\":\"width=\\\"600\\\" height=\\\"898\\\"\",\"bits\":8,\"channels\":3,\"mime\":\"image\\\/jpeg\"},\"views\":\"12\",\"likes\":\"0\"},\"title\":\"080 Barcelona Spring-Summer 2015\",\"description\":\"<p>080 Barcelona Spring-Summer 2015<\\\/p>\",\"link\":null,\"link_target\":\"\",\"download\":\"https:\\\/\\\/bobvarela.com\\\/wp-content\\\/flagallery\\\/txell-miras-primavera-verano-2015\\\/txell-miras-ss-2015-614.jpg\",\"ratio\":0.66815144766146994381728063672198913991451263427734375},{\"id\":\"15984\",\"image\":\"https:\\\/\\\/bobvarela.com\\\/wp-content\\\/flagallery\\\/txell-miras-primavera-verano-2015\\\/webview\\\/txell-miras-ss-2015-615.jpg\",\"thumb\":\"https:\\\/\\\/bobvarela.com\\\/wp-content\\\/flagallery\\\/txell-miras-primavera-verano-2015\\\/thumbs\\\/thumbs_txell-miras-ss-2015-615.jpg\",\"file\":\"txell-miras-ss-2015-615.jpg\",\"meta\":{\"aperture\":false,\"credit\":false,\"camera\":false,\"caption\":\"080 Barcelona Spring-Summer 2015\",\"created_timestamp\":\"July 2, 2014 4:44 pm\",\"copyright\":\"\\u00c2\\u00a9 2014 Estrop-Barcelona PHOTOGRAPH FOR EDITORIAL USE ONLY\",\"focal_length\":false,\"iso\":false,\"shutter_speed\":false,\"flash\":false,\"title\":\"080 Barcelona Spring-Summer 2015\",\"keywords\":\"Spring-Summer 2015\",\"width\":600,\"height\":898,\"saved\":true,\"thumbnail\":{\"width\":220,\"height\":220},\"webview\":{\"0\":600,\"1\":898,\"2\":2,\"3\":\"width=\\\"600\\\" height=\\\"898\\\"\",\"bits\":8,\"channels\":3,\"mime\":\"image\\\/jpeg\"},\"views\":\"10\",\"likes\":\"0\"},\"title\":\"080 Barcelona Spring-Summer 2015\",\"description\":\"<p>080 Barcelona Spring-Summer 2015<\\\/p>\",\"link\":null,\"link_target\":\"\",\"download\":\"https:\\\/\\\/bobvarela.com\\\/wp-content\\\/flagallery\\\/txell-miras-primavera-verano-2015\\\/txell-miras-ss-2015-615.jpg\",\"ratio\":0.66815144766146994381728063672198913991451263427734375},{\"id\":\"15985\",\"image\":\"https:\\\/\\\/bobvarela.com\\\/wp-content\\\/flagallery\\\/txell-miras-primavera-verano-2015\\\/webview\\\/txell-miras-ss-2015-616.jpg\",\"thumb\":\"https:\\\/\\\/bobvarela.com\\\/wp-content\\\/flagallery\\\/txell-miras-primavera-verano-2015\\\/thumbs\\\/thumbs_txell-miras-ss-2015-616.jpg\",\"file\":\"txell-miras-ss-2015-616.jpg\",\"meta\":{\"aperture\":false,\"credit\":false,\"camera\":false,\"caption\":\"080 Barcelona Spring-Summer 2015\",\"created_timestamp\":\"July 2, 2014 4:44 pm\",\"copyright\":\"\\u00c2\\u00a9 2014 Estrop-Barcelona PHOTOGRAPH FOR EDITORIAL USE ONLY\",\"focal_length\":false,\"iso\":false,\"shutter_speed\":false,\"flash\":false,\"title\":\"080 Barcelona Spring-Summer 2015\",\"keywords\":\"Spring-Summer 2015\",\"width\":600,\"height\":898,\"saved\":true,\"thumbnail\":{\"width\":220,\"height\":220},\"webview\":{\"0\":600,\"1\":898,\"2\":2,\"3\":\"width=\\\"600\\\" height=\\\"898\\\"\",\"bits\":8,\"channels\":3,\"mime\":\"image\\\/jpeg\"},\"views\":\"11\",\"likes\":\"0\"},\"title\":\"080 Barcelona Spring-Summer 2015\",\"description\":\"<p>080 Barcelona Spring-Summer 2015<\\\/p>\",\"link\":null,\"link_target\":\"\",\"download\":\"https:\\\/\\\/bobvarela.com\\\/wp-content\\\/flagallery\\\/txell-miras-primavera-verano-2015\\\/txell-miras-ss-2015-616.jpg\",\"ratio\":0.66815144766146994381728063672198913991451263427734375},{\"id\":\"15986\",\"image\":\"https:\\\/\\\/bobvarela.com\\\/wp-content\\\/flagallery\\\/txell-miras-primavera-verano-2015\\\/webview\\\/txell-miras-ss-2015-617.jpg\",\"thumb\":\"https:\\\/\\\/bobvarela.com\\\/wp-content\\\/flagallery\\\/txell-miras-primavera-verano-2015\\\/thumbs\\\/thumbs_txell-miras-ss-2015-617.jpg\",\"file\":\"txell-miras-ss-2015-617.jpg\",\"meta\":{\"aperture\":false,\"credit\":false,\"camera\":false,\"caption\":\"080 Barcelona Spring-Summer 2015\",\"created_timestamp\":\"July 2, 2014 4:44 pm\",\"copyright\":\"\\u00c2\\u00a9 2014 Estrop-Barcelona PHOTOGRAPH FOR EDITORIAL USE ONLY\",\"focal_length\":false,\"iso\":false,\"shutter_speed\":false,\"flash\":false,\"title\":\"080 Barcelona Spring-Summer 2015\",\"keywords\":\"Spring-Summer 2015\",\"width\":600,\"height\":898,\"saved\":true,\"thumbnail\":{\"width\":220,\"height\":220},\"webview\":{\"0\":600,\"1\":898,\"2\":2,\"3\":\"width=\\\"600\\\" height=\\\"898\\\"\",\"bits\":8,\"channels\":3,\"mime\":\"image\\\/jpeg\"},\"views\":\"9\",\"likes\":\"0\"},\"title\":\"080 Barcelona Spring-Summer 2015\",\"description\":\"<p>080 Barcelona Spring-Summer 2015<\\\/p>\",\"link\":null,\"link_target\":\"\",\"download\":\"https:\\\/\\\/bobvarela.com\\\/wp-content\\\/flagallery\\\/txell-miras-primavera-verano-2015\\\/txell-miras-ss-2015-617.jpg\",\"ratio\":0.66815144766146994381728063672198913991451263427734375},{\"id\":\"15987\",\"image\":\"https:\\\/\\\/bobvarela.com\\\/wp-content\\\/flagallery\\\/txell-miras-primavera-verano-2015\\\/webview\\\/txell-miras-ss-2015-618.jpg\",\"thumb\":\"https:\\\/\\\/bobvarela.com\\\/wp-content\\\/flagallery\\\/txell-miras-primavera-verano-2015\\\/thumbs\\\/thumbs_txell-miras-ss-2015-618.jpg\",\"file\":\"txell-miras-ss-2015-618.jpg\",\"meta\":{\"aperture\":false,\"credit\":false,\"camera\":false,\"caption\":\"080 Barcelona Spring-Summer 2015\",\"created_timestamp\":\"July 2, 2014 4:45 pm\",\"copyright\":\"\\u00c2\\u00a9 2014 Estrop-Barcelona PHOTOGRAPH FOR EDITORIAL USE ONLY\",\"focal_length\":false,\"iso\":false,\"shutter_speed\":false,\"flash\":false,\"title\":\"080 Barcelona Spring-Summer 2015\",\"keywords\":\"Spring-Summer 2015\",\"width\":600,\"height\":898,\"saved\":true,\"thumbnail\":{\"width\":220,\"height\":220},\"webview\":{\"0\":600,\"1\":898,\"2\":2,\"3\":\"width=\\\"600\\\" height=\\\"898\\\"\",\"bits\":8,\"channels\":3,\"mime\":\"image\\\/jpeg\"},\"views\":\"10\",\"likes\":\"0\"},\"title\":\"080 Barcelona Spring-Summer 2015\",\"description\":\"<p>080 Barcelona Spring-Summer 2015<\\\/p>\",\"link\":null,\"link_target\":\"\",\"download\":\"https:\\\/\\\/bobvarela.com\\\/wp-content\\\/flagallery\\\/txell-miras-primavera-verano-2015\\\/txell-miras-ss-2015-618.jpg\",\"ratio\":0.66815144766146994381728063672198913991451263427734375},{\"id\":\"15988\",\"image\":\"https:\\\/\\\/bobvarela.com\\\/wp-content\\\/flagallery\\\/txell-miras-primavera-verano-2015\\\/webview\\\/txell-miras-ss-2015-619.jpg\",\"thumb\":\"https:\\\/\\\/bobvarela.com\\\/wp-content\\\/flagallery\\\/txell-miras-primavera-verano-2015\\\/thumbs\\\/thumbs_txell-miras-ss-2015-619.jpg\",\"file\":\"txell-miras-ss-2015-619.jpg\",\"meta\":{\"aperture\":false,\"credit\":false,\"camera\":false,\"caption\":\"080 Barcelona Spring-Summer 2015\",\"created_timestamp\":\"July 2, 2014 4:45 pm\",\"copyright\":\"\\u00c2\\u00a9 2014 Estrop-Barcelona PHOTOGRAPH FOR EDITORIAL USE ONLY\",\"focal_length\":false,\"iso\":false,\"shutter_speed\":false,\"flash\":false,\"title\":\"080 Barcelona Spring-Summer 2015\",\"keywords\":\"Spring-Summer 2015\",\"width\":600,\"height\":898,\"saved\":true,\"thumbnail\":{\"width\":220,\"height\":220},\"webview\":{\"0\":600,\"1\":898,\"2\":2,\"3\":\"width=\\\"600\\\" height=\\\"898\\\"\",\"bits\":8,\"channels\":3,\"mime\":\"image\\\/jpeg\"},\"views\":\"10\",\"likes\":\"0\"},\"title\":\"080 Barcelona Spring-Summer 2015\",\"description\":\"<p>080 Barcelona Spring-Summer 2015<\\\/p>\",\"link\":null,\"link_target\":\"\",\"download\":\"https:\\\/\\\/bobvarela.com\\\/wp-content\\\/flagallery\\\/txell-miras-primavera-verano-2015\\\/txell-miras-ss-2015-619.jpg\",\"ratio\":0.66815144766146994381728063672198913991451263427734375},{\"id\":\"15989\",\"image\":\"https:\\\/\\\/bobvarela.com\\\/wp-content\\\/flagallery\\\/txell-miras-primavera-verano-2015\\\/webview\\\/txell-miras-ss-2015-620.jpg\",\"thumb\":\"https:\\\/\\\/bobvarela.com\\\/wp-content\\\/flagallery\\\/txell-miras-primavera-verano-2015\\\/thumbs\\\/thumbs_txell-miras-ss-2015-620.jpg\",\"file\":\"txell-miras-ss-2015-620.jpg\",\"meta\":{\"aperture\":false,\"credit\":false,\"camera\":false,\"caption\":\"080 Barcelona Spring-Summer 2015\",\"created_timestamp\":\"July 2, 2014 4:45 pm\",\"copyright\":\"\\u00c2\\u00a9 2014 Estrop-Barcelona PHOTOGRAPH FOR EDITORIAL USE ONLY\",\"focal_length\":false,\"iso\":false,\"shutter_speed\":false,\"flash\":false,\"title\":\"080 Barcelona Spring-Summer 2015\",\"keywords\":\"Spring-Summer 2015\",\"width\":600,\"height\":898,\"saved\":true,\"thumbnail\":{\"width\":220,\"height\":220},\"webview\":{\"0\":600,\"1\":898,\"2\":2,\"3\":\"width=\\\"600\\\" height=\\\"898\\\"\",\"bits\":8,\"channels\":3,\"mime\":\"image\\\/jpeg\"},\"views\":\"11\",\"likes\":\"0\"},\"title\":\"080 Barcelona Spring-Summer 2015\",\"description\":\"<p>080 Barcelona Spring-Summer 2015<\\\/p>\",\"link\":null,\"link_target\":\"\",\"download\":\"https:\\\/\\\/bobvarela.com\\\/wp-content\\\/flagallery\\\/txell-miras-primavera-verano-2015\\\/txell-miras-ss-2015-620.jpg\",\"ratio\":0.66815144766146994381728063672198913991451263427734375},{\"id\":\"15990\",\"image\":\"https:\\\/\\\/bobvarela.com\\\/wp-content\\\/flagallery\\\/txell-miras-primavera-verano-2015\\\/webview\\\/txell-miras-ss-2015-621.jpg\",\"thumb\":\"https:\\\/\\\/bobvarela.com\\\/wp-content\\\/flagallery\\\/txell-miras-primavera-verano-2015\\\/thumbs\\\/thumbs_txell-miras-ss-2015-621.jpg\",\"file\":\"txell-miras-ss-2015-621.jpg\",\"meta\":{\"aperture\":false,\"credit\":false,\"camera\":false,\"caption\":\"080 Barcelona Spring-Summer 2015\",\"created_timestamp\":\"July 2, 2014 4:45 pm\",\"copyright\":\"\\u00c2\\u00a9 2014 Estrop-Barcelona PHOTOGRAPH FOR EDITORIAL USE ONLY\",\"focal_length\":false,\"iso\":false,\"shutter_speed\":false,\"flash\":false,\"title\":\"080 Barcelona Spring-Summer 2015\",\"keywords\":\"Spring-Summer 2015\",\"width\":600,\"height\":898,\"saved\":true,\"thumbnail\":{\"width\":220,\"height\":220},\"webview\":{\"0\":600,\"1\":898,\"2\":2,\"3\":\"width=\\\"600\\\" height=\\\"898\\\"\",\"bits\":8,\"channels\":3,\"mime\":\"image\\\/jpeg\"},\"views\":\"10\",\"likes\":\"0\"},\"title\":\"080 Barcelona Spring-Summer 2015\",\"description\":\"<p>080 Barcelona Spring-Summer 2015<\\\/p>\",\"link\":null,\"link_target\":\"\",\"download\":\"https:\\\/\\\/bobvarela.com\\\/wp-content\\\/flagallery\\\/txell-miras-primavera-verano-2015\\\/txell-miras-ss-2015-621.jpg\",\"ratio\":0.66815144766146994381728063672198913991451263427734375},{\"id\":\"15991\",\"image\":\"https:\\\/\\\/bobvarela.com\\\/wp-content\\\/flagallery\\\/txell-miras-primavera-verano-2015\\\/webview\\\/txell-miras-ss-2015-622.jpg\",\"thumb\":\"https:\\\/\\\/bobvarela.com\\\/wp-content\\\/flagallery\\\/txell-miras-primavera-verano-2015\\\/thumbs\\\/thumbs_txell-miras-ss-2015-622.jpg\",\"file\":\"txell-miras-ss-2015-622.jpg\",\"meta\":{\"aperture\":false,\"credit\":false,\"camera\":false,\"caption\":\"080 Barcelona Spring-Summer 2015\",\"created_timestamp\":\"July 2, 2014 4:45 pm\",\"copyright\":\"\\u00c2\\u00a9 2014 Estrop-Barcelona PHOTOGRAPH FOR EDITORIAL USE ONLY\",\"focal_length\":false,\"iso\":false,\"shutter_speed\":false,\"flash\":false,\"title\":\"080 Barcelona Spring-Summer 2015\",\"keywords\":\"Spring-Summer 2015\",\"width\":600,\"height\":898,\"saved\":true,\"thumbnail\":{\"width\":220,\"height\":220},\"webview\":{\"0\":600,\"1\":898,\"2\":2,\"3\":\"width=\\\"600\\\" height=\\\"898\\\"\",\"bits\":8,\"channels\":3,\"mime\":\"image\\\/jpeg\"},\"views\":\"9\",\"likes\":\"0\"},\"title\":\"080 Barcelona Spring-Summer 2015\",\"description\":\"<p>080 Barcelona Spring-Summer 2015<\\\/p>\",\"link\":null,\"link_target\":\"\",\"download\":\"https:\\\/\\\/bobvarela.com\\\/wp-content\\\/flagallery\\\/txell-miras-primavera-verano-2015\\\/txell-miras-ss-2015-622.jpg\",\"ratio\":0.66815144766146994381728063672198913991451263427734375},{\"id\":\"15992\",\"image\":\"https:\\\/\\\/bobvarela.com\\\/wp-content\\\/flagallery\\\/txell-miras-primavera-verano-2015\\\/webview\\\/txell-miras-ss-2015-623.jpg\",\"thumb\":\"https:\\\/\\\/bobvarela.com\\\/wp-content\\\/flagallery\\\/txell-miras-primavera-verano-2015\\\/thumbs\\\/thumbs_txell-miras-ss-2015-623.jpg\",\"file\":\"txell-miras-ss-2015-623.jpg\",\"meta\":{\"aperture\":false,\"credit\":false,\"camera\":false,\"caption\":\"080 Barcelona Spring-Summer 2015\",\"created_timestamp\":\"July 2, 2014 4:45 pm\",\"copyright\":\"\\u00c2\\u00a9 2014 Estrop-Barcelona PHOTOGRAPH FOR EDITORIAL USE ONLY\",\"focal_length\":false,\"iso\":false,\"shutter_speed\":false,\"flash\":false,\"title\":\"080 Barcelona Spring-Summer 2015\",\"keywords\":\"Spring-Summer 2015\",\"width\":600,\"height\":898,\"saved\":true,\"thumbnail\":{\"width\":220,\"height\":220},\"webview\":{\"0\":600,\"1\":898,\"2\":2,\"3\":\"width=\\\"600\\\" height=\\\"898\\\"\",\"bits\":8,\"channels\":3,\"mime\":\"image\\\/jpeg\"},\"views\":\"8\",\"likes\":\"0\"},\"title\":\"080 Barcelona Spring-Summer 2015\",\"description\":\"<p>080 Barcelona Spring-Summer 2015<\\\/p>\",\"link\":null,\"link_target\":\"\",\"download\":\"https:\\\/\\\/bobvarela.com\\\/wp-content\\\/flagallery\\\/txell-miras-primavera-verano-2015\\\/txell-miras-ss-2015-623.jpg\",\"ratio\":0.66815144766146994381728063672198913991451263427734375},{\"id\":\"15993\",\"image\":\"https:\\\/\\\/bobvarela.com\\\/wp-content\\\/flagallery\\\/txell-miras-primavera-verano-2015\\\/webview\\\/txell-miras-ss-2015-624.jpg\",\"thumb\":\"https:\\\/\\\/bobvarela.com\\\/wp-content\\\/flagallery\\\/txell-miras-primavera-verano-2015\\\/thumbs\\\/thumbs_txell-miras-ss-2015-624.jpg\",\"file\":\"txell-miras-ss-2015-624.jpg\",\"meta\":{\"aperture\":false,\"credit\":false,\"camera\":false,\"caption\":\"080 Barcelona Spring-Summer 2015\",\"created_timestamp\":\"July 2, 2014 4:45 pm\",\"copyright\":\"\\u00c2\\u00a9 2014 Estrop-Barcelona PHOTOGRAPH FOR EDITORIAL USE ONLY\",\"focal_length\":false,\"iso\":false,\"shutter_speed\":false,\"flash\":false,\"title\":\"080 Barcelona Spring-Summer 2015\",\"keywords\":\"Spring-Summer 2015\",\"width\":600,\"height\":898,\"saved\":true,\"thumbnail\":{\"width\":220,\"height\":220},\"webview\":{\"0\":600,\"1\":898,\"2\":2,\"3\":\"width=\\\"600\\\" height=\\\"898\\\"\",\"bits\":8,\"channels\":3,\"mime\":\"image\\\/jpeg\"},\"views\":\"7\",\"likes\":\"0\"},\"title\":\"080 Barcelona Spring-Summer 2015\",\"description\":\"<p>080 Barcelona Spring-Summer 2015<\\\/p>\",\"link\":null,\"link_target\":\"\",\"download\":\"https:\\\/\\\/bobvarela.com\\\/wp-content\\\/flagallery\\\/txell-miras-primavera-verano-2015\\\/txell-miras-ss-2015-624.jpg\",\"ratio\":0.66815144766146994381728063672198913991451263427734375},{\"id\":\"15994\",\"image\":\"https:\\\/\\\/bobvarela.com\\\/wp-content\\\/flagallery\\\/txell-miras-primavera-verano-2015\\\/webview\\\/txell-miras-ss-2015-625.jpg\",\"thumb\":\"https:\\\/\\\/bobvarela.com\\\/wp-content\\\/flagallery\\\/txell-miras-primavera-verano-2015\\\/thumbs\\\/thumbs_txell-miras-ss-2015-625.jpg\",\"file\":\"txell-miras-ss-2015-625.jpg\",\"meta\":{\"aperture\":false,\"credit\":false,\"camera\":false,\"caption\":\"080 Barcelona Spring-Summer 2015\",\"created_timestamp\":\"July 2, 2014 4:45 pm\",\"copyright\":\"\\u00c2\\u00a9 2014 Estrop-Barcelona PHOTOGRAPH FOR EDITORIAL USE ONLY\",\"focal_length\":false,\"iso\":false,\"shutter_speed\":false,\"flash\":false,\"title\":\"080 Barcelona Spring-Summer 2015\",\"keywords\":\"Spring-Summer 2015\",\"width\":600,\"height\":898,\"saved\":true,\"thumbnail\":{\"width\":220,\"height\":220},\"webview\":{\"0\":600,\"1\":898,\"2\":2,\"3\":\"width=\\\"600\\\" height=\\\"898\\\"\",\"bits\":8,\"channels\":3,\"mime\":\"image\\\/jpeg\"},\"views\":\"7\",\"likes\":\"0\"},\"title\":\"080 Barcelona Spring-Summer 2015\",\"description\":\"<p>080 Barcelona Spring-Summer 2015<\\\/p>\",\"link\":null,\"link_target\":\"\",\"download\":\"https:\\\/\\\/bobvarela.com\\\/wp-content\\\/flagallery\\\/txell-miras-primavera-verano-2015\\\/txell-miras-ss-2015-625.jpg\",\"ratio\":0.66815144766146994381728063672198913991451263427734375},{\"id\":\"15995\",\"image\":\"https:\\\/\\\/bobvarela.com\\\/wp-content\\\/flagallery\\\/txell-miras-primavera-verano-2015\\\/webview\\\/txell-miras-ss-2015-626.jpg\",\"thumb\":\"https:\\\/\\\/bobvarela.com\\\/wp-content\\\/flagallery\\\/txell-miras-primavera-verano-2015\\\/thumbs\\\/thumbs_txell-miras-ss-2015-626.jpg\",\"file\":\"txell-miras-ss-2015-626.jpg\",\"meta\":{\"aperture\":false,\"credit\":false,\"camera\":false,\"caption\":\"080 Barcelona Spring-Summer 2015\",\"created_timestamp\":\"July 2, 2014 4:46 pm\",\"copyright\":\"\\u00c2\\u00a9 2014 Estrop-Barcelona PHOTOGRAPH FOR EDITORIAL USE ONLY\",\"focal_length\":false,\"iso\":false,\"shutter_speed\":false,\"flash\":false,\"title\":\"080 Barcelona Spring-Summer 2015\",\"keywords\":\"Spring-Summer 2015\",\"width\":600,\"height\":898,\"saved\":true,\"thumbnail\":{\"width\":220,\"height\":220},\"webview\":{\"0\":600,\"1\":898,\"2\":2,\"3\":\"width=\\\"600\\\" height=\\\"898\\\"\",\"bits\":8,\"channels\":3,\"mime\":\"image\\\/jpeg\"},\"views\":\"5\",\"likes\":\"0\"},\"title\":\"080 Barcelona Spring-Summer 2015\",\"description\":\"<p>080 Barcelona Spring-Summer 2015<\\\/p>\",\"link\":null,\"link_target\":\"\",\"download\":\"https:\\\/\\\/bobvarela.com\\\/wp-content\\\/flagallery\\\/txell-miras-primavera-verano-2015\\\/txell-miras-ss-2015-626.jpg\",\"ratio\":0.66815144766146994381728063672198913991451263427734375},{\"id\":\"15996\",\"image\":\"https:\\\/\\\/bobvarela.com\\\/wp-content\\\/flagallery\\\/txell-miras-primavera-verano-2015\\\/webview\\\/txell-miras-ss-2015-627.jpg\",\"thumb\":\"https:\\\/\\\/bobvarela.com\\\/wp-content\\\/flagallery\\\/txell-miras-primavera-verano-2015\\\/thumbs\\\/thumbs_txell-miras-ss-2015-627.jpg\",\"file\":\"txell-miras-ss-2015-627.jpg\",\"meta\":{\"aperture\":false,\"credit\":false,\"camera\":false,\"caption\":\"080 Barcelona Spring-Summer 2015\",\"created_timestamp\":\"July 2, 2014 4:46 pm\",\"copyright\":\"\\u00c2\\u00a9 2014 Estrop-Barcelona PHOTOGRAPH FOR EDITORIAL USE ONLY\",\"focal_length\":false,\"iso\":false,\"shutter_speed\":false,\"flash\":false,\"title\":\"080 Barcelona Spring-Summer 2015\",\"keywords\":\"Spring-Summer 2015\",\"width\":600,\"height\":898,\"saved\":true,\"thumbnail\":{\"width\":220,\"height\":220},\"webview\":{\"0\":600,\"1\":898,\"2\":2,\"3\":\"width=\\\"600\\\" height=\\\"898\\\"\",\"bits\":8,\"channels\":3,\"mime\":\"image\\\/jpeg\"},\"views\":\"4\",\"likes\":\"0\"},\"title\":\"080 Barcelona Spring-Summer 2015\",\"description\":\"<p>080 Barcelona Spring-Summer 2015<\\\/p>\",\"link\":null,\"link_target\":\"\",\"download\":\"https:\\\/\\\/bobvarela.com\\\/wp-content\\\/flagallery\\\/txell-miras-primavera-verano-2015\\\/txell-miras-ss-2015-627.jpg\",\"ratio\":0.66815144766146994381728063672198913991451263427734375},{\"id\":\"15997\",\"image\":\"https:\\\/\\\/bobvarela.com\\\/wp-content\\\/flagallery\\\/txell-miras-primavera-verano-2015\\\/webview\\\/txell-miras-ss-2015-628.jpg\",\"thumb\":\"https:\\\/\\\/bobvarela.com\\\/wp-content\\\/flagallery\\\/txell-miras-primavera-verano-2015\\\/thumbs\\\/thumbs_txell-miras-ss-2015-628.jpg\",\"file\":\"txell-miras-ss-2015-628.jpg\",\"meta\":{\"aperture\":false,\"credit\":false,\"camera\":false,\"caption\":\"080 Barcelona Spring-Summer 2015\",\"created_timestamp\":\"July 2, 2014 4:46 pm\",\"copyright\":\"\\u00c2\\u00a9 2014 Estrop-Barcelona PHOTOGRAPH FOR EDITORIAL USE ONLY\",\"focal_length\":false,\"iso\":false,\"shutter_speed\":false,\"flash\":false,\"title\":\"080 Barcelona Spring-Summer 2015\",\"keywords\":\"Spring-Summer 2015\",\"width\":600,\"height\":898,\"saved\":true,\"thumbnail\":{\"width\":220,\"height\":220},\"webview\":{\"0\":600,\"1\":898,\"2\":2,\"3\":\"width=\\\"600\\\" height=\\\"898\\\"\",\"bits\":8,\"channels\":3,\"mime\":\"image\\\/jpeg\"},\"views\":\"5\",\"likes\":\"0\"},\"title\":\"080 Barcelona Spring-Summer 2015\",\"description\":\"<p>080 Barcelona Spring-Summer 2015<\\\/p>\",\"link\":null,\"link_target\":\"\",\"download\":\"https:\\\/\\\/bobvarela.com\\\/wp-content\\\/flagallery\\\/txell-miras-primavera-verano-2015\\\/txell-miras-ss-2015-628.jpg\",\"ratio\":0.66815144766146994381728063672198913991451263427734375},{\"id\":\"15998\",\"image\":\"https:\\\/\\\/bobvarela.com\\\/wp-content\\\/flagallery\\\/txell-miras-primavera-verano-2015\\\/webview\\\/txell-miras-ss-2015-629.jpg\",\"thumb\":\"https:\\\/\\\/bobvarela.com\\\/wp-content\\\/flagallery\\\/txell-miras-primavera-verano-2015\\\/thumbs\\\/thumbs_txell-miras-ss-2015-629.jpg\",\"file\":\"txell-miras-ss-2015-629.jpg\",\"meta\":{\"aperture\":false,\"credit\":false,\"camera\":false,\"caption\":\"080 Barcelona Spring-Summer 2015\",\"created_timestamp\":\"July 2, 2014 4:46 pm\",\"copyright\":\"\\u00c2\\u00a9 2014 Estrop-Barcelona PHOTOGRAPH FOR EDITORIAL USE ONLY\",\"focal_length\":false,\"iso\":false,\"shutter_speed\":false,\"flash\":false,\"title\":\"080 Barcelona Spring-Summer 2015\",\"keywords\":\"Spring-Summer 2015\",\"width\":600,\"height\":898,\"saved\":true,\"thumbnail\":{\"width\":220,\"height\":220},\"webview\":{\"0\":600,\"1\":898,\"2\":2,\"3\":\"width=\\\"600\\\" height=\\\"898\\\"\",\"bits\":8,\"channels\":3,\"mime\":\"image\\\/jpeg\"},\"views\":\"4\",\"likes\":\"0\"},\"title\":\"080 Barcelona Spring-Summer 2015\",\"description\":\"<p>080 Barcelona Spring-Summer 2015<\\\/p>\",\"link\":null,\"link_target\":\"\",\"download\":\"https:\\\/\\\/bobvarela.com\\\/wp-content\\\/flagallery\\\/txell-miras-primavera-verano-2015\\\/txell-miras-ss-2015-629.jpg\",\"ratio\":0.66815144766146994381728063672198913991451263427734375},{\"id\":\"15999\",\"image\":\"https:\\\/\\\/bobvarela.com\\\/wp-content\\\/flagallery\\\/txell-miras-primavera-verano-2015\\\/webview\\\/txell-miras-ss-2015-630.jpg\",\"thumb\":\"https:\\\/\\\/bobvarela.com\\\/wp-content\\\/flagallery\\\/txell-miras-primavera-verano-2015\\\/thumbs\\\/thumbs_txell-miras-ss-2015-630.jpg\",\"file\":\"txell-miras-ss-2015-630.jpg\",\"meta\":{\"aperture\":false,\"credit\":false,\"camera\":false,\"caption\":\"080 Barcelona Spring-Summer 2015\",\"created_timestamp\":\"July 2, 2014 4:46 pm\",\"copyright\":\"\\u00c2\\u00a9 2014 Estrop-Barcelona PHOTOGRAPH FOR EDITORIAL USE ONLY\",\"focal_length\":false,\"iso\":false,\"shutter_speed\":false,\"flash\":false,\"title\":\"080 Barcelona Spring-Summer 2015\",\"keywords\":\"Spring-Summer 2015\",\"width\":600,\"height\":898,\"saved\":true,\"thumbnail\":{\"width\":220,\"height\":220},\"webview\":{\"0\":600,\"1\":898,\"2\":2,\"3\":\"width=\\\"600\\\" height=\\\"898\\\"\",\"bits\":8,\"channels\":3,\"mime\":\"image\\\/jpeg\"},\"views\":\"5\",\"likes\":\"0\"},\"title\":\"080 Barcelona Spring-Summer 2015\",\"description\":\"<p>080 Barcelona Spring-Summer 2015<\\\/p>\",\"link\":null,\"link_target\":\"\",\"download\":\"https:\\\/\\\/bobvarela.com\\\/wp-content\\\/flagallery\\\/txell-miras-primavera-verano-2015\\\/txell-miras-ss-2015-630.jpg\",\"ratio\":0.66815144766146994381728063672198913991451263427734375},{\"id\":\"16000\",\"image\":\"https:\\\/\\\/bobvarela.com\\\/wp-content\\\/flagallery\\\/txell-miras-primavera-verano-2015\\\/webview\\\/txell-miras-ss-2015-631.jpg\",\"thumb\":\"https:\\\/\\\/bobvarela.com\\\/wp-content\\\/flagallery\\\/txell-miras-primavera-verano-2015\\\/thumbs\\\/thumbs_txell-miras-ss-2015-631.jpg\",\"file\":\"txell-miras-ss-2015-631.jpg\",\"meta\":{\"aperture\":false,\"credit\":false,\"camera\":false,\"caption\":\"080 Barcelona Spring-Summer 2015\",\"created_timestamp\":\"July 2, 2014 4:46 pm\",\"copyright\":\"\\u00c2\\u00a9 2014 Estrop-Barcelona PHOTOGRAPH FOR EDITORIAL USE ONLY\",\"focal_length\":false,\"iso\":false,\"shutter_speed\":false,\"flash\":false,\"title\":\"080 Barcelona Spring-Summer 2015\",\"keywords\":\"Spring-Summer 2015\",\"width\":600,\"height\":898,\"saved\":true,\"thumbnail\":{\"width\":220,\"height\":220},\"webview\":{\"0\":600,\"1\":898,\"2\":2,\"3\":\"width=\\\"600\\\" height=\\\"898\\\"\",\"bits\":8,\"channels\":3,\"mime\":\"image\\\/jpeg\"},\"views\":\"4\",\"likes\":\"0\"},\"title\":\"080 Barcelona Spring-Summer 2015\",\"description\":\"<p>080 Barcelona Spring-Summer 2015<\\\/p>\",\"link\":null,\"link_target\":\"\",\"download\":\"https:\\\/\\\/bobvarela.com\\\/wp-content\\\/flagallery\\\/txell-miras-primavera-verano-2015\\\/txell-miras-ss-2015-631.jpg\",\"ratio\":0.66815144766146994381728063672198913991451263427734375},{\"id\":\"16001\",\"image\":\"https:\\\/\\\/bobvarela.com\\\/wp-content\\\/flagallery\\\/txell-miras-primavera-verano-2015\\\/webview\\\/txell-miras-ss-2015-632.jpg\",\"thumb\":\"https:\\\/\\\/bobvarela.com\\\/wp-content\\\/flagallery\\\/txell-miras-primavera-verano-2015\\\/thumbs\\\/thumbs_txell-miras-ss-2015-632.jpg\",\"file\":\"txell-miras-ss-2015-632.jpg\",\"meta\":{\"aperture\":false,\"credit\":false,\"camera\":false,\"caption\":\"080 Barcelona Spring-Summer 2015\",\"created_timestamp\":\"July 2, 2014 4:46 pm\",\"copyright\":\"\\u00c2\\u00a9 2014 Estrop-Barcelona PHOTOGRAPH FOR EDITORIAL USE ONLY\",\"focal_length\":false,\"iso\":false,\"shutter_speed\":false,\"flash\":false,\"title\":\"080 Barcelona Spring-Summer 2015\",\"keywords\":\"Spring-Summer 2015\",\"width\":600,\"height\":898,\"saved\":true,\"thumbnail\":{\"width\":220,\"height\":220},\"webview\":{\"0\":600,\"1\":898,\"2\":2,\"3\":\"width=\\\"600\\\" height=\\\"898\\\"\",\"bits\":8,\"channels\":3,\"mime\":\"image\\\/jpeg\"},\"views\":\"5\",\"likes\":\"0\"},\"title\":\"080 Barcelona Spring-Summer 2015\",\"description\":\"<p>080 Barcelona Spring-Summer 2015<\\\/p>\",\"link\":null,\"link_target\":\"\",\"download\":\"https:\\\/\\\/bobvarela.com\\\/wp-content\\\/flagallery\\\/txell-miras-primavera-verano-2015\\\/txell-miras-ss-2015-632.jpg\",\"ratio\":0.66815144766146994381728063672198913991451263427734375},{\"id\":\"16002\",\"image\":\"https:\\\/\\\/bobvarela.com\\\/wp-content\\\/flagallery\\\/txell-miras-primavera-verano-2015\\\/webview\\\/txell-miras-ss-2015-633.jpg\",\"thumb\":\"https:\\\/\\\/bobvarela.com\\\/wp-content\\\/flagallery\\\/txell-miras-primavera-verano-2015\\\/thumbs\\\/thumbs_txell-miras-ss-2015-633.jpg\",\"file\":\"txell-miras-ss-2015-633.jpg\",\"meta\":{\"aperture\":false,\"credit\":false,\"camera\":false,\"caption\":\"080 Barcelona Spring-Summer 2015\",\"created_timestamp\":\"July 2, 2014 4:46 pm\",\"copyright\":\"\\u00c2\\u00a9 2014 Estrop-Barcelona PHOTOGRAPH FOR EDITORIAL USE ONLY\",\"focal_length\":false,\"iso\":false,\"shutter_speed\":false,\"flash\":false,\"title\":\"080 Barcelona Spring-Summer 2015\",\"keywords\":\"Spring-Summer 2015\",\"width\":600,\"height\":898,\"saved\":true,\"thumbnail\":{\"width\":220,\"height\":220},\"webview\":{\"0\":600,\"1\":898,\"2\":2,\"3\":\"width=\\\"600\\\" height=\\\"898\\\"\",\"bits\":8,\"channels\":3,\"mime\":\"image\\\/jpeg\"},\"views\":\"4\",\"likes\":\"0\"},\"title\":\"080 Barcelona Spring-Summer 2015\",\"description\":\"<p>080 Barcelona Spring-Summer 2015<\\\/p>\",\"link\":null,\"link_target\":\"\",\"download\":\"https:\\\/\\\/bobvarela.com\\\/wp-content\\\/flagallery\\\/txell-miras-primavera-verano-2015\\\/txell-miras-ss-2015-633.jpg\",\"ratio\":0.66815144766146994381728063672198913991451263427734375},{\"id\":\"16003\",\"image\":\"https:\\\/\\\/bobvarela.com\\\/wp-content\\\/flagallery\\\/txell-miras-primavera-verano-2015\\\/webview\\\/txell-miras-ss-2015-634.jpg\",\"thumb\":\"https:\\\/\\\/bobvarela.com\\\/wp-content\\\/flagallery\\\/txell-miras-primavera-verano-2015\\\/thumbs\\\/thumbs_txell-miras-ss-2015-634.jpg\",\"file\":\"txell-miras-ss-2015-634.jpg\",\"meta\":{\"aperture\":false,\"credit\":false,\"camera\":false,\"caption\":\"080 Barcelona Spring-Summer 2015\",\"created_timestamp\":\"July 2, 2014 4:46 pm\",\"copyright\":\"\\u00c2\\u00a9 2014 Estrop-Barcelona PHOTOGRAPH FOR EDITORIAL USE ONLY\",\"focal_length\":false,\"iso\":false,\"shutter_speed\":false,\"flash\":false,\"title\":\"080 Barcelona Spring-Summer 2015\",\"keywords\":\"Spring-Summer 2015\",\"width\":600,\"height\":898,\"saved\":true,\"thumbnail\":{\"width\":220,\"height\":220},\"webview\":{\"0\":600,\"1\":898,\"2\":2,\"3\":\"width=\\\"600\\\" height=\\\"898\\\"\",\"bits\":8,\"channels\":3,\"mime\":\"image\\\/jpeg\"},\"views\":\"5\",\"likes\":\"0\"},\"title\":\"080 Barcelona Spring-Summer 2015\",\"description\":\"<p>080 Barcelona Spring-Summer 2015<\\\/p>\",\"link\":null,\"link_target\":\"\",\"download\":\"https:\\\/\\\/bobvarela.com\\\/wp-content\\\/flagallery\\\/txell-miras-primavera-verano-2015\\\/txell-miras-ss-2015-634.jpg\",\"ratio\":0.66815144766146994381728063672198913991451263427734375},{\"id\":\"16004\",\"image\":\"https:\\\/\\\/bobvarela.com\\\/wp-content\\\/flagallery\\\/txell-miras-primavera-verano-2015\\\/webview\\\/txell-miras-ss-2015-635.jpg\",\"thumb\":\"https:\\\/\\\/bobvarela.com\\\/wp-content\\\/flagallery\\\/txell-miras-primavera-verano-2015\\\/thumbs\\\/thumbs_txell-miras-ss-2015-635.jpg\",\"file\":\"txell-miras-ss-2015-635.jpg\",\"meta\":{\"aperture\":false,\"credit\":false,\"camera\":false,\"caption\":\"080 Barcelona Spring-Summer 2015\",\"created_timestamp\":\"July 2, 2014 4:46 pm\",\"copyright\":\"\\u00c2\\u00a9 2014 Estrop-Barcelona PHOTOGRAPH FOR EDITORIAL USE ONLY\",\"focal_length\":false,\"iso\":false,\"shutter_speed\":false,\"flash\":false,\"title\":\"080 Barcelona Spring-Summer 2015\",\"keywords\":\"Spring-Summer 2015\",\"width\":600,\"height\":898,\"saved\":true,\"thumbnail\":{\"width\":220,\"height\":220},\"webview\":{\"0\":600,\"1\":898,\"2\":2,\"3\":\"width=\\\"600\\\" height=\\\"898\\\"\",\"bits\":8,\"channels\":3,\"mime\":\"image\\\/jpeg\"},\"views\":\"5\",\"likes\":\"0\"},\"title\":\"080 Barcelona Spring-Summer 2015\",\"description\":\"<p>080 Barcelona Spring-Summer 2015<\\\/p>\",\"link\":null,\"link_target\":\"\",\"download\":\"https:\\\/\\\/bobvarela.com\\\/wp-content\\\/flagallery\\\/txell-miras-primavera-verano-2015\\\/txell-miras-ss-2015-635.jpg\",\"ratio\":0.66815144766146994381728063672198913991451263427734375},{\"id\":\"16005\",\"image\":\"https:\\\/\\\/bobvarela.com\\\/wp-content\\\/flagallery\\\/txell-miras-primavera-verano-2015\\\/webview\\\/txell-miras-ss-2015-636.jpg\",\"thumb\":\"https:\\\/\\\/bobvarela.com\\\/wp-content\\\/flagallery\\\/txell-miras-primavera-verano-2015\\\/thumbs\\\/thumbs_txell-miras-ss-2015-636.jpg\",\"file\":\"txell-miras-ss-2015-636.jpg\",\"meta\":{\"aperture\":false,\"credit\":false,\"camera\":false,\"caption\":\"080 Barcelona Spring-Summer 2015\",\"created_timestamp\":\"July 2, 2014 4:46 pm\",\"copyright\":\"\\u00c2\\u00a9 2014 Estrop-Barcelona PHOTOGRAPH FOR EDITORIAL USE ONLY\",\"focal_length\":false,\"iso\":false,\"shutter_speed\":false,\"flash\":false,\"title\":\"080 Barcelona Spring-Summer 2015\",\"keywords\":\"Spring-Summer 2015\",\"width\":600,\"height\":898,\"saved\":true,\"thumbnail\":{\"width\":220,\"height\":220},\"webview\":{\"0\":600,\"1\":898,\"2\":2,\"3\":\"width=\\\"600\\\" height=\\\"898\\\"\",\"bits\":8,\"channels\":3,\"mime\":\"image\\\/jpeg\"},\"views\":\"5\",\"likes\":\"0\"},\"title\":\"080 Barcelona Spring-Summer 2015\",\"description\":\"<p>080 Barcelona Spring-Summer 2015<\\\/p>\",\"link\":null,\"link_target\":\"\",\"download\":\"https:\\\/\\\/bobvarela.com\\\/wp-content\\\/flagallery\\\/txell-miras-primavera-verano-2015\\\/txell-miras-ss-2015-636.jpg\",\"ratio\":0.66815144766146994381728063672198913991451263427734375},{\"id\":\"16006\",\"image\":\"https:\\\/\\\/bobvarela.com\\\/wp-content\\\/flagallery\\\/txell-miras-primavera-verano-2015\\\/webview\\\/txell-miras-ss-2015-637.jpg\",\"thumb\":\"https:\\\/\\\/bobvarela.com\\\/wp-content\\\/flagallery\\\/txell-miras-primavera-verano-2015\\\/thumbs\\\/thumbs_txell-miras-ss-2015-637.jpg\",\"file\":\"txell-miras-ss-2015-637.jpg\",\"meta\":{\"aperture\":false,\"credit\":false,\"camera\":false,\"caption\":\"080 Barcelona Spring-Summer 2015\",\"created_timestamp\":\"July 2, 2014 4:47 pm\",\"copyright\":\"\\u00c2\\u00a9 2014 Estrop-Barcelona PHOTOGRAPH FOR EDITORIAL USE ONLY\",\"focal_length\":false,\"iso\":false,\"shutter_speed\":false,\"flash\":false,\"title\":\"080 Barcelona Spring-Summer 2015\",\"keywords\":\"Spring-Summer 2015\",\"width\":600,\"height\":898,\"saved\":true,\"thumbnail\":{\"width\":220,\"height\":220},\"webview\":{\"0\":600,\"1\":898,\"2\":2,\"3\":\"width=\\\"600\\\" height=\\\"898\\\"\",\"bits\":8,\"channels\":3,\"mime\":\"image\\\/jpeg\"},\"views\":\"4\",\"likes\":\"0\"},\"title\":\"080 Barcelona Spring-Summer 2015\",\"description\":\"<p>080 Barcelona Spring-Summer 2015<\\\/p>\",\"link\":null,\"link_target\":\"\",\"download\":\"https:\\\/\\\/bobvarela.com\\\/wp-content\\\/flagallery\\\/txell-miras-primavera-verano-2015\\\/txell-miras-ss-2015-637.jpg\",\"ratio\":0.66815144766146994381728063672198913991451263427734375},{\"id\":\"16007\",\"image\":\"https:\\\/\\\/bobvarela.com\\\/wp-content\\\/flagallery\\\/txell-miras-primavera-verano-2015\\\/webview\\\/txell-miras-ss-2015-638.jpg\",\"thumb\":\"https:\\\/\\\/bobvarela.com\\\/wp-content\\\/flagallery\\\/txell-miras-primavera-verano-2015\\\/thumbs\\\/thumbs_txell-miras-ss-2015-638.jpg\",\"file\":\"txell-miras-ss-2015-638.jpg\",\"meta\":{\"aperture\":false,\"credit\":false,\"camera\":false,\"caption\":\"080 Barcelona Spring-Summer 2015\",\"created_timestamp\":\"July 2, 2014 4:47 pm\",\"copyright\":\"\\u00c2\\u00a9 2014 Estrop-Barcelona PHOTOGRAPH FOR EDITORIAL USE ONLY\",\"focal_length\":false,\"iso\":false,\"shutter_speed\":false,\"flash\":false,\"title\":\"080 Barcelona Spring-Summer 2015\",\"keywords\":\"Spring-Summer 2015\",\"width\":600,\"height\":898,\"saved\":true,\"thumbnail\":{\"width\":220,\"height\":220},\"webview\":{\"0\":600,\"1\":898,\"2\":2,\"3\":\"width=\\\"600\\\" height=\\\"898\\\"\",\"bits\":8,\"channels\":3,\"mime\":\"image\\\/jpeg\"},\"views\":\"5\",\"likes\":\"0\"},\"title\":\"080 Barcelona Spring-Summer 2015\",\"description\":\"<p>080 Barcelona Spring-Summer 2015<\\\/p>\",\"link\":null,\"link_target\":\"\",\"download\":\"https:\\\/\\\/bobvarela.com\\\/wp-content\\\/flagallery\\\/txell-miras-primavera-verano-2015\\\/txell-miras-ss-2015-638.jpg\",\"ratio\":0.66815144766146994381728063672198913991451263427734375},{\"id\":\"16008\",\"image\":\"https:\\\/\\\/bobvarela.com\\\/wp-content\\\/flagallery\\\/txell-miras-primavera-verano-2015\\\/webview\\\/txell-miras-ss-2015-639.jpg\",\"thumb\":\"https:\\\/\\\/bobvarela.com\\\/wp-content\\\/flagallery\\\/txell-miras-primavera-verano-2015\\\/thumbs\\\/thumbs_txell-miras-ss-2015-639.jpg\",\"file\":\"txell-miras-ss-2015-639.jpg\",\"meta\":{\"aperture\":false,\"credit\":false,\"camera\":false,\"caption\":\"080 Barcelona Spring-Summer 2015\",\"created_timestamp\":\"July 2, 2014 4:47 pm\",\"copyright\":\"\\u00c2\\u00a9 2014 Estrop-Barcelona PHOTOGRAPH FOR EDITORIAL USE ONLY\",\"focal_length\":false,\"iso\":false,\"shutter_speed\":false,\"flash\":false,\"title\":\"080 Barcelona Spring-Summer 2015\",\"keywords\":\"Spring-Summer 2015\",\"width\":600,\"height\":898,\"saved\":true,\"thumbnail\":{\"width\":220,\"height\":220},\"webview\":{\"0\":600,\"1\":898,\"2\":2,\"3\":\"width=\\\"600\\\" height=\\\"898\\\"\",\"bits\":8,\"channels\":3,\"mime\":\"image\\\/jpeg\"},\"views\":\"3\",\"likes\":\"0\"},\"title\":\"080 Barcelona Spring-Summer 2015\",\"description\":\"<p>080 Barcelona Spring-Summer 2015<\\\/p>\",\"link\":null,\"link_target\":\"\",\"download\":\"https:\\\/\\\/bobvarela.com\\\/wp-content\\\/flagallery\\\/txell-miras-primavera-verano-2015\\\/txell-miras-ss-2015-639.jpg\",\"ratio\":0.66815144766146994381728063672198913991451263427734375},{\"id\":\"16009\",\"image\":\"https:\\\/\\\/bobvarela.com\\\/wp-content\\\/flagallery\\\/txell-miras-primavera-verano-2015\\\/webview\\\/txell-miras-ss-2015-640.jpg\",\"thumb\":\"https:\\\/\\\/bobvarela.com\\\/wp-content\\\/flagallery\\\/txell-miras-primavera-verano-2015\\\/thumbs\\\/thumbs_txell-miras-ss-2015-640.jpg\",\"file\":\"txell-miras-ss-2015-640.jpg\",\"meta\":{\"aperture\":false,\"credit\":false,\"camera\":false,\"caption\":\"080 Barcelona Spring-Summer 2015\",\"created_timestamp\":\"July 2, 2014 4:47 pm\",\"copyright\":\"\\u00c2\\u00a9 2014 Estrop-Barcelona PHOTOGRAPH FOR EDITORIAL USE ONLY\",\"focal_length\":false,\"iso\":false,\"shutter_speed\":false,\"flash\":false,\"title\":\"080 Barcelona Spring-Summer 2015\",\"keywords\":\"Spring-Summer 2015\",\"width\":600,\"height\":898,\"saved\":true,\"thumbnail\":{\"width\":220,\"height\":220},\"webview\":{\"0\":600,\"1\":898,\"2\":2,\"3\":\"width=\\\"600\\\" height=\\\"898\\\"\",\"bits\":8,\"channels\":3,\"mime\":\"image\\\/jpeg\"},\"views\":\"3\",\"likes\":\"0\"},\"title\":\"080 Barcelona Spring-Summer 2015\",\"description\":\"<p>080 Barcelona Spring-Summer 2015<\\\/p>\",\"link\":null,\"link_target\":\"\",\"download\":\"https:\\\/\\\/bobvarela.com\\\/wp-content\\\/flagallery\\\/txell-miras-primavera-verano-2015\\\/txell-miras-ss-2015-640.jpg\",\"ratio\":0.66815144766146994381728063672198913991451263427734375},{\"id\":\"16010\",\"image\":\"https:\\\/\\\/bobvarela.com\\\/wp-content\\\/flagallery\\\/txell-miras-primavera-verano-2015\\\/webview\\\/txell-miras-ss-2015-641.jpg\",\"thumb\":\"https:\\\/\\\/bobvarela.com\\\/wp-content\\\/flagallery\\\/txell-miras-primavera-verano-2015\\\/thumbs\\\/thumbs_txell-miras-ss-2015-641.jpg\",\"file\":\"txell-miras-ss-2015-641.jpg\",\"meta\":{\"aperture\":false,\"credit\":false,\"camera\":false,\"caption\":\"080 Barcelona Spring-Summer 2015\",\"created_timestamp\":\"July 2, 2014 4:47 pm\",\"copyright\":\"\\u00c2\\u00a9 2014 Estrop-Barcelona PHOTOGRAPH FOR EDITORIAL USE ONLY\",\"focal_length\":false,\"iso\":false,\"shutter_speed\":false,\"flash\":false,\"title\":\"080 Barcelona Spring-Summer 2015\",\"keywords\":\"Spring-Summer 2015\",\"width\":600,\"height\":898,\"saved\":true,\"thumbnail\":{\"width\":220,\"height\":220},\"webview\":{\"0\":600,\"1\":898,\"2\":2,\"3\":\"width=\\\"600\\\" height=\\\"898\\\"\",\"bits\":8,\"channels\":3,\"mime\":\"image\\\/jpeg\"},\"views\":\"3\",\"likes\":\"0\"},\"title\":\"080 Barcelona Spring-Summer 2015\",\"description\":\"<p>080 Barcelona Spring-Summer 2015<\\\/p>\",\"link\":null,\"link_target\":\"\",\"download\":\"https:\\\/\\\/bobvarela.com\\\/wp-content\\\/flagallery\\\/txell-miras-primavera-verano-2015\\\/txell-miras-ss-2015-641.jpg\",\"ratio\":0.66815144766146994381728063672198913991451263427734375},{\"id\":\"16011\",\"image\":\"https:\\\/\\\/bobvarela.com\\\/wp-content\\\/flagallery\\\/txell-miras-primavera-verano-2015\\\/webview\\\/txell-miras-ss-2015-642.jpg\",\"thumb\":\"https:\\\/\\\/bobvarela.com\\\/wp-content\\\/flagallery\\\/txell-miras-primavera-verano-2015\\\/thumbs\\\/thumbs_txell-miras-ss-2015-642.jpg\",\"file\":\"txell-miras-ss-2015-642.jpg\",\"meta\":{\"aperture\":false,\"credit\":false,\"camera\":false,\"caption\":\"080 Barcelona Spring-Summer 2015\",\"created_timestamp\":\"July 2, 2014 4:47 pm\",\"copyright\":\"\\u00c2\\u00a9 2014 Estrop-Barcelona PHOTOGRAPH FOR EDITORIAL USE ONLY\",\"focal_length\":false,\"iso\":false,\"shutter_speed\":false,\"flash\":false,\"title\":\"080 Barcelona Spring-Summer 2015\",\"keywords\":\"Spring-Summer 2015\",\"width\":600,\"height\":898,\"saved\":true,\"thumbnail\":{\"width\":220,\"height\":220},\"webview\":{\"0\":600,\"1\":898,\"2\":2,\"3\":\"width=\\\"600\\\" height=\\\"898\\\"\",\"bits\":8,\"channels\":3,\"mime\":\"image\\\/jpeg\"},\"views\":\"4\",\"likes\":\"0\"},\"title\":\"080 Barcelona Spring-Summer 2015\",\"description\":\"<p>080 Barcelona Spring-Summer 2015<\\\/p>\",\"link\":null,\"link_target\":\"\",\"download\":\"https:\\\/\\\/bobvarela.com\\\/wp-content\\\/flagallery\\\/txell-miras-primavera-verano-2015\\\/txell-miras-ss-2015-642.jpg\",\"ratio\":0.66815144766146994381728063672198913991451263427734375},{\"id\":\"16012\",\"image\":\"https:\\\/\\\/bobvarela.com\\\/wp-content\\\/flagallery\\\/txell-miras-primavera-verano-2015\\\/webview\\\/txell-miras-ss-2015-643.jpg\",\"thumb\":\"https:\\\/\\\/bobvarela.com\\\/wp-content\\\/flagallery\\\/txell-miras-primavera-verano-2015\\\/thumbs\\\/thumbs_txell-miras-ss-2015-643.jpg\",\"file\":\"txell-miras-ss-2015-643.jpg\",\"meta\":{\"aperture\":false,\"credit\":false,\"camera\":false,\"caption\":\"080 Barcelona Spring-Summer 2015\",\"created_timestamp\":\"July 2, 2014 4:47 pm\",\"copyright\":\"\\u00c2\\u00a9 2014 Estrop-Barcelona PHOTOGRAPH FOR EDITORIAL USE ONLY\",\"focal_length\":false,\"iso\":false,\"shutter_speed\":false,\"flash\":false,\"title\":\"080 Barcelona Spring-Summer 2015\",\"keywords\":\"Spring-Summer 2015\",\"width\":600,\"height\":898,\"saved\":true,\"thumbnail\":{\"width\":220,\"height\":220},\"webview\":{\"0\":600,\"1\":898,\"2\":2,\"3\":\"width=\\\"600\\\" height=\\\"898\\\"\",\"bits\":8,\"channels\":3,\"mime\":\"image\\\/jpeg\"},\"views\":\"4\",\"likes\":\"0\"},\"title\":\"080 Barcelona Spring-Summer 2015\",\"description\":\"<p>080 Barcelona Spring-Summer 2015<\\\/p>\",\"link\":null,\"link_target\":\"\",\"download\":\"https:\\\/\\\/bobvarela.com\\\/wp-content\\\/flagallery\\\/txell-miras-primavera-verano-2015\\\/txell-miras-ss-2015-643.jpg\",\"ratio\":0.66815144766146994381728063672198913991451263427734375},{\"id\":\"16013\",\"image\":\"https:\\\/\\\/bobvarela.com\\\/wp-content\\\/flagallery\\\/txell-miras-primavera-verano-2015\\\/webview\\\/txell-miras-ss-2015-644.jpg\",\"thumb\":\"https:\\\/\\\/bobvarela.com\\\/wp-content\\\/flagallery\\\/txell-miras-primavera-verano-2015\\\/thumbs\\\/thumbs_txell-miras-ss-2015-644.jpg\",\"file\":\"txell-miras-ss-2015-644.jpg\",\"meta\":{\"aperture\":false,\"credit\":false,\"camera\":false,\"caption\":\"080 Barcelona Spring-Summer 2015\",\"created_timestamp\":\"July 2, 2014 4:47 pm\",\"copyright\":\"\\u00c2\\u00a9 2014 Estrop-Barcelona PHOTOGRAPH FOR EDITORIAL USE ONLY\",\"focal_length\":false,\"iso\":false,\"shutter_speed\":false,\"flash\":false,\"title\":\"080 Barcelona Spring-Summer 2015\",\"keywords\":\"Spring-Summer 2015\",\"width\":600,\"height\":898,\"saved\":true,\"thumbnail\":{\"width\":220,\"height\":220},\"webview\":{\"0\":600,\"1\":898,\"2\":2,\"3\":\"width=\\\"600\\\" height=\\\"898\\\"\",\"bits\":8,\"channels\":3,\"mime\":\"image\\\/jpeg\"},\"views\":\"3\",\"likes\":\"0\"},\"title\":\"080 Barcelona Spring-Summer 2015\",\"description\":\"<p>080 Barcelona Spring-Summer 2015<\\\/p>\",\"link\":null,\"link_target\":\"\",\"download\":\"https:\\\/\\\/bobvarela.com\\\/wp-content\\\/flagallery\\\/txell-miras-primavera-verano-2015\\\/txell-miras-ss-2015-644.jpg\",\"ratio\":0.66815144766146994381728063672198913991451263427734375},{\"id\":\"16014\",\"image\":\"https:\\\/\\\/bobvarela.com\\\/wp-content\\\/flagallery\\\/txell-miras-primavera-verano-2015\\\/webview\\\/txell-miras-ss-2015-645.jpg\",\"thumb\":\"https:\\\/\\\/bobvarela.com\\\/wp-content\\\/flagallery\\\/txell-miras-primavera-verano-2015\\\/thumbs\\\/thumbs_txell-miras-ss-2015-645.jpg\",\"file\":\"txell-miras-ss-2015-645.jpg\",\"meta\":{\"aperture\":false,\"credit\":false,\"camera\":false,\"caption\":\"080 Barcelona Spring-Summer 2015\",\"created_timestamp\":\"July 2, 2014 4:47 pm\",\"copyright\":\"\\u00c2\\u00a9 2014 Estrop-Barcelona PHOTOGRAPH FOR EDITORIAL USE ONLY\",\"focal_length\":false,\"iso\":false,\"shutter_speed\":false,\"flash\":false,\"title\":\"080 Barcelona Spring-Summer 2015\",\"keywords\":\"Spring-Summer 2015\",\"width\":600,\"height\":898,\"saved\":true,\"thumbnail\":{\"width\":220,\"height\":220},\"webview\":{\"0\":600,\"1\":898,\"2\":2,\"3\":\"width=\\\"600\\\" height=\\\"898\\\"\",\"bits\":8,\"channels\":3,\"mime\":\"image\\\/jpeg\"},\"views\":\"4\",\"likes\":\"0\"},\"title\":\"080 Barcelona Spring-Summer 2015\",\"description\":\"<p>080 Barcelona Spring-Summer 2015<\\\/p>\",\"link\":null,\"link_target\":\"\",\"download\":\"https:\\\/\\\/bobvarela.com\\\/wp-content\\\/flagallery\\\/txell-miras-primavera-verano-2015\\\/txell-miras-ss-2015-645.jpg\",\"ratio\":0.66815144766146994381728063672198913991451263427734375},{\"id\":\"16015\",\"image\":\"https:\\\/\\\/bobvarela.com\\\/wp-content\\\/flagallery\\\/txell-miras-primavera-verano-2015\\\/webview\\\/txell-miras-ss-2015-646.jpg\",\"thumb\":\"https:\\\/\\\/bobvarela.com\\\/wp-content\\\/flagallery\\\/txell-miras-primavera-verano-2015\\\/thumbs\\\/thumbs_txell-miras-ss-2015-646.jpg\",\"file\":\"txell-miras-ss-2015-646.jpg\",\"meta\":{\"aperture\":false,\"credit\":false,\"camera\":false,\"caption\":\"080 Barcelona Spring-Summer 2015\",\"created_timestamp\":\"July 2, 2014 4:47 pm\",\"copyright\":\"\\u00c2\\u00a9 2014 Estrop-Barcelona PHOTOGRAPH FOR EDITORIAL USE ONLY\",\"focal_length\":false,\"iso\":false,\"shutter_speed\":false,\"flash\":false,\"title\":\"080 Barcelona Spring-Summer 2015\",\"keywords\":\"Spring-Summer 2015\",\"width\":600,\"height\":898,\"saved\":true,\"thumbnail\":{\"width\":220,\"height\":220},\"webview\":{\"0\":600,\"1\":898,\"2\":2,\"3\":\"width=\\\"600\\\" height=\\\"898\\\"\",\"bits\":8,\"channels\":3,\"mime\":\"image\\\/jpeg\"},\"views\":\"3\",\"likes\":\"0\"},\"title\":\"080 Barcelona Spring-Summer 2015\",\"description\":\"<p>080 Barcelona Spring-Summer 2015<\\\/p>\",\"link\":null,\"link_target\":\"\",\"download\":\"https:\\\/\\\/bobvarela.com\\\/wp-content\\\/flagallery\\\/txell-miras-primavera-verano-2015\\\/txell-miras-ss-2015-646.jpg\",\"ratio\":0.66815144766146994381728063672198913991451263427734375},{\"id\":\"16016\",\"image\":\"https:\\\/\\\/bobvarela.com\\\/wp-content\\\/flagallery\\\/txell-miras-primavera-verano-2015\\\/webview\\\/txell-miras-ss-2015-647.jpg\",\"thumb\":\"https:\\\/\\\/bobvarela.com\\\/wp-content\\\/flagallery\\\/txell-miras-primavera-verano-2015\\\/thumbs\\\/thumbs_txell-miras-ss-2015-647.jpg\",\"file\":\"txell-miras-ss-2015-647.jpg\",\"meta\":{\"aperture\":false,\"credit\":false,\"camera\":false,\"caption\":\"080 Barcelona Spring-Summer 2015\",\"created_timestamp\":\"July 2, 2014 4:48 pm\",\"copyright\":\"\\u00c2\\u00a9 2014 Estrop-Barcelona PHOTOGRAPH FOR EDITORIAL USE ONLY\",\"focal_length\":false,\"iso\":false,\"shutter_speed\":false,\"flash\":false,\"title\":\"080 Barcelona Spring-Summer 2015\",\"keywords\":\"Spring-Summer 2015\",\"width\":600,\"height\":898,\"saved\":true,\"thumbnail\":{\"width\":220,\"height\":220},\"webview\":{\"0\":600,\"1\":898,\"2\":2,\"3\":\"width=\\\"600\\\" height=\\\"898\\\"\",\"bits\":8,\"channels\":3,\"mime\":\"image\\\/jpeg\"},\"views\":\"3\",\"likes\":\"0\"},\"title\":\"080 Barcelona Spring-Summer 2015\",\"description\":\"<p>080 Barcelona Spring-Summer 2015<\\\/p>\",\"link\":null,\"link_target\":\"\",\"download\":\"https:\\\/\\\/bobvarela.com\\\/wp-content\\\/flagallery\\\/txell-miras-primavera-verano-2015\\\/txell-miras-ss-2015-647.jpg\",\"ratio\":0.66815144766146994381728063672198913991451263427734375},{\"id\":\"16017\",\"image\":\"https:\\\/\\\/bobvarela.com\\\/wp-content\\\/flagallery\\\/txell-miras-primavera-verano-2015\\\/webview\\\/txell-miras-ss-2015-648.jpg\",\"thumb\":\"https:\\\/\\\/bobvarela.com\\\/wp-content\\\/flagallery\\\/txell-miras-primavera-verano-2015\\\/thumbs\\\/thumbs_txell-miras-ss-2015-648.jpg\",\"file\":\"txell-miras-ss-2015-648.jpg\",\"meta\":{\"aperture\":false,\"credit\":false,\"camera\":false,\"caption\":\"080 Barcelona Spring-Summer 2015\",\"created_timestamp\":\"July 2, 2014 4:48 pm\",\"copyright\":\"\\u00c2\\u00a9 2014 Estrop-Barcelona PHOTOGRAPH FOR EDITORIAL USE ONLY\",\"focal_length\":false,\"iso\":false,\"shutter_speed\":false,\"flash\":false,\"title\":\"080 Barcelona Spring-Summer 2015\",\"keywords\":\"Spring-Summer 2015\",\"width\":600,\"height\":898,\"saved\":true,\"thumbnail\":{\"width\":220,\"height\":220},\"webview\":{\"0\":600,\"1\":898,\"2\":2,\"3\":\"width=\\\"600\\\" height=\\\"898\\\"\",\"bits\":8,\"channels\":3,\"mime\":\"image\\\/jpeg\"},\"views\":\"3\",\"likes\":\"0\"},\"title\":\"080 Barcelona Spring-Summer 2015\",\"description\":\"<p>080 Barcelona Spring-Summer 2015<\\\/p>\",\"link\":null,\"link_target\":\"\",\"download\":\"https:\\\/\\\/bobvarela.com\\\/wp-content\\\/flagallery\\\/txell-miras-primavera-verano-2015\\\/txell-miras-ss-2015-648.jpg\",\"ratio\":0.66815144766146994381728063672198913991451263427734375},{\"id\":\"16018\",\"image\":\"https:\\\/\\\/bobvarela.com\\\/wp-content\\\/flagallery\\\/txell-miras-primavera-verano-2015\\\/webview\\\/txell-miras-ss-2015-649.jpg\",\"thumb\":\"https:\\\/\\\/bobvarela.com\\\/wp-content\\\/flagallery\\\/txell-miras-primavera-verano-2015\\\/thumbs\\\/thumbs_txell-miras-ss-2015-649.jpg\",\"file\":\"txell-miras-ss-2015-649.jpg\",\"meta\":{\"aperture\":false,\"credit\":false,\"camera\":false,\"caption\":\"080 Barcelona Spring-Summer 2015\",\"created_timestamp\":\"July 2, 2014 4:48 pm\",\"copyright\":\"\\u00c2\\u00a9 2014 Estrop-Barcelona PHOTOGRAPH FOR EDITORIAL USE ONLY\",\"focal_length\":false,\"iso\":false,\"shutter_speed\":false,\"flash\":false,\"title\":\"080 Barcelona Spring-Summer 2015\",\"keywords\":\"Spring-Summer 2015\",\"width\":600,\"height\":898,\"saved\":true,\"thumbnail\":{\"width\":220,\"height\":220},\"webview\":{\"0\":600,\"1\":898,\"2\":2,\"3\":\"width=\\\"600\\\" height=\\\"898\\\"\",\"bits\":8,\"channels\":3,\"mime\":\"image\\\/jpeg\"},\"views\":\"3\",\"likes\":\"0\"},\"title\":\"080 Barcelona Spring-Summer 2015\",\"description\":\"<p>080 Barcelona Spring-Summer 2015<\\\/p>\",\"link\":null,\"link_target\":\"\",\"download\":\"https:\\\/\\\/bobvarela.com\\\/wp-content\\\/flagallery\\\/txell-miras-primavera-verano-2015\\\/txell-miras-ss-2015-649.jpg\",\"ratio\":0.66815144766146994381728063672198913991451263427734375},{\"id\":\"16019\",\"image\":\"https:\\\/\\\/bobvarela.com\\\/wp-content\\\/flagallery\\\/txell-miras-primavera-verano-2015\\\/webview\\\/txell-miras-ss-2015-650.jpg\",\"thumb\":\"https:\\\/\\\/bobvarela.com\\\/wp-content\\\/flagallery\\\/txell-miras-primavera-verano-2015\\\/thumbs\\\/thumbs_txell-miras-ss-2015-650.jpg\",\"file\":\"txell-miras-ss-2015-650.jpg\",\"meta\":{\"aperture\":false,\"credit\":false,\"camera\":false,\"caption\":\"080 Barcelona Spring-Summer 2015\",\"created_timestamp\":\"July 2, 2014 4:48 pm\",\"copyright\":\"\\u00c2\\u00a9 2014 Estrop-Barcelona PHOTOGRAPH FOR EDITORIAL USE ONLY\",\"focal_length\":false,\"iso\":false,\"shutter_speed\":false,\"flash\":false,\"title\":\"080 Barcelona Spring-Summer 2015\",\"keywords\":\"Spring-Summer 2015\",\"width\":898,\"height\":600,\"saved\":true,\"thumbnail\":{\"width\":220,\"height\":220},\"webview\":{\"0\":898,\"1\":600,\"2\":2,\"3\":\"width=\\\"898\\\" height=\\\"600\\\"\",\"bits\":8,\"channels\":3,\"mime\":\"image\\\/jpeg\"},\"views\":\"3\",\"likes\":\"0\"},\"title\":\"080 Barcelona Spring-Summer 2015\",\"description\":\"<p>080 Barcelona Spring-Summer 2015<\\\/p>\",\"link\":null,\"link_target\":\"\",\"download\":\"https:\\\/\\\/bobvarela.com\\\/wp-content\\\/flagallery\\\/txell-miras-primavera-verano-2015\\\/txell-miras-ss-2015-650.jpg\",\"ratio\":1.496666666666666589691203625989146530628204345703125},{\"id\":\"16020\",\"image\":\"https:\\\/\\\/bobvarela.com\\\/wp-content\\\/flagallery\\\/txell-miras-primavera-verano-2015\\\/webview\\\/txell-miras-ss-2015-651.jpg\",\"thumb\":\"https:\\\/\\\/bobvarela.com\\\/wp-content\\\/flagallery\\\/txell-miras-primavera-verano-2015\\\/thumbs\\\/thumbs_txell-miras-ss-2015-651.jpg\",\"file\":\"txell-miras-ss-2015-651.jpg\",\"meta\":{\"aperture\":false,\"credit\":false,\"camera\":false,\"caption\":\"080 Barcelona Spring-Summer 2015\",\"created_timestamp\":\"July 2, 2014 4:48 pm\",\"copyright\":\"\\u00c2\\u00a9 2014 Estrop-Barcelona PHOTOGRAPH FOR EDITORIAL USE ONLY\",\"focal_length\":false,\"iso\":false,\"shutter_speed\":false,\"flash\":false,\"title\":\"080 Barcelona Spring-Summer 2015\",\"keywords\":\"Spring-Summer 2015\",\"width\":600,\"height\":898,\"saved\":true,\"thumbnail\":{\"width\":220,\"height\":220},\"webview\":{\"0\":600,\"1\":898,\"2\":2,\"3\":\"width=\\\"600\\\" height=\\\"898\\\"\",\"bits\":8,\"channels\":3,\"mime\":\"image\\\/jpeg\"},\"views\":\"3\",\"likes\":\"0\"},\"title\":\"080 Barcelona Spring-Summer 2015\",\"description\":\"<p>080 Barcelona Spring-Summer 2015<\\\/p>\",\"link\":null,\"link_target\":\"\",\"download\":\"https:\\\/\\\/bobvarela.com\\\/wp-content\\\/flagallery\\\/txell-miras-primavera-verano-2015\\\/txell-miras-ss-2015-651.jpg\",\"ratio\":0.66815144766146994381728063672198913991451263427734375},{\"id\":\"16021\",\"image\":\"https:\\\/\\\/bobvarela.com\\\/wp-content\\\/flagallery\\\/txell-miras-primavera-verano-2015\\\/webview\\\/txell-miras-ss-2015-652.jpg\",\"thumb\":\"https:\\\/\\\/bobvarela.com\\\/wp-content\\\/flagallery\\\/txell-miras-primavera-verano-2015\\\/thumbs\\\/thumbs_txell-miras-ss-2015-652.jpg\",\"file\":\"txell-miras-ss-2015-652.jpg\",\"meta\":{\"aperture\":false,\"credit\":false,\"camera\":false,\"caption\":\"080 Barcelona Spring-Summer 2015\",\"created_timestamp\":\"July 2, 2014 4:48 pm\",\"copyright\":\"\\u00c2\\u00a9 2014 Estrop-Barcelona PHOTOGRAPH FOR EDITORIAL USE ONLY\",\"focal_length\":false,\"iso\":false,\"shutter_speed\":false,\"flash\":false,\"title\":\"080 Barcelona Spring-Summer 2015\",\"keywords\":\"Spring-Summer 2015\",\"width\":600,\"height\":898,\"saved\":true,\"thumbnail\":{\"width\":220,\"height\":220},\"webview\":{\"0\":600,\"1\":898,\"2\":2,\"3\":\"width=\\\"600\\\" height=\\\"898\\\"\",\"bits\":8,\"channels\":3,\"mime\":\"image\\\/jpeg\"},\"views\":\"3\",\"likes\":\"0\"},\"title\":\"080 Barcelona Spring-Summer 2015\",\"description\":\"<p>080 Barcelona Spring-Summer 2015<\\\/p>\",\"link\":null,\"link_target\":\"\",\"download\":\"https:\\\/\\\/bobvarela.com\\\/wp-content\\\/flagallery\\\/txell-miras-primavera-verano-2015\\\/txell-miras-ss-2015-652.jpg\",\"ratio\":0.66815144766146994381728063672198913991451263427734375},{\"id\":\"16022\",\"image\":\"https:\\\/\\\/bobvarela.com\\\/wp-content\\\/flagallery\\\/txell-miras-primavera-verano-2015\\\/webview\\\/txell-miras-ss-2015-653.jpg\",\"thumb\":\"https:\\\/\\\/bobvarela.com\\\/wp-content\\\/flagallery\\\/txell-miras-primavera-verano-2015\\\/thumbs\\\/thumbs_txell-miras-ss-2015-653.jpg\",\"file\":\"txell-miras-ss-2015-653.jpg\",\"meta\":{\"aperture\":false,\"credit\":false,\"camera\":false,\"caption\":\"080 Barcelona Spring-Summer 2015\",\"created_timestamp\":\"July 2, 2014 4:48 pm\",\"copyright\":\"\\u00c2\\u00a9 2014 Estrop-Barcelona PHOTOGRAPH FOR EDITORIAL USE ONLY\",\"focal_length\":false,\"iso\":false,\"shutter_speed\":false,\"flash\":false,\"title\":\"080 Barcelona Spring-Summer 2015\",\"keywords\":\"Spring-Summer 2015\",\"width\":600,\"height\":898,\"saved\":true,\"thumbnail\":{\"width\":220,\"height\":220},\"webview\":{\"0\":600,\"1\":898,\"2\":2,\"3\":\"width=\\\"600\\\" height=\\\"898\\\"\",\"bits\":8,\"channels\":3,\"mime\":\"image\\\/jpeg\"},\"views\":\"3\",\"likes\":\"0\"},\"title\":\"080 Barcelona Spring-Summer 2015\",\"description\":\"<p>080 Barcelona Spring-Summer 2015<\\\/p>\",\"link\":null,\"link_target\":\"\",\"download\":\"https:\\\/\\\/bobvarela.com\\\/wp-content\\\/flagallery\\\/txell-miras-primavera-verano-2015\\\/txell-miras-ss-2015-653.jpg\",\"ratio\":0.66815144766146994381728063672198913991451263427734375},{\"id\":\"16023\",\"image\":\"https:\\\/\\\/bobvarela.com\\\/wp-content\\\/flagallery\\\/txell-miras-primavera-verano-2015\\\/webview\\\/txell-miras-ss-2015-654.jpg\",\"thumb\":\"https:\\\/\\\/bobvarela.com\\\/wp-content\\\/flagallery\\\/txell-miras-primavera-verano-2015\\\/thumbs\\\/thumbs_txell-miras-ss-2015-654.jpg\",\"file\":\"txell-miras-ss-2015-654.jpg\",\"meta\":{\"aperture\":false,\"credit\":false,\"camera\":false,\"caption\":\"080 Barcelona Spring-Summer 2015\",\"created_timestamp\":\"July 2, 2014 4:48 pm\",\"copyright\":\"\\u00c2\\u00a9 2014 Estrop-Barcelona PHOTOGRAPH FOR EDITORIAL USE ONLY\",\"focal_length\":false,\"iso\":false,\"shutter_speed\":false,\"flash\":false,\"title\":\"080 Barcelona Spring-Summer 2015\",\"keywords\":\"Spring-Summer 2015\",\"width\":600,\"height\":898,\"saved\":true,\"thumbnail\":{\"width\":220,\"height\":220},\"webview\":{\"0\":600,\"1\":898,\"2\":2,\"3\":\"width=\\\"600\\\" height=\\\"898\\\"\",\"bits\":8,\"channels\":3,\"mime\":\"image\\\/jpeg\"},\"views\":\"3\",\"likes\":\"0\"},\"title\":\"080 Barcelona Spring-Summer 2015\",\"description\":\"<p>080 Barcelona Spring-Summer 2015<\\\/p>\",\"link\":null,\"link_target\":\"\",\"download\":\"https:\\\/\\\/bobvarela.com\\\/wp-content\\\/flagallery\\\/txell-miras-primavera-verano-2015\\\/txell-miras-ss-2015-654.jpg\",\"ratio\":0.66815144766146994381728063672198913991451263427734375},{\"id\":\"16024\",\"image\":\"https:\\\/\\\/bobvarela.com\\\/wp-content\\\/flagallery\\\/txell-miras-primavera-verano-2015\\\/webview\\\/txell-miras-ss-2015-655.jpg\",\"thumb\":\"https:\\\/\\\/bobvarela.com\\\/wp-content\\\/flagallery\\\/txell-miras-primavera-verano-2015\\\/thumbs\\\/thumbs_txell-miras-ss-2015-655.jpg\",\"file\":\"txell-miras-ss-2015-655.jpg\",\"meta\":{\"aperture\":false,\"credit\":false,\"camera\":false,\"caption\":\"080 Barcelona Spring-Summer 2015\",\"created_timestamp\":\"July 2, 2014 4:48 pm\",\"copyright\":\"\\u00c2\\u00a9 2014 Estrop-Barcelona PHOTOGRAPH FOR EDITORIAL USE ONLY\",\"focal_length\":false,\"iso\":false,\"shutter_speed\":false,\"flash\":false,\"title\":\"080 Barcelona Spring-Summer 2015\",\"keywords\":\"Spring-Summer 2015\",\"width\":600,\"height\":898,\"saved\":true,\"thumbnail\":{\"width\":220,\"height\":220},\"webview\":{\"0\":600,\"1\":898,\"2\":2,\"3\":\"width=\\\"600\\\" height=\\\"898\\\"\",\"bits\":8,\"channels\":3,\"mime\":\"image\\\/jpeg\"},\"views\":\"3\",\"likes\":\"0\"},\"title\":\"080 Barcelona Spring-Summer 2015\",\"description\":\"<p>080 Barcelona Spring-Summer 2015<\\\/p>\",\"link\":null,\"link_target\":\"\",\"download\":\"https:\\\/\\\/bobvarela.com\\\/wp-content\\\/flagallery\\\/txell-miras-primavera-verano-2015\\\/txell-miras-ss-2015-655.jpg\",\"ratio\":0.66815144766146994381728063672198913991451263427734375},{\"id\":\"16025\",\"image\":\"https:\\\/\\\/bobvarela.com\\\/wp-content\\\/flagallery\\\/txell-miras-primavera-verano-2015\\\/webview\\\/txell-miras-ss-2015-656.jpg\",\"thumb\":\"https:\\\/\\\/bobvarela.com\\\/wp-content\\\/flagallery\\\/txell-miras-primavera-verano-2015\\\/thumbs\\\/thumbs_txell-miras-ss-2015-656.jpg\",\"file\":\"txell-miras-ss-2015-656.jpg\",\"meta\":{\"aperture\":false,\"credit\":false,\"camera\":false,\"caption\":\"080 Barcelona Spring-Summer 2015\",\"created_timestamp\":\"July 2, 2014 4:48 pm\",\"copyright\":\"\\u00c2\\u00a9 2014 Estrop-Barcelona PHOTOGRAPH FOR EDITORIAL USE ONLY\",\"focal_length\":false,\"iso\":false,\"shutter_speed\":false,\"flash\":false,\"title\":\"080 Barcelona Spring-Summer 2015\",\"keywords\":\"Spring-Summer 2015\",\"width\":600,\"height\":898,\"saved\":true,\"thumbnail\":{\"width\":220,\"height\":220},\"webview\":{\"0\":600,\"1\":898,\"2\":2,\"3\":\"width=\\\"600\\\" height=\\\"898\\\"\",\"bits\":8,\"channels\":3,\"mime\":\"image\\\/jpeg\"},\"views\":\"3\",\"likes\":\"0\"},\"title\":\"080 Barcelona Spring-Summer 2015\",\"description\":\"<p>080 Barcelona Spring-Summer 2015<\\\/p>\",\"link\":null,\"link_target\":\"\",\"download\":\"https:\\\/\\\/bobvarela.com\\\/wp-content\\\/flagallery\\\/txell-miras-primavera-verano-2015\\\/txell-miras-ss-2015-656.jpg\",\"ratio\":0.66815144766146994381728063672198913991451263427734375},{\"id\":\"16026\",\"image\":\"https:\\\/\\\/bobvarela.com\\\/wp-content\\\/flagallery\\\/txell-miras-primavera-verano-2015\\\/webview\\\/txell-miras-ss-2015-657.jpg\",\"thumb\":\"https:\\\/\\\/bobvarela.com\\\/wp-content\\\/flagallery\\\/txell-miras-primavera-verano-2015\\\/thumbs\\\/thumbs_txell-miras-ss-2015-657.jpg\",\"file\":\"txell-miras-ss-2015-657.jpg\",\"meta\":{\"aperture\":false,\"credit\":false,\"camera\":false,\"caption\":\"080 Barcelona Spring-Summer 2015\",\"created_timestamp\":\"July 2, 2014 4:48 pm\",\"copyright\":\"\\u00c2\\u00a9 2014 Estrop-Barcelona PHOTOGRAPH FOR EDITORIAL USE ONLY\",\"focal_length\":false,\"iso\":false,\"shutter_speed\":false,\"flash\":false,\"title\":\"080 Barcelona Spring-Summer 2015\",\"keywords\":\"Spring-Summer 2015\",\"width\":600,\"height\":898,\"saved\":true,\"thumbnail\":{\"width\":220,\"height\":220},\"webview\":{\"0\":600,\"1\":898,\"2\":2,\"3\":\"width=\\\"600\\\" height=\\\"898\\\"\",\"bits\":8,\"channels\":3,\"mime\":\"image\\\/jpeg\"},\"views\":\"3\",\"likes\":\"0\"},\"title\":\"080 Barcelona Spring-Summer 2015\",\"description\":\"<p>080 Barcelona Spring-Summer 2015<\\\/p>\",\"link\":null,\"link_target\":\"\",\"download\":\"https:\\\/\\\/bobvarela.com\\\/wp-content\\\/flagallery\\\/txell-miras-primavera-verano-2015\\\/txell-miras-ss-2015-657.jpg\",\"ratio\":0.66815144766146994381728063672198913991451263427734375},{\"id\":\"16027\",\"image\":\"https:\\\/\\\/bobvarela.com\\\/wp-content\\\/flagallery\\\/txell-miras-primavera-verano-2015\\\/webview\\\/txell-miras-ss-2015-658.jpg\",\"thumb\":\"https:\\\/\\\/bobvarela.com\\\/wp-content\\\/flagallery\\\/txell-miras-primavera-verano-2015\\\/thumbs\\\/thumbs_txell-miras-ss-2015-658.jpg\",\"file\":\"txell-miras-ss-2015-658.jpg\",\"meta\":{\"aperture\":false,\"credit\":false,\"camera\":false,\"caption\":\"080 Barcelona Spring-Summer 2015\",\"created_timestamp\":\"July 2, 2014 4:49 pm\",\"copyright\":\"\\u00c2\\u00a9 2014 Estrop-Barcelona PHOTOGRAPH FOR EDITORIAL USE ONLY\",\"focal_length\":false,\"iso\":false,\"shutter_speed\":false,\"flash\":false,\"title\":\"080 Barcelona Spring-Summer 2015\",\"keywords\":\"Spring-Summer 2015\",\"width\":600,\"height\":898,\"saved\":true,\"thumbnail\":{\"width\":220,\"height\":220},\"webview\":{\"0\":600,\"1\":898,\"2\":2,\"3\":\"width=\\\"600\\\" height=\\\"898\\\"\",\"bits\":8,\"channels\":3,\"mime\":\"image\\\/jpeg\"},\"views\":\"4\",\"likes\":\"0\"},\"title\":\"080 Barcelona Spring-Summer 2015\",\"description\":\"<p>080 Barcelona Spring-Summer 2015<\\\/p>\",\"link\":null,\"link_target\":\"\",\"download\":\"https:\\\/\\\/bobvarela.com\\\/wp-content\\\/flagallery\\\/txell-miras-primavera-verano-2015\\\/txell-miras-ss-2015-658.jpg\",\"ratio\":0.66815144766146994381728063672198913991451263427734375},{\"id\":\"16028\",\"image\":\"https:\\\/\\\/bobvarela.com\\\/wp-content\\\/flagallery\\\/txell-miras-primavera-verano-2015\\\/webview\\\/txell-miras-ss-2015-659.jpg\",\"thumb\":\"https:\\\/\\\/bobvarela.com\\\/wp-content\\\/flagallery\\\/txell-miras-primavera-verano-2015\\\/thumbs\\\/thumbs_txell-miras-ss-2015-659.jpg\",\"file\":\"txell-miras-ss-2015-659.jpg\",\"meta\":{\"aperture\":false,\"credit\":false,\"camera\":false,\"caption\":\"080 Barcelona Spring-Summer 2015\",\"created_timestamp\":\"July 2, 2014 4:49 pm\",\"copyright\":\"\\u00c2\\u00a9 2014 Estrop-Barcelona PHOTOGRAPH FOR EDITORIAL USE ONLY\",\"focal_length\":false,\"iso\":false,\"shutter_speed\":false,\"flash\":false,\"title\":\"080 Barcelona Spring-Summer 2015\",\"keywords\":\"Spring-Summer 2015\",\"width\":600,\"height\":898,\"saved\":true,\"thumbnail\":{\"width\":220,\"height\":220},\"webview\":{\"0\":600,\"1\":898,\"2\":2,\"3\":\"width=\\\"600\\\" height=\\\"898\\\"\",\"bits\":8,\"channels\":3,\"mime\":\"image\\\/jpeg\"},\"views\":\"3\",\"likes\":\"0\"},\"title\":\"080 Barcelona Spring-Summer 2015\",\"description\":\"<p>080 Barcelona Spring-Summer 2015<\\\/p>\",\"link\":null,\"link_target\":\"\",\"download\":\"https:\\\/\\\/bobvarela.com\\\/wp-content\\\/flagallery\\\/txell-miras-primavera-verano-2015\\\/txell-miras-ss-2015-659.jpg\",\"ratio\":0.66815144766146994381728063672198913991451263427734375},{\"id\":\"16029\",\"image\":\"https:\\\/\\\/bobvarela.com\\\/wp-content\\\/flagallery\\\/txell-miras-primavera-verano-2015\\\/webview\\\/txell-miras-ss-2015-660.jpg\",\"thumb\":\"https:\\\/\\\/bobvarela.com\\\/wp-content\\\/flagallery\\\/txell-miras-primavera-verano-2015\\\/thumbs\\\/thumbs_txell-miras-ss-2015-660.jpg\",\"file\":\"txell-miras-ss-2015-660.jpg\",\"meta\":{\"aperture\":false,\"credit\":false,\"camera\":false,\"caption\":\"080 Barcelona Spring-Summer 2015\",\"created_timestamp\":\"July 2, 2014 4:49 pm\",\"copyright\":\"\\u00c2\\u00a9 2014 Estrop-Barcelona PHOTOGRAPH FOR EDITORIAL USE ONLY\",\"focal_length\":false,\"iso\":false,\"shutter_speed\":false,\"flash\":false,\"title\":\"080 Barcelona Spring-Summer 2015\",\"keywords\":\"Spring-Summer 2015\",\"width\":600,\"height\":898,\"saved\":true,\"thumbnail\":{\"width\":220,\"height\":220},\"webview\":{\"0\":600,\"1\":898,\"2\":2,\"3\":\"width=\\\"600\\\" height=\\\"898\\\"\",\"bits\":8,\"channels\":3,\"mime\":\"image\\\/jpeg\"},\"views\":\"4\",\"likes\":\"0\"},\"title\":\"080 Barcelona Spring-Summer 2015\",\"description\":\"<p>080 Barcelona Spring-Summer 2015<\\\/p>\",\"link\":null,\"link_target\":\"\",\"download\":\"https:\\\/\\\/bobvarela.com\\\/wp-content\\\/flagallery\\\/txell-miras-primavera-verano-2015\\\/txell-miras-ss-2015-660.jpg\",\"ratio\":0.66815144766146994381728063672198913991451263427734375}]}; var container = $('#FlaGallery_sc1_199'); container.photomania(settings, content); window.FlaGallery_sc1_199 = container.data('photomania'); }); <\/script><\/div><noscript id=\"noscript_FlaGallery_sc1_199\"><img class=\"skip-lazy no-lazyload noLazy\" data-lazy-src=\"\" src =\"https:\/\/bobvarela.com\/wp-content\/flagallery\/txell-miras-primavera-verano-2015\/txell-miras-ss-2015-601.jpg\" alt=\"080 Barcelona Spring-Summer 2015\" \/><img class=\"skip-lazy no-lazyload noLazy\" data-lazy-src=\"\" src =\"https:\/\/bobvarela.com\/wp-content\/flagallery\/txell-miras-primavera-verano-2015\/txell-miras-ss-2015-602.jpg\" alt=\"080 Barcelona Spring-Summer 2015\" \/><img class=\"skip-lazy no-lazyload noLazy\" data-lazy-src=\"\" src =\"https:\/\/bobvarela.com\/wp-content\/flagallery\/txell-miras-primavera-verano-2015\/txell-miras-ss-2015-603.jpg\" alt=\"080 Barcelona Spring-Summer 2015\" \/><img class=\"skip-lazy no-lazyload noLazy\" data-lazy-src=\"\" src =\"https:\/\/bobvarela.com\/wp-content\/flagallery\/txell-miras-primavera-verano-2015\/txell-miras-ss-2015-604.jpg\" alt=\"080 Barcelona Spring-Summer 2015\" \/><img class=\"skip-lazy no-lazyload noLazy\" data-lazy-src=\"\" src =\"https:\/\/bobvarela.com\/wp-content\/flagallery\/txell-miras-primavera-verano-2015\/txell-miras-ss-2015-605.jpg\" alt=\"080 Barcelona Spring-Summer 2015\" \/><img class=\"skip-lazy no-lazyload noLazy\" data-lazy-src=\"\" src =\"https:\/\/bobvarela.com\/wp-content\/flagallery\/txell-miras-primavera-verano-2015\/txell-miras-ss-2015-606.jpg\" alt=\"080 Barcelona Spring-Summer 2015\" \/><img class=\"skip-lazy no-lazyload noLazy\" data-lazy-src=\"\" src =\"https:\/\/bobvarela.com\/wp-content\/flagallery\/txell-miras-primavera-verano-2015\/txell-miras-ss-2015-607.jpg\" alt=\"080 Barcelona Spring-Summer 2015\" \/><img class=\"skip-lazy no-lazyload noLazy\" data-lazy-src=\"\" src =\"https:\/\/bobvarela.com\/wp-content\/flagallery\/txell-miras-primavera-verano-2015\/txell-miras-ss-2015-608.jpg\" alt=\"080 Barcelona Spring-Summer 2015\" \/><img class=\"skip-lazy no-lazyload noLazy\" data-lazy-src=\"\" src =\"https:\/\/bobvarela.com\/wp-content\/flagallery\/txell-miras-primavera-verano-2015\/txell-miras-ss-2015-609.jpg\" alt=\"080 Barcelona Spring-Summer 2015\" \/><img class=\"skip-lazy no-lazyload noLazy\" data-lazy-src=\"\" src =\"https:\/\/bobvarela.com\/wp-content\/flagallery\/txell-miras-primavera-verano-2015\/txell-miras-ss-2015-610.jpg\" alt=\"080 Barcelona Spring-Summer 2015\" \/><img class=\"skip-lazy no-lazyload noLazy\" data-lazy-src=\"\" src =\"https:\/\/bobvarela.com\/wp-content\/flagallery\/txell-miras-primavera-verano-2015\/txell-miras-ss-2015-611.jpg\" alt=\"080 Barcelona Spring-Summer 2015\" \/><img class=\"skip-lazy no-lazyload noLazy\" data-lazy-src=\"\" src =\"https:\/\/bobvarela.com\/wp-content\/flagallery\/txell-miras-primavera-verano-2015\/txell-miras-ss-2015-612.jpg\" alt=\"080 Barcelona Spring-Summer 2015\" \/><img class=\"skip-lazy no-lazyload noLazy\" data-lazy-src=\"\" src =\"https:\/\/bobvarela.com\/wp-content\/flagallery\/txell-miras-primavera-verano-2015\/txell-miras-ss-2015-613.jpg\" alt=\"080 Barcelona Spring-Summer 2015\" \/><img class=\"skip-lazy no-lazyload noLazy\" data-lazy-src=\"\" src =\"https:\/\/bobvarela.com\/wp-content\/flagallery\/txell-miras-primavera-verano-2015\/txell-miras-ss-2015-614.jpg\" alt=\"080 Barcelona Spring-Summer 2015\" \/><img class=\"skip-lazy no-lazyload noLazy\" data-lazy-src=\"\" src =\"https:\/\/bobvarela.com\/wp-content\/flagallery\/txell-miras-primavera-verano-2015\/txell-miras-ss-2015-615.jpg\" alt=\"080 Barcelona Spring-Summer 2015\" \/><img class=\"skip-lazy no-lazyload noLazy\" data-lazy-src=\"\" src =\"https:\/\/bobvarela.com\/wp-content\/flagallery\/txell-miras-primavera-verano-2015\/txell-miras-ss-2015-616.jpg\" alt=\"080 Barcelona Spring-Summer 2015\" \/><img class=\"skip-lazy no-lazyload noLazy\" data-lazy-src=\"\" src =\"https:\/\/bobvarela.com\/wp-content\/flagallery\/txell-miras-primavera-verano-2015\/txell-miras-ss-2015-617.jpg\" alt=\"080 Barcelona Spring-Summer 2015\" \/><img class=\"skip-lazy no-lazyload noLazy\" data-lazy-src=\"\" src =\"https:\/\/bobvarela.com\/wp-content\/flagallery\/txell-miras-primavera-verano-2015\/txell-miras-ss-2015-618.jpg\" alt=\"080 Barcelona Spring-Summer 2015\" \/><img class=\"skip-lazy no-lazyload noLazy\" data-lazy-src=\"\" src =\"https:\/\/bobvarela.com\/wp-content\/flagallery\/txell-miras-primavera-verano-2015\/txell-miras-ss-2015-619.jpg\" alt=\"080 Barcelona Spring-Summer 2015\" \/><img class=\"skip-lazy no-lazyload noLazy\" data-lazy-src=\"\" src =\"https:\/\/bobvarela.com\/wp-content\/flagallery\/txell-miras-primavera-verano-2015\/txell-miras-ss-2015-620.jpg\" alt=\"080 Barcelona Spring-Summer 2015\" \/><img class=\"skip-lazy no-lazyload noLazy\" data-lazy-src=\"\" src =\"https:\/\/bobvarela.com\/wp-content\/flagallery\/txell-miras-primavera-verano-2015\/txell-miras-ss-2015-621.jpg\" alt=\"080 Barcelona Spring-Summer 2015\" \/><img class=\"skip-lazy no-lazyload noLazy\" data-lazy-src=\"\" src =\"https:\/\/bobvarela.com\/wp-content\/flagallery\/txell-miras-primavera-verano-2015\/txell-miras-ss-2015-622.jpg\" alt=\"080 Barcelona Spring-Summer 2015\" \/><img class=\"skip-lazy no-lazyload noLazy\" data-lazy-src=\"\" src =\"https:\/\/bobvarela.com\/wp-content\/flagallery\/txell-miras-primavera-verano-2015\/txell-miras-ss-2015-623.jpg\" alt=\"080 Barcelona Spring-Summer 2015\" \/><img class=\"skip-lazy no-lazyload noLazy\" data-lazy-src=\"\" src =\"https:\/\/bobvarela.com\/wp-content\/flagallery\/txell-miras-primavera-verano-2015\/txell-miras-ss-2015-624.jpg\" alt=\"080 Barcelona Spring-Summer 2015\" \/><img class=\"skip-lazy no-lazyload noLazy\" data-lazy-src=\"\" src =\"https:\/\/bobvarela.com\/wp-content\/flagallery\/txell-miras-primavera-verano-2015\/txell-miras-ss-2015-625.jpg\" alt=\"080 Barcelona Spring-Summer 2015\" \/><img class=\"skip-lazy no-lazyload noLazy\" data-lazy-src=\"\" src =\"https:\/\/bobvarela.com\/wp-content\/flagallery\/txell-miras-primavera-verano-2015\/txell-miras-ss-2015-626.jpg\" alt=\"080 Barcelona Spring-Summer 2015\" \/><img class=\"skip-lazy no-lazyload noLazy\" data-lazy-src=\"\" src =\"https:\/\/bobvarela.com\/wp-content\/flagallery\/txell-miras-primavera-verano-2015\/txell-miras-ss-2015-627.jpg\" alt=\"080 Barcelona Spring-Summer 2015\" \/><img class=\"skip-lazy no-lazyload noLazy\" data-lazy-src=\"\" src =\"https:\/\/bobvarela.com\/wp-content\/flagallery\/txell-miras-primavera-verano-2015\/txell-miras-ss-2015-628.jpg\" alt=\"080 Barcelona Spring-Summer 2015\" \/><img class=\"skip-lazy no-lazyload noLazy\" data-lazy-src=\"\" src =\"https:\/\/bobvarela.com\/wp-content\/flagallery\/txell-miras-primavera-verano-2015\/txell-miras-ss-2015-629.jpg\" alt=\"080 Barcelona Spring-Summer 2015\" \/><img class=\"skip-lazy no-lazyload noLazy\" data-lazy-src=\"\" src =\"https:\/\/bobvarela.com\/wp-content\/flagallery\/txell-miras-primavera-verano-2015\/txell-miras-ss-2015-630.jpg\" alt=\"080 Barcelona Spring-Summer 2015\" \/><img class=\"skip-lazy no-lazyload noLazy\" data-lazy-src=\"\" src =\"https:\/\/bobvarela.com\/wp-content\/flagallery\/txell-miras-primavera-verano-2015\/txell-miras-ss-2015-631.jpg\" alt=\"080 Barcelona Spring-Summer 2015\" \/><img class=\"skip-lazy no-lazyload noLazy\" data-lazy-src=\"\" src =\"https:\/\/bobvarela.com\/wp-content\/flagallery\/txell-miras-primavera-verano-2015\/txell-miras-ss-2015-632.jpg\" alt=\"080 Barcelona Spring-Summer 2015\" \/><img class=\"skip-lazy no-lazyload noLazy\" data-lazy-src=\"\" src =\"https:\/\/bobvarela.com\/wp-content\/flagallery\/txell-miras-primavera-verano-2015\/txell-miras-ss-2015-633.jpg\" alt=\"080 Barcelona Spring-Summer 2015\" \/><img class=\"skip-lazy no-lazyload noLazy\" data-lazy-src=\"\" src =\"https:\/\/bobvarela.com\/wp-content\/flagallery\/txell-miras-primavera-verano-2015\/txell-miras-ss-2015-634.jpg\" alt=\"080 Barcelona Spring-Summer 2015\" \/><img class=\"skip-lazy no-lazyload noLazy\" data-lazy-src=\"\" src =\"https:\/\/bobvarela.com\/wp-content\/flagallery\/txell-miras-primavera-verano-2015\/txell-miras-ss-2015-635.jpg\" alt=\"080 Barcelona Spring-Summer 2015\" \/><img class=\"skip-lazy no-lazyload noLazy\" data-lazy-src=\"\" src =\"https:\/\/bobvarela.com\/wp-content\/flagallery\/txell-miras-primavera-verano-2015\/txell-miras-ss-2015-636.jpg\" alt=\"080 Barcelona Spring-Summer 2015\" \/><img class=\"skip-lazy no-lazyload noLazy\" data-lazy-src=\"\" src =\"https:\/\/bobvarela.com\/wp-content\/flagallery\/txell-miras-primavera-verano-2015\/txell-miras-ss-2015-637.jpg\" alt=\"080 Barcelona Spring-Summer 2015\" \/><img class=\"skip-lazy no-lazyload noLazy\" data-lazy-src=\"\" src =\"https:\/\/bobvarela.com\/wp-content\/flagallery\/txell-miras-primavera-verano-2015\/txell-miras-ss-2015-638.jpg\" alt=\"080 Barcelona Spring-Summer 2015\" \/><img class=\"skip-lazy no-lazyload noLazy\" data-lazy-src=\"\" src =\"https:\/\/bobvarela.com\/wp-content\/flagallery\/txell-miras-primavera-verano-2015\/txell-miras-ss-2015-639.jpg\" alt=\"080 Barcelona Spring-Summer 2015\" \/><img class=\"skip-lazy no-lazyload noLazy\" data-lazy-src=\"\" src =\"https:\/\/bobvarela.com\/wp-content\/flagallery\/txell-miras-primavera-verano-2015\/txell-miras-ss-2015-640.jpg\" alt=\"080 Barcelona Spring-Summer 2015\" \/><img class=\"skip-lazy no-lazyload noLazy\" data-lazy-src=\"\" src =\"https:\/\/bobvarela.com\/wp-content\/flagallery\/txell-miras-primavera-verano-2015\/txell-miras-ss-2015-641.jpg\" alt=\"080 Barcelona Spring-Summer 2015\" \/><img class=\"skip-lazy no-lazyload noLazy\" data-lazy-src=\"\" src =\"https:\/\/bobvarela.com\/wp-content\/flagallery\/txell-miras-primavera-verano-2015\/txell-miras-ss-2015-642.jpg\" alt=\"080 Barcelona Spring-Summer 2015\" \/><img class=\"skip-lazy no-lazyload noLazy\" data-lazy-src=\"\" src =\"https:\/\/bobvarela.com\/wp-content\/flagallery\/txell-miras-primavera-verano-2015\/txell-miras-ss-2015-643.jpg\" alt=\"080 Barcelona Spring-Summer 2015\" \/><img class=\"skip-lazy no-lazyload noLazy\" data-lazy-src=\"\" src =\"https:\/\/bobvarela.com\/wp-content\/flagallery\/txell-miras-primavera-verano-2015\/txell-miras-ss-2015-644.jpg\" alt=\"080 Barcelona Spring-Summer 2015\" \/><img class=\"skip-lazy no-lazyload noLazy\" data-lazy-src=\"\" src =\"https:\/\/bobvarela.com\/wp-content\/flagallery\/txell-miras-primavera-verano-2015\/txell-miras-ss-2015-645.jpg\" alt=\"080 Barcelona Spring-Summer 2015\" \/><img class=\"skip-lazy no-lazyload noLazy\" data-lazy-src=\"\" src =\"https:\/\/bobvarela.com\/wp-content\/flagallery\/txell-miras-primavera-verano-2015\/txell-miras-ss-2015-646.jpg\" alt=\"080 Barcelona Spring-Summer 2015\" \/><img class=\"skip-lazy no-lazyload noLazy\" data-lazy-src=\"\" src =\"https:\/\/bobvarela.com\/wp-content\/flagallery\/txell-miras-primavera-verano-2015\/txell-miras-ss-2015-647.jpg\" alt=\"080 Barcelona Spring-Summer 2015\" \/><img class=\"skip-lazy no-lazyload noLazy\" data-lazy-src=\"\" src =\"https:\/\/bobvarela.com\/wp-content\/flagallery\/txell-miras-primavera-verano-2015\/txell-miras-ss-2015-648.jpg\" alt=\"080 Barcelona Spring-Summer 2015\" \/><img class=\"skip-lazy no-lazyload noLazy\" data-lazy-src=\"\" src =\"https:\/\/bobvarela.com\/wp-content\/flagallery\/txell-miras-primavera-verano-2015\/txell-miras-ss-2015-649.jpg\" alt=\"080 Barcelona Spring-Summer 2015\" \/><img class=\"skip-lazy no-lazyload noLazy\" data-lazy-src=\"\" src =\"https:\/\/bobvarela.com\/wp-content\/flagallery\/txell-miras-primavera-verano-2015\/txell-miras-ss-2015-650.jpg\" alt=\"080 Barcelona Spring-Summer 2015\" \/><img class=\"skip-lazy no-lazyload noLazy\" data-lazy-src=\"\" src =\"https:\/\/bobvarela.com\/wp-content\/flagallery\/txell-miras-primavera-verano-2015\/txell-miras-ss-2015-651.jpg\" alt=\"080 Barcelona Spring-Summer 2015\" \/><img class=\"skip-lazy no-lazyload noLazy\" data-lazy-src=\"\" src =\"https:\/\/bobvarela.com\/wp-content\/flagallery\/txell-miras-primavera-verano-2015\/txell-miras-ss-2015-652.jpg\" alt=\"080 Barcelona Spring-Summer 2015\" \/><img class=\"skip-lazy no-lazyload noLazy\" data-lazy-src=\"\" src =\"https:\/\/bobvarela.com\/wp-content\/flagallery\/txell-miras-primavera-verano-2015\/txell-miras-ss-2015-653.jpg\" alt=\"080 Barcelona Spring-Summer 2015\" \/><img class=\"skip-lazy no-lazyload noLazy\" data-lazy-src=\"\" src =\"https:\/\/bobvarela.com\/wp-content\/flagallery\/txell-miras-primavera-verano-2015\/txell-miras-ss-2015-654.jpg\" alt=\"080 Barcelona Spring-Summer 2015\" \/><img class=\"skip-lazy no-lazyload noLazy\" data-lazy-src=\"\" src =\"https:\/\/bobvarela.com\/wp-content\/flagallery\/txell-miras-primavera-verano-2015\/txell-miras-ss-2015-655.jpg\" alt=\"080 Barcelona Spring-Summer 2015\" \/><img class=\"skip-lazy no-lazyload noLazy\" data-lazy-src=\"\" src =\"https:\/\/bobvarela.com\/wp-content\/flagallery\/txell-miras-primavera-verano-2015\/txell-miras-ss-2015-656.jpg\" alt=\"080 Barcelona Spring-Summer 2015\" \/><img class=\"skip-lazy no-lazyload noLazy\" data-lazy-src=\"\" src =\"https:\/\/bobvarela.com\/wp-content\/flagallery\/txell-miras-primavera-verano-2015\/txell-miras-ss-2015-657.jpg\" alt=\"080 Barcelona Spring-Summer 2015\" \/><img class=\"skip-lazy no-lazyload noLazy\" data-lazy-src=\"\" src =\"https:\/\/bobvarela.com\/wp-content\/flagallery\/txell-miras-primavera-verano-2015\/txell-miras-ss-2015-658.jpg\" alt=\"080 Barcelona Spring-Summer 2015\" \/><img class=\"skip-lazy no-lazyload noLazy\" data-lazy-src=\"\" src =\"https:\/\/bobvarela.com\/wp-content\/flagallery\/txell-miras-primavera-verano-2015\/txell-miras-ss-2015-659.jpg\" alt=\"080 Barcelona Spring-Summer 2015\" \/><img class=\"skip-lazy no-lazyload noLazy\" data-lazy-src=\"\" src =\"https:\/\/bobvarela.com\/wp-content\/flagallery\/txell-miras-primavera-verano-2015\/txell-miras-ss-2015-660.jpg\" alt=\"080 Barcelona Spring-Summer 2015\" \/><\/noscript><\/p>\n","protected":false},"excerpt":{"rendered":"<p>\u201cPresente\u201d, una colecci\u00f3n estructurada en dos bloques, que se diferencian y se complementan. Por un lado, tenemos una l\u00ednea basada en drapeados, en la que el cayente se convierte en el protagonista principal. En este bloque, las prendas surgen de&hellip;<\/p>\n<p class=\"more-link-p\"><a class=\"more-link\" href=\"https:\/\/bobvarela.com\/?p=55665\">Read more &rarr;<\/a><\/p>\n","protected":false},"author":1,"featured_media":0,"comment_status":"open","ping_status":"open","sticky":false,"template":"","format":"standard","meta":{"ngg_post_thumbnail":0,"footnotes":""},"categories":[478,4],"tags":[],"class_list":["post-55665","post","type-post","status-publish","format-standard","hentry","category-080-barcelona","category-moda"],"_links":{"self":[{"href":"https:\/\/bobvarela.com\/index.php?rest_route=\/wp\/v2\/posts\/55665","targetHints":{"allow":["GET"]}}],"collection":[{"href":"https:\/\/bobvarela.com\/index.php?rest_route=\/wp\/v2\/posts"}],"about":[{"href":"https:\/\/bobvarela.com\/index.php?rest_route=\/wp\/v2\/types\/post"}],"author":[{"embeddable":true,"href":"https:\/\/bobvarela.com\/index.php?rest_route=\/wp\/v2\/users\/1"}],"replies":[{"embeddable":true,"href":"https:\/\/bobvarela.com\/index.php?rest_route=%2Fwp%2Fv2%2Fcomments&post=55665"}],"version-history":[{"count":1,"href":"https:\/\/bobvarela.com\/index.php?rest_route=\/wp\/v2\/posts\/55665\/revisions"}],"predecessor-version":[{"id":55666,"href":"https:\/\/bobvarela.com\/index.php?rest_route=\/wp\/v2\/posts\/55665\/revisions\/55666"}],"wp:attachment":[{"href":"https:\/\/bobvarela.com\/index.php?rest_route=%2Fwp%2Fv2%2Fmedia&parent=55665"}],"wp:term":[{"taxonomy":"category","embeddable":true,"href":"https:\/\/bobvarela.com\/index.php?rest_route=%2Fwp%2Fv2%2Fcategories&post=55665"},{"taxonomy":"post_tag","embeddable":true,"href":"https:\/\/bobvarela.com\/index.php?rest_route=%2Fwp%2Fv2%2Ftags&post=55665"}],"curies":[{"name":"wp","href":"https:\/\/api.w.org\/{rel}","templated":true}]}}