{"id":55669,"date":"2014-07-06T16:50:06","date_gmt":"2014-07-06T20:50:06","guid":{"rendered":"https:\/\/bobvarela.com\/?p=55669"},"modified":"2014-07-06T16:50:06","modified_gmt":"2014-07-06T20:50:06","slug":"who-primavera-verano-2015","status":"publish","type":"post","link":"https:\/\/bobvarela.com\/?p=55669","title":{"rendered":"Who Primavera Verano 2015"},"content":{"rendered":"<h6 align=\"justify\"><font size=\"4\">COLECCI\u00d3N- Sky &amp; Sand<\/font><\/h6>\n<p align=\"justify\"><font size=\"4\"> &quot;[&#8230;] And we build up castles in the sky and in the sand, design our own world ain&#8217;t&#160; nobody understand [&#8230;]&quot;. Paul Kalkbrenner. <\/font><\/p>\n<p align=\"justify\"><font size=\"4\">Gama de colores naturales (blanco roto, beige, arena) contrapuestos con azules.<\/font><\/p>\n<p align=\"justify\"><font size=\"4\">Los tejidos representan esta dualidad entre la fragilidad&#160; (transparencias) de un castillo de arena y la fuerza (t\u00e9cnicos) de la ilusi\u00f3n con la que \u00e9stos se crean.<\/font><\/p>\n<p align=\"justify\"><div class=\"flagallery photomania_skin\" id=\"FlaGallery_sc1_201\" ><style type=\"text\/css\" class=\"flagallery_skin_style_import\">#FlaGallery_sc1_201 .flagpm_preload {opacity:0;}#FlaGallery_sc1_201 .swiper-big-images img.flagpm_the_photo { max-height:100%; max-width:100%; display:inline; width:auto; height:auto !important; object-fit:unset; vertical-align:middle; border:none; }#FlaGallery_sc1_201 .flagpm_focus .swiper-big-images img.flagpm_the_photo { width:auto; height:auto; object-fit:unset; }#FlaGallery_sc1_201 .swiper-small-images img.flagpm_photo { max-width:none; max-height:none; }#FlaGallery_sc1_201 .swiper-small-images img.flagpm_photo.flagpm_photo_landscape { width:auto; height:100% !important; }#FlaGallery_sc1_201 .swiper-small-images img.flagpm_photo.flagpm_photo_portrait { width:100%; height:auto !important; }#FlaGallery_sc1_201 .flagpm_gallery_sources_list p { margin:7px 0; padding:0; font-size:inherit; }#FlaGallery_sc1_201 .flagpm_photo_details .flagpm_description_wrap a,#FlaGallery_sc1_201 .flagpm_big_button_wrap .flagpm_button.flagpm_like.flagpm_liked,#FlaGallery_sc1_201 .flagpm_big_button_wrap .flagpm_button.flagpm_like.flagpm_liked:hover {color:#0099e5;}#FlaGallery_sc1_201 .flagpm_photo_show .flagpm_big_button {background-color:#0099e5;}#FlaGallery_sc1_201 .swiper-small-images div.flagpm_photo.swiper-slide-active {border-color:#02adea;}#FlaGallery_sc1_201 .flagpm_photo_header .flagpm_name_wrap .flagpm_title_author a:hover,#FlaGallery_sc1_201 .flagpm_photo_details .flagpm_description_wrap a:hover {color:#02adea;}#FlaGallery_sc1_201 .flagpm_photo_show .flagpm_big_button:hover,#FlaGallery_sc1_201 .flagpm_focus_actions ul .flagpm_button.like.flagpm_liked {background-color:#02adea;}<\/style> <div class=\"flagpm_photo_show flagpm_w960 flagpm_w640 flagpm_w480 flagpm_preload\"> <div class=\"flagpm_photo_wrap has_prev_photo has_next_photo\"> <div class=\"swiper-container swiper-big-images\"> <div class=\"flagpm_photo_arrow_next flagpm_photo_arrow flagpm_next\"> <div title=\"Next\" class=\"flagpm_arrow\"><\/div> <\/div> <div class=\"flagpm_photo_arrow_previous flagpm_photo_arrow flagpm_prev\"> <div title=\"Previous\" class=\"flagpm_arrow\"><\/div> <\/div> <div class=\"swiper-wrapper\"><div class=\"swiper-slide\" data-hash=\"flagallery16134\" data-photo-id=\"16134\"><span class=\"flagpm_va\"><\/span><img decoding=\"async\" src=\"https:\/\/bobvarela.com\/wp-content\/flagallery\/who-primavera-verano-2015\/webview\/who-ss-2015-101.jpg\" data-src=\"https:\/\/bobvarela.com\/wp-content\/flagallery\/who-primavera-verano-2015\/webview\/who-ss-2015-101.jpg\" alt=\"080 Barcelona Spring-Summer 2015\" class=\"noLazy flagpm_the_photo swiper-lazy\"><div class=\"swiper-lazy-preloader swiper-lazy-preloader-black\"><\/div><\/div><div class=\"swiper-slide\" data-hash=\"flagallery16135\" data-photo-id=\"16135\"><span class=\"flagpm_va\"><\/span><img data-src=\"https:\/\/bobvarela.com\/wp-content\/flagallery\/who-primavera-verano-2015\/webview\/who-ss-2015-102.jpg\" alt=\"080 Barcelona Spring-Summer 2015\" class=\"noLazy flagpm_the_photo swiper-lazy\"><div class=\"swiper-lazy-preloader swiper-lazy-preloader-black\"><\/div><\/div><div class=\"swiper-slide\" data-hash=\"flagallery16136\" data-photo-id=\"16136\"><span class=\"flagpm_va\"><\/span><img data-src=\"https:\/\/bobvarela.com\/wp-content\/flagallery\/who-primavera-verano-2015\/webview\/who-ss-2015-103.jpg\" alt=\"080 Barcelona Spring-Summer 2015\" class=\"noLazy flagpm_the_photo swiper-lazy\"><div class=\"swiper-lazy-preloader swiper-lazy-preloader-black\"><\/div><\/div><div class=\"swiper-slide\" data-hash=\"flagallery16137\" data-photo-id=\"16137\"><span class=\"flagpm_va\"><\/span><img data-src=\"https:\/\/bobvarela.com\/wp-content\/flagallery\/who-primavera-verano-2015\/webview\/who-ss-2015-104.jpg\" alt=\"080 Barcelona Spring-Summer 2015\" class=\"noLazy flagpm_the_photo swiper-lazy\"><div class=\"swiper-lazy-preloader swiper-lazy-preloader-black\"><\/div><\/div><div class=\"swiper-slide\" data-hash=\"flagallery16138\" data-photo-id=\"16138\"><span class=\"flagpm_va\"><\/span><img data-src=\"https:\/\/bobvarela.com\/wp-content\/flagallery\/who-primavera-verano-2015\/webview\/who-ss-2015-105.jpg\" alt=\"080 Barcelona Spring-Summer 2015\" class=\"noLazy flagpm_the_photo swiper-lazy\"><div class=\"swiper-lazy-preloader swiper-lazy-preloader-black\"><\/div><\/div><div class=\"swiper-slide\" data-hash=\"flagallery16139\" data-photo-id=\"16139\"><span class=\"flagpm_va\"><\/span><img data-src=\"https:\/\/bobvarela.com\/wp-content\/flagallery\/who-primavera-verano-2015\/webview\/who-ss-2015-106.jpg\" alt=\"080 Barcelona Spring-Summer 2015\" class=\"noLazy flagpm_the_photo swiper-lazy\"><div class=\"swiper-lazy-preloader swiper-lazy-preloader-black\"><\/div><\/div><div class=\"swiper-slide\" data-hash=\"flagallery16140\" data-photo-id=\"16140\"><span class=\"flagpm_va\"><\/span><img data-src=\"https:\/\/bobvarela.com\/wp-content\/flagallery\/who-primavera-verano-2015\/webview\/who-ss-2015-107.jpg\" alt=\"080 Barcelona Spring-Summer 2015\" class=\"noLazy flagpm_the_photo swiper-lazy\"><div class=\"swiper-lazy-preloader swiper-lazy-preloader-black\"><\/div><\/div><div class=\"swiper-slide\" data-hash=\"flagallery16141\" data-photo-id=\"16141\"><span class=\"flagpm_va\"><\/span><img data-src=\"https:\/\/bobvarela.com\/wp-content\/flagallery\/who-primavera-verano-2015\/webview\/who-ss-2015-108.jpg\" alt=\"080 Barcelona Spring-Summer 2015\" class=\"noLazy flagpm_the_photo swiper-lazy\"><div class=\"swiper-lazy-preloader swiper-lazy-preloader-black\"><\/div><\/div><div class=\"swiper-slide\" data-hash=\"flagallery16142\" data-photo-id=\"16142\"><span class=\"flagpm_va\"><\/span><img data-src=\"https:\/\/bobvarela.com\/wp-content\/flagallery\/who-primavera-verano-2015\/webview\/who-ss-2015-109.jpg\" alt=\"080 Barcelona Spring-Summer 2015\" class=\"noLazy flagpm_the_photo swiper-lazy\"><div class=\"swiper-lazy-preloader swiper-lazy-preloader-black\"><\/div><\/div><div class=\"swiper-slide\" data-hash=\"flagallery16143\" data-photo-id=\"16143\"><span class=\"flagpm_va\"><\/span><img data-src=\"https:\/\/bobvarela.com\/wp-content\/flagallery\/who-primavera-verano-2015\/webview\/who-ss-2015-110.jpg\" alt=\"080 Barcelona Spring-Summer 2015\" class=\"noLazy flagpm_the_photo swiper-lazy\"><div class=\"swiper-lazy-preloader swiper-lazy-preloader-black\"><\/div><\/div><div class=\"swiper-slide\" data-hash=\"flagallery16144\" data-photo-id=\"16144\"><span class=\"flagpm_va\"><\/span><img data-src=\"https:\/\/bobvarela.com\/wp-content\/flagallery\/who-primavera-verano-2015\/webview\/who-ss-2015-111.jpg\" alt=\"080 Barcelona Spring-Summer 2015\" class=\"noLazy flagpm_the_photo swiper-lazy\"><div class=\"swiper-lazy-preloader swiper-lazy-preloader-black\"><\/div><\/div><div class=\"swiper-slide\" data-hash=\"flagallery16145\" data-photo-id=\"16145\"><span class=\"flagpm_va\"><\/span><img data-src=\"https:\/\/bobvarela.com\/wp-content\/flagallery\/who-primavera-verano-2015\/webview\/who-ss-2015-112.jpg\" alt=\"080 Barcelona Spring-Summer 2015\" class=\"noLazy flagpm_the_photo swiper-lazy\"><div class=\"swiper-lazy-preloader swiper-lazy-preloader-black\"><\/div><\/div><div class=\"swiper-slide\" data-hash=\"flagallery16146\" data-photo-id=\"16146\"><span class=\"flagpm_va\"><\/span><img data-src=\"https:\/\/bobvarela.com\/wp-content\/flagallery\/who-primavera-verano-2015\/webview\/who-ss-2015-113.jpg\" alt=\"080 Barcelona Spring-Summer 2015\" class=\"noLazy flagpm_the_photo swiper-lazy\"><div class=\"swiper-lazy-preloader swiper-lazy-preloader-black\"><\/div><\/div><div class=\"swiper-slide\" data-hash=\"flagallery16147\" data-photo-id=\"16147\"><span class=\"flagpm_va\"><\/span><img data-src=\"https:\/\/bobvarela.com\/wp-content\/flagallery\/who-primavera-verano-2015\/webview\/who-ss-2015-114.jpg\" alt=\"080 Barcelona Spring-Summer 2015\" class=\"noLazy flagpm_the_photo swiper-lazy\"><div class=\"swiper-lazy-preloader swiper-lazy-preloader-black\"><\/div><\/div><div class=\"swiper-slide\" data-hash=\"flagallery16148\" data-photo-id=\"16148\"><span class=\"flagpm_va\"><\/span><img data-src=\"https:\/\/bobvarela.com\/wp-content\/flagallery\/who-primavera-verano-2015\/webview\/who-ss-2015-115.jpg\" alt=\"080 Barcelona Spring-Summer 2015\" class=\"noLazy flagpm_the_photo swiper-lazy\"><div class=\"swiper-lazy-preloader swiper-lazy-preloader-black\"><\/div><\/div><div class=\"swiper-slide\" data-hash=\"flagallery16149\" data-photo-id=\"16149\"><span class=\"flagpm_va\"><\/span><img data-src=\"https:\/\/bobvarela.com\/wp-content\/flagallery\/who-primavera-verano-2015\/webview\/who-ss-2015-116.jpg\" alt=\"080 Barcelona Spring-Summer 2015\" class=\"noLazy flagpm_the_photo swiper-lazy\"><div class=\"swiper-lazy-preloader swiper-lazy-preloader-black\"><\/div><\/div><div class=\"swiper-slide\" data-hash=\"flagallery16150\" data-photo-id=\"16150\"><span class=\"flagpm_va\"><\/span><img data-src=\"https:\/\/bobvarela.com\/wp-content\/flagallery\/who-primavera-verano-2015\/webview\/who-ss-2015-117.jpg\" alt=\"080 Barcelona Spring-Summer 2015\" class=\"noLazy flagpm_the_photo swiper-lazy\"><div class=\"swiper-lazy-preloader swiper-lazy-preloader-black\"><\/div><\/div><div class=\"swiper-slide\" data-hash=\"flagallery16151\" data-photo-id=\"16151\"><span class=\"flagpm_va\"><\/span><img data-src=\"https:\/\/bobvarela.com\/wp-content\/flagallery\/who-primavera-verano-2015\/webview\/who-ss-2015-118.jpg\" alt=\"080 Barcelona Spring-Summer 2015\" class=\"noLazy flagpm_the_photo swiper-lazy\"><div class=\"swiper-lazy-preloader swiper-lazy-preloader-black\"><\/div><\/div><div class=\"swiper-slide\" data-hash=\"flagallery16152\" data-photo-id=\"16152\"><span class=\"flagpm_va\"><\/span><img data-src=\"https:\/\/bobvarela.com\/wp-content\/flagallery\/who-primavera-verano-2015\/webview\/who-ss-2015-119.jpg\" alt=\"080 Barcelona Spring-Summer 2015\" class=\"noLazy flagpm_the_photo swiper-lazy\"><div class=\"swiper-lazy-preloader swiper-lazy-preloader-black\"><\/div><\/div><div class=\"swiper-slide\" data-hash=\"flagallery16153\" data-photo-id=\"16153\"><span class=\"flagpm_va\"><\/span><img data-src=\"https:\/\/bobvarela.com\/wp-content\/flagallery\/who-primavera-verano-2015\/webview\/who-ss-2015-120.jpg\" alt=\"080 Barcelona Spring-Summer 2015\" class=\"noLazy flagpm_the_photo swiper-lazy\"><div class=\"swiper-lazy-preloader swiper-lazy-preloader-black\"><\/div><\/div><div class=\"swiper-slide\" data-hash=\"flagallery16154\" data-photo-id=\"16154\"><span class=\"flagpm_va\"><\/span><img data-src=\"https:\/\/bobvarela.com\/wp-content\/flagallery\/who-primavera-verano-2015\/webview\/who-ss-2015-121.jpg\" alt=\"080 Barcelona Spring-Summer 2015\" class=\"noLazy flagpm_the_photo swiper-lazy\"><div class=\"swiper-lazy-preloader swiper-lazy-preloader-black\"><\/div><\/div><div class=\"swiper-slide\" data-hash=\"flagallery16155\" data-photo-id=\"16155\"><span class=\"flagpm_va\"><\/span><img data-src=\"https:\/\/bobvarela.com\/wp-content\/flagallery\/who-primavera-verano-2015\/webview\/who-ss-2015-122.jpg\" alt=\"080 Barcelona Spring-Summer 2015\" class=\"noLazy flagpm_the_photo swiper-lazy\"><div class=\"swiper-lazy-preloader swiper-lazy-preloader-black\"><\/div><\/div><div class=\"swiper-slide\" data-hash=\"flagallery16156\" data-photo-id=\"16156\"><span class=\"flagpm_va\"><\/span><img data-src=\"https:\/\/bobvarela.com\/wp-content\/flagallery\/who-primavera-verano-2015\/webview\/who-ss-2015-123.jpg\" alt=\"080 Barcelona Spring-Summer 2015\" class=\"noLazy flagpm_the_photo swiper-lazy\"><div class=\"swiper-lazy-preloader swiper-lazy-preloader-black\"><\/div><\/div><div class=\"swiper-slide\" data-hash=\"flagallery16157\" data-photo-id=\"16157\"><span class=\"flagpm_va\"><\/span><img data-src=\"https:\/\/bobvarela.com\/wp-content\/flagallery\/who-primavera-verano-2015\/webview\/who-ss-2015-124.jpg\" alt=\"080 Barcelona Spring-Summer 2015\" class=\"noLazy flagpm_the_photo swiper-lazy\"><div class=\"swiper-lazy-preloader swiper-lazy-preloader-black\"><\/div><\/div><div class=\"swiper-slide\" data-hash=\"flagallery16158\" data-photo-id=\"16158\"><span class=\"flagpm_va\"><\/span><img data-src=\"https:\/\/bobvarela.com\/wp-content\/flagallery\/who-primavera-verano-2015\/webview\/who-ss-2015-125.jpg\" alt=\"080 Barcelona Spring-Summer 2015\" class=\"noLazy flagpm_the_photo swiper-lazy\"><div class=\"swiper-lazy-preloader swiper-lazy-preloader-black\"><\/div><\/div><div class=\"swiper-slide\" data-hash=\"flagallery16159\" data-photo-id=\"16159\"><span class=\"flagpm_va\"><\/span><img data-src=\"https:\/\/bobvarela.com\/wp-content\/flagallery\/who-primavera-verano-2015\/webview\/who-ss-2015-126.jpg\" alt=\"080 Barcelona Spring-Summer 2015\" class=\"noLazy flagpm_the_photo swiper-lazy\"><div class=\"swiper-lazy-preloader swiper-lazy-preloader-black\"><\/div><\/div><div class=\"swiper-slide\" data-hash=\"flagallery16160\" data-photo-id=\"16160\"><span class=\"flagpm_va\"><\/span><img data-src=\"https:\/\/bobvarela.com\/wp-content\/flagallery\/who-primavera-verano-2015\/webview\/who-ss-2015-127.jpg\" alt=\"080 Barcelona Spring-Summer 2015\" class=\"noLazy flagpm_the_photo swiper-lazy\"><div class=\"swiper-lazy-preloader swiper-lazy-preloader-black\"><\/div><\/div><div class=\"swiper-slide\" data-hash=\"flagallery16161\" data-photo-id=\"16161\"><span class=\"flagpm_va\"><\/span><img data-src=\"https:\/\/bobvarela.com\/wp-content\/flagallery\/who-primavera-verano-2015\/webview\/who-ss-2015-128.jpg\" alt=\"080 Barcelona Spring-Summer 2015\" class=\"noLazy flagpm_the_photo swiper-lazy\"><div class=\"swiper-lazy-preloader swiper-lazy-preloader-black\"><\/div><\/div><div class=\"swiper-slide\" data-hash=\"flagallery16162\" data-photo-id=\"16162\"><span class=\"flagpm_va\"><\/span><img data-src=\"https:\/\/bobvarela.com\/wp-content\/flagallery\/who-primavera-verano-2015\/webview\/who-ss-2015-129.jpg\" alt=\"080 Barcelona Spring-Summer 2015\" class=\"noLazy flagpm_the_photo swiper-lazy\"><div class=\"swiper-lazy-preloader swiper-lazy-preloader-black\"><\/div><\/div><div class=\"swiper-slide\" data-hash=\"flagallery16163\" data-photo-id=\"16163\"><span class=\"flagpm_va\"><\/span><img data-src=\"https:\/\/bobvarela.com\/wp-content\/flagallery\/who-primavera-verano-2015\/webview\/who-ss-2015-130.jpg\" alt=\"080 Barcelona Spring-Summer 2015\" class=\"noLazy flagpm_the_photo swiper-lazy\"><div class=\"swiper-lazy-preloader swiper-lazy-preloader-black\"><\/div><\/div><div class=\"swiper-slide\" data-hash=\"flagallery16164\" data-photo-id=\"16164\"><span class=\"flagpm_va\"><\/span><img data-src=\"https:\/\/bobvarela.com\/wp-content\/flagallery\/who-primavera-verano-2015\/webview\/who-ss-2015-131.jpg\" alt=\"080 Barcelona Spring-Summer 2015\" class=\"noLazy flagpm_the_photo swiper-lazy\"><div class=\"swiper-lazy-preloader swiper-lazy-preloader-black\"><\/div><\/div><div class=\"swiper-slide\" data-hash=\"flagallery16165\" data-photo-id=\"16165\"><span class=\"flagpm_va\"><\/span><img data-src=\"https:\/\/bobvarela.com\/wp-content\/flagallery\/who-primavera-verano-2015\/webview\/who-ss-2015-132.jpg\" alt=\"080 Barcelona Spring-Summer 2015\" class=\"noLazy flagpm_the_photo swiper-lazy\"><div class=\"swiper-lazy-preloader swiper-lazy-preloader-black\"><\/div><\/div><div class=\"swiper-slide\" data-hash=\"flagallery16166\" data-photo-id=\"16166\"><span class=\"flagpm_va\"><\/span><img data-src=\"https:\/\/bobvarela.com\/wp-content\/flagallery\/who-primavera-verano-2015\/webview\/who-ss-2015-133.jpg\" alt=\"080 Barcelona Spring-Summer 2015\" class=\"noLazy flagpm_the_photo swiper-lazy\"><div class=\"swiper-lazy-preloader swiper-lazy-preloader-black\"><\/div><\/div><div class=\"swiper-slide\" data-hash=\"flagallery16167\" data-photo-id=\"16167\"><span class=\"flagpm_va\"><\/span><img data-src=\"https:\/\/bobvarela.com\/wp-content\/flagallery\/who-primavera-verano-2015\/webview\/who-ss-2015-134.jpg\" alt=\"080 Barcelona Spring-Summer 2015\" class=\"noLazy flagpm_the_photo swiper-lazy\"><div class=\"swiper-lazy-preloader swiper-lazy-preloader-black\"><\/div><\/div><div class=\"swiper-slide\" data-hash=\"flagallery16168\" data-photo-id=\"16168\"><span class=\"flagpm_va\"><\/span><img data-src=\"https:\/\/bobvarela.com\/wp-content\/flagallery\/who-primavera-verano-2015\/webview\/who-ss-2015-135.jpg\" alt=\"080 Barcelona Spring-Summer 2015\" class=\"noLazy flagpm_the_photo swiper-lazy\"><div class=\"swiper-lazy-preloader swiper-lazy-preloader-black\"><\/div><\/div><div class=\"swiper-slide\" data-hash=\"flagallery16169\" data-photo-id=\"16169\"><span class=\"flagpm_va\"><\/span><img data-src=\"https:\/\/bobvarela.com\/wp-content\/flagallery\/who-primavera-verano-2015\/webview\/who-ss-2015-136.jpg\" alt=\"080 Barcelona Spring-Summer 2015\" class=\"noLazy flagpm_the_photo swiper-lazy\"><div class=\"swiper-lazy-preloader swiper-lazy-preloader-black\"><\/div><\/div><div class=\"swiper-slide\" data-hash=\"flagallery16170\" data-photo-id=\"16170\"><span class=\"flagpm_va\"><\/span><img data-src=\"https:\/\/bobvarela.com\/wp-content\/flagallery\/who-primavera-verano-2015\/webview\/who-ss-2015-137.jpg\" alt=\"080 Barcelona Spring-Summer 2015\" class=\"noLazy flagpm_the_photo swiper-lazy\"><div class=\"swiper-lazy-preloader swiper-lazy-preloader-black\"><\/div><\/div><div class=\"swiper-slide\" data-hash=\"flagallery16171\" data-photo-id=\"16171\"><span class=\"flagpm_va\"><\/span><img data-src=\"https:\/\/bobvarela.com\/wp-content\/flagallery\/who-primavera-verano-2015\/webview\/who-ss-2015-138.jpg\" alt=\"080 Barcelona Spring-Summer 2015\" class=\"noLazy flagpm_the_photo swiper-lazy\"><div class=\"swiper-lazy-preloader swiper-lazy-preloader-black\"><\/div><\/div><div class=\"swiper-slide\" data-hash=\"flagallery16172\" data-photo-id=\"16172\"><span class=\"flagpm_va\"><\/span><img data-src=\"https:\/\/bobvarela.com\/wp-content\/flagallery\/who-primavera-verano-2015\/webview\/who-ss-2015-139.jpg\" alt=\"080 Barcelona Spring-Summer 2015\" class=\"noLazy flagpm_the_photo swiper-lazy\"><div class=\"swiper-lazy-preloader swiper-lazy-preloader-black\"><\/div><\/div><div class=\"swiper-slide\" data-hash=\"flagallery16173\" data-photo-id=\"16173\"><span class=\"flagpm_va\"><\/span><img data-src=\"https:\/\/bobvarela.com\/wp-content\/flagallery\/who-primavera-verano-2015\/webview\/who-ss-2015-140.jpg\" alt=\"080 Barcelona Spring-Summer 2015\" class=\"noLazy flagpm_the_photo swiper-lazy\"><div class=\"swiper-lazy-preloader swiper-lazy-preloader-black\"><\/div><\/div><div class=\"swiper-slide\" data-hash=\"flagallery16174\" data-photo-id=\"16174\"><span class=\"flagpm_va\"><\/span><img data-src=\"https:\/\/bobvarela.com\/wp-content\/flagallery\/who-primavera-verano-2015\/webview\/who-ss-2015-141.jpg\" alt=\"080 Barcelona Spring-Summer 2015\" class=\"noLazy flagpm_the_photo swiper-lazy\"><div class=\"swiper-lazy-preloader swiper-lazy-preloader-black\"><\/div><\/div><div class=\"swiper-slide\" data-hash=\"flagallery16175\" data-photo-id=\"16175\"><span class=\"flagpm_va\"><\/span><img data-src=\"https:\/\/bobvarela.com\/wp-content\/flagallery\/who-primavera-verano-2015\/webview\/who-ss-2015-142.jpg\" alt=\"080 Barcelona Spring-Summer 2015\" class=\"noLazy flagpm_the_photo swiper-lazy\"><div class=\"swiper-lazy-preloader swiper-lazy-preloader-black\"><\/div><\/div><div class=\"swiper-slide\" data-hash=\"flagallery16176\" data-photo-id=\"16176\"><span class=\"flagpm_va\"><\/span><img data-src=\"https:\/\/bobvarela.com\/wp-content\/flagallery\/who-primavera-verano-2015\/webview\/who-ss-2015-143.jpg\" alt=\"080 Barcelona Spring-Summer 2015\" class=\"noLazy flagpm_the_photo swiper-lazy\"><div class=\"swiper-lazy-preloader swiper-lazy-preloader-black\"><\/div><\/div><div class=\"swiper-slide\" data-hash=\"flagallery16177\" data-photo-id=\"16177\"><span class=\"flagpm_va\"><\/span><img data-src=\"https:\/\/bobvarela.com\/wp-content\/flagallery\/who-primavera-verano-2015\/webview\/who-ss-2015-144.jpg\" alt=\"080 Barcelona Spring-Summer 2015\" class=\"noLazy flagpm_the_photo swiper-lazy\"><div class=\"swiper-lazy-preloader swiper-lazy-preloader-black\"><\/div><\/div><div class=\"swiper-slide\" data-hash=\"flagallery16178\" data-photo-id=\"16178\"><span class=\"flagpm_va\"><\/span><img data-src=\"https:\/\/bobvarela.com\/wp-content\/flagallery\/who-primavera-verano-2015\/webview\/who-ss-2015-145.jpg\" alt=\"080 Barcelona Spring-Summer 2015\" class=\"noLazy flagpm_the_photo swiper-lazy\"><div class=\"swiper-lazy-preloader swiper-lazy-preloader-black\"><\/div><\/div><div class=\"swiper-slide\" data-hash=\"flagallery16179\" data-photo-id=\"16179\"><span class=\"flagpm_va\"><\/span><img data-src=\"https:\/\/bobvarela.com\/wp-content\/flagallery\/who-primavera-verano-2015\/webview\/who-ss-2015-146.jpg\" alt=\"080 Barcelona Spring-Summer 2015\" class=\"noLazy flagpm_the_photo swiper-lazy\"><div class=\"swiper-lazy-preloader swiper-lazy-preloader-black\"><\/div><\/div><div class=\"swiper-slide\" data-hash=\"flagallery16180\" data-photo-id=\"16180\"><span class=\"flagpm_va\"><\/span><img data-src=\"https:\/\/bobvarela.com\/wp-content\/flagallery\/who-primavera-verano-2015\/webview\/who-ss-2015-147.jpg\" alt=\"080 Barcelona Spring-Summer 2015\" class=\"noLazy flagpm_the_photo swiper-lazy\"><div class=\"swiper-lazy-preloader swiper-lazy-preloader-black\"><\/div><\/div><div class=\"swiper-slide\" data-hash=\"flagallery16181\" data-photo-id=\"16181\"><span class=\"flagpm_va\"><\/span><img data-src=\"https:\/\/bobvarela.com\/wp-content\/flagallery\/who-primavera-verano-2015\/webview\/who-ss-2015-148.jpg\" alt=\"080 Barcelona Spring-Summer 2015\" class=\"noLazy flagpm_the_photo swiper-lazy\"><div class=\"swiper-lazy-preloader swiper-lazy-preloader-black\"><\/div><\/div><div class=\"swiper-slide\" data-hash=\"flagallery16182\" data-photo-id=\"16182\"><span class=\"flagpm_va\"><\/span><img data-src=\"https:\/\/bobvarela.com\/wp-content\/flagallery\/who-primavera-verano-2015\/webview\/who-ss-2015-149.jpg\" alt=\"080 Barcelona Spring-Summer 2015\" class=\"noLazy flagpm_the_photo swiper-lazy\"><div class=\"swiper-lazy-preloader swiper-lazy-preloader-black\"><\/div><\/div><div class=\"swiper-slide\" data-hash=\"flagallery16183\" data-photo-id=\"16183\"><span class=\"flagpm_va\"><\/span><img data-src=\"https:\/\/bobvarela.com\/wp-content\/flagallery\/who-primavera-verano-2015\/webview\/who-ss-2015-150.jpg\" alt=\"080 Barcelona Spring-Summer 2015\" class=\"noLazy flagpm_the_photo swiper-lazy\"><div class=\"swiper-lazy-preloader swiper-lazy-preloader-black\"><\/div><\/div><div class=\"swiper-slide\" data-hash=\"flagallery16184\" data-photo-id=\"16184\"><span class=\"flagpm_va\"><\/span><img data-src=\"https:\/\/bobvarela.com\/wp-content\/flagallery\/who-primavera-verano-2015\/webview\/who-ss-2015-151.jpg\" alt=\"080 Barcelona Spring-Summer 2015\" class=\"noLazy flagpm_the_photo swiper-lazy\"><div class=\"swiper-lazy-preloader swiper-lazy-preloader-black\"><\/div><\/div><div class=\"swiper-slide\" data-hash=\"flagallery16185\" data-photo-id=\"16185\"><span class=\"flagpm_va\"><\/span><img data-src=\"https:\/\/bobvarela.com\/wp-content\/flagallery\/who-primavera-verano-2015\/webview\/who-ss-2015-152.jpg\" alt=\"080 Barcelona Spring-Summer 2015\" class=\"noLazy flagpm_the_photo swiper-lazy\"><div class=\"swiper-lazy-preloader swiper-lazy-preloader-black\"><\/div><\/div><div class=\"swiper-slide\" data-hash=\"flagallery16186\" data-photo-id=\"16186\"><span class=\"flagpm_va\"><\/span><img data-src=\"https:\/\/bobvarela.com\/wp-content\/flagallery\/who-primavera-verano-2015\/webview\/who-ss-2015-153.jpg\" alt=\"080 Barcelona Spring-Summer 2015\" class=\"noLazy flagpm_the_photo swiper-lazy\"><div class=\"swiper-lazy-preloader swiper-lazy-preloader-black\"><\/div><\/div><div class=\"swiper-slide\" data-hash=\"flagallery16187\" data-photo-id=\"16187\"><span class=\"flagpm_va\"><\/span><img data-src=\"https:\/\/bobvarela.com\/wp-content\/flagallery\/who-primavera-verano-2015\/webview\/who-ss-2015-154.jpg\" alt=\"080 Barcelona Spring-Summer 2015\" class=\"noLazy flagpm_the_photo swiper-lazy\"><div class=\"swiper-lazy-preloader swiper-lazy-preloader-black\"><\/div><\/div><div class=\"swiper-slide\" data-hash=\"flagallery16188\" data-photo-id=\"16188\"><span class=\"flagpm_va\"><\/span><img data-src=\"https:\/\/bobvarela.com\/wp-content\/flagallery\/who-primavera-verano-2015\/webview\/who-ss-2015-155.jpg\" alt=\"080 Barcelona Spring-Summer 2015\" class=\"noLazy flagpm_the_photo swiper-lazy\"><div class=\"swiper-lazy-preloader swiper-lazy-preloader-black\"><\/div><\/div><div class=\"swiper-slide\" data-hash=\"flagallery16189\" data-photo-id=\"16189\"><span class=\"flagpm_va\"><\/span><img data-src=\"https:\/\/bobvarela.com\/wp-content\/flagallery\/who-primavera-verano-2015\/webview\/who-ss-2015-156.jpg\" alt=\"080 Barcelona Spring-Summer 2015\" class=\"noLazy flagpm_the_photo swiper-lazy\"><div class=\"swiper-lazy-preloader swiper-lazy-preloader-black\"><\/div><\/div><div class=\"swiper-slide\" data-hash=\"flagallery16190\" data-photo-id=\"16190\"><span class=\"flagpm_va\"><\/span><img data-src=\"https:\/\/bobvarela.com\/wp-content\/flagallery\/who-primavera-verano-2015\/webview\/who-ss-2015-157.jpg\" alt=\"080 Barcelona Spring-Summer 2015\" class=\"noLazy flagpm_the_photo swiper-lazy\"><div class=\"swiper-lazy-preloader swiper-lazy-preloader-black\"><\/div><\/div><div class=\"swiper-slide\" data-hash=\"flagallery16191\" data-photo-id=\"16191\"><span class=\"flagpm_va\"><\/span><img data-src=\"https:\/\/bobvarela.com\/wp-content\/flagallery\/who-primavera-verano-2015\/webview\/who-ss-2015-158.jpg\" alt=\"080 Barcelona Spring-Summer 2015\" class=\"noLazy flagpm_the_photo swiper-lazy\"><div class=\"swiper-lazy-preloader swiper-lazy-preloader-black\"><\/div><\/div><div class=\"swiper-slide\" data-hash=\"flagallery16192\" data-photo-id=\"16192\"><span class=\"flagpm_va\"><\/span><img data-src=\"https:\/\/bobvarela.com\/wp-content\/flagallery\/who-primavera-verano-2015\/webview\/who-ss-2015-159.jpg\" alt=\"080 Barcelona Spring-Summer 2015\" class=\"noLazy flagpm_the_photo swiper-lazy\"><div class=\"swiper-lazy-preloader swiper-lazy-preloader-black\"><\/div><\/div> <\/div> <\/div> <\/div> <div class=\"flagpm_photo_header\"> <div class=\"flagpm_wrapper flagpm_clearfix\"> <div class=\"flagpm_focus_actions\"> <ul class=\"flagpm_focus_share\"> <li style=\"list-style:none;\" class=\"flagpm_share_wrapper\"> <a class=\"flagpm_button flagpm_share\">Share<\/a> <ul class=\"flagpm_sharelizers flagpm_clearfix\"> <li style=\"list-style:none;\"><a class=\"flagpm_button flagpm_facebook flagpm_sharelizer\">Facebook<\/a><\/li> <li style=\"list-style:none;\"><a class=\"flagpm_button flagpm_twitter flagpm_sharelizer\">Twitter<\/a><\/li> <li style=\"list-style:none;\"><a class=\"flagpm_button flagpm_pinterest flagpm_sharelizer\">Pinterest<\/a><\/li> <li style=\"list-style:none;\"><a class=\"flagpm_button flagpm_stumbleupon flagpm_sharelizer\">StumbleUpon<\/a><\/li> <\/ul> <\/li> <\/ul> <ul class=\"flagpm_focus_like_fave flagpm_clearfix\"> <li style=\"list-style:none;\"><a class=\"flagpm_button flagpm_like\">Like<\/a><\/li> <\/ul> <ul class=\"flagpm_focus_arrows flagpm_clearfix\"> <li style=\"list-style:none;\"><a class=\"flagpm_button flagpm_photo_arrow_previous flagpm_prev\">Previous<\/a><\/li> <li style=\"list-style:none;\"><a class=\"flagpm_button flagpm_photo_arrow_next flagpm_next\">Next<\/a><\/li> <\/ul> <\/div> <div class=\"flagpm_name_wrap flagpm_clearfix flagpm_no_avatar\"> <div class=\"flagpm_title_author\"> <div class=\"flagpm_title\">080 Barcelona Spring-Summer 2015<\/div> <\/div> <\/div> <div class=\"flagpm_actions flagpm_clearfix\"> <div class=\"flagpm_carousel flagpm_has_previous flagpm_has_next\"> <div class=\"flagpm_previous_button\"><\/div> <div class=\"flagpm_photo_carousel\"> <div class=\"swiper-container swiper-small-images\"> <div class=\"swiper-wrapper\"><div class=\"swiper-slide flagpm_photo\" data-photo-id=\"16134\"><img decoding=\"async\" src=\"https:\/\/bobvarela.com\/wp-content\/flagallery\/who-primavera-verano-2015\/thumbs\/thumbs_who-ss-2015-101.jpg\" data-src=\"https:\/\/bobvarela.com\/wp-content\/flagallery\/who-primavera-verano-2015\/thumbs\/thumbs_who-ss-2015-101.jpg\" alt=\"080 Barcelona Spring-Summer 2015\" class=\"noLazy flagpm_photo swiper-lazy flagpm_photo_portrait\"><span class=\"swiper-lazy-preloader swiper-lazy-preloader-black\"><\/span><\/div><div class=\"swiper-slide flagpm_photo\" data-photo-id=\"16135\"><img data-src=\"https:\/\/bobvarela.com\/wp-content\/flagallery\/who-primavera-verano-2015\/thumbs\/thumbs_who-ss-2015-102.jpg\" alt=\"080 Barcelona Spring-Summer 2015\" class=\"noLazy flagpm_photo swiper-lazy flagpm_photo_portrait\"><span class=\"swiper-lazy-preloader swiper-lazy-preloader-black\"><\/span><\/div><div class=\"swiper-slide flagpm_photo\" data-photo-id=\"16136\"><img data-src=\"https:\/\/bobvarela.com\/wp-content\/flagallery\/who-primavera-verano-2015\/thumbs\/thumbs_who-ss-2015-103.jpg\" alt=\"080 Barcelona Spring-Summer 2015\" class=\"noLazy flagpm_photo swiper-lazy flagpm_photo_portrait\"><span class=\"swiper-lazy-preloader swiper-lazy-preloader-black\"><\/span><\/div><div class=\"swiper-slide flagpm_photo\" data-photo-id=\"16137\"><img data-src=\"https:\/\/bobvarela.com\/wp-content\/flagallery\/who-primavera-verano-2015\/thumbs\/thumbs_who-ss-2015-104.jpg\" alt=\"080 Barcelona Spring-Summer 2015\" class=\"noLazy flagpm_photo swiper-lazy flagpm_photo_portrait\"><span class=\"swiper-lazy-preloader swiper-lazy-preloader-black\"><\/span><\/div><div class=\"swiper-slide flagpm_photo\" data-photo-id=\"16138\"><img data-src=\"https:\/\/bobvarela.com\/wp-content\/flagallery\/who-primavera-verano-2015\/thumbs\/thumbs_who-ss-2015-105.jpg\" alt=\"080 Barcelona Spring-Summer 2015\" class=\"noLazy flagpm_photo swiper-lazy flagpm_photo_landscape\"><span class=\"swiper-lazy-preloader swiper-lazy-preloader-black\"><\/span><\/div><div class=\"swiper-slide flagpm_photo\" data-photo-id=\"16139\"><img data-src=\"https:\/\/bobvarela.com\/wp-content\/flagallery\/who-primavera-verano-2015\/thumbs\/thumbs_who-ss-2015-106.jpg\" alt=\"080 Barcelona Spring-Summer 2015\" class=\"noLazy flagpm_photo swiper-lazy flagpm_photo_portrait\"><span class=\"swiper-lazy-preloader swiper-lazy-preloader-black\"><\/span><\/div><div class=\"swiper-slide flagpm_photo\" data-photo-id=\"16140\"><img data-src=\"https:\/\/bobvarela.com\/wp-content\/flagallery\/who-primavera-verano-2015\/thumbs\/thumbs_who-ss-2015-107.jpg\" alt=\"080 Barcelona Spring-Summer 2015\" class=\"noLazy flagpm_photo swiper-lazy flagpm_photo_portrait\"><span class=\"swiper-lazy-preloader swiper-lazy-preloader-black\"><\/span><\/div><div class=\"swiper-slide flagpm_photo\" data-photo-id=\"16141\"><img data-src=\"https:\/\/bobvarela.com\/wp-content\/flagallery\/who-primavera-verano-2015\/thumbs\/thumbs_who-ss-2015-108.jpg\" alt=\"080 Barcelona Spring-Summer 2015\" class=\"noLazy flagpm_photo swiper-lazy flagpm_photo_portrait\"><span class=\"swiper-lazy-preloader swiper-lazy-preloader-black\"><\/span><\/div><div class=\"swiper-slide flagpm_photo\" data-photo-id=\"16142\"><img data-src=\"https:\/\/bobvarela.com\/wp-content\/flagallery\/who-primavera-verano-2015\/thumbs\/thumbs_who-ss-2015-109.jpg\" alt=\"080 Barcelona Spring-Summer 2015\" class=\"noLazy flagpm_photo swiper-lazy flagpm_photo_portrait\"><span class=\"swiper-lazy-preloader swiper-lazy-preloader-black\"><\/span><\/div><div class=\"swiper-slide flagpm_photo\" data-photo-id=\"16143\"><img data-src=\"https:\/\/bobvarela.com\/wp-content\/flagallery\/who-primavera-verano-2015\/thumbs\/thumbs_who-ss-2015-110.jpg\" alt=\"080 Barcelona Spring-Summer 2015\" class=\"noLazy flagpm_photo swiper-lazy flagpm_photo_portrait\"><span class=\"swiper-lazy-preloader swiper-lazy-preloader-black\"><\/span><\/div><div class=\"swiper-slide flagpm_photo\" data-photo-id=\"16144\"><img data-src=\"https:\/\/bobvarela.com\/wp-content\/flagallery\/who-primavera-verano-2015\/thumbs\/thumbs_who-ss-2015-111.jpg\" alt=\"080 Barcelona Spring-Summer 2015\" class=\"noLazy flagpm_photo swiper-lazy flagpm_photo_portrait\"><span class=\"swiper-lazy-preloader swiper-lazy-preloader-black\"><\/span><\/div><div class=\"swiper-slide flagpm_photo\" data-photo-id=\"16145\"><img data-src=\"https:\/\/bobvarela.com\/wp-content\/flagallery\/who-primavera-verano-2015\/thumbs\/thumbs_who-ss-2015-112.jpg\" alt=\"080 Barcelona Spring-Summer 2015\" class=\"noLazy flagpm_photo swiper-lazy flagpm_photo_portrait\"><span class=\"swiper-lazy-preloader swiper-lazy-preloader-black\"><\/span><\/div><div class=\"swiper-slide flagpm_photo\" data-photo-id=\"16146\"><img data-src=\"https:\/\/bobvarela.com\/wp-content\/flagallery\/who-primavera-verano-2015\/thumbs\/thumbs_who-ss-2015-113.jpg\" alt=\"080 Barcelona Spring-Summer 2015\" class=\"noLazy flagpm_photo swiper-lazy flagpm_photo_portrait\"><span class=\"swiper-lazy-preloader swiper-lazy-preloader-black\"><\/span><\/div><div class=\"swiper-slide flagpm_photo\" data-photo-id=\"16147\"><img data-src=\"https:\/\/bobvarela.com\/wp-content\/flagallery\/who-primavera-verano-2015\/thumbs\/thumbs_who-ss-2015-114.jpg\" alt=\"080 Barcelona Spring-Summer 2015\" class=\"noLazy flagpm_photo swiper-lazy flagpm_photo_portrait\"><span class=\"swiper-lazy-preloader swiper-lazy-preloader-black\"><\/span><\/div><div class=\"swiper-slide flagpm_photo\" data-photo-id=\"16148\"><img data-src=\"https:\/\/bobvarela.com\/wp-content\/flagallery\/who-primavera-verano-2015\/thumbs\/thumbs_who-ss-2015-115.jpg\" alt=\"080 Barcelona Spring-Summer 2015\" class=\"noLazy flagpm_photo swiper-lazy flagpm_photo_portrait\"><span class=\"swiper-lazy-preloader swiper-lazy-preloader-black\"><\/span><\/div><div class=\"swiper-slide flagpm_photo\" data-photo-id=\"16149\"><img data-src=\"https:\/\/bobvarela.com\/wp-content\/flagallery\/who-primavera-verano-2015\/thumbs\/thumbs_who-ss-2015-116.jpg\" alt=\"080 Barcelona Spring-Summer 2015\" class=\"noLazy flagpm_photo swiper-lazy flagpm_photo_portrait\"><span class=\"swiper-lazy-preloader swiper-lazy-preloader-black\"><\/span><\/div><div class=\"swiper-slide flagpm_photo\" data-photo-id=\"16150\"><img data-src=\"https:\/\/bobvarela.com\/wp-content\/flagallery\/who-primavera-verano-2015\/thumbs\/thumbs_who-ss-2015-117.jpg\" alt=\"080 Barcelona Spring-Summer 2015\" class=\"noLazy flagpm_photo swiper-lazy flagpm_photo_portrait\"><span class=\"swiper-lazy-preloader swiper-lazy-preloader-black\"><\/span><\/div><div class=\"swiper-slide flagpm_photo\" data-photo-id=\"16151\"><img data-src=\"https:\/\/bobvarela.com\/wp-content\/flagallery\/who-primavera-verano-2015\/thumbs\/thumbs_who-ss-2015-118.jpg\" alt=\"080 Barcelona Spring-Summer 2015\" class=\"noLazy flagpm_photo swiper-lazy flagpm_photo_portrait\"><span class=\"swiper-lazy-preloader swiper-lazy-preloader-black\"><\/span><\/div><div class=\"swiper-slide flagpm_photo\" data-photo-id=\"16152\"><img data-src=\"https:\/\/bobvarela.com\/wp-content\/flagallery\/who-primavera-verano-2015\/thumbs\/thumbs_who-ss-2015-119.jpg\" alt=\"080 Barcelona Spring-Summer 2015\" class=\"noLazy flagpm_photo swiper-lazy flagpm_photo_portrait\"><span class=\"swiper-lazy-preloader swiper-lazy-preloader-black\"><\/span><\/div><div class=\"swiper-slide flagpm_photo\" data-photo-id=\"16153\"><img data-src=\"https:\/\/bobvarela.com\/wp-content\/flagallery\/who-primavera-verano-2015\/thumbs\/thumbs_who-ss-2015-120.jpg\" alt=\"080 Barcelona Spring-Summer 2015\" class=\"noLazy flagpm_photo swiper-lazy flagpm_photo_portrait\"><span class=\"swiper-lazy-preloader swiper-lazy-preloader-black\"><\/span><\/div><div class=\"swiper-slide flagpm_photo\" data-photo-id=\"16154\"><img data-src=\"https:\/\/bobvarela.com\/wp-content\/flagallery\/who-primavera-verano-2015\/thumbs\/thumbs_who-ss-2015-121.jpg\" alt=\"080 Barcelona Spring-Summer 2015\" class=\"noLazy flagpm_photo swiper-lazy flagpm_photo_portrait\"><span class=\"swiper-lazy-preloader swiper-lazy-preloader-black\"><\/span><\/div><div class=\"swiper-slide flagpm_photo\" data-photo-id=\"16155\"><img data-src=\"https:\/\/bobvarela.com\/wp-content\/flagallery\/who-primavera-verano-2015\/thumbs\/thumbs_who-ss-2015-122.jpg\" alt=\"080 Barcelona Spring-Summer 2015\" class=\"noLazy flagpm_photo swiper-lazy flagpm_photo_portrait\"><span class=\"swiper-lazy-preloader swiper-lazy-preloader-black\"><\/span><\/div><div class=\"swiper-slide flagpm_photo\" data-photo-id=\"16156\"><img data-src=\"https:\/\/bobvarela.com\/wp-content\/flagallery\/who-primavera-verano-2015\/thumbs\/thumbs_who-ss-2015-123.jpg\" alt=\"080 Barcelona Spring-Summer 2015\" class=\"noLazy flagpm_photo swiper-lazy flagpm_photo_portrait\"><span class=\"swiper-lazy-preloader swiper-lazy-preloader-black\"><\/span><\/div><div class=\"swiper-slide flagpm_photo\" data-photo-id=\"16157\"><img data-src=\"https:\/\/bobvarela.com\/wp-content\/flagallery\/who-primavera-verano-2015\/thumbs\/thumbs_who-ss-2015-124.jpg\" alt=\"080 Barcelona Spring-Summer 2015\" class=\"noLazy flagpm_photo swiper-lazy flagpm_photo_portrait\"><span class=\"swiper-lazy-preloader swiper-lazy-preloader-black\"><\/span><\/div><div class=\"swiper-slide flagpm_photo\" data-photo-id=\"16158\"><img data-src=\"https:\/\/bobvarela.com\/wp-content\/flagallery\/who-primavera-verano-2015\/thumbs\/thumbs_who-ss-2015-125.jpg\" alt=\"080 Barcelona Spring-Summer 2015\" class=\"noLazy flagpm_photo swiper-lazy flagpm_photo_portrait\"><span class=\"swiper-lazy-preloader swiper-lazy-preloader-black\"><\/span><\/div><div class=\"swiper-slide flagpm_photo\" data-photo-id=\"16159\"><img data-src=\"https:\/\/bobvarela.com\/wp-content\/flagallery\/who-primavera-verano-2015\/thumbs\/thumbs_who-ss-2015-126.jpg\" alt=\"080 Barcelona Spring-Summer 2015\" class=\"noLazy flagpm_photo swiper-lazy flagpm_photo_portrait\"><span class=\"swiper-lazy-preloader swiper-lazy-preloader-black\"><\/span><\/div><div class=\"swiper-slide flagpm_photo\" data-photo-id=\"16160\"><img data-src=\"https:\/\/bobvarela.com\/wp-content\/flagallery\/who-primavera-verano-2015\/thumbs\/thumbs_who-ss-2015-127.jpg\" alt=\"080 Barcelona Spring-Summer 2015\" class=\"noLazy flagpm_photo swiper-lazy flagpm_photo_portrait\"><span class=\"swiper-lazy-preloader swiper-lazy-preloader-black\"><\/span><\/div><div class=\"swiper-slide flagpm_photo\" data-photo-id=\"16161\"><img data-src=\"https:\/\/bobvarela.com\/wp-content\/flagallery\/who-primavera-verano-2015\/thumbs\/thumbs_who-ss-2015-128.jpg\" alt=\"080 Barcelona Spring-Summer 2015\" class=\"noLazy flagpm_photo swiper-lazy flagpm_photo_portrait\"><span class=\"swiper-lazy-preloader swiper-lazy-preloader-black\"><\/span><\/div><div class=\"swiper-slide flagpm_photo\" data-photo-id=\"16162\"><img data-src=\"https:\/\/bobvarela.com\/wp-content\/flagallery\/who-primavera-verano-2015\/thumbs\/thumbs_who-ss-2015-129.jpg\" alt=\"080 Barcelona Spring-Summer 2015\" class=\"noLazy flagpm_photo swiper-lazy flagpm_photo_portrait\"><span class=\"swiper-lazy-preloader swiper-lazy-preloader-black\"><\/span><\/div><div class=\"swiper-slide flagpm_photo\" data-photo-id=\"16163\"><img data-src=\"https:\/\/bobvarela.com\/wp-content\/flagallery\/who-primavera-verano-2015\/thumbs\/thumbs_who-ss-2015-130.jpg\" alt=\"080 Barcelona Spring-Summer 2015\" class=\"noLazy flagpm_photo swiper-lazy flagpm_photo_portrait\"><span class=\"swiper-lazy-preloader swiper-lazy-preloader-black\"><\/span><\/div><div class=\"swiper-slide flagpm_photo\" data-photo-id=\"16164\"><img data-src=\"https:\/\/bobvarela.com\/wp-content\/flagallery\/who-primavera-verano-2015\/thumbs\/thumbs_who-ss-2015-131.jpg\" alt=\"080 Barcelona Spring-Summer 2015\" class=\"noLazy flagpm_photo swiper-lazy flagpm_photo_landscape\"><span class=\"swiper-lazy-preloader swiper-lazy-preloader-black\"><\/span><\/div><div class=\"swiper-slide flagpm_photo\" data-photo-id=\"16165\"><img data-src=\"https:\/\/bobvarela.com\/wp-content\/flagallery\/who-primavera-verano-2015\/thumbs\/thumbs_who-ss-2015-132.jpg\" alt=\"080 Barcelona Spring-Summer 2015\" class=\"noLazy flagpm_photo swiper-lazy flagpm_photo_portrait\"><span class=\"swiper-lazy-preloader swiper-lazy-preloader-black\"><\/span><\/div><div class=\"swiper-slide flagpm_photo\" data-photo-id=\"16166\"><img data-src=\"https:\/\/bobvarela.com\/wp-content\/flagallery\/who-primavera-verano-2015\/thumbs\/thumbs_who-ss-2015-133.jpg\" alt=\"080 Barcelona Spring-Summer 2015\" class=\"noLazy flagpm_photo swiper-lazy flagpm_photo_portrait\"><span class=\"swiper-lazy-preloader swiper-lazy-preloader-black\"><\/span><\/div><div class=\"swiper-slide flagpm_photo\" data-photo-id=\"16167\"><img data-src=\"https:\/\/bobvarela.com\/wp-content\/flagallery\/who-primavera-verano-2015\/thumbs\/thumbs_who-ss-2015-134.jpg\" alt=\"080 Barcelona Spring-Summer 2015\" class=\"noLazy flagpm_photo swiper-lazy flagpm_photo_portrait\"><span class=\"swiper-lazy-preloader swiper-lazy-preloader-black\"><\/span><\/div><div class=\"swiper-slide flagpm_photo\" data-photo-id=\"16168\"><img data-src=\"https:\/\/bobvarela.com\/wp-content\/flagallery\/who-primavera-verano-2015\/thumbs\/thumbs_who-ss-2015-135.jpg\" alt=\"080 Barcelona Spring-Summer 2015\" class=\"noLazy flagpm_photo swiper-lazy flagpm_photo_portrait\"><span class=\"swiper-lazy-preloader swiper-lazy-preloader-black\"><\/span><\/div><div class=\"swiper-slide flagpm_photo\" data-photo-id=\"16169\"><img data-src=\"https:\/\/bobvarela.com\/wp-content\/flagallery\/who-primavera-verano-2015\/thumbs\/thumbs_who-ss-2015-136.jpg\" alt=\"080 Barcelona Spring-Summer 2015\" class=\"noLazy flagpm_photo swiper-lazy flagpm_photo_portrait\"><span class=\"swiper-lazy-preloader swiper-lazy-preloader-black\"><\/span><\/div><div class=\"swiper-slide flagpm_photo\" data-photo-id=\"16170\"><img data-src=\"https:\/\/bobvarela.com\/wp-content\/flagallery\/who-primavera-verano-2015\/thumbs\/thumbs_who-ss-2015-137.jpg\" alt=\"080 Barcelona Spring-Summer 2015\" class=\"noLazy flagpm_photo swiper-lazy flagpm_photo_landscape\"><span class=\"swiper-lazy-preloader swiper-lazy-preloader-black\"><\/span><\/div><div class=\"swiper-slide flagpm_photo\" data-photo-id=\"16171\"><img data-src=\"https:\/\/bobvarela.com\/wp-content\/flagallery\/who-primavera-verano-2015\/thumbs\/thumbs_who-ss-2015-138.jpg\" alt=\"080 Barcelona Spring-Summer 2015\" class=\"noLazy flagpm_photo swiper-lazy flagpm_photo_portrait\"><span class=\"swiper-lazy-preloader swiper-lazy-preloader-black\"><\/span><\/div><div class=\"swiper-slide flagpm_photo\" data-photo-id=\"16172\"><img data-src=\"https:\/\/bobvarela.com\/wp-content\/flagallery\/who-primavera-verano-2015\/thumbs\/thumbs_who-ss-2015-139.jpg\" alt=\"080 Barcelona Spring-Summer 2015\" class=\"noLazy flagpm_photo swiper-lazy flagpm_photo_portrait\"><span class=\"swiper-lazy-preloader swiper-lazy-preloader-black\"><\/span><\/div><div class=\"swiper-slide flagpm_photo\" data-photo-id=\"16173\"><img data-src=\"https:\/\/bobvarela.com\/wp-content\/flagallery\/who-primavera-verano-2015\/thumbs\/thumbs_who-ss-2015-140.jpg\" alt=\"080 Barcelona Spring-Summer 2015\" class=\"noLazy flagpm_photo swiper-lazy flagpm_photo_portrait\"><span class=\"swiper-lazy-preloader swiper-lazy-preloader-black\"><\/span><\/div><div class=\"swiper-slide flagpm_photo\" data-photo-id=\"16174\"><img data-src=\"https:\/\/bobvarela.com\/wp-content\/flagallery\/who-primavera-verano-2015\/thumbs\/thumbs_who-ss-2015-141.jpg\" alt=\"080 Barcelona Spring-Summer 2015\" class=\"noLazy flagpm_photo swiper-lazy flagpm_photo_portrait\"><span class=\"swiper-lazy-preloader swiper-lazy-preloader-black\"><\/span><\/div><div class=\"swiper-slide flagpm_photo\" data-photo-id=\"16175\"><img data-src=\"https:\/\/bobvarela.com\/wp-content\/flagallery\/who-primavera-verano-2015\/thumbs\/thumbs_who-ss-2015-142.jpg\" alt=\"080 Barcelona Spring-Summer 2015\" class=\"noLazy flagpm_photo swiper-lazy flagpm_photo_landscape\"><span class=\"swiper-lazy-preloader swiper-lazy-preloader-black\"><\/span><\/div><div class=\"swiper-slide flagpm_photo\" data-photo-id=\"16176\"><img data-src=\"https:\/\/bobvarela.com\/wp-content\/flagallery\/who-primavera-verano-2015\/thumbs\/thumbs_who-ss-2015-143.jpg\" alt=\"080 Barcelona Spring-Summer 2015\" class=\"noLazy flagpm_photo swiper-lazy flagpm_photo_portrait\"><span class=\"swiper-lazy-preloader swiper-lazy-preloader-black\"><\/span><\/div><div class=\"swiper-slide flagpm_photo\" data-photo-id=\"16177\"><img data-src=\"https:\/\/bobvarela.com\/wp-content\/flagallery\/who-primavera-verano-2015\/thumbs\/thumbs_who-ss-2015-144.jpg\" alt=\"080 Barcelona Spring-Summer 2015\" class=\"noLazy flagpm_photo swiper-lazy flagpm_photo_portrait\"><span class=\"swiper-lazy-preloader swiper-lazy-preloader-black\"><\/span><\/div><div class=\"swiper-slide flagpm_photo\" data-photo-id=\"16178\"><img data-src=\"https:\/\/bobvarela.com\/wp-content\/flagallery\/who-primavera-verano-2015\/thumbs\/thumbs_who-ss-2015-145.jpg\" alt=\"080 Barcelona Spring-Summer 2015\" class=\"noLazy flagpm_photo swiper-lazy flagpm_photo_portrait\"><span class=\"swiper-lazy-preloader swiper-lazy-preloader-black\"><\/span><\/div><div class=\"swiper-slide flagpm_photo\" data-photo-id=\"16179\"><img data-src=\"https:\/\/bobvarela.com\/wp-content\/flagallery\/who-primavera-verano-2015\/thumbs\/thumbs_who-ss-2015-146.jpg\" alt=\"080 Barcelona Spring-Summer 2015\" class=\"noLazy flagpm_photo swiper-lazy flagpm_photo_portrait\"><span class=\"swiper-lazy-preloader swiper-lazy-preloader-black\"><\/span><\/div><div class=\"swiper-slide flagpm_photo\" data-photo-id=\"16180\"><img data-src=\"https:\/\/bobvarela.com\/wp-content\/flagallery\/who-primavera-verano-2015\/thumbs\/thumbs_who-ss-2015-147.jpg\" alt=\"080 Barcelona Spring-Summer 2015\" class=\"noLazy flagpm_photo swiper-lazy flagpm_photo_portrait\"><span class=\"swiper-lazy-preloader swiper-lazy-preloader-black\"><\/span><\/div><div class=\"swiper-slide flagpm_photo\" data-photo-id=\"16181\"><img data-src=\"https:\/\/bobvarela.com\/wp-content\/flagallery\/who-primavera-verano-2015\/thumbs\/thumbs_who-ss-2015-148.jpg\" alt=\"080 Barcelona Spring-Summer 2015\" class=\"noLazy flagpm_photo swiper-lazy flagpm_photo_portrait\"><span class=\"swiper-lazy-preloader swiper-lazy-preloader-black\"><\/span><\/div><div class=\"swiper-slide flagpm_photo\" data-photo-id=\"16182\"><img data-src=\"https:\/\/bobvarela.com\/wp-content\/flagallery\/who-primavera-verano-2015\/thumbs\/thumbs_who-ss-2015-149.jpg\" alt=\"080 Barcelona Spring-Summer 2015\" class=\"noLazy flagpm_photo swiper-lazy flagpm_photo_portrait\"><span class=\"swiper-lazy-preloader swiper-lazy-preloader-black\"><\/span><\/div><div class=\"swiper-slide flagpm_photo\" data-photo-id=\"16183\"><img data-src=\"https:\/\/bobvarela.com\/wp-content\/flagallery\/who-primavera-verano-2015\/thumbs\/thumbs_who-ss-2015-150.jpg\" alt=\"080 Barcelona Spring-Summer 2015\" class=\"noLazy flagpm_photo swiper-lazy flagpm_photo_portrait\"><span class=\"swiper-lazy-preloader swiper-lazy-preloader-black\"><\/span><\/div><div class=\"swiper-slide flagpm_photo\" data-photo-id=\"16184\"><img data-src=\"https:\/\/bobvarela.com\/wp-content\/flagallery\/who-primavera-verano-2015\/thumbs\/thumbs_who-ss-2015-151.jpg\" alt=\"080 Barcelona Spring-Summer 2015\" class=\"noLazy flagpm_photo swiper-lazy flagpm_photo_portrait\"><span class=\"swiper-lazy-preloader swiper-lazy-preloader-black\"><\/span><\/div><div class=\"swiper-slide flagpm_photo\" data-photo-id=\"16185\"><img data-src=\"https:\/\/bobvarela.com\/wp-content\/flagallery\/who-primavera-verano-2015\/thumbs\/thumbs_who-ss-2015-152.jpg\" alt=\"080 Barcelona Spring-Summer 2015\" class=\"noLazy flagpm_photo swiper-lazy flagpm_photo_portrait\"><span class=\"swiper-lazy-preloader swiper-lazy-preloader-black\"><\/span><\/div><div class=\"swiper-slide flagpm_photo\" data-photo-id=\"16186\"><img data-src=\"https:\/\/bobvarela.com\/wp-content\/flagallery\/who-primavera-verano-2015\/thumbs\/thumbs_who-ss-2015-153.jpg\" alt=\"080 Barcelona Spring-Summer 2015\" class=\"noLazy flagpm_photo swiper-lazy flagpm_photo_portrait\"><span class=\"swiper-lazy-preloader swiper-lazy-preloader-black\"><\/span><\/div><div class=\"swiper-slide flagpm_photo\" data-photo-id=\"16187\"><img data-src=\"https:\/\/bobvarela.com\/wp-content\/flagallery\/who-primavera-verano-2015\/thumbs\/thumbs_who-ss-2015-154.jpg\" alt=\"080 Barcelona Spring-Summer 2015\" class=\"noLazy flagpm_photo swiper-lazy flagpm_photo_portrait\"><span class=\"swiper-lazy-preloader swiper-lazy-preloader-black\"><\/span><\/div><div class=\"swiper-slide flagpm_photo\" data-photo-id=\"16188\"><img data-src=\"https:\/\/bobvarela.com\/wp-content\/flagallery\/who-primavera-verano-2015\/thumbs\/thumbs_who-ss-2015-155.jpg\" alt=\"080 Barcelona Spring-Summer 2015\" class=\"noLazy flagpm_photo swiper-lazy flagpm_photo_portrait\"><span class=\"swiper-lazy-preloader swiper-lazy-preloader-black\"><\/span><\/div><div class=\"swiper-slide flagpm_photo\" data-photo-id=\"16189\"><img data-src=\"https:\/\/bobvarela.com\/wp-content\/flagallery\/who-primavera-verano-2015\/thumbs\/thumbs_who-ss-2015-156.jpg\" alt=\"080 Barcelona Spring-Summer 2015\" class=\"noLazy flagpm_photo swiper-lazy flagpm_photo_portrait\"><span class=\"swiper-lazy-preloader swiper-lazy-preloader-black\"><\/span><\/div><div class=\"swiper-slide flagpm_photo\" data-photo-id=\"16190\"><img data-src=\"https:\/\/bobvarela.com\/wp-content\/flagallery\/who-primavera-verano-2015\/thumbs\/thumbs_who-ss-2015-157.jpg\" alt=\"080 Barcelona Spring-Summer 2015\" class=\"noLazy flagpm_photo swiper-lazy flagpm_photo_portrait\"><span class=\"swiper-lazy-preloader swiper-lazy-preloader-black\"><\/span><\/div><div class=\"swiper-slide flagpm_photo\" data-photo-id=\"16191\"><img data-src=\"https:\/\/bobvarela.com\/wp-content\/flagallery\/who-primavera-verano-2015\/thumbs\/thumbs_who-ss-2015-158.jpg\" alt=\"080 Barcelona Spring-Summer 2015\" class=\"noLazy flagpm_photo swiper-lazy flagpm_photo_portrait\"><span class=\"swiper-lazy-preloader swiper-lazy-preloader-black\"><\/span><\/div><div class=\"swiper-slide flagpm_photo\" data-photo-id=\"16192\"><img data-src=\"https:\/\/bobvarela.com\/wp-content\/flagallery\/who-primavera-verano-2015\/thumbs\/thumbs_who-ss-2015-159.jpg\" alt=\"080 Barcelona Spring-Summer 2015\" class=\"noLazy flagpm_photo swiper-lazy flagpm_photo_portrait\"><span class=\"swiper-lazy-preloader swiper-lazy-preloader-black\"><\/span><\/div> <\/div> <\/div> <\/div> <div class=\"flagpm_next_button\"><\/div> <\/div> <div class=\"flagpm_big_button_wrap\"> <div class=\"flagpm_share_wrapper\"> <a class=\"flagpm_button flagpm_share\">Share<\/a> <div class=\"flagpm_sharelizers_wrap\"> <ul class=\"flagpm_sharelizers\"> <li style=\"list-style:none;\"><a class=\"flagpm_button flagpm_facebook flagpm_sharelizer\">Facebook<\/a><\/li> <li style=\"list-style:none;\"><a class=\"flagpm_button flagpm_twitter flagpm_sharelizer\">Twitter<\/a><\/li> <li style=\"list-style:none;\"><a class=\"flagpm_button flagpm_pinterest flagpm_sharelizer\">Pinterest<\/a><\/li> <li style=\"list-style:none;\"><a class=\"flagpm_button flagpm_stumbleupon flagpm_sharelizer\">StumbleUpon<\/a><\/li> <\/ul> <\/div> <\/div> <a class=\"flagpm_button flagpm_like\">Like<\/a> <\/div> <div class=\"flagpm_big_button_wrap\"> <a class=\"flagpm_big_button flagpm_download_button\" href=\"https:\/\/bobvarela.com\/wp-content\/flagallery\/who-primavera-verano-2015\/who-ss-2015-101.jpg\" download=\"who-ss-2015-101.jpg\"> <span class=\"flagpm_icon\"><\/span> <span class=\"flagpm_label\">Download<\/span> <\/a> <\/div> <div class=\"flagpm_big_button_wrap\"> <a class=\"flagpm_big_button flagpm_link_button flagpm_inactive\" > <span class=\"flagpm_icon\"><\/span> <span class=\"flagpm_label\">Open Link<\/span> <\/a> <\/div> <\/div> <\/div> <\/div> <div class=\"flagpm_focus_close_full\"> <span><a class=\"flagpm_button flagpm_close\">Close<\/a><\/span> <span><a class=\"flagpm_button flagpm_full\">Full<\/a><\/span> <\/div> <div class=\"flagpm_photo_details\"> <div class=\"flagpm_description_wrap\"> <div class=\"details_title\">Description<\/div> <div class=\"flagpm_description_text_wrap\"> <div class=\"flagpm_slide_description\"><p>080 Barcelona Spring-Summer 2015<\/p><\/div> <\/div> <\/div> <\/div> <div class=\"flagpm_focus_footer\"> <div class=\"flagpm_focus_keyboard\"> <div class=\"flagpm_focus_keyboard_title\">Keyboard Shortcuts <a class=\"flagpm_focus_keyboard_dismiss\">Dismiss<\/a><\/div> <ul> <li style=\"list-style:none;\"><a data-key=\"p\" class=\"flagpm_key\">S<\/a><span class=\"flagpm_label\">Slideshow<\/span><\/li> <li style=\"list-style:none;\"><a data-key=\"m\" class=\"flagpm_key\">M<\/a><span class=\"flagpm_label\">Maximize<\/span><\/li> <li style=\"list-style:none;\"><a data-key=\"left\" class=\"flagpm_key\">&nbsp;<\/a><span class=\"flagpm_label\">Previous<\/span><\/li> <li style=\"list-style:none;\"><a data-key=\"right\" class=\"flagpm_key\">&nbsp;<\/a><span class=\"flagpm_label\">Next<\/span><\/li> <li style=\"list-style:none;\"><a data-key=\"escape\" class=\"flagpm_key flagpm_esc\">esc<\/a><span class=\"flagpm_label\">Close<\/span><\/li> <\/ul> <\/div> <\/div> <\/div> <script type=\"text\/javascript\"> jQuery(function($) { var settings = {\"base_gallery_width\":\"800\",\"base_gallery_height\":\"500\",\"gallery_min_height\":\"230\",\"scale_mode\":\"fit\",\"initial_slide\":0,\"slideshow_autoplay\":\"0\",\"slideshow_delay\":\"7000\",\"gallery_focus\":\"0\",\"gallery_maximized\":\"0\",\"gallery_focus_maximized\":\"0\",\"keyboard_help\":\"1\",\"show_download_button\":\"1\",\"show_link_button\":\"1\",\"show_description\":\"1\",\"show_share_button\":\"1\",\"show_like_button\":\"1\",\"link_color\":\"#0099e5\",\"link_color_hover\":\"#02adea\",\"download_button_text\":\"Download\",\"link_button_text\":\"Open Link\",\"description_title\":\"Description\",\"key\":\"\",\"name\":\"\",\"gallID\":\"sc1_201\"}; var content = {\"data\":[{\"id\":\"16134\",\"image\":\"https:\\\/\\\/bobvarela.com\\\/wp-content\\\/flagallery\\\/who-primavera-verano-2015\\\/webview\\\/who-ss-2015-101.jpg\",\"thumb\":\"https:\\\/\\\/bobvarela.com\\\/wp-content\\\/flagallery\\\/who-primavera-verano-2015\\\/thumbs\\\/thumbs_who-ss-2015-101.jpg\",\"file\":\"who-ss-2015-101.jpg\",\"meta\":{\"aperture\":false,\"credit\":false,\"camera\":false,\"caption\":\"080 Barcelona Spring-Summer 2015\",\"created_timestamp\":\"July 2, 2014 12:59 pm\",\"copyright\":\"\\u00c2\\u00a9 2014 Estrop-Barcelona PHOTOGRAPH FOR EDITORIAL USE ONLY\",\"focal_length\":false,\"iso\":false,\"shutter_speed\":false,\"flash\":false,\"title\":\"080 Barcelona Spring-Summer 2015\",\"keywords\":\"Spring-Summer 2015\",\"width\":600,\"height\":898,\"saved\":true,\"thumbnail\":{\"width\":220,\"height\":220},\"webview\":{\"0\":600,\"1\":898,\"2\":2,\"3\":\"width=\\\"600\\\" height=\\\"898\\\"\",\"bits\":8,\"channels\":3,\"mime\":\"image\\\/jpeg\"},\"views\":\"158\",\"likes\":\"0\"},\"title\":\"080 Barcelona Spring-Summer 2015\",\"description\":\"<p>080 Barcelona Spring-Summer 2015<\\\/p>\",\"link\":null,\"link_target\":\"\",\"download\":\"https:\\\/\\\/bobvarela.com\\\/wp-content\\\/flagallery\\\/who-primavera-verano-2015\\\/who-ss-2015-101.jpg\",\"ratio\":0.66815144766146994381728063672198913991451263427734375},{\"id\":\"16135\",\"image\":\"https:\\\/\\\/bobvarela.com\\\/wp-content\\\/flagallery\\\/who-primavera-verano-2015\\\/webview\\\/who-ss-2015-102.jpg\",\"thumb\":\"https:\\\/\\\/bobvarela.com\\\/wp-content\\\/flagallery\\\/who-primavera-verano-2015\\\/thumbs\\\/thumbs_who-ss-2015-102.jpg\",\"file\":\"who-ss-2015-102.jpg\",\"meta\":{\"aperture\":false,\"credit\":false,\"camera\":false,\"caption\":\"080 Barcelona Spring-Summer 2015\",\"created_timestamp\":\"July 2, 2014 12:59 pm\",\"copyright\":\"\\u00c2\\u00a9 2014 Estrop-Barcelona PHOTOGRAPH FOR EDITORIAL USE ONLY\",\"focal_length\":false,\"iso\":false,\"shutter_speed\":false,\"flash\":false,\"title\":\"080 Barcelona Spring-Summer 2015\",\"keywords\":\"Spring-Summer 2015\",\"width\":600,\"height\":898,\"saved\":true,\"thumbnail\":{\"width\":220,\"height\":220},\"webview\":{\"0\":600,\"1\":898,\"2\":2,\"3\":\"width=\\\"600\\\" height=\\\"898\\\"\",\"bits\":8,\"channels\":3,\"mime\":\"image\\\/jpeg\"},\"views\":\"36\",\"likes\":\"0\"},\"title\":\"080 Barcelona Spring-Summer 2015\",\"description\":\"<p>080 Barcelona Spring-Summer 2015<\\\/p>\",\"link\":null,\"link_target\":\"\",\"download\":\"https:\\\/\\\/bobvarela.com\\\/wp-content\\\/flagallery\\\/who-primavera-verano-2015\\\/who-ss-2015-102.jpg\",\"ratio\":0.66815144766146994381728063672198913991451263427734375},{\"id\":\"16136\",\"image\":\"https:\\\/\\\/bobvarela.com\\\/wp-content\\\/flagallery\\\/who-primavera-verano-2015\\\/webview\\\/who-ss-2015-103.jpg\",\"thumb\":\"https:\\\/\\\/bobvarela.com\\\/wp-content\\\/flagallery\\\/who-primavera-verano-2015\\\/thumbs\\\/thumbs_who-ss-2015-103.jpg\",\"file\":\"who-ss-2015-103.jpg\",\"meta\":{\"aperture\":false,\"credit\":false,\"camera\":false,\"caption\":\"080 Barcelona Spring-Summer 2015\",\"created_timestamp\":\"July 2, 2014 1:00 pm\",\"copyright\":\"\\u00c2\\u00a9 2014 Estrop-Barcelona PHOTOGRAPH FOR EDITORIAL USE ONLY\",\"focal_length\":false,\"iso\":false,\"shutter_speed\":false,\"flash\":false,\"title\":\"080 Barcelona Spring-Summer 2015\",\"keywords\":\"Spring-Summer 2015\",\"width\":600,\"height\":898,\"saved\":true,\"thumbnail\":{\"width\":220,\"height\":220},\"webview\":{\"0\":600,\"1\":898,\"2\":2,\"3\":\"width=\\\"600\\\" height=\\\"898\\\"\",\"bits\":8,\"channels\":3,\"mime\":\"image\\\/jpeg\"},\"views\":\"27\",\"likes\":\"0\"},\"title\":\"080 Barcelona Spring-Summer 2015\",\"description\":\"<p>080 Barcelona Spring-Summer 2015<\\\/p>\",\"link\":null,\"link_target\":\"\",\"download\":\"https:\\\/\\\/bobvarela.com\\\/wp-content\\\/flagallery\\\/who-primavera-verano-2015\\\/who-ss-2015-103.jpg\",\"ratio\":0.66815144766146994381728063672198913991451263427734375},{\"id\":\"16137\",\"image\":\"https:\\\/\\\/bobvarela.com\\\/wp-content\\\/flagallery\\\/who-primavera-verano-2015\\\/webview\\\/who-ss-2015-104.jpg\",\"thumb\":\"https:\\\/\\\/bobvarela.com\\\/wp-content\\\/flagallery\\\/who-primavera-verano-2015\\\/thumbs\\\/thumbs_who-ss-2015-104.jpg\",\"file\":\"who-ss-2015-104.jpg\",\"meta\":{\"aperture\":false,\"credit\":false,\"camera\":false,\"caption\":\"080 Barcelona Spring-Summer 2015\",\"created_timestamp\":\"July 2, 2014 1:00 pm\",\"copyright\":\"\\u00c2\\u00a9 2014 Estrop-Barcelona PHOTOGRAPH FOR EDITORIAL USE ONLY\",\"focal_length\":false,\"iso\":false,\"shutter_speed\":false,\"flash\":false,\"title\":\"080 Barcelona Spring-Summer 2015\",\"keywords\":\"Spring-Summer 2015\",\"width\":600,\"height\":898,\"saved\":true,\"thumbnail\":{\"width\":220,\"height\":220},\"webview\":{\"0\":600,\"1\":898,\"2\":2,\"3\":\"width=\\\"600\\\" height=\\\"898\\\"\",\"bits\":8,\"channels\":3,\"mime\":\"image\\\/jpeg\"},\"views\":\"22\",\"likes\":\"0\"},\"title\":\"080 Barcelona Spring-Summer 2015\",\"description\":\"<p>080 Barcelona Spring-Summer 2015<\\\/p>\",\"link\":null,\"link_target\":\"\",\"download\":\"https:\\\/\\\/bobvarela.com\\\/wp-content\\\/flagallery\\\/who-primavera-verano-2015\\\/who-ss-2015-104.jpg\",\"ratio\":0.66815144766146994381728063672198913991451263427734375},{\"id\":\"16138\",\"image\":\"https:\\\/\\\/bobvarela.com\\\/wp-content\\\/flagallery\\\/who-primavera-verano-2015\\\/webview\\\/who-ss-2015-105.jpg\",\"thumb\":\"https:\\\/\\\/bobvarela.com\\\/wp-content\\\/flagallery\\\/who-primavera-verano-2015\\\/thumbs\\\/thumbs_who-ss-2015-105.jpg\",\"file\":\"who-ss-2015-105.jpg\",\"meta\":{\"aperture\":false,\"credit\":false,\"camera\":false,\"caption\":\"080 Barcelona Spring-Summer 2015\",\"created_timestamp\":\"July 2, 2014 1:00 pm\",\"copyright\":\"\\u00c2\\u00a9 2014 Estrop-Barcelona PHOTOGRAPH FOR EDITORIAL USE ONLY\",\"focal_length\":false,\"iso\":false,\"shutter_speed\":false,\"flash\":false,\"title\":\"080 Barcelona Spring-Summer 2015\",\"keywords\":\"Spring-Summer 2015\",\"width\":898,\"height\":600,\"saved\":true,\"thumbnail\":{\"width\":220,\"height\":220},\"webview\":{\"0\":898,\"1\":600,\"2\":2,\"3\":\"width=\\\"898\\\" height=\\\"600\\\"\",\"bits\":8,\"channels\":3,\"mime\":\"image\\\/jpeg\"},\"views\":\"15\",\"likes\":\"0\"},\"title\":\"080 Barcelona Spring-Summer 2015\",\"description\":\"<p>080 Barcelona Spring-Summer 2015<\\\/p>\",\"link\":null,\"link_target\":\"\",\"download\":\"https:\\\/\\\/bobvarela.com\\\/wp-content\\\/flagallery\\\/who-primavera-verano-2015\\\/who-ss-2015-105.jpg\",\"ratio\":1.496666666666666589691203625989146530628204345703125},{\"id\":\"16139\",\"image\":\"https:\\\/\\\/bobvarela.com\\\/wp-content\\\/flagallery\\\/who-primavera-verano-2015\\\/webview\\\/who-ss-2015-106.jpg\",\"thumb\":\"https:\\\/\\\/bobvarela.com\\\/wp-content\\\/flagallery\\\/who-primavera-verano-2015\\\/thumbs\\\/thumbs_who-ss-2015-106.jpg\",\"file\":\"who-ss-2015-106.jpg\",\"meta\":{\"aperture\":false,\"credit\":false,\"camera\":false,\"caption\":\"080 Barcelona Spring-Summer 2015\",\"created_timestamp\":\"July 2, 2014 1:00 pm\",\"copyright\":\"\\u00c2\\u00a9 2014 Estrop-Barcelona PHOTOGRAPH FOR EDITORIAL USE ONLY\",\"focal_length\":false,\"iso\":false,\"shutter_speed\":false,\"flash\":false,\"title\":\"080 Barcelona Spring-Summer 2015\",\"keywords\":\"Spring-Summer 2015\",\"width\":600,\"height\":898,\"saved\":true,\"thumbnail\":{\"width\":220,\"height\":220},\"webview\":{\"0\":600,\"1\":898,\"2\":2,\"3\":\"width=\\\"600\\\" height=\\\"898\\\"\",\"bits\":8,\"channels\":3,\"mime\":\"image\\\/jpeg\"},\"views\":\"17\",\"likes\":\"0\"},\"title\":\"080 Barcelona Spring-Summer 2015\",\"description\":\"<p>080 Barcelona Spring-Summer 2015<\\\/p>\",\"link\":null,\"link_target\":\"\",\"download\":\"https:\\\/\\\/bobvarela.com\\\/wp-content\\\/flagallery\\\/who-primavera-verano-2015\\\/who-ss-2015-106.jpg\",\"ratio\":0.66815144766146994381728063672198913991451263427734375},{\"id\":\"16140\",\"image\":\"https:\\\/\\\/bobvarela.com\\\/wp-content\\\/flagallery\\\/who-primavera-verano-2015\\\/webview\\\/who-ss-2015-107.jpg\",\"thumb\":\"https:\\\/\\\/bobvarela.com\\\/wp-content\\\/flagallery\\\/who-primavera-verano-2015\\\/thumbs\\\/thumbs_who-ss-2015-107.jpg\",\"file\":\"who-ss-2015-107.jpg\",\"meta\":{\"aperture\":false,\"credit\":false,\"camera\":false,\"caption\":\"080 Barcelona Spring-Summer 2015\",\"created_timestamp\":\"July 2, 2014 1:00 pm\",\"copyright\":\"\\u00c2\\u00a9 2014 Estrop-Barcelona PHOTOGRAPH FOR EDITORIAL USE ONLY\",\"focal_length\":false,\"iso\":false,\"shutter_speed\":false,\"flash\":false,\"title\":\"080 Barcelona Spring-Summer 2015\",\"keywords\":\"Spring-Summer 2015\",\"width\":600,\"height\":898,\"saved\":true,\"thumbnail\":{\"width\":220,\"height\":220},\"webview\":{\"0\":600,\"1\":898,\"2\":2,\"3\":\"width=\\\"600\\\" height=\\\"898\\\"\",\"bits\":8,\"channels\":3,\"mime\":\"image\\\/jpeg\"},\"views\":\"15\",\"likes\":\"0\"},\"title\":\"080 Barcelona Spring-Summer 2015\",\"description\":\"<p>080 Barcelona Spring-Summer 2015<\\\/p>\",\"link\":null,\"link_target\":\"\",\"download\":\"https:\\\/\\\/bobvarela.com\\\/wp-content\\\/flagallery\\\/who-primavera-verano-2015\\\/who-ss-2015-107.jpg\",\"ratio\":0.66815144766146994381728063672198913991451263427734375},{\"id\":\"16141\",\"image\":\"https:\\\/\\\/bobvarela.com\\\/wp-content\\\/flagallery\\\/who-primavera-verano-2015\\\/webview\\\/who-ss-2015-108.jpg\",\"thumb\":\"https:\\\/\\\/bobvarela.com\\\/wp-content\\\/flagallery\\\/who-primavera-verano-2015\\\/thumbs\\\/thumbs_who-ss-2015-108.jpg\",\"file\":\"who-ss-2015-108.jpg\",\"meta\":{\"aperture\":false,\"credit\":false,\"camera\":false,\"caption\":\"080 Barcelona Spring-Summer 2015\",\"created_timestamp\":\"July 2, 2014 1:00 pm\",\"copyright\":\"\\u00c2\\u00a9 2014 Estrop-Barcelona PHOTOGRAPH FOR EDITORIAL USE ONLY\",\"focal_length\":false,\"iso\":false,\"shutter_speed\":false,\"flash\":false,\"title\":\"080 Barcelona Spring-Summer 2015\",\"keywords\":\"Spring-Summer 2015\",\"width\":600,\"height\":898,\"saved\":true,\"thumbnail\":{\"width\":220,\"height\":220},\"webview\":{\"0\":600,\"1\":898,\"2\":2,\"3\":\"width=\\\"600\\\" height=\\\"898\\\"\",\"bits\":8,\"channels\":3,\"mime\":\"image\\\/jpeg\"},\"views\":\"16\",\"likes\":\"0\"},\"title\":\"080 Barcelona Spring-Summer 2015\",\"description\":\"<p>080 Barcelona Spring-Summer 2015<\\\/p>\",\"link\":null,\"link_target\":\"\",\"download\":\"https:\\\/\\\/bobvarela.com\\\/wp-content\\\/flagallery\\\/who-primavera-verano-2015\\\/who-ss-2015-108.jpg\",\"ratio\":0.66815144766146994381728063672198913991451263427734375},{\"id\":\"16142\",\"image\":\"https:\\\/\\\/bobvarela.com\\\/wp-content\\\/flagallery\\\/who-primavera-verano-2015\\\/webview\\\/who-ss-2015-109.jpg\",\"thumb\":\"https:\\\/\\\/bobvarela.com\\\/wp-content\\\/flagallery\\\/who-primavera-verano-2015\\\/thumbs\\\/thumbs_who-ss-2015-109.jpg\",\"file\":\"who-ss-2015-109.jpg\",\"meta\":{\"aperture\":false,\"credit\":false,\"camera\":false,\"caption\":\"080 Barcelona Spring-Summer 2015\",\"created_timestamp\":\"July 2, 2014 1:00 pm\",\"copyright\":\"\\u00c2\\u00a9 2014 Estrop-Barcelona PHOTOGRAPH FOR EDITORIAL USE ONLY\",\"focal_length\":false,\"iso\":false,\"shutter_speed\":false,\"flash\":false,\"title\":\"080 Barcelona Spring-Summer 2015\",\"keywords\":\"Spring-Summer 2015\",\"width\":600,\"height\":898,\"saved\":true,\"thumbnail\":{\"width\":220,\"height\":220},\"webview\":{\"0\":600,\"1\":898,\"2\":2,\"3\":\"width=\\\"600\\\" height=\\\"898\\\"\",\"bits\":8,\"channels\":3,\"mime\":\"image\\\/jpeg\"},\"views\":\"16\",\"likes\":\"0\"},\"title\":\"080 Barcelona Spring-Summer 2015\",\"description\":\"<p>080 Barcelona Spring-Summer 2015<\\\/p>\",\"link\":null,\"link_target\":\"\",\"download\":\"https:\\\/\\\/bobvarela.com\\\/wp-content\\\/flagallery\\\/who-primavera-verano-2015\\\/who-ss-2015-109.jpg\",\"ratio\":0.66815144766146994381728063672198913991451263427734375},{\"id\":\"16143\",\"image\":\"https:\\\/\\\/bobvarela.com\\\/wp-content\\\/flagallery\\\/who-primavera-verano-2015\\\/webview\\\/who-ss-2015-110.jpg\",\"thumb\":\"https:\\\/\\\/bobvarela.com\\\/wp-content\\\/flagallery\\\/who-primavera-verano-2015\\\/thumbs\\\/thumbs_who-ss-2015-110.jpg\",\"file\":\"who-ss-2015-110.jpg\",\"meta\":{\"aperture\":false,\"credit\":false,\"camera\":false,\"caption\":\"080 Barcelona Spring-Summer 2015\",\"created_timestamp\":\"July 2, 2014 1:00 pm\",\"copyright\":\"\\u00c2\\u00a9 2014 Estrop-Barcelona PHOTOGRAPH FOR EDITORIAL USE ONLY\",\"focal_length\":false,\"iso\":false,\"shutter_speed\":false,\"flash\":false,\"title\":\"080 Barcelona Spring-Summer 2015\",\"keywords\":\"Spring-Summer 2015\",\"width\":600,\"height\":898,\"saved\":true,\"thumbnail\":{\"width\":220,\"height\":220},\"webview\":{\"0\":600,\"1\":898,\"2\":2,\"3\":\"width=\\\"600\\\" height=\\\"898\\\"\",\"bits\":8,\"channels\":3,\"mime\":\"image\\\/jpeg\"},\"views\":\"19\",\"likes\":\"0\"},\"title\":\"080 Barcelona Spring-Summer 2015\",\"description\":\"<p>080 Barcelona Spring-Summer 2015<\\\/p>\",\"link\":null,\"link_target\":\"\",\"download\":\"https:\\\/\\\/bobvarela.com\\\/wp-content\\\/flagallery\\\/who-primavera-verano-2015\\\/who-ss-2015-110.jpg\",\"ratio\":0.66815144766146994381728063672198913991451263427734375},{\"id\":\"16144\",\"image\":\"https:\\\/\\\/bobvarela.com\\\/wp-content\\\/flagallery\\\/who-primavera-verano-2015\\\/webview\\\/who-ss-2015-111.jpg\",\"thumb\":\"https:\\\/\\\/bobvarela.com\\\/wp-content\\\/flagallery\\\/who-primavera-verano-2015\\\/thumbs\\\/thumbs_who-ss-2015-111.jpg\",\"file\":\"who-ss-2015-111.jpg\",\"meta\":{\"aperture\":false,\"credit\":false,\"camera\":false,\"caption\":\"080 Barcelona Spring-Summer 2015\",\"created_timestamp\":\"July 2, 2014 1:00 pm\",\"copyright\":\"\\u00c2\\u00a9 2014 Estrop-Barcelona PHOTOGRAPH FOR EDITORIAL USE ONLY\",\"focal_length\":false,\"iso\":false,\"shutter_speed\":false,\"flash\":false,\"title\":\"080 Barcelona Spring-Summer 2015\",\"keywords\":\"Spring-Summer 2015\",\"width\":600,\"height\":898,\"saved\":true,\"thumbnail\":{\"width\":220,\"height\":220},\"webview\":{\"0\":600,\"1\":898,\"2\":2,\"3\":\"width=\\\"600\\\" height=\\\"898\\\"\",\"bits\":8,\"channels\":3,\"mime\":\"image\\\/jpeg\"},\"views\":\"22\",\"likes\":\"0\"},\"title\":\"080 Barcelona Spring-Summer 2015\",\"description\":\"<p>080 Barcelona Spring-Summer 2015<\\\/p>\",\"link\":null,\"link_target\":\"\",\"download\":\"https:\\\/\\\/bobvarela.com\\\/wp-content\\\/flagallery\\\/who-primavera-verano-2015\\\/who-ss-2015-111.jpg\",\"ratio\":0.66815144766146994381728063672198913991451263427734375},{\"id\":\"16145\",\"image\":\"https:\\\/\\\/bobvarela.com\\\/wp-content\\\/flagallery\\\/who-primavera-verano-2015\\\/webview\\\/who-ss-2015-112.jpg\",\"thumb\":\"https:\\\/\\\/bobvarela.com\\\/wp-content\\\/flagallery\\\/who-primavera-verano-2015\\\/thumbs\\\/thumbs_who-ss-2015-112.jpg\",\"file\":\"who-ss-2015-112.jpg\",\"meta\":{\"aperture\":false,\"credit\":false,\"camera\":false,\"caption\":\"080 Barcelona Spring-Summer 2015\",\"created_timestamp\":\"July 2, 2014 1:00 pm\",\"copyright\":\"\\u00c2\\u00a9 2014 Estrop-Barcelona PHOTOGRAPH FOR EDITORIAL USE ONLY\",\"focal_length\":false,\"iso\":false,\"shutter_speed\":false,\"flash\":false,\"title\":\"080 Barcelona Spring-Summer 2015\",\"keywords\":\"Spring-Summer 2015\",\"width\":600,\"height\":898,\"saved\":true,\"thumbnail\":{\"width\":220,\"height\":220},\"webview\":{\"0\":600,\"1\":898,\"2\":2,\"3\":\"width=\\\"600\\\" height=\\\"898\\\"\",\"bits\":8,\"channels\":3,\"mime\":\"image\\\/jpeg\"},\"views\":\"18\",\"likes\":\"0\"},\"title\":\"080 Barcelona Spring-Summer 2015\",\"description\":\"<p>080 Barcelona Spring-Summer 2015<\\\/p>\",\"link\":null,\"link_target\":\"\",\"download\":\"https:\\\/\\\/bobvarela.com\\\/wp-content\\\/flagallery\\\/who-primavera-verano-2015\\\/who-ss-2015-112.jpg\",\"ratio\":0.66815144766146994381728063672198913991451263427734375},{\"id\":\"16146\",\"image\":\"https:\\\/\\\/bobvarela.com\\\/wp-content\\\/flagallery\\\/who-primavera-verano-2015\\\/webview\\\/who-ss-2015-113.jpg\",\"thumb\":\"https:\\\/\\\/bobvarela.com\\\/wp-content\\\/flagallery\\\/who-primavera-verano-2015\\\/thumbs\\\/thumbs_who-ss-2015-113.jpg\",\"file\":\"who-ss-2015-113.jpg\",\"meta\":{\"aperture\":false,\"credit\":false,\"camera\":false,\"caption\":\"080 Barcelona Spring-Summer 2015\",\"created_timestamp\":\"July 2, 2014 1:01 pm\",\"copyright\":\"\\u00c2\\u00a9 2014 Estrop-Barcelona PHOTOGRAPH FOR EDITORIAL USE ONLY\",\"focal_length\":false,\"iso\":false,\"shutter_speed\":false,\"flash\":false,\"title\":\"080 Barcelona Spring-Summer 2015\",\"keywords\":\"Spring-Summer 2015\",\"width\":600,\"height\":898,\"saved\":true,\"thumbnail\":{\"width\":220,\"height\":220},\"webview\":{\"0\":600,\"1\":898,\"2\":2,\"3\":\"width=\\\"600\\\" height=\\\"898\\\"\",\"bits\":8,\"channels\":3,\"mime\":\"image\\\/jpeg\"},\"views\":\"16\",\"likes\":\"0\"},\"title\":\"080 Barcelona Spring-Summer 2015\",\"description\":\"<p>080 Barcelona Spring-Summer 2015<\\\/p>\",\"link\":null,\"link_target\":\"\",\"download\":\"https:\\\/\\\/bobvarela.com\\\/wp-content\\\/flagallery\\\/who-primavera-verano-2015\\\/who-ss-2015-113.jpg\",\"ratio\":0.66815144766146994381728063672198913991451263427734375},{\"id\":\"16147\",\"image\":\"https:\\\/\\\/bobvarela.com\\\/wp-content\\\/flagallery\\\/who-primavera-verano-2015\\\/webview\\\/who-ss-2015-114.jpg\",\"thumb\":\"https:\\\/\\\/bobvarela.com\\\/wp-content\\\/flagallery\\\/who-primavera-verano-2015\\\/thumbs\\\/thumbs_who-ss-2015-114.jpg\",\"file\":\"who-ss-2015-114.jpg\",\"meta\":{\"aperture\":false,\"credit\":false,\"camera\":false,\"caption\":\"080 Barcelona Spring-Summer 2015\",\"created_timestamp\":\"July 2, 2014 1:01 pm\",\"copyright\":\"\\u00c2\\u00a9 2014 Estrop-Barcelona PHOTOGRAPH FOR EDITORIAL USE ONLY\",\"focal_length\":false,\"iso\":false,\"shutter_speed\":false,\"flash\":false,\"title\":\"080 Barcelona Spring-Summer 2015\",\"keywords\":\"Spring-Summer 2015\",\"width\":600,\"height\":898,\"saved\":true,\"thumbnail\":{\"width\":220,\"height\":220},\"webview\":{\"0\":600,\"1\":898,\"2\":2,\"3\":\"width=\\\"600\\\" height=\\\"898\\\"\",\"bits\":8,\"channels\":3,\"mime\":\"image\\\/jpeg\"},\"views\":\"16\",\"likes\":\"0\"},\"title\":\"080 Barcelona Spring-Summer 2015\",\"description\":\"<p>080 Barcelona Spring-Summer 2015<\\\/p>\",\"link\":null,\"link_target\":\"\",\"download\":\"https:\\\/\\\/bobvarela.com\\\/wp-content\\\/flagallery\\\/who-primavera-verano-2015\\\/who-ss-2015-114.jpg\",\"ratio\":0.66815144766146994381728063672198913991451263427734375},{\"id\":\"16148\",\"image\":\"https:\\\/\\\/bobvarela.com\\\/wp-content\\\/flagallery\\\/who-primavera-verano-2015\\\/webview\\\/who-ss-2015-115.jpg\",\"thumb\":\"https:\\\/\\\/bobvarela.com\\\/wp-content\\\/flagallery\\\/who-primavera-verano-2015\\\/thumbs\\\/thumbs_who-ss-2015-115.jpg\",\"file\":\"who-ss-2015-115.jpg\",\"meta\":{\"aperture\":false,\"credit\":false,\"camera\":false,\"caption\":\"080 Barcelona Spring-Summer 2015\",\"created_timestamp\":\"July 2, 2014 1:01 pm\",\"copyright\":\"\\u00c2\\u00a9 2014 Estrop-Barcelona PHOTOGRAPH FOR EDITORIAL USE ONLY\",\"focal_length\":false,\"iso\":false,\"shutter_speed\":false,\"flash\":false,\"title\":\"080 Barcelona Spring-Summer 2015\",\"keywords\":\"Spring-Summer 2015\",\"width\":600,\"height\":898,\"saved\":true,\"thumbnail\":{\"width\":220,\"height\":220},\"webview\":{\"0\":600,\"1\":898,\"2\":2,\"3\":\"width=\\\"600\\\" height=\\\"898\\\"\",\"bits\":8,\"channels\":3,\"mime\":\"image\\\/jpeg\"},\"views\":\"13\",\"likes\":\"0\"},\"title\":\"080 Barcelona Spring-Summer 2015\",\"description\":\"<p>080 Barcelona Spring-Summer 2015<\\\/p>\",\"link\":null,\"link_target\":\"\",\"download\":\"https:\\\/\\\/bobvarela.com\\\/wp-content\\\/flagallery\\\/who-primavera-verano-2015\\\/who-ss-2015-115.jpg\",\"ratio\":0.66815144766146994381728063672198913991451263427734375},{\"id\":\"16149\",\"image\":\"https:\\\/\\\/bobvarela.com\\\/wp-content\\\/flagallery\\\/who-primavera-verano-2015\\\/webview\\\/who-ss-2015-116.jpg\",\"thumb\":\"https:\\\/\\\/bobvarela.com\\\/wp-content\\\/flagallery\\\/who-primavera-verano-2015\\\/thumbs\\\/thumbs_who-ss-2015-116.jpg\",\"file\":\"who-ss-2015-116.jpg\",\"meta\":{\"aperture\":false,\"credit\":false,\"camera\":false,\"caption\":\"080 Barcelona Spring-Summer 2015\",\"created_timestamp\":\"July 2, 2014 1:01 pm\",\"copyright\":\"\\u00c2\\u00a9 2014 Estrop-Barcelona PHOTOGRAPH FOR EDITORIAL USE ONLY\",\"focal_length\":false,\"iso\":false,\"shutter_speed\":false,\"flash\":false,\"title\":\"080 Barcelona Spring-Summer 2015\",\"keywords\":\"Spring-Summer 2015\",\"width\":600,\"height\":898,\"saved\":true,\"thumbnail\":{\"width\":220,\"height\":220},\"webview\":{\"0\":600,\"1\":898,\"2\":2,\"3\":\"width=\\\"600\\\" height=\\\"898\\\"\",\"bits\":8,\"channels\":3,\"mime\":\"image\\\/jpeg\"},\"views\":\"13\",\"likes\":\"0\"},\"title\":\"080 Barcelona Spring-Summer 2015\",\"description\":\"<p>080 Barcelona Spring-Summer 2015<\\\/p>\",\"link\":null,\"link_target\":\"\",\"download\":\"https:\\\/\\\/bobvarela.com\\\/wp-content\\\/flagallery\\\/who-primavera-verano-2015\\\/who-ss-2015-116.jpg\",\"ratio\":0.66815144766146994381728063672198913991451263427734375},{\"id\":\"16150\",\"image\":\"https:\\\/\\\/bobvarela.com\\\/wp-content\\\/flagallery\\\/who-primavera-verano-2015\\\/webview\\\/who-ss-2015-117.jpg\",\"thumb\":\"https:\\\/\\\/bobvarela.com\\\/wp-content\\\/flagallery\\\/who-primavera-verano-2015\\\/thumbs\\\/thumbs_who-ss-2015-117.jpg\",\"file\":\"who-ss-2015-117.jpg\",\"meta\":{\"aperture\":false,\"credit\":false,\"camera\":false,\"caption\":\"080 Barcelona Spring-Summer 2015\",\"created_timestamp\":\"July 2, 2014 1:01 pm\",\"copyright\":\"\\u00c2\\u00a9 2014 Estrop-Barcelona PHOTOGRAPH FOR EDITORIAL USE ONLY\",\"focal_length\":false,\"iso\":false,\"shutter_speed\":false,\"flash\":false,\"title\":\"080 Barcelona Spring-Summer 2015\",\"keywords\":\"Spring-Summer 2015\",\"width\":600,\"height\":898,\"saved\":true,\"thumbnail\":{\"width\":220,\"height\":220},\"webview\":{\"0\":600,\"1\":898,\"2\":2,\"3\":\"width=\\\"600\\\" height=\\\"898\\\"\",\"bits\":8,\"channels\":3,\"mime\":\"image\\\/jpeg\"},\"views\":\"12\",\"likes\":\"0\"},\"title\":\"080 Barcelona Spring-Summer 2015\",\"description\":\"<p>080 Barcelona Spring-Summer 2015<\\\/p>\",\"link\":null,\"link_target\":\"\",\"download\":\"https:\\\/\\\/bobvarela.com\\\/wp-content\\\/flagallery\\\/who-primavera-verano-2015\\\/who-ss-2015-117.jpg\",\"ratio\":0.66815144766146994381728063672198913991451263427734375},{\"id\":\"16151\",\"image\":\"https:\\\/\\\/bobvarela.com\\\/wp-content\\\/flagallery\\\/who-primavera-verano-2015\\\/webview\\\/who-ss-2015-118.jpg\",\"thumb\":\"https:\\\/\\\/bobvarela.com\\\/wp-content\\\/flagallery\\\/who-primavera-verano-2015\\\/thumbs\\\/thumbs_who-ss-2015-118.jpg\",\"file\":\"who-ss-2015-118.jpg\",\"meta\":{\"aperture\":false,\"credit\":false,\"camera\":false,\"caption\":\"080 Barcelona Spring-Summer 2015\",\"created_timestamp\":\"July 2, 2014 1:01 pm\",\"copyright\":\"\\u00c2\\u00a9 2014 Estrop-Barcelona PHOTOGRAPH FOR EDITORIAL USE ONLY\",\"focal_length\":false,\"iso\":false,\"shutter_speed\":false,\"flash\":false,\"title\":\"080 Barcelona Spring-Summer 2015\",\"keywords\":\"Spring-Summer 2015\",\"width\":600,\"height\":898,\"saved\":true,\"thumbnail\":{\"width\":220,\"height\":220},\"webview\":{\"0\":600,\"1\":898,\"2\":2,\"3\":\"width=\\\"600\\\" height=\\\"898\\\"\",\"bits\":8,\"channels\":3,\"mime\":\"image\\\/jpeg\"},\"views\":\"11\",\"likes\":\"0\"},\"title\":\"080 Barcelona Spring-Summer 2015\",\"description\":\"<p>080 Barcelona Spring-Summer 2015<\\\/p>\",\"link\":null,\"link_target\":\"\",\"download\":\"https:\\\/\\\/bobvarela.com\\\/wp-content\\\/flagallery\\\/who-primavera-verano-2015\\\/who-ss-2015-118.jpg\",\"ratio\":0.66815144766146994381728063672198913991451263427734375},{\"id\":\"16152\",\"image\":\"https:\\\/\\\/bobvarela.com\\\/wp-content\\\/flagallery\\\/who-primavera-verano-2015\\\/webview\\\/who-ss-2015-119.jpg\",\"thumb\":\"https:\\\/\\\/bobvarela.com\\\/wp-content\\\/flagallery\\\/who-primavera-verano-2015\\\/thumbs\\\/thumbs_who-ss-2015-119.jpg\",\"file\":\"who-ss-2015-119.jpg\",\"meta\":{\"aperture\":false,\"credit\":false,\"camera\":false,\"caption\":\"080 Barcelona Spring-Summer 2015\",\"created_timestamp\":\"July 2, 2014 1:01 pm\",\"copyright\":\"\\u00c2\\u00a9 2014 Estrop-Barcelona PHOTOGRAPH FOR EDITORIAL USE ONLY\",\"focal_length\":false,\"iso\":false,\"shutter_speed\":false,\"flash\":false,\"title\":\"080 Barcelona Spring-Summer 2015\",\"keywords\":\"Spring-Summer 2015\",\"width\":600,\"height\":898,\"saved\":true,\"thumbnail\":{\"width\":220,\"height\":220},\"webview\":{\"0\":600,\"1\":898,\"2\":2,\"3\":\"width=\\\"600\\\" height=\\\"898\\\"\",\"bits\":8,\"channels\":3,\"mime\":\"image\\\/jpeg\"},\"views\":\"10\",\"likes\":\"0\"},\"title\":\"080 Barcelona Spring-Summer 2015\",\"description\":\"<p>080 Barcelona Spring-Summer 2015<\\\/p>\",\"link\":null,\"link_target\":\"\",\"download\":\"https:\\\/\\\/bobvarela.com\\\/wp-content\\\/flagallery\\\/who-primavera-verano-2015\\\/who-ss-2015-119.jpg\",\"ratio\":0.66815144766146994381728063672198913991451263427734375},{\"id\":\"16153\",\"image\":\"https:\\\/\\\/bobvarela.com\\\/wp-content\\\/flagallery\\\/who-primavera-verano-2015\\\/webview\\\/who-ss-2015-120.jpg\",\"thumb\":\"https:\\\/\\\/bobvarela.com\\\/wp-content\\\/flagallery\\\/who-primavera-verano-2015\\\/thumbs\\\/thumbs_who-ss-2015-120.jpg\",\"file\":\"who-ss-2015-120.jpg\",\"meta\":{\"aperture\":false,\"credit\":false,\"camera\":false,\"caption\":\"080 Barcelona Spring-Summer 2015\",\"created_timestamp\":\"July 2, 2014 1:02 pm\",\"copyright\":\"\\u00c2\\u00a9 2014 Estrop-Barcelona PHOTOGRAPH FOR EDITORIAL USE ONLY\",\"focal_length\":false,\"iso\":false,\"shutter_speed\":false,\"flash\":false,\"title\":\"080 Barcelona Spring-Summer 2015\",\"keywords\":\"Spring-Summer 2015\",\"width\":600,\"height\":898,\"saved\":true,\"thumbnail\":{\"width\":220,\"height\":220},\"webview\":{\"0\":600,\"1\":898,\"2\":2,\"3\":\"width=\\\"600\\\" height=\\\"898\\\"\",\"bits\":8,\"channels\":3,\"mime\":\"image\\\/jpeg\"},\"views\":\"10\",\"likes\":\"0\"},\"title\":\"080 Barcelona Spring-Summer 2015\",\"description\":\"<p>080 Barcelona Spring-Summer 2015<\\\/p>\",\"link\":null,\"link_target\":\"\",\"download\":\"https:\\\/\\\/bobvarela.com\\\/wp-content\\\/flagallery\\\/who-primavera-verano-2015\\\/who-ss-2015-120.jpg\",\"ratio\":0.66815144766146994381728063672198913991451263427734375},{\"id\":\"16154\",\"image\":\"https:\\\/\\\/bobvarela.com\\\/wp-content\\\/flagallery\\\/who-primavera-verano-2015\\\/webview\\\/who-ss-2015-121.jpg\",\"thumb\":\"https:\\\/\\\/bobvarela.com\\\/wp-content\\\/flagallery\\\/who-primavera-verano-2015\\\/thumbs\\\/thumbs_who-ss-2015-121.jpg\",\"file\":\"who-ss-2015-121.jpg\",\"meta\":{\"aperture\":false,\"credit\":false,\"camera\":false,\"caption\":\"080 Barcelona Spring-Summer 2015\",\"created_timestamp\":\"July 2, 2014 1:02 pm\",\"copyright\":\"\\u00c2\\u00a9 2014 Estrop-Barcelona PHOTOGRAPH FOR EDITORIAL USE ONLY\",\"focal_length\":false,\"iso\":false,\"shutter_speed\":false,\"flash\":false,\"title\":\"080 Barcelona Spring-Summer 2015\",\"keywords\":\"Spring-Summer 2015\",\"width\":600,\"height\":898,\"saved\":true,\"thumbnail\":{\"width\":220,\"height\":220},\"webview\":{\"0\":600,\"1\":898,\"2\":2,\"3\":\"width=\\\"600\\\" height=\\\"898\\\"\",\"bits\":8,\"channels\":3,\"mime\":\"image\\\/jpeg\"},\"views\":\"11\",\"likes\":\"0\"},\"title\":\"080 Barcelona Spring-Summer 2015\",\"description\":\"<p>080 Barcelona Spring-Summer 2015<\\\/p>\",\"link\":null,\"link_target\":\"\",\"download\":\"https:\\\/\\\/bobvarela.com\\\/wp-content\\\/flagallery\\\/who-primavera-verano-2015\\\/who-ss-2015-121.jpg\",\"ratio\":0.66815144766146994381728063672198913991451263427734375},{\"id\":\"16155\",\"image\":\"https:\\\/\\\/bobvarela.com\\\/wp-content\\\/flagallery\\\/who-primavera-verano-2015\\\/webview\\\/who-ss-2015-122.jpg\",\"thumb\":\"https:\\\/\\\/bobvarela.com\\\/wp-content\\\/flagallery\\\/who-primavera-verano-2015\\\/thumbs\\\/thumbs_who-ss-2015-122.jpg\",\"file\":\"who-ss-2015-122.jpg\",\"meta\":{\"aperture\":false,\"credit\":false,\"camera\":false,\"caption\":\"080 Barcelona Spring-Summer 2015\",\"created_timestamp\":\"July 2, 2014 1:02 pm\",\"copyright\":\"\\u00c2\\u00a9 2014 Estrop-Barcelona PHOTOGRAPH FOR EDITORIAL USE ONLY\",\"focal_length\":false,\"iso\":false,\"shutter_speed\":false,\"flash\":false,\"title\":\"080 Barcelona Spring-Summer 2015\",\"keywords\":\"Spring-Summer 2015\",\"width\":600,\"height\":898,\"saved\":true,\"thumbnail\":{\"width\":220,\"height\":220},\"webview\":{\"0\":600,\"1\":898,\"2\":2,\"3\":\"width=\\\"600\\\" height=\\\"898\\\"\",\"bits\":8,\"channels\":3,\"mime\":\"image\\\/jpeg\"},\"views\":\"11\",\"likes\":\"0\"},\"title\":\"080 Barcelona Spring-Summer 2015\",\"description\":\"<p>080 Barcelona Spring-Summer 2015<\\\/p>\",\"link\":null,\"link_target\":\"\",\"download\":\"https:\\\/\\\/bobvarela.com\\\/wp-content\\\/flagallery\\\/who-primavera-verano-2015\\\/who-ss-2015-122.jpg\",\"ratio\":0.66815144766146994381728063672198913991451263427734375},{\"id\":\"16156\",\"image\":\"https:\\\/\\\/bobvarela.com\\\/wp-content\\\/flagallery\\\/who-primavera-verano-2015\\\/webview\\\/who-ss-2015-123.jpg\",\"thumb\":\"https:\\\/\\\/bobvarela.com\\\/wp-content\\\/flagallery\\\/who-primavera-verano-2015\\\/thumbs\\\/thumbs_who-ss-2015-123.jpg\",\"file\":\"who-ss-2015-123.jpg\",\"meta\":{\"aperture\":false,\"credit\":false,\"camera\":false,\"caption\":\"080 Barcelona Spring-Summer 2015\",\"created_timestamp\":\"July 2, 2014 1:02 pm\",\"copyright\":\"\\u00c2\\u00a9 2014 Estrop-Barcelona PHOTOGRAPH FOR EDITORIAL USE ONLY\",\"focal_length\":false,\"iso\":false,\"shutter_speed\":false,\"flash\":false,\"title\":\"080 Barcelona Spring-Summer 2015\",\"keywords\":\"Spring-Summer 2015\",\"width\":600,\"height\":898,\"saved\":true,\"thumbnail\":{\"width\":220,\"height\":220},\"webview\":{\"0\":600,\"1\":898,\"2\":2,\"3\":\"width=\\\"600\\\" height=\\\"898\\\"\",\"bits\":8,\"channels\":3,\"mime\":\"image\\\/jpeg\"},\"views\":\"10\",\"likes\":\"0\"},\"title\":\"080 Barcelona Spring-Summer 2015\",\"description\":\"<p>080 Barcelona Spring-Summer 2015<\\\/p>\",\"link\":null,\"link_target\":\"\",\"download\":\"https:\\\/\\\/bobvarela.com\\\/wp-content\\\/flagallery\\\/who-primavera-verano-2015\\\/who-ss-2015-123.jpg\",\"ratio\":0.66815144766146994381728063672198913991451263427734375},{\"id\":\"16157\",\"image\":\"https:\\\/\\\/bobvarela.com\\\/wp-content\\\/flagallery\\\/who-primavera-verano-2015\\\/webview\\\/who-ss-2015-124.jpg\",\"thumb\":\"https:\\\/\\\/bobvarela.com\\\/wp-content\\\/flagallery\\\/who-primavera-verano-2015\\\/thumbs\\\/thumbs_who-ss-2015-124.jpg\",\"file\":\"who-ss-2015-124.jpg\",\"meta\":{\"aperture\":false,\"credit\":false,\"camera\":false,\"caption\":\"080 Barcelona Spring-Summer 2015\",\"created_timestamp\":\"July 2, 2014 1:02 pm\",\"copyright\":\"\\u00c2\\u00a9 2014 Estrop-Barcelona PHOTOGRAPH FOR EDITORIAL USE ONLY\",\"focal_length\":false,\"iso\":false,\"shutter_speed\":false,\"flash\":false,\"title\":\"080 Barcelona Spring-Summer 2015\",\"keywords\":\"Spring-Summer 2015\",\"width\":600,\"height\":898,\"saved\":true,\"thumbnail\":{\"width\":220,\"height\":220},\"webview\":{\"0\":600,\"1\":898,\"2\":2,\"3\":\"width=\\\"600\\\" height=\\\"898\\\"\",\"bits\":8,\"channels\":3,\"mime\":\"image\\\/jpeg\"},\"views\":\"8\",\"likes\":\"0\"},\"title\":\"080 Barcelona Spring-Summer 2015\",\"description\":\"<p>080 Barcelona Spring-Summer 2015<\\\/p>\",\"link\":null,\"link_target\":\"\",\"download\":\"https:\\\/\\\/bobvarela.com\\\/wp-content\\\/flagallery\\\/who-primavera-verano-2015\\\/who-ss-2015-124.jpg\",\"ratio\":0.66815144766146994381728063672198913991451263427734375},{\"id\":\"16158\",\"image\":\"https:\\\/\\\/bobvarela.com\\\/wp-content\\\/flagallery\\\/who-primavera-verano-2015\\\/webview\\\/who-ss-2015-125.jpg\",\"thumb\":\"https:\\\/\\\/bobvarela.com\\\/wp-content\\\/flagallery\\\/who-primavera-verano-2015\\\/thumbs\\\/thumbs_who-ss-2015-125.jpg\",\"file\":\"who-ss-2015-125.jpg\",\"meta\":{\"aperture\":false,\"credit\":false,\"camera\":false,\"caption\":\"080 Barcelona Spring-Summer 2015\",\"created_timestamp\":\"July 2, 2014 1:02 pm\",\"copyright\":\"\\u00c2\\u00a9 2014 Estrop-Barcelona PHOTOGRAPH FOR EDITORIAL USE ONLY\",\"focal_length\":false,\"iso\":false,\"shutter_speed\":false,\"flash\":false,\"title\":\"080 Barcelona Spring-Summer 2015\",\"keywords\":\"Spring-Summer 2015\",\"width\":600,\"height\":898,\"saved\":true,\"thumbnail\":{\"width\":220,\"height\":220},\"webview\":{\"0\":600,\"1\":898,\"2\":2,\"3\":\"width=\\\"600\\\" height=\\\"898\\\"\",\"bits\":8,\"channels\":3,\"mime\":\"image\\\/jpeg\"},\"views\":\"7\",\"likes\":\"0\"},\"title\":\"080 Barcelona Spring-Summer 2015\",\"description\":\"<p>080 Barcelona Spring-Summer 2015<\\\/p>\",\"link\":null,\"link_target\":\"\",\"download\":\"https:\\\/\\\/bobvarela.com\\\/wp-content\\\/flagallery\\\/who-primavera-verano-2015\\\/who-ss-2015-125.jpg\",\"ratio\":0.66815144766146994381728063672198913991451263427734375},{\"id\":\"16159\",\"image\":\"https:\\\/\\\/bobvarela.com\\\/wp-content\\\/flagallery\\\/who-primavera-verano-2015\\\/webview\\\/who-ss-2015-126.jpg\",\"thumb\":\"https:\\\/\\\/bobvarela.com\\\/wp-content\\\/flagallery\\\/who-primavera-verano-2015\\\/thumbs\\\/thumbs_who-ss-2015-126.jpg\",\"file\":\"who-ss-2015-126.jpg\",\"meta\":{\"aperture\":false,\"credit\":false,\"camera\":false,\"caption\":\"080 Barcelona Spring-Summer 2015\",\"created_timestamp\":\"July 2, 2014 1:02 pm\",\"copyright\":\"\\u00c2\\u00a9 2014 Estrop-Barcelona PHOTOGRAPH FOR EDITORIAL USE ONLY\",\"focal_length\":false,\"iso\":false,\"shutter_speed\":false,\"flash\":false,\"title\":\"080 Barcelona Spring-Summer 2015\",\"keywords\":\"Spring-Summer 2015\",\"width\":600,\"height\":898,\"saved\":true,\"thumbnail\":{\"width\":220,\"height\":220},\"webview\":{\"0\":600,\"1\":898,\"2\":2,\"3\":\"width=\\\"600\\\" height=\\\"898\\\"\",\"bits\":8,\"channels\":3,\"mime\":\"image\\\/jpeg\"},\"views\":\"8\",\"likes\":\"0\"},\"title\":\"080 Barcelona Spring-Summer 2015\",\"description\":\"<p>080 Barcelona Spring-Summer 2015<\\\/p>\",\"link\":null,\"link_target\":\"\",\"download\":\"https:\\\/\\\/bobvarela.com\\\/wp-content\\\/flagallery\\\/who-primavera-verano-2015\\\/who-ss-2015-126.jpg\",\"ratio\":0.66815144766146994381728063672198913991451263427734375},{\"id\":\"16160\",\"image\":\"https:\\\/\\\/bobvarela.com\\\/wp-content\\\/flagallery\\\/who-primavera-verano-2015\\\/webview\\\/who-ss-2015-127.jpg\",\"thumb\":\"https:\\\/\\\/bobvarela.com\\\/wp-content\\\/flagallery\\\/who-primavera-verano-2015\\\/thumbs\\\/thumbs_who-ss-2015-127.jpg\",\"file\":\"who-ss-2015-127.jpg\",\"meta\":{\"aperture\":false,\"credit\":false,\"camera\":false,\"caption\":\"080 Barcelona Spring-Summer 2015\",\"created_timestamp\":\"July 2, 2014 1:03 pm\",\"copyright\":\"\\u00c2\\u00a9 2014 Estrop-Barcelona PHOTOGRAPH FOR EDITORIAL USE ONLY\",\"focal_length\":false,\"iso\":false,\"shutter_speed\":false,\"flash\":false,\"title\":\"080 Barcelona Spring-Summer 2015\",\"keywords\":\"Spring-Summer 2015\",\"width\":600,\"height\":898,\"saved\":true,\"thumbnail\":{\"width\":220,\"height\":220},\"webview\":{\"0\":600,\"1\":898,\"2\":2,\"3\":\"width=\\\"600\\\" height=\\\"898\\\"\",\"bits\":8,\"channels\":3,\"mime\":\"image\\\/jpeg\"},\"views\":\"6\",\"likes\":\"0\"},\"title\":\"080 Barcelona Spring-Summer 2015\",\"description\":\"<p>080 Barcelona Spring-Summer 2015<\\\/p>\",\"link\":null,\"link_target\":\"\",\"download\":\"https:\\\/\\\/bobvarela.com\\\/wp-content\\\/flagallery\\\/who-primavera-verano-2015\\\/who-ss-2015-127.jpg\",\"ratio\":0.66815144766146994381728063672198913991451263427734375},{\"id\":\"16161\",\"image\":\"https:\\\/\\\/bobvarela.com\\\/wp-content\\\/flagallery\\\/who-primavera-verano-2015\\\/webview\\\/who-ss-2015-128.jpg\",\"thumb\":\"https:\\\/\\\/bobvarela.com\\\/wp-content\\\/flagallery\\\/who-primavera-verano-2015\\\/thumbs\\\/thumbs_who-ss-2015-128.jpg\",\"file\":\"who-ss-2015-128.jpg\",\"meta\":{\"aperture\":false,\"credit\":false,\"camera\":false,\"caption\":\"080 Barcelona Spring-Summer 2015\",\"created_timestamp\":\"July 2, 2014 1:03 pm\",\"copyright\":\"\\u00c2\\u00a9 2014 Estrop-Barcelona PHOTOGRAPH FOR EDITORIAL USE ONLY\",\"focal_length\":false,\"iso\":false,\"shutter_speed\":false,\"flash\":false,\"title\":\"080 Barcelona Spring-Summer 2015\",\"keywords\":\"Spring-Summer 2015\",\"width\":600,\"height\":898,\"saved\":true,\"thumbnail\":{\"width\":220,\"height\":220},\"webview\":{\"0\":600,\"1\":898,\"2\":2,\"3\":\"width=\\\"600\\\" height=\\\"898\\\"\",\"bits\":8,\"channels\":3,\"mime\":\"image\\\/jpeg\"},\"views\":\"6\",\"likes\":\"0\"},\"title\":\"080 Barcelona Spring-Summer 2015\",\"description\":\"<p>080 Barcelona Spring-Summer 2015<\\\/p>\",\"link\":null,\"link_target\":\"\",\"download\":\"https:\\\/\\\/bobvarela.com\\\/wp-content\\\/flagallery\\\/who-primavera-verano-2015\\\/who-ss-2015-128.jpg\",\"ratio\":0.66815144766146994381728063672198913991451263427734375},{\"id\":\"16162\",\"image\":\"https:\\\/\\\/bobvarela.com\\\/wp-content\\\/flagallery\\\/who-primavera-verano-2015\\\/webview\\\/who-ss-2015-129.jpg\",\"thumb\":\"https:\\\/\\\/bobvarela.com\\\/wp-content\\\/flagallery\\\/who-primavera-verano-2015\\\/thumbs\\\/thumbs_who-ss-2015-129.jpg\",\"file\":\"who-ss-2015-129.jpg\",\"meta\":{\"aperture\":false,\"credit\":false,\"camera\":false,\"caption\":\"080 Barcelona Spring-Summer 2015\",\"created_timestamp\":\"July 2, 2014 1:03 pm\",\"copyright\":\"\\u00c2\\u00a9 2014 Estrop-Barcelona PHOTOGRAPH FOR EDITORIAL USE ONLY\",\"focal_length\":false,\"iso\":false,\"shutter_speed\":false,\"flash\":false,\"title\":\"080 Barcelona Spring-Summer 2015\",\"keywords\":\"Spring-Summer 2015\",\"width\":600,\"height\":898,\"saved\":true,\"thumbnail\":{\"width\":220,\"height\":220},\"webview\":{\"0\":600,\"1\":898,\"2\":2,\"3\":\"width=\\\"600\\\" height=\\\"898\\\"\",\"bits\":8,\"channels\":3,\"mime\":\"image\\\/jpeg\"},\"views\":\"7\",\"likes\":\"0\"},\"title\":\"080 Barcelona Spring-Summer 2015\",\"description\":\"<p>080 Barcelona Spring-Summer 2015<\\\/p>\",\"link\":null,\"link_target\":\"\",\"download\":\"https:\\\/\\\/bobvarela.com\\\/wp-content\\\/flagallery\\\/who-primavera-verano-2015\\\/who-ss-2015-129.jpg\",\"ratio\":0.66815144766146994381728063672198913991451263427734375},{\"id\":\"16163\",\"image\":\"https:\\\/\\\/bobvarela.com\\\/wp-content\\\/flagallery\\\/who-primavera-verano-2015\\\/webview\\\/who-ss-2015-130.jpg\",\"thumb\":\"https:\\\/\\\/bobvarela.com\\\/wp-content\\\/flagallery\\\/who-primavera-verano-2015\\\/thumbs\\\/thumbs_who-ss-2015-130.jpg\",\"file\":\"who-ss-2015-130.jpg\",\"meta\":{\"aperture\":false,\"credit\":false,\"camera\":false,\"caption\":\"080 Barcelona Spring-Summer 2015\",\"created_timestamp\":\"July 2, 2014 1:03 pm\",\"copyright\":\"\\u00c2\\u00a9 2014 Estrop-Barcelona PHOTOGRAPH FOR EDITORIAL USE ONLY\",\"focal_length\":false,\"iso\":false,\"shutter_speed\":false,\"flash\":false,\"title\":\"080 Barcelona Spring-Summer 2015\",\"keywords\":\"Spring-Summer 2015\",\"width\":600,\"height\":898,\"saved\":true,\"thumbnail\":{\"width\":220,\"height\":220},\"webview\":{\"0\":600,\"1\":898,\"2\":2,\"3\":\"width=\\\"600\\\" height=\\\"898\\\"\",\"bits\":8,\"channels\":3,\"mime\":\"image\\\/jpeg\"},\"views\":\"7\",\"likes\":\"0\"},\"title\":\"080 Barcelona Spring-Summer 2015\",\"description\":\"<p>080 Barcelona Spring-Summer 2015<\\\/p>\",\"link\":null,\"link_target\":\"\",\"download\":\"https:\\\/\\\/bobvarela.com\\\/wp-content\\\/flagallery\\\/who-primavera-verano-2015\\\/who-ss-2015-130.jpg\",\"ratio\":0.66815144766146994381728063672198913991451263427734375},{\"id\":\"16164\",\"image\":\"https:\\\/\\\/bobvarela.com\\\/wp-content\\\/flagallery\\\/who-primavera-verano-2015\\\/webview\\\/who-ss-2015-131.jpg\",\"thumb\":\"https:\\\/\\\/bobvarela.com\\\/wp-content\\\/flagallery\\\/who-primavera-verano-2015\\\/thumbs\\\/thumbs_who-ss-2015-131.jpg\",\"file\":\"who-ss-2015-131.jpg\",\"meta\":{\"aperture\":false,\"credit\":false,\"camera\":false,\"caption\":\"080 Barcelona Spring-Summer 2015\",\"created_timestamp\":\"July 2, 2014 1:03 pm\",\"copyright\":\"\\u00c2\\u00a9 2014 Estrop-Barcelona PHOTOGRAPH FOR EDITORIAL USE ONLY\",\"focal_length\":false,\"iso\":false,\"shutter_speed\":false,\"flash\":false,\"title\":\"080 Barcelona Spring-Summer 2015\",\"keywords\":\"Spring-Summer 2015\",\"width\":898,\"height\":600,\"saved\":true,\"thumbnail\":{\"width\":220,\"height\":220},\"webview\":{\"0\":898,\"1\":600,\"2\":2,\"3\":\"width=\\\"898\\\" height=\\\"600\\\"\",\"bits\":8,\"channels\":3,\"mime\":\"image\\\/jpeg\"},\"views\":\"6\",\"likes\":\"0\"},\"title\":\"080 Barcelona Spring-Summer 2015\",\"description\":\"<p>080 Barcelona Spring-Summer 2015<\\\/p>\",\"link\":null,\"link_target\":\"\",\"download\":\"https:\\\/\\\/bobvarela.com\\\/wp-content\\\/flagallery\\\/who-primavera-verano-2015\\\/who-ss-2015-131.jpg\",\"ratio\":1.496666666666666589691203625989146530628204345703125},{\"id\":\"16165\",\"image\":\"https:\\\/\\\/bobvarela.com\\\/wp-content\\\/flagallery\\\/who-primavera-verano-2015\\\/webview\\\/who-ss-2015-132.jpg\",\"thumb\":\"https:\\\/\\\/bobvarela.com\\\/wp-content\\\/flagallery\\\/who-primavera-verano-2015\\\/thumbs\\\/thumbs_who-ss-2015-132.jpg\",\"file\":\"who-ss-2015-132.jpg\",\"meta\":{\"aperture\":false,\"credit\":false,\"camera\":false,\"caption\":\"080 Barcelona Spring-Summer 2015\",\"created_timestamp\":\"July 2, 2014 1:03 pm\",\"copyright\":\"\\u00c2\\u00a9 2014 Estrop-Barcelona PHOTOGRAPH FOR EDITORIAL USE ONLY\",\"focal_length\":false,\"iso\":false,\"shutter_speed\":false,\"flash\":false,\"title\":\"080 Barcelona Spring-Summer 2015\",\"keywords\":\"Spring-Summer 2015\",\"width\":600,\"height\":898,\"saved\":true,\"thumbnail\":{\"width\":220,\"height\":220},\"webview\":{\"0\":600,\"1\":898,\"2\":2,\"3\":\"width=\\\"600\\\" height=\\\"898\\\"\",\"bits\":8,\"channels\":3,\"mime\":\"image\\\/jpeg\"},\"views\":\"7\",\"likes\":\"0\"},\"title\":\"080 Barcelona Spring-Summer 2015\",\"description\":\"<p>080 Barcelona Spring-Summer 2015<\\\/p>\",\"link\":null,\"link_target\":\"\",\"download\":\"https:\\\/\\\/bobvarela.com\\\/wp-content\\\/flagallery\\\/who-primavera-verano-2015\\\/who-ss-2015-132.jpg\",\"ratio\":0.66815144766146994381728063672198913991451263427734375},{\"id\":\"16166\",\"image\":\"https:\\\/\\\/bobvarela.com\\\/wp-content\\\/flagallery\\\/who-primavera-verano-2015\\\/webview\\\/who-ss-2015-133.jpg\",\"thumb\":\"https:\\\/\\\/bobvarela.com\\\/wp-content\\\/flagallery\\\/who-primavera-verano-2015\\\/thumbs\\\/thumbs_who-ss-2015-133.jpg\",\"file\":\"who-ss-2015-133.jpg\",\"meta\":{\"aperture\":false,\"credit\":false,\"camera\":false,\"caption\":\"080 Barcelona Spring-Summer 2015\",\"created_timestamp\":\"July 2, 2014 1:03 pm\",\"copyright\":\"\\u00c2\\u00a9 2014 Estrop-Barcelona PHOTOGRAPH FOR EDITORIAL USE ONLY\",\"focal_length\":false,\"iso\":false,\"shutter_speed\":false,\"flash\":false,\"title\":\"080 Barcelona Spring-Summer 2015\",\"keywords\":\"Spring-Summer 2015\",\"width\":600,\"height\":898,\"saved\":true,\"thumbnail\":{\"width\":220,\"height\":220},\"webview\":{\"0\":600,\"1\":898,\"2\":2,\"3\":\"width=\\\"600\\\" height=\\\"898\\\"\",\"bits\":8,\"channels\":3,\"mime\":\"image\\\/jpeg\"},\"views\":\"6\",\"likes\":\"0\"},\"title\":\"080 Barcelona Spring-Summer 2015\",\"description\":\"<p>080 Barcelona Spring-Summer 2015<\\\/p>\",\"link\":null,\"link_target\":\"\",\"download\":\"https:\\\/\\\/bobvarela.com\\\/wp-content\\\/flagallery\\\/who-primavera-verano-2015\\\/who-ss-2015-133.jpg\",\"ratio\":0.66815144766146994381728063672198913991451263427734375},{\"id\":\"16167\",\"image\":\"https:\\\/\\\/bobvarela.com\\\/wp-content\\\/flagallery\\\/who-primavera-verano-2015\\\/webview\\\/who-ss-2015-134.jpg\",\"thumb\":\"https:\\\/\\\/bobvarela.com\\\/wp-content\\\/flagallery\\\/who-primavera-verano-2015\\\/thumbs\\\/thumbs_who-ss-2015-134.jpg\",\"file\":\"who-ss-2015-134.jpg\",\"meta\":{\"aperture\":false,\"credit\":false,\"camera\":false,\"caption\":\"080 Barcelona Spring-Summer 2015\",\"created_timestamp\":\"July 2, 2014 1:04 pm\",\"copyright\":\"\\u00c2\\u00a9 2014 Estrop-Barcelona PHOTOGRAPH FOR EDITORIAL USE ONLY\",\"focal_length\":false,\"iso\":false,\"shutter_speed\":false,\"flash\":false,\"title\":\"080 Barcelona Spring-Summer 2015\",\"keywords\":\"Spring-Summer 2015\",\"width\":600,\"height\":898,\"saved\":true,\"thumbnail\":{\"width\":220,\"height\":220},\"webview\":{\"0\":600,\"1\":898,\"2\":2,\"3\":\"width=\\\"600\\\" height=\\\"898\\\"\",\"bits\":8,\"channels\":3,\"mime\":\"image\\\/jpeg\"},\"views\":\"7\",\"likes\":\"0\"},\"title\":\"080 Barcelona Spring-Summer 2015\",\"description\":\"<p>080 Barcelona Spring-Summer 2015<\\\/p>\",\"link\":null,\"link_target\":\"\",\"download\":\"https:\\\/\\\/bobvarela.com\\\/wp-content\\\/flagallery\\\/who-primavera-verano-2015\\\/who-ss-2015-134.jpg\",\"ratio\":0.66815144766146994381728063672198913991451263427734375},{\"id\":\"16168\",\"image\":\"https:\\\/\\\/bobvarela.com\\\/wp-content\\\/flagallery\\\/who-primavera-verano-2015\\\/webview\\\/who-ss-2015-135.jpg\",\"thumb\":\"https:\\\/\\\/bobvarela.com\\\/wp-content\\\/flagallery\\\/who-primavera-verano-2015\\\/thumbs\\\/thumbs_who-ss-2015-135.jpg\",\"file\":\"who-ss-2015-135.jpg\",\"meta\":{\"aperture\":false,\"credit\":false,\"camera\":false,\"caption\":\"080 Barcelona Spring-Summer 2015\",\"created_timestamp\":\"July 2, 2014 1:04 pm\",\"copyright\":\"\\u00c2\\u00a9 2014 Estrop-Barcelona PHOTOGRAPH FOR EDITORIAL USE ONLY\",\"focal_length\":false,\"iso\":false,\"shutter_speed\":false,\"flash\":false,\"title\":\"080 Barcelona Spring-Summer 2015\",\"keywords\":\"Spring-Summer 2015\",\"width\":600,\"height\":898,\"saved\":true,\"thumbnail\":{\"width\":220,\"height\":220},\"webview\":{\"0\":600,\"1\":898,\"2\":2,\"3\":\"width=\\\"600\\\" height=\\\"898\\\"\",\"bits\":8,\"channels\":3,\"mime\":\"image\\\/jpeg\"},\"views\":\"7\",\"likes\":\"0\"},\"title\":\"080 Barcelona Spring-Summer 2015\",\"description\":\"<p>080 Barcelona Spring-Summer 2015<\\\/p>\",\"link\":null,\"link_target\":\"\",\"download\":\"https:\\\/\\\/bobvarela.com\\\/wp-content\\\/flagallery\\\/who-primavera-verano-2015\\\/who-ss-2015-135.jpg\",\"ratio\":0.66815144766146994381728063672198913991451263427734375},{\"id\":\"16169\",\"image\":\"https:\\\/\\\/bobvarela.com\\\/wp-content\\\/flagallery\\\/who-primavera-verano-2015\\\/webview\\\/who-ss-2015-136.jpg\",\"thumb\":\"https:\\\/\\\/bobvarela.com\\\/wp-content\\\/flagallery\\\/who-primavera-verano-2015\\\/thumbs\\\/thumbs_who-ss-2015-136.jpg\",\"file\":\"who-ss-2015-136.jpg\",\"meta\":{\"aperture\":false,\"credit\":false,\"camera\":false,\"caption\":\"080 Barcelona Spring-Summer 2015\",\"created_timestamp\":\"July 2, 2014 1:04 pm\",\"copyright\":\"\\u00c2\\u00a9 2014 Estrop-Barcelona PHOTOGRAPH FOR EDITORIAL USE ONLY\",\"focal_length\":false,\"iso\":false,\"shutter_speed\":false,\"flash\":false,\"title\":\"080 Barcelona Spring-Summer 2015\",\"keywords\":\"Spring-Summer 2015\",\"width\":600,\"height\":898,\"saved\":true,\"thumbnail\":{\"width\":220,\"height\":220},\"webview\":{\"0\":600,\"1\":898,\"2\":2,\"3\":\"width=\\\"600\\\" height=\\\"898\\\"\",\"bits\":8,\"channels\":3,\"mime\":\"image\\\/jpeg\"},\"views\":\"6\",\"likes\":\"0\"},\"title\":\"080 Barcelona Spring-Summer 2015\",\"description\":\"<p>080 Barcelona Spring-Summer 2015<\\\/p>\",\"link\":null,\"link_target\":\"\",\"download\":\"https:\\\/\\\/bobvarela.com\\\/wp-content\\\/flagallery\\\/who-primavera-verano-2015\\\/who-ss-2015-136.jpg\",\"ratio\":0.66815144766146994381728063672198913991451263427734375},{\"id\":\"16170\",\"image\":\"https:\\\/\\\/bobvarela.com\\\/wp-content\\\/flagallery\\\/who-primavera-verano-2015\\\/webview\\\/who-ss-2015-137.jpg\",\"thumb\":\"https:\\\/\\\/bobvarela.com\\\/wp-content\\\/flagallery\\\/who-primavera-verano-2015\\\/thumbs\\\/thumbs_who-ss-2015-137.jpg\",\"file\":\"who-ss-2015-137.jpg\",\"meta\":{\"aperture\":false,\"credit\":false,\"camera\":false,\"caption\":\"080 Barcelona Spring-Summer 2015\",\"created_timestamp\":\"July 2, 2014 1:04 pm\",\"copyright\":\"\\u00c2\\u00a9 2014 Estrop-Barcelona PHOTOGRAPH FOR EDITORIAL USE ONLY\",\"focal_length\":false,\"iso\":false,\"shutter_speed\":false,\"flash\":false,\"title\":\"080 Barcelona Spring-Summer 2015\",\"keywords\":\"Spring-Summer 2015\",\"width\":898,\"height\":600,\"saved\":true,\"thumbnail\":{\"width\":220,\"height\":220},\"webview\":{\"0\":898,\"1\":600,\"2\":2,\"3\":\"width=\\\"898\\\" height=\\\"600\\\"\",\"bits\":8,\"channels\":3,\"mime\":\"image\\\/jpeg\"},\"views\":\"6\",\"likes\":\"0\"},\"title\":\"080 Barcelona Spring-Summer 2015\",\"description\":\"<p>080 Barcelona Spring-Summer 2015<\\\/p>\",\"link\":null,\"link_target\":\"\",\"download\":\"https:\\\/\\\/bobvarela.com\\\/wp-content\\\/flagallery\\\/who-primavera-verano-2015\\\/who-ss-2015-137.jpg\",\"ratio\":1.496666666666666589691203625989146530628204345703125},{\"id\":\"16171\",\"image\":\"https:\\\/\\\/bobvarela.com\\\/wp-content\\\/flagallery\\\/who-primavera-verano-2015\\\/webview\\\/who-ss-2015-138.jpg\",\"thumb\":\"https:\\\/\\\/bobvarela.com\\\/wp-content\\\/flagallery\\\/who-primavera-verano-2015\\\/thumbs\\\/thumbs_who-ss-2015-138.jpg\",\"file\":\"who-ss-2015-138.jpg\",\"meta\":{\"aperture\":false,\"credit\":false,\"camera\":false,\"caption\":\"080 Barcelona Spring-Summer 2015\",\"created_timestamp\":\"July 2, 2014 1:04 pm\",\"copyright\":\"\\u00c2\\u00a9 2014 Estrop-Barcelona PHOTOGRAPH FOR EDITORIAL USE ONLY\",\"focal_length\":false,\"iso\":false,\"shutter_speed\":false,\"flash\":false,\"title\":\"080 Barcelona Spring-Summer 2015\",\"keywords\":\"Spring-Summer 2015\",\"width\":600,\"height\":898,\"saved\":true,\"thumbnail\":{\"width\":220,\"height\":220},\"webview\":{\"0\":600,\"1\":898,\"2\":2,\"3\":\"width=\\\"600\\\" height=\\\"898\\\"\",\"bits\":8,\"channels\":3,\"mime\":\"image\\\/jpeg\"},\"views\":\"7\",\"likes\":\"0\"},\"title\":\"080 Barcelona Spring-Summer 2015\",\"description\":\"<p>080 Barcelona Spring-Summer 2015<\\\/p>\",\"link\":null,\"link_target\":\"\",\"download\":\"https:\\\/\\\/bobvarela.com\\\/wp-content\\\/flagallery\\\/who-primavera-verano-2015\\\/who-ss-2015-138.jpg\",\"ratio\":0.66815144766146994381728063672198913991451263427734375},{\"id\":\"16172\",\"image\":\"https:\\\/\\\/bobvarela.com\\\/wp-content\\\/flagallery\\\/who-primavera-verano-2015\\\/webview\\\/who-ss-2015-139.jpg\",\"thumb\":\"https:\\\/\\\/bobvarela.com\\\/wp-content\\\/flagallery\\\/who-primavera-verano-2015\\\/thumbs\\\/thumbs_who-ss-2015-139.jpg\",\"file\":\"who-ss-2015-139.jpg\",\"meta\":{\"aperture\":false,\"credit\":false,\"camera\":false,\"caption\":\"080 Barcelona Spring-Summer 2015\",\"created_timestamp\":\"July 2, 2014 1:04 pm\",\"copyright\":\"\\u00c2\\u00a9 2014 Estrop-Barcelona PHOTOGRAPH FOR EDITORIAL USE ONLY\",\"focal_length\":false,\"iso\":false,\"shutter_speed\":false,\"flash\":false,\"title\":\"080 Barcelona Spring-Summer 2015\",\"keywords\":\"Spring-Summer 2015\",\"width\":600,\"height\":898,\"saved\":true,\"thumbnail\":{\"width\":220,\"height\":220},\"webview\":{\"0\":600,\"1\":898,\"2\":2,\"3\":\"width=\\\"600\\\" height=\\\"898\\\"\",\"bits\":8,\"channels\":3,\"mime\":\"image\\\/jpeg\"},\"views\":\"6\",\"likes\":\"0\"},\"title\":\"080 Barcelona Spring-Summer 2015\",\"description\":\"<p>080 Barcelona Spring-Summer 2015<\\\/p>\",\"link\":null,\"link_target\":\"\",\"download\":\"https:\\\/\\\/bobvarela.com\\\/wp-content\\\/flagallery\\\/who-primavera-verano-2015\\\/who-ss-2015-139.jpg\",\"ratio\":0.66815144766146994381728063672198913991451263427734375},{\"id\":\"16173\",\"image\":\"https:\\\/\\\/bobvarela.com\\\/wp-content\\\/flagallery\\\/who-primavera-verano-2015\\\/webview\\\/who-ss-2015-140.jpg\",\"thumb\":\"https:\\\/\\\/bobvarela.com\\\/wp-content\\\/flagallery\\\/who-primavera-verano-2015\\\/thumbs\\\/thumbs_who-ss-2015-140.jpg\",\"file\":\"who-ss-2015-140.jpg\",\"meta\":{\"aperture\":false,\"credit\":false,\"camera\":false,\"caption\":\"080 Barcelona Spring-Summer 2015\",\"created_timestamp\":\"July 2, 2014 1:04 pm\",\"copyright\":\"\\u00c2\\u00a9 2014 Estrop-Barcelona PHOTOGRAPH FOR EDITORIAL USE ONLY\",\"focal_length\":false,\"iso\":false,\"shutter_speed\":false,\"flash\":false,\"title\":\"080 Barcelona Spring-Summer 2015\",\"keywords\":\"Spring-Summer 2015\",\"width\":600,\"height\":898,\"saved\":true,\"thumbnail\":{\"width\":220,\"height\":220},\"webview\":{\"0\":600,\"1\":898,\"2\":2,\"3\":\"width=\\\"600\\\" height=\\\"898\\\"\",\"bits\":8,\"channels\":3,\"mime\":\"image\\\/jpeg\"},\"views\":\"7\",\"likes\":\"0\"},\"title\":\"080 Barcelona Spring-Summer 2015\",\"description\":\"<p>080 Barcelona Spring-Summer 2015<\\\/p>\",\"link\":null,\"link_target\":\"\",\"download\":\"https:\\\/\\\/bobvarela.com\\\/wp-content\\\/flagallery\\\/who-primavera-verano-2015\\\/who-ss-2015-140.jpg\",\"ratio\":0.66815144766146994381728063672198913991451263427734375},{\"id\":\"16174\",\"image\":\"https:\\\/\\\/bobvarela.com\\\/wp-content\\\/flagallery\\\/who-primavera-verano-2015\\\/webview\\\/who-ss-2015-141.jpg\",\"thumb\":\"https:\\\/\\\/bobvarela.com\\\/wp-content\\\/flagallery\\\/who-primavera-verano-2015\\\/thumbs\\\/thumbs_who-ss-2015-141.jpg\",\"file\":\"who-ss-2015-141.jpg\",\"meta\":{\"aperture\":false,\"credit\":false,\"camera\":false,\"caption\":\"080 Barcelona Spring-Summer 2015\",\"created_timestamp\":\"July 2, 2014 1:05 pm\",\"copyright\":\"\\u00c2\\u00a9 2014 Estrop-Barcelona PHOTOGRAPH FOR EDITORIAL USE ONLY\",\"focal_length\":false,\"iso\":false,\"shutter_speed\":false,\"flash\":false,\"title\":\"080 Barcelona Spring-Summer 2015\",\"keywords\":\"Spring-Summer 2015\",\"width\":600,\"height\":898,\"saved\":true,\"thumbnail\":{\"width\":220,\"height\":220},\"webview\":{\"0\":600,\"1\":898,\"2\":2,\"3\":\"width=\\\"600\\\" height=\\\"898\\\"\",\"bits\":8,\"channels\":3,\"mime\":\"image\\\/jpeg\"},\"views\":\"6\",\"likes\":\"0\"},\"title\":\"080 Barcelona Spring-Summer 2015\",\"description\":\"<p>080 Barcelona Spring-Summer 2015<\\\/p>\",\"link\":null,\"link_target\":\"\",\"download\":\"https:\\\/\\\/bobvarela.com\\\/wp-content\\\/flagallery\\\/who-primavera-verano-2015\\\/who-ss-2015-141.jpg\",\"ratio\":0.66815144766146994381728063672198913991451263427734375},{\"id\":\"16175\",\"image\":\"https:\\\/\\\/bobvarela.com\\\/wp-content\\\/flagallery\\\/who-primavera-verano-2015\\\/webview\\\/who-ss-2015-142.jpg\",\"thumb\":\"https:\\\/\\\/bobvarela.com\\\/wp-content\\\/flagallery\\\/who-primavera-verano-2015\\\/thumbs\\\/thumbs_who-ss-2015-142.jpg\",\"file\":\"who-ss-2015-142.jpg\",\"meta\":{\"aperture\":false,\"credit\":false,\"camera\":false,\"caption\":\"080 Barcelona Spring-Summer 2015\",\"created_timestamp\":\"July 2, 2014 1:05 pm\",\"copyright\":\"\\u00c2\\u00a9 2014 Estrop-Barcelona PHOTOGRAPH FOR EDITORIAL USE ONLY\",\"focal_length\":false,\"iso\":false,\"shutter_speed\":false,\"flash\":false,\"title\":\"080 Barcelona Spring-Summer 2015\",\"keywords\":\"Spring-Summer 2015\",\"width\":898,\"height\":600,\"saved\":true,\"thumbnail\":{\"width\":220,\"height\":220},\"webview\":{\"0\":898,\"1\":600,\"2\":2,\"3\":\"width=\\\"898\\\" height=\\\"600\\\"\",\"bits\":8,\"channels\":3,\"mime\":\"image\\\/jpeg\"},\"views\":\"5\",\"likes\":\"0\"},\"title\":\"080 Barcelona Spring-Summer 2015\",\"description\":\"<p>080 Barcelona Spring-Summer 2015<\\\/p>\",\"link\":null,\"link_target\":\"\",\"download\":\"https:\\\/\\\/bobvarela.com\\\/wp-content\\\/flagallery\\\/who-primavera-verano-2015\\\/who-ss-2015-142.jpg\",\"ratio\":1.496666666666666589691203625989146530628204345703125},{\"id\":\"16176\",\"image\":\"https:\\\/\\\/bobvarela.com\\\/wp-content\\\/flagallery\\\/who-primavera-verano-2015\\\/webview\\\/who-ss-2015-143.jpg\",\"thumb\":\"https:\\\/\\\/bobvarela.com\\\/wp-content\\\/flagallery\\\/who-primavera-verano-2015\\\/thumbs\\\/thumbs_who-ss-2015-143.jpg\",\"file\":\"who-ss-2015-143.jpg\",\"meta\":{\"aperture\":false,\"credit\":false,\"camera\":false,\"caption\":\"080 Barcelona Spring-Summer 2015\",\"created_timestamp\":\"July 2, 2014 1:05 pm\",\"copyright\":\"\\u00c2\\u00a9 2014 Estrop-Barcelona PHOTOGRAPH FOR EDITORIAL USE ONLY\",\"focal_length\":false,\"iso\":false,\"shutter_speed\":false,\"flash\":false,\"title\":\"080 Barcelona Spring-Summer 2015\",\"keywords\":\"Spring-Summer 2015\",\"width\":600,\"height\":898,\"saved\":true,\"thumbnail\":{\"width\":220,\"height\":220},\"webview\":{\"0\":600,\"1\":898,\"2\":2,\"3\":\"width=\\\"600\\\" height=\\\"898\\\"\",\"bits\":8,\"channels\":3,\"mime\":\"image\\\/jpeg\"},\"views\":\"5\",\"likes\":\"0\"},\"title\":\"080 Barcelona Spring-Summer 2015\",\"description\":\"<p>080 Barcelona Spring-Summer 2015<\\\/p>\",\"link\":null,\"link_target\":\"\",\"download\":\"https:\\\/\\\/bobvarela.com\\\/wp-content\\\/flagallery\\\/who-primavera-verano-2015\\\/who-ss-2015-143.jpg\",\"ratio\":0.66815144766146994381728063672198913991451263427734375},{\"id\":\"16177\",\"image\":\"https:\\\/\\\/bobvarela.com\\\/wp-content\\\/flagallery\\\/who-primavera-verano-2015\\\/webview\\\/who-ss-2015-144.jpg\",\"thumb\":\"https:\\\/\\\/bobvarela.com\\\/wp-content\\\/flagallery\\\/who-primavera-verano-2015\\\/thumbs\\\/thumbs_who-ss-2015-144.jpg\",\"file\":\"who-ss-2015-144.jpg\",\"meta\":{\"aperture\":false,\"credit\":false,\"camera\":false,\"caption\":\"080 Barcelona Spring-Summer 2015\",\"created_timestamp\":\"July 2, 2014 1:05 pm\",\"copyright\":\"\\u00c2\\u00a9 2014 Estrop-Barcelona PHOTOGRAPH FOR EDITORIAL USE ONLY\",\"focal_length\":false,\"iso\":false,\"shutter_speed\":false,\"flash\":false,\"title\":\"080 Barcelona Spring-Summer 2015\",\"keywords\":\"Spring-Summer 2015\",\"width\":600,\"height\":898,\"saved\":true,\"thumbnail\":{\"width\":220,\"height\":220},\"webview\":{\"0\":600,\"1\":898,\"2\":2,\"3\":\"width=\\\"600\\\" height=\\\"898\\\"\",\"bits\":8,\"channels\":3,\"mime\":\"image\\\/jpeg\"},\"views\":\"6\",\"likes\":\"0\"},\"title\":\"080 Barcelona Spring-Summer 2015\",\"description\":\"<p>080 Barcelona Spring-Summer 2015<\\\/p>\",\"link\":null,\"link_target\":\"\",\"download\":\"https:\\\/\\\/bobvarela.com\\\/wp-content\\\/flagallery\\\/who-primavera-verano-2015\\\/who-ss-2015-144.jpg\",\"ratio\":0.66815144766146994381728063672198913991451263427734375},{\"id\":\"16178\",\"image\":\"https:\\\/\\\/bobvarela.com\\\/wp-content\\\/flagallery\\\/who-primavera-verano-2015\\\/webview\\\/who-ss-2015-145.jpg\",\"thumb\":\"https:\\\/\\\/bobvarela.com\\\/wp-content\\\/flagallery\\\/who-primavera-verano-2015\\\/thumbs\\\/thumbs_who-ss-2015-145.jpg\",\"file\":\"who-ss-2015-145.jpg\",\"meta\":{\"aperture\":false,\"credit\":false,\"camera\":false,\"caption\":\"080 Barcelona Spring-Summer 2015\",\"created_timestamp\":\"July 2, 2014 1:05 pm\",\"copyright\":\"\\u00c2\\u00a9 2014 Estrop-Barcelona PHOTOGRAPH FOR EDITORIAL USE ONLY\",\"focal_length\":false,\"iso\":false,\"shutter_speed\":false,\"flash\":false,\"title\":\"080 Barcelona Spring-Summer 2015\",\"keywords\":\"Spring-Summer 2015\",\"width\":600,\"height\":898,\"saved\":true,\"thumbnail\":{\"width\":220,\"height\":220},\"webview\":{\"0\":600,\"1\":898,\"2\":2,\"3\":\"width=\\\"600\\\" height=\\\"898\\\"\",\"bits\":8,\"channels\":3,\"mime\":\"image\\\/jpeg\"},\"views\":\"6\",\"likes\":\"0\"},\"title\":\"080 Barcelona Spring-Summer 2015\",\"description\":\"<p>080 Barcelona Spring-Summer 2015<\\\/p>\",\"link\":null,\"link_target\":\"\",\"download\":\"https:\\\/\\\/bobvarela.com\\\/wp-content\\\/flagallery\\\/who-primavera-verano-2015\\\/who-ss-2015-145.jpg\",\"ratio\":0.66815144766146994381728063672198913991451263427734375},{\"id\":\"16179\",\"image\":\"https:\\\/\\\/bobvarela.com\\\/wp-content\\\/flagallery\\\/who-primavera-verano-2015\\\/webview\\\/who-ss-2015-146.jpg\",\"thumb\":\"https:\\\/\\\/bobvarela.com\\\/wp-content\\\/flagallery\\\/who-primavera-verano-2015\\\/thumbs\\\/thumbs_who-ss-2015-146.jpg\",\"file\":\"who-ss-2015-146.jpg\",\"meta\":{\"aperture\":false,\"credit\":false,\"camera\":false,\"caption\":\"080 Barcelona Spring-Summer 2015\",\"created_timestamp\":\"July 2, 2014 1:05 pm\",\"copyright\":\"\\u00c2\\u00a9 2014 Estrop-Barcelona PHOTOGRAPH FOR EDITORIAL USE ONLY\",\"focal_length\":false,\"iso\":false,\"shutter_speed\":false,\"flash\":false,\"title\":\"080 Barcelona Spring-Summer 2015\",\"keywords\":\"Spring-Summer 2015\",\"width\":600,\"height\":898,\"saved\":true,\"thumbnail\":{\"width\":220,\"height\":220},\"webview\":{\"0\":600,\"1\":898,\"2\":2,\"3\":\"width=\\\"600\\\" height=\\\"898\\\"\",\"bits\":8,\"channels\":3,\"mime\":\"image\\\/jpeg\"},\"views\":\"5\",\"likes\":\"0\"},\"title\":\"080 Barcelona Spring-Summer 2015\",\"description\":\"<p>080 Barcelona Spring-Summer 2015<\\\/p>\",\"link\":null,\"link_target\":\"\",\"download\":\"https:\\\/\\\/bobvarela.com\\\/wp-content\\\/flagallery\\\/who-primavera-verano-2015\\\/who-ss-2015-146.jpg\",\"ratio\":0.66815144766146994381728063672198913991451263427734375},{\"id\":\"16180\",\"image\":\"https:\\\/\\\/bobvarela.com\\\/wp-content\\\/flagallery\\\/who-primavera-verano-2015\\\/webview\\\/who-ss-2015-147.jpg\",\"thumb\":\"https:\\\/\\\/bobvarela.com\\\/wp-content\\\/flagallery\\\/who-primavera-verano-2015\\\/thumbs\\\/thumbs_who-ss-2015-147.jpg\",\"file\":\"who-ss-2015-147.jpg\",\"meta\":{\"aperture\":false,\"credit\":false,\"camera\":false,\"caption\":\"080 Barcelona Spring-Summer 2015\",\"created_timestamp\":\"July 2, 2014 1:05 pm\",\"copyright\":\"\\u00c2\\u00a9 2014 Estrop-Barcelona PHOTOGRAPH FOR EDITORIAL USE ONLY\",\"focal_length\":false,\"iso\":false,\"shutter_speed\":false,\"flash\":false,\"title\":\"080 Barcelona Spring-Summer 2015\",\"keywords\":\"Spring-Summer 2015\",\"width\":600,\"height\":898,\"saved\":true,\"thumbnail\":{\"width\":220,\"height\":220},\"webview\":{\"0\":600,\"1\":898,\"2\":2,\"3\":\"width=\\\"600\\\" height=\\\"898\\\"\",\"bits\":8,\"channels\":3,\"mime\":\"image\\\/jpeg\"},\"views\":\"6\",\"likes\":\"0\"},\"title\":\"080 Barcelona Spring-Summer 2015\",\"description\":\"<p>080 Barcelona Spring-Summer 2015<\\\/p>\",\"link\":null,\"link_target\":\"\",\"download\":\"https:\\\/\\\/bobvarela.com\\\/wp-content\\\/flagallery\\\/who-primavera-verano-2015\\\/who-ss-2015-147.jpg\",\"ratio\":0.66815144766146994381728063672198913991451263427734375},{\"id\":\"16181\",\"image\":\"https:\\\/\\\/bobvarela.com\\\/wp-content\\\/flagallery\\\/who-primavera-verano-2015\\\/webview\\\/who-ss-2015-148.jpg\",\"thumb\":\"https:\\\/\\\/bobvarela.com\\\/wp-content\\\/flagallery\\\/who-primavera-verano-2015\\\/thumbs\\\/thumbs_who-ss-2015-148.jpg\",\"file\":\"who-ss-2015-148.jpg\",\"meta\":{\"aperture\":false,\"credit\":false,\"camera\":false,\"caption\":\"080 Barcelona Spring-Summer 2015\",\"created_timestamp\":\"July 2, 2014 1:05 pm\",\"copyright\":\"\\u00c2\\u00a9 2014 Estrop-Barcelona PHOTOGRAPH FOR EDITORIAL USE ONLY\",\"focal_length\":false,\"iso\":false,\"shutter_speed\":false,\"flash\":false,\"title\":\"080 Barcelona Spring-Summer 2015\",\"keywords\":\"Spring-Summer 2015\",\"width\":600,\"height\":898,\"saved\":true,\"thumbnail\":{\"width\":220,\"height\":220},\"webview\":{\"0\":600,\"1\":898,\"2\":2,\"3\":\"width=\\\"600\\\" height=\\\"898\\\"\",\"bits\":8,\"channels\":3,\"mime\":\"image\\\/jpeg\"},\"views\":\"5\",\"likes\":\"0\"},\"title\":\"080 Barcelona Spring-Summer 2015\",\"description\":\"<p>080 Barcelona Spring-Summer 2015<\\\/p>\",\"link\":null,\"link_target\":\"\",\"download\":\"https:\\\/\\\/bobvarela.com\\\/wp-content\\\/flagallery\\\/who-primavera-verano-2015\\\/who-ss-2015-148.jpg\",\"ratio\":0.66815144766146994381728063672198913991451263427734375},{\"id\":\"16182\",\"image\":\"https:\\\/\\\/bobvarela.com\\\/wp-content\\\/flagallery\\\/who-primavera-verano-2015\\\/webview\\\/who-ss-2015-149.jpg\",\"thumb\":\"https:\\\/\\\/bobvarela.com\\\/wp-content\\\/flagallery\\\/who-primavera-verano-2015\\\/thumbs\\\/thumbs_who-ss-2015-149.jpg\",\"file\":\"who-ss-2015-149.jpg\",\"meta\":{\"aperture\":false,\"credit\":false,\"camera\":false,\"caption\":\"080 Barcelona Spring-Summer 2015\",\"created_timestamp\":\"July 2, 2014 1:06 pm\",\"copyright\":\"\\u00c2\\u00a9 2014 Estrop-Barcelona PHOTOGRAPH FOR EDITORIAL USE ONLY\",\"focal_length\":false,\"iso\":false,\"shutter_speed\":false,\"flash\":false,\"title\":\"080 Barcelona Spring-Summer 2015\",\"keywords\":\"Spring-Summer 2015\",\"width\":600,\"height\":898,\"saved\":true,\"thumbnail\":{\"width\":220,\"height\":220},\"webview\":{\"0\":600,\"1\":898,\"2\":2,\"3\":\"width=\\\"600\\\" height=\\\"898\\\"\",\"bits\":8,\"channels\":3,\"mime\":\"image\\\/jpeg\"},\"views\":\"4\",\"likes\":\"0\"},\"title\":\"080 Barcelona Spring-Summer 2015\",\"description\":\"<p>080 Barcelona Spring-Summer 2015<\\\/p>\",\"link\":null,\"link_target\":\"\",\"download\":\"https:\\\/\\\/bobvarela.com\\\/wp-content\\\/flagallery\\\/who-primavera-verano-2015\\\/who-ss-2015-149.jpg\",\"ratio\":0.66815144766146994381728063672198913991451263427734375},{\"id\":\"16183\",\"image\":\"https:\\\/\\\/bobvarela.com\\\/wp-content\\\/flagallery\\\/who-primavera-verano-2015\\\/webview\\\/who-ss-2015-150.jpg\",\"thumb\":\"https:\\\/\\\/bobvarela.com\\\/wp-content\\\/flagallery\\\/who-primavera-verano-2015\\\/thumbs\\\/thumbs_who-ss-2015-150.jpg\",\"file\":\"who-ss-2015-150.jpg\",\"meta\":{\"aperture\":false,\"credit\":false,\"camera\":false,\"caption\":\"080 Barcelona Spring-Summer 2015\",\"created_timestamp\":\"July 2, 2014 1:06 pm\",\"copyright\":\"\\u00c2\\u00a9 2014 Estrop-Barcelona PHOTOGRAPH FOR EDITORIAL USE ONLY\",\"focal_length\":false,\"iso\":false,\"shutter_speed\":false,\"flash\":false,\"title\":\"080 Barcelona Spring-Summer 2015\",\"keywords\":\"Spring-Summer 2015\",\"width\":600,\"height\":898,\"saved\":true,\"thumbnail\":{\"width\":220,\"height\":220},\"webview\":{\"0\":600,\"1\":898,\"2\":2,\"3\":\"width=\\\"600\\\" height=\\\"898\\\"\",\"bits\":8,\"channels\":3,\"mime\":\"image\\\/jpeg\"},\"views\":\"5\",\"likes\":\"0\"},\"title\":\"080 Barcelona Spring-Summer 2015\",\"description\":\"<p>080 Barcelona Spring-Summer 2015<\\\/p>\",\"link\":null,\"link_target\":\"\",\"download\":\"https:\\\/\\\/bobvarela.com\\\/wp-content\\\/flagallery\\\/who-primavera-verano-2015\\\/who-ss-2015-150.jpg\",\"ratio\":0.66815144766146994381728063672198913991451263427734375},{\"id\":\"16184\",\"image\":\"https:\\\/\\\/bobvarela.com\\\/wp-content\\\/flagallery\\\/who-primavera-verano-2015\\\/webview\\\/who-ss-2015-151.jpg\",\"thumb\":\"https:\\\/\\\/bobvarela.com\\\/wp-content\\\/flagallery\\\/who-primavera-verano-2015\\\/thumbs\\\/thumbs_who-ss-2015-151.jpg\",\"file\":\"who-ss-2015-151.jpg\",\"meta\":{\"aperture\":false,\"credit\":false,\"camera\":false,\"caption\":\"080 Barcelona Spring-Summer 2015\",\"created_timestamp\":\"July 2, 2014 1:06 pm\",\"copyright\":\"\\u00c2\\u00a9 2014 Estrop-Barcelona PHOTOGRAPH FOR EDITORIAL USE ONLY\",\"focal_length\":false,\"iso\":false,\"shutter_speed\":false,\"flash\":false,\"title\":\"080 Barcelona Spring-Summer 2015\",\"keywords\":\"Spring-Summer 2015\",\"width\":600,\"height\":898,\"saved\":true,\"thumbnail\":{\"width\":220,\"height\":220},\"webview\":{\"0\":600,\"1\":898,\"2\":2,\"3\":\"width=\\\"600\\\" height=\\\"898\\\"\",\"bits\":8,\"channels\":3,\"mime\":\"image\\\/jpeg\"},\"views\":\"4\",\"likes\":\"0\"},\"title\":\"080 Barcelona Spring-Summer 2015\",\"description\":\"<p>080 Barcelona Spring-Summer 2015<\\\/p>\",\"link\":null,\"link_target\":\"\",\"download\":\"https:\\\/\\\/bobvarela.com\\\/wp-content\\\/flagallery\\\/who-primavera-verano-2015\\\/who-ss-2015-151.jpg\",\"ratio\":0.66815144766146994381728063672198913991451263427734375},{\"id\":\"16185\",\"image\":\"https:\\\/\\\/bobvarela.com\\\/wp-content\\\/flagallery\\\/who-primavera-verano-2015\\\/webview\\\/who-ss-2015-152.jpg\",\"thumb\":\"https:\\\/\\\/bobvarela.com\\\/wp-content\\\/flagallery\\\/who-primavera-verano-2015\\\/thumbs\\\/thumbs_who-ss-2015-152.jpg\",\"file\":\"who-ss-2015-152.jpg\",\"meta\":{\"aperture\":false,\"credit\":false,\"camera\":false,\"caption\":\"080 Barcelona Spring-Summer 2015\",\"created_timestamp\":\"July 2, 2014 1:06 pm\",\"copyright\":\"\\u00c2\\u00a9 2014 Estrop-Barcelona PHOTOGRAPH FOR EDITORIAL USE ONLY\",\"focal_length\":false,\"iso\":false,\"shutter_speed\":false,\"flash\":false,\"title\":\"080 Barcelona Spring-Summer 2015\",\"keywords\":\"Spring-Summer 2015\",\"width\":600,\"height\":898,\"saved\":true,\"thumbnail\":{\"width\":220,\"height\":220},\"webview\":{\"0\":600,\"1\":898,\"2\":2,\"3\":\"width=\\\"600\\\" height=\\\"898\\\"\",\"bits\":8,\"channels\":3,\"mime\":\"image\\\/jpeg\"},\"views\":\"4\",\"likes\":\"0\"},\"title\":\"080 Barcelona Spring-Summer 2015\",\"description\":\"<p>080 Barcelona Spring-Summer 2015<\\\/p>\",\"link\":null,\"link_target\":\"\",\"download\":\"https:\\\/\\\/bobvarela.com\\\/wp-content\\\/flagallery\\\/who-primavera-verano-2015\\\/who-ss-2015-152.jpg\",\"ratio\":0.66815144766146994381728063672198913991451263427734375},{\"id\":\"16186\",\"image\":\"https:\\\/\\\/bobvarela.com\\\/wp-content\\\/flagallery\\\/who-primavera-verano-2015\\\/webview\\\/who-ss-2015-153.jpg\",\"thumb\":\"https:\\\/\\\/bobvarela.com\\\/wp-content\\\/flagallery\\\/who-primavera-verano-2015\\\/thumbs\\\/thumbs_who-ss-2015-153.jpg\",\"file\":\"who-ss-2015-153.jpg\",\"meta\":{\"aperture\":false,\"credit\":false,\"camera\":false,\"caption\":\"080 Barcelona Spring-Summer 2015\",\"created_timestamp\":\"July 2, 2014 1:06 pm\",\"copyright\":\"\\u00c2\\u00a9 2014 Estrop-Barcelona PHOTOGRAPH FOR EDITORIAL USE ONLY\",\"focal_length\":false,\"iso\":false,\"shutter_speed\":false,\"flash\":false,\"title\":\"080 Barcelona Spring-Summer 2015\",\"keywords\":\"Spring-Summer 2015\",\"width\":600,\"height\":898,\"saved\":true,\"thumbnail\":{\"width\":220,\"height\":220},\"webview\":{\"0\":600,\"1\":898,\"2\":2,\"3\":\"width=\\\"600\\\" height=\\\"898\\\"\",\"bits\":8,\"channels\":3,\"mime\":\"image\\\/jpeg\"},\"views\":\"4\",\"likes\":\"0\"},\"title\":\"080 Barcelona Spring-Summer 2015\",\"description\":\"<p>080 Barcelona Spring-Summer 2015<\\\/p>\",\"link\":null,\"link_target\":\"\",\"download\":\"https:\\\/\\\/bobvarela.com\\\/wp-content\\\/flagallery\\\/who-primavera-verano-2015\\\/who-ss-2015-153.jpg\",\"ratio\":0.66815144766146994381728063672198913991451263427734375},{\"id\":\"16187\",\"image\":\"https:\\\/\\\/bobvarela.com\\\/wp-content\\\/flagallery\\\/who-primavera-verano-2015\\\/webview\\\/who-ss-2015-154.jpg\",\"thumb\":\"https:\\\/\\\/bobvarela.com\\\/wp-content\\\/flagallery\\\/who-primavera-verano-2015\\\/thumbs\\\/thumbs_who-ss-2015-154.jpg\",\"file\":\"who-ss-2015-154.jpg\",\"meta\":{\"aperture\":false,\"credit\":false,\"camera\":false,\"caption\":\"080 Barcelona Spring-Summer 2015\",\"created_timestamp\":\"July 2, 2014 1:06 pm\",\"copyright\":\"\\u00c2\\u00a9 2014 Estrop-Barcelona PHOTOGRAPH FOR EDITORIAL USE ONLY\",\"focal_length\":false,\"iso\":false,\"shutter_speed\":false,\"flash\":false,\"title\":\"080 Barcelona Spring-Summer 2015\",\"keywords\":\"Spring-Summer 2015\",\"width\":600,\"height\":898,\"saved\":true,\"thumbnail\":{\"width\":220,\"height\":220},\"webview\":{\"0\":600,\"1\":898,\"2\":2,\"3\":\"width=\\\"600\\\" height=\\\"898\\\"\",\"bits\":8,\"channels\":3,\"mime\":\"image\\\/jpeg\"},\"views\":\"8\",\"likes\":\"0\"},\"title\":\"080 Barcelona Spring-Summer 2015\",\"description\":\"<p>080 Barcelona Spring-Summer 2015<\\\/p>\",\"link\":null,\"link_target\":\"\",\"download\":\"https:\\\/\\\/bobvarela.com\\\/wp-content\\\/flagallery\\\/who-primavera-verano-2015\\\/who-ss-2015-154.jpg\",\"ratio\":0.66815144766146994381728063672198913991451263427734375},{\"id\":\"16188\",\"image\":\"https:\\\/\\\/bobvarela.com\\\/wp-content\\\/flagallery\\\/who-primavera-verano-2015\\\/webview\\\/who-ss-2015-155.jpg\",\"thumb\":\"https:\\\/\\\/bobvarela.com\\\/wp-content\\\/flagallery\\\/who-primavera-verano-2015\\\/thumbs\\\/thumbs_who-ss-2015-155.jpg\",\"file\":\"who-ss-2015-155.jpg\",\"meta\":{\"aperture\":false,\"credit\":false,\"camera\":false,\"caption\":\"080 Barcelona Spring-Summer 2015\",\"created_timestamp\":\"July 2, 2014 1:06 pm\",\"copyright\":\"\\u00c2\\u00a9 2014 Estrop-Barcelona PHOTOGRAPH FOR EDITORIAL USE ONLY\",\"focal_length\":false,\"iso\":false,\"shutter_speed\":false,\"flash\":false,\"title\":\"080 Barcelona Spring-Summer 2015\",\"keywords\":\"Spring-Summer 2015\",\"width\":600,\"height\":898,\"saved\":true,\"thumbnail\":{\"width\":220,\"height\":220},\"webview\":{\"0\":600,\"1\":898,\"2\":2,\"3\":\"width=\\\"600\\\" height=\\\"898\\\"\",\"bits\":8,\"channels\":3,\"mime\":\"image\\\/jpeg\"},\"views\":\"5\",\"likes\":\"0\"},\"title\":\"080 Barcelona Spring-Summer 2015\",\"description\":\"<p>080 Barcelona Spring-Summer 2015<\\\/p>\",\"link\":null,\"link_target\":\"\",\"download\":\"https:\\\/\\\/bobvarela.com\\\/wp-content\\\/flagallery\\\/who-primavera-verano-2015\\\/who-ss-2015-155.jpg\",\"ratio\":0.66815144766146994381728063672198913991451263427734375},{\"id\":\"16189\",\"image\":\"https:\\\/\\\/bobvarela.com\\\/wp-content\\\/flagallery\\\/who-primavera-verano-2015\\\/webview\\\/who-ss-2015-156.jpg\",\"thumb\":\"https:\\\/\\\/bobvarela.com\\\/wp-content\\\/flagallery\\\/who-primavera-verano-2015\\\/thumbs\\\/thumbs_who-ss-2015-156.jpg\",\"file\":\"who-ss-2015-156.jpg\",\"meta\":{\"aperture\":false,\"credit\":false,\"camera\":false,\"caption\":\"080 Barcelona Spring-Summer 2015\",\"created_timestamp\":\"July 2, 2014 1:07 pm\",\"copyright\":\"\\u00c2\\u00a9 2014 Estrop-Barcelona PHOTOGRAPH FOR EDITORIAL USE ONLY\",\"focal_length\":false,\"iso\":false,\"shutter_speed\":false,\"flash\":false,\"title\":\"080 Barcelona Spring-Summer 2015\",\"keywords\":\"Spring-Summer 2015\",\"width\":600,\"height\":898,\"saved\":true,\"thumbnail\":{\"width\":220,\"height\":220},\"webview\":{\"0\":600,\"1\":898,\"2\":2,\"3\":\"width=\\\"600\\\" height=\\\"898\\\"\",\"bits\":8,\"channels\":3,\"mime\":\"image\\\/jpeg\"},\"views\":\"5\",\"likes\":\"0\"},\"title\":\"080 Barcelona Spring-Summer 2015\",\"description\":\"<p>080 Barcelona Spring-Summer 2015<\\\/p>\",\"link\":null,\"link_target\":\"\",\"download\":\"https:\\\/\\\/bobvarela.com\\\/wp-content\\\/flagallery\\\/who-primavera-verano-2015\\\/who-ss-2015-156.jpg\",\"ratio\":0.66815144766146994381728063672198913991451263427734375},{\"id\":\"16190\",\"image\":\"https:\\\/\\\/bobvarela.com\\\/wp-content\\\/flagallery\\\/who-primavera-verano-2015\\\/webview\\\/who-ss-2015-157.jpg\",\"thumb\":\"https:\\\/\\\/bobvarela.com\\\/wp-content\\\/flagallery\\\/who-primavera-verano-2015\\\/thumbs\\\/thumbs_who-ss-2015-157.jpg\",\"file\":\"who-ss-2015-157.jpg\",\"meta\":{\"aperture\":false,\"credit\":false,\"camera\":false,\"caption\":\"080 Barcelona Spring-Summer 2015\",\"created_timestamp\":\"July 2, 2014 1:07 pm\",\"copyright\":\"\\u00c2\\u00a9 2014 Estrop-Barcelona PHOTOGRAPH FOR EDITORIAL USE ONLY\",\"focal_length\":false,\"iso\":false,\"shutter_speed\":false,\"flash\":false,\"title\":\"080 Barcelona Spring-Summer 2015\",\"keywords\":\"Spring-Summer 2015\",\"width\":600,\"height\":898,\"saved\":true,\"thumbnail\":{\"width\":220,\"height\":220},\"webview\":{\"0\":600,\"1\":898,\"2\":2,\"3\":\"width=\\\"600\\\" height=\\\"898\\\"\",\"bits\":8,\"channels\":3,\"mime\":\"image\\\/jpeg\"},\"views\":\"5\",\"likes\":\"0\"},\"title\":\"080 Barcelona Spring-Summer 2015\",\"description\":\"<p>080 Barcelona Spring-Summer 2015<\\\/p>\",\"link\":null,\"link_target\":\"\",\"download\":\"https:\\\/\\\/bobvarela.com\\\/wp-content\\\/flagallery\\\/who-primavera-verano-2015\\\/who-ss-2015-157.jpg\",\"ratio\":0.66815144766146994381728063672198913991451263427734375},{\"id\":\"16191\",\"image\":\"https:\\\/\\\/bobvarela.com\\\/wp-content\\\/flagallery\\\/who-primavera-verano-2015\\\/webview\\\/who-ss-2015-158.jpg\",\"thumb\":\"https:\\\/\\\/bobvarela.com\\\/wp-content\\\/flagallery\\\/who-primavera-verano-2015\\\/thumbs\\\/thumbs_who-ss-2015-158.jpg\",\"file\":\"who-ss-2015-158.jpg\",\"meta\":{\"aperture\":false,\"credit\":false,\"camera\":false,\"caption\":\"080 Barcelona Spring-Summer 2015\",\"created_timestamp\":\"July 2, 2014 1:07 pm\",\"copyright\":\"\\u00c2\\u00a9 2014 Estrop-Barcelona PHOTOGRAPH FOR EDITORIAL USE ONLY\",\"focal_length\":false,\"iso\":false,\"shutter_speed\":false,\"flash\":false,\"title\":\"080 Barcelona Spring-Summer 2015\",\"keywords\":\"Spring-Summer 2015\",\"width\":600,\"height\":898,\"saved\":true,\"thumbnail\":{\"width\":220,\"height\":220},\"webview\":{\"0\":600,\"1\":898,\"2\":2,\"3\":\"width=\\\"600\\\" height=\\\"898\\\"\",\"bits\":8,\"channels\":3,\"mime\":\"image\\\/jpeg\"},\"views\":\"4\",\"likes\":\"0\"},\"title\":\"080 Barcelona Spring-Summer 2015\",\"description\":\"<p>080 Barcelona Spring-Summer 2015<\\\/p>\",\"link\":null,\"link_target\":\"\",\"download\":\"https:\\\/\\\/bobvarela.com\\\/wp-content\\\/flagallery\\\/who-primavera-verano-2015\\\/who-ss-2015-158.jpg\",\"ratio\":0.66815144766146994381728063672198913991451263427734375},{\"id\":\"16192\",\"image\":\"https:\\\/\\\/bobvarela.com\\\/wp-content\\\/flagallery\\\/who-primavera-verano-2015\\\/webview\\\/who-ss-2015-159.jpg\",\"thumb\":\"https:\\\/\\\/bobvarela.com\\\/wp-content\\\/flagallery\\\/who-primavera-verano-2015\\\/thumbs\\\/thumbs_who-ss-2015-159.jpg\",\"file\":\"who-ss-2015-159.jpg\",\"meta\":{\"aperture\":false,\"credit\":false,\"camera\":false,\"caption\":\"080 Barcelona Spring-Summer 2015\",\"created_timestamp\":\"July 2, 2014 1:09 pm\",\"copyright\":\"\\u00c2\\u00a9 2014 Estrop-Barcelona PHOTOGRAPH FOR EDITORIAL USE ONLY\",\"focal_length\":false,\"iso\":false,\"shutter_speed\":false,\"flash\":false,\"title\":\"080 Barcelona Spring-Summer 2015\",\"keywords\":\"Spring-Summer 2015\",\"width\":600,\"height\":898,\"saved\":true,\"thumbnail\":{\"width\":220,\"height\":220},\"webview\":{\"0\":600,\"1\":898,\"2\":2,\"3\":\"width=\\\"600\\\" height=\\\"898\\\"\",\"bits\":8,\"channels\":3,\"mime\":\"image\\\/jpeg\"},\"views\":\"5\",\"likes\":\"0\"},\"title\":\"080 Barcelona Spring-Summer 2015\",\"description\":\"<p>080 Barcelona Spring-Summer 2015<\\\/p>\",\"link\":null,\"link_target\":\"\",\"download\":\"https:\\\/\\\/bobvarela.com\\\/wp-content\\\/flagallery\\\/who-primavera-verano-2015\\\/who-ss-2015-159.jpg\",\"ratio\":0.66815144766146994381728063672198913991451263427734375}]}; var container = $('#FlaGallery_sc1_201'); container.photomania(settings, content); window.FlaGallery_sc1_201 = container.data('photomania'); }); <\/script><\/div><noscript id=\"noscript_FlaGallery_sc1_201\"><img class=\"skip-lazy no-lazyload noLazy\" data-lazy-src=\"\" src =\"https:\/\/bobvarela.com\/wp-content\/flagallery\/who-primavera-verano-2015\/who-ss-2015-101.jpg\" alt=\"080 Barcelona Spring-Summer 2015\" \/><img class=\"skip-lazy no-lazyload noLazy\" data-lazy-src=\"\" src =\"https:\/\/bobvarela.com\/wp-content\/flagallery\/who-primavera-verano-2015\/who-ss-2015-102.jpg\" alt=\"080 Barcelona Spring-Summer 2015\" \/><img class=\"skip-lazy no-lazyload noLazy\" data-lazy-src=\"\" src =\"https:\/\/bobvarela.com\/wp-content\/flagallery\/who-primavera-verano-2015\/who-ss-2015-103.jpg\" alt=\"080 Barcelona Spring-Summer 2015\" \/><img class=\"skip-lazy no-lazyload noLazy\" data-lazy-src=\"\" src =\"https:\/\/bobvarela.com\/wp-content\/flagallery\/who-primavera-verano-2015\/who-ss-2015-104.jpg\" alt=\"080 Barcelona Spring-Summer 2015\" \/><img class=\"skip-lazy no-lazyload noLazy\" data-lazy-src=\"\" src =\"https:\/\/bobvarela.com\/wp-content\/flagallery\/who-primavera-verano-2015\/who-ss-2015-105.jpg\" alt=\"080 Barcelona Spring-Summer 2015\" \/><img class=\"skip-lazy no-lazyload noLazy\" data-lazy-src=\"\" src =\"https:\/\/bobvarela.com\/wp-content\/flagallery\/who-primavera-verano-2015\/who-ss-2015-106.jpg\" alt=\"080 Barcelona Spring-Summer 2015\" \/><img class=\"skip-lazy no-lazyload noLazy\" data-lazy-src=\"\" src =\"https:\/\/bobvarela.com\/wp-content\/flagallery\/who-primavera-verano-2015\/who-ss-2015-107.jpg\" alt=\"080 Barcelona Spring-Summer 2015\" \/><img class=\"skip-lazy no-lazyload noLazy\" data-lazy-src=\"\" src =\"https:\/\/bobvarela.com\/wp-content\/flagallery\/who-primavera-verano-2015\/who-ss-2015-108.jpg\" alt=\"080 Barcelona Spring-Summer 2015\" \/><img class=\"skip-lazy no-lazyload noLazy\" data-lazy-src=\"\" src =\"https:\/\/bobvarela.com\/wp-content\/flagallery\/who-primavera-verano-2015\/who-ss-2015-109.jpg\" alt=\"080 Barcelona Spring-Summer 2015\" \/><img class=\"skip-lazy no-lazyload noLazy\" data-lazy-src=\"\" src =\"https:\/\/bobvarela.com\/wp-content\/flagallery\/who-primavera-verano-2015\/who-ss-2015-110.jpg\" alt=\"080 Barcelona Spring-Summer 2015\" \/><img class=\"skip-lazy no-lazyload noLazy\" data-lazy-src=\"\" src =\"https:\/\/bobvarela.com\/wp-content\/flagallery\/who-primavera-verano-2015\/who-ss-2015-111.jpg\" alt=\"080 Barcelona Spring-Summer 2015\" \/><img class=\"skip-lazy no-lazyload noLazy\" data-lazy-src=\"\" src =\"https:\/\/bobvarela.com\/wp-content\/flagallery\/who-primavera-verano-2015\/who-ss-2015-112.jpg\" alt=\"080 Barcelona Spring-Summer 2015\" \/><img class=\"skip-lazy no-lazyload noLazy\" data-lazy-src=\"\" src =\"https:\/\/bobvarela.com\/wp-content\/flagallery\/who-primavera-verano-2015\/who-ss-2015-113.jpg\" alt=\"080 Barcelona Spring-Summer 2015\" \/><img class=\"skip-lazy no-lazyload noLazy\" data-lazy-src=\"\" src =\"https:\/\/bobvarela.com\/wp-content\/flagallery\/who-primavera-verano-2015\/who-ss-2015-114.jpg\" alt=\"080 Barcelona Spring-Summer 2015\" \/><img class=\"skip-lazy no-lazyload noLazy\" data-lazy-src=\"\" src =\"https:\/\/bobvarela.com\/wp-content\/flagallery\/who-primavera-verano-2015\/who-ss-2015-115.jpg\" alt=\"080 Barcelona Spring-Summer 2015\" \/><img class=\"skip-lazy no-lazyload noLazy\" data-lazy-src=\"\" src =\"https:\/\/bobvarela.com\/wp-content\/flagallery\/who-primavera-verano-2015\/who-ss-2015-116.jpg\" alt=\"080 Barcelona Spring-Summer 2015\" \/><img class=\"skip-lazy no-lazyload noLazy\" data-lazy-src=\"\" src =\"https:\/\/bobvarela.com\/wp-content\/flagallery\/who-primavera-verano-2015\/who-ss-2015-117.jpg\" alt=\"080 Barcelona Spring-Summer 2015\" \/><img class=\"skip-lazy no-lazyload noLazy\" data-lazy-src=\"\" src =\"https:\/\/bobvarela.com\/wp-content\/flagallery\/who-primavera-verano-2015\/who-ss-2015-118.jpg\" alt=\"080 Barcelona Spring-Summer 2015\" \/><img class=\"skip-lazy no-lazyload noLazy\" data-lazy-src=\"\" src =\"https:\/\/bobvarela.com\/wp-content\/flagallery\/who-primavera-verano-2015\/who-ss-2015-119.jpg\" alt=\"080 Barcelona Spring-Summer 2015\" \/><img class=\"skip-lazy no-lazyload noLazy\" data-lazy-src=\"\" src =\"https:\/\/bobvarela.com\/wp-content\/flagallery\/who-primavera-verano-2015\/who-ss-2015-120.jpg\" alt=\"080 Barcelona Spring-Summer 2015\" \/><img class=\"skip-lazy no-lazyload noLazy\" data-lazy-src=\"\" src =\"https:\/\/bobvarela.com\/wp-content\/flagallery\/who-primavera-verano-2015\/who-ss-2015-121.jpg\" alt=\"080 Barcelona Spring-Summer 2015\" \/><img class=\"skip-lazy no-lazyload noLazy\" data-lazy-src=\"\" src =\"https:\/\/bobvarela.com\/wp-content\/flagallery\/who-primavera-verano-2015\/who-ss-2015-122.jpg\" alt=\"080 Barcelona Spring-Summer 2015\" \/><img class=\"skip-lazy no-lazyload noLazy\" data-lazy-src=\"\" src =\"https:\/\/bobvarela.com\/wp-content\/flagallery\/who-primavera-verano-2015\/who-ss-2015-123.jpg\" alt=\"080 Barcelona Spring-Summer 2015\" \/><img class=\"skip-lazy no-lazyload noLazy\" data-lazy-src=\"\" src =\"https:\/\/bobvarela.com\/wp-content\/flagallery\/who-primavera-verano-2015\/who-ss-2015-124.jpg\" alt=\"080 Barcelona Spring-Summer 2015\" \/><img class=\"skip-lazy no-lazyload noLazy\" data-lazy-src=\"\" src =\"https:\/\/bobvarela.com\/wp-content\/flagallery\/who-primavera-verano-2015\/who-ss-2015-125.jpg\" alt=\"080 Barcelona Spring-Summer 2015\" \/><img class=\"skip-lazy no-lazyload noLazy\" data-lazy-src=\"\" src =\"https:\/\/bobvarela.com\/wp-content\/flagallery\/who-primavera-verano-2015\/who-ss-2015-126.jpg\" alt=\"080 Barcelona Spring-Summer 2015\" \/><img class=\"skip-lazy no-lazyload noLazy\" data-lazy-src=\"\" src =\"https:\/\/bobvarela.com\/wp-content\/flagallery\/who-primavera-verano-2015\/who-ss-2015-127.jpg\" alt=\"080 Barcelona Spring-Summer 2015\" \/><img class=\"skip-lazy no-lazyload noLazy\" data-lazy-src=\"\" src =\"https:\/\/bobvarela.com\/wp-content\/flagallery\/who-primavera-verano-2015\/who-ss-2015-128.jpg\" alt=\"080 Barcelona Spring-Summer 2015\" \/><img class=\"skip-lazy no-lazyload noLazy\" data-lazy-src=\"\" src =\"https:\/\/bobvarela.com\/wp-content\/flagallery\/who-primavera-verano-2015\/who-ss-2015-129.jpg\" alt=\"080 Barcelona Spring-Summer 2015\" \/><img class=\"skip-lazy no-lazyload noLazy\" data-lazy-src=\"\" src =\"https:\/\/bobvarela.com\/wp-content\/flagallery\/who-primavera-verano-2015\/who-ss-2015-130.jpg\" alt=\"080 Barcelona Spring-Summer 2015\" \/><img class=\"skip-lazy no-lazyload noLazy\" data-lazy-src=\"\" src =\"https:\/\/bobvarela.com\/wp-content\/flagallery\/who-primavera-verano-2015\/who-ss-2015-131.jpg\" alt=\"080 Barcelona Spring-Summer 2015\" \/><img class=\"skip-lazy no-lazyload noLazy\" data-lazy-src=\"\" src =\"https:\/\/bobvarela.com\/wp-content\/flagallery\/who-primavera-verano-2015\/who-ss-2015-132.jpg\" alt=\"080 Barcelona Spring-Summer 2015\" \/><img class=\"skip-lazy no-lazyload noLazy\" data-lazy-src=\"\" src =\"https:\/\/bobvarela.com\/wp-content\/flagallery\/who-primavera-verano-2015\/who-ss-2015-133.jpg\" alt=\"080 Barcelona Spring-Summer 2015\" \/><img class=\"skip-lazy no-lazyload noLazy\" data-lazy-src=\"\" src =\"https:\/\/bobvarela.com\/wp-content\/flagallery\/who-primavera-verano-2015\/who-ss-2015-134.jpg\" alt=\"080 Barcelona Spring-Summer 2015\" \/><img class=\"skip-lazy no-lazyload noLazy\" data-lazy-src=\"\" src =\"https:\/\/bobvarela.com\/wp-content\/flagallery\/who-primavera-verano-2015\/who-ss-2015-135.jpg\" alt=\"080 Barcelona Spring-Summer 2015\" \/><img class=\"skip-lazy no-lazyload noLazy\" data-lazy-src=\"\" src =\"https:\/\/bobvarela.com\/wp-content\/flagallery\/who-primavera-verano-2015\/who-ss-2015-136.jpg\" alt=\"080 Barcelona Spring-Summer 2015\" \/><img class=\"skip-lazy no-lazyload noLazy\" data-lazy-src=\"\" src =\"https:\/\/bobvarela.com\/wp-content\/flagallery\/who-primavera-verano-2015\/who-ss-2015-137.jpg\" alt=\"080 Barcelona Spring-Summer 2015\" \/><img class=\"skip-lazy no-lazyload noLazy\" data-lazy-src=\"\" src =\"https:\/\/bobvarela.com\/wp-content\/flagallery\/who-primavera-verano-2015\/who-ss-2015-138.jpg\" alt=\"080 Barcelona Spring-Summer 2015\" \/><img class=\"skip-lazy no-lazyload noLazy\" data-lazy-src=\"\" src =\"https:\/\/bobvarela.com\/wp-content\/flagallery\/who-primavera-verano-2015\/who-ss-2015-139.jpg\" alt=\"080 Barcelona Spring-Summer 2015\" \/><img class=\"skip-lazy no-lazyload noLazy\" data-lazy-src=\"\" src =\"https:\/\/bobvarela.com\/wp-content\/flagallery\/who-primavera-verano-2015\/who-ss-2015-140.jpg\" alt=\"080 Barcelona Spring-Summer 2015\" \/><img class=\"skip-lazy no-lazyload noLazy\" data-lazy-src=\"\" src =\"https:\/\/bobvarela.com\/wp-content\/flagallery\/who-primavera-verano-2015\/who-ss-2015-141.jpg\" alt=\"080 Barcelona Spring-Summer 2015\" \/><img class=\"skip-lazy no-lazyload noLazy\" data-lazy-src=\"\" src =\"https:\/\/bobvarela.com\/wp-content\/flagallery\/who-primavera-verano-2015\/who-ss-2015-142.jpg\" alt=\"080 Barcelona Spring-Summer 2015\" \/><img class=\"skip-lazy no-lazyload noLazy\" data-lazy-src=\"\" src =\"https:\/\/bobvarela.com\/wp-content\/flagallery\/who-primavera-verano-2015\/who-ss-2015-143.jpg\" alt=\"080 Barcelona Spring-Summer 2015\" \/><img class=\"skip-lazy no-lazyload noLazy\" data-lazy-src=\"\" src =\"https:\/\/bobvarela.com\/wp-content\/flagallery\/who-primavera-verano-2015\/who-ss-2015-144.jpg\" alt=\"080 Barcelona Spring-Summer 2015\" \/><img class=\"skip-lazy no-lazyload noLazy\" data-lazy-src=\"\" src =\"https:\/\/bobvarela.com\/wp-content\/flagallery\/who-primavera-verano-2015\/who-ss-2015-145.jpg\" alt=\"080 Barcelona Spring-Summer 2015\" \/><img class=\"skip-lazy no-lazyload noLazy\" data-lazy-src=\"\" src =\"https:\/\/bobvarela.com\/wp-content\/flagallery\/who-primavera-verano-2015\/who-ss-2015-146.jpg\" alt=\"080 Barcelona Spring-Summer 2015\" \/><img class=\"skip-lazy no-lazyload noLazy\" data-lazy-src=\"\" src =\"https:\/\/bobvarela.com\/wp-content\/flagallery\/who-primavera-verano-2015\/who-ss-2015-147.jpg\" alt=\"080 Barcelona Spring-Summer 2015\" \/><img class=\"skip-lazy no-lazyload noLazy\" data-lazy-src=\"\" src =\"https:\/\/bobvarela.com\/wp-content\/flagallery\/who-primavera-verano-2015\/who-ss-2015-148.jpg\" alt=\"080 Barcelona Spring-Summer 2015\" \/><img class=\"skip-lazy no-lazyload noLazy\" data-lazy-src=\"\" src =\"https:\/\/bobvarela.com\/wp-content\/flagallery\/who-primavera-verano-2015\/who-ss-2015-149.jpg\" alt=\"080 Barcelona Spring-Summer 2015\" \/><img class=\"skip-lazy no-lazyload noLazy\" data-lazy-src=\"\" src =\"https:\/\/bobvarela.com\/wp-content\/flagallery\/who-primavera-verano-2015\/who-ss-2015-150.jpg\" alt=\"080 Barcelona Spring-Summer 2015\" \/><img class=\"skip-lazy no-lazyload noLazy\" data-lazy-src=\"\" src =\"https:\/\/bobvarela.com\/wp-content\/flagallery\/who-primavera-verano-2015\/who-ss-2015-151.jpg\" alt=\"080 Barcelona Spring-Summer 2015\" \/><img class=\"skip-lazy no-lazyload noLazy\" data-lazy-src=\"\" src =\"https:\/\/bobvarela.com\/wp-content\/flagallery\/who-primavera-verano-2015\/who-ss-2015-152.jpg\" alt=\"080 Barcelona Spring-Summer 2015\" \/><img class=\"skip-lazy no-lazyload noLazy\" data-lazy-src=\"\" src =\"https:\/\/bobvarela.com\/wp-content\/flagallery\/who-primavera-verano-2015\/who-ss-2015-153.jpg\" alt=\"080 Barcelona Spring-Summer 2015\" \/><img class=\"skip-lazy no-lazyload noLazy\" data-lazy-src=\"\" src =\"https:\/\/bobvarela.com\/wp-content\/flagallery\/who-primavera-verano-2015\/who-ss-2015-154.jpg\" alt=\"080 Barcelona Spring-Summer 2015\" \/><img class=\"skip-lazy no-lazyload noLazy\" data-lazy-src=\"\" src =\"https:\/\/bobvarela.com\/wp-content\/flagallery\/who-primavera-verano-2015\/who-ss-2015-155.jpg\" alt=\"080 Barcelona Spring-Summer 2015\" \/><img class=\"skip-lazy no-lazyload noLazy\" data-lazy-src=\"\" src =\"https:\/\/bobvarela.com\/wp-content\/flagallery\/who-primavera-verano-2015\/who-ss-2015-156.jpg\" alt=\"080 Barcelona Spring-Summer 2015\" \/><img class=\"skip-lazy no-lazyload noLazy\" data-lazy-src=\"\" src =\"https:\/\/bobvarela.com\/wp-content\/flagallery\/who-primavera-verano-2015\/who-ss-2015-157.jpg\" alt=\"080 Barcelona Spring-Summer 2015\" \/><img class=\"skip-lazy no-lazyload noLazy\" data-lazy-src=\"\" src =\"https:\/\/bobvarela.com\/wp-content\/flagallery\/who-primavera-verano-2015\/who-ss-2015-158.jpg\" alt=\"080 Barcelona Spring-Summer 2015\" \/><img class=\"skip-lazy no-lazyload noLazy\" data-lazy-src=\"\" src =\"https:\/\/bobvarela.com\/wp-content\/flagallery\/who-primavera-verano-2015\/who-ss-2015-159.jpg\" alt=\"080 Barcelona Spring-Summer 2015\" \/><\/noscript><\/p>\n","protected":false},"excerpt":{"rendered":"<p>COLECCI\u00d3N- Sky &amp; Sand &quot;[&#8230;] And we build up castles in the sky and in the sand, design our own world ain&#8217;t&#160; nobody understand [&#8230;]&quot;. Paul Kalkbrenner. Gama de colores naturales (blanco roto, beige, arena) contrapuestos con azules. Los tejidos&hellip;<\/p>\n<p class=\"more-link-p\"><a class=\"more-link\" href=\"https:\/\/bobvarela.com\/?p=55669\">Read more &rarr;<\/a><\/p>\n","protected":false},"author":1,"featured_media":0,"comment_status":"open","ping_status":"open","sticky":false,"template":"","format":"standard","meta":{"ngg_post_thumbnail":0,"footnotes":""},"categories":[478,4],"tags":[],"class_list":["post-55669","post","type-post","status-publish","format-standard","hentry","category-080-barcelona","category-moda"],"_links":{"self":[{"href":"https:\/\/bobvarela.com\/index.php?rest_route=\/wp\/v2\/posts\/55669","targetHints":{"allow":["GET"]}}],"collection":[{"href":"https:\/\/bobvarela.com\/index.php?rest_route=\/wp\/v2\/posts"}],"about":[{"href":"https:\/\/bobvarela.com\/index.php?rest_route=\/wp\/v2\/types\/post"}],"author":[{"embeddable":true,"href":"https:\/\/bobvarela.com\/index.php?rest_route=\/wp\/v2\/users\/1"}],"replies":[{"embeddable":true,"href":"https:\/\/bobvarela.com\/index.php?rest_route=%2Fwp%2Fv2%2Fcomments&post=55669"}],"version-history":[{"count":1,"href":"https:\/\/bobvarela.com\/index.php?rest_route=\/wp\/v2\/posts\/55669\/revisions"}],"predecessor-version":[{"id":55670,"href":"https:\/\/bobvarela.com\/index.php?rest_route=\/wp\/v2\/posts\/55669\/revisions\/55670"}],"wp:attachment":[{"href":"https:\/\/bobvarela.com\/index.php?rest_route=%2Fwp%2Fv2%2Fmedia&parent=55669"}],"wp:term":[{"taxonomy":"category","embeddable":true,"href":"https:\/\/bobvarela.com\/index.php?rest_route=%2Fwp%2Fv2%2Fcategories&post=55669"},{"taxonomy":"post_tag","embeddable":true,"href":"https:\/\/bobvarela.com\/index.php?rest_route=%2Fwp%2Fv2%2Ftags&post=55669"}],"curies":[{"name":"wp","href":"https:\/\/api.w.org\/{rel}","templated":true}]}}