{"id":55675,"date":"2014-07-07T21:10:08","date_gmt":"2014-07-08T01:10:08","guid":{"rendered":"https:\/\/bobvarela.com\/?p=55675"},"modified":"2014-07-07T21:10:08","modified_gmt":"2014-07-08T01:10:08","slug":"miriam-ponsa-primavera-verano-2015-en-el-080-barcelona-fashion","status":"publish","type":"post","link":"https:\/\/bobvarela.com\/?p=55675","title":{"rendered":"Miriam Ponsa  Primavera Verano 2015 en el 080 Barcelona Fashion"},"content":{"rendered":"<p align=\"center\"><font size=\"3\"><a href=\"https:\/\/bobvarela.com\/wp-content\/uploads\/2014\/07\/Miriam-Ponsa-SS-2015-411.jpg\"><img loading=\"lazy\" decoding=\"async\" title=\"080 Barcelona Spring-Summer 2015\" style=\"border-top: 0px; border-right: 0px; background-image: none; border-bottom: 0px; padding-top: 0px; padding-left: 0px; border-left: 0px; display: inline; padding-right: 0px\" border=\"0\" alt=\"080 Barcelona Spring-Summer 2015\" src=\"https:\/\/bobvarela.com\/wp-content\/uploads\/2014\/07\/Miriam-Ponsa-SS-2015-411_thumb.jpg\" width=\"342\" height=\"205\" \/><\/a><\/font><\/p>\n<p align=\"justify\"><font size=\"3\">COLECCI\u00d3N-&#160; MUJERES MULA<\/font><\/p>\n<p align=\"justify\"><font size=\"3\">Se las conoce como las <em>mujeres mula <\/em>o porteadoras de Melilla. Su trabajo consiste en transportar cargas pesadas a trav\u00e9s de la frontera de Espa\u00f1a hacia Marruecos. Algunas hacen 3 \u00f3 4 viajes al d\u00eda hasta el barrio chino transportando hasta 80 kg. Se trata de mujeres que arriesgan sus vidas, como consecuencia del trabajo f\u00edsico llevado al extremo y en condiciones de semi-esclavitud.<\/font><\/p>\n<p align=\"justify\"><font size=\"3\">La cinter\u00eda juega un papel importante en esta colecci\u00f3n; se trabaja teji\u00e9ndola y como detalle para sujetar partes de las prendas. El patronaje se trabaja a partir de la carga, mochilas, etc., a la vez que sigue la l\u00ednea de las prendas <em>oversize<\/em>. La superposici\u00f3n de capas en las que se esconde material es una inspiraci\u00f3n para trabajar en este sentido.<\/font><\/p>\n<p align=\"justify\"><font size=\"3\">Las t\u00e9cnicas de tejedura artesanal mediante cintas y cordones tienen un papel fundamental en la colecci\u00f3n. Las prendas se crean a partir de la t\u00e9cnica de la cester\u00eda, el macram\u00e9, la jarapa, el <em>braiding<\/em> (trenzado) y los anudados. Los anudados simbolizan las cuerdas de las porteadoras y la situaci\u00f3n de esclavitud que sufren.<\/font><\/p>\n<p align=\"justify\"><font size=\"3\">Las piezas de goma el\u00e1stica recuerdan el trabajo previo de las porteadoras, que consiste en esconder todo el material posible tocando al cuerpo y envolverlo con una pel\u00edcula de pl\u00e1stico. Los estampados se trabajan con la t\u00e9cnica de la serigraf\u00eda y evocan los t\u00edpicos muros en forma de celos\u00eda.<\/font><\/p>\n<p align=\"justify\"><font size=\"3\">Predominan los colores que quieren recuperar la armon\u00eda y que nos acercan a la tierra. Colores blanco, crudo y tierra, que recuerdan el barro, y gama de caquis. Las transparencias inspiran en el momento de superponer tejidos, algunos semi-transparente y otros calados. Tejidos de lino 100%, algod\u00f3n 100%, raso de seda, <em>voile <\/em>de seda y algod\u00f3n org\u00e1nico procedente de Andaluc\u00eda.<\/font><\/p>\n<p align=\"justify\"><div class=\"flagallery photomania_skin\" id=\"FlaGallery_sc1_203\" ><style type=\"text\/css\" class=\"flagallery_skin_style_import\">#FlaGallery_sc1_203 .flagpm_preload {opacity:0;}#FlaGallery_sc1_203 .swiper-big-images img.flagpm_the_photo { max-height:100%; max-width:100%; display:inline; width:auto; height:auto !important; object-fit:unset; vertical-align:middle; border:none; }#FlaGallery_sc1_203 .flagpm_focus .swiper-big-images img.flagpm_the_photo { width:auto; height:auto; object-fit:unset; }#FlaGallery_sc1_203 .swiper-small-images img.flagpm_photo { max-width:none; max-height:none; }#FlaGallery_sc1_203 .swiper-small-images img.flagpm_photo.flagpm_photo_landscape { width:auto; height:100% !important; }#FlaGallery_sc1_203 .swiper-small-images img.flagpm_photo.flagpm_photo_portrait { width:100%; height:auto !important; }#FlaGallery_sc1_203 .flagpm_gallery_sources_list p { margin:7px 0; padding:0; font-size:inherit; }#FlaGallery_sc1_203 .flagpm_photo_details .flagpm_description_wrap a,#FlaGallery_sc1_203 .flagpm_big_button_wrap .flagpm_button.flagpm_like.flagpm_liked,#FlaGallery_sc1_203 .flagpm_big_button_wrap .flagpm_button.flagpm_like.flagpm_liked:hover {color:#0099e5;}#FlaGallery_sc1_203 .flagpm_photo_show .flagpm_big_button {background-color:#0099e5;}#FlaGallery_sc1_203 .swiper-small-images div.flagpm_photo.swiper-slide-active {border-color:#02adea;}#FlaGallery_sc1_203 .flagpm_photo_header .flagpm_name_wrap .flagpm_title_author a:hover,#FlaGallery_sc1_203 .flagpm_photo_details .flagpm_description_wrap a:hover {color:#02adea;}#FlaGallery_sc1_203 .flagpm_photo_show .flagpm_big_button:hover,#FlaGallery_sc1_203 .flagpm_focus_actions ul .flagpm_button.like.flagpm_liked {background-color:#02adea;}<\/style> <div class=\"flagpm_photo_show flagpm_w960 flagpm_w640 flagpm_w480 flagpm_preload\"> <div class=\"flagpm_photo_wrap has_prev_photo has_next_photo\"> <div class=\"swiper-container swiper-big-images\"> <div class=\"flagpm_photo_arrow_next flagpm_photo_arrow flagpm_next\"> <div title=\"Next\" class=\"flagpm_arrow\"><\/div> <\/div> <div class=\"flagpm_photo_arrow_previous flagpm_photo_arrow flagpm_prev\"> <div title=\"Previous\" class=\"flagpm_arrow\"><\/div> <\/div> <div class=\"swiper-wrapper\"><div class=\"swiper-slide\" data-hash=\"flagallery16366\" data-photo-id=\"16366\"><span class=\"flagpm_va\"><\/span><img decoding=\"async\" src=\"https:\/\/bobvarela.com\/wp-content\/flagallery\/miriam-ponsa-primavera-verano-2015\/webview\/miriam-ponsa-ss-2015-334.jpg\" data-src=\"https:\/\/bobvarela.com\/wp-content\/flagallery\/miriam-ponsa-primavera-verano-2015\/webview\/miriam-ponsa-ss-2015-334.jpg\" alt=\"080 Barcelona Spring-Summer 2015\" class=\"noLazy flagpm_the_photo swiper-lazy\"><div class=\"swiper-lazy-preloader swiper-lazy-preloader-black\"><\/div><\/div><div class=\"swiper-slide\" data-hash=\"flagallery16367\" data-photo-id=\"16367\"><span class=\"flagpm_va\"><\/span><img data-src=\"https:\/\/bobvarela.com\/wp-content\/flagallery\/miriam-ponsa-primavera-verano-2015\/webview\/miriam-ponsa-ss-2015-335.jpg\" alt=\"080 Barcelona Spring-Summer 2015\" class=\"noLazy flagpm_the_photo swiper-lazy\"><div class=\"swiper-lazy-preloader swiper-lazy-preloader-black\"><\/div><\/div><div class=\"swiper-slide\" data-hash=\"flagallery16368\" data-photo-id=\"16368\"><span class=\"flagpm_va\"><\/span><img data-src=\"https:\/\/bobvarela.com\/wp-content\/flagallery\/miriam-ponsa-primavera-verano-2015\/webview\/miriam-ponsa-ss-2015-336.jpg\" alt=\"080 Barcelona Spring-Summer 2015\" class=\"noLazy flagpm_the_photo swiper-lazy\"><div class=\"swiper-lazy-preloader swiper-lazy-preloader-black\"><\/div><\/div><div class=\"swiper-slide\" data-hash=\"flagallery16369\" data-photo-id=\"16369\"><span class=\"flagpm_va\"><\/span><img data-src=\"https:\/\/bobvarela.com\/wp-content\/flagallery\/miriam-ponsa-primavera-verano-2015\/webview\/miriam-ponsa-ss-2015-337.jpg\" alt=\"080 Barcelona Spring-Summer 2015\" class=\"noLazy flagpm_the_photo swiper-lazy\"><div class=\"swiper-lazy-preloader swiper-lazy-preloader-black\"><\/div><\/div><div class=\"swiper-slide\" data-hash=\"flagallery16370\" data-photo-id=\"16370\"><span class=\"flagpm_va\"><\/span><img data-src=\"https:\/\/bobvarela.com\/wp-content\/flagallery\/miriam-ponsa-primavera-verano-2015\/webview\/miriam-ponsa-ss-2015-338.jpg\" alt=\"080 Barcelona Spring-Summer 2015\" class=\"noLazy flagpm_the_photo swiper-lazy\"><div class=\"swiper-lazy-preloader swiper-lazy-preloader-black\"><\/div><\/div><div class=\"swiper-slide\" data-hash=\"flagallery16371\" data-photo-id=\"16371\"><span class=\"flagpm_va\"><\/span><img data-src=\"https:\/\/bobvarela.com\/wp-content\/flagallery\/miriam-ponsa-primavera-verano-2015\/webview\/miriam-ponsa-ss-2015-339.jpg\" alt=\"080 Barcelona Spring-Summer 2015\" class=\"noLazy flagpm_the_photo swiper-lazy\"><div class=\"swiper-lazy-preloader swiper-lazy-preloader-black\"><\/div><\/div><div class=\"swiper-slide\" data-hash=\"flagallery16372\" data-photo-id=\"16372\"><span class=\"flagpm_va\"><\/span><img data-src=\"https:\/\/bobvarela.com\/wp-content\/flagallery\/miriam-ponsa-primavera-verano-2015\/webview\/miriam-ponsa-ss-2015-340.jpg\" alt=\"080 Barcelona Spring-Summer 2015\" class=\"noLazy flagpm_the_photo swiper-lazy\"><div class=\"swiper-lazy-preloader swiper-lazy-preloader-black\"><\/div><\/div><div class=\"swiper-slide\" data-hash=\"flagallery16373\" data-photo-id=\"16373\"><span class=\"flagpm_va\"><\/span><img data-src=\"https:\/\/bobvarela.com\/wp-content\/flagallery\/miriam-ponsa-primavera-verano-2015\/webview\/miriam-ponsa-ss-2015-341.jpg\" alt=\"080 Barcelona Spring-Summer 2015\" class=\"noLazy flagpm_the_photo swiper-lazy\"><div class=\"swiper-lazy-preloader swiper-lazy-preloader-black\"><\/div><\/div><div class=\"swiper-slide\" data-hash=\"flagallery16374\" data-photo-id=\"16374\"><span class=\"flagpm_va\"><\/span><img data-src=\"https:\/\/bobvarela.com\/wp-content\/flagallery\/miriam-ponsa-primavera-verano-2015\/webview\/miriam-ponsa-ss-2015-342.jpg\" alt=\"080 Barcelona Spring-Summer 2015\" class=\"noLazy flagpm_the_photo swiper-lazy\"><div class=\"swiper-lazy-preloader swiper-lazy-preloader-black\"><\/div><\/div><div class=\"swiper-slide\" data-hash=\"flagallery16375\" data-photo-id=\"16375\"><span class=\"flagpm_va\"><\/span><img data-src=\"https:\/\/bobvarela.com\/wp-content\/flagallery\/miriam-ponsa-primavera-verano-2015\/webview\/miriam-ponsa-ss-2015-343.jpg\" alt=\"080 Barcelona Spring-Summer 2015\" class=\"noLazy flagpm_the_photo swiper-lazy\"><div class=\"swiper-lazy-preloader swiper-lazy-preloader-black\"><\/div><\/div><div class=\"swiper-slide\" data-hash=\"flagallery16376\" data-photo-id=\"16376\"><span class=\"flagpm_va\"><\/span><img data-src=\"https:\/\/bobvarela.com\/wp-content\/flagallery\/miriam-ponsa-primavera-verano-2015\/webview\/miriam-ponsa-ss-2015-344.jpg\" alt=\"080 Barcelona Spring-Summer 2015\" class=\"noLazy flagpm_the_photo swiper-lazy\"><div class=\"swiper-lazy-preloader swiper-lazy-preloader-black\"><\/div><\/div><div class=\"swiper-slide\" data-hash=\"flagallery16377\" data-photo-id=\"16377\"><span class=\"flagpm_va\"><\/span><img data-src=\"https:\/\/bobvarela.com\/wp-content\/flagallery\/miriam-ponsa-primavera-verano-2015\/webview\/miriam-ponsa-ss-2015-345.jpg\" alt=\"080 Barcelona Spring-Summer 2015\" class=\"noLazy flagpm_the_photo swiper-lazy\"><div class=\"swiper-lazy-preloader swiper-lazy-preloader-black\"><\/div><\/div><div class=\"swiper-slide\" data-hash=\"flagallery16378\" data-photo-id=\"16378\"><span class=\"flagpm_va\"><\/span><img data-src=\"https:\/\/bobvarela.com\/wp-content\/flagallery\/miriam-ponsa-primavera-verano-2015\/webview\/miriam-ponsa-ss-2015-346.jpg\" alt=\"080 Barcelona Spring-Summer 2015\" class=\"noLazy flagpm_the_photo swiper-lazy\"><div class=\"swiper-lazy-preloader swiper-lazy-preloader-black\"><\/div><\/div><div class=\"swiper-slide\" data-hash=\"flagallery16379\" data-photo-id=\"16379\"><span class=\"flagpm_va\"><\/span><img data-src=\"https:\/\/bobvarela.com\/wp-content\/flagallery\/miriam-ponsa-primavera-verano-2015\/webview\/miriam-ponsa-ss-2015-347.jpg\" alt=\"080 Barcelona Spring-Summer 2015\" class=\"noLazy flagpm_the_photo swiper-lazy\"><div class=\"swiper-lazy-preloader swiper-lazy-preloader-black\"><\/div><\/div><div class=\"swiper-slide\" data-hash=\"flagallery16380\" data-photo-id=\"16380\"><span class=\"flagpm_va\"><\/span><img data-src=\"https:\/\/bobvarela.com\/wp-content\/flagallery\/miriam-ponsa-primavera-verano-2015\/webview\/miriam-ponsa-ss-2015-348.jpg\" alt=\"080 Barcelona Spring-Summer 2015\" class=\"noLazy flagpm_the_photo swiper-lazy\"><div class=\"swiper-lazy-preloader swiper-lazy-preloader-black\"><\/div><\/div><div class=\"swiper-slide\" data-hash=\"flagallery16381\" data-photo-id=\"16381\"><span class=\"flagpm_va\"><\/span><img data-src=\"https:\/\/bobvarela.com\/wp-content\/flagallery\/miriam-ponsa-primavera-verano-2015\/webview\/miriam-ponsa-ss-2015-349.jpg\" alt=\"080 Barcelona Spring-Summer 2015\" class=\"noLazy flagpm_the_photo swiper-lazy\"><div class=\"swiper-lazy-preloader swiper-lazy-preloader-black\"><\/div><\/div><div class=\"swiper-slide\" data-hash=\"flagallery16382\" data-photo-id=\"16382\"><span class=\"flagpm_va\"><\/span><img data-src=\"https:\/\/bobvarela.com\/wp-content\/flagallery\/miriam-ponsa-primavera-verano-2015\/webview\/miriam-ponsa-ss-2015-350.jpg\" alt=\"080 Barcelona Spring-Summer 2015\" class=\"noLazy flagpm_the_photo swiper-lazy\"><div class=\"swiper-lazy-preloader swiper-lazy-preloader-black\"><\/div><\/div><div class=\"swiper-slide\" data-hash=\"flagallery16383\" data-photo-id=\"16383\"><span class=\"flagpm_va\"><\/span><img data-src=\"https:\/\/bobvarela.com\/wp-content\/flagallery\/miriam-ponsa-primavera-verano-2015\/webview\/miriam-ponsa-ss-2015-351.jpg\" alt=\"080 Barcelona Spring-Summer 2015\" class=\"noLazy flagpm_the_photo swiper-lazy\"><div class=\"swiper-lazy-preloader swiper-lazy-preloader-black\"><\/div><\/div><div class=\"swiper-slide\" data-hash=\"flagallery16384\" data-photo-id=\"16384\"><span class=\"flagpm_va\"><\/span><img data-src=\"https:\/\/bobvarela.com\/wp-content\/flagallery\/miriam-ponsa-primavera-verano-2015\/webview\/miriam-ponsa-ss-2015-352.jpg\" alt=\"080 Barcelona Spring-Summer 2015\" class=\"noLazy flagpm_the_photo swiper-lazy\"><div class=\"swiper-lazy-preloader swiper-lazy-preloader-black\"><\/div><\/div><div class=\"swiper-slide\" data-hash=\"flagallery16385\" data-photo-id=\"16385\"><span class=\"flagpm_va\"><\/span><img data-src=\"https:\/\/bobvarela.com\/wp-content\/flagallery\/miriam-ponsa-primavera-verano-2015\/webview\/miriam-ponsa-ss-2015-353.jpg\" alt=\"080 Barcelona Spring-Summer 2015\" class=\"noLazy flagpm_the_photo swiper-lazy\"><div class=\"swiper-lazy-preloader swiper-lazy-preloader-black\"><\/div><\/div><div class=\"swiper-slide\" data-hash=\"flagallery16386\" data-photo-id=\"16386\"><span class=\"flagpm_va\"><\/span><img data-src=\"https:\/\/bobvarela.com\/wp-content\/flagallery\/miriam-ponsa-primavera-verano-2015\/webview\/miriam-ponsa-ss-2015-354.jpg\" alt=\"080 Barcelona Spring-Summer 2015\" class=\"noLazy flagpm_the_photo swiper-lazy\"><div class=\"swiper-lazy-preloader swiper-lazy-preloader-black\"><\/div><\/div><div class=\"swiper-slide\" data-hash=\"flagallery16387\" data-photo-id=\"16387\"><span class=\"flagpm_va\"><\/span><img data-src=\"https:\/\/bobvarela.com\/wp-content\/flagallery\/miriam-ponsa-primavera-verano-2015\/webview\/miriam-ponsa-ss-2015-355.jpg\" alt=\"080 Barcelona Spring-Summer 2015\" class=\"noLazy flagpm_the_photo swiper-lazy\"><div class=\"swiper-lazy-preloader swiper-lazy-preloader-black\"><\/div><\/div><div class=\"swiper-slide\" data-hash=\"flagallery16388\" data-photo-id=\"16388\"><span class=\"flagpm_va\"><\/span><img data-src=\"https:\/\/bobvarela.com\/wp-content\/flagallery\/miriam-ponsa-primavera-verano-2015\/webview\/miriam-ponsa-ss-2015-356.jpg\" alt=\"080 Barcelona Spring-Summer 2015\" class=\"noLazy flagpm_the_photo swiper-lazy\"><div class=\"swiper-lazy-preloader swiper-lazy-preloader-black\"><\/div><\/div><div class=\"swiper-slide\" data-hash=\"flagallery16389\" data-photo-id=\"16389\"><span class=\"flagpm_va\"><\/span><img data-src=\"https:\/\/bobvarela.com\/wp-content\/flagallery\/miriam-ponsa-primavera-verano-2015\/webview\/miriam-ponsa-ss-2015-357.jpg\" alt=\"080 Barcelona Spring-Summer 2015\" class=\"noLazy flagpm_the_photo swiper-lazy\"><div class=\"swiper-lazy-preloader swiper-lazy-preloader-black\"><\/div><\/div><div class=\"swiper-slide\" data-hash=\"flagallery16390\" data-photo-id=\"16390\"><span class=\"flagpm_va\"><\/span><img data-src=\"https:\/\/bobvarela.com\/wp-content\/flagallery\/miriam-ponsa-primavera-verano-2015\/webview\/miriam-ponsa-ss-2015-358.jpg\" alt=\"080 Barcelona Spring-Summer 2015\" class=\"noLazy flagpm_the_photo swiper-lazy\"><div class=\"swiper-lazy-preloader swiper-lazy-preloader-black\"><\/div><\/div><div class=\"swiper-slide\" data-hash=\"flagallery16391\" data-photo-id=\"16391\"><span class=\"flagpm_va\"><\/span><img data-src=\"https:\/\/bobvarela.com\/wp-content\/flagallery\/miriam-ponsa-primavera-verano-2015\/webview\/miriam-ponsa-ss-2015-359.jpg\" alt=\"080 Barcelona Spring-Summer 2015\" class=\"noLazy flagpm_the_photo swiper-lazy\"><div class=\"swiper-lazy-preloader swiper-lazy-preloader-black\"><\/div><\/div><div class=\"swiper-slide\" data-hash=\"flagallery16392\" data-photo-id=\"16392\"><span class=\"flagpm_va\"><\/span><img data-src=\"https:\/\/bobvarela.com\/wp-content\/flagallery\/miriam-ponsa-primavera-verano-2015\/webview\/miriam-ponsa-ss-2015-360.jpg\" alt=\"080 Barcelona Spring-Summer 2015\" class=\"noLazy flagpm_the_photo swiper-lazy\"><div class=\"swiper-lazy-preloader swiper-lazy-preloader-black\"><\/div><\/div><div class=\"swiper-slide\" data-hash=\"flagallery16393\" data-photo-id=\"16393\"><span class=\"flagpm_va\"><\/span><img data-src=\"https:\/\/bobvarela.com\/wp-content\/flagallery\/miriam-ponsa-primavera-verano-2015\/webview\/miriam-ponsa-ss-2015-361.jpg\" alt=\"080 Barcelona Spring-Summer 2015\" class=\"noLazy flagpm_the_photo swiper-lazy\"><div class=\"swiper-lazy-preloader swiper-lazy-preloader-black\"><\/div><\/div><div class=\"swiper-slide\" data-hash=\"flagallery16394\" data-photo-id=\"16394\"><span class=\"flagpm_va\"><\/span><img data-src=\"https:\/\/bobvarela.com\/wp-content\/flagallery\/miriam-ponsa-primavera-verano-2015\/webview\/miriam-ponsa-ss-2015-362.jpg\" alt=\"080 Barcelona Spring-Summer 2015\" class=\"noLazy flagpm_the_photo swiper-lazy\"><div class=\"swiper-lazy-preloader swiper-lazy-preloader-black\"><\/div><\/div><div class=\"swiper-slide\" data-hash=\"flagallery16395\" data-photo-id=\"16395\"><span class=\"flagpm_va\"><\/span><img data-src=\"https:\/\/bobvarela.com\/wp-content\/flagallery\/miriam-ponsa-primavera-verano-2015\/webview\/miriam-ponsa-ss-2015-363.jpg\" alt=\"080 Barcelona Spring-Summer 2015\" class=\"noLazy flagpm_the_photo swiper-lazy\"><div class=\"swiper-lazy-preloader swiper-lazy-preloader-black\"><\/div><\/div><div class=\"swiper-slide\" data-hash=\"flagallery16396\" data-photo-id=\"16396\"><span class=\"flagpm_va\"><\/span><img data-src=\"https:\/\/bobvarela.com\/wp-content\/flagallery\/miriam-ponsa-primavera-verano-2015\/webview\/miriam-ponsa-ss-2015-364.jpg\" alt=\"080 Barcelona Spring-Summer 2015\" class=\"noLazy flagpm_the_photo swiper-lazy\"><div class=\"swiper-lazy-preloader swiper-lazy-preloader-black\"><\/div><\/div><div class=\"swiper-slide\" data-hash=\"flagallery16397\" data-photo-id=\"16397\"><span class=\"flagpm_va\"><\/span><img data-src=\"https:\/\/bobvarela.com\/wp-content\/flagallery\/miriam-ponsa-primavera-verano-2015\/webview\/miriam-ponsa-ss-2015-365.jpg\" alt=\"080 Barcelona Spring-Summer 2015\" class=\"noLazy flagpm_the_photo swiper-lazy\"><div class=\"swiper-lazy-preloader swiper-lazy-preloader-black\"><\/div><\/div><div class=\"swiper-slide\" data-hash=\"flagallery16398\" data-photo-id=\"16398\"><span class=\"flagpm_va\"><\/span><img data-src=\"https:\/\/bobvarela.com\/wp-content\/flagallery\/miriam-ponsa-primavera-verano-2015\/webview\/miriam-ponsa-ss-2015-366.jpg\" alt=\"080 Barcelona Spring-Summer 2015\" class=\"noLazy flagpm_the_photo swiper-lazy\"><div class=\"swiper-lazy-preloader swiper-lazy-preloader-black\"><\/div><\/div><div class=\"swiper-slide\" data-hash=\"flagallery16399\" data-photo-id=\"16399\"><span class=\"flagpm_va\"><\/span><img data-src=\"https:\/\/bobvarela.com\/wp-content\/flagallery\/miriam-ponsa-primavera-verano-2015\/webview\/miriam-ponsa-ss-2015-367.jpg\" alt=\"080 Barcelona Spring-Summer 2015\" class=\"noLazy flagpm_the_photo swiper-lazy\"><div class=\"swiper-lazy-preloader swiper-lazy-preloader-black\"><\/div><\/div><div class=\"swiper-slide\" data-hash=\"flagallery16400\" data-photo-id=\"16400\"><span class=\"flagpm_va\"><\/span><img data-src=\"https:\/\/bobvarela.com\/wp-content\/flagallery\/miriam-ponsa-primavera-verano-2015\/webview\/miriam-ponsa-ss-2015-368.jpg\" alt=\"080 Barcelona Spring-Summer 2015\" class=\"noLazy flagpm_the_photo swiper-lazy\"><div class=\"swiper-lazy-preloader swiper-lazy-preloader-black\"><\/div><\/div><div class=\"swiper-slide\" data-hash=\"flagallery16401\" data-photo-id=\"16401\"><span class=\"flagpm_va\"><\/span><img data-src=\"https:\/\/bobvarela.com\/wp-content\/flagallery\/miriam-ponsa-primavera-verano-2015\/webview\/miriam-ponsa-ss-2015-369.jpg\" alt=\"080 Barcelona Spring-Summer 2015\" class=\"noLazy flagpm_the_photo swiper-lazy\"><div class=\"swiper-lazy-preloader swiper-lazy-preloader-black\"><\/div><\/div><div class=\"swiper-slide\" data-hash=\"flagallery16402\" data-photo-id=\"16402\"><span class=\"flagpm_va\"><\/span><img data-src=\"https:\/\/bobvarela.com\/wp-content\/flagallery\/miriam-ponsa-primavera-verano-2015\/webview\/miriam-ponsa-ss-2015-370.jpg\" alt=\"080 Barcelona Spring-Summer 2015\" class=\"noLazy flagpm_the_photo swiper-lazy\"><div class=\"swiper-lazy-preloader swiper-lazy-preloader-black\"><\/div><\/div><div class=\"swiper-slide\" data-hash=\"flagallery16403\" data-photo-id=\"16403\"><span class=\"flagpm_va\"><\/span><img data-src=\"https:\/\/bobvarela.com\/wp-content\/flagallery\/miriam-ponsa-primavera-verano-2015\/webview\/miriam-ponsa-ss-2015-371.jpg\" alt=\"080 Barcelona Spring-Summer 2015\" class=\"noLazy flagpm_the_photo swiper-lazy\"><div class=\"swiper-lazy-preloader swiper-lazy-preloader-black\"><\/div><\/div><div class=\"swiper-slide\" data-hash=\"flagallery16404\" data-photo-id=\"16404\"><span class=\"flagpm_va\"><\/span><img data-src=\"https:\/\/bobvarela.com\/wp-content\/flagallery\/miriam-ponsa-primavera-verano-2015\/webview\/miriam-ponsa-ss-2015-372.jpg\" alt=\"080 Barcelona Spring-Summer 2015\" class=\"noLazy flagpm_the_photo swiper-lazy\"><div class=\"swiper-lazy-preloader swiper-lazy-preloader-black\"><\/div><\/div><div class=\"swiper-slide\" data-hash=\"flagallery16405\" data-photo-id=\"16405\"><span class=\"flagpm_va\"><\/span><img data-src=\"https:\/\/bobvarela.com\/wp-content\/flagallery\/miriam-ponsa-primavera-verano-2015\/webview\/miriam-ponsa-ss-2015-373.jpg\" alt=\"080 Barcelona Spring-Summer 2015\" class=\"noLazy flagpm_the_photo swiper-lazy\"><div class=\"swiper-lazy-preloader swiper-lazy-preloader-black\"><\/div><\/div><div class=\"swiper-slide\" data-hash=\"flagallery16406\" data-photo-id=\"16406\"><span class=\"flagpm_va\"><\/span><img data-src=\"https:\/\/bobvarela.com\/wp-content\/flagallery\/miriam-ponsa-primavera-verano-2015\/webview\/miriam-ponsa-ss-2015-374.jpg\" alt=\"080 Barcelona Spring-Summer 2015\" class=\"noLazy flagpm_the_photo swiper-lazy\"><div class=\"swiper-lazy-preloader swiper-lazy-preloader-black\"><\/div><\/div><div class=\"swiper-slide\" data-hash=\"flagallery16407\" data-photo-id=\"16407\"><span class=\"flagpm_va\"><\/span><img data-src=\"https:\/\/bobvarela.com\/wp-content\/flagallery\/miriam-ponsa-primavera-verano-2015\/webview\/miriam-ponsa-ss-2015-375.jpg\" alt=\"080 Barcelona Spring-Summer 2015\" class=\"noLazy flagpm_the_photo swiper-lazy\"><div class=\"swiper-lazy-preloader swiper-lazy-preloader-black\"><\/div><\/div><div class=\"swiper-slide\" data-hash=\"flagallery16408\" data-photo-id=\"16408\"><span class=\"flagpm_va\"><\/span><img data-src=\"https:\/\/bobvarela.com\/wp-content\/flagallery\/miriam-ponsa-primavera-verano-2015\/webview\/miriam-ponsa-ss-2015-376.jpg\" alt=\"080 Barcelona Spring-Summer 2015\" class=\"noLazy flagpm_the_photo swiper-lazy\"><div class=\"swiper-lazy-preloader swiper-lazy-preloader-black\"><\/div><\/div><div class=\"swiper-slide\" data-hash=\"flagallery16409\" data-photo-id=\"16409\"><span class=\"flagpm_va\"><\/span><img data-src=\"https:\/\/bobvarela.com\/wp-content\/flagallery\/miriam-ponsa-primavera-verano-2015\/webview\/miriam-ponsa-ss-2015-377.jpg\" alt=\"080 Barcelona Spring-Summer 2015\" class=\"noLazy flagpm_the_photo swiper-lazy\"><div class=\"swiper-lazy-preloader swiper-lazy-preloader-black\"><\/div><\/div><div class=\"swiper-slide\" data-hash=\"flagallery16410\" data-photo-id=\"16410\"><span class=\"flagpm_va\"><\/span><img data-src=\"https:\/\/bobvarela.com\/wp-content\/flagallery\/miriam-ponsa-primavera-verano-2015\/webview\/miriam-ponsa-ss-2015-378.jpg\" alt=\"080 Barcelona Spring-Summer 2015\" class=\"noLazy flagpm_the_photo swiper-lazy\"><div class=\"swiper-lazy-preloader swiper-lazy-preloader-black\"><\/div><\/div><div class=\"swiper-slide\" data-hash=\"flagallery16411\" data-photo-id=\"16411\"><span class=\"flagpm_va\"><\/span><img data-src=\"https:\/\/bobvarela.com\/wp-content\/flagallery\/miriam-ponsa-primavera-verano-2015\/webview\/miriam-ponsa-ss-2015-379.jpg\" alt=\"080 Barcelona Spring-Summer 2015\" class=\"noLazy flagpm_the_photo swiper-lazy\"><div class=\"swiper-lazy-preloader swiper-lazy-preloader-black\"><\/div><\/div><div class=\"swiper-slide\" data-hash=\"flagallery16412\" data-photo-id=\"16412\"><span class=\"flagpm_va\"><\/span><img data-src=\"https:\/\/bobvarela.com\/wp-content\/flagallery\/miriam-ponsa-primavera-verano-2015\/webview\/miriam-ponsa-ss-2015-380.jpg\" alt=\"080 Barcelona Spring-Summer 2015\" class=\"noLazy flagpm_the_photo swiper-lazy\"><div class=\"swiper-lazy-preloader swiper-lazy-preloader-black\"><\/div><\/div><div class=\"swiper-slide\" data-hash=\"flagallery16413\" data-photo-id=\"16413\"><span class=\"flagpm_va\"><\/span><img data-src=\"https:\/\/bobvarela.com\/wp-content\/flagallery\/miriam-ponsa-primavera-verano-2015\/webview\/miriam-ponsa-ss-2015-381.jpg\" alt=\"080 Barcelona Spring-Summer 2015\" class=\"noLazy flagpm_the_photo swiper-lazy\"><div class=\"swiper-lazy-preloader swiper-lazy-preloader-black\"><\/div><\/div><div class=\"swiper-slide\" data-hash=\"flagallery16414\" data-photo-id=\"16414\"><span class=\"flagpm_va\"><\/span><img data-src=\"https:\/\/bobvarela.com\/wp-content\/flagallery\/miriam-ponsa-primavera-verano-2015\/webview\/miriam-ponsa-ss-2015-382.jpg\" alt=\"080 Barcelona Spring-Summer 2015\" class=\"noLazy flagpm_the_photo swiper-lazy\"><div class=\"swiper-lazy-preloader swiper-lazy-preloader-black\"><\/div><\/div><div class=\"swiper-slide\" data-hash=\"flagallery16415\" data-photo-id=\"16415\"><span class=\"flagpm_va\"><\/span><img data-src=\"https:\/\/bobvarela.com\/wp-content\/flagallery\/miriam-ponsa-primavera-verano-2015\/webview\/miriam-ponsa-ss-2015-383.jpg\" alt=\"080 Barcelona Spring-Summer 2015\" class=\"noLazy flagpm_the_photo swiper-lazy\"><div class=\"swiper-lazy-preloader swiper-lazy-preloader-black\"><\/div><\/div><div class=\"swiper-slide\" data-hash=\"flagallery16416\" data-photo-id=\"16416\"><span class=\"flagpm_va\"><\/span><img data-src=\"https:\/\/bobvarela.com\/wp-content\/flagallery\/miriam-ponsa-primavera-verano-2015\/webview\/miriam-ponsa-ss-2015-384.jpg\" alt=\"080 Barcelona Spring-Summer 2015\" class=\"noLazy flagpm_the_photo swiper-lazy\"><div class=\"swiper-lazy-preloader swiper-lazy-preloader-black\"><\/div><\/div><div class=\"swiper-slide\" data-hash=\"flagallery16417\" data-photo-id=\"16417\"><span class=\"flagpm_va\"><\/span><img data-src=\"https:\/\/bobvarela.com\/wp-content\/flagallery\/miriam-ponsa-primavera-verano-2015\/webview\/miriam-ponsa-ss-2015-385.jpg\" alt=\"080 Barcelona Spring-Summer 2015\" class=\"noLazy flagpm_the_photo swiper-lazy\"><div class=\"swiper-lazy-preloader swiper-lazy-preloader-black\"><\/div><\/div><div class=\"swiper-slide\" data-hash=\"flagallery16418\" data-photo-id=\"16418\"><span class=\"flagpm_va\"><\/span><img data-src=\"https:\/\/bobvarela.com\/wp-content\/flagallery\/miriam-ponsa-primavera-verano-2015\/webview\/miriam-ponsa-ss-2015-386.jpg\" alt=\"080 Barcelona Spring-Summer 2015\" class=\"noLazy flagpm_the_photo swiper-lazy\"><div class=\"swiper-lazy-preloader swiper-lazy-preloader-black\"><\/div><\/div><div class=\"swiper-slide\" data-hash=\"flagallery16419\" data-photo-id=\"16419\"><span class=\"flagpm_va\"><\/span><img data-src=\"https:\/\/bobvarela.com\/wp-content\/flagallery\/miriam-ponsa-primavera-verano-2015\/webview\/miriam-ponsa-ss-2015-387.jpg\" alt=\"080 Barcelona Spring-Summer 2015\" class=\"noLazy flagpm_the_photo swiper-lazy\"><div class=\"swiper-lazy-preloader swiper-lazy-preloader-black\"><\/div><\/div><div class=\"swiper-slide\" data-hash=\"flagallery16420\" data-photo-id=\"16420\"><span class=\"flagpm_va\"><\/span><img data-src=\"https:\/\/bobvarela.com\/wp-content\/flagallery\/miriam-ponsa-primavera-verano-2015\/webview\/miriam-ponsa-ss-2015-388.jpg\" alt=\"080 Barcelona Spring-Summer 2015\" class=\"noLazy flagpm_the_photo swiper-lazy\"><div class=\"swiper-lazy-preloader swiper-lazy-preloader-black\"><\/div><\/div><div class=\"swiper-slide\" data-hash=\"flagallery16421\" data-photo-id=\"16421\"><span class=\"flagpm_va\"><\/span><img data-src=\"https:\/\/bobvarela.com\/wp-content\/flagallery\/miriam-ponsa-primavera-verano-2015\/webview\/miriam-ponsa-ss-2015-389.jpg\" alt=\"080 Barcelona Spring-Summer 2015\" class=\"noLazy flagpm_the_photo swiper-lazy\"><div class=\"swiper-lazy-preloader swiper-lazy-preloader-black\"><\/div><\/div><div class=\"swiper-slide\" data-hash=\"flagallery16422\" data-photo-id=\"16422\"><span class=\"flagpm_va\"><\/span><img data-src=\"https:\/\/bobvarela.com\/wp-content\/flagallery\/miriam-ponsa-primavera-verano-2015\/webview\/miriam-ponsa-ss-2015-390.jpg\" alt=\"080 Barcelona Spring-Summer 2015\" class=\"noLazy flagpm_the_photo swiper-lazy\"><div class=\"swiper-lazy-preloader swiper-lazy-preloader-black\"><\/div><\/div><div class=\"swiper-slide\" data-hash=\"flagallery16423\" data-photo-id=\"16423\"><span class=\"flagpm_va\"><\/span><img data-src=\"https:\/\/bobvarela.com\/wp-content\/flagallery\/miriam-ponsa-primavera-verano-2015\/webview\/miriam-ponsa-ss-2015-391.jpg\" alt=\"080 Barcelona Spring-Summer 2015\" class=\"noLazy flagpm_the_photo swiper-lazy\"><div class=\"swiper-lazy-preloader swiper-lazy-preloader-black\"><\/div><\/div><div class=\"swiper-slide\" data-hash=\"flagallery16424\" data-photo-id=\"16424\"><span class=\"flagpm_va\"><\/span><img data-src=\"https:\/\/bobvarela.com\/wp-content\/flagallery\/miriam-ponsa-primavera-verano-2015\/webview\/miriam-ponsa-ss-2015-392.jpg\" alt=\"080 Barcelona Spring-Summer 2015\" class=\"noLazy flagpm_the_photo swiper-lazy\"><div class=\"swiper-lazy-preloader swiper-lazy-preloader-black\"><\/div><\/div><div class=\"swiper-slide\" data-hash=\"flagallery16425\" data-photo-id=\"16425\"><span class=\"flagpm_va\"><\/span><img data-src=\"https:\/\/bobvarela.com\/wp-content\/flagallery\/miriam-ponsa-primavera-verano-2015\/webview\/miriam-ponsa-ss-2015-393.jpg\" alt=\"080 Barcelona Spring-Summer 2015\" class=\"noLazy flagpm_the_photo swiper-lazy\"><div class=\"swiper-lazy-preloader swiper-lazy-preloader-black\"><\/div><\/div> <\/div> <\/div> <\/div> <div class=\"flagpm_photo_header\"> <div class=\"flagpm_wrapper flagpm_clearfix\"> <div class=\"flagpm_focus_actions\"> <ul class=\"flagpm_focus_share\"> <li style=\"list-style:none;\" class=\"flagpm_share_wrapper\"> <a class=\"flagpm_button flagpm_share\">Share<\/a> <ul class=\"flagpm_sharelizers flagpm_clearfix\"> <li style=\"list-style:none;\"><a class=\"flagpm_button flagpm_facebook flagpm_sharelizer\">Facebook<\/a><\/li> <li style=\"list-style:none;\"><a class=\"flagpm_button flagpm_twitter flagpm_sharelizer\">Twitter<\/a><\/li> <li style=\"list-style:none;\"><a class=\"flagpm_button flagpm_pinterest flagpm_sharelizer\">Pinterest<\/a><\/li> <li style=\"list-style:none;\"><a class=\"flagpm_button flagpm_stumbleupon flagpm_sharelizer\">StumbleUpon<\/a><\/li> <\/ul> <\/li> <\/ul> <ul class=\"flagpm_focus_like_fave flagpm_clearfix\"> <li style=\"list-style:none;\"><a class=\"flagpm_button flagpm_like\">Like<\/a><\/li> <\/ul> <ul class=\"flagpm_focus_arrows flagpm_clearfix\"> <li style=\"list-style:none;\"><a class=\"flagpm_button flagpm_photo_arrow_previous flagpm_prev\">Previous<\/a><\/li> <li style=\"list-style:none;\"><a class=\"flagpm_button flagpm_photo_arrow_next flagpm_next\">Next<\/a><\/li> <\/ul> <\/div> <div class=\"flagpm_name_wrap flagpm_clearfix flagpm_no_avatar\"> <div class=\"flagpm_title_author\"> <div class=\"flagpm_title\">080 Barcelona Spring-Summer 2015<\/div> <\/div> <\/div> <div class=\"flagpm_actions flagpm_clearfix\"> <div class=\"flagpm_carousel flagpm_has_previous flagpm_has_next\"> <div class=\"flagpm_previous_button\"><\/div> <div class=\"flagpm_photo_carousel\"> <div class=\"swiper-container swiper-small-images\"> <div class=\"swiper-wrapper\"><div class=\"swiper-slide flagpm_photo\" data-photo-id=\"16366\"><img decoding=\"async\" src=\"https:\/\/bobvarela.com\/wp-content\/flagallery\/miriam-ponsa-primavera-verano-2015\/thumbs\/thumbs_miriam-ponsa-ss-2015-334.jpg\" data-src=\"https:\/\/bobvarela.com\/wp-content\/flagallery\/miriam-ponsa-primavera-verano-2015\/thumbs\/thumbs_miriam-ponsa-ss-2015-334.jpg\" alt=\"080 Barcelona Spring-Summer 2015\" class=\"noLazy flagpm_photo swiper-lazy flagpm_photo_portrait\"><span class=\"swiper-lazy-preloader swiper-lazy-preloader-black\"><\/span><\/div><div class=\"swiper-slide flagpm_photo\" data-photo-id=\"16367\"><img data-src=\"https:\/\/bobvarela.com\/wp-content\/flagallery\/miriam-ponsa-primavera-verano-2015\/thumbs\/thumbs_miriam-ponsa-ss-2015-335.jpg\" alt=\"080 Barcelona Spring-Summer 2015\" class=\"noLazy flagpm_photo swiper-lazy flagpm_photo_portrait\"><span class=\"swiper-lazy-preloader swiper-lazy-preloader-black\"><\/span><\/div><div class=\"swiper-slide flagpm_photo\" data-photo-id=\"16368\"><img data-src=\"https:\/\/bobvarela.com\/wp-content\/flagallery\/miriam-ponsa-primavera-verano-2015\/thumbs\/thumbs_miriam-ponsa-ss-2015-336.jpg\" alt=\"080 Barcelona Spring-Summer 2015\" class=\"noLazy flagpm_photo swiper-lazy flagpm_photo_landscape\"><span class=\"swiper-lazy-preloader swiper-lazy-preloader-black\"><\/span><\/div><div class=\"swiper-slide flagpm_photo\" data-photo-id=\"16369\"><img data-src=\"https:\/\/bobvarela.com\/wp-content\/flagallery\/miriam-ponsa-primavera-verano-2015\/thumbs\/thumbs_miriam-ponsa-ss-2015-337.jpg\" alt=\"080 Barcelona Spring-Summer 2015\" class=\"noLazy flagpm_photo swiper-lazy flagpm_photo_portrait\"><span class=\"swiper-lazy-preloader swiper-lazy-preloader-black\"><\/span><\/div><div class=\"swiper-slide flagpm_photo\" data-photo-id=\"16370\"><img data-src=\"https:\/\/bobvarela.com\/wp-content\/flagallery\/miriam-ponsa-primavera-verano-2015\/thumbs\/thumbs_miriam-ponsa-ss-2015-338.jpg\" alt=\"080 Barcelona Spring-Summer 2015\" class=\"noLazy flagpm_photo swiper-lazy flagpm_photo_portrait\"><span class=\"swiper-lazy-preloader swiper-lazy-preloader-black\"><\/span><\/div><div class=\"swiper-slide flagpm_photo\" data-photo-id=\"16371\"><img data-src=\"https:\/\/bobvarela.com\/wp-content\/flagallery\/miriam-ponsa-primavera-verano-2015\/thumbs\/thumbs_miriam-ponsa-ss-2015-339.jpg\" alt=\"080 Barcelona Spring-Summer 2015\" class=\"noLazy flagpm_photo swiper-lazy flagpm_photo_portrait\"><span class=\"swiper-lazy-preloader swiper-lazy-preloader-black\"><\/span><\/div><div class=\"swiper-slide flagpm_photo\" data-photo-id=\"16372\"><img data-src=\"https:\/\/bobvarela.com\/wp-content\/flagallery\/miriam-ponsa-primavera-verano-2015\/thumbs\/thumbs_miriam-ponsa-ss-2015-340.jpg\" alt=\"080 Barcelona Spring-Summer 2015\" class=\"noLazy flagpm_photo swiper-lazy flagpm_photo_portrait\"><span class=\"swiper-lazy-preloader swiper-lazy-preloader-black\"><\/span><\/div><div class=\"swiper-slide flagpm_photo\" data-photo-id=\"16373\"><img data-src=\"https:\/\/bobvarela.com\/wp-content\/flagallery\/miriam-ponsa-primavera-verano-2015\/thumbs\/thumbs_miriam-ponsa-ss-2015-341.jpg\" alt=\"080 Barcelona Spring-Summer 2015\" class=\"noLazy flagpm_photo swiper-lazy flagpm_photo_portrait\"><span class=\"swiper-lazy-preloader swiper-lazy-preloader-black\"><\/span><\/div><div class=\"swiper-slide flagpm_photo\" data-photo-id=\"16374\"><img data-src=\"https:\/\/bobvarela.com\/wp-content\/flagallery\/miriam-ponsa-primavera-verano-2015\/thumbs\/thumbs_miriam-ponsa-ss-2015-342.jpg\" alt=\"080 Barcelona Spring-Summer 2015\" class=\"noLazy flagpm_photo swiper-lazy flagpm_photo_portrait\"><span class=\"swiper-lazy-preloader swiper-lazy-preloader-black\"><\/span><\/div><div class=\"swiper-slide flagpm_photo\" data-photo-id=\"16375\"><img data-src=\"https:\/\/bobvarela.com\/wp-content\/flagallery\/miriam-ponsa-primavera-verano-2015\/thumbs\/thumbs_miriam-ponsa-ss-2015-343.jpg\" alt=\"080 Barcelona Spring-Summer 2015\" class=\"noLazy flagpm_photo swiper-lazy flagpm_photo_portrait\"><span class=\"swiper-lazy-preloader swiper-lazy-preloader-black\"><\/span><\/div><div class=\"swiper-slide flagpm_photo\" data-photo-id=\"16376\"><img data-src=\"https:\/\/bobvarela.com\/wp-content\/flagallery\/miriam-ponsa-primavera-verano-2015\/thumbs\/thumbs_miriam-ponsa-ss-2015-344.jpg\" alt=\"080 Barcelona Spring-Summer 2015\" class=\"noLazy flagpm_photo swiper-lazy flagpm_photo_portrait\"><span class=\"swiper-lazy-preloader swiper-lazy-preloader-black\"><\/span><\/div><div class=\"swiper-slide flagpm_photo\" data-photo-id=\"16377\"><img data-src=\"https:\/\/bobvarela.com\/wp-content\/flagallery\/miriam-ponsa-primavera-verano-2015\/thumbs\/thumbs_miriam-ponsa-ss-2015-345.jpg\" alt=\"080 Barcelona Spring-Summer 2015\" class=\"noLazy flagpm_photo swiper-lazy flagpm_photo_portrait\"><span class=\"swiper-lazy-preloader swiper-lazy-preloader-black\"><\/span><\/div><div class=\"swiper-slide flagpm_photo\" data-photo-id=\"16378\"><img data-src=\"https:\/\/bobvarela.com\/wp-content\/flagallery\/miriam-ponsa-primavera-verano-2015\/thumbs\/thumbs_miriam-ponsa-ss-2015-346.jpg\" alt=\"080 Barcelona Spring-Summer 2015\" class=\"noLazy flagpm_photo swiper-lazy flagpm_photo_portrait\"><span class=\"swiper-lazy-preloader swiper-lazy-preloader-black\"><\/span><\/div><div class=\"swiper-slide flagpm_photo\" data-photo-id=\"16379\"><img data-src=\"https:\/\/bobvarela.com\/wp-content\/flagallery\/miriam-ponsa-primavera-verano-2015\/thumbs\/thumbs_miriam-ponsa-ss-2015-347.jpg\" alt=\"080 Barcelona Spring-Summer 2015\" class=\"noLazy flagpm_photo swiper-lazy flagpm_photo_portrait\"><span class=\"swiper-lazy-preloader swiper-lazy-preloader-black\"><\/span><\/div><div class=\"swiper-slide flagpm_photo\" data-photo-id=\"16380\"><img data-src=\"https:\/\/bobvarela.com\/wp-content\/flagallery\/miriam-ponsa-primavera-verano-2015\/thumbs\/thumbs_miriam-ponsa-ss-2015-348.jpg\" alt=\"080 Barcelona Spring-Summer 2015\" class=\"noLazy flagpm_photo swiper-lazy flagpm_photo_portrait\"><span class=\"swiper-lazy-preloader swiper-lazy-preloader-black\"><\/span><\/div><div class=\"swiper-slide flagpm_photo\" data-photo-id=\"16381\"><img data-src=\"https:\/\/bobvarela.com\/wp-content\/flagallery\/miriam-ponsa-primavera-verano-2015\/thumbs\/thumbs_miriam-ponsa-ss-2015-349.jpg\" alt=\"080 Barcelona Spring-Summer 2015\" class=\"noLazy flagpm_photo swiper-lazy flagpm_photo_portrait\"><span class=\"swiper-lazy-preloader swiper-lazy-preloader-black\"><\/span><\/div><div class=\"swiper-slide flagpm_photo\" data-photo-id=\"16382\"><img data-src=\"https:\/\/bobvarela.com\/wp-content\/flagallery\/miriam-ponsa-primavera-verano-2015\/thumbs\/thumbs_miriam-ponsa-ss-2015-350.jpg\" alt=\"080 Barcelona Spring-Summer 2015\" class=\"noLazy flagpm_photo swiper-lazy flagpm_photo_portrait\"><span class=\"swiper-lazy-preloader swiper-lazy-preloader-black\"><\/span><\/div><div class=\"swiper-slide flagpm_photo\" data-photo-id=\"16383\"><img data-src=\"https:\/\/bobvarela.com\/wp-content\/flagallery\/miriam-ponsa-primavera-verano-2015\/thumbs\/thumbs_miriam-ponsa-ss-2015-351.jpg\" alt=\"080 Barcelona Spring-Summer 2015\" class=\"noLazy flagpm_photo swiper-lazy flagpm_photo_portrait\"><span class=\"swiper-lazy-preloader swiper-lazy-preloader-black\"><\/span><\/div><div class=\"swiper-slide flagpm_photo\" data-photo-id=\"16384\"><img data-src=\"https:\/\/bobvarela.com\/wp-content\/flagallery\/miriam-ponsa-primavera-verano-2015\/thumbs\/thumbs_miriam-ponsa-ss-2015-352.jpg\" alt=\"080 Barcelona Spring-Summer 2015\" class=\"noLazy flagpm_photo swiper-lazy flagpm_photo_portrait\"><span class=\"swiper-lazy-preloader swiper-lazy-preloader-black\"><\/span><\/div><div class=\"swiper-slide flagpm_photo\" data-photo-id=\"16385\"><img data-src=\"https:\/\/bobvarela.com\/wp-content\/flagallery\/miriam-ponsa-primavera-verano-2015\/thumbs\/thumbs_miriam-ponsa-ss-2015-353.jpg\" alt=\"080 Barcelona Spring-Summer 2015\" class=\"noLazy flagpm_photo swiper-lazy flagpm_photo_portrait\"><span class=\"swiper-lazy-preloader swiper-lazy-preloader-black\"><\/span><\/div><div class=\"swiper-slide flagpm_photo\" data-photo-id=\"16386\"><img data-src=\"https:\/\/bobvarela.com\/wp-content\/flagallery\/miriam-ponsa-primavera-verano-2015\/thumbs\/thumbs_miriam-ponsa-ss-2015-354.jpg\" alt=\"080 Barcelona Spring-Summer 2015\" class=\"noLazy flagpm_photo swiper-lazy flagpm_photo_portrait\"><span class=\"swiper-lazy-preloader swiper-lazy-preloader-black\"><\/span><\/div><div class=\"swiper-slide flagpm_photo\" data-photo-id=\"16387\"><img data-src=\"https:\/\/bobvarela.com\/wp-content\/flagallery\/miriam-ponsa-primavera-verano-2015\/thumbs\/thumbs_miriam-ponsa-ss-2015-355.jpg\" alt=\"080 Barcelona Spring-Summer 2015\" class=\"noLazy flagpm_photo swiper-lazy flagpm_photo_portrait\"><span class=\"swiper-lazy-preloader swiper-lazy-preloader-black\"><\/span><\/div><div class=\"swiper-slide flagpm_photo\" data-photo-id=\"16388\"><img data-src=\"https:\/\/bobvarela.com\/wp-content\/flagallery\/miriam-ponsa-primavera-verano-2015\/thumbs\/thumbs_miriam-ponsa-ss-2015-356.jpg\" alt=\"080 Barcelona Spring-Summer 2015\" class=\"noLazy flagpm_photo swiper-lazy flagpm_photo_portrait\"><span class=\"swiper-lazy-preloader swiper-lazy-preloader-black\"><\/span><\/div><div class=\"swiper-slide flagpm_photo\" data-photo-id=\"16389\"><img data-src=\"https:\/\/bobvarela.com\/wp-content\/flagallery\/miriam-ponsa-primavera-verano-2015\/thumbs\/thumbs_miriam-ponsa-ss-2015-357.jpg\" alt=\"080 Barcelona Spring-Summer 2015\" class=\"noLazy flagpm_photo swiper-lazy flagpm_photo_portrait\"><span class=\"swiper-lazy-preloader swiper-lazy-preloader-black\"><\/span><\/div><div class=\"swiper-slide flagpm_photo\" data-photo-id=\"16390\"><img data-src=\"https:\/\/bobvarela.com\/wp-content\/flagallery\/miriam-ponsa-primavera-verano-2015\/thumbs\/thumbs_miriam-ponsa-ss-2015-358.jpg\" alt=\"080 Barcelona Spring-Summer 2015\" class=\"noLazy flagpm_photo swiper-lazy flagpm_photo_portrait\"><span class=\"swiper-lazy-preloader swiper-lazy-preloader-black\"><\/span><\/div><div class=\"swiper-slide flagpm_photo\" data-photo-id=\"16391\"><img data-src=\"https:\/\/bobvarela.com\/wp-content\/flagallery\/miriam-ponsa-primavera-verano-2015\/thumbs\/thumbs_miriam-ponsa-ss-2015-359.jpg\" alt=\"080 Barcelona Spring-Summer 2015\" class=\"noLazy flagpm_photo swiper-lazy flagpm_photo_portrait\"><span class=\"swiper-lazy-preloader swiper-lazy-preloader-black\"><\/span><\/div><div class=\"swiper-slide flagpm_photo\" data-photo-id=\"16392\"><img data-src=\"https:\/\/bobvarela.com\/wp-content\/flagallery\/miriam-ponsa-primavera-verano-2015\/thumbs\/thumbs_miriam-ponsa-ss-2015-360.jpg\" alt=\"080 Barcelona Spring-Summer 2015\" class=\"noLazy flagpm_photo swiper-lazy flagpm_photo_portrait\"><span class=\"swiper-lazy-preloader swiper-lazy-preloader-black\"><\/span><\/div><div class=\"swiper-slide flagpm_photo\" data-photo-id=\"16393\"><img data-src=\"https:\/\/bobvarela.com\/wp-content\/flagallery\/miriam-ponsa-primavera-verano-2015\/thumbs\/thumbs_miriam-ponsa-ss-2015-361.jpg\" alt=\"080 Barcelona Spring-Summer 2015\" class=\"noLazy flagpm_photo swiper-lazy flagpm_photo_portrait\"><span class=\"swiper-lazy-preloader swiper-lazy-preloader-black\"><\/span><\/div><div class=\"swiper-slide flagpm_photo\" data-photo-id=\"16394\"><img data-src=\"https:\/\/bobvarela.com\/wp-content\/flagallery\/miriam-ponsa-primavera-verano-2015\/thumbs\/thumbs_miriam-ponsa-ss-2015-362.jpg\" alt=\"080 Barcelona Spring-Summer 2015\" class=\"noLazy flagpm_photo swiper-lazy flagpm_photo_portrait\"><span class=\"swiper-lazy-preloader swiper-lazy-preloader-black\"><\/span><\/div><div class=\"swiper-slide flagpm_photo\" data-photo-id=\"16395\"><img data-src=\"https:\/\/bobvarela.com\/wp-content\/flagallery\/miriam-ponsa-primavera-verano-2015\/thumbs\/thumbs_miriam-ponsa-ss-2015-363.jpg\" alt=\"080 Barcelona Spring-Summer 2015\" class=\"noLazy flagpm_photo swiper-lazy flagpm_photo_portrait\"><span class=\"swiper-lazy-preloader swiper-lazy-preloader-black\"><\/span><\/div><div class=\"swiper-slide flagpm_photo\" data-photo-id=\"16396\"><img data-src=\"https:\/\/bobvarela.com\/wp-content\/flagallery\/miriam-ponsa-primavera-verano-2015\/thumbs\/thumbs_miriam-ponsa-ss-2015-364.jpg\" alt=\"080 Barcelona Spring-Summer 2015\" class=\"noLazy flagpm_photo swiper-lazy flagpm_photo_portrait\"><span class=\"swiper-lazy-preloader swiper-lazy-preloader-black\"><\/span><\/div><div class=\"swiper-slide flagpm_photo\" data-photo-id=\"16397\"><img data-src=\"https:\/\/bobvarela.com\/wp-content\/flagallery\/miriam-ponsa-primavera-verano-2015\/thumbs\/thumbs_miriam-ponsa-ss-2015-365.jpg\" alt=\"080 Barcelona Spring-Summer 2015\" class=\"noLazy flagpm_photo swiper-lazy flagpm_photo_portrait\"><span class=\"swiper-lazy-preloader swiper-lazy-preloader-black\"><\/span><\/div><div class=\"swiper-slide flagpm_photo\" data-photo-id=\"16398\"><img data-src=\"https:\/\/bobvarela.com\/wp-content\/flagallery\/miriam-ponsa-primavera-verano-2015\/thumbs\/thumbs_miriam-ponsa-ss-2015-366.jpg\" alt=\"080 Barcelona Spring-Summer 2015\" class=\"noLazy flagpm_photo swiper-lazy flagpm_photo_portrait\"><span class=\"swiper-lazy-preloader swiper-lazy-preloader-black\"><\/span><\/div><div class=\"swiper-slide flagpm_photo\" data-photo-id=\"16399\"><img data-src=\"https:\/\/bobvarela.com\/wp-content\/flagallery\/miriam-ponsa-primavera-verano-2015\/thumbs\/thumbs_miriam-ponsa-ss-2015-367.jpg\" alt=\"080 Barcelona Spring-Summer 2015\" class=\"noLazy flagpm_photo swiper-lazy flagpm_photo_portrait\"><span class=\"swiper-lazy-preloader swiper-lazy-preloader-black\"><\/span><\/div><div class=\"swiper-slide flagpm_photo\" data-photo-id=\"16400\"><img data-src=\"https:\/\/bobvarela.com\/wp-content\/flagallery\/miriam-ponsa-primavera-verano-2015\/thumbs\/thumbs_miriam-ponsa-ss-2015-368.jpg\" alt=\"080 Barcelona Spring-Summer 2015\" class=\"noLazy flagpm_photo swiper-lazy flagpm_photo_portrait\"><span class=\"swiper-lazy-preloader swiper-lazy-preloader-black\"><\/span><\/div><div class=\"swiper-slide flagpm_photo\" data-photo-id=\"16401\"><img data-src=\"https:\/\/bobvarela.com\/wp-content\/flagallery\/miriam-ponsa-primavera-verano-2015\/thumbs\/thumbs_miriam-ponsa-ss-2015-369.jpg\" alt=\"080 Barcelona Spring-Summer 2015\" class=\"noLazy flagpm_photo swiper-lazy flagpm_photo_portrait\"><span class=\"swiper-lazy-preloader swiper-lazy-preloader-black\"><\/span><\/div><div class=\"swiper-slide flagpm_photo\" data-photo-id=\"16402\"><img data-src=\"https:\/\/bobvarela.com\/wp-content\/flagallery\/miriam-ponsa-primavera-verano-2015\/thumbs\/thumbs_miriam-ponsa-ss-2015-370.jpg\" alt=\"080 Barcelona Spring-Summer 2015\" class=\"noLazy flagpm_photo swiper-lazy flagpm_photo_portrait\"><span class=\"swiper-lazy-preloader swiper-lazy-preloader-black\"><\/span><\/div><div class=\"swiper-slide flagpm_photo\" data-photo-id=\"16403\"><img data-src=\"https:\/\/bobvarela.com\/wp-content\/flagallery\/miriam-ponsa-primavera-verano-2015\/thumbs\/thumbs_miriam-ponsa-ss-2015-371.jpg\" alt=\"080 Barcelona Spring-Summer 2015\" class=\"noLazy flagpm_photo swiper-lazy flagpm_photo_portrait\"><span class=\"swiper-lazy-preloader swiper-lazy-preloader-black\"><\/span><\/div><div class=\"swiper-slide flagpm_photo\" data-photo-id=\"16404\"><img data-src=\"https:\/\/bobvarela.com\/wp-content\/flagallery\/miriam-ponsa-primavera-verano-2015\/thumbs\/thumbs_miriam-ponsa-ss-2015-372.jpg\" alt=\"080 Barcelona Spring-Summer 2015\" class=\"noLazy flagpm_photo swiper-lazy flagpm_photo_landscape\"><span class=\"swiper-lazy-preloader swiper-lazy-preloader-black\"><\/span><\/div><div class=\"swiper-slide flagpm_photo\" data-photo-id=\"16405\"><img data-src=\"https:\/\/bobvarela.com\/wp-content\/flagallery\/miriam-ponsa-primavera-verano-2015\/thumbs\/thumbs_miriam-ponsa-ss-2015-373.jpg\" alt=\"080 Barcelona Spring-Summer 2015\" class=\"noLazy flagpm_photo swiper-lazy flagpm_photo_portrait\"><span class=\"swiper-lazy-preloader swiper-lazy-preloader-black\"><\/span><\/div><div class=\"swiper-slide flagpm_photo\" data-photo-id=\"16406\"><img data-src=\"https:\/\/bobvarela.com\/wp-content\/flagallery\/miriam-ponsa-primavera-verano-2015\/thumbs\/thumbs_miriam-ponsa-ss-2015-374.jpg\" alt=\"080 Barcelona Spring-Summer 2015\" class=\"noLazy flagpm_photo swiper-lazy flagpm_photo_portrait\"><span class=\"swiper-lazy-preloader swiper-lazy-preloader-black\"><\/span><\/div><div class=\"swiper-slide flagpm_photo\" data-photo-id=\"16407\"><img data-src=\"https:\/\/bobvarela.com\/wp-content\/flagallery\/miriam-ponsa-primavera-verano-2015\/thumbs\/thumbs_miriam-ponsa-ss-2015-375.jpg\" alt=\"080 Barcelona Spring-Summer 2015\" class=\"noLazy flagpm_photo swiper-lazy flagpm_photo_portrait\"><span class=\"swiper-lazy-preloader swiper-lazy-preloader-black\"><\/span><\/div><div class=\"swiper-slide flagpm_photo\" data-photo-id=\"16408\"><img data-src=\"https:\/\/bobvarela.com\/wp-content\/flagallery\/miriam-ponsa-primavera-verano-2015\/thumbs\/thumbs_miriam-ponsa-ss-2015-376.jpg\" alt=\"080 Barcelona Spring-Summer 2015\" class=\"noLazy flagpm_photo swiper-lazy flagpm_photo_portrait\"><span class=\"swiper-lazy-preloader swiper-lazy-preloader-black\"><\/span><\/div><div class=\"swiper-slide flagpm_photo\" data-photo-id=\"16409\"><img data-src=\"https:\/\/bobvarela.com\/wp-content\/flagallery\/miriam-ponsa-primavera-verano-2015\/thumbs\/thumbs_miriam-ponsa-ss-2015-377.jpg\" alt=\"080 Barcelona Spring-Summer 2015\" class=\"noLazy flagpm_photo swiper-lazy flagpm_photo_portrait\"><span class=\"swiper-lazy-preloader swiper-lazy-preloader-black\"><\/span><\/div><div class=\"swiper-slide flagpm_photo\" data-photo-id=\"16410\"><img data-src=\"https:\/\/bobvarela.com\/wp-content\/flagallery\/miriam-ponsa-primavera-verano-2015\/thumbs\/thumbs_miriam-ponsa-ss-2015-378.jpg\" alt=\"080 Barcelona Spring-Summer 2015\" class=\"noLazy flagpm_photo swiper-lazy flagpm_photo_portrait\"><span class=\"swiper-lazy-preloader swiper-lazy-preloader-black\"><\/span><\/div><div class=\"swiper-slide flagpm_photo\" data-photo-id=\"16411\"><img data-src=\"https:\/\/bobvarela.com\/wp-content\/flagallery\/miriam-ponsa-primavera-verano-2015\/thumbs\/thumbs_miriam-ponsa-ss-2015-379.jpg\" alt=\"080 Barcelona Spring-Summer 2015\" class=\"noLazy flagpm_photo swiper-lazy flagpm_photo_portrait\"><span class=\"swiper-lazy-preloader swiper-lazy-preloader-black\"><\/span><\/div><div class=\"swiper-slide flagpm_photo\" data-photo-id=\"16412\"><img data-src=\"https:\/\/bobvarela.com\/wp-content\/flagallery\/miriam-ponsa-primavera-verano-2015\/thumbs\/thumbs_miriam-ponsa-ss-2015-380.jpg\" alt=\"080 Barcelona Spring-Summer 2015\" class=\"noLazy flagpm_photo swiper-lazy flagpm_photo_portrait\"><span class=\"swiper-lazy-preloader swiper-lazy-preloader-black\"><\/span><\/div><div class=\"swiper-slide flagpm_photo\" data-photo-id=\"16413\"><img data-src=\"https:\/\/bobvarela.com\/wp-content\/flagallery\/miriam-ponsa-primavera-verano-2015\/thumbs\/thumbs_miriam-ponsa-ss-2015-381.jpg\" alt=\"080 Barcelona Spring-Summer 2015\" class=\"noLazy flagpm_photo swiper-lazy flagpm_photo_portrait\"><span class=\"swiper-lazy-preloader swiper-lazy-preloader-black\"><\/span><\/div><div class=\"swiper-slide flagpm_photo\" data-photo-id=\"16414\"><img data-src=\"https:\/\/bobvarela.com\/wp-content\/flagallery\/miriam-ponsa-primavera-verano-2015\/thumbs\/thumbs_miriam-ponsa-ss-2015-382.jpg\" alt=\"080 Barcelona Spring-Summer 2015\" class=\"noLazy flagpm_photo swiper-lazy flagpm_photo_portrait\"><span class=\"swiper-lazy-preloader swiper-lazy-preloader-black\"><\/span><\/div><div class=\"swiper-slide flagpm_photo\" data-photo-id=\"16415\"><img data-src=\"https:\/\/bobvarela.com\/wp-content\/flagallery\/miriam-ponsa-primavera-verano-2015\/thumbs\/thumbs_miriam-ponsa-ss-2015-383.jpg\" alt=\"080 Barcelona Spring-Summer 2015\" class=\"noLazy flagpm_photo swiper-lazy flagpm_photo_portrait\"><span class=\"swiper-lazy-preloader swiper-lazy-preloader-black\"><\/span><\/div><div class=\"swiper-slide flagpm_photo\" data-photo-id=\"16416\"><img data-src=\"https:\/\/bobvarela.com\/wp-content\/flagallery\/miriam-ponsa-primavera-verano-2015\/thumbs\/thumbs_miriam-ponsa-ss-2015-384.jpg\" alt=\"080 Barcelona Spring-Summer 2015\" class=\"noLazy flagpm_photo swiper-lazy flagpm_photo_portrait\"><span class=\"swiper-lazy-preloader swiper-lazy-preloader-black\"><\/span><\/div><div class=\"swiper-slide flagpm_photo\" data-photo-id=\"16417\"><img data-src=\"https:\/\/bobvarela.com\/wp-content\/flagallery\/miriam-ponsa-primavera-verano-2015\/thumbs\/thumbs_miriam-ponsa-ss-2015-385.jpg\" alt=\"080 Barcelona Spring-Summer 2015\" class=\"noLazy flagpm_photo swiper-lazy flagpm_photo_portrait\"><span class=\"swiper-lazy-preloader swiper-lazy-preloader-black\"><\/span><\/div><div class=\"swiper-slide flagpm_photo\" data-photo-id=\"16418\"><img data-src=\"https:\/\/bobvarela.com\/wp-content\/flagallery\/miriam-ponsa-primavera-verano-2015\/thumbs\/thumbs_miriam-ponsa-ss-2015-386.jpg\" alt=\"080 Barcelona Spring-Summer 2015\" class=\"noLazy flagpm_photo swiper-lazy flagpm_photo_portrait\"><span class=\"swiper-lazy-preloader swiper-lazy-preloader-black\"><\/span><\/div><div class=\"swiper-slide flagpm_photo\" data-photo-id=\"16419\"><img data-src=\"https:\/\/bobvarela.com\/wp-content\/flagallery\/miriam-ponsa-primavera-verano-2015\/thumbs\/thumbs_miriam-ponsa-ss-2015-387.jpg\" alt=\"080 Barcelona Spring-Summer 2015\" class=\"noLazy flagpm_photo swiper-lazy flagpm_photo_portrait\"><span class=\"swiper-lazy-preloader swiper-lazy-preloader-black\"><\/span><\/div><div class=\"swiper-slide flagpm_photo\" data-photo-id=\"16420\"><img data-src=\"https:\/\/bobvarela.com\/wp-content\/flagallery\/miriam-ponsa-primavera-verano-2015\/thumbs\/thumbs_miriam-ponsa-ss-2015-388.jpg\" alt=\"080 Barcelona Spring-Summer 2015\" class=\"noLazy flagpm_photo swiper-lazy flagpm_photo_portrait\"><span class=\"swiper-lazy-preloader swiper-lazy-preloader-black\"><\/span><\/div><div class=\"swiper-slide flagpm_photo\" data-photo-id=\"16421\"><img data-src=\"https:\/\/bobvarela.com\/wp-content\/flagallery\/miriam-ponsa-primavera-verano-2015\/thumbs\/thumbs_miriam-ponsa-ss-2015-389.jpg\" alt=\"080 Barcelona Spring-Summer 2015\" class=\"noLazy flagpm_photo swiper-lazy flagpm_photo_portrait\"><span class=\"swiper-lazy-preloader swiper-lazy-preloader-black\"><\/span><\/div><div class=\"swiper-slide flagpm_photo\" data-photo-id=\"16422\"><img data-src=\"https:\/\/bobvarela.com\/wp-content\/flagallery\/miriam-ponsa-primavera-verano-2015\/thumbs\/thumbs_miriam-ponsa-ss-2015-390.jpg\" alt=\"080 Barcelona Spring-Summer 2015\" class=\"noLazy flagpm_photo swiper-lazy flagpm_photo_portrait\"><span class=\"swiper-lazy-preloader swiper-lazy-preloader-black\"><\/span><\/div><div class=\"swiper-slide flagpm_photo\" data-photo-id=\"16423\"><img data-src=\"https:\/\/bobvarela.com\/wp-content\/flagallery\/miriam-ponsa-primavera-verano-2015\/thumbs\/thumbs_miriam-ponsa-ss-2015-391.jpg\" alt=\"080 Barcelona Spring-Summer 2015\" class=\"noLazy flagpm_photo swiper-lazy flagpm_photo_portrait\"><span class=\"swiper-lazy-preloader swiper-lazy-preloader-black\"><\/span><\/div><div class=\"swiper-slide flagpm_photo\" data-photo-id=\"16424\"><img data-src=\"https:\/\/bobvarela.com\/wp-content\/flagallery\/miriam-ponsa-primavera-verano-2015\/thumbs\/thumbs_miriam-ponsa-ss-2015-392.jpg\" alt=\"080 Barcelona Spring-Summer 2015\" class=\"noLazy flagpm_photo swiper-lazy flagpm_photo_portrait\"><span class=\"swiper-lazy-preloader swiper-lazy-preloader-black\"><\/span><\/div><div class=\"swiper-slide flagpm_photo\" data-photo-id=\"16425\"><img data-src=\"https:\/\/bobvarela.com\/wp-content\/flagallery\/miriam-ponsa-primavera-verano-2015\/thumbs\/thumbs_miriam-ponsa-ss-2015-393.jpg\" alt=\"080 Barcelona Spring-Summer 2015\" class=\"noLazy flagpm_photo swiper-lazy flagpm_photo_portrait\"><span class=\"swiper-lazy-preloader swiper-lazy-preloader-black\"><\/span><\/div> <\/div> <\/div> <\/div> <div class=\"flagpm_next_button\"><\/div> <\/div> <div class=\"flagpm_big_button_wrap\"> <div class=\"flagpm_share_wrapper\"> <a class=\"flagpm_button flagpm_share\">Share<\/a> <div class=\"flagpm_sharelizers_wrap\"> <ul class=\"flagpm_sharelizers\"> <li style=\"list-style:none;\"><a class=\"flagpm_button flagpm_facebook flagpm_sharelizer\">Facebook<\/a><\/li> <li style=\"list-style:none;\"><a class=\"flagpm_button flagpm_twitter flagpm_sharelizer\">Twitter<\/a><\/li> <li style=\"list-style:none;\"><a class=\"flagpm_button flagpm_pinterest flagpm_sharelizer\">Pinterest<\/a><\/li> <li style=\"list-style:none;\"><a class=\"flagpm_button flagpm_stumbleupon flagpm_sharelizer\">StumbleUpon<\/a><\/li> <\/ul> <\/div> <\/div> <a class=\"flagpm_button flagpm_like\">Like<\/a> <\/div> <div class=\"flagpm_big_button_wrap\"> <a class=\"flagpm_big_button flagpm_download_button\" href=\"https:\/\/bobvarela.com\/wp-content\/flagallery\/miriam-ponsa-primavera-verano-2015\/miriam-ponsa-ss-2015-334.jpg\" download=\"miriam-ponsa-ss-2015-334.jpg\"> <span class=\"flagpm_icon\"><\/span> <span class=\"flagpm_label\">Download<\/span> <\/a> <\/div> <div class=\"flagpm_big_button_wrap\"> <a class=\"flagpm_big_button flagpm_link_button flagpm_inactive\" > <span class=\"flagpm_icon\"><\/span> <span class=\"flagpm_label\">Open Link<\/span> <\/a> <\/div> <\/div> <\/div> <\/div> <div class=\"flagpm_focus_close_full\"> <span><a class=\"flagpm_button flagpm_close\">Close<\/a><\/span> <span><a class=\"flagpm_button flagpm_full\">Full<\/a><\/span> <\/div> <div class=\"flagpm_photo_details\"> <div class=\"flagpm_description_wrap\"> <div class=\"details_title\">Description<\/div> <div class=\"flagpm_description_text_wrap\"> <div class=\"flagpm_slide_description\"><p>080 Barcelona Spring-Summer 2015<\/p><\/div> <\/div> <\/div> <\/div> <div class=\"flagpm_focus_footer\"> <div class=\"flagpm_focus_keyboard\"> <div class=\"flagpm_focus_keyboard_title\">Keyboard Shortcuts <a class=\"flagpm_focus_keyboard_dismiss\">Dismiss<\/a><\/div> <ul> <li style=\"list-style:none;\"><a data-key=\"p\" class=\"flagpm_key\">S<\/a><span class=\"flagpm_label\">Slideshow<\/span><\/li> <li style=\"list-style:none;\"><a data-key=\"m\" class=\"flagpm_key\">M<\/a><span class=\"flagpm_label\">Maximize<\/span><\/li> <li style=\"list-style:none;\"><a data-key=\"left\" class=\"flagpm_key\">&nbsp;<\/a><span class=\"flagpm_label\">Previous<\/span><\/li> <li style=\"list-style:none;\"><a data-key=\"right\" class=\"flagpm_key\">&nbsp;<\/a><span class=\"flagpm_label\">Next<\/span><\/li> <li style=\"list-style:none;\"><a data-key=\"escape\" class=\"flagpm_key flagpm_esc\">esc<\/a><span class=\"flagpm_label\">Close<\/span><\/li> <\/ul> <\/div> <\/div> <\/div> <script type=\"text\/javascript\"> jQuery(function($) { var settings = {\"base_gallery_width\":\"800\",\"base_gallery_height\":\"500\",\"gallery_min_height\":\"230\",\"scale_mode\":\"fit\",\"initial_slide\":0,\"slideshow_autoplay\":\"0\",\"slideshow_delay\":\"7000\",\"gallery_focus\":\"0\",\"gallery_maximized\":\"0\",\"gallery_focus_maximized\":\"0\",\"keyboard_help\":\"1\",\"show_download_button\":\"1\",\"show_link_button\":\"1\",\"show_description\":\"1\",\"show_share_button\":\"1\",\"show_like_button\":\"1\",\"link_color\":\"#0099e5\",\"link_color_hover\":\"#02adea\",\"download_button_text\":\"Download\",\"link_button_text\":\"Open Link\",\"description_title\":\"Description\",\"key\":\"\",\"name\":\"\",\"gallID\":\"sc1_203\"}; var content = {\"data\":[{\"id\":\"16366\",\"image\":\"https:\\\/\\\/bobvarela.com\\\/wp-content\\\/flagallery\\\/miriam-ponsa-primavera-verano-2015\\\/webview\\\/miriam-ponsa-ss-2015-334.jpg\",\"thumb\":\"https:\\\/\\\/bobvarela.com\\\/wp-content\\\/flagallery\\\/miriam-ponsa-primavera-verano-2015\\\/thumbs\\\/thumbs_miriam-ponsa-ss-2015-334.jpg\",\"file\":\"miriam-ponsa-ss-2015-334.jpg\",\"meta\":{\"aperture\":false,\"credit\":false,\"camera\":false,\"caption\":\"080 Barcelona Spring-Summer 2015\",\"created_timestamp\":\"July 2, 2014 7:19 pm\",\"copyright\":\"\\u00c2\\u00a9 2014 Estrop-Barcelona PHOTOGRAPH FOR EDITORIAL USE ONLY\",\"focal_length\":false,\"iso\":false,\"shutter_speed\":false,\"flash\":false,\"title\":\"080 Barcelona Spring-Summer 2015\",\"keywords\":\"Spring-Summer 2015\",\"width\":600,\"height\":898,\"saved\":true,\"thumbnail\":{\"width\":220,\"height\":220},\"webview\":{\"0\":600,\"1\":898,\"2\":2,\"3\":\"width=\\\"600\\\" height=\\\"898\\\"\",\"bits\":8,\"channels\":3,\"mime\":\"image\\\/jpeg\"},\"views\":\"138\",\"likes\":\"0\"},\"title\":\"080 Barcelona Spring-Summer 2015\",\"description\":\"<p>080 Barcelona Spring-Summer 2015<\\\/p>\",\"link\":null,\"link_target\":\"\",\"download\":\"https:\\\/\\\/bobvarela.com\\\/wp-content\\\/flagallery\\\/miriam-ponsa-primavera-verano-2015\\\/miriam-ponsa-ss-2015-334.jpg\",\"ratio\":0.66815144766146994381728063672198913991451263427734375},{\"id\":\"16367\",\"image\":\"https:\\\/\\\/bobvarela.com\\\/wp-content\\\/flagallery\\\/miriam-ponsa-primavera-verano-2015\\\/webview\\\/miriam-ponsa-ss-2015-335.jpg\",\"thumb\":\"https:\\\/\\\/bobvarela.com\\\/wp-content\\\/flagallery\\\/miriam-ponsa-primavera-verano-2015\\\/thumbs\\\/thumbs_miriam-ponsa-ss-2015-335.jpg\",\"file\":\"miriam-ponsa-ss-2015-335.jpg\",\"meta\":{\"aperture\":false,\"credit\":false,\"camera\":false,\"caption\":\"080 Barcelona Spring-Summer 2015\",\"created_timestamp\":\"July 2, 2014 7:19 pm\",\"copyright\":\"\\u00c2\\u00a9 2014 Estrop-Barcelona PHOTOGRAPH FOR EDITORIAL USE ONLY\",\"focal_length\":false,\"iso\":false,\"shutter_speed\":false,\"flash\":false,\"title\":\"080 Barcelona Spring-Summer 2015\",\"keywords\":\"Spring-Summer 2015\",\"width\":600,\"height\":898,\"saved\":true,\"thumbnail\":{\"width\":220,\"height\":220},\"webview\":{\"0\":600,\"1\":898,\"2\":2,\"3\":\"width=\\\"600\\\" height=\\\"898\\\"\",\"bits\":8,\"channels\":3,\"mime\":\"image\\\/jpeg\"},\"views\":\"22\",\"likes\":\"0\"},\"title\":\"080 Barcelona Spring-Summer 2015\",\"description\":\"<p>080 Barcelona Spring-Summer 2015<\\\/p>\",\"link\":null,\"link_target\":\"\",\"download\":\"https:\\\/\\\/bobvarela.com\\\/wp-content\\\/flagallery\\\/miriam-ponsa-primavera-verano-2015\\\/miriam-ponsa-ss-2015-335.jpg\",\"ratio\":0.66815144766146994381728063672198913991451263427734375},{\"id\":\"16368\",\"image\":\"https:\\\/\\\/bobvarela.com\\\/wp-content\\\/flagallery\\\/miriam-ponsa-primavera-verano-2015\\\/webview\\\/miriam-ponsa-ss-2015-336.jpg\",\"thumb\":\"https:\\\/\\\/bobvarela.com\\\/wp-content\\\/flagallery\\\/miriam-ponsa-primavera-verano-2015\\\/thumbs\\\/thumbs_miriam-ponsa-ss-2015-336.jpg\",\"file\":\"miriam-ponsa-ss-2015-336.jpg\",\"meta\":{\"aperture\":false,\"credit\":false,\"camera\":false,\"caption\":\"080 Barcelona Spring-Summer 2015\",\"created_timestamp\":\"July 2, 2014 7:19 pm\",\"copyright\":\"\\u00c2\\u00a9 2014 Estrop-Barcelona PHOTOGRAPH FOR EDITORIAL USE ONLY\",\"focal_length\":false,\"iso\":false,\"shutter_speed\":false,\"flash\":false,\"title\":\"080 Barcelona Spring-Summer 2015\",\"keywords\":\"Spring-Summer 2015\",\"width\":898,\"height\":600,\"saved\":true,\"thumbnail\":{\"width\":220,\"height\":220},\"webview\":{\"0\":898,\"1\":600,\"2\":2,\"3\":\"width=\\\"898\\\" height=\\\"600\\\"\",\"bits\":8,\"channels\":3,\"mime\":\"image\\\/jpeg\"},\"views\":\"15\",\"likes\":\"0\"},\"title\":\"080 Barcelona Spring-Summer 2015\",\"description\":\"<p>080 Barcelona Spring-Summer 2015<\\\/p>\",\"link\":null,\"link_target\":\"\",\"download\":\"https:\\\/\\\/bobvarela.com\\\/wp-content\\\/flagallery\\\/miriam-ponsa-primavera-verano-2015\\\/miriam-ponsa-ss-2015-336.jpg\",\"ratio\":1.496666666666666589691203625989146530628204345703125},{\"id\":\"16369\",\"image\":\"https:\\\/\\\/bobvarela.com\\\/wp-content\\\/flagallery\\\/miriam-ponsa-primavera-verano-2015\\\/webview\\\/miriam-ponsa-ss-2015-337.jpg\",\"thumb\":\"https:\\\/\\\/bobvarela.com\\\/wp-content\\\/flagallery\\\/miriam-ponsa-primavera-verano-2015\\\/thumbs\\\/thumbs_miriam-ponsa-ss-2015-337.jpg\",\"file\":\"miriam-ponsa-ss-2015-337.jpg\",\"meta\":{\"aperture\":false,\"credit\":false,\"camera\":false,\"caption\":\"080 Barcelona Spring-Summer 2015\",\"created_timestamp\":\"July 2, 2014 7:19 pm\",\"copyright\":\"\\u00c2\\u00a9 2014 Estrop-Barcelona PHOTOGRAPH FOR EDITORIAL USE ONLY\",\"focal_length\":false,\"iso\":false,\"shutter_speed\":false,\"flash\":false,\"title\":\"080 Barcelona Spring-Summer 2015\",\"keywords\":\"Spring-Summer 2015\",\"width\":600,\"height\":898,\"saved\":true,\"thumbnail\":{\"width\":220,\"height\":220},\"webview\":{\"0\":600,\"1\":898,\"2\":2,\"3\":\"width=\\\"600\\\" height=\\\"898\\\"\",\"bits\":8,\"channels\":3,\"mime\":\"image\\\/jpeg\"},\"views\":\"12\",\"likes\":\"0\"},\"title\":\"080 Barcelona Spring-Summer 2015\",\"description\":\"<p>080 Barcelona Spring-Summer 2015<\\\/p>\",\"link\":null,\"link_target\":\"\",\"download\":\"https:\\\/\\\/bobvarela.com\\\/wp-content\\\/flagallery\\\/miriam-ponsa-primavera-verano-2015\\\/miriam-ponsa-ss-2015-337.jpg\",\"ratio\":0.66815144766146994381728063672198913991451263427734375},{\"id\":\"16370\",\"image\":\"https:\\\/\\\/bobvarela.com\\\/wp-content\\\/flagallery\\\/miriam-ponsa-primavera-verano-2015\\\/webview\\\/miriam-ponsa-ss-2015-338.jpg\",\"thumb\":\"https:\\\/\\\/bobvarela.com\\\/wp-content\\\/flagallery\\\/miriam-ponsa-primavera-verano-2015\\\/thumbs\\\/thumbs_miriam-ponsa-ss-2015-338.jpg\",\"file\":\"miriam-ponsa-ss-2015-338.jpg\",\"meta\":{\"aperture\":false,\"credit\":false,\"camera\":false,\"caption\":\"080 Barcelona Spring-Summer 2015\",\"created_timestamp\":\"July 2, 2014 7:19 pm\",\"copyright\":\"\\u00c2\\u00a9 2014 Estrop-Barcelona PHOTOGRAPH FOR EDITORIAL USE ONLY\",\"focal_length\":false,\"iso\":false,\"shutter_speed\":false,\"flash\":false,\"title\":\"080 Barcelona Spring-Summer 2015\",\"keywords\":\"Spring-Summer 2015\",\"width\":600,\"height\":898,\"saved\":true,\"thumbnail\":{\"width\":220,\"height\":220},\"webview\":{\"0\":600,\"1\":898,\"2\":2,\"3\":\"width=\\\"600\\\" height=\\\"898\\\"\",\"bits\":8,\"channels\":3,\"mime\":\"image\\\/jpeg\"},\"views\":\"7\",\"likes\":\"0\"},\"title\":\"080 Barcelona Spring-Summer 2015\",\"description\":\"<p>080 Barcelona Spring-Summer 2015<\\\/p>\",\"link\":null,\"link_target\":\"\",\"download\":\"https:\\\/\\\/bobvarela.com\\\/wp-content\\\/flagallery\\\/miriam-ponsa-primavera-verano-2015\\\/miriam-ponsa-ss-2015-338.jpg\",\"ratio\":0.66815144766146994381728063672198913991451263427734375},{\"id\":\"16371\",\"image\":\"https:\\\/\\\/bobvarela.com\\\/wp-content\\\/flagallery\\\/miriam-ponsa-primavera-verano-2015\\\/webview\\\/miriam-ponsa-ss-2015-339.jpg\",\"thumb\":\"https:\\\/\\\/bobvarela.com\\\/wp-content\\\/flagallery\\\/miriam-ponsa-primavera-verano-2015\\\/thumbs\\\/thumbs_miriam-ponsa-ss-2015-339.jpg\",\"file\":\"miriam-ponsa-ss-2015-339.jpg\",\"meta\":{\"aperture\":false,\"credit\":false,\"camera\":false,\"caption\":\"080 Barcelona Spring-Summer 2015\",\"created_timestamp\":\"July 2, 2014 7:19 pm\",\"copyright\":\"\\u00c2\\u00a9 2014 Estrop-Barcelona PHOTOGRAPH FOR EDITORIAL USE ONLY\",\"focal_length\":false,\"iso\":false,\"shutter_speed\":false,\"flash\":false,\"title\":\"080 Barcelona Spring-Summer 2015\",\"keywords\":\"Spring-Summer 2015\",\"width\":600,\"height\":898,\"saved\":true,\"thumbnail\":{\"width\":220,\"height\":220},\"webview\":{\"0\":600,\"1\":898,\"2\":2,\"3\":\"width=\\\"600\\\" height=\\\"898\\\"\",\"bits\":8,\"channels\":3,\"mime\":\"image\\\/jpeg\"},\"views\":\"7\",\"likes\":\"0\"},\"title\":\"080 Barcelona Spring-Summer 2015\",\"description\":\"<p>080 Barcelona Spring-Summer 2015<\\\/p>\",\"link\":null,\"link_target\":\"\",\"download\":\"https:\\\/\\\/bobvarela.com\\\/wp-content\\\/flagallery\\\/miriam-ponsa-primavera-verano-2015\\\/miriam-ponsa-ss-2015-339.jpg\",\"ratio\":0.66815144766146994381728063672198913991451263427734375},{\"id\":\"16372\",\"image\":\"https:\\\/\\\/bobvarela.com\\\/wp-content\\\/flagallery\\\/miriam-ponsa-primavera-verano-2015\\\/webview\\\/miriam-ponsa-ss-2015-340.jpg\",\"thumb\":\"https:\\\/\\\/bobvarela.com\\\/wp-content\\\/flagallery\\\/miriam-ponsa-primavera-verano-2015\\\/thumbs\\\/thumbs_miriam-ponsa-ss-2015-340.jpg\",\"file\":\"miriam-ponsa-ss-2015-340.jpg\",\"meta\":{\"aperture\":false,\"credit\":false,\"camera\":false,\"caption\":\"080 Barcelona Spring-Summer 2015\",\"created_timestamp\":\"July 2, 2014 7:19 pm\",\"copyright\":\"\\u00c2\\u00a9 2014 Estrop-Barcelona PHOTOGRAPH FOR EDITORIAL USE ONLY\",\"focal_length\":false,\"iso\":false,\"shutter_speed\":false,\"flash\":false,\"title\":\"080 Barcelona Spring-Summer 2015\",\"keywords\":\"Spring-Summer 2015\",\"width\":600,\"height\":898,\"saved\":true,\"thumbnail\":{\"width\":220,\"height\":220},\"webview\":{\"0\":600,\"1\":898,\"2\":2,\"3\":\"width=\\\"600\\\" height=\\\"898\\\"\",\"bits\":8,\"channels\":3,\"mime\":\"image\\\/jpeg\"},\"views\":\"7\",\"likes\":\"0\"},\"title\":\"080 Barcelona Spring-Summer 2015\",\"description\":\"<p>080 Barcelona Spring-Summer 2015<\\\/p>\",\"link\":null,\"link_target\":\"\",\"download\":\"https:\\\/\\\/bobvarela.com\\\/wp-content\\\/flagallery\\\/miriam-ponsa-primavera-verano-2015\\\/miriam-ponsa-ss-2015-340.jpg\",\"ratio\":0.66815144766146994381728063672198913991451263427734375},{\"id\":\"16373\",\"image\":\"https:\\\/\\\/bobvarela.com\\\/wp-content\\\/flagallery\\\/miriam-ponsa-primavera-verano-2015\\\/webview\\\/miriam-ponsa-ss-2015-341.jpg\",\"thumb\":\"https:\\\/\\\/bobvarela.com\\\/wp-content\\\/flagallery\\\/miriam-ponsa-primavera-verano-2015\\\/thumbs\\\/thumbs_miriam-ponsa-ss-2015-341.jpg\",\"file\":\"miriam-ponsa-ss-2015-341.jpg\",\"meta\":{\"aperture\":false,\"credit\":false,\"camera\":false,\"caption\":\"080 Barcelona Spring-Summer 2015\",\"created_timestamp\":\"July 2, 2014 7:19 pm\",\"copyright\":\"\\u00c2\\u00a9 2014 Estrop-Barcelona PHOTOGRAPH FOR EDITORIAL USE ONLY\",\"focal_length\":false,\"iso\":false,\"shutter_speed\":false,\"flash\":false,\"title\":\"080 Barcelona Spring-Summer 2015\",\"keywords\":\"Spring-Summer 2015\",\"width\":600,\"height\":898,\"saved\":true,\"thumbnail\":{\"width\":220,\"height\":220},\"webview\":{\"0\":600,\"1\":898,\"2\":2,\"3\":\"width=\\\"600\\\" height=\\\"898\\\"\",\"bits\":8,\"channels\":3,\"mime\":\"image\\\/jpeg\"},\"views\":\"7\",\"likes\":\"0\"},\"title\":\"080 Barcelona Spring-Summer 2015\",\"description\":\"<p>080 Barcelona Spring-Summer 2015<\\\/p>\",\"link\":null,\"link_target\":\"\",\"download\":\"https:\\\/\\\/bobvarela.com\\\/wp-content\\\/flagallery\\\/miriam-ponsa-primavera-verano-2015\\\/miriam-ponsa-ss-2015-341.jpg\",\"ratio\":0.66815144766146994381728063672198913991451263427734375},{\"id\":\"16374\",\"image\":\"https:\\\/\\\/bobvarela.com\\\/wp-content\\\/flagallery\\\/miriam-ponsa-primavera-verano-2015\\\/webview\\\/miriam-ponsa-ss-2015-342.jpg\",\"thumb\":\"https:\\\/\\\/bobvarela.com\\\/wp-content\\\/flagallery\\\/miriam-ponsa-primavera-verano-2015\\\/thumbs\\\/thumbs_miriam-ponsa-ss-2015-342.jpg\",\"file\":\"miriam-ponsa-ss-2015-342.jpg\",\"meta\":{\"aperture\":false,\"credit\":false,\"camera\":false,\"caption\":\"080 Barcelona Spring-Summer 2015\",\"created_timestamp\":\"July 2, 2014 7:19 pm\",\"copyright\":\"\\u00c2\\u00a9 2014 Estrop-Barcelona PHOTOGRAPH FOR EDITORIAL USE ONLY\",\"focal_length\":false,\"iso\":false,\"shutter_speed\":false,\"flash\":false,\"title\":\"080 Barcelona Spring-Summer 2015\",\"keywords\":\"Spring-Summer 2015\",\"width\":600,\"height\":898,\"saved\":true,\"thumbnail\":{\"width\":220,\"height\":220},\"webview\":{\"0\":600,\"1\":898,\"2\":2,\"3\":\"width=\\\"600\\\" height=\\\"898\\\"\",\"bits\":8,\"channels\":3,\"mime\":\"image\\\/jpeg\"},\"views\":\"7\",\"likes\":\"0\"},\"title\":\"080 Barcelona Spring-Summer 2015\",\"description\":\"<p>080 Barcelona Spring-Summer 2015<\\\/p>\",\"link\":null,\"link_target\":\"\",\"download\":\"https:\\\/\\\/bobvarela.com\\\/wp-content\\\/flagallery\\\/miriam-ponsa-primavera-verano-2015\\\/miriam-ponsa-ss-2015-342.jpg\",\"ratio\":0.66815144766146994381728063672198913991451263427734375},{\"id\":\"16375\",\"image\":\"https:\\\/\\\/bobvarela.com\\\/wp-content\\\/flagallery\\\/miriam-ponsa-primavera-verano-2015\\\/webview\\\/miriam-ponsa-ss-2015-343.jpg\",\"thumb\":\"https:\\\/\\\/bobvarela.com\\\/wp-content\\\/flagallery\\\/miriam-ponsa-primavera-verano-2015\\\/thumbs\\\/thumbs_miriam-ponsa-ss-2015-343.jpg\",\"file\":\"miriam-ponsa-ss-2015-343.jpg\",\"meta\":{\"aperture\":false,\"credit\":false,\"camera\":false,\"caption\":\"080 Barcelona Spring-Summer 2015\",\"created_timestamp\":\"July 2, 2014 7:20 pm\",\"copyright\":\"\\u00c2\\u00a9 2014 Estrop-Barcelona PHOTOGRAPH FOR EDITORIAL USE ONLY\",\"focal_length\":false,\"iso\":false,\"shutter_speed\":false,\"flash\":false,\"title\":\"080 Barcelona Spring-Summer 2015\",\"keywords\":\"Spring-Summer 2015\",\"width\":600,\"height\":898,\"saved\":true,\"thumbnail\":{\"width\":220,\"height\":220},\"webview\":{\"0\":600,\"1\":898,\"2\":2,\"3\":\"width=\\\"600\\\" height=\\\"898\\\"\",\"bits\":8,\"channels\":3,\"mime\":\"image\\\/jpeg\"},\"views\":\"8\",\"likes\":\"0\"},\"title\":\"080 Barcelona Spring-Summer 2015\",\"description\":\"<p>080 Barcelona Spring-Summer 2015<\\\/p>\",\"link\":null,\"link_target\":\"\",\"download\":\"https:\\\/\\\/bobvarela.com\\\/wp-content\\\/flagallery\\\/miriam-ponsa-primavera-verano-2015\\\/miriam-ponsa-ss-2015-343.jpg\",\"ratio\":0.66815144766146994381728063672198913991451263427734375},{\"id\":\"16376\",\"image\":\"https:\\\/\\\/bobvarela.com\\\/wp-content\\\/flagallery\\\/miriam-ponsa-primavera-verano-2015\\\/webview\\\/miriam-ponsa-ss-2015-344.jpg\",\"thumb\":\"https:\\\/\\\/bobvarela.com\\\/wp-content\\\/flagallery\\\/miriam-ponsa-primavera-verano-2015\\\/thumbs\\\/thumbs_miriam-ponsa-ss-2015-344.jpg\",\"file\":\"miriam-ponsa-ss-2015-344.jpg\",\"meta\":{\"aperture\":false,\"credit\":false,\"camera\":false,\"caption\":\"080 Barcelona Spring-Summer 2015\",\"created_timestamp\":\"July 2, 2014 7:20 pm\",\"copyright\":\"\\u00c2\\u00a9 2014 Estrop-Barcelona PHOTOGRAPH FOR EDITORIAL USE ONLY\",\"focal_length\":false,\"iso\":false,\"shutter_speed\":false,\"flash\":false,\"title\":\"080 Barcelona Spring-Summer 2015\",\"keywords\":\"Spring-Summer 2015\",\"width\":600,\"height\":898,\"saved\":true,\"thumbnail\":{\"width\":220,\"height\":220},\"webview\":{\"0\":600,\"1\":898,\"2\":2,\"3\":\"width=\\\"600\\\" height=\\\"898\\\"\",\"bits\":8,\"channels\":3,\"mime\":\"image\\\/jpeg\"},\"views\":\"7\",\"likes\":\"0\"},\"title\":\"080 Barcelona Spring-Summer 2015\",\"description\":\"<p>080 Barcelona Spring-Summer 2015<\\\/p>\",\"link\":null,\"link_target\":\"\",\"download\":\"https:\\\/\\\/bobvarela.com\\\/wp-content\\\/flagallery\\\/miriam-ponsa-primavera-verano-2015\\\/miriam-ponsa-ss-2015-344.jpg\",\"ratio\":0.66815144766146994381728063672198913991451263427734375},{\"id\":\"16377\",\"image\":\"https:\\\/\\\/bobvarela.com\\\/wp-content\\\/flagallery\\\/miriam-ponsa-primavera-verano-2015\\\/webview\\\/miriam-ponsa-ss-2015-345.jpg\",\"thumb\":\"https:\\\/\\\/bobvarela.com\\\/wp-content\\\/flagallery\\\/miriam-ponsa-primavera-verano-2015\\\/thumbs\\\/thumbs_miriam-ponsa-ss-2015-345.jpg\",\"file\":\"miriam-ponsa-ss-2015-345.jpg\",\"meta\":{\"aperture\":false,\"credit\":false,\"camera\":false,\"caption\":\"080 Barcelona Spring-Summer 2015\",\"created_timestamp\":\"July 2, 2014 7:20 pm\",\"copyright\":\"\\u00c2\\u00a9 2014 Estrop-Barcelona PHOTOGRAPH FOR EDITORIAL USE ONLY\",\"focal_length\":false,\"iso\":false,\"shutter_speed\":false,\"flash\":false,\"title\":\"080 Barcelona Spring-Summer 2015\",\"keywords\":\"Spring-Summer 2015\",\"width\":600,\"height\":898,\"saved\":true,\"thumbnail\":{\"width\":220,\"height\":220},\"webview\":{\"0\":600,\"1\":898,\"2\":2,\"3\":\"width=\\\"600\\\" height=\\\"898\\\"\",\"bits\":8,\"channels\":3,\"mime\":\"image\\\/jpeg\"},\"views\":\"7\",\"likes\":\"0\"},\"title\":\"080 Barcelona Spring-Summer 2015\",\"description\":\"<p>080 Barcelona Spring-Summer 2015<\\\/p>\",\"link\":null,\"link_target\":\"\",\"download\":\"https:\\\/\\\/bobvarela.com\\\/wp-content\\\/flagallery\\\/miriam-ponsa-primavera-verano-2015\\\/miriam-ponsa-ss-2015-345.jpg\",\"ratio\":0.66815144766146994381728063672198913991451263427734375},{\"id\":\"16378\",\"image\":\"https:\\\/\\\/bobvarela.com\\\/wp-content\\\/flagallery\\\/miriam-ponsa-primavera-verano-2015\\\/webview\\\/miriam-ponsa-ss-2015-346.jpg\",\"thumb\":\"https:\\\/\\\/bobvarela.com\\\/wp-content\\\/flagallery\\\/miriam-ponsa-primavera-verano-2015\\\/thumbs\\\/thumbs_miriam-ponsa-ss-2015-346.jpg\",\"file\":\"miriam-ponsa-ss-2015-346.jpg\",\"meta\":{\"aperture\":false,\"credit\":false,\"camera\":false,\"caption\":\"080 Barcelona Spring-Summer 2015\",\"created_timestamp\":\"July 2, 2014 7:20 pm\",\"copyright\":\"\\u00c2\\u00a9 2014 Estrop-Barcelona PHOTOGRAPH FOR EDITORIAL USE ONLY\",\"focal_length\":false,\"iso\":false,\"shutter_speed\":false,\"flash\":false,\"title\":\"080 Barcelona Spring-Summer 2015\",\"keywords\":\"Spring-Summer 2015\",\"width\":600,\"height\":898,\"saved\":true,\"thumbnail\":{\"width\":220,\"height\":220},\"webview\":{\"0\":600,\"1\":898,\"2\":2,\"3\":\"width=\\\"600\\\" height=\\\"898\\\"\",\"bits\":8,\"channels\":3,\"mime\":\"image\\\/jpeg\"},\"views\":\"7\",\"likes\":\"0\"},\"title\":\"080 Barcelona Spring-Summer 2015\",\"description\":\"<p>080 Barcelona Spring-Summer 2015<\\\/p>\",\"link\":null,\"link_target\":\"\",\"download\":\"https:\\\/\\\/bobvarela.com\\\/wp-content\\\/flagallery\\\/miriam-ponsa-primavera-verano-2015\\\/miriam-ponsa-ss-2015-346.jpg\",\"ratio\":0.66815144766146994381728063672198913991451263427734375},{\"id\":\"16379\",\"image\":\"https:\\\/\\\/bobvarela.com\\\/wp-content\\\/flagallery\\\/miriam-ponsa-primavera-verano-2015\\\/webview\\\/miriam-ponsa-ss-2015-347.jpg\",\"thumb\":\"https:\\\/\\\/bobvarela.com\\\/wp-content\\\/flagallery\\\/miriam-ponsa-primavera-verano-2015\\\/thumbs\\\/thumbs_miriam-ponsa-ss-2015-347.jpg\",\"file\":\"miriam-ponsa-ss-2015-347.jpg\",\"meta\":{\"aperture\":false,\"credit\":false,\"camera\":false,\"caption\":\"080 Barcelona Spring-Summer 2015\",\"created_timestamp\":\"July 2, 2014 7:20 pm\",\"copyright\":\"\\u00c2\\u00a9 2014 Estrop-Barcelona PHOTOGRAPH FOR EDITORIAL USE ONLY\",\"focal_length\":false,\"iso\":false,\"shutter_speed\":false,\"flash\":false,\"title\":\"080 Barcelona Spring-Summer 2015\",\"keywords\":\"Spring-Summer 2015\",\"width\":600,\"height\":898,\"saved\":true,\"thumbnail\":{\"width\":220,\"height\":220},\"webview\":{\"0\":600,\"1\":898,\"2\":2,\"3\":\"width=\\\"600\\\" height=\\\"898\\\"\",\"bits\":8,\"channels\":3,\"mime\":\"image\\\/jpeg\"},\"views\":\"7\",\"likes\":\"0\"},\"title\":\"080 Barcelona Spring-Summer 2015\",\"description\":\"<p>080 Barcelona Spring-Summer 2015<\\\/p>\",\"link\":null,\"link_target\":\"\",\"download\":\"https:\\\/\\\/bobvarela.com\\\/wp-content\\\/flagallery\\\/miriam-ponsa-primavera-verano-2015\\\/miriam-ponsa-ss-2015-347.jpg\",\"ratio\":0.66815144766146994381728063672198913991451263427734375},{\"id\":\"16380\",\"image\":\"https:\\\/\\\/bobvarela.com\\\/wp-content\\\/flagallery\\\/miriam-ponsa-primavera-verano-2015\\\/webview\\\/miriam-ponsa-ss-2015-348.jpg\",\"thumb\":\"https:\\\/\\\/bobvarela.com\\\/wp-content\\\/flagallery\\\/miriam-ponsa-primavera-verano-2015\\\/thumbs\\\/thumbs_miriam-ponsa-ss-2015-348.jpg\",\"file\":\"miriam-ponsa-ss-2015-348.jpg\",\"meta\":{\"aperture\":false,\"credit\":false,\"camera\":false,\"caption\":\"080 Barcelona Spring-Summer 2015\",\"created_timestamp\":\"July 2, 2014 7:20 pm\",\"copyright\":\"\\u00c2\\u00a9 2014 Estrop-Barcelona PHOTOGRAPH FOR EDITORIAL USE ONLY\",\"focal_length\":false,\"iso\":false,\"shutter_speed\":false,\"flash\":false,\"title\":\"080 Barcelona Spring-Summer 2015\",\"keywords\":\"Spring-Summer 2015\",\"width\":600,\"height\":898,\"saved\":true,\"thumbnail\":{\"width\":220,\"height\":220},\"webview\":{\"0\":600,\"1\":898,\"2\":2,\"3\":\"width=\\\"600\\\" height=\\\"898\\\"\",\"bits\":8,\"channels\":3,\"mime\":\"image\\\/jpeg\"},\"views\":\"7\",\"likes\":\"0\"},\"title\":\"080 Barcelona Spring-Summer 2015\",\"description\":\"<p>080 Barcelona Spring-Summer 2015<\\\/p>\",\"link\":null,\"link_target\":\"\",\"download\":\"https:\\\/\\\/bobvarela.com\\\/wp-content\\\/flagallery\\\/miriam-ponsa-primavera-verano-2015\\\/miriam-ponsa-ss-2015-348.jpg\",\"ratio\":0.66815144766146994381728063672198913991451263427734375},{\"id\":\"16381\",\"image\":\"https:\\\/\\\/bobvarela.com\\\/wp-content\\\/flagallery\\\/miriam-ponsa-primavera-verano-2015\\\/webview\\\/miriam-ponsa-ss-2015-349.jpg\",\"thumb\":\"https:\\\/\\\/bobvarela.com\\\/wp-content\\\/flagallery\\\/miriam-ponsa-primavera-verano-2015\\\/thumbs\\\/thumbs_miriam-ponsa-ss-2015-349.jpg\",\"file\":\"miriam-ponsa-ss-2015-349.jpg\",\"meta\":{\"aperture\":false,\"credit\":false,\"camera\":false,\"caption\":\"080 Barcelona Spring-Summer 2015\",\"created_timestamp\":\"July 2, 2014 7:20 pm\",\"copyright\":\"\\u00c2\\u00a9 2014 Estrop-Barcelona PHOTOGRAPH FOR EDITORIAL USE ONLY\",\"focal_length\":false,\"iso\":false,\"shutter_speed\":false,\"flash\":false,\"title\":\"080 Barcelona Spring-Summer 2015\",\"keywords\":\"Spring-Summer 2015\",\"width\":600,\"height\":898,\"saved\":true,\"thumbnail\":{\"width\":220,\"height\":220},\"webview\":{\"0\":600,\"1\":898,\"2\":2,\"3\":\"width=\\\"600\\\" height=\\\"898\\\"\",\"bits\":8,\"channels\":3,\"mime\":\"image\\\/jpeg\"},\"views\":\"6\",\"likes\":\"0\"},\"title\":\"080 Barcelona Spring-Summer 2015\",\"description\":\"<p>080 Barcelona Spring-Summer 2015<\\\/p>\",\"link\":null,\"link_target\":\"\",\"download\":\"https:\\\/\\\/bobvarela.com\\\/wp-content\\\/flagallery\\\/miriam-ponsa-primavera-verano-2015\\\/miriam-ponsa-ss-2015-349.jpg\",\"ratio\":0.66815144766146994381728063672198913991451263427734375},{\"id\":\"16382\",\"image\":\"https:\\\/\\\/bobvarela.com\\\/wp-content\\\/flagallery\\\/miriam-ponsa-primavera-verano-2015\\\/webview\\\/miriam-ponsa-ss-2015-350.jpg\",\"thumb\":\"https:\\\/\\\/bobvarela.com\\\/wp-content\\\/flagallery\\\/miriam-ponsa-primavera-verano-2015\\\/thumbs\\\/thumbs_miriam-ponsa-ss-2015-350.jpg\",\"file\":\"miriam-ponsa-ss-2015-350.jpg\",\"meta\":{\"aperture\":false,\"credit\":false,\"camera\":false,\"caption\":\"080 Barcelona Spring-Summer 2015\",\"created_timestamp\":\"July 2, 2014 7:20 pm\",\"copyright\":\"\\u00c2\\u00a9 2014 Estrop-Barcelona PHOTOGRAPH FOR EDITORIAL USE ONLY\",\"focal_length\":false,\"iso\":false,\"shutter_speed\":false,\"flash\":false,\"title\":\"080 Barcelona Spring-Summer 2015\",\"keywords\":\"Spring-Summer 2015\",\"width\":600,\"height\":898,\"saved\":true,\"thumbnail\":{\"width\":220,\"height\":220},\"webview\":{\"0\":600,\"1\":898,\"2\":2,\"3\":\"width=\\\"600\\\" height=\\\"898\\\"\",\"bits\":8,\"channels\":3,\"mime\":\"image\\\/jpeg\"},\"views\":\"5\",\"likes\":\"0\"},\"title\":\"080 Barcelona Spring-Summer 2015\",\"description\":\"<p>080 Barcelona Spring-Summer 2015<\\\/p>\",\"link\":null,\"link_target\":\"\",\"download\":\"https:\\\/\\\/bobvarela.com\\\/wp-content\\\/flagallery\\\/miriam-ponsa-primavera-verano-2015\\\/miriam-ponsa-ss-2015-350.jpg\",\"ratio\":0.66815144766146994381728063672198913991451263427734375},{\"id\":\"16383\",\"image\":\"https:\\\/\\\/bobvarela.com\\\/wp-content\\\/flagallery\\\/miriam-ponsa-primavera-verano-2015\\\/webview\\\/miriam-ponsa-ss-2015-351.jpg\",\"thumb\":\"https:\\\/\\\/bobvarela.com\\\/wp-content\\\/flagallery\\\/miriam-ponsa-primavera-verano-2015\\\/thumbs\\\/thumbs_miriam-ponsa-ss-2015-351.jpg\",\"file\":\"miriam-ponsa-ss-2015-351.jpg\",\"meta\":{\"aperture\":false,\"credit\":false,\"camera\":false,\"caption\":\"080 Barcelona Spring-Summer 2015\",\"created_timestamp\":\"July 2, 2014 7:21 pm\",\"copyright\":\"\\u00c2\\u00a9 2014 Estrop-Barcelona PHOTOGRAPH FOR EDITORIAL USE ONLY\",\"focal_length\":false,\"iso\":false,\"shutter_speed\":false,\"flash\":false,\"title\":\"080 Barcelona Spring-Summer 2015\",\"keywords\":\"Spring-Summer 2015\",\"width\":600,\"height\":898,\"saved\":true,\"thumbnail\":{\"width\":220,\"height\":220},\"webview\":{\"0\":600,\"1\":898,\"2\":2,\"3\":\"width=\\\"600\\\" height=\\\"898\\\"\",\"bits\":8,\"channels\":3,\"mime\":\"image\\\/jpeg\"},\"views\":\"5\",\"likes\":\"0\"},\"title\":\"080 Barcelona Spring-Summer 2015\",\"description\":\"<p>080 Barcelona Spring-Summer 2015<\\\/p>\",\"link\":null,\"link_target\":\"\",\"download\":\"https:\\\/\\\/bobvarela.com\\\/wp-content\\\/flagallery\\\/miriam-ponsa-primavera-verano-2015\\\/miriam-ponsa-ss-2015-351.jpg\",\"ratio\":0.66815144766146994381728063672198913991451263427734375},{\"id\":\"16384\",\"image\":\"https:\\\/\\\/bobvarela.com\\\/wp-content\\\/flagallery\\\/miriam-ponsa-primavera-verano-2015\\\/webview\\\/miriam-ponsa-ss-2015-352.jpg\",\"thumb\":\"https:\\\/\\\/bobvarela.com\\\/wp-content\\\/flagallery\\\/miriam-ponsa-primavera-verano-2015\\\/thumbs\\\/thumbs_miriam-ponsa-ss-2015-352.jpg\",\"file\":\"miriam-ponsa-ss-2015-352.jpg\",\"meta\":{\"aperture\":false,\"credit\":false,\"camera\":false,\"caption\":\"080 Barcelona Spring-Summer 2015\",\"created_timestamp\":\"July 2, 2014 7:21 pm\",\"copyright\":\"\\u00c2\\u00a9 2014 Estrop-Barcelona PHOTOGRAPH FOR EDITORIAL USE ONLY\",\"focal_length\":false,\"iso\":false,\"shutter_speed\":false,\"flash\":false,\"title\":\"080 Barcelona Spring-Summer 2015\",\"keywords\":\"Spring-Summer 2015\",\"width\":600,\"height\":898,\"saved\":true,\"thumbnail\":{\"width\":220,\"height\":220},\"webview\":{\"0\":600,\"1\":898,\"2\":2,\"3\":\"width=\\\"600\\\" height=\\\"898\\\"\",\"bits\":8,\"channels\":3,\"mime\":\"image\\\/jpeg\"},\"views\":\"6\",\"likes\":\"0\"},\"title\":\"080 Barcelona Spring-Summer 2015\",\"description\":\"<p>080 Barcelona Spring-Summer 2015<\\\/p>\",\"link\":null,\"link_target\":\"\",\"download\":\"https:\\\/\\\/bobvarela.com\\\/wp-content\\\/flagallery\\\/miriam-ponsa-primavera-verano-2015\\\/miriam-ponsa-ss-2015-352.jpg\",\"ratio\":0.66815144766146994381728063672198913991451263427734375},{\"id\":\"16385\",\"image\":\"https:\\\/\\\/bobvarela.com\\\/wp-content\\\/flagallery\\\/miriam-ponsa-primavera-verano-2015\\\/webview\\\/miriam-ponsa-ss-2015-353.jpg\",\"thumb\":\"https:\\\/\\\/bobvarela.com\\\/wp-content\\\/flagallery\\\/miriam-ponsa-primavera-verano-2015\\\/thumbs\\\/thumbs_miriam-ponsa-ss-2015-353.jpg\",\"file\":\"miriam-ponsa-ss-2015-353.jpg\",\"meta\":{\"aperture\":false,\"credit\":false,\"camera\":false,\"caption\":\"080 Barcelona Spring-Summer 2015\",\"created_timestamp\":\"July 2, 2014 7:21 pm\",\"copyright\":\"\\u00c2\\u00a9 2014 Estrop-Barcelona PHOTOGRAPH FOR EDITORIAL USE ONLY\",\"focal_length\":false,\"iso\":false,\"shutter_speed\":false,\"flash\":false,\"title\":\"080 Barcelona Spring-Summer 2015\",\"keywords\":\"Spring-Summer 2015\",\"width\":600,\"height\":898,\"saved\":true,\"thumbnail\":{\"width\":220,\"height\":220},\"webview\":{\"0\":600,\"1\":898,\"2\":2,\"3\":\"width=\\\"600\\\" height=\\\"898\\\"\",\"bits\":8,\"channels\":3,\"mime\":\"image\\\/jpeg\"},\"views\":\"5\",\"likes\":\"0\"},\"title\":\"080 Barcelona Spring-Summer 2015\",\"description\":\"<p>080 Barcelona Spring-Summer 2015<\\\/p>\",\"link\":null,\"link_target\":\"\",\"download\":\"https:\\\/\\\/bobvarela.com\\\/wp-content\\\/flagallery\\\/miriam-ponsa-primavera-verano-2015\\\/miriam-ponsa-ss-2015-353.jpg\",\"ratio\":0.66815144766146994381728063672198913991451263427734375},{\"id\":\"16386\",\"image\":\"https:\\\/\\\/bobvarela.com\\\/wp-content\\\/flagallery\\\/miriam-ponsa-primavera-verano-2015\\\/webview\\\/miriam-ponsa-ss-2015-354.jpg\",\"thumb\":\"https:\\\/\\\/bobvarela.com\\\/wp-content\\\/flagallery\\\/miriam-ponsa-primavera-verano-2015\\\/thumbs\\\/thumbs_miriam-ponsa-ss-2015-354.jpg\",\"file\":\"miriam-ponsa-ss-2015-354.jpg\",\"meta\":{\"aperture\":false,\"credit\":false,\"camera\":false,\"caption\":\"080 Barcelona Spring-Summer 2015\",\"created_timestamp\":\"July 2, 2014 7:21 pm\",\"copyright\":\"\\u00c2\\u00a9 2014 Estrop-Barcelona PHOTOGRAPH FOR EDITORIAL USE ONLY\",\"focal_length\":false,\"iso\":false,\"shutter_speed\":false,\"flash\":false,\"title\":\"080 Barcelona Spring-Summer 2015\",\"keywords\":\"Spring-Summer 2015\",\"width\":600,\"height\":898,\"saved\":true,\"thumbnail\":{\"width\":220,\"height\":220},\"webview\":{\"0\":600,\"1\":898,\"2\":2,\"3\":\"width=\\\"600\\\" height=\\\"898\\\"\",\"bits\":8,\"channels\":3,\"mime\":\"image\\\/jpeg\"},\"views\":\"6\",\"likes\":\"0\"},\"title\":\"080 Barcelona Spring-Summer 2015\",\"description\":\"<p>080 Barcelona Spring-Summer 2015<\\\/p>\",\"link\":null,\"link_target\":\"\",\"download\":\"https:\\\/\\\/bobvarela.com\\\/wp-content\\\/flagallery\\\/miriam-ponsa-primavera-verano-2015\\\/miriam-ponsa-ss-2015-354.jpg\",\"ratio\":0.66815144766146994381728063672198913991451263427734375},{\"id\":\"16387\",\"image\":\"https:\\\/\\\/bobvarela.com\\\/wp-content\\\/flagallery\\\/miriam-ponsa-primavera-verano-2015\\\/webview\\\/miriam-ponsa-ss-2015-355.jpg\",\"thumb\":\"https:\\\/\\\/bobvarela.com\\\/wp-content\\\/flagallery\\\/miriam-ponsa-primavera-verano-2015\\\/thumbs\\\/thumbs_miriam-ponsa-ss-2015-355.jpg\",\"file\":\"miriam-ponsa-ss-2015-355.jpg\",\"meta\":{\"aperture\":false,\"credit\":false,\"camera\":false,\"caption\":\"080 Barcelona Spring-Summer 2015\",\"created_timestamp\":\"July 2, 2014 7:21 pm\",\"copyright\":\"\\u00c2\\u00a9 2014 Estrop-Barcelona PHOTOGRAPH FOR EDITORIAL USE ONLY\",\"focal_length\":false,\"iso\":false,\"shutter_speed\":false,\"flash\":false,\"title\":\"080 Barcelona Spring-Summer 2015\",\"keywords\":\"Spring-Summer 2015\",\"width\":600,\"height\":898,\"saved\":true,\"thumbnail\":{\"width\":220,\"height\":220},\"webview\":{\"0\":600,\"1\":898,\"2\":2,\"3\":\"width=\\\"600\\\" height=\\\"898\\\"\",\"bits\":8,\"channels\":3,\"mime\":\"image\\\/jpeg\"},\"views\":\"5\",\"likes\":\"0\"},\"title\":\"080 Barcelona Spring-Summer 2015\",\"description\":\"<p>080 Barcelona Spring-Summer 2015<\\\/p>\",\"link\":null,\"link_target\":\"\",\"download\":\"https:\\\/\\\/bobvarela.com\\\/wp-content\\\/flagallery\\\/miriam-ponsa-primavera-verano-2015\\\/miriam-ponsa-ss-2015-355.jpg\",\"ratio\":0.66815144766146994381728063672198913991451263427734375},{\"id\":\"16388\",\"image\":\"https:\\\/\\\/bobvarela.com\\\/wp-content\\\/flagallery\\\/miriam-ponsa-primavera-verano-2015\\\/webview\\\/miriam-ponsa-ss-2015-356.jpg\",\"thumb\":\"https:\\\/\\\/bobvarela.com\\\/wp-content\\\/flagallery\\\/miriam-ponsa-primavera-verano-2015\\\/thumbs\\\/thumbs_miriam-ponsa-ss-2015-356.jpg\",\"file\":\"miriam-ponsa-ss-2015-356.jpg\",\"meta\":{\"aperture\":false,\"credit\":false,\"camera\":false,\"caption\":\"080 Barcelona Spring-Summer 2015\",\"created_timestamp\":\"July 2, 2014 7:21 pm\",\"copyright\":\"\\u00c2\\u00a9 2014 Estrop-Barcelona PHOTOGRAPH FOR EDITORIAL USE ONLY\",\"focal_length\":false,\"iso\":false,\"shutter_speed\":false,\"flash\":false,\"title\":\"080 Barcelona Spring-Summer 2015\",\"keywords\":\"Spring-Summer 2015\",\"width\":600,\"height\":898,\"saved\":true,\"thumbnail\":{\"width\":220,\"height\":220},\"webview\":{\"0\":600,\"1\":898,\"2\":2,\"3\":\"width=\\\"600\\\" height=\\\"898\\\"\",\"bits\":8,\"channels\":3,\"mime\":\"image\\\/jpeg\"},\"views\":\"5\",\"likes\":\"0\"},\"title\":\"080 Barcelona Spring-Summer 2015\",\"description\":\"<p>080 Barcelona Spring-Summer 2015<\\\/p>\",\"link\":null,\"link_target\":\"\",\"download\":\"https:\\\/\\\/bobvarela.com\\\/wp-content\\\/flagallery\\\/miriam-ponsa-primavera-verano-2015\\\/miriam-ponsa-ss-2015-356.jpg\",\"ratio\":0.66815144766146994381728063672198913991451263427734375},{\"id\":\"16389\",\"image\":\"https:\\\/\\\/bobvarela.com\\\/wp-content\\\/flagallery\\\/miriam-ponsa-primavera-verano-2015\\\/webview\\\/miriam-ponsa-ss-2015-357.jpg\",\"thumb\":\"https:\\\/\\\/bobvarela.com\\\/wp-content\\\/flagallery\\\/miriam-ponsa-primavera-verano-2015\\\/thumbs\\\/thumbs_miriam-ponsa-ss-2015-357.jpg\",\"file\":\"miriam-ponsa-ss-2015-357.jpg\",\"meta\":{\"aperture\":false,\"credit\":false,\"camera\":false,\"caption\":\"080 Barcelona Spring-Summer 2015\",\"created_timestamp\":\"July 2, 2014 7:21 pm\",\"copyright\":\"\\u00c2\\u00a9 2014 Estrop-Barcelona PHOTOGRAPH FOR EDITORIAL USE ONLY\",\"focal_length\":false,\"iso\":false,\"shutter_speed\":false,\"flash\":false,\"title\":\"080 Barcelona Spring-Summer 2015\",\"keywords\":\"Spring-Summer 2015\",\"width\":600,\"height\":898,\"saved\":true,\"thumbnail\":{\"width\":220,\"height\":220},\"webview\":{\"0\":600,\"1\":898,\"2\":2,\"3\":\"width=\\\"600\\\" height=\\\"898\\\"\",\"bits\":8,\"channels\":3,\"mime\":\"image\\\/jpeg\"},\"views\":\"4\",\"likes\":\"0\"},\"title\":\"080 Barcelona Spring-Summer 2015\",\"description\":\"<p>080 Barcelona Spring-Summer 2015<\\\/p>\",\"link\":null,\"link_target\":\"\",\"download\":\"https:\\\/\\\/bobvarela.com\\\/wp-content\\\/flagallery\\\/miriam-ponsa-primavera-verano-2015\\\/miriam-ponsa-ss-2015-357.jpg\",\"ratio\":0.66815144766146994381728063672198913991451263427734375},{\"id\":\"16390\",\"image\":\"https:\\\/\\\/bobvarela.com\\\/wp-content\\\/flagallery\\\/miriam-ponsa-primavera-verano-2015\\\/webview\\\/miriam-ponsa-ss-2015-358.jpg\",\"thumb\":\"https:\\\/\\\/bobvarela.com\\\/wp-content\\\/flagallery\\\/miriam-ponsa-primavera-verano-2015\\\/thumbs\\\/thumbs_miriam-ponsa-ss-2015-358.jpg\",\"file\":\"miriam-ponsa-ss-2015-358.jpg\",\"meta\":{\"aperture\":false,\"credit\":false,\"camera\":false,\"caption\":\"080 Barcelona Spring-Summer 2015\",\"created_timestamp\":\"July 2, 2014 7:21 pm\",\"copyright\":\"\\u00c2\\u00a9 2014 Estrop-Barcelona PHOTOGRAPH FOR EDITORIAL USE ONLY\",\"focal_length\":false,\"iso\":false,\"shutter_speed\":false,\"flash\":false,\"title\":\"080 Barcelona Spring-Summer 2015\",\"keywords\":\"Spring-Summer 2015\",\"width\":600,\"height\":898,\"saved\":true,\"thumbnail\":{\"width\":220,\"height\":220},\"webview\":{\"0\":600,\"1\":898,\"2\":2,\"3\":\"width=\\\"600\\\" height=\\\"898\\\"\",\"bits\":8,\"channels\":3,\"mime\":\"image\\\/jpeg\"},\"views\":\"4\",\"likes\":\"0\"},\"title\":\"080 Barcelona Spring-Summer 2015\",\"description\":\"<p>080 Barcelona Spring-Summer 2015<\\\/p>\",\"link\":null,\"link_target\":\"\",\"download\":\"https:\\\/\\\/bobvarela.com\\\/wp-content\\\/flagallery\\\/miriam-ponsa-primavera-verano-2015\\\/miriam-ponsa-ss-2015-358.jpg\",\"ratio\":0.66815144766146994381728063672198913991451263427734375},{\"id\":\"16391\",\"image\":\"https:\\\/\\\/bobvarela.com\\\/wp-content\\\/flagallery\\\/miriam-ponsa-primavera-verano-2015\\\/webview\\\/miriam-ponsa-ss-2015-359.jpg\",\"thumb\":\"https:\\\/\\\/bobvarela.com\\\/wp-content\\\/flagallery\\\/miriam-ponsa-primavera-verano-2015\\\/thumbs\\\/thumbs_miriam-ponsa-ss-2015-359.jpg\",\"file\":\"miriam-ponsa-ss-2015-359.jpg\",\"meta\":{\"aperture\":false,\"credit\":false,\"camera\":false,\"caption\":\"080 Barcelona Spring-Summer 2015\",\"created_timestamp\":\"July 2, 2014 7:22 pm\",\"copyright\":\"\\u00c2\\u00a9 2014 Estrop-Barcelona PHOTOGRAPH FOR EDITORIAL USE ONLY\",\"focal_length\":false,\"iso\":false,\"shutter_speed\":false,\"flash\":false,\"title\":\"080 Barcelona Spring-Summer 2015\",\"keywords\":\"Spring-Summer 2015\",\"width\":600,\"height\":898,\"saved\":true,\"thumbnail\":{\"width\":220,\"height\":220},\"webview\":{\"0\":600,\"1\":898,\"2\":2,\"3\":\"width=\\\"600\\\" height=\\\"898\\\"\",\"bits\":8,\"channels\":3,\"mime\":\"image\\\/jpeg\"},\"views\":\"5\",\"likes\":\"0\"},\"title\":\"080 Barcelona Spring-Summer 2015\",\"description\":\"<p>080 Barcelona Spring-Summer 2015<\\\/p>\",\"link\":null,\"link_target\":\"\",\"download\":\"https:\\\/\\\/bobvarela.com\\\/wp-content\\\/flagallery\\\/miriam-ponsa-primavera-verano-2015\\\/miriam-ponsa-ss-2015-359.jpg\",\"ratio\":0.66815144766146994381728063672198913991451263427734375},{\"id\":\"16392\",\"image\":\"https:\\\/\\\/bobvarela.com\\\/wp-content\\\/flagallery\\\/miriam-ponsa-primavera-verano-2015\\\/webview\\\/miriam-ponsa-ss-2015-360.jpg\",\"thumb\":\"https:\\\/\\\/bobvarela.com\\\/wp-content\\\/flagallery\\\/miriam-ponsa-primavera-verano-2015\\\/thumbs\\\/thumbs_miriam-ponsa-ss-2015-360.jpg\",\"file\":\"miriam-ponsa-ss-2015-360.jpg\",\"meta\":{\"aperture\":false,\"credit\":false,\"camera\":false,\"caption\":\"080 Barcelona Spring-Summer 2015\",\"created_timestamp\":\"July 2, 2014 7:22 pm\",\"copyright\":\"\\u00c2\\u00a9 2014 Estrop-Barcelona PHOTOGRAPH FOR EDITORIAL USE ONLY\",\"focal_length\":false,\"iso\":false,\"shutter_speed\":false,\"flash\":false,\"title\":\"080 Barcelona Spring-Summer 2015\",\"keywords\":\"Spring-Summer 2015\",\"width\":600,\"height\":898,\"saved\":true,\"thumbnail\":{\"width\":220,\"height\":220},\"webview\":{\"0\":600,\"1\":898,\"2\":2,\"3\":\"width=\\\"600\\\" height=\\\"898\\\"\",\"bits\":8,\"channels\":3,\"mime\":\"image\\\/jpeg\"},\"views\":\"4\",\"likes\":\"0\"},\"title\":\"080 Barcelona Spring-Summer 2015\",\"description\":\"<p>080 Barcelona Spring-Summer 2015<\\\/p>\",\"link\":null,\"link_target\":\"\",\"download\":\"https:\\\/\\\/bobvarela.com\\\/wp-content\\\/flagallery\\\/miriam-ponsa-primavera-verano-2015\\\/miriam-ponsa-ss-2015-360.jpg\",\"ratio\":0.66815144766146994381728063672198913991451263427734375},{\"id\":\"16393\",\"image\":\"https:\\\/\\\/bobvarela.com\\\/wp-content\\\/flagallery\\\/miriam-ponsa-primavera-verano-2015\\\/webview\\\/miriam-ponsa-ss-2015-361.jpg\",\"thumb\":\"https:\\\/\\\/bobvarela.com\\\/wp-content\\\/flagallery\\\/miriam-ponsa-primavera-verano-2015\\\/thumbs\\\/thumbs_miriam-ponsa-ss-2015-361.jpg\",\"file\":\"miriam-ponsa-ss-2015-361.jpg\",\"meta\":{\"aperture\":false,\"credit\":false,\"camera\":false,\"caption\":\"080 Barcelona Spring-Summer 2015\",\"created_timestamp\":\"July 2, 2014 7:22 pm\",\"copyright\":\"\\u00c2\\u00a9 2014 Estrop-Barcelona PHOTOGRAPH FOR EDITORIAL USE ONLY\",\"focal_length\":false,\"iso\":false,\"shutter_speed\":false,\"flash\":false,\"title\":\"080 Barcelona Spring-Summer 2015\",\"keywords\":\"Spring-Summer 2015\",\"width\":600,\"height\":898,\"saved\":true,\"thumbnail\":{\"width\":220,\"height\":220},\"webview\":{\"0\":600,\"1\":898,\"2\":2,\"3\":\"width=\\\"600\\\" height=\\\"898\\\"\",\"bits\":8,\"channels\":3,\"mime\":\"image\\\/jpeg\"},\"views\":\"4\",\"likes\":\"0\"},\"title\":\"080 Barcelona Spring-Summer 2015\",\"description\":\"<p>080 Barcelona Spring-Summer 2015<\\\/p>\",\"link\":null,\"link_target\":\"\",\"download\":\"https:\\\/\\\/bobvarela.com\\\/wp-content\\\/flagallery\\\/miriam-ponsa-primavera-verano-2015\\\/miriam-ponsa-ss-2015-361.jpg\",\"ratio\":0.66815144766146994381728063672198913991451263427734375},{\"id\":\"16394\",\"image\":\"https:\\\/\\\/bobvarela.com\\\/wp-content\\\/flagallery\\\/miriam-ponsa-primavera-verano-2015\\\/webview\\\/miriam-ponsa-ss-2015-362.jpg\",\"thumb\":\"https:\\\/\\\/bobvarela.com\\\/wp-content\\\/flagallery\\\/miriam-ponsa-primavera-verano-2015\\\/thumbs\\\/thumbs_miriam-ponsa-ss-2015-362.jpg\",\"file\":\"miriam-ponsa-ss-2015-362.jpg\",\"meta\":{\"aperture\":false,\"credit\":false,\"camera\":false,\"caption\":\"080 Barcelona Spring-Summer 2015\",\"created_timestamp\":\"July 2, 2014 7:22 pm\",\"copyright\":\"\\u00c2\\u00a9 2014 Estrop-Barcelona PHOTOGRAPH FOR EDITORIAL USE ONLY\",\"focal_length\":false,\"iso\":false,\"shutter_speed\":false,\"flash\":false,\"title\":\"080 Barcelona Spring-Summer 2015\",\"keywords\":\"Spring-Summer 2015\",\"width\":600,\"height\":898,\"saved\":true,\"thumbnail\":{\"width\":220,\"height\":220},\"webview\":{\"0\":600,\"1\":898,\"2\":2,\"3\":\"width=\\\"600\\\" height=\\\"898\\\"\",\"bits\":8,\"channels\":3,\"mime\":\"image\\\/jpeg\"},\"views\":\"4\",\"likes\":\"0\"},\"title\":\"080 Barcelona Spring-Summer 2015\",\"description\":\"<p>080 Barcelona Spring-Summer 2015<\\\/p>\",\"link\":null,\"link_target\":\"\",\"download\":\"https:\\\/\\\/bobvarela.com\\\/wp-content\\\/flagallery\\\/miriam-ponsa-primavera-verano-2015\\\/miriam-ponsa-ss-2015-362.jpg\",\"ratio\":0.66815144766146994381728063672198913991451263427734375},{\"id\":\"16395\",\"image\":\"https:\\\/\\\/bobvarela.com\\\/wp-content\\\/flagallery\\\/miriam-ponsa-primavera-verano-2015\\\/webview\\\/miriam-ponsa-ss-2015-363.jpg\",\"thumb\":\"https:\\\/\\\/bobvarela.com\\\/wp-content\\\/flagallery\\\/miriam-ponsa-primavera-verano-2015\\\/thumbs\\\/thumbs_miriam-ponsa-ss-2015-363.jpg\",\"file\":\"miriam-ponsa-ss-2015-363.jpg\",\"meta\":{\"aperture\":false,\"credit\":false,\"camera\":false,\"caption\":\"080 Barcelona Spring-Summer 2015\",\"created_timestamp\":\"July 2, 2014 7:22 pm\",\"copyright\":\"\\u00c2\\u00a9 2014 Estrop-Barcelona PHOTOGRAPH FOR EDITORIAL USE ONLY\",\"focal_length\":false,\"iso\":false,\"shutter_speed\":false,\"flash\":false,\"title\":\"080 Barcelona Spring-Summer 2015\",\"keywords\":\"Spring-Summer 2015\",\"width\":600,\"height\":898,\"saved\":true,\"thumbnail\":{\"width\":220,\"height\":220},\"webview\":{\"0\":600,\"1\":898,\"2\":2,\"3\":\"width=\\\"600\\\" height=\\\"898\\\"\",\"bits\":8,\"channels\":3,\"mime\":\"image\\\/jpeg\"},\"views\":\"5\",\"likes\":\"0\"},\"title\":\"080 Barcelona Spring-Summer 2015\",\"description\":\"<p>080 Barcelona Spring-Summer 2015<\\\/p>\",\"link\":null,\"link_target\":\"\",\"download\":\"https:\\\/\\\/bobvarela.com\\\/wp-content\\\/flagallery\\\/miriam-ponsa-primavera-verano-2015\\\/miriam-ponsa-ss-2015-363.jpg\",\"ratio\":0.66815144766146994381728063672198913991451263427734375},{\"id\":\"16396\",\"image\":\"https:\\\/\\\/bobvarela.com\\\/wp-content\\\/flagallery\\\/miriam-ponsa-primavera-verano-2015\\\/webview\\\/miriam-ponsa-ss-2015-364.jpg\",\"thumb\":\"https:\\\/\\\/bobvarela.com\\\/wp-content\\\/flagallery\\\/miriam-ponsa-primavera-verano-2015\\\/thumbs\\\/thumbs_miriam-ponsa-ss-2015-364.jpg\",\"file\":\"miriam-ponsa-ss-2015-364.jpg\",\"meta\":{\"aperture\":false,\"credit\":false,\"camera\":false,\"caption\":\"080 Barcelona Spring-Summer 2015\",\"created_timestamp\":\"July 2, 2014 7:22 pm\",\"copyright\":\"\\u00c2\\u00a9 2014 Estrop-Barcelona PHOTOGRAPH FOR EDITORIAL USE ONLY\",\"focal_length\":false,\"iso\":false,\"shutter_speed\":false,\"flash\":false,\"title\":\"080 Barcelona Spring-Summer 2015\",\"keywords\":\"Spring-Summer 2015\",\"width\":600,\"height\":898,\"saved\":true,\"thumbnail\":{\"width\":220,\"height\":220},\"webview\":{\"0\":600,\"1\":898,\"2\":2,\"3\":\"width=\\\"600\\\" height=\\\"898\\\"\",\"bits\":8,\"channels\":3,\"mime\":\"image\\\/jpeg\"},\"views\":\"4\",\"likes\":\"0\"},\"title\":\"080 Barcelona Spring-Summer 2015\",\"description\":\"<p>080 Barcelona Spring-Summer 2015<\\\/p>\",\"link\":null,\"link_target\":\"\",\"download\":\"https:\\\/\\\/bobvarela.com\\\/wp-content\\\/flagallery\\\/miriam-ponsa-primavera-verano-2015\\\/miriam-ponsa-ss-2015-364.jpg\",\"ratio\":0.66815144766146994381728063672198913991451263427734375},{\"id\":\"16397\",\"image\":\"https:\\\/\\\/bobvarela.com\\\/wp-content\\\/flagallery\\\/miriam-ponsa-primavera-verano-2015\\\/webview\\\/miriam-ponsa-ss-2015-365.jpg\",\"thumb\":\"https:\\\/\\\/bobvarela.com\\\/wp-content\\\/flagallery\\\/miriam-ponsa-primavera-verano-2015\\\/thumbs\\\/thumbs_miriam-ponsa-ss-2015-365.jpg\",\"file\":\"miriam-ponsa-ss-2015-365.jpg\",\"meta\":{\"aperture\":false,\"credit\":false,\"camera\":false,\"caption\":\"080 Barcelona Spring-Summer 2015\",\"created_timestamp\":\"July 2, 2014 7:22 pm\",\"copyright\":\"\\u00c2\\u00a9 2014 Estrop-Barcelona PHOTOGRAPH FOR EDITORIAL USE ONLY\",\"focal_length\":false,\"iso\":false,\"shutter_speed\":false,\"flash\":false,\"title\":\"080 Barcelona Spring-Summer 2015\",\"keywords\":\"Spring-Summer 2015\",\"width\":600,\"height\":898,\"saved\":true,\"thumbnail\":{\"width\":220,\"height\":220},\"webview\":{\"0\":600,\"1\":898,\"2\":2,\"3\":\"width=\\\"600\\\" height=\\\"898\\\"\",\"bits\":8,\"channels\":3,\"mime\":\"image\\\/jpeg\"},\"views\":\"5\",\"likes\":\"0\"},\"title\":\"080 Barcelona Spring-Summer 2015\",\"description\":\"<p>080 Barcelona Spring-Summer 2015<\\\/p>\",\"link\":null,\"link_target\":\"\",\"download\":\"https:\\\/\\\/bobvarela.com\\\/wp-content\\\/flagallery\\\/miriam-ponsa-primavera-verano-2015\\\/miriam-ponsa-ss-2015-365.jpg\",\"ratio\":0.66815144766146994381728063672198913991451263427734375},{\"id\":\"16398\",\"image\":\"https:\\\/\\\/bobvarela.com\\\/wp-content\\\/flagallery\\\/miriam-ponsa-primavera-verano-2015\\\/webview\\\/miriam-ponsa-ss-2015-366.jpg\",\"thumb\":\"https:\\\/\\\/bobvarela.com\\\/wp-content\\\/flagallery\\\/miriam-ponsa-primavera-verano-2015\\\/thumbs\\\/thumbs_miriam-ponsa-ss-2015-366.jpg\",\"file\":\"miriam-ponsa-ss-2015-366.jpg\",\"meta\":{\"aperture\":false,\"credit\":false,\"camera\":false,\"caption\":\"080 Barcelona Spring-Summer 2015\",\"created_timestamp\":\"July 2, 2014 7:22 pm\",\"copyright\":\"\\u00c2\\u00a9 2014 Estrop-Barcelona PHOTOGRAPH FOR EDITORIAL USE ONLY\",\"focal_length\":false,\"iso\":false,\"shutter_speed\":false,\"flash\":false,\"title\":\"080 Barcelona Spring-Summer 2015\",\"keywords\":\"Spring-Summer 2015\",\"width\":600,\"height\":898,\"saved\":true,\"thumbnail\":{\"width\":220,\"height\":220},\"webview\":{\"0\":600,\"1\":898,\"2\":2,\"3\":\"width=\\\"600\\\" height=\\\"898\\\"\",\"bits\":8,\"channels\":3,\"mime\":\"image\\\/jpeg\"},\"views\":\"4\",\"likes\":\"0\"},\"title\":\"080 Barcelona Spring-Summer 2015\",\"description\":\"<p>080 Barcelona Spring-Summer 2015<\\\/p>\",\"link\":null,\"link_target\":\"\",\"download\":\"https:\\\/\\\/bobvarela.com\\\/wp-content\\\/flagallery\\\/miriam-ponsa-primavera-verano-2015\\\/miriam-ponsa-ss-2015-366.jpg\",\"ratio\":0.66815144766146994381728063672198913991451263427734375},{\"id\":\"16399\",\"image\":\"https:\\\/\\\/bobvarela.com\\\/wp-content\\\/flagallery\\\/miriam-ponsa-primavera-verano-2015\\\/webview\\\/miriam-ponsa-ss-2015-367.jpg\",\"thumb\":\"https:\\\/\\\/bobvarela.com\\\/wp-content\\\/flagallery\\\/miriam-ponsa-primavera-verano-2015\\\/thumbs\\\/thumbs_miriam-ponsa-ss-2015-367.jpg\",\"file\":\"miriam-ponsa-ss-2015-367.jpg\",\"meta\":{\"aperture\":false,\"credit\":false,\"camera\":false,\"caption\":\"080 Barcelona Spring-Summer 2015\",\"created_timestamp\":\"July 2, 2014 7:22 pm\",\"copyright\":\"\\u00c2\\u00a9 2014 Estrop-Barcelona PHOTOGRAPH FOR EDITORIAL USE ONLY\",\"focal_length\":false,\"iso\":false,\"shutter_speed\":false,\"flash\":false,\"title\":\"080 Barcelona Spring-Summer 2015\",\"keywords\":\"Spring-Summer 2015\",\"width\":600,\"height\":898,\"saved\":true,\"thumbnail\":{\"width\":220,\"height\":220},\"webview\":{\"0\":600,\"1\":898,\"2\":2,\"3\":\"width=\\\"600\\\" height=\\\"898\\\"\",\"bits\":8,\"channels\":3,\"mime\":\"image\\\/jpeg\"},\"views\":\"5\",\"likes\":\"0\"},\"title\":\"080 Barcelona Spring-Summer 2015\",\"description\":\"<p>080 Barcelona Spring-Summer 2015<\\\/p>\",\"link\":null,\"link_target\":\"\",\"download\":\"https:\\\/\\\/bobvarela.com\\\/wp-content\\\/flagallery\\\/miriam-ponsa-primavera-verano-2015\\\/miriam-ponsa-ss-2015-367.jpg\",\"ratio\":0.66815144766146994381728063672198913991451263427734375},{\"id\":\"16400\",\"image\":\"https:\\\/\\\/bobvarela.com\\\/wp-content\\\/flagallery\\\/miriam-ponsa-primavera-verano-2015\\\/webview\\\/miriam-ponsa-ss-2015-368.jpg\",\"thumb\":\"https:\\\/\\\/bobvarela.com\\\/wp-content\\\/flagallery\\\/miriam-ponsa-primavera-verano-2015\\\/thumbs\\\/thumbs_miriam-ponsa-ss-2015-368.jpg\",\"file\":\"miriam-ponsa-ss-2015-368.jpg\",\"meta\":{\"aperture\":false,\"credit\":false,\"camera\":false,\"caption\":\"080 Barcelona Spring-Summer 2015\",\"created_timestamp\":\"July 2, 2014 7:22 pm\",\"copyright\":\"\\u00c2\\u00a9 2014 Estrop-Barcelona PHOTOGRAPH FOR EDITORIAL USE ONLY\",\"focal_length\":false,\"iso\":false,\"shutter_speed\":false,\"flash\":false,\"title\":\"080 Barcelona Spring-Summer 2015\",\"keywords\":\"Spring-Summer 2015\",\"width\":600,\"height\":898,\"saved\":true,\"thumbnail\":{\"width\":220,\"height\":220},\"webview\":{\"0\":600,\"1\":898,\"2\":2,\"3\":\"width=\\\"600\\\" height=\\\"898\\\"\",\"bits\":8,\"channels\":3,\"mime\":\"image\\\/jpeg\"},\"views\":\"4\",\"likes\":\"0\"},\"title\":\"080 Barcelona Spring-Summer 2015\",\"description\":\"<p>080 Barcelona Spring-Summer 2015<\\\/p>\",\"link\":null,\"link_target\":\"\",\"download\":\"https:\\\/\\\/bobvarela.com\\\/wp-content\\\/flagallery\\\/miriam-ponsa-primavera-verano-2015\\\/miriam-ponsa-ss-2015-368.jpg\",\"ratio\":0.66815144766146994381728063672198913991451263427734375},{\"id\":\"16401\",\"image\":\"https:\\\/\\\/bobvarela.com\\\/wp-content\\\/flagallery\\\/miriam-ponsa-primavera-verano-2015\\\/webview\\\/miriam-ponsa-ss-2015-369.jpg\",\"thumb\":\"https:\\\/\\\/bobvarela.com\\\/wp-content\\\/flagallery\\\/miriam-ponsa-primavera-verano-2015\\\/thumbs\\\/thumbs_miriam-ponsa-ss-2015-369.jpg\",\"file\":\"miriam-ponsa-ss-2015-369.jpg\",\"meta\":{\"aperture\":false,\"credit\":false,\"camera\":false,\"caption\":\"080 Barcelona Spring-Summer 2015\",\"created_timestamp\":\"July 2, 2014 7:23 pm\",\"copyright\":\"\\u00c2\\u00a9 2014 Estrop-Barcelona PHOTOGRAPH FOR EDITORIAL USE ONLY\",\"focal_length\":false,\"iso\":false,\"shutter_speed\":false,\"flash\":false,\"title\":\"080 Barcelona Spring-Summer 2015\",\"keywords\":\"Spring-Summer 2015\",\"width\":600,\"height\":898,\"saved\":true,\"thumbnail\":{\"width\":220,\"height\":220},\"webview\":{\"0\":600,\"1\":898,\"2\":2,\"3\":\"width=\\\"600\\\" height=\\\"898\\\"\",\"bits\":8,\"channels\":3,\"mime\":\"image\\\/jpeg\"},\"views\":\"5\",\"likes\":\"0\"},\"title\":\"080 Barcelona Spring-Summer 2015\",\"description\":\"<p>080 Barcelona Spring-Summer 2015<\\\/p>\",\"link\":null,\"link_target\":\"\",\"download\":\"https:\\\/\\\/bobvarela.com\\\/wp-content\\\/flagallery\\\/miriam-ponsa-primavera-verano-2015\\\/miriam-ponsa-ss-2015-369.jpg\",\"ratio\":0.66815144766146994381728063672198913991451263427734375},{\"id\":\"16402\",\"image\":\"https:\\\/\\\/bobvarela.com\\\/wp-content\\\/flagallery\\\/miriam-ponsa-primavera-verano-2015\\\/webview\\\/miriam-ponsa-ss-2015-370.jpg\",\"thumb\":\"https:\\\/\\\/bobvarela.com\\\/wp-content\\\/flagallery\\\/miriam-ponsa-primavera-verano-2015\\\/thumbs\\\/thumbs_miriam-ponsa-ss-2015-370.jpg\",\"file\":\"miriam-ponsa-ss-2015-370.jpg\",\"meta\":{\"aperture\":false,\"credit\":false,\"camera\":false,\"caption\":\"080 Barcelona Spring-Summer 2015\",\"created_timestamp\":\"July 2, 2014 7:23 pm\",\"copyright\":\"\\u00c2\\u00a9 2014 Estrop-Barcelona PHOTOGRAPH FOR EDITORIAL USE ONLY\",\"focal_length\":false,\"iso\":false,\"shutter_speed\":false,\"flash\":false,\"title\":\"080 Barcelona Spring-Summer 2015\",\"keywords\":\"Spring-Summer 2015\",\"width\":600,\"height\":898,\"saved\":true,\"thumbnail\":{\"width\":220,\"height\":220},\"webview\":{\"0\":600,\"1\":898,\"2\":2,\"3\":\"width=\\\"600\\\" height=\\\"898\\\"\",\"bits\":8,\"channels\":3,\"mime\":\"image\\\/jpeg\"},\"views\":\"5\",\"likes\":\"0\"},\"title\":\"080 Barcelona Spring-Summer 2015\",\"description\":\"<p>080 Barcelona Spring-Summer 2015<\\\/p>\",\"link\":null,\"link_target\":\"\",\"download\":\"https:\\\/\\\/bobvarela.com\\\/wp-content\\\/flagallery\\\/miriam-ponsa-primavera-verano-2015\\\/miriam-ponsa-ss-2015-370.jpg\",\"ratio\":0.66815144766146994381728063672198913991451263427734375},{\"id\":\"16403\",\"image\":\"https:\\\/\\\/bobvarela.com\\\/wp-content\\\/flagallery\\\/miriam-ponsa-primavera-verano-2015\\\/webview\\\/miriam-ponsa-ss-2015-371.jpg\",\"thumb\":\"https:\\\/\\\/bobvarela.com\\\/wp-content\\\/flagallery\\\/miriam-ponsa-primavera-verano-2015\\\/thumbs\\\/thumbs_miriam-ponsa-ss-2015-371.jpg\",\"file\":\"miriam-ponsa-ss-2015-371.jpg\",\"meta\":{\"aperture\":false,\"credit\":false,\"camera\":false,\"caption\":\"080 Barcelona Spring-Summer 2015\",\"created_timestamp\":\"July 2, 2014 7:23 pm\",\"copyright\":\"\\u00c2\\u00a9 2014 Estrop-Barcelona PHOTOGRAPH FOR EDITORIAL USE ONLY\",\"focal_length\":false,\"iso\":false,\"shutter_speed\":false,\"flash\":false,\"title\":\"080 Barcelona Spring-Summer 2015\",\"keywords\":\"Spring-Summer 2015\",\"width\":600,\"height\":898,\"saved\":true,\"thumbnail\":{\"width\":220,\"height\":220},\"webview\":{\"0\":600,\"1\":898,\"2\":2,\"3\":\"width=\\\"600\\\" height=\\\"898\\\"\",\"bits\":8,\"channels\":3,\"mime\":\"image\\\/jpeg\"},\"views\":\"5\",\"likes\":\"0\"},\"title\":\"080 Barcelona Spring-Summer 2015\",\"description\":\"<p>080 Barcelona Spring-Summer 2015<\\\/p>\",\"link\":null,\"link_target\":\"\",\"download\":\"https:\\\/\\\/bobvarela.com\\\/wp-content\\\/flagallery\\\/miriam-ponsa-primavera-verano-2015\\\/miriam-ponsa-ss-2015-371.jpg\",\"ratio\":0.66815144766146994381728063672198913991451263427734375},{\"id\":\"16404\",\"image\":\"https:\\\/\\\/bobvarela.com\\\/wp-content\\\/flagallery\\\/miriam-ponsa-primavera-verano-2015\\\/webview\\\/miriam-ponsa-ss-2015-372.jpg\",\"thumb\":\"https:\\\/\\\/bobvarela.com\\\/wp-content\\\/flagallery\\\/miriam-ponsa-primavera-verano-2015\\\/thumbs\\\/thumbs_miriam-ponsa-ss-2015-372.jpg\",\"file\":\"miriam-ponsa-ss-2015-372.jpg\",\"meta\":{\"aperture\":false,\"credit\":false,\"camera\":false,\"caption\":\"080 Barcelona Spring-Summer 2015\",\"created_timestamp\":\"July 2, 2014 7:23 pm\",\"copyright\":\"\\u00c2\\u00a9 2014 Estrop-Barcelona PHOTOGRAPH FOR EDITORIAL USE ONLY\",\"focal_length\":false,\"iso\":false,\"shutter_speed\":false,\"flash\":false,\"title\":\"080 Barcelona Spring-Summer 2015\",\"keywords\":\"Spring-Summer 2015\",\"width\":898,\"height\":600,\"saved\":true,\"thumbnail\":{\"width\":220,\"height\":220},\"webview\":{\"0\":898,\"1\":600,\"2\":2,\"3\":\"width=\\\"898\\\" height=\\\"600\\\"\",\"bits\":8,\"channels\":3,\"mime\":\"image\\\/jpeg\"},\"views\":\"4\",\"likes\":\"0\"},\"title\":\"080 Barcelona Spring-Summer 2015\",\"description\":\"<p>080 Barcelona Spring-Summer 2015<\\\/p>\",\"link\":null,\"link_target\":\"\",\"download\":\"https:\\\/\\\/bobvarela.com\\\/wp-content\\\/flagallery\\\/miriam-ponsa-primavera-verano-2015\\\/miriam-ponsa-ss-2015-372.jpg\",\"ratio\":1.496666666666666589691203625989146530628204345703125},{\"id\":\"16405\",\"image\":\"https:\\\/\\\/bobvarela.com\\\/wp-content\\\/flagallery\\\/miriam-ponsa-primavera-verano-2015\\\/webview\\\/miriam-ponsa-ss-2015-373.jpg\",\"thumb\":\"https:\\\/\\\/bobvarela.com\\\/wp-content\\\/flagallery\\\/miriam-ponsa-primavera-verano-2015\\\/thumbs\\\/thumbs_miriam-ponsa-ss-2015-373.jpg\",\"file\":\"miriam-ponsa-ss-2015-373.jpg\",\"meta\":{\"aperture\":false,\"credit\":false,\"camera\":false,\"caption\":\"080 Barcelona Spring-Summer 2015\",\"created_timestamp\":\"July 2, 2014 7:23 pm\",\"copyright\":\"\\u00c2\\u00a9 2014 Estrop-Barcelona PHOTOGRAPH FOR EDITORIAL USE ONLY\",\"focal_length\":false,\"iso\":false,\"shutter_speed\":false,\"flash\":false,\"title\":\"080 Barcelona Spring-Summer 2015\",\"keywords\":\"Spring-Summer 2015\",\"width\":600,\"height\":898,\"saved\":true,\"thumbnail\":{\"width\":220,\"height\":220},\"webview\":{\"0\":600,\"1\":898,\"2\":2,\"3\":\"width=\\\"600\\\" height=\\\"898\\\"\",\"bits\":8,\"channels\":3,\"mime\":\"image\\\/jpeg\"},\"views\":\"4\",\"likes\":\"0\"},\"title\":\"080 Barcelona Spring-Summer 2015\",\"description\":\"<p>080 Barcelona Spring-Summer 2015<\\\/p>\",\"link\":null,\"link_target\":\"\",\"download\":\"https:\\\/\\\/bobvarela.com\\\/wp-content\\\/flagallery\\\/miriam-ponsa-primavera-verano-2015\\\/miriam-ponsa-ss-2015-373.jpg\",\"ratio\":0.66815144766146994381728063672198913991451263427734375},{\"id\":\"16406\",\"image\":\"https:\\\/\\\/bobvarela.com\\\/wp-content\\\/flagallery\\\/miriam-ponsa-primavera-verano-2015\\\/webview\\\/miriam-ponsa-ss-2015-374.jpg\",\"thumb\":\"https:\\\/\\\/bobvarela.com\\\/wp-content\\\/flagallery\\\/miriam-ponsa-primavera-verano-2015\\\/thumbs\\\/thumbs_miriam-ponsa-ss-2015-374.jpg\",\"file\":\"miriam-ponsa-ss-2015-374.jpg\",\"meta\":{\"aperture\":false,\"credit\":false,\"camera\":false,\"caption\":\"080 Barcelona Spring-Summer 2015\",\"created_timestamp\":\"July 2, 2014 7:23 pm\",\"copyright\":\"\\u00c2\\u00a9 2014 Estrop-Barcelona PHOTOGRAPH FOR EDITORIAL USE ONLY\",\"focal_length\":false,\"iso\":false,\"shutter_speed\":false,\"flash\":false,\"title\":\"080 Barcelona Spring-Summer 2015\",\"keywords\":\"Spring-Summer 2015\",\"width\":600,\"height\":898,\"saved\":true,\"thumbnail\":{\"width\":220,\"height\":220},\"webview\":{\"0\":600,\"1\":898,\"2\":2,\"3\":\"width=\\\"600\\\" height=\\\"898\\\"\",\"bits\":8,\"channels\":3,\"mime\":\"image\\\/jpeg\"},\"views\":\"4\",\"likes\":\"0\"},\"title\":\"080 Barcelona Spring-Summer 2015\",\"description\":\"<p>080 Barcelona Spring-Summer 2015<\\\/p>\",\"link\":null,\"link_target\":\"\",\"download\":\"https:\\\/\\\/bobvarela.com\\\/wp-content\\\/flagallery\\\/miriam-ponsa-primavera-verano-2015\\\/miriam-ponsa-ss-2015-374.jpg\",\"ratio\":0.66815144766146994381728063672198913991451263427734375},{\"id\":\"16407\",\"image\":\"https:\\\/\\\/bobvarela.com\\\/wp-content\\\/flagallery\\\/miriam-ponsa-primavera-verano-2015\\\/webview\\\/miriam-ponsa-ss-2015-375.jpg\",\"thumb\":\"https:\\\/\\\/bobvarela.com\\\/wp-content\\\/flagallery\\\/miriam-ponsa-primavera-verano-2015\\\/thumbs\\\/thumbs_miriam-ponsa-ss-2015-375.jpg\",\"file\":\"miriam-ponsa-ss-2015-375.jpg\",\"meta\":{\"aperture\":false,\"credit\":false,\"camera\":false,\"caption\":\"080 Barcelona Spring-Summer 2015\",\"created_timestamp\":\"July 2, 2014 7:23 pm\",\"copyright\":\"\\u00c2\\u00a9 2014 Estrop-Barcelona PHOTOGRAPH FOR EDITORIAL USE ONLY\",\"focal_length\":false,\"iso\":false,\"shutter_speed\":false,\"flash\":false,\"title\":\"080 Barcelona Spring-Summer 2015\",\"keywords\":\"Spring-Summer 2015\",\"width\":600,\"height\":898,\"saved\":true,\"thumbnail\":{\"width\":220,\"height\":220},\"webview\":{\"0\":600,\"1\":898,\"2\":2,\"3\":\"width=\\\"600\\\" height=\\\"898\\\"\",\"bits\":8,\"channels\":3,\"mime\":\"image\\\/jpeg\"},\"views\":\"5\",\"likes\":\"0\"},\"title\":\"080 Barcelona Spring-Summer 2015\",\"description\":\"<p>080 Barcelona Spring-Summer 2015<\\\/p>\",\"link\":null,\"link_target\":\"\",\"download\":\"https:\\\/\\\/bobvarela.com\\\/wp-content\\\/flagallery\\\/miriam-ponsa-primavera-verano-2015\\\/miriam-ponsa-ss-2015-375.jpg\",\"ratio\":0.66815144766146994381728063672198913991451263427734375},{\"id\":\"16408\",\"image\":\"https:\\\/\\\/bobvarela.com\\\/wp-content\\\/flagallery\\\/miriam-ponsa-primavera-verano-2015\\\/webview\\\/miriam-ponsa-ss-2015-376.jpg\",\"thumb\":\"https:\\\/\\\/bobvarela.com\\\/wp-content\\\/flagallery\\\/miriam-ponsa-primavera-verano-2015\\\/thumbs\\\/thumbs_miriam-ponsa-ss-2015-376.jpg\",\"file\":\"miriam-ponsa-ss-2015-376.jpg\",\"meta\":{\"aperture\":false,\"credit\":false,\"camera\":false,\"caption\":\"080 Barcelona Spring-Summer 2015\",\"created_timestamp\":\"July 2, 2014 7:23 pm\",\"copyright\":\"\\u00c2\\u00a9 2014 Estrop-Barcelona PHOTOGRAPH FOR EDITORIAL USE ONLY\",\"focal_length\":false,\"iso\":false,\"shutter_speed\":false,\"flash\":false,\"title\":\"080 Barcelona Spring-Summer 2015\",\"keywords\":\"Spring-Summer 2015\",\"width\":600,\"height\":898,\"saved\":true,\"thumbnail\":{\"width\":220,\"height\":220},\"webview\":{\"0\":600,\"1\":898,\"2\":2,\"3\":\"width=\\\"600\\\" height=\\\"898\\\"\",\"bits\":8,\"channels\":3,\"mime\":\"image\\\/jpeg\"},\"views\":\"4\",\"likes\":\"0\"},\"title\":\"080 Barcelona Spring-Summer 2015\",\"description\":\"<p>080 Barcelona Spring-Summer 2015<\\\/p>\",\"link\":null,\"link_target\":\"\",\"download\":\"https:\\\/\\\/bobvarela.com\\\/wp-content\\\/flagallery\\\/miriam-ponsa-primavera-verano-2015\\\/miriam-ponsa-ss-2015-376.jpg\",\"ratio\":0.66815144766146994381728063672198913991451263427734375},{\"id\":\"16409\",\"image\":\"https:\\\/\\\/bobvarela.com\\\/wp-content\\\/flagallery\\\/miriam-ponsa-primavera-verano-2015\\\/webview\\\/miriam-ponsa-ss-2015-377.jpg\",\"thumb\":\"https:\\\/\\\/bobvarela.com\\\/wp-content\\\/flagallery\\\/miriam-ponsa-primavera-verano-2015\\\/thumbs\\\/thumbs_miriam-ponsa-ss-2015-377.jpg\",\"file\":\"miriam-ponsa-ss-2015-377.jpg\",\"meta\":{\"aperture\":false,\"credit\":false,\"camera\":false,\"caption\":\"080 Barcelona Spring-Summer 2015\",\"created_timestamp\":\"July 2, 2014 7:23 pm\",\"copyright\":\"\\u00c2\\u00a9 2014 Estrop-Barcelona PHOTOGRAPH FOR EDITORIAL USE ONLY\",\"focal_length\":false,\"iso\":false,\"shutter_speed\":false,\"flash\":false,\"title\":\"080 Barcelona Spring-Summer 2015\",\"keywords\":\"Spring-Summer 2015\",\"width\":600,\"height\":898,\"saved\":true,\"thumbnail\":{\"width\":220,\"height\":220},\"webview\":{\"0\":600,\"1\":898,\"2\":2,\"3\":\"width=\\\"600\\\" height=\\\"898\\\"\",\"bits\":8,\"channels\":3,\"mime\":\"image\\\/jpeg\"},\"views\":\"4\",\"likes\":\"0\"},\"title\":\"080 Barcelona Spring-Summer 2015\",\"description\":\"<p>080 Barcelona Spring-Summer 2015<\\\/p>\",\"link\":null,\"link_target\":\"\",\"download\":\"https:\\\/\\\/bobvarela.com\\\/wp-content\\\/flagallery\\\/miriam-ponsa-primavera-verano-2015\\\/miriam-ponsa-ss-2015-377.jpg\",\"ratio\":0.66815144766146994381728063672198913991451263427734375},{\"id\":\"16410\",\"image\":\"https:\\\/\\\/bobvarela.com\\\/wp-content\\\/flagallery\\\/miriam-ponsa-primavera-verano-2015\\\/webview\\\/miriam-ponsa-ss-2015-378.jpg\",\"thumb\":\"https:\\\/\\\/bobvarela.com\\\/wp-content\\\/flagallery\\\/miriam-ponsa-primavera-verano-2015\\\/thumbs\\\/thumbs_miriam-ponsa-ss-2015-378.jpg\",\"file\":\"miriam-ponsa-ss-2015-378.jpg\",\"meta\":{\"aperture\":false,\"credit\":false,\"camera\":false,\"caption\":\"080 Barcelona Spring-Summer 2015\",\"created_timestamp\":\"July 2, 2014 7:24 pm\",\"copyright\":\"\\u00c2\\u00a9 2014 Estrop-Barcelona PHOTOGRAPH FOR EDITORIAL USE ONLY\",\"focal_length\":false,\"iso\":false,\"shutter_speed\":false,\"flash\":false,\"title\":\"080 Barcelona Spring-Summer 2015\",\"keywords\":\"Spring-Summer 2015\",\"width\":600,\"height\":898,\"saved\":true,\"thumbnail\":{\"width\":220,\"height\":220},\"webview\":{\"0\":600,\"1\":898,\"2\":2,\"3\":\"width=\\\"600\\\" height=\\\"898\\\"\",\"bits\":8,\"channels\":3,\"mime\":\"image\\\/jpeg\"},\"views\":\"5\",\"likes\":\"0\"},\"title\":\"080 Barcelona Spring-Summer 2015\",\"description\":\"<p>080 Barcelona Spring-Summer 2015<\\\/p>\",\"link\":null,\"link_target\":\"\",\"download\":\"https:\\\/\\\/bobvarela.com\\\/wp-content\\\/flagallery\\\/miriam-ponsa-primavera-verano-2015\\\/miriam-ponsa-ss-2015-378.jpg\",\"ratio\":0.66815144766146994381728063672198913991451263427734375},{\"id\":\"16411\",\"image\":\"https:\\\/\\\/bobvarela.com\\\/wp-content\\\/flagallery\\\/miriam-ponsa-primavera-verano-2015\\\/webview\\\/miriam-ponsa-ss-2015-379.jpg\",\"thumb\":\"https:\\\/\\\/bobvarela.com\\\/wp-content\\\/flagallery\\\/miriam-ponsa-primavera-verano-2015\\\/thumbs\\\/thumbs_miriam-ponsa-ss-2015-379.jpg\",\"file\":\"miriam-ponsa-ss-2015-379.jpg\",\"meta\":{\"aperture\":false,\"credit\":false,\"camera\":false,\"caption\":\"080 Barcelona Spring-Summer 2015\",\"created_timestamp\":\"July 2, 2014 7:24 pm\",\"copyright\":\"\\u00c2\\u00a9 2014 Estrop-Barcelona PHOTOGRAPH FOR EDITORIAL USE ONLY\",\"focal_length\":false,\"iso\":false,\"shutter_speed\":false,\"flash\":false,\"title\":\"080 Barcelona Spring-Summer 2015\",\"keywords\":\"Spring-Summer 2015\",\"width\":600,\"height\":898,\"saved\":true,\"thumbnail\":{\"width\":220,\"height\":220},\"webview\":{\"0\":600,\"1\":898,\"2\":2,\"3\":\"width=\\\"600\\\" height=\\\"898\\\"\",\"bits\":8,\"channels\":3,\"mime\":\"image\\\/jpeg\"},\"views\":\"4\",\"likes\":\"0\"},\"title\":\"080 Barcelona Spring-Summer 2015\",\"description\":\"<p>080 Barcelona Spring-Summer 2015<\\\/p>\",\"link\":null,\"link_target\":\"\",\"download\":\"https:\\\/\\\/bobvarela.com\\\/wp-content\\\/flagallery\\\/miriam-ponsa-primavera-verano-2015\\\/miriam-ponsa-ss-2015-379.jpg\",\"ratio\":0.66815144766146994381728063672198913991451263427734375},{\"id\":\"16412\",\"image\":\"https:\\\/\\\/bobvarela.com\\\/wp-content\\\/flagallery\\\/miriam-ponsa-primavera-verano-2015\\\/webview\\\/miriam-ponsa-ss-2015-380.jpg\",\"thumb\":\"https:\\\/\\\/bobvarela.com\\\/wp-content\\\/flagallery\\\/miriam-ponsa-primavera-verano-2015\\\/thumbs\\\/thumbs_miriam-ponsa-ss-2015-380.jpg\",\"file\":\"miriam-ponsa-ss-2015-380.jpg\",\"meta\":{\"aperture\":false,\"credit\":false,\"camera\":false,\"caption\":\"080 Barcelona Spring-Summer 2015\",\"created_timestamp\":\"July 2, 2014 7:24 pm\",\"copyright\":\"\\u00c2\\u00a9 2014 Estrop-Barcelona PHOTOGRAPH FOR EDITORIAL USE ONLY\",\"focal_length\":false,\"iso\":false,\"shutter_speed\":false,\"flash\":false,\"title\":\"080 Barcelona Spring-Summer 2015\",\"keywords\":\"Spring-Summer 2015\",\"width\":600,\"height\":898,\"saved\":true,\"thumbnail\":{\"width\":220,\"height\":220},\"webview\":{\"0\":600,\"1\":898,\"2\":2,\"3\":\"width=\\\"600\\\" height=\\\"898\\\"\",\"bits\":8,\"channels\":3,\"mime\":\"image\\\/jpeg\"},\"views\":\"4\",\"likes\":\"0\"},\"title\":\"080 Barcelona Spring-Summer 2015\",\"description\":\"<p>080 Barcelona Spring-Summer 2015<\\\/p>\",\"link\":null,\"link_target\":\"\",\"download\":\"https:\\\/\\\/bobvarela.com\\\/wp-content\\\/flagallery\\\/miriam-ponsa-primavera-verano-2015\\\/miriam-ponsa-ss-2015-380.jpg\",\"ratio\":0.66815144766146994381728063672198913991451263427734375},{\"id\":\"16413\",\"image\":\"https:\\\/\\\/bobvarela.com\\\/wp-content\\\/flagallery\\\/miriam-ponsa-primavera-verano-2015\\\/webview\\\/miriam-ponsa-ss-2015-381.jpg\",\"thumb\":\"https:\\\/\\\/bobvarela.com\\\/wp-content\\\/flagallery\\\/miriam-ponsa-primavera-verano-2015\\\/thumbs\\\/thumbs_miriam-ponsa-ss-2015-381.jpg\",\"file\":\"miriam-ponsa-ss-2015-381.jpg\",\"meta\":{\"aperture\":false,\"credit\":false,\"camera\":false,\"caption\":\"080 Barcelona Spring-Summer 2015\",\"created_timestamp\":\"July 2, 2014 7:24 pm\",\"copyright\":\"\\u00c2\\u00a9 2014 Estrop-Barcelona PHOTOGRAPH FOR EDITORIAL USE ONLY\",\"focal_length\":false,\"iso\":false,\"shutter_speed\":false,\"flash\":false,\"title\":\"080 Barcelona Spring-Summer 2015\",\"keywords\":\"Spring-Summer 2015\",\"width\":600,\"height\":898,\"saved\":true,\"thumbnail\":{\"width\":220,\"height\":220},\"webview\":{\"0\":600,\"1\":898,\"2\":2,\"3\":\"width=\\\"600\\\" height=\\\"898\\\"\",\"bits\":8,\"channels\":3,\"mime\":\"image\\\/jpeg\"},\"views\":\"4\",\"likes\":\"0\"},\"title\":\"080 Barcelona Spring-Summer 2015\",\"description\":\"<p>080 Barcelona Spring-Summer 2015<\\\/p>\",\"link\":null,\"link_target\":\"\",\"download\":\"https:\\\/\\\/bobvarela.com\\\/wp-content\\\/flagallery\\\/miriam-ponsa-primavera-verano-2015\\\/miriam-ponsa-ss-2015-381.jpg\",\"ratio\":0.66815144766146994381728063672198913991451263427734375},{\"id\":\"16414\",\"image\":\"https:\\\/\\\/bobvarela.com\\\/wp-content\\\/flagallery\\\/miriam-ponsa-primavera-verano-2015\\\/webview\\\/miriam-ponsa-ss-2015-382.jpg\",\"thumb\":\"https:\\\/\\\/bobvarela.com\\\/wp-content\\\/flagallery\\\/miriam-ponsa-primavera-verano-2015\\\/thumbs\\\/thumbs_miriam-ponsa-ss-2015-382.jpg\",\"file\":\"miriam-ponsa-ss-2015-382.jpg\",\"meta\":{\"aperture\":false,\"credit\":false,\"camera\":false,\"caption\":\"080 Barcelona Spring-Summer 2015\",\"created_timestamp\":\"July 2, 2014 7:25 pm\",\"copyright\":\"\\u00c2\\u00a9 2014 Estrop-Barcelona PHOTOGRAPH FOR EDITORIAL USE ONLY\",\"focal_length\":false,\"iso\":false,\"shutter_speed\":false,\"flash\":false,\"title\":\"080 Barcelona Spring-Summer 2015\",\"keywords\":\"Spring-Summer 2015\",\"width\":600,\"height\":898,\"saved\":true,\"thumbnail\":{\"width\":220,\"height\":220},\"webview\":{\"0\":600,\"1\":898,\"2\":2,\"3\":\"width=\\\"600\\\" height=\\\"898\\\"\",\"bits\":8,\"channels\":3,\"mime\":\"image\\\/jpeg\"},\"views\":\"4\",\"likes\":\"0\"},\"title\":\"080 Barcelona Spring-Summer 2015\",\"description\":\"<p>080 Barcelona Spring-Summer 2015<\\\/p>\",\"link\":null,\"link_target\":\"\",\"download\":\"https:\\\/\\\/bobvarela.com\\\/wp-content\\\/flagallery\\\/miriam-ponsa-primavera-verano-2015\\\/miriam-ponsa-ss-2015-382.jpg\",\"ratio\":0.66815144766146994381728063672198913991451263427734375},{\"id\":\"16415\",\"image\":\"https:\\\/\\\/bobvarela.com\\\/wp-content\\\/flagallery\\\/miriam-ponsa-primavera-verano-2015\\\/webview\\\/miriam-ponsa-ss-2015-383.jpg\",\"thumb\":\"https:\\\/\\\/bobvarela.com\\\/wp-content\\\/flagallery\\\/miriam-ponsa-primavera-verano-2015\\\/thumbs\\\/thumbs_miriam-ponsa-ss-2015-383.jpg\",\"file\":\"miriam-ponsa-ss-2015-383.jpg\",\"meta\":{\"aperture\":false,\"credit\":false,\"camera\":false,\"caption\":\"080 Barcelona Spring-Summer 2015\",\"created_timestamp\":\"July 2, 2014 7:24 pm\",\"copyright\":\"\\u00c2\\u00a9 2014 Estrop-Barcelona PHOTOGRAPH FOR EDITORIAL USE ONLY\",\"focal_length\":false,\"iso\":false,\"shutter_speed\":false,\"flash\":false,\"title\":\"080 Barcelona Spring-Summer 2015\",\"keywords\":\"Spring-Summer 2015\",\"width\":600,\"height\":898,\"saved\":true,\"thumbnail\":{\"width\":220,\"height\":220},\"webview\":{\"0\":600,\"1\":898,\"2\":2,\"3\":\"width=\\\"600\\\" height=\\\"898\\\"\",\"bits\":8,\"channels\":3,\"mime\":\"image\\\/jpeg\"},\"views\":\"5\",\"likes\":\"0\"},\"title\":\"080 Barcelona Spring-Summer 2015\",\"description\":\"<p>080 Barcelona Spring-Summer 2015<\\\/p>\",\"link\":null,\"link_target\":\"\",\"download\":\"https:\\\/\\\/bobvarela.com\\\/wp-content\\\/flagallery\\\/miriam-ponsa-primavera-verano-2015\\\/miriam-ponsa-ss-2015-383.jpg\",\"ratio\":0.66815144766146994381728063672198913991451263427734375},{\"id\":\"16416\",\"image\":\"https:\\\/\\\/bobvarela.com\\\/wp-content\\\/flagallery\\\/miriam-ponsa-primavera-verano-2015\\\/webview\\\/miriam-ponsa-ss-2015-384.jpg\",\"thumb\":\"https:\\\/\\\/bobvarela.com\\\/wp-content\\\/flagallery\\\/miriam-ponsa-primavera-verano-2015\\\/thumbs\\\/thumbs_miriam-ponsa-ss-2015-384.jpg\",\"file\":\"miriam-ponsa-ss-2015-384.jpg\",\"meta\":{\"aperture\":false,\"credit\":false,\"camera\":false,\"caption\":\"080 Barcelona Spring-Summer 2015\",\"created_timestamp\":\"July 2, 2014 7:24 pm\",\"copyright\":\"\\u00c2\\u00a9 2014 Estrop-Barcelona PHOTOGRAPH FOR EDITORIAL USE ONLY\",\"focal_length\":false,\"iso\":false,\"shutter_speed\":false,\"flash\":false,\"title\":\"080 Barcelona Spring-Summer 2015\",\"keywords\":\"Spring-Summer 2015\",\"width\":600,\"height\":898,\"saved\":true,\"thumbnail\":{\"width\":220,\"height\":220},\"webview\":{\"0\":600,\"1\":898,\"2\":2,\"3\":\"width=\\\"600\\\" height=\\\"898\\\"\",\"bits\":8,\"channels\":3,\"mime\":\"image\\\/jpeg\"},\"views\":\"4\",\"likes\":\"0\"},\"title\":\"080 Barcelona Spring-Summer 2015\",\"description\":\"<p>080 Barcelona Spring-Summer 2015<\\\/p>\",\"link\":null,\"link_target\":\"\",\"download\":\"https:\\\/\\\/bobvarela.com\\\/wp-content\\\/flagallery\\\/miriam-ponsa-primavera-verano-2015\\\/miriam-ponsa-ss-2015-384.jpg\",\"ratio\":0.66815144766146994381728063672198913991451263427734375},{\"id\":\"16417\",\"image\":\"https:\\\/\\\/bobvarela.com\\\/wp-content\\\/flagallery\\\/miriam-ponsa-primavera-verano-2015\\\/webview\\\/miriam-ponsa-ss-2015-385.jpg\",\"thumb\":\"https:\\\/\\\/bobvarela.com\\\/wp-content\\\/flagallery\\\/miriam-ponsa-primavera-verano-2015\\\/thumbs\\\/thumbs_miriam-ponsa-ss-2015-385.jpg\",\"file\":\"miriam-ponsa-ss-2015-385.jpg\",\"meta\":{\"aperture\":false,\"credit\":false,\"camera\":false,\"caption\":\"080 Barcelona Spring-Summer 2015\",\"created_timestamp\":\"July 2, 2014 7:25 pm\",\"copyright\":\"\\u00c2\\u00a9 2014 Estrop-Barcelona PHOTOGRAPH FOR EDITORIAL USE ONLY\",\"focal_length\":false,\"iso\":false,\"shutter_speed\":false,\"flash\":false,\"title\":\"080 Barcelona Spring-Summer 2015\",\"keywords\":\"Spring-Summer 2015\",\"width\":600,\"height\":898,\"saved\":true,\"thumbnail\":{\"width\":220,\"height\":220},\"webview\":{\"0\":600,\"1\":898,\"2\":2,\"3\":\"width=\\\"600\\\" height=\\\"898\\\"\",\"bits\":8,\"channels\":3,\"mime\":\"image\\\/jpeg\"},\"views\":\"5\",\"likes\":\"0\"},\"title\":\"080 Barcelona Spring-Summer 2015\",\"description\":\"<p>080 Barcelona Spring-Summer 2015<\\\/p>\",\"link\":null,\"link_target\":\"\",\"download\":\"https:\\\/\\\/bobvarela.com\\\/wp-content\\\/flagallery\\\/miriam-ponsa-primavera-verano-2015\\\/miriam-ponsa-ss-2015-385.jpg\",\"ratio\":0.66815144766146994381728063672198913991451263427734375},{\"id\":\"16418\",\"image\":\"https:\\\/\\\/bobvarela.com\\\/wp-content\\\/flagallery\\\/miriam-ponsa-primavera-verano-2015\\\/webview\\\/miriam-ponsa-ss-2015-386.jpg\",\"thumb\":\"https:\\\/\\\/bobvarela.com\\\/wp-content\\\/flagallery\\\/miriam-ponsa-primavera-verano-2015\\\/thumbs\\\/thumbs_miriam-ponsa-ss-2015-386.jpg\",\"file\":\"miriam-ponsa-ss-2015-386.jpg\",\"meta\":{\"aperture\":false,\"credit\":false,\"camera\":false,\"caption\":\"080 Barcelona Spring-Summer 2015\",\"created_timestamp\":\"July 2, 2014 7:25 pm\",\"copyright\":\"\\u00c2\\u00a9 2014 Estrop-Barcelona PHOTOGRAPH FOR EDITORIAL USE ONLY\",\"focal_length\":false,\"iso\":false,\"shutter_speed\":false,\"flash\":false,\"title\":\"080 Barcelona Spring-Summer 2015\",\"keywords\":\"Spring-Summer 2015\",\"width\":600,\"height\":898,\"saved\":true,\"thumbnail\":{\"width\":220,\"height\":220},\"webview\":{\"0\":600,\"1\":898,\"2\":2,\"3\":\"width=\\\"600\\\" height=\\\"898\\\"\",\"bits\":8,\"channels\":3,\"mime\":\"image\\\/jpeg\"},\"views\":\"4\",\"likes\":\"0\"},\"title\":\"080 Barcelona Spring-Summer 2015\",\"description\":\"<p>080 Barcelona Spring-Summer 2015<\\\/p>\",\"link\":null,\"link_target\":\"\",\"download\":\"https:\\\/\\\/bobvarela.com\\\/wp-content\\\/flagallery\\\/miriam-ponsa-primavera-verano-2015\\\/miriam-ponsa-ss-2015-386.jpg\",\"ratio\":0.66815144766146994381728063672198913991451263427734375},{\"id\":\"16419\",\"image\":\"https:\\\/\\\/bobvarela.com\\\/wp-content\\\/flagallery\\\/miriam-ponsa-primavera-verano-2015\\\/webview\\\/miriam-ponsa-ss-2015-387.jpg\",\"thumb\":\"https:\\\/\\\/bobvarela.com\\\/wp-content\\\/flagallery\\\/miriam-ponsa-primavera-verano-2015\\\/thumbs\\\/thumbs_miriam-ponsa-ss-2015-387.jpg\",\"file\":\"miriam-ponsa-ss-2015-387.jpg\",\"meta\":{\"aperture\":false,\"credit\":false,\"camera\":false,\"caption\":\"080 Barcelona Spring-Summer 2015\",\"created_timestamp\":\"July 2, 2014 7:25 pm\",\"copyright\":\"\\u00c2\\u00a9 2014 Estrop-Barcelona PHOTOGRAPH FOR EDITORIAL USE ONLY\",\"focal_length\":false,\"iso\":false,\"shutter_speed\":false,\"flash\":false,\"title\":\"080 Barcelona Spring-Summer 2015\",\"keywords\":\"Spring-Summer 2015\",\"width\":600,\"height\":898,\"saved\":true,\"thumbnail\":{\"width\":220,\"height\":220},\"webview\":{\"0\":600,\"1\":898,\"2\":2,\"3\":\"width=\\\"600\\\" height=\\\"898\\\"\",\"bits\":8,\"channels\":3,\"mime\":\"image\\\/jpeg\"},\"views\":\"5\",\"likes\":\"0\"},\"title\":\"080 Barcelona Spring-Summer 2015\",\"description\":\"<p>080 Barcelona Spring-Summer 2015<\\\/p>\",\"link\":null,\"link_target\":\"\",\"download\":\"https:\\\/\\\/bobvarela.com\\\/wp-content\\\/flagallery\\\/miriam-ponsa-primavera-verano-2015\\\/miriam-ponsa-ss-2015-387.jpg\",\"ratio\":0.66815144766146994381728063672198913991451263427734375},{\"id\":\"16420\",\"image\":\"https:\\\/\\\/bobvarela.com\\\/wp-content\\\/flagallery\\\/miriam-ponsa-primavera-verano-2015\\\/webview\\\/miriam-ponsa-ss-2015-388.jpg\",\"thumb\":\"https:\\\/\\\/bobvarela.com\\\/wp-content\\\/flagallery\\\/miriam-ponsa-primavera-verano-2015\\\/thumbs\\\/thumbs_miriam-ponsa-ss-2015-388.jpg\",\"file\":\"miriam-ponsa-ss-2015-388.jpg\",\"meta\":{\"aperture\":false,\"credit\":false,\"camera\":false,\"caption\":\"080 Barcelona Spring-Summer 2015\",\"created_timestamp\":\"July 2, 2014 7:25 pm\",\"copyright\":\"\\u00c2\\u00a9 2014 Estrop-Barcelona PHOTOGRAPH FOR EDITORIAL USE ONLY\",\"focal_length\":false,\"iso\":false,\"shutter_speed\":false,\"flash\":false,\"title\":\"080 Barcelona Spring-Summer 2015\",\"keywords\":\"Spring-Summer 2015\",\"width\":600,\"height\":898,\"saved\":true,\"thumbnail\":{\"width\":220,\"height\":220},\"webview\":{\"0\":600,\"1\":898,\"2\":2,\"3\":\"width=\\\"600\\\" height=\\\"898\\\"\",\"bits\":8,\"channels\":3,\"mime\":\"image\\\/jpeg\"},\"views\":\"4\",\"likes\":\"0\"},\"title\":\"080 Barcelona Spring-Summer 2015\",\"description\":\"<p>080 Barcelona Spring-Summer 2015<\\\/p>\",\"link\":null,\"link_target\":\"\",\"download\":\"https:\\\/\\\/bobvarela.com\\\/wp-content\\\/flagallery\\\/miriam-ponsa-primavera-verano-2015\\\/miriam-ponsa-ss-2015-388.jpg\",\"ratio\":0.66815144766146994381728063672198913991451263427734375},{\"id\":\"16421\",\"image\":\"https:\\\/\\\/bobvarela.com\\\/wp-content\\\/flagallery\\\/miriam-ponsa-primavera-verano-2015\\\/webview\\\/miriam-ponsa-ss-2015-389.jpg\",\"thumb\":\"https:\\\/\\\/bobvarela.com\\\/wp-content\\\/flagallery\\\/miriam-ponsa-primavera-verano-2015\\\/thumbs\\\/thumbs_miriam-ponsa-ss-2015-389.jpg\",\"file\":\"miriam-ponsa-ss-2015-389.jpg\",\"meta\":{\"aperture\":false,\"credit\":false,\"camera\":false,\"caption\":\"080 Barcelona Spring-Summer 2015\",\"created_timestamp\":\"July 2, 2014 7:25 pm\",\"copyright\":\"\\u00c2\\u00a9 2014 Estrop-Barcelona PHOTOGRAPH FOR EDITORIAL USE ONLY\",\"focal_length\":false,\"iso\":false,\"shutter_speed\":false,\"flash\":false,\"title\":\"080 Barcelona Spring-Summer 2015\",\"keywords\":\"Spring-Summer 2015\",\"width\":600,\"height\":898,\"saved\":true,\"thumbnail\":{\"width\":220,\"height\":220},\"webview\":{\"0\":600,\"1\":898,\"2\":2,\"3\":\"width=\\\"600\\\" height=\\\"898\\\"\",\"bits\":8,\"channels\":3,\"mime\":\"image\\\/jpeg\"},\"views\":\"5\",\"likes\":\"0\"},\"title\":\"080 Barcelona Spring-Summer 2015\",\"description\":\"<p>080 Barcelona Spring-Summer 2015<\\\/p>\",\"link\":null,\"link_target\":\"\",\"download\":\"https:\\\/\\\/bobvarela.com\\\/wp-content\\\/flagallery\\\/miriam-ponsa-primavera-verano-2015\\\/miriam-ponsa-ss-2015-389.jpg\",\"ratio\":0.66815144766146994381728063672198913991451263427734375},{\"id\":\"16422\",\"image\":\"https:\\\/\\\/bobvarela.com\\\/wp-content\\\/flagallery\\\/miriam-ponsa-primavera-verano-2015\\\/webview\\\/miriam-ponsa-ss-2015-390.jpg\",\"thumb\":\"https:\\\/\\\/bobvarela.com\\\/wp-content\\\/flagallery\\\/miriam-ponsa-primavera-verano-2015\\\/thumbs\\\/thumbs_miriam-ponsa-ss-2015-390.jpg\",\"file\":\"miriam-ponsa-ss-2015-390.jpg\",\"meta\":{\"aperture\":false,\"credit\":false,\"camera\":false,\"caption\":\"080 Barcelona Spring-Summer 2015\",\"created_timestamp\":\"July 2, 2014 7:25 pm\",\"copyright\":\"\\u00c2\\u00a9 2014 Estrop-Barcelona PHOTOGRAPH FOR EDITORIAL USE ONLY\",\"focal_length\":false,\"iso\":false,\"shutter_speed\":false,\"flash\":false,\"title\":\"080 Barcelona Spring-Summer 2015\",\"keywords\":\"Spring-Summer 2015\",\"width\":600,\"height\":898,\"saved\":true,\"thumbnail\":{\"width\":220,\"height\":220},\"webview\":{\"0\":600,\"1\":898,\"2\":2,\"3\":\"width=\\\"600\\\" height=\\\"898\\\"\",\"bits\":8,\"channels\":3,\"mime\":\"image\\\/jpeg\"},\"views\":\"4\",\"likes\":\"0\"},\"title\":\"080 Barcelona Spring-Summer 2015\",\"description\":\"<p>080 Barcelona Spring-Summer 2015<\\\/p>\",\"link\":null,\"link_target\":\"\",\"download\":\"https:\\\/\\\/bobvarela.com\\\/wp-content\\\/flagallery\\\/miriam-ponsa-primavera-verano-2015\\\/miriam-ponsa-ss-2015-390.jpg\",\"ratio\":0.66815144766146994381728063672198913991451263427734375},{\"id\":\"16423\",\"image\":\"https:\\\/\\\/bobvarela.com\\\/wp-content\\\/flagallery\\\/miriam-ponsa-primavera-verano-2015\\\/webview\\\/miriam-ponsa-ss-2015-391.jpg\",\"thumb\":\"https:\\\/\\\/bobvarela.com\\\/wp-content\\\/flagallery\\\/miriam-ponsa-primavera-verano-2015\\\/thumbs\\\/thumbs_miriam-ponsa-ss-2015-391.jpg\",\"file\":\"miriam-ponsa-ss-2015-391.jpg\",\"meta\":{\"aperture\":false,\"credit\":false,\"camera\":false,\"caption\":\"080 Barcelona Spring-Summer 2015\",\"created_timestamp\":\"July 2, 2014 7:26 pm\",\"copyright\":\"\\u00c2\\u00a9 2014 Estrop-Barcelona PHOTOGRAPH FOR EDITORIAL USE ONLY\",\"focal_length\":false,\"iso\":false,\"shutter_speed\":false,\"flash\":false,\"title\":\"080 Barcelona Spring-Summer 2015\",\"keywords\":\"Spring-Summer 2015\",\"width\":600,\"height\":898,\"saved\":true,\"thumbnail\":{\"width\":220,\"height\":220},\"webview\":{\"0\":600,\"1\":898,\"2\":2,\"3\":\"width=\\\"600\\\" height=\\\"898\\\"\",\"bits\":8,\"channels\":3,\"mime\":\"image\\\/jpeg\"},\"views\":\"4\",\"likes\":\"0\"},\"title\":\"080 Barcelona Spring-Summer 2015\",\"description\":\"<p>080 Barcelona Spring-Summer 2015<\\\/p>\",\"link\":null,\"link_target\":\"\",\"download\":\"https:\\\/\\\/bobvarela.com\\\/wp-content\\\/flagallery\\\/miriam-ponsa-primavera-verano-2015\\\/miriam-ponsa-ss-2015-391.jpg\",\"ratio\":0.66815144766146994381728063672198913991451263427734375},{\"id\":\"16424\",\"image\":\"https:\\\/\\\/bobvarela.com\\\/wp-content\\\/flagallery\\\/miriam-ponsa-primavera-verano-2015\\\/webview\\\/miriam-ponsa-ss-2015-392.jpg\",\"thumb\":\"https:\\\/\\\/bobvarela.com\\\/wp-content\\\/flagallery\\\/miriam-ponsa-primavera-verano-2015\\\/thumbs\\\/thumbs_miriam-ponsa-ss-2015-392.jpg\",\"file\":\"miriam-ponsa-ss-2015-392.jpg\",\"meta\":{\"aperture\":false,\"credit\":false,\"camera\":false,\"caption\":\"080 Barcelona Spring-Summer 2015\",\"created_timestamp\":\"July 2, 2014 7:26 pm\",\"copyright\":\"\\u00c2\\u00a9 2014 Estrop-Barcelona PHOTOGRAPH FOR EDITORIAL USE ONLY\",\"focal_length\":false,\"iso\":false,\"shutter_speed\":false,\"flash\":false,\"title\":\"080 Barcelona Spring-Summer 2015\",\"keywords\":\"Spring-Summer 2015\",\"width\":600,\"height\":898,\"saved\":true,\"thumbnail\":{\"width\":220,\"height\":220},\"webview\":{\"0\":600,\"1\":898,\"2\":2,\"3\":\"width=\\\"600\\\" height=\\\"898\\\"\",\"bits\":8,\"channels\":3,\"mime\":\"image\\\/jpeg\"},\"views\":\"5\",\"likes\":\"0\"},\"title\":\"080 Barcelona Spring-Summer 2015\",\"description\":\"<p>080 Barcelona Spring-Summer 2015<\\\/p>\",\"link\":null,\"link_target\":\"\",\"download\":\"https:\\\/\\\/bobvarela.com\\\/wp-content\\\/flagallery\\\/miriam-ponsa-primavera-verano-2015\\\/miriam-ponsa-ss-2015-392.jpg\",\"ratio\":0.66815144766146994381728063672198913991451263427734375},{\"id\":\"16425\",\"image\":\"https:\\\/\\\/bobvarela.com\\\/wp-content\\\/flagallery\\\/miriam-ponsa-primavera-verano-2015\\\/webview\\\/miriam-ponsa-ss-2015-393.jpg\",\"thumb\":\"https:\\\/\\\/bobvarela.com\\\/wp-content\\\/flagallery\\\/miriam-ponsa-primavera-verano-2015\\\/thumbs\\\/thumbs_miriam-ponsa-ss-2015-393.jpg\",\"file\":\"miriam-ponsa-ss-2015-393.jpg\",\"meta\":{\"aperture\":false,\"credit\":false,\"camera\":false,\"caption\":\"080 Barcelona Spring-Summer 2015\",\"created_timestamp\":\"July 2, 2014 7:26 pm\",\"copyright\":\"\\u00c2\\u00a9 2014 Estrop-Barcelona PHOTOGRAPH FOR EDITORIAL USE ONLY\",\"focal_length\":false,\"iso\":false,\"shutter_speed\":false,\"flash\":false,\"title\":\"080 Barcelona Spring-Summer 2015\",\"keywords\":\"Spring-Summer 2015\",\"width\":600,\"height\":898,\"saved\":true,\"thumbnail\":{\"width\":220,\"height\":220},\"webview\":{\"0\":600,\"1\":898,\"2\":2,\"3\":\"width=\\\"600\\\" height=\\\"898\\\"\",\"bits\":8,\"channels\":3,\"mime\":\"image\\\/jpeg\"},\"views\":\"5\",\"likes\":\"0\"},\"title\":\"080 Barcelona Spring-Summer 2015\",\"description\":\"<p>080 Barcelona Spring-Summer 2015<\\\/p>\",\"link\":null,\"link_target\":\"\",\"download\":\"https:\\\/\\\/bobvarela.com\\\/wp-content\\\/flagallery\\\/miriam-ponsa-primavera-verano-2015\\\/miriam-ponsa-ss-2015-393.jpg\",\"ratio\":0.66815144766146994381728063672198913991451263427734375}]}; var container = $('#FlaGallery_sc1_203'); container.photomania(settings, content); window.FlaGallery_sc1_203 = container.data('photomania'); }); <\/script><\/div><noscript id=\"noscript_FlaGallery_sc1_203\"><img class=\"skip-lazy no-lazyload noLazy\" data-lazy-src=\"\" src =\"https:\/\/bobvarela.com\/wp-content\/flagallery\/miriam-ponsa-primavera-verano-2015\/miriam-ponsa-ss-2015-334.jpg\" alt=\"080 Barcelona Spring-Summer 2015\" \/><img class=\"skip-lazy no-lazyload noLazy\" data-lazy-src=\"\" src =\"https:\/\/bobvarela.com\/wp-content\/flagallery\/miriam-ponsa-primavera-verano-2015\/miriam-ponsa-ss-2015-335.jpg\" alt=\"080 Barcelona Spring-Summer 2015\" \/><img class=\"skip-lazy no-lazyload noLazy\" data-lazy-src=\"\" src =\"https:\/\/bobvarela.com\/wp-content\/flagallery\/miriam-ponsa-primavera-verano-2015\/miriam-ponsa-ss-2015-336.jpg\" alt=\"080 Barcelona Spring-Summer 2015\" \/><img class=\"skip-lazy no-lazyload noLazy\" data-lazy-src=\"\" src =\"https:\/\/bobvarela.com\/wp-content\/flagallery\/miriam-ponsa-primavera-verano-2015\/miriam-ponsa-ss-2015-337.jpg\" alt=\"080 Barcelona Spring-Summer 2015\" \/><img class=\"skip-lazy no-lazyload noLazy\" data-lazy-src=\"\" src =\"https:\/\/bobvarela.com\/wp-content\/flagallery\/miriam-ponsa-primavera-verano-2015\/miriam-ponsa-ss-2015-338.jpg\" alt=\"080 Barcelona Spring-Summer 2015\" \/><img class=\"skip-lazy no-lazyload noLazy\" data-lazy-src=\"\" src =\"https:\/\/bobvarela.com\/wp-content\/flagallery\/miriam-ponsa-primavera-verano-2015\/miriam-ponsa-ss-2015-339.jpg\" alt=\"080 Barcelona Spring-Summer 2015\" \/><img class=\"skip-lazy no-lazyload noLazy\" data-lazy-src=\"\" src =\"https:\/\/bobvarela.com\/wp-content\/flagallery\/miriam-ponsa-primavera-verano-2015\/miriam-ponsa-ss-2015-340.jpg\" alt=\"080 Barcelona Spring-Summer 2015\" \/><img class=\"skip-lazy no-lazyload noLazy\" data-lazy-src=\"\" src =\"https:\/\/bobvarela.com\/wp-content\/flagallery\/miriam-ponsa-primavera-verano-2015\/miriam-ponsa-ss-2015-341.jpg\" alt=\"080 Barcelona Spring-Summer 2015\" \/><img class=\"skip-lazy no-lazyload noLazy\" data-lazy-src=\"\" src =\"https:\/\/bobvarela.com\/wp-content\/flagallery\/miriam-ponsa-primavera-verano-2015\/miriam-ponsa-ss-2015-342.jpg\" alt=\"080 Barcelona Spring-Summer 2015\" \/><img class=\"skip-lazy no-lazyload noLazy\" data-lazy-src=\"\" src =\"https:\/\/bobvarela.com\/wp-content\/flagallery\/miriam-ponsa-primavera-verano-2015\/miriam-ponsa-ss-2015-343.jpg\" alt=\"080 Barcelona Spring-Summer 2015\" \/><img class=\"skip-lazy no-lazyload noLazy\" data-lazy-src=\"\" src =\"https:\/\/bobvarela.com\/wp-content\/flagallery\/miriam-ponsa-primavera-verano-2015\/miriam-ponsa-ss-2015-344.jpg\" alt=\"080 Barcelona Spring-Summer 2015\" \/><img class=\"skip-lazy no-lazyload noLazy\" data-lazy-src=\"\" src =\"https:\/\/bobvarela.com\/wp-content\/flagallery\/miriam-ponsa-primavera-verano-2015\/miriam-ponsa-ss-2015-345.jpg\" alt=\"080 Barcelona Spring-Summer 2015\" \/><img class=\"skip-lazy no-lazyload noLazy\" data-lazy-src=\"\" src =\"https:\/\/bobvarela.com\/wp-content\/flagallery\/miriam-ponsa-primavera-verano-2015\/miriam-ponsa-ss-2015-346.jpg\" alt=\"080 Barcelona Spring-Summer 2015\" \/><img class=\"skip-lazy no-lazyload noLazy\" data-lazy-src=\"\" src =\"https:\/\/bobvarela.com\/wp-content\/flagallery\/miriam-ponsa-primavera-verano-2015\/miriam-ponsa-ss-2015-347.jpg\" alt=\"080 Barcelona Spring-Summer 2015\" \/><img class=\"skip-lazy no-lazyload noLazy\" data-lazy-src=\"\" src =\"https:\/\/bobvarela.com\/wp-content\/flagallery\/miriam-ponsa-primavera-verano-2015\/miriam-ponsa-ss-2015-348.jpg\" alt=\"080 Barcelona Spring-Summer 2015\" \/><img class=\"skip-lazy no-lazyload noLazy\" data-lazy-src=\"\" src =\"https:\/\/bobvarela.com\/wp-content\/flagallery\/miriam-ponsa-primavera-verano-2015\/miriam-ponsa-ss-2015-349.jpg\" alt=\"080 Barcelona Spring-Summer 2015\" \/><img class=\"skip-lazy no-lazyload noLazy\" data-lazy-src=\"\" src =\"https:\/\/bobvarela.com\/wp-content\/flagallery\/miriam-ponsa-primavera-verano-2015\/miriam-ponsa-ss-2015-350.jpg\" alt=\"080 Barcelona Spring-Summer 2015\" \/><img class=\"skip-lazy no-lazyload noLazy\" data-lazy-src=\"\" src =\"https:\/\/bobvarela.com\/wp-content\/flagallery\/miriam-ponsa-primavera-verano-2015\/miriam-ponsa-ss-2015-351.jpg\" alt=\"080 Barcelona Spring-Summer 2015\" \/><img class=\"skip-lazy no-lazyload noLazy\" data-lazy-src=\"\" src =\"https:\/\/bobvarela.com\/wp-content\/flagallery\/miriam-ponsa-primavera-verano-2015\/miriam-ponsa-ss-2015-352.jpg\" alt=\"080 Barcelona Spring-Summer 2015\" \/><img class=\"skip-lazy no-lazyload noLazy\" data-lazy-src=\"\" src =\"https:\/\/bobvarela.com\/wp-content\/flagallery\/miriam-ponsa-primavera-verano-2015\/miriam-ponsa-ss-2015-353.jpg\" alt=\"080 Barcelona Spring-Summer 2015\" \/><img class=\"skip-lazy no-lazyload noLazy\" data-lazy-src=\"\" src =\"https:\/\/bobvarela.com\/wp-content\/flagallery\/miriam-ponsa-primavera-verano-2015\/miriam-ponsa-ss-2015-354.jpg\" alt=\"080 Barcelona Spring-Summer 2015\" \/><img class=\"skip-lazy no-lazyload noLazy\" data-lazy-src=\"\" src =\"https:\/\/bobvarela.com\/wp-content\/flagallery\/miriam-ponsa-primavera-verano-2015\/miriam-ponsa-ss-2015-355.jpg\" alt=\"080 Barcelona Spring-Summer 2015\" \/><img class=\"skip-lazy no-lazyload noLazy\" data-lazy-src=\"\" src =\"https:\/\/bobvarela.com\/wp-content\/flagallery\/miriam-ponsa-primavera-verano-2015\/miriam-ponsa-ss-2015-356.jpg\" alt=\"080 Barcelona Spring-Summer 2015\" \/><img class=\"skip-lazy no-lazyload noLazy\" data-lazy-src=\"\" src =\"https:\/\/bobvarela.com\/wp-content\/flagallery\/miriam-ponsa-primavera-verano-2015\/miriam-ponsa-ss-2015-357.jpg\" alt=\"080 Barcelona Spring-Summer 2015\" \/><img class=\"skip-lazy no-lazyload noLazy\" data-lazy-src=\"\" src =\"https:\/\/bobvarela.com\/wp-content\/flagallery\/miriam-ponsa-primavera-verano-2015\/miriam-ponsa-ss-2015-358.jpg\" alt=\"080 Barcelona Spring-Summer 2015\" \/><img class=\"skip-lazy no-lazyload noLazy\" data-lazy-src=\"\" src =\"https:\/\/bobvarela.com\/wp-content\/flagallery\/miriam-ponsa-primavera-verano-2015\/miriam-ponsa-ss-2015-359.jpg\" alt=\"080 Barcelona Spring-Summer 2015\" \/><img class=\"skip-lazy no-lazyload noLazy\" data-lazy-src=\"\" src =\"https:\/\/bobvarela.com\/wp-content\/flagallery\/miriam-ponsa-primavera-verano-2015\/miriam-ponsa-ss-2015-360.jpg\" alt=\"080 Barcelona Spring-Summer 2015\" \/><img class=\"skip-lazy no-lazyload noLazy\" data-lazy-src=\"\" src =\"https:\/\/bobvarela.com\/wp-content\/flagallery\/miriam-ponsa-primavera-verano-2015\/miriam-ponsa-ss-2015-361.jpg\" alt=\"080 Barcelona Spring-Summer 2015\" \/><img class=\"skip-lazy no-lazyload noLazy\" data-lazy-src=\"\" src =\"https:\/\/bobvarela.com\/wp-content\/flagallery\/miriam-ponsa-primavera-verano-2015\/miriam-ponsa-ss-2015-362.jpg\" alt=\"080 Barcelona Spring-Summer 2015\" \/><img class=\"skip-lazy no-lazyload noLazy\" data-lazy-src=\"\" src =\"https:\/\/bobvarela.com\/wp-content\/flagallery\/miriam-ponsa-primavera-verano-2015\/miriam-ponsa-ss-2015-363.jpg\" alt=\"080 Barcelona Spring-Summer 2015\" \/><img class=\"skip-lazy no-lazyload noLazy\" data-lazy-src=\"\" src =\"https:\/\/bobvarela.com\/wp-content\/flagallery\/miriam-ponsa-primavera-verano-2015\/miriam-ponsa-ss-2015-364.jpg\" alt=\"080 Barcelona Spring-Summer 2015\" \/><img class=\"skip-lazy no-lazyload noLazy\" data-lazy-src=\"\" src =\"https:\/\/bobvarela.com\/wp-content\/flagallery\/miriam-ponsa-primavera-verano-2015\/miriam-ponsa-ss-2015-365.jpg\" alt=\"080 Barcelona Spring-Summer 2015\" \/><img class=\"skip-lazy no-lazyload noLazy\" data-lazy-src=\"\" src =\"https:\/\/bobvarela.com\/wp-content\/flagallery\/miriam-ponsa-primavera-verano-2015\/miriam-ponsa-ss-2015-366.jpg\" alt=\"080 Barcelona Spring-Summer 2015\" \/><img class=\"skip-lazy no-lazyload noLazy\" data-lazy-src=\"\" src =\"https:\/\/bobvarela.com\/wp-content\/flagallery\/miriam-ponsa-primavera-verano-2015\/miriam-ponsa-ss-2015-367.jpg\" alt=\"080 Barcelona Spring-Summer 2015\" \/><img class=\"skip-lazy no-lazyload noLazy\" data-lazy-src=\"\" src =\"https:\/\/bobvarela.com\/wp-content\/flagallery\/miriam-ponsa-primavera-verano-2015\/miriam-ponsa-ss-2015-368.jpg\" alt=\"080 Barcelona Spring-Summer 2015\" \/><img class=\"skip-lazy no-lazyload noLazy\" data-lazy-src=\"\" src =\"https:\/\/bobvarela.com\/wp-content\/flagallery\/miriam-ponsa-primavera-verano-2015\/miriam-ponsa-ss-2015-369.jpg\" alt=\"080 Barcelona Spring-Summer 2015\" \/><img class=\"skip-lazy no-lazyload noLazy\" data-lazy-src=\"\" src =\"https:\/\/bobvarela.com\/wp-content\/flagallery\/miriam-ponsa-primavera-verano-2015\/miriam-ponsa-ss-2015-370.jpg\" alt=\"080 Barcelona Spring-Summer 2015\" \/><img class=\"skip-lazy no-lazyload noLazy\" data-lazy-src=\"\" src =\"https:\/\/bobvarela.com\/wp-content\/flagallery\/miriam-ponsa-primavera-verano-2015\/miriam-ponsa-ss-2015-371.jpg\" alt=\"080 Barcelona Spring-Summer 2015\" \/><img class=\"skip-lazy no-lazyload noLazy\" data-lazy-src=\"\" src =\"https:\/\/bobvarela.com\/wp-content\/flagallery\/miriam-ponsa-primavera-verano-2015\/miriam-ponsa-ss-2015-372.jpg\" alt=\"080 Barcelona Spring-Summer 2015\" \/><img class=\"skip-lazy no-lazyload noLazy\" data-lazy-src=\"\" src =\"https:\/\/bobvarela.com\/wp-content\/flagallery\/miriam-ponsa-primavera-verano-2015\/miriam-ponsa-ss-2015-373.jpg\" alt=\"080 Barcelona Spring-Summer 2015\" \/><img class=\"skip-lazy no-lazyload noLazy\" data-lazy-src=\"\" src =\"https:\/\/bobvarela.com\/wp-content\/flagallery\/miriam-ponsa-primavera-verano-2015\/miriam-ponsa-ss-2015-374.jpg\" alt=\"080 Barcelona Spring-Summer 2015\" \/><img class=\"skip-lazy no-lazyload noLazy\" data-lazy-src=\"\" src =\"https:\/\/bobvarela.com\/wp-content\/flagallery\/miriam-ponsa-primavera-verano-2015\/miriam-ponsa-ss-2015-375.jpg\" alt=\"080 Barcelona Spring-Summer 2015\" \/><img class=\"skip-lazy no-lazyload noLazy\" data-lazy-src=\"\" src =\"https:\/\/bobvarela.com\/wp-content\/flagallery\/miriam-ponsa-primavera-verano-2015\/miriam-ponsa-ss-2015-376.jpg\" alt=\"080 Barcelona Spring-Summer 2015\" \/><img class=\"skip-lazy no-lazyload noLazy\" data-lazy-src=\"\" src =\"https:\/\/bobvarela.com\/wp-content\/flagallery\/miriam-ponsa-primavera-verano-2015\/miriam-ponsa-ss-2015-377.jpg\" alt=\"080 Barcelona Spring-Summer 2015\" \/><img class=\"skip-lazy no-lazyload noLazy\" data-lazy-src=\"\" src =\"https:\/\/bobvarela.com\/wp-content\/flagallery\/miriam-ponsa-primavera-verano-2015\/miriam-ponsa-ss-2015-378.jpg\" alt=\"080 Barcelona Spring-Summer 2015\" \/><img class=\"skip-lazy no-lazyload noLazy\" data-lazy-src=\"\" src =\"https:\/\/bobvarela.com\/wp-content\/flagallery\/miriam-ponsa-primavera-verano-2015\/miriam-ponsa-ss-2015-379.jpg\" alt=\"080 Barcelona Spring-Summer 2015\" \/><img class=\"skip-lazy no-lazyload noLazy\" data-lazy-src=\"\" src =\"https:\/\/bobvarela.com\/wp-content\/flagallery\/miriam-ponsa-primavera-verano-2015\/miriam-ponsa-ss-2015-380.jpg\" alt=\"080 Barcelona Spring-Summer 2015\" \/><img class=\"skip-lazy no-lazyload noLazy\" data-lazy-src=\"\" src =\"https:\/\/bobvarela.com\/wp-content\/flagallery\/miriam-ponsa-primavera-verano-2015\/miriam-ponsa-ss-2015-381.jpg\" alt=\"080 Barcelona Spring-Summer 2015\" \/><img class=\"skip-lazy no-lazyload noLazy\" data-lazy-src=\"\" src =\"https:\/\/bobvarela.com\/wp-content\/flagallery\/miriam-ponsa-primavera-verano-2015\/miriam-ponsa-ss-2015-382.jpg\" alt=\"080 Barcelona Spring-Summer 2015\" \/><img class=\"skip-lazy no-lazyload noLazy\" data-lazy-src=\"\" src =\"https:\/\/bobvarela.com\/wp-content\/flagallery\/miriam-ponsa-primavera-verano-2015\/miriam-ponsa-ss-2015-383.jpg\" alt=\"080 Barcelona Spring-Summer 2015\" \/><img class=\"skip-lazy no-lazyload noLazy\" data-lazy-src=\"\" src =\"https:\/\/bobvarela.com\/wp-content\/flagallery\/miriam-ponsa-primavera-verano-2015\/miriam-ponsa-ss-2015-384.jpg\" alt=\"080 Barcelona Spring-Summer 2015\" \/><img class=\"skip-lazy no-lazyload noLazy\" data-lazy-src=\"\" src =\"https:\/\/bobvarela.com\/wp-content\/flagallery\/miriam-ponsa-primavera-verano-2015\/miriam-ponsa-ss-2015-385.jpg\" alt=\"080 Barcelona Spring-Summer 2015\" \/><img class=\"skip-lazy no-lazyload noLazy\" data-lazy-src=\"\" src =\"https:\/\/bobvarela.com\/wp-content\/flagallery\/miriam-ponsa-primavera-verano-2015\/miriam-ponsa-ss-2015-386.jpg\" alt=\"080 Barcelona Spring-Summer 2015\" \/><img class=\"skip-lazy no-lazyload noLazy\" data-lazy-src=\"\" src =\"https:\/\/bobvarela.com\/wp-content\/flagallery\/miriam-ponsa-primavera-verano-2015\/miriam-ponsa-ss-2015-387.jpg\" alt=\"080 Barcelona Spring-Summer 2015\" \/><img class=\"skip-lazy no-lazyload noLazy\" data-lazy-src=\"\" src =\"https:\/\/bobvarela.com\/wp-content\/flagallery\/miriam-ponsa-primavera-verano-2015\/miriam-ponsa-ss-2015-388.jpg\" alt=\"080 Barcelona Spring-Summer 2015\" \/><img class=\"skip-lazy no-lazyload noLazy\" data-lazy-src=\"\" src =\"https:\/\/bobvarela.com\/wp-content\/flagallery\/miriam-ponsa-primavera-verano-2015\/miriam-ponsa-ss-2015-389.jpg\" alt=\"080 Barcelona Spring-Summer 2015\" \/><img class=\"skip-lazy no-lazyload noLazy\" data-lazy-src=\"\" src =\"https:\/\/bobvarela.com\/wp-content\/flagallery\/miriam-ponsa-primavera-verano-2015\/miriam-ponsa-ss-2015-390.jpg\" alt=\"080 Barcelona Spring-Summer 2015\" \/><img class=\"skip-lazy no-lazyload noLazy\" data-lazy-src=\"\" src =\"https:\/\/bobvarela.com\/wp-content\/flagallery\/miriam-ponsa-primavera-verano-2015\/miriam-ponsa-ss-2015-391.jpg\" alt=\"080 Barcelona Spring-Summer 2015\" \/><img class=\"skip-lazy no-lazyload noLazy\" data-lazy-src=\"\" src =\"https:\/\/bobvarela.com\/wp-content\/flagallery\/miriam-ponsa-primavera-verano-2015\/miriam-ponsa-ss-2015-392.jpg\" alt=\"080 Barcelona Spring-Summer 2015\" \/><img class=\"skip-lazy no-lazyload noLazy\" data-lazy-src=\"\" src =\"https:\/\/bobvarela.com\/wp-content\/flagallery\/miriam-ponsa-primavera-verano-2015\/miriam-ponsa-ss-2015-393.jpg\" alt=\"080 Barcelona Spring-Summer 2015\" \/><\/noscript><\/p>\n","protected":false},"excerpt":{"rendered":"<p>COLECCI\u00d3N-&#160; MUJERES MULA Se las conoce como las mujeres mula o porteadoras de Melilla. Su trabajo consiste en transportar cargas pesadas a trav\u00e9s de la frontera de Espa\u00f1a hacia Marruecos. Algunas hacen 3 \u00f3 4 viajes al d\u00eda hasta el&hellip;<\/p>\n<p class=\"more-link-p\"><a class=\"more-link\" href=\"https:\/\/bobvarela.com\/?p=55675\">Read more &rarr;<\/a><\/p>\n","protected":false},"author":1,"featured_media":0,"comment_status":"open","ping_status":"open","sticky":false,"template":"","format":"standard","meta":{"ngg_post_thumbnail":0,"footnotes":""},"categories":[478,4],"tags":[],"class_list":["post-55675","post","type-post","status-publish","format-standard","hentry","category-080-barcelona","category-moda"],"_links":{"self":[{"href":"https:\/\/bobvarela.com\/index.php?rest_route=\/wp\/v2\/posts\/55675","targetHints":{"allow":["GET"]}}],"collection":[{"href":"https:\/\/bobvarela.com\/index.php?rest_route=\/wp\/v2\/posts"}],"about":[{"href":"https:\/\/bobvarela.com\/index.php?rest_route=\/wp\/v2\/types\/post"}],"author":[{"embeddable":true,"href":"https:\/\/bobvarela.com\/index.php?rest_route=\/wp\/v2\/users\/1"}],"replies":[{"embeddable":true,"href":"https:\/\/bobvarela.com\/index.php?rest_route=%2Fwp%2Fv2%2Fcomments&post=55675"}],"version-history":[{"count":1,"href":"https:\/\/bobvarela.com\/index.php?rest_route=\/wp\/v2\/posts\/55675\/revisions"}],"predecessor-version":[{"id":55676,"href":"https:\/\/bobvarela.com\/index.php?rest_route=\/wp\/v2\/posts\/55675\/revisions\/55676"}],"wp:attachment":[{"href":"https:\/\/bobvarela.com\/index.php?rest_route=%2Fwp%2Fv2%2Fmedia&parent=55675"}],"wp:term":[{"taxonomy":"category","embeddable":true,"href":"https:\/\/bobvarela.com\/index.php?rest_route=%2Fwp%2Fv2%2Fcategories&post=55675"},{"taxonomy":"post_tag","embeddable":true,"href":"https:\/\/bobvarela.com\/index.php?rest_route=%2Fwp%2Fv2%2Ftags&post=55675"}],"curies":[{"name":"wp","href":"https:\/\/api.w.org\/{rel}","templated":true}]}}