{"id":55679,"date":"2014-07-08T19:13:08","date_gmt":"2014-07-08T23:13:08","guid":{"rendered":"https:\/\/bobvarela.com\/?p=55679"},"modified":"2014-07-08T19:13:08","modified_gmt":"2014-07-08T23:13:08","slug":"celia-vera-primavera-verano-2015-en-el-080-barcelona-fashion","status":"publish","type":"post","link":"https:\/\/bobvarela.com\/?p=55679","title":{"rendered":"Celia Vera Primavera Verano 2015 en el 080 Barcelona Fashion"},"content":{"rendered":"<p>Si quer\u00e9is conocer la historia que ha inspirado esta colecci\u00f3n, tendr\u00e9is que ver las fotos jajajaj<\/p>\n<div class=\"flagallery photomania_skin\" id=\"FlaGallery_sc1_205\" ><style type=\"text\/css\" class=\"flagallery_skin_style_import\">#FlaGallery_sc1_205 .flagpm_preload {opacity:0;}#FlaGallery_sc1_205 .swiper-big-images img.flagpm_the_photo { max-height:100%; max-width:100%; display:inline; width:auto; height:auto !important; object-fit:unset; vertical-align:middle; border:none; }#FlaGallery_sc1_205 .flagpm_focus .swiper-big-images img.flagpm_the_photo { width:auto; height:auto; object-fit:unset; }#FlaGallery_sc1_205 .swiper-small-images img.flagpm_photo { max-width:none; max-height:none; }#FlaGallery_sc1_205 .swiper-small-images img.flagpm_photo.flagpm_photo_landscape { width:auto; height:100% !important; }#FlaGallery_sc1_205 .swiper-small-images img.flagpm_photo.flagpm_photo_portrait { width:100%; height:auto !important; }#FlaGallery_sc1_205 .flagpm_gallery_sources_list p { margin:7px 0; padding:0; font-size:inherit; }#FlaGallery_sc1_205 .flagpm_photo_details .flagpm_description_wrap a,#FlaGallery_sc1_205 .flagpm_big_button_wrap .flagpm_button.flagpm_like.flagpm_liked,#FlaGallery_sc1_205 .flagpm_big_button_wrap .flagpm_button.flagpm_like.flagpm_liked:hover {color:#0099e5;}#FlaGallery_sc1_205 .flagpm_photo_show .flagpm_big_button {background-color:#0099e5;}#FlaGallery_sc1_205 .swiper-small-images div.flagpm_photo.swiper-slide-active {border-color:#02adea;}#FlaGallery_sc1_205 .flagpm_photo_header .flagpm_name_wrap .flagpm_title_author a:hover,#FlaGallery_sc1_205 .flagpm_photo_details .flagpm_description_wrap a:hover {color:#02adea;}#FlaGallery_sc1_205 .flagpm_photo_show .flagpm_big_button:hover,#FlaGallery_sc1_205 .flagpm_focus_actions ul .flagpm_button.like.flagpm_liked {background-color:#02adea;}<\/style> <div class=\"flagpm_photo_show flagpm_w960 flagpm_w640 flagpm_w480 flagpm_preload\"> <div class=\"flagpm_photo_wrap has_prev_photo has_next_photo\"> <div class=\"swiper-container swiper-big-images\"> <div class=\"flagpm_photo_arrow_next flagpm_photo_arrow flagpm_next\"> <div title=\"Next\" class=\"flagpm_arrow\"><\/div> <\/div> <div class=\"flagpm_photo_arrow_previous flagpm_photo_arrow flagpm_prev\"> <div title=\"Previous\" class=\"flagpm_arrow\"><\/div> <\/div> <div class=\"swiper-wrapper\"><div class=\"swiper-slide\" data-hash=\"flagallery16512\" data-photo-id=\"16512\"><span class=\"flagpm_va\"><\/span><img decoding=\"async\" src=\"https:\/\/bobvarela.com\/wp-content\/flagallery\/celia-vela-primavera-verano-2015\/webview\/celia-vela-ss-2015-566.jpg\" data-src=\"https:\/\/bobvarela.com\/wp-content\/flagallery\/celia-vela-primavera-verano-2015\/webview\/celia-vela-ss-2015-566.jpg\" alt=\"080 Barcelona Spring-Summer 2015\" class=\"noLazy flagpm_the_photo swiper-lazy\"><div class=\"swiper-lazy-preloader swiper-lazy-preloader-black\"><\/div><\/div><div class=\"swiper-slide\" data-hash=\"flagallery16513\" data-photo-id=\"16513\"><span class=\"flagpm_va\"><\/span><img data-src=\"https:\/\/bobvarela.com\/wp-content\/flagallery\/celia-vela-primavera-verano-2015\/webview\/celia-vela-ss-2015-567.jpg\" alt=\"080 Barcelona Spring-Summer 2015\" class=\"noLazy flagpm_the_photo swiper-lazy\"><div class=\"swiper-lazy-preloader swiper-lazy-preloader-black\"><\/div><\/div><div class=\"swiper-slide\" data-hash=\"flagallery16514\" data-photo-id=\"16514\"><span class=\"flagpm_va\"><\/span><img data-src=\"https:\/\/bobvarela.com\/wp-content\/flagallery\/celia-vela-primavera-verano-2015\/webview\/celia-vela-ss-2015-568.jpg\" alt=\"080 Barcelona Spring-Summer 2015\" class=\"noLazy flagpm_the_photo swiper-lazy\"><div class=\"swiper-lazy-preloader swiper-lazy-preloader-black\"><\/div><\/div><div class=\"swiper-slide\" data-hash=\"flagallery16515\" data-photo-id=\"16515\"><span class=\"flagpm_va\"><\/span><img data-src=\"https:\/\/bobvarela.com\/wp-content\/flagallery\/celia-vela-primavera-verano-2015\/webview\/celia-vela-ss-2015-569.jpg\" alt=\"080 Barcelona Spring-Summer 2015\" class=\"noLazy flagpm_the_photo swiper-lazy\"><div class=\"swiper-lazy-preloader swiper-lazy-preloader-black\"><\/div><\/div><div class=\"swiper-slide\" data-hash=\"flagallery16516\" data-photo-id=\"16516\"><span class=\"flagpm_va\"><\/span><img data-src=\"https:\/\/bobvarela.com\/wp-content\/flagallery\/celia-vela-primavera-verano-2015\/webview\/celia-vela-ss-2015-570.jpg\" alt=\"080 Barcelona Spring-Summer 2015\" class=\"noLazy flagpm_the_photo swiper-lazy\"><div class=\"swiper-lazy-preloader swiper-lazy-preloader-black\"><\/div><\/div><div class=\"swiper-slide\" data-hash=\"flagallery16517\" data-photo-id=\"16517\"><span class=\"flagpm_va\"><\/span><img data-src=\"https:\/\/bobvarela.com\/wp-content\/flagallery\/celia-vela-primavera-verano-2015\/webview\/celia-vela-ss-2015-571.jpg\" alt=\"080 Barcelona Spring-Summer 2015\" class=\"noLazy flagpm_the_photo swiper-lazy\"><div class=\"swiper-lazy-preloader swiper-lazy-preloader-black\"><\/div><\/div><div class=\"swiper-slide\" data-hash=\"flagallery16518\" data-photo-id=\"16518\"><span class=\"flagpm_va\"><\/span><img data-src=\"https:\/\/bobvarela.com\/wp-content\/flagallery\/celia-vela-primavera-verano-2015\/webview\/celia-vela-ss-2015-572.jpg\" alt=\"080 Barcelona Spring-Summer 2015\" class=\"noLazy flagpm_the_photo swiper-lazy\"><div class=\"swiper-lazy-preloader swiper-lazy-preloader-black\"><\/div><\/div><div class=\"swiper-slide\" data-hash=\"flagallery16519\" data-photo-id=\"16519\"><span class=\"flagpm_va\"><\/span><img data-src=\"https:\/\/bobvarela.com\/wp-content\/flagallery\/celia-vela-primavera-verano-2015\/webview\/celia-vela-ss-2015-573.jpg\" alt=\"080 Barcelona Spring-Summer 2015\" class=\"noLazy flagpm_the_photo swiper-lazy\"><div class=\"swiper-lazy-preloader swiper-lazy-preloader-black\"><\/div><\/div><div class=\"swiper-slide\" data-hash=\"flagallery16520\" data-photo-id=\"16520\"><span class=\"flagpm_va\"><\/span><img data-src=\"https:\/\/bobvarela.com\/wp-content\/flagallery\/celia-vela-primavera-verano-2015\/webview\/celia-vela-ss-2015-574.jpg\" alt=\"080 Barcelona Spring-Summer 2015\" class=\"noLazy flagpm_the_photo swiper-lazy\"><div class=\"swiper-lazy-preloader swiper-lazy-preloader-black\"><\/div><\/div><div class=\"swiper-slide\" data-hash=\"flagallery16521\" data-photo-id=\"16521\"><span class=\"flagpm_va\"><\/span><img data-src=\"https:\/\/bobvarela.com\/wp-content\/flagallery\/celia-vela-primavera-verano-2015\/webview\/celia-vela-ss-2015-575.jpg\" alt=\"080 Barcelona Spring-Summer 2015\" class=\"noLazy flagpm_the_photo swiper-lazy\"><div class=\"swiper-lazy-preloader swiper-lazy-preloader-black\"><\/div><\/div><div class=\"swiper-slide\" data-hash=\"flagallery16522\" data-photo-id=\"16522\"><span class=\"flagpm_va\"><\/span><img data-src=\"https:\/\/bobvarela.com\/wp-content\/flagallery\/celia-vela-primavera-verano-2015\/webview\/celia-vela-ss-2015-576.jpg\" alt=\"080 Barcelona Spring-Summer 2015\" class=\"noLazy flagpm_the_photo swiper-lazy\"><div class=\"swiper-lazy-preloader swiper-lazy-preloader-black\"><\/div><\/div><div class=\"swiper-slide\" data-hash=\"flagallery16523\" data-photo-id=\"16523\"><span class=\"flagpm_va\"><\/span><img data-src=\"https:\/\/bobvarela.com\/wp-content\/flagallery\/celia-vela-primavera-verano-2015\/webview\/celia-vela-ss-2015-577.jpg\" alt=\"080 Barcelona Spring-Summer 2015\" class=\"noLazy flagpm_the_photo swiper-lazy\"><div class=\"swiper-lazy-preloader swiper-lazy-preloader-black\"><\/div><\/div><div class=\"swiper-slide\" data-hash=\"flagallery16524\" data-photo-id=\"16524\"><span class=\"flagpm_va\"><\/span><img data-src=\"https:\/\/bobvarela.com\/wp-content\/flagallery\/celia-vela-primavera-verano-2015\/webview\/celia-vela-ss-2015-578.jpg\" alt=\"080 Barcelona Spring-Summer 2015\" class=\"noLazy flagpm_the_photo swiper-lazy\"><div class=\"swiper-lazy-preloader swiper-lazy-preloader-black\"><\/div><\/div><div class=\"swiper-slide\" data-hash=\"flagallery16525\" data-photo-id=\"16525\"><span class=\"flagpm_va\"><\/span><img data-src=\"https:\/\/bobvarela.com\/wp-content\/flagallery\/celia-vela-primavera-verano-2015\/webview\/celia-vela-ss-2015-579.jpg\" alt=\"080 Barcelona Spring-Summer 2015\" class=\"noLazy flagpm_the_photo swiper-lazy\"><div class=\"swiper-lazy-preloader swiper-lazy-preloader-black\"><\/div><\/div><div class=\"swiper-slide\" data-hash=\"flagallery16526\" data-photo-id=\"16526\"><span class=\"flagpm_va\"><\/span><img data-src=\"https:\/\/bobvarela.com\/wp-content\/flagallery\/celia-vela-primavera-verano-2015\/webview\/celia-vela-ss-2015-580.jpg\" alt=\"080 Barcelona Spring-Summer 2015\" class=\"noLazy flagpm_the_photo swiper-lazy\"><div class=\"swiper-lazy-preloader swiper-lazy-preloader-black\"><\/div><\/div><div class=\"swiper-slide\" data-hash=\"flagallery16527\" data-photo-id=\"16527\"><span class=\"flagpm_va\"><\/span><img data-src=\"https:\/\/bobvarela.com\/wp-content\/flagallery\/celia-vela-primavera-verano-2015\/webview\/celia-vela-ss-2015-581.jpg\" alt=\"080 Barcelona Spring-Summer 2015\" class=\"noLazy flagpm_the_photo swiper-lazy\"><div class=\"swiper-lazy-preloader swiper-lazy-preloader-black\"><\/div><\/div><div class=\"swiper-slide\" data-hash=\"flagallery16528\" data-photo-id=\"16528\"><span class=\"flagpm_va\"><\/span><img data-src=\"https:\/\/bobvarela.com\/wp-content\/flagallery\/celia-vela-primavera-verano-2015\/webview\/celia-vela-ss-2015-582.jpg\" alt=\"080 Barcelona Spring-Summer 2015\" class=\"noLazy flagpm_the_photo swiper-lazy\"><div class=\"swiper-lazy-preloader swiper-lazy-preloader-black\"><\/div><\/div><div class=\"swiper-slide\" data-hash=\"flagallery16529\" data-photo-id=\"16529\"><span class=\"flagpm_va\"><\/span><img data-src=\"https:\/\/bobvarela.com\/wp-content\/flagallery\/celia-vela-primavera-verano-2015\/webview\/celia-vela-ss-2015-583.jpg\" alt=\"080 Barcelona Spring-Summer 2015\" class=\"noLazy flagpm_the_photo swiper-lazy\"><div class=\"swiper-lazy-preloader swiper-lazy-preloader-black\"><\/div><\/div><div class=\"swiper-slide\" data-hash=\"flagallery16530\" data-photo-id=\"16530\"><span class=\"flagpm_va\"><\/span><img data-src=\"https:\/\/bobvarela.com\/wp-content\/flagallery\/celia-vela-primavera-verano-2015\/webview\/celia-vela-ss-2015-584.jpg\" alt=\"080 Barcelona Spring-Summer 2015\" class=\"noLazy flagpm_the_photo swiper-lazy\"><div class=\"swiper-lazy-preloader swiper-lazy-preloader-black\"><\/div><\/div><div class=\"swiper-slide\" data-hash=\"flagallery16531\" data-photo-id=\"16531\"><span class=\"flagpm_va\"><\/span><img data-src=\"https:\/\/bobvarela.com\/wp-content\/flagallery\/celia-vela-primavera-verano-2015\/webview\/celia-vela-ss-2015-585.jpg\" alt=\"080 Barcelona Spring-Summer 2015\" class=\"noLazy flagpm_the_photo swiper-lazy\"><div class=\"swiper-lazy-preloader swiper-lazy-preloader-black\"><\/div><\/div><div class=\"swiper-slide\" data-hash=\"flagallery16532\" data-photo-id=\"16532\"><span class=\"flagpm_va\"><\/span><img data-src=\"https:\/\/bobvarela.com\/wp-content\/flagallery\/celia-vela-primavera-verano-2015\/webview\/celia-vela-ss-2015-586.jpg\" alt=\"080 Barcelona Spring-Summer 2015\" class=\"noLazy flagpm_the_photo swiper-lazy\"><div class=\"swiper-lazy-preloader swiper-lazy-preloader-black\"><\/div><\/div><div class=\"swiper-slide\" data-hash=\"flagallery16533\" data-photo-id=\"16533\"><span class=\"flagpm_va\"><\/span><img data-src=\"https:\/\/bobvarela.com\/wp-content\/flagallery\/celia-vela-primavera-verano-2015\/webview\/celia-vela-ss-2015-587.jpg\" alt=\"080 Barcelona Spring-Summer 2015\" class=\"noLazy flagpm_the_photo swiper-lazy\"><div class=\"swiper-lazy-preloader swiper-lazy-preloader-black\"><\/div><\/div><div class=\"swiper-slide\" data-hash=\"flagallery16534\" data-photo-id=\"16534\"><span class=\"flagpm_va\"><\/span><img data-src=\"https:\/\/bobvarela.com\/wp-content\/flagallery\/celia-vela-primavera-verano-2015\/webview\/celia-vela-ss-2015-588.jpg\" alt=\"080 Barcelona Spring-Summer 2015\" class=\"noLazy flagpm_the_photo swiper-lazy\"><div class=\"swiper-lazy-preloader swiper-lazy-preloader-black\"><\/div><\/div><div class=\"swiper-slide\" data-hash=\"flagallery16535\" data-photo-id=\"16535\"><span class=\"flagpm_va\"><\/span><img data-src=\"https:\/\/bobvarela.com\/wp-content\/flagallery\/celia-vela-primavera-verano-2015\/webview\/celia-vela-ss-2015-589.jpg\" alt=\"080 Barcelona Spring-Summer 2015\" class=\"noLazy flagpm_the_photo swiper-lazy\"><div class=\"swiper-lazy-preloader swiper-lazy-preloader-black\"><\/div><\/div><div class=\"swiper-slide\" data-hash=\"flagallery16536\" data-photo-id=\"16536\"><span class=\"flagpm_va\"><\/span><img data-src=\"https:\/\/bobvarela.com\/wp-content\/flagallery\/celia-vela-primavera-verano-2015\/webview\/celia-vela-ss-2015-590.jpg\" alt=\"080 Barcelona Spring-Summer 2015\" class=\"noLazy flagpm_the_photo swiper-lazy\"><div class=\"swiper-lazy-preloader swiper-lazy-preloader-black\"><\/div><\/div><div class=\"swiper-slide\" data-hash=\"flagallery16537\" data-photo-id=\"16537\"><span class=\"flagpm_va\"><\/span><img data-src=\"https:\/\/bobvarela.com\/wp-content\/flagallery\/celia-vela-primavera-verano-2015\/webview\/celia-vela-ss-2015-591.jpg\" alt=\"080 Barcelona Spring-Summer 2015\" class=\"noLazy flagpm_the_photo swiper-lazy\"><div class=\"swiper-lazy-preloader swiper-lazy-preloader-black\"><\/div><\/div><div class=\"swiper-slide\" data-hash=\"flagallery16538\" data-photo-id=\"16538\"><span class=\"flagpm_va\"><\/span><img data-src=\"https:\/\/bobvarela.com\/wp-content\/flagallery\/celia-vela-primavera-verano-2015\/webview\/celia-vela-ss-2015-592.jpg\" alt=\"080 Barcelona Spring-Summer 2015\" class=\"noLazy flagpm_the_photo swiper-lazy\"><div class=\"swiper-lazy-preloader swiper-lazy-preloader-black\"><\/div><\/div><div class=\"swiper-slide\" data-hash=\"flagallery16539\" data-photo-id=\"16539\"><span class=\"flagpm_va\"><\/span><img data-src=\"https:\/\/bobvarela.com\/wp-content\/flagallery\/celia-vela-primavera-verano-2015\/webview\/celia-vela-ss-2015-593.jpg\" alt=\"080 Barcelona Spring-Summer 2015\" class=\"noLazy flagpm_the_photo swiper-lazy\"><div class=\"swiper-lazy-preloader swiper-lazy-preloader-black\"><\/div><\/div><div class=\"swiper-slide\" data-hash=\"flagallery16540\" data-photo-id=\"16540\"><span class=\"flagpm_va\"><\/span><img data-src=\"https:\/\/bobvarela.com\/wp-content\/flagallery\/celia-vela-primavera-verano-2015\/webview\/celia-vela-ss-2015-594.jpg\" alt=\"080 Barcelona Spring-Summer 2015\" class=\"noLazy flagpm_the_photo swiper-lazy\"><div class=\"swiper-lazy-preloader swiper-lazy-preloader-black\"><\/div><\/div><div class=\"swiper-slide\" data-hash=\"flagallery16541\" data-photo-id=\"16541\"><span class=\"flagpm_va\"><\/span><img data-src=\"https:\/\/bobvarela.com\/wp-content\/flagallery\/celia-vela-primavera-verano-2015\/webview\/celia-vela-ss-2015-595.jpg\" alt=\"080 Barcelona Spring-Summer 2015\" class=\"noLazy flagpm_the_photo swiper-lazy\"><div class=\"swiper-lazy-preloader swiper-lazy-preloader-black\"><\/div><\/div><div class=\"swiper-slide\" data-hash=\"flagallery16542\" data-photo-id=\"16542\"><span class=\"flagpm_va\"><\/span><img data-src=\"https:\/\/bobvarela.com\/wp-content\/flagallery\/celia-vela-primavera-verano-2015\/webview\/celia-vela-ss-2015-596.jpg\" alt=\"080 Barcelona Spring-Summer 2015\" class=\"noLazy flagpm_the_photo swiper-lazy\"><div class=\"swiper-lazy-preloader swiper-lazy-preloader-black\"><\/div><\/div><div class=\"swiper-slide\" data-hash=\"flagallery16543\" data-photo-id=\"16543\"><span class=\"flagpm_va\"><\/span><img data-src=\"https:\/\/bobvarela.com\/wp-content\/flagallery\/celia-vela-primavera-verano-2015\/webview\/celia-vela-ss-2015-597.jpg\" alt=\"080 Barcelona Spring-Summer 2015\" class=\"noLazy flagpm_the_photo swiper-lazy\"><div class=\"swiper-lazy-preloader swiper-lazy-preloader-black\"><\/div><\/div><div class=\"swiper-slide\" data-hash=\"flagallery16544\" data-photo-id=\"16544\"><span class=\"flagpm_va\"><\/span><img data-src=\"https:\/\/bobvarela.com\/wp-content\/flagallery\/celia-vela-primavera-verano-2015\/webview\/celia-vela-ss-2015-598.jpg\" alt=\"080 Barcelona Spring-Summer 2015\" class=\"noLazy flagpm_the_photo swiper-lazy\"><div class=\"swiper-lazy-preloader swiper-lazy-preloader-black\"><\/div><\/div><div class=\"swiper-slide\" data-hash=\"flagallery16545\" data-photo-id=\"16545\"><span class=\"flagpm_va\"><\/span><img data-src=\"https:\/\/bobvarela.com\/wp-content\/flagallery\/celia-vela-primavera-verano-2015\/webview\/celia-vela-ss-2015-599.jpg\" alt=\"080 Barcelona Spring-Summer 2015\" class=\"noLazy flagpm_the_photo swiper-lazy\"><div class=\"swiper-lazy-preloader swiper-lazy-preloader-black\"><\/div><\/div><div class=\"swiper-slide\" data-hash=\"flagallery16546\" data-photo-id=\"16546\"><span class=\"flagpm_va\"><\/span><img data-src=\"https:\/\/bobvarela.com\/wp-content\/flagallery\/celia-vela-primavera-verano-2015\/webview\/celia-vela-ss-2015-600.jpg\" alt=\"080 Barcelona Spring-Summer 2015\" class=\"noLazy flagpm_the_photo swiper-lazy\"><div class=\"swiper-lazy-preloader swiper-lazy-preloader-black\"><\/div><\/div><div class=\"swiper-slide\" data-hash=\"flagallery16547\" data-photo-id=\"16547\"><span class=\"flagpm_va\"><\/span><img data-src=\"https:\/\/bobvarela.com\/wp-content\/flagallery\/celia-vela-primavera-verano-2015\/webview\/celia-vela-ss-2015-601.jpg\" alt=\"080 Barcelona Spring-Summer 2015\" class=\"noLazy flagpm_the_photo swiper-lazy\"><div class=\"swiper-lazy-preloader swiper-lazy-preloader-black\"><\/div><\/div><div class=\"swiper-slide\" data-hash=\"flagallery16548\" data-photo-id=\"16548\"><span class=\"flagpm_va\"><\/span><img data-src=\"https:\/\/bobvarela.com\/wp-content\/flagallery\/celia-vela-primavera-verano-2015\/webview\/celia-vela-ss-2015-602.jpg\" alt=\"080 Barcelona Spring-Summer 2015\" class=\"noLazy flagpm_the_photo swiper-lazy\"><div class=\"swiper-lazy-preloader swiper-lazy-preloader-black\"><\/div><\/div><div class=\"swiper-slide\" data-hash=\"flagallery16549\" data-photo-id=\"16549\"><span class=\"flagpm_va\"><\/span><img data-src=\"https:\/\/bobvarela.com\/wp-content\/flagallery\/celia-vela-primavera-verano-2015\/webview\/celia-vela-ss-2015-603.jpg\" alt=\"080 Barcelona Spring-Summer 2015\" class=\"noLazy flagpm_the_photo swiper-lazy\"><div class=\"swiper-lazy-preloader swiper-lazy-preloader-black\"><\/div><\/div><div class=\"swiper-slide\" data-hash=\"flagallery16550\" data-photo-id=\"16550\"><span class=\"flagpm_va\"><\/span><img data-src=\"https:\/\/bobvarela.com\/wp-content\/flagallery\/celia-vela-primavera-verano-2015\/webview\/celia-vela-ss-2015-604.jpg\" alt=\"080 Barcelona Spring-Summer 2015\" class=\"noLazy flagpm_the_photo swiper-lazy\"><div class=\"swiper-lazy-preloader swiper-lazy-preloader-black\"><\/div><\/div><div class=\"swiper-slide\" data-hash=\"flagallery16551\" data-photo-id=\"16551\"><span class=\"flagpm_va\"><\/span><img data-src=\"https:\/\/bobvarela.com\/wp-content\/flagallery\/celia-vela-primavera-verano-2015\/webview\/celia-vela-ss-2015-605.jpg\" alt=\"080 Barcelona Spring-Summer 2015\" class=\"noLazy flagpm_the_photo swiper-lazy\"><div class=\"swiper-lazy-preloader swiper-lazy-preloader-black\"><\/div><\/div><div class=\"swiper-slide\" data-hash=\"flagallery16552\" data-photo-id=\"16552\"><span class=\"flagpm_va\"><\/span><img data-src=\"https:\/\/bobvarela.com\/wp-content\/flagallery\/celia-vela-primavera-verano-2015\/webview\/celia-vela-ss-2015-606.jpg\" alt=\"080 Barcelona Spring-Summer 2015\" class=\"noLazy flagpm_the_photo swiper-lazy\"><div class=\"swiper-lazy-preloader swiper-lazy-preloader-black\"><\/div><\/div><div class=\"swiper-slide\" data-hash=\"flagallery16553\" data-photo-id=\"16553\"><span class=\"flagpm_va\"><\/span><img data-src=\"https:\/\/bobvarela.com\/wp-content\/flagallery\/celia-vela-primavera-verano-2015\/webview\/celia-vela-ss-2015-607.jpg\" alt=\"080 Barcelona Spring-Summer 2015\" class=\"noLazy flagpm_the_photo swiper-lazy\"><div class=\"swiper-lazy-preloader swiper-lazy-preloader-black\"><\/div><\/div><div class=\"swiper-slide\" data-hash=\"flagallery16554\" data-photo-id=\"16554\"><span class=\"flagpm_va\"><\/span><img data-src=\"https:\/\/bobvarela.com\/wp-content\/flagallery\/celia-vela-primavera-verano-2015\/webview\/celia-vela-ss-2015-608.jpg\" alt=\"080 Barcelona Spring-Summer 2015\" class=\"noLazy flagpm_the_photo swiper-lazy\"><div class=\"swiper-lazy-preloader swiper-lazy-preloader-black\"><\/div><\/div><div class=\"swiper-slide\" data-hash=\"flagallery16555\" data-photo-id=\"16555\"><span class=\"flagpm_va\"><\/span><img data-src=\"https:\/\/bobvarela.com\/wp-content\/flagallery\/celia-vela-primavera-verano-2015\/webview\/celia-vela-ss-2015-609.jpg\" alt=\"080 Barcelona Spring-Summer 2015\" class=\"noLazy flagpm_the_photo swiper-lazy\"><div class=\"swiper-lazy-preloader swiper-lazy-preloader-black\"><\/div><\/div><div class=\"swiper-slide\" data-hash=\"flagallery16556\" data-photo-id=\"16556\"><span class=\"flagpm_va\"><\/span><img data-src=\"https:\/\/bobvarela.com\/wp-content\/flagallery\/celia-vela-primavera-verano-2015\/webview\/celia-vela-ss-2015-610.jpg\" alt=\"080 Barcelona Spring-Summer 2015\" class=\"noLazy flagpm_the_photo swiper-lazy\"><div class=\"swiper-lazy-preloader swiper-lazy-preloader-black\"><\/div><\/div><div class=\"swiper-slide\" data-hash=\"flagallery16557\" data-photo-id=\"16557\"><span class=\"flagpm_va\"><\/span><img data-src=\"https:\/\/bobvarela.com\/wp-content\/flagallery\/celia-vela-primavera-verano-2015\/webview\/celia-vela-ss-2015-611.jpg\" alt=\"080 Barcelona Spring-Summer 2015\" class=\"noLazy flagpm_the_photo swiper-lazy\"><div class=\"swiper-lazy-preloader swiper-lazy-preloader-black\"><\/div><\/div><div class=\"swiper-slide\" data-hash=\"flagallery16558\" data-photo-id=\"16558\"><span class=\"flagpm_va\"><\/span><img data-src=\"https:\/\/bobvarela.com\/wp-content\/flagallery\/celia-vela-primavera-verano-2015\/webview\/celia-vela-ss-2015-612.jpg\" alt=\"080 Barcelona Spring-Summer 2015\" class=\"noLazy flagpm_the_photo swiper-lazy\"><div class=\"swiper-lazy-preloader swiper-lazy-preloader-black\"><\/div><\/div><div class=\"swiper-slide\" data-hash=\"flagallery16559\" data-photo-id=\"16559\"><span class=\"flagpm_va\"><\/span><img data-src=\"https:\/\/bobvarela.com\/wp-content\/flagallery\/celia-vela-primavera-verano-2015\/webview\/celia-vela-ss-2015-613.jpg\" alt=\"080 Barcelona Spring-Summer 2015\" class=\"noLazy flagpm_the_photo swiper-lazy\"><div class=\"swiper-lazy-preloader swiper-lazy-preloader-black\"><\/div><\/div><div class=\"swiper-slide\" data-hash=\"flagallery16560\" data-photo-id=\"16560\"><span class=\"flagpm_va\"><\/span><img data-src=\"https:\/\/bobvarela.com\/wp-content\/flagallery\/celia-vela-primavera-verano-2015\/webview\/celia-vela-ss-2015-614.jpg\" alt=\"080 Barcelona Spring-Summer 2015\" class=\"noLazy flagpm_the_photo swiper-lazy\"><div class=\"swiper-lazy-preloader swiper-lazy-preloader-black\"><\/div><\/div><div class=\"swiper-slide\" data-hash=\"flagallery16561\" data-photo-id=\"16561\"><span class=\"flagpm_va\"><\/span><img data-src=\"https:\/\/bobvarela.com\/wp-content\/flagallery\/celia-vela-primavera-verano-2015\/webview\/celia-vela-ss-2015-615.jpg\" alt=\"080 Barcelona Spring-Summer 2015\" class=\"noLazy flagpm_the_photo swiper-lazy\"><div class=\"swiper-lazy-preloader swiper-lazy-preloader-black\"><\/div><\/div><div class=\"swiper-slide\" data-hash=\"flagallery16562\" data-photo-id=\"16562\"><span class=\"flagpm_va\"><\/span><img data-src=\"https:\/\/bobvarela.com\/wp-content\/flagallery\/celia-vela-primavera-verano-2015\/webview\/celia-vela-ss-2015-616.jpg\" alt=\"080 Barcelona Spring-Summer 2015\" class=\"noLazy flagpm_the_photo swiper-lazy\"><div class=\"swiper-lazy-preloader swiper-lazy-preloader-black\"><\/div><\/div><div class=\"swiper-slide\" data-hash=\"flagallery16563\" data-photo-id=\"16563\"><span class=\"flagpm_va\"><\/span><img data-src=\"https:\/\/bobvarela.com\/wp-content\/flagallery\/celia-vela-primavera-verano-2015\/webview\/celia-vela-ss-2015-617.jpg\" alt=\"080 Barcelona Spring-Summer 2015\" class=\"noLazy flagpm_the_photo swiper-lazy\"><div class=\"swiper-lazy-preloader swiper-lazy-preloader-black\"><\/div><\/div><div class=\"swiper-slide\" data-hash=\"flagallery16564\" data-photo-id=\"16564\"><span class=\"flagpm_va\"><\/span><img data-src=\"https:\/\/bobvarela.com\/wp-content\/flagallery\/celia-vela-primavera-verano-2015\/webview\/celia-vela-ss-2015-618.jpg\" alt=\"080 Barcelona Spring-Summer 2015\" class=\"noLazy flagpm_the_photo swiper-lazy\"><div class=\"swiper-lazy-preloader swiper-lazy-preloader-black\"><\/div><\/div><div class=\"swiper-slide\" data-hash=\"flagallery16565\" data-photo-id=\"16565\"><span class=\"flagpm_va\"><\/span><img data-src=\"https:\/\/bobvarela.com\/wp-content\/flagallery\/celia-vela-primavera-verano-2015\/webview\/celia-vela-ss-2015-619.jpg\" alt=\"080 Barcelona Spring-Summer 2015\" class=\"noLazy flagpm_the_photo swiper-lazy\"><div class=\"swiper-lazy-preloader swiper-lazy-preloader-black\"><\/div><\/div><div class=\"swiper-slide\" data-hash=\"flagallery16566\" data-photo-id=\"16566\"><span class=\"flagpm_va\"><\/span><img data-src=\"https:\/\/bobvarela.com\/wp-content\/flagallery\/celia-vela-primavera-verano-2015\/webview\/celia-vela-ss-2015-620.jpg\" alt=\"080 Barcelona Spring-Summer 2015\" class=\"noLazy flagpm_the_photo swiper-lazy\"><div class=\"swiper-lazy-preloader swiper-lazy-preloader-black\"><\/div><\/div><div class=\"swiper-slide\" data-hash=\"flagallery16567\" data-photo-id=\"16567\"><span class=\"flagpm_va\"><\/span><img data-src=\"https:\/\/bobvarela.com\/wp-content\/flagallery\/celia-vela-primavera-verano-2015\/webview\/celia-vela-ss-2015-621.jpg\" alt=\"080 Barcelona Spring-Summer 2015\" class=\"noLazy flagpm_the_photo swiper-lazy\"><div class=\"swiper-lazy-preloader swiper-lazy-preloader-black\"><\/div><\/div><div class=\"swiper-slide\" data-hash=\"flagallery16568\" data-photo-id=\"16568\"><span class=\"flagpm_va\"><\/span><img data-src=\"https:\/\/bobvarela.com\/wp-content\/flagallery\/celia-vela-primavera-verano-2015\/webview\/celia-vela-ss-2015-622.jpg\" alt=\"080 Barcelona Spring-Summer 2015\" class=\"noLazy flagpm_the_photo swiper-lazy\"><div class=\"swiper-lazy-preloader swiper-lazy-preloader-black\"><\/div><\/div><div class=\"swiper-slide\" data-hash=\"flagallery16569\" data-photo-id=\"16569\"><span class=\"flagpm_va\"><\/span><img data-src=\"https:\/\/bobvarela.com\/wp-content\/flagallery\/celia-vela-primavera-verano-2015\/webview\/celia-vela-ss-2015-623.jpg\" alt=\"080 Barcelona Spring-Summer 2015\" class=\"noLazy flagpm_the_photo swiper-lazy\"><div class=\"swiper-lazy-preloader swiper-lazy-preloader-black\"><\/div><\/div><div class=\"swiper-slide\" data-hash=\"flagallery16570\" data-photo-id=\"16570\"><span class=\"flagpm_va\"><\/span><img data-src=\"https:\/\/bobvarela.com\/wp-content\/flagallery\/celia-vela-primavera-verano-2015\/webview\/celia-vela-ss-2015-624.jpg\" alt=\"080 Barcelona Spring-Summer 2015\" class=\"noLazy flagpm_the_photo swiper-lazy\"><div class=\"swiper-lazy-preloader swiper-lazy-preloader-black\"><\/div><\/div><div class=\"swiper-slide\" data-hash=\"flagallery16571\" data-photo-id=\"16571\"><span class=\"flagpm_va\"><\/span><img data-src=\"https:\/\/bobvarela.com\/wp-content\/flagallery\/celia-vela-primavera-verano-2015\/webview\/celia-vela-ss-2015-625.jpg\" alt=\"080 Barcelona Spring-Summer 2015\" class=\"noLazy flagpm_the_photo swiper-lazy\"><div class=\"swiper-lazy-preloader swiper-lazy-preloader-black\"><\/div><\/div> <\/div> <\/div> <\/div> <div class=\"flagpm_photo_header\"> <div class=\"flagpm_wrapper flagpm_clearfix\"> <div class=\"flagpm_focus_actions\"> <ul class=\"flagpm_focus_share\"> <li style=\"list-style:none;\" class=\"flagpm_share_wrapper\"> <a class=\"flagpm_button flagpm_share\">Share<\/a> <ul class=\"flagpm_sharelizers flagpm_clearfix\"> <li style=\"list-style:none;\"><a class=\"flagpm_button flagpm_facebook flagpm_sharelizer\">Facebook<\/a><\/li> <li style=\"list-style:none;\"><a class=\"flagpm_button flagpm_twitter flagpm_sharelizer\">Twitter<\/a><\/li> <li style=\"list-style:none;\"><a class=\"flagpm_button flagpm_pinterest flagpm_sharelizer\">Pinterest<\/a><\/li> <li style=\"list-style:none;\"><a class=\"flagpm_button flagpm_stumbleupon flagpm_sharelizer\">StumbleUpon<\/a><\/li> <\/ul> <\/li> <\/ul> <ul class=\"flagpm_focus_like_fave flagpm_clearfix\"> <li style=\"list-style:none;\"><a class=\"flagpm_button flagpm_like\">Like<\/a><\/li> <\/ul> <ul class=\"flagpm_focus_arrows flagpm_clearfix\"> <li style=\"list-style:none;\"><a class=\"flagpm_button flagpm_photo_arrow_previous flagpm_prev\">Previous<\/a><\/li> <li style=\"list-style:none;\"><a class=\"flagpm_button flagpm_photo_arrow_next flagpm_next\">Next<\/a><\/li> <\/ul> <\/div> <div class=\"flagpm_name_wrap flagpm_clearfix flagpm_no_avatar\"> <div class=\"flagpm_title_author\"> <div class=\"flagpm_title\">080 Barcelona Spring-Summer 2015<\/div> <\/div> <\/div> <div class=\"flagpm_actions flagpm_clearfix\"> <div class=\"flagpm_carousel flagpm_has_previous flagpm_has_next\"> <div class=\"flagpm_previous_button\"><\/div> <div class=\"flagpm_photo_carousel\"> <div class=\"swiper-container swiper-small-images\"> <div class=\"swiper-wrapper\"><div class=\"swiper-slide flagpm_photo\" data-photo-id=\"16512\"><img decoding=\"async\" src=\"https:\/\/bobvarela.com\/wp-content\/flagallery\/celia-vela-primavera-verano-2015\/thumbs\/thumbs_celia-vela-ss-2015-566.jpg\" data-src=\"https:\/\/bobvarela.com\/wp-content\/flagallery\/celia-vela-primavera-verano-2015\/thumbs\/thumbs_celia-vela-ss-2015-566.jpg\" alt=\"080 Barcelona Spring-Summer 2015\" class=\"noLazy flagpm_photo swiper-lazy flagpm_photo_landscape\"><span class=\"swiper-lazy-preloader swiper-lazy-preloader-black\"><\/span><\/div><div class=\"swiper-slide flagpm_photo\" data-photo-id=\"16513\"><img data-src=\"https:\/\/bobvarela.com\/wp-content\/flagallery\/celia-vela-primavera-verano-2015\/thumbs\/thumbs_celia-vela-ss-2015-567.jpg\" alt=\"080 Barcelona Spring-Summer 2015\" class=\"noLazy flagpm_photo swiper-lazy flagpm_photo_portrait\"><span class=\"swiper-lazy-preloader swiper-lazy-preloader-black\"><\/span><\/div><div class=\"swiper-slide flagpm_photo\" data-photo-id=\"16514\"><img data-src=\"https:\/\/bobvarela.com\/wp-content\/flagallery\/celia-vela-primavera-verano-2015\/thumbs\/thumbs_celia-vela-ss-2015-568.jpg\" alt=\"080 Barcelona Spring-Summer 2015\" class=\"noLazy flagpm_photo swiper-lazy flagpm_photo_portrait\"><span class=\"swiper-lazy-preloader swiper-lazy-preloader-black\"><\/span><\/div><div class=\"swiper-slide flagpm_photo\" data-photo-id=\"16515\"><img data-src=\"https:\/\/bobvarela.com\/wp-content\/flagallery\/celia-vela-primavera-verano-2015\/thumbs\/thumbs_celia-vela-ss-2015-569.jpg\" alt=\"080 Barcelona Spring-Summer 2015\" class=\"noLazy flagpm_photo swiper-lazy flagpm_photo_portrait\"><span class=\"swiper-lazy-preloader swiper-lazy-preloader-black\"><\/span><\/div><div class=\"swiper-slide flagpm_photo\" data-photo-id=\"16516\"><img data-src=\"https:\/\/bobvarela.com\/wp-content\/flagallery\/celia-vela-primavera-verano-2015\/thumbs\/thumbs_celia-vela-ss-2015-570.jpg\" alt=\"080 Barcelona Spring-Summer 2015\" class=\"noLazy flagpm_photo swiper-lazy flagpm_photo_portrait\"><span class=\"swiper-lazy-preloader swiper-lazy-preloader-black\"><\/span><\/div><div class=\"swiper-slide flagpm_photo\" data-photo-id=\"16517\"><img data-src=\"https:\/\/bobvarela.com\/wp-content\/flagallery\/celia-vela-primavera-verano-2015\/thumbs\/thumbs_celia-vela-ss-2015-571.jpg\" alt=\"080 Barcelona Spring-Summer 2015\" class=\"noLazy flagpm_photo swiper-lazy flagpm_photo_portrait\"><span class=\"swiper-lazy-preloader swiper-lazy-preloader-black\"><\/span><\/div><div class=\"swiper-slide flagpm_photo\" data-photo-id=\"16518\"><img data-src=\"https:\/\/bobvarela.com\/wp-content\/flagallery\/celia-vela-primavera-verano-2015\/thumbs\/thumbs_celia-vela-ss-2015-572.jpg\" alt=\"080 Barcelona Spring-Summer 2015\" class=\"noLazy flagpm_photo swiper-lazy flagpm_photo_portrait\"><span class=\"swiper-lazy-preloader swiper-lazy-preloader-black\"><\/span><\/div><div class=\"swiper-slide flagpm_photo\" data-photo-id=\"16519\"><img data-src=\"https:\/\/bobvarela.com\/wp-content\/flagallery\/celia-vela-primavera-verano-2015\/thumbs\/thumbs_celia-vela-ss-2015-573.jpg\" alt=\"080 Barcelona Spring-Summer 2015\" class=\"noLazy flagpm_photo swiper-lazy flagpm_photo_portrait\"><span class=\"swiper-lazy-preloader swiper-lazy-preloader-black\"><\/span><\/div><div class=\"swiper-slide flagpm_photo\" data-photo-id=\"16520\"><img data-src=\"https:\/\/bobvarela.com\/wp-content\/flagallery\/celia-vela-primavera-verano-2015\/thumbs\/thumbs_celia-vela-ss-2015-574.jpg\" alt=\"080 Barcelona Spring-Summer 2015\" class=\"noLazy flagpm_photo swiper-lazy flagpm_photo_portrait\"><span class=\"swiper-lazy-preloader swiper-lazy-preloader-black\"><\/span><\/div><div class=\"swiper-slide flagpm_photo\" data-photo-id=\"16521\"><img data-src=\"https:\/\/bobvarela.com\/wp-content\/flagallery\/celia-vela-primavera-verano-2015\/thumbs\/thumbs_celia-vela-ss-2015-575.jpg\" alt=\"080 Barcelona Spring-Summer 2015\" class=\"noLazy flagpm_photo swiper-lazy flagpm_photo_portrait\"><span class=\"swiper-lazy-preloader swiper-lazy-preloader-black\"><\/span><\/div><div class=\"swiper-slide flagpm_photo\" data-photo-id=\"16522\"><img data-src=\"https:\/\/bobvarela.com\/wp-content\/flagallery\/celia-vela-primavera-verano-2015\/thumbs\/thumbs_celia-vela-ss-2015-576.jpg\" alt=\"080 Barcelona Spring-Summer 2015\" class=\"noLazy flagpm_photo swiper-lazy flagpm_photo_portrait\"><span class=\"swiper-lazy-preloader swiper-lazy-preloader-black\"><\/span><\/div><div class=\"swiper-slide flagpm_photo\" data-photo-id=\"16523\"><img data-src=\"https:\/\/bobvarela.com\/wp-content\/flagallery\/celia-vela-primavera-verano-2015\/thumbs\/thumbs_celia-vela-ss-2015-577.jpg\" alt=\"080 Barcelona Spring-Summer 2015\" class=\"noLazy flagpm_photo swiper-lazy flagpm_photo_portrait\"><span class=\"swiper-lazy-preloader swiper-lazy-preloader-black\"><\/span><\/div><div class=\"swiper-slide flagpm_photo\" data-photo-id=\"16524\"><img data-src=\"https:\/\/bobvarela.com\/wp-content\/flagallery\/celia-vela-primavera-verano-2015\/thumbs\/thumbs_celia-vela-ss-2015-578.jpg\" alt=\"080 Barcelona Spring-Summer 2015\" class=\"noLazy flagpm_photo swiper-lazy flagpm_photo_portrait\"><span class=\"swiper-lazy-preloader swiper-lazy-preloader-black\"><\/span><\/div><div class=\"swiper-slide flagpm_photo\" data-photo-id=\"16525\"><img data-src=\"https:\/\/bobvarela.com\/wp-content\/flagallery\/celia-vela-primavera-verano-2015\/thumbs\/thumbs_celia-vela-ss-2015-579.jpg\" alt=\"080 Barcelona Spring-Summer 2015\" class=\"noLazy flagpm_photo swiper-lazy flagpm_photo_portrait\"><span class=\"swiper-lazy-preloader swiper-lazy-preloader-black\"><\/span><\/div><div class=\"swiper-slide flagpm_photo\" data-photo-id=\"16526\"><img data-src=\"https:\/\/bobvarela.com\/wp-content\/flagallery\/celia-vela-primavera-verano-2015\/thumbs\/thumbs_celia-vela-ss-2015-580.jpg\" alt=\"080 Barcelona Spring-Summer 2015\" class=\"noLazy flagpm_photo swiper-lazy flagpm_photo_portrait\"><span class=\"swiper-lazy-preloader swiper-lazy-preloader-black\"><\/span><\/div><div class=\"swiper-slide flagpm_photo\" data-photo-id=\"16527\"><img data-src=\"https:\/\/bobvarela.com\/wp-content\/flagallery\/celia-vela-primavera-verano-2015\/thumbs\/thumbs_celia-vela-ss-2015-581.jpg\" alt=\"080 Barcelona Spring-Summer 2015\" class=\"noLazy flagpm_photo swiper-lazy flagpm_photo_portrait\"><span class=\"swiper-lazy-preloader swiper-lazy-preloader-black\"><\/span><\/div><div class=\"swiper-slide flagpm_photo\" data-photo-id=\"16528\"><img data-src=\"https:\/\/bobvarela.com\/wp-content\/flagallery\/celia-vela-primavera-verano-2015\/thumbs\/thumbs_celia-vela-ss-2015-582.jpg\" alt=\"080 Barcelona Spring-Summer 2015\" class=\"noLazy flagpm_photo swiper-lazy flagpm_photo_landscape\"><span class=\"swiper-lazy-preloader swiper-lazy-preloader-black\"><\/span><\/div><div class=\"swiper-slide flagpm_photo\" data-photo-id=\"16529\"><img data-src=\"https:\/\/bobvarela.com\/wp-content\/flagallery\/celia-vela-primavera-verano-2015\/thumbs\/thumbs_celia-vela-ss-2015-583.jpg\" alt=\"080 Barcelona Spring-Summer 2015\" class=\"noLazy flagpm_photo swiper-lazy flagpm_photo_portrait\"><span class=\"swiper-lazy-preloader swiper-lazy-preloader-black\"><\/span><\/div><div class=\"swiper-slide flagpm_photo\" data-photo-id=\"16530\"><img data-src=\"https:\/\/bobvarela.com\/wp-content\/flagallery\/celia-vela-primavera-verano-2015\/thumbs\/thumbs_celia-vela-ss-2015-584.jpg\" alt=\"080 Barcelona Spring-Summer 2015\" class=\"noLazy flagpm_photo swiper-lazy flagpm_photo_portrait\"><span class=\"swiper-lazy-preloader swiper-lazy-preloader-black\"><\/span><\/div><div class=\"swiper-slide flagpm_photo\" data-photo-id=\"16531\"><img data-src=\"https:\/\/bobvarela.com\/wp-content\/flagallery\/celia-vela-primavera-verano-2015\/thumbs\/thumbs_celia-vela-ss-2015-585.jpg\" alt=\"080 Barcelona Spring-Summer 2015\" class=\"noLazy flagpm_photo swiper-lazy flagpm_photo_landscape\"><span class=\"swiper-lazy-preloader swiper-lazy-preloader-black\"><\/span><\/div><div class=\"swiper-slide flagpm_photo\" data-photo-id=\"16532\"><img data-src=\"https:\/\/bobvarela.com\/wp-content\/flagallery\/celia-vela-primavera-verano-2015\/thumbs\/thumbs_celia-vela-ss-2015-586.jpg\" alt=\"080 Barcelona Spring-Summer 2015\" class=\"noLazy flagpm_photo swiper-lazy flagpm_photo_portrait\"><span class=\"swiper-lazy-preloader swiper-lazy-preloader-black\"><\/span><\/div><div class=\"swiper-slide flagpm_photo\" data-photo-id=\"16533\"><img data-src=\"https:\/\/bobvarela.com\/wp-content\/flagallery\/celia-vela-primavera-verano-2015\/thumbs\/thumbs_celia-vela-ss-2015-587.jpg\" alt=\"080 Barcelona Spring-Summer 2015\" class=\"noLazy flagpm_photo swiper-lazy flagpm_photo_portrait\"><span class=\"swiper-lazy-preloader swiper-lazy-preloader-black\"><\/span><\/div><div class=\"swiper-slide flagpm_photo\" data-photo-id=\"16534\"><img data-src=\"https:\/\/bobvarela.com\/wp-content\/flagallery\/celia-vela-primavera-verano-2015\/thumbs\/thumbs_celia-vela-ss-2015-588.jpg\" alt=\"080 Barcelona Spring-Summer 2015\" class=\"noLazy flagpm_photo swiper-lazy flagpm_photo_portrait\"><span class=\"swiper-lazy-preloader swiper-lazy-preloader-black\"><\/span><\/div><div class=\"swiper-slide flagpm_photo\" data-photo-id=\"16535\"><img data-src=\"https:\/\/bobvarela.com\/wp-content\/flagallery\/celia-vela-primavera-verano-2015\/thumbs\/thumbs_celia-vela-ss-2015-589.jpg\" alt=\"080 Barcelona Spring-Summer 2015\" class=\"noLazy flagpm_photo swiper-lazy flagpm_photo_landscape\"><span class=\"swiper-lazy-preloader swiper-lazy-preloader-black\"><\/span><\/div><div class=\"swiper-slide flagpm_photo\" data-photo-id=\"16536\"><img data-src=\"https:\/\/bobvarela.com\/wp-content\/flagallery\/celia-vela-primavera-verano-2015\/thumbs\/thumbs_celia-vela-ss-2015-590.jpg\" alt=\"080 Barcelona Spring-Summer 2015\" class=\"noLazy flagpm_photo swiper-lazy flagpm_photo_portrait\"><span class=\"swiper-lazy-preloader swiper-lazy-preloader-black\"><\/span><\/div><div class=\"swiper-slide flagpm_photo\" data-photo-id=\"16537\"><img data-src=\"https:\/\/bobvarela.com\/wp-content\/flagallery\/celia-vela-primavera-verano-2015\/thumbs\/thumbs_celia-vela-ss-2015-591.jpg\" alt=\"080 Barcelona Spring-Summer 2015\" class=\"noLazy flagpm_photo swiper-lazy flagpm_photo_portrait\"><span class=\"swiper-lazy-preloader swiper-lazy-preloader-black\"><\/span><\/div><div class=\"swiper-slide flagpm_photo\" data-photo-id=\"16538\"><img data-src=\"https:\/\/bobvarela.com\/wp-content\/flagallery\/celia-vela-primavera-verano-2015\/thumbs\/thumbs_celia-vela-ss-2015-592.jpg\" alt=\"080 Barcelona Spring-Summer 2015\" class=\"noLazy flagpm_photo swiper-lazy flagpm_photo_portrait\"><span class=\"swiper-lazy-preloader swiper-lazy-preloader-black\"><\/span><\/div><div class=\"swiper-slide flagpm_photo\" data-photo-id=\"16539\"><img data-src=\"https:\/\/bobvarela.com\/wp-content\/flagallery\/celia-vela-primavera-verano-2015\/thumbs\/thumbs_celia-vela-ss-2015-593.jpg\" alt=\"080 Barcelona Spring-Summer 2015\" class=\"noLazy flagpm_photo swiper-lazy flagpm_photo_portrait\"><span class=\"swiper-lazy-preloader swiper-lazy-preloader-black\"><\/span><\/div><div class=\"swiper-slide flagpm_photo\" data-photo-id=\"16540\"><img data-src=\"https:\/\/bobvarela.com\/wp-content\/flagallery\/celia-vela-primavera-verano-2015\/thumbs\/thumbs_celia-vela-ss-2015-594.jpg\" alt=\"080 Barcelona Spring-Summer 2015\" class=\"noLazy flagpm_photo swiper-lazy flagpm_photo_portrait\"><span class=\"swiper-lazy-preloader swiper-lazy-preloader-black\"><\/span><\/div><div class=\"swiper-slide flagpm_photo\" data-photo-id=\"16541\"><img data-src=\"https:\/\/bobvarela.com\/wp-content\/flagallery\/celia-vela-primavera-verano-2015\/thumbs\/thumbs_celia-vela-ss-2015-595.jpg\" alt=\"080 Barcelona Spring-Summer 2015\" class=\"noLazy flagpm_photo swiper-lazy flagpm_photo_landscape\"><span class=\"swiper-lazy-preloader swiper-lazy-preloader-black\"><\/span><\/div><div class=\"swiper-slide flagpm_photo\" data-photo-id=\"16542\"><img data-src=\"https:\/\/bobvarela.com\/wp-content\/flagallery\/celia-vela-primavera-verano-2015\/thumbs\/thumbs_celia-vela-ss-2015-596.jpg\" alt=\"080 Barcelona Spring-Summer 2015\" class=\"noLazy flagpm_photo swiper-lazy flagpm_photo_portrait\"><span class=\"swiper-lazy-preloader swiper-lazy-preloader-black\"><\/span><\/div><div class=\"swiper-slide flagpm_photo\" data-photo-id=\"16543\"><img data-src=\"https:\/\/bobvarela.com\/wp-content\/flagallery\/celia-vela-primavera-verano-2015\/thumbs\/thumbs_celia-vela-ss-2015-597.jpg\" alt=\"080 Barcelona Spring-Summer 2015\" class=\"noLazy flagpm_photo swiper-lazy flagpm_photo_portrait\"><span class=\"swiper-lazy-preloader swiper-lazy-preloader-black\"><\/span><\/div><div class=\"swiper-slide flagpm_photo\" data-photo-id=\"16544\"><img data-src=\"https:\/\/bobvarela.com\/wp-content\/flagallery\/celia-vela-primavera-verano-2015\/thumbs\/thumbs_celia-vela-ss-2015-598.jpg\" alt=\"080 Barcelona Spring-Summer 2015\" class=\"noLazy flagpm_photo swiper-lazy flagpm_photo_portrait\"><span class=\"swiper-lazy-preloader swiper-lazy-preloader-black\"><\/span><\/div><div class=\"swiper-slide flagpm_photo\" data-photo-id=\"16545\"><img data-src=\"https:\/\/bobvarela.com\/wp-content\/flagallery\/celia-vela-primavera-verano-2015\/thumbs\/thumbs_celia-vela-ss-2015-599.jpg\" alt=\"080 Barcelona Spring-Summer 2015\" class=\"noLazy flagpm_photo swiper-lazy flagpm_photo_portrait\"><span class=\"swiper-lazy-preloader swiper-lazy-preloader-black\"><\/span><\/div><div class=\"swiper-slide flagpm_photo\" data-photo-id=\"16546\"><img data-src=\"https:\/\/bobvarela.com\/wp-content\/flagallery\/celia-vela-primavera-verano-2015\/thumbs\/thumbs_celia-vela-ss-2015-600.jpg\" alt=\"080 Barcelona Spring-Summer 2015\" class=\"noLazy flagpm_photo swiper-lazy flagpm_photo_landscape\"><span class=\"swiper-lazy-preloader swiper-lazy-preloader-black\"><\/span><\/div><div class=\"swiper-slide flagpm_photo\" data-photo-id=\"16547\"><img data-src=\"https:\/\/bobvarela.com\/wp-content\/flagallery\/celia-vela-primavera-verano-2015\/thumbs\/thumbs_celia-vela-ss-2015-601.jpg\" alt=\"080 Barcelona Spring-Summer 2015\" class=\"noLazy flagpm_photo swiper-lazy flagpm_photo_portrait\"><span class=\"swiper-lazy-preloader swiper-lazy-preloader-black\"><\/span><\/div><div class=\"swiper-slide flagpm_photo\" data-photo-id=\"16548\"><img data-src=\"https:\/\/bobvarela.com\/wp-content\/flagallery\/celia-vela-primavera-verano-2015\/thumbs\/thumbs_celia-vela-ss-2015-602.jpg\" alt=\"080 Barcelona Spring-Summer 2015\" class=\"noLazy flagpm_photo swiper-lazy flagpm_photo_portrait\"><span class=\"swiper-lazy-preloader swiper-lazy-preloader-black\"><\/span><\/div><div class=\"swiper-slide flagpm_photo\" data-photo-id=\"16549\"><img data-src=\"https:\/\/bobvarela.com\/wp-content\/flagallery\/celia-vela-primavera-verano-2015\/thumbs\/thumbs_celia-vela-ss-2015-603.jpg\" alt=\"080 Barcelona Spring-Summer 2015\" class=\"noLazy flagpm_photo swiper-lazy flagpm_photo_portrait\"><span class=\"swiper-lazy-preloader swiper-lazy-preloader-black\"><\/span><\/div><div class=\"swiper-slide flagpm_photo\" data-photo-id=\"16550\"><img data-src=\"https:\/\/bobvarela.com\/wp-content\/flagallery\/celia-vela-primavera-verano-2015\/thumbs\/thumbs_celia-vela-ss-2015-604.jpg\" alt=\"080 Barcelona Spring-Summer 2015\" class=\"noLazy flagpm_photo swiper-lazy flagpm_photo_portrait\"><span class=\"swiper-lazy-preloader swiper-lazy-preloader-black\"><\/span><\/div><div class=\"swiper-slide flagpm_photo\" data-photo-id=\"16551\"><img data-src=\"https:\/\/bobvarela.com\/wp-content\/flagallery\/celia-vela-primavera-verano-2015\/thumbs\/thumbs_celia-vela-ss-2015-605.jpg\" alt=\"080 Barcelona Spring-Summer 2015\" class=\"noLazy flagpm_photo swiper-lazy flagpm_photo_portrait\"><span class=\"swiper-lazy-preloader swiper-lazy-preloader-black\"><\/span><\/div><div class=\"swiper-slide flagpm_photo\" data-photo-id=\"16552\"><img data-src=\"https:\/\/bobvarela.com\/wp-content\/flagallery\/celia-vela-primavera-verano-2015\/thumbs\/thumbs_celia-vela-ss-2015-606.jpg\" alt=\"080 Barcelona Spring-Summer 2015\" class=\"noLazy flagpm_photo swiper-lazy flagpm_photo_portrait\"><span class=\"swiper-lazy-preloader swiper-lazy-preloader-black\"><\/span><\/div><div class=\"swiper-slide flagpm_photo\" data-photo-id=\"16553\"><img data-src=\"https:\/\/bobvarela.com\/wp-content\/flagallery\/celia-vela-primavera-verano-2015\/thumbs\/thumbs_celia-vela-ss-2015-607.jpg\" alt=\"080 Barcelona Spring-Summer 2015\" class=\"noLazy flagpm_photo swiper-lazy flagpm_photo_portrait\"><span class=\"swiper-lazy-preloader swiper-lazy-preloader-black\"><\/span><\/div><div class=\"swiper-slide flagpm_photo\" data-photo-id=\"16554\"><img data-src=\"https:\/\/bobvarela.com\/wp-content\/flagallery\/celia-vela-primavera-verano-2015\/thumbs\/thumbs_celia-vela-ss-2015-608.jpg\" alt=\"080 Barcelona Spring-Summer 2015\" class=\"noLazy flagpm_photo swiper-lazy flagpm_photo_portrait\"><span class=\"swiper-lazy-preloader swiper-lazy-preloader-black\"><\/span><\/div><div class=\"swiper-slide flagpm_photo\" data-photo-id=\"16555\"><img data-src=\"https:\/\/bobvarela.com\/wp-content\/flagallery\/celia-vela-primavera-verano-2015\/thumbs\/thumbs_celia-vela-ss-2015-609.jpg\" alt=\"080 Barcelona Spring-Summer 2015\" class=\"noLazy flagpm_photo swiper-lazy flagpm_photo_portrait\"><span class=\"swiper-lazy-preloader swiper-lazy-preloader-black\"><\/span><\/div><div class=\"swiper-slide flagpm_photo\" data-photo-id=\"16556\"><img data-src=\"https:\/\/bobvarela.com\/wp-content\/flagallery\/celia-vela-primavera-verano-2015\/thumbs\/thumbs_celia-vela-ss-2015-610.jpg\" alt=\"080 Barcelona Spring-Summer 2015\" class=\"noLazy flagpm_photo swiper-lazy flagpm_photo_portrait\"><span class=\"swiper-lazy-preloader swiper-lazy-preloader-black\"><\/span><\/div><div class=\"swiper-slide flagpm_photo\" data-photo-id=\"16557\"><img data-src=\"https:\/\/bobvarela.com\/wp-content\/flagallery\/celia-vela-primavera-verano-2015\/thumbs\/thumbs_celia-vela-ss-2015-611.jpg\" alt=\"080 Barcelona Spring-Summer 2015\" class=\"noLazy flagpm_photo swiper-lazy flagpm_photo_portrait\"><span class=\"swiper-lazy-preloader swiper-lazy-preloader-black\"><\/span><\/div><div class=\"swiper-slide flagpm_photo\" data-photo-id=\"16558\"><img data-src=\"https:\/\/bobvarela.com\/wp-content\/flagallery\/celia-vela-primavera-verano-2015\/thumbs\/thumbs_celia-vela-ss-2015-612.jpg\" alt=\"080 Barcelona Spring-Summer 2015\" class=\"noLazy flagpm_photo swiper-lazy flagpm_photo_portrait\"><span class=\"swiper-lazy-preloader swiper-lazy-preloader-black\"><\/span><\/div><div class=\"swiper-slide flagpm_photo\" data-photo-id=\"16559\"><img data-src=\"https:\/\/bobvarela.com\/wp-content\/flagallery\/celia-vela-primavera-verano-2015\/thumbs\/thumbs_celia-vela-ss-2015-613.jpg\" alt=\"080 Barcelona Spring-Summer 2015\" class=\"noLazy flagpm_photo swiper-lazy flagpm_photo_portrait\"><span class=\"swiper-lazy-preloader swiper-lazy-preloader-black\"><\/span><\/div><div class=\"swiper-slide flagpm_photo\" data-photo-id=\"16560\"><img data-src=\"https:\/\/bobvarela.com\/wp-content\/flagallery\/celia-vela-primavera-verano-2015\/thumbs\/thumbs_celia-vela-ss-2015-614.jpg\" alt=\"080 Barcelona Spring-Summer 2015\" class=\"noLazy flagpm_photo swiper-lazy flagpm_photo_portrait\"><span class=\"swiper-lazy-preloader swiper-lazy-preloader-black\"><\/span><\/div><div class=\"swiper-slide flagpm_photo\" data-photo-id=\"16561\"><img data-src=\"https:\/\/bobvarela.com\/wp-content\/flagallery\/celia-vela-primavera-verano-2015\/thumbs\/thumbs_celia-vela-ss-2015-615.jpg\" alt=\"080 Barcelona Spring-Summer 2015\" class=\"noLazy flagpm_photo swiper-lazy flagpm_photo_portrait\"><span class=\"swiper-lazy-preloader swiper-lazy-preloader-black\"><\/span><\/div><div class=\"swiper-slide flagpm_photo\" data-photo-id=\"16562\"><img data-src=\"https:\/\/bobvarela.com\/wp-content\/flagallery\/celia-vela-primavera-verano-2015\/thumbs\/thumbs_celia-vela-ss-2015-616.jpg\" alt=\"080 Barcelona Spring-Summer 2015\" class=\"noLazy flagpm_photo swiper-lazy flagpm_photo_portrait\"><span class=\"swiper-lazy-preloader swiper-lazy-preloader-black\"><\/span><\/div><div class=\"swiper-slide flagpm_photo\" data-photo-id=\"16563\"><img data-src=\"https:\/\/bobvarela.com\/wp-content\/flagallery\/celia-vela-primavera-verano-2015\/thumbs\/thumbs_celia-vela-ss-2015-617.jpg\" alt=\"080 Barcelona Spring-Summer 2015\" class=\"noLazy flagpm_photo swiper-lazy flagpm_photo_portrait\"><span class=\"swiper-lazy-preloader swiper-lazy-preloader-black\"><\/span><\/div><div class=\"swiper-slide flagpm_photo\" data-photo-id=\"16564\"><img data-src=\"https:\/\/bobvarela.com\/wp-content\/flagallery\/celia-vela-primavera-verano-2015\/thumbs\/thumbs_celia-vela-ss-2015-618.jpg\" alt=\"080 Barcelona Spring-Summer 2015\" class=\"noLazy flagpm_photo swiper-lazy flagpm_photo_portrait\"><span class=\"swiper-lazy-preloader swiper-lazy-preloader-black\"><\/span><\/div><div class=\"swiper-slide flagpm_photo\" data-photo-id=\"16565\"><img data-src=\"https:\/\/bobvarela.com\/wp-content\/flagallery\/celia-vela-primavera-verano-2015\/thumbs\/thumbs_celia-vela-ss-2015-619.jpg\" alt=\"080 Barcelona Spring-Summer 2015\" class=\"noLazy flagpm_photo swiper-lazy flagpm_photo_landscape\"><span class=\"swiper-lazy-preloader swiper-lazy-preloader-black\"><\/span><\/div><div class=\"swiper-slide flagpm_photo\" data-photo-id=\"16566\"><img data-src=\"https:\/\/bobvarela.com\/wp-content\/flagallery\/celia-vela-primavera-verano-2015\/thumbs\/thumbs_celia-vela-ss-2015-620.jpg\" alt=\"080 Barcelona Spring-Summer 2015\" class=\"noLazy flagpm_photo swiper-lazy flagpm_photo_portrait\"><span class=\"swiper-lazy-preloader swiper-lazy-preloader-black\"><\/span><\/div><div class=\"swiper-slide flagpm_photo\" data-photo-id=\"16567\"><img data-src=\"https:\/\/bobvarela.com\/wp-content\/flagallery\/celia-vela-primavera-verano-2015\/thumbs\/thumbs_celia-vela-ss-2015-621.jpg\" alt=\"080 Barcelona Spring-Summer 2015\" class=\"noLazy flagpm_photo swiper-lazy flagpm_photo_portrait\"><span class=\"swiper-lazy-preloader swiper-lazy-preloader-black\"><\/span><\/div><div class=\"swiper-slide flagpm_photo\" data-photo-id=\"16568\"><img data-src=\"https:\/\/bobvarela.com\/wp-content\/flagallery\/celia-vela-primavera-verano-2015\/thumbs\/thumbs_celia-vela-ss-2015-622.jpg\" alt=\"080 Barcelona Spring-Summer 2015\" class=\"noLazy flagpm_photo swiper-lazy flagpm_photo_portrait\"><span class=\"swiper-lazy-preloader swiper-lazy-preloader-black\"><\/span><\/div><div class=\"swiper-slide flagpm_photo\" data-photo-id=\"16569\"><img data-src=\"https:\/\/bobvarela.com\/wp-content\/flagallery\/celia-vela-primavera-verano-2015\/thumbs\/thumbs_celia-vela-ss-2015-623.jpg\" alt=\"080 Barcelona Spring-Summer 2015\" class=\"noLazy flagpm_photo swiper-lazy flagpm_photo_portrait\"><span class=\"swiper-lazy-preloader swiper-lazy-preloader-black\"><\/span><\/div><div class=\"swiper-slide flagpm_photo\" data-photo-id=\"16570\"><img data-src=\"https:\/\/bobvarela.com\/wp-content\/flagallery\/celia-vela-primavera-verano-2015\/thumbs\/thumbs_celia-vela-ss-2015-624.jpg\" alt=\"080 Barcelona Spring-Summer 2015\" class=\"noLazy flagpm_photo swiper-lazy flagpm_photo_portrait\"><span class=\"swiper-lazy-preloader swiper-lazy-preloader-black\"><\/span><\/div><div class=\"swiper-slide flagpm_photo\" data-photo-id=\"16571\"><img data-src=\"https:\/\/bobvarela.com\/wp-content\/flagallery\/celia-vela-primavera-verano-2015\/thumbs\/thumbs_celia-vela-ss-2015-625.jpg\" alt=\"080 Barcelona Spring-Summer 2015\" class=\"noLazy flagpm_photo swiper-lazy flagpm_photo_portrait\"><span class=\"swiper-lazy-preloader swiper-lazy-preloader-black\"><\/span><\/div> <\/div> <\/div> <\/div> <div class=\"flagpm_next_button\"><\/div> <\/div> <div class=\"flagpm_big_button_wrap\"> <div class=\"flagpm_share_wrapper\"> <a class=\"flagpm_button flagpm_share\">Share<\/a> <div class=\"flagpm_sharelizers_wrap\"> <ul class=\"flagpm_sharelizers\"> <li style=\"list-style:none;\"><a class=\"flagpm_button flagpm_facebook flagpm_sharelizer\">Facebook<\/a><\/li> <li style=\"list-style:none;\"><a class=\"flagpm_button flagpm_twitter flagpm_sharelizer\">Twitter<\/a><\/li> <li style=\"list-style:none;\"><a class=\"flagpm_button flagpm_pinterest flagpm_sharelizer\">Pinterest<\/a><\/li> <li style=\"list-style:none;\"><a class=\"flagpm_button flagpm_stumbleupon flagpm_sharelizer\">StumbleUpon<\/a><\/li> <\/ul> <\/div> <\/div> <a class=\"flagpm_button flagpm_like\">Like<\/a> <\/div> <div class=\"flagpm_big_button_wrap\"> <a class=\"flagpm_big_button flagpm_download_button\" href=\"https:\/\/bobvarela.com\/wp-content\/flagallery\/celia-vela-primavera-verano-2015\/celia-vela-ss-2015-566.jpg\" download=\"celia-vela-ss-2015-566.jpg\"> <span class=\"flagpm_icon\"><\/span> <span class=\"flagpm_label\">Download<\/span> <\/a> <\/div> <div class=\"flagpm_big_button_wrap\"> <a class=\"flagpm_big_button flagpm_link_button flagpm_inactive\" > <span class=\"flagpm_icon\"><\/span> <span class=\"flagpm_label\">Open Link<\/span> <\/a> <\/div> <\/div> <\/div> <\/div> <div class=\"flagpm_focus_close_full\"> <span><a class=\"flagpm_button flagpm_close\">Close<\/a><\/span> <span><a class=\"flagpm_button flagpm_full\">Full<\/a><\/span> <\/div> <div class=\"flagpm_photo_details\"> <div class=\"flagpm_description_wrap\"> <div class=\"details_title\">Description<\/div> <div class=\"flagpm_description_text_wrap\"> <div class=\"flagpm_slide_description\"><p>080 Barcelona Spring-Summer 2015<\/p><\/div> <\/div> <\/div> <\/div> <div class=\"flagpm_focus_footer\"> <div class=\"flagpm_focus_keyboard\"> <div class=\"flagpm_focus_keyboard_title\">Keyboard Shortcuts <a class=\"flagpm_focus_keyboard_dismiss\">Dismiss<\/a><\/div> <ul> <li style=\"list-style:none;\"><a data-key=\"p\" class=\"flagpm_key\">S<\/a><span class=\"flagpm_label\">Slideshow<\/span><\/li> <li style=\"list-style:none;\"><a data-key=\"m\" class=\"flagpm_key\">M<\/a><span class=\"flagpm_label\">Maximize<\/span><\/li> <li style=\"list-style:none;\"><a data-key=\"left\" class=\"flagpm_key\">&nbsp;<\/a><span class=\"flagpm_label\">Previous<\/span><\/li> <li style=\"list-style:none;\"><a data-key=\"right\" class=\"flagpm_key\">&nbsp;<\/a><span class=\"flagpm_label\">Next<\/span><\/li> <li style=\"list-style:none;\"><a data-key=\"escape\" class=\"flagpm_key flagpm_esc\">esc<\/a><span class=\"flagpm_label\">Close<\/span><\/li> <\/ul> <\/div> <\/div> <\/div> <script type=\"text\/javascript\"> jQuery(function($) { var settings = {\"base_gallery_width\":\"800\",\"base_gallery_height\":\"500\",\"gallery_min_height\":\"230\",\"scale_mode\":\"fit\",\"initial_slide\":0,\"slideshow_autoplay\":\"0\",\"slideshow_delay\":\"7000\",\"gallery_focus\":\"0\",\"gallery_maximized\":\"0\",\"gallery_focus_maximized\":\"0\",\"keyboard_help\":\"1\",\"show_download_button\":\"1\",\"show_link_button\":\"1\",\"show_description\":\"1\",\"show_share_button\":\"1\",\"show_like_button\":\"1\",\"link_color\":\"#0099e5\",\"link_color_hover\":\"#02adea\",\"download_button_text\":\"Download\",\"link_button_text\":\"Open Link\",\"description_title\":\"Description\",\"key\":\"\",\"name\":\"\",\"gallID\":\"sc1_205\"}; var content = {\"data\":[{\"id\":\"16512\",\"image\":\"https:\\\/\\\/bobvarela.com\\\/wp-content\\\/flagallery\\\/celia-vela-primavera-verano-2015\\\/webview\\\/celia-vela-ss-2015-566.jpg\",\"thumb\":\"https:\\\/\\\/bobvarela.com\\\/wp-content\\\/flagallery\\\/celia-vela-primavera-verano-2015\\\/thumbs\\\/thumbs_celia-vela-ss-2015-566.jpg\",\"file\":\"celia-vela-ss-2015-566.jpg\",\"meta\":{\"aperture\":false,\"credit\":false,\"camera\":false,\"caption\":\"080 Barcelona Spring-Summer 2015\",\"created_timestamp\":\"July 3, 2014 4:17 pm\",\"copyright\":\"\\u00c2\\u00a9 2014 Estrop-Barcelona PHOTOGRAPH FOR EDITORIAL USE ONLY\",\"focal_length\":false,\"iso\":false,\"shutter_speed\":false,\"flash\":false,\"title\":\"080 Barcelona Spring-Summer 2015\",\"keywords\":\"Spring-Summer 2015\",\"width\":898,\"height\":600,\"saved\":true,\"thumbnail\":{\"width\":220,\"height\":220},\"webview\":{\"0\":898,\"1\":600,\"2\":2,\"3\":\"width=\\\"898\\\" height=\\\"600\\\"\",\"bits\":8,\"channels\":3,\"mime\":\"image\\\/jpeg\"},\"views\":\"135\",\"likes\":\"0\"},\"title\":\"080 Barcelona Spring-Summer 2015\",\"description\":\"<p>080 Barcelona Spring-Summer 2015<\\\/p>\",\"link\":null,\"link_target\":\"\",\"download\":\"https:\\\/\\\/bobvarela.com\\\/wp-content\\\/flagallery\\\/celia-vela-primavera-verano-2015\\\/celia-vela-ss-2015-566.jpg\",\"ratio\":1.496666666666666589691203625989146530628204345703125},{\"id\":\"16513\",\"image\":\"https:\\\/\\\/bobvarela.com\\\/wp-content\\\/flagallery\\\/celia-vela-primavera-verano-2015\\\/webview\\\/celia-vela-ss-2015-567.jpg\",\"thumb\":\"https:\\\/\\\/bobvarela.com\\\/wp-content\\\/flagallery\\\/celia-vela-primavera-verano-2015\\\/thumbs\\\/thumbs_celia-vela-ss-2015-567.jpg\",\"file\":\"celia-vela-ss-2015-567.jpg\",\"meta\":{\"aperture\":false,\"credit\":false,\"camera\":false,\"caption\":\"080 Barcelona Spring-Summer 2015\",\"created_timestamp\":\"July 3, 2014 4:17 pm\",\"copyright\":\"\\u00c2\\u00a9 2014 Estrop-Barcelona PHOTOGRAPH FOR EDITORIAL USE ONLY\",\"focal_length\":false,\"iso\":false,\"shutter_speed\":false,\"flash\":false,\"title\":\"080 Barcelona Spring-Summer 2015\",\"keywords\":\"Spring-Summer 2015\",\"width\":600,\"height\":898,\"saved\":true,\"thumbnail\":{\"width\":220,\"height\":220},\"webview\":{\"0\":600,\"1\":898,\"2\":2,\"3\":\"width=\\\"600\\\" height=\\\"898\\\"\",\"bits\":8,\"channels\":3,\"mime\":\"image\\\/jpeg\"},\"views\":\"20\",\"likes\":\"0\"},\"title\":\"080 Barcelona Spring-Summer 2015\",\"description\":\"<p>080 Barcelona Spring-Summer 2015<\\\/p>\",\"link\":null,\"link_target\":\"\",\"download\":\"https:\\\/\\\/bobvarela.com\\\/wp-content\\\/flagallery\\\/celia-vela-primavera-verano-2015\\\/celia-vela-ss-2015-567.jpg\",\"ratio\":0.66815144766146994381728063672198913991451263427734375},{\"id\":\"16514\",\"image\":\"https:\\\/\\\/bobvarela.com\\\/wp-content\\\/flagallery\\\/celia-vela-primavera-verano-2015\\\/webview\\\/celia-vela-ss-2015-568.jpg\",\"thumb\":\"https:\\\/\\\/bobvarela.com\\\/wp-content\\\/flagallery\\\/celia-vela-primavera-verano-2015\\\/thumbs\\\/thumbs_celia-vela-ss-2015-568.jpg\",\"file\":\"celia-vela-ss-2015-568.jpg\",\"meta\":{\"aperture\":false,\"credit\":false,\"camera\":false,\"caption\":\"080 Barcelona Spring-Summer 2015\",\"created_timestamp\":\"July 3, 2014 4:17 pm\",\"copyright\":\"\\u00c2\\u00a9 2014 Estrop-Barcelona PHOTOGRAPH FOR EDITORIAL USE ONLY\",\"focal_length\":false,\"iso\":false,\"shutter_speed\":false,\"flash\":false,\"title\":\"080 Barcelona Spring-Summer 2015\",\"keywords\":\"Spring-Summer 2015\",\"width\":600,\"height\":898,\"saved\":true,\"thumbnail\":{\"width\":220,\"height\":220},\"webview\":{\"0\":600,\"1\":898,\"2\":2,\"3\":\"width=\\\"600\\\" height=\\\"898\\\"\",\"bits\":8,\"channels\":3,\"mime\":\"image\\\/jpeg\"},\"views\":\"14\",\"likes\":\"0\"},\"title\":\"080 Barcelona Spring-Summer 2015\",\"description\":\"<p>080 Barcelona Spring-Summer 2015<\\\/p>\",\"link\":null,\"link_target\":\"\",\"download\":\"https:\\\/\\\/bobvarela.com\\\/wp-content\\\/flagallery\\\/celia-vela-primavera-verano-2015\\\/celia-vela-ss-2015-568.jpg\",\"ratio\":0.66815144766146994381728063672198913991451263427734375},{\"id\":\"16515\",\"image\":\"https:\\\/\\\/bobvarela.com\\\/wp-content\\\/flagallery\\\/celia-vela-primavera-verano-2015\\\/webview\\\/celia-vela-ss-2015-569.jpg\",\"thumb\":\"https:\\\/\\\/bobvarela.com\\\/wp-content\\\/flagallery\\\/celia-vela-primavera-verano-2015\\\/thumbs\\\/thumbs_celia-vela-ss-2015-569.jpg\",\"file\":\"celia-vela-ss-2015-569.jpg\",\"meta\":{\"aperture\":false,\"credit\":false,\"camera\":false,\"caption\":\"080 Barcelona Spring-Summer 2015\",\"created_timestamp\":\"July 3, 2014 4:17 pm\",\"copyright\":\"\\u00c2\\u00a9 2014 Estrop-Barcelona PHOTOGRAPH FOR EDITORIAL USE ONLY\",\"focal_length\":false,\"iso\":false,\"shutter_speed\":false,\"flash\":false,\"title\":\"080 Barcelona Spring-Summer 2015\",\"keywords\":\"Spring-Summer 2015\",\"width\":600,\"height\":898,\"saved\":true,\"thumbnail\":{\"width\":220,\"height\":220},\"webview\":{\"0\":600,\"1\":898,\"2\":2,\"3\":\"width=\\\"600\\\" height=\\\"898\\\"\",\"bits\":8,\"channels\":3,\"mime\":\"image\\\/jpeg\"},\"views\":\"11\",\"likes\":\"0\"},\"title\":\"080 Barcelona Spring-Summer 2015\",\"description\":\"<p>080 Barcelona Spring-Summer 2015<\\\/p>\",\"link\":null,\"link_target\":\"\",\"download\":\"https:\\\/\\\/bobvarela.com\\\/wp-content\\\/flagallery\\\/celia-vela-primavera-verano-2015\\\/celia-vela-ss-2015-569.jpg\",\"ratio\":0.66815144766146994381728063672198913991451263427734375},{\"id\":\"16516\",\"image\":\"https:\\\/\\\/bobvarela.com\\\/wp-content\\\/flagallery\\\/celia-vela-primavera-verano-2015\\\/webview\\\/celia-vela-ss-2015-570.jpg\",\"thumb\":\"https:\\\/\\\/bobvarela.com\\\/wp-content\\\/flagallery\\\/celia-vela-primavera-verano-2015\\\/thumbs\\\/thumbs_celia-vela-ss-2015-570.jpg\",\"file\":\"celia-vela-ss-2015-570.jpg\",\"meta\":{\"aperture\":false,\"credit\":false,\"camera\":false,\"caption\":\"080 Barcelona Spring-Summer 2015\",\"created_timestamp\":\"July 3, 2014 4:17 pm\",\"copyright\":\"\\u00c2\\u00a9 2014 Estrop-Barcelona PHOTOGRAPH FOR EDITORIAL USE ONLY\",\"focal_length\":false,\"iso\":false,\"shutter_speed\":false,\"flash\":false,\"title\":\"080 Barcelona Spring-Summer 2015\",\"keywords\":\"Spring-Summer 2015\",\"width\":600,\"height\":898,\"saved\":true,\"thumbnail\":{\"width\":220,\"height\":220},\"webview\":{\"0\":600,\"1\":898,\"2\":2,\"3\":\"width=\\\"600\\\" height=\\\"898\\\"\",\"bits\":8,\"channels\":3,\"mime\":\"image\\\/jpeg\"},\"views\":\"11\",\"likes\":\"0\"},\"title\":\"080 Barcelona Spring-Summer 2015\",\"description\":\"<p>080 Barcelona Spring-Summer 2015<\\\/p>\",\"link\":null,\"link_target\":\"\",\"download\":\"https:\\\/\\\/bobvarela.com\\\/wp-content\\\/flagallery\\\/celia-vela-primavera-verano-2015\\\/celia-vela-ss-2015-570.jpg\",\"ratio\":0.66815144766146994381728063672198913991451263427734375},{\"id\":\"16517\",\"image\":\"https:\\\/\\\/bobvarela.com\\\/wp-content\\\/flagallery\\\/celia-vela-primavera-verano-2015\\\/webview\\\/celia-vela-ss-2015-571.jpg\",\"thumb\":\"https:\\\/\\\/bobvarela.com\\\/wp-content\\\/flagallery\\\/celia-vela-primavera-verano-2015\\\/thumbs\\\/thumbs_celia-vela-ss-2015-571.jpg\",\"file\":\"celia-vela-ss-2015-571.jpg\",\"meta\":{\"aperture\":false,\"credit\":false,\"camera\":false,\"caption\":\"080 Barcelona Spring-Summer 2015\",\"created_timestamp\":\"July 3, 2014 4:18 pm\",\"copyright\":\"\\u00c2\\u00a9 2014 Estrop-Barcelona PHOTOGRAPH FOR EDITORIAL USE ONLY\",\"focal_length\":false,\"iso\":false,\"shutter_speed\":false,\"flash\":false,\"title\":\"080 Barcelona Spring-Summer 2015\",\"keywords\":\"Spring-Summer 2015\",\"width\":600,\"height\":898,\"saved\":true,\"thumbnail\":{\"width\":220,\"height\":220},\"webview\":{\"0\":600,\"1\":898,\"2\":2,\"3\":\"width=\\\"600\\\" height=\\\"898\\\"\",\"bits\":8,\"channels\":3,\"mime\":\"image\\\/jpeg\"},\"views\":\"10\",\"likes\":\"0\"},\"title\":\"080 Barcelona Spring-Summer 2015\",\"description\":\"<p>080 Barcelona Spring-Summer 2015<\\\/p>\",\"link\":null,\"link_target\":\"\",\"download\":\"https:\\\/\\\/bobvarela.com\\\/wp-content\\\/flagallery\\\/celia-vela-primavera-verano-2015\\\/celia-vela-ss-2015-571.jpg\",\"ratio\":0.66815144766146994381728063672198913991451263427734375},{\"id\":\"16518\",\"image\":\"https:\\\/\\\/bobvarela.com\\\/wp-content\\\/flagallery\\\/celia-vela-primavera-verano-2015\\\/webview\\\/celia-vela-ss-2015-572.jpg\",\"thumb\":\"https:\\\/\\\/bobvarela.com\\\/wp-content\\\/flagallery\\\/celia-vela-primavera-verano-2015\\\/thumbs\\\/thumbs_celia-vela-ss-2015-572.jpg\",\"file\":\"celia-vela-ss-2015-572.jpg\",\"meta\":{\"aperture\":false,\"credit\":false,\"camera\":false,\"caption\":\"080 Barcelona Spring-Summer 2015\",\"created_timestamp\":\"July 3, 2014 4:18 pm\",\"copyright\":\"\\u00c2\\u00a9 2014 Estrop-Barcelona PHOTOGRAPH FOR EDITORIAL USE ONLY\",\"focal_length\":false,\"iso\":false,\"shutter_speed\":false,\"flash\":false,\"title\":\"080 Barcelona Spring-Summer 2015\",\"keywords\":\"Spring-Summer 2015\",\"width\":600,\"height\":898,\"saved\":true,\"thumbnail\":{\"width\":220,\"height\":220},\"webview\":{\"0\":600,\"1\":898,\"2\":2,\"3\":\"width=\\\"600\\\" height=\\\"898\\\"\",\"bits\":8,\"channels\":3,\"mime\":\"image\\\/jpeg\"},\"views\":\"10\",\"likes\":\"0\"},\"title\":\"080 Barcelona Spring-Summer 2015\",\"description\":\"<p>080 Barcelona Spring-Summer 2015<\\\/p>\",\"link\":null,\"link_target\":\"\",\"download\":\"https:\\\/\\\/bobvarela.com\\\/wp-content\\\/flagallery\\\/celia-vela-primavera-verano-2015\\\/celia-vela-ss-2015-572.jpg\",\"ratio\":0.66815144766146994381728063672198913991451263427734375},{\"id\":\"16519\",\"image\":\"https:\\\/\\\/bobvarela.com\\\/wp-content\\\/flagallery\\\/celia-vela-primavera-verano-2015\\\/webview\\\/celia-vela-ss-2015-573.jpg\",\"thumb\":\"https:\\\/\\\/bobvarela.com\\\/wp-content\\\/flagallery\\\/celia-vela-primavera-verano-2015\\\/thumbs\\\/thumbs_celia-vela-ss-2015-573.jpg\",\"file\":\"celia-vela-ss-2015-573.jpg\",\"meta\":{\"aperture\":false,\"credit\":false,\"camera\":false,\"caption\":\"080 Barcelona Spring-Summer 2015\",\"created_timestamp\":\"July 3, 2014 4:18 pm\",\"copyright\":\"\\u00c2\\u00a9 2014 Estrop-Barcelona PHOTOGRAPH FOR EDITORIAL USE ONLY\",\"focal_length\":false,\"iso\":false,\"shutter_speed\":false,\"flash\":false,\"title\":\"080 Barcelona Spring-Summer 2015\",\"keywords\":\"Spring-Summer 2015\",\"width\":600,\"height\":898,\"saved\":true,\"thumbnail\":{\"width\":220,\"height\":220},\"webview\":{\"0\":600,\"1\":898,\"2\":2,\"3\":\"width=\\\"600\\\" height=\\\"898\\\"\",\"bits\":8,\"channels\":3,\"mime\":\"image\\\/jpeg\"},\"views\":\"10\",\"likes\":\"0\"},\"title\":\"080 Barcelona Spring-Summer 2015\",\"description\":\"<p>080 Barcelona Spring-Summer 2015<\\\/p>\",\"link\":null,\"link_target\":\"\",\"download\":\"https:\\\/\\\/bobvarela.com\\\/wp-content\\\/flagallery\\\/celia-vela-primavera-verano-2015\\\/celia-vela-ss-2015-573.jpg\",\"ratio\":0.66815144766146994381728063672198913991451263427734375},{\"id\":\"16520\",\"image\":\"https:\\\/\\\/bobvarela.com\\\/wp-content\\\/flagallery\\\/celia-vela-primavera-verano-2015\\\/webview\\\/celia-vela-ss-2015-574.jpg\",\"thumb\":\"https:\\\/\\\/bobvarela.com\\\/wp-content\\\/flagallery\\\/celia-vela-primavera-verano-2015\\\/thumbs\\\/thumbs_celia-vela-ss-2015-574.jpg\",\"file\":\"celia-vela-ss-2015-574.jpg\",\"meta\":{\"aperture\":false,\"credit\":false,\"camera\":false,\"caption\":\"080 Barcelona Spring-Summer 2015\",\"created_timestamp\":\"July 3, 2014 4:18 pm\",\"copyright\":\"\\u00c2\\u00a9 2014 Estrop-Barcelona PHOTOGRAPH FOR EDITORIAL USE ONLY\",\"focal_length\":false,\"iso\":false,\"shutter_speed\":false,\"flash\":false,\"title\":\"080 Barcelona Spring-Summer 2015\",\"keywords\":\"Spring-Summer 2015\",\"width\":600,\"height\":898,\"saved\":true,\"thumbnail\":{\"width\":220,\"height\":220},\"webview\":{\"0\":600,\"1\":898,\"2\":2,\"3\":\"width=\\\"600\\\" height=\\\"898\\\"\",\"bits\":8,\"channels\":3,\"mime\":\"image\\\/jpeg\"},\"views\":\"9\",\"likes\":\"0\"},\"title\":\"080 Barcelona Spring-Summer 2015\",\"description\":\"<p>080 Barcelona Spring-Summer 2015<\\\/p>\",\"link\":null,\"link_target\":\"\",\"download\":\"https:\\\/\\\/bobvarela.com\\\/wp-content\\\/flagallery\\\/celia-vela-primavera-verano-2015\\\/celia-vela-ss-2015-574.jpg\",\"ratio\":0.66815144766146994381728063672198913991451263427734375},{\"id\":\"16521\",\"image\":\"https:\\\/\\\/bobvarela.com\\\/wp-content\\\/flagallery\\\/celia-vela-primavera-verano-2015\\\/webview\\\/celia-vela-ss-2015-575.jpg\",\"thumb\":\"https:\\\/\\\/bobvarela.com\\\/wp-content\\\/flagallery\\\/celia-vela-primavera-verano-2015\\\/thumbs\\\/thumbs_celia-vela-ss-2015-575.jpg\",\"file\":\"celia-vela-ss-2015-575.jpg\",\"meta\":{\"aperture\":false,\"credit\":false,\"camera\":false,\"caption\":\"080 Barcelona Spring-Summer 2015\",\"created_timestamp\":\"July 3, 2014 4:18 pm\",\"copyright\":\"\\u00c2\\u00a9 2014 Estrop-Barcelona PHOTOGRAPH FOR EDITORIAL USE ONLY\",\"focal_length\":false,\"iso\":false,\"shutter_speed\":false,\"flash\":false,\"title\":\"080 Barcelona Spring-Summer 2015\",\"keywords\":\"Spring-Summer 2015\",\"width\":600,\"height\":898,\"saved\":true,\"thumbnail\":{\"width\":220,\"height\":220},\"webview\":{\"0\":600,\"1\":898,\"2\":2,\"3\":\"width=\\\"600\\\" height=\\\"898\\\"\",\"bits\":8,\"channels\":3,\"mime\":\"image\\\/jpeg\"},\"views\":\"8\",\"likes\":\"0\"},\"title\":\"080 Barcelona Spring-Summer 2015\",\"description\":\"<p>080 Barcelona Spring-Summer 2015<\\\/p>\",\"link\":null,\"link_target\":\"\",\"download\":\"https:\\\/\\\/bobvarela.com\\\/wp-content\\\/flagallery\\\/celia-vela-primavera-verano-2015\\\/celia-vela-ss-2015-575.jpg\",\"ratio\":0.66815144766146994381728063672198913991451263427734375},{\"id\":\"16522\",\"image\":\"https:\\\/\\\/bobvarela.com\\\/wp-content\\\/flagallery\\\/celia-vela-primavera-verano-2015\\\/webview\\\/celia-vela-ss-2015-576.jpg\",\"thumb\":\"https:\\\/\\\/bobvarela.com\\\/wp-content\\\/flagallery\\\/celia-vela-primavera-verano-2015\\\/thumbs\\\/thumbs_celia-vela-ss-2015-576.jpg\",\"file\":\"celia-vela-ss-2015-576.jpg\",\"meta\":{\"aperture\":false,\"credit\":false,\"camera\":false,\"caption\":\"080 Barcelona Spring-Summer 2015\",\"created_timestamp\":\"July 3, 2014 4:18 pm\",\"copyright\":\"\\u00c2\\u00a9 2014 Estrop-Barcelona PHOTOGRAPH FOR EDITORIAL USE ONLY\",\"focal_length\":false,\"iso\":false,\"shutter_speed\":false,\"flash\":false,\"title\":\"080 Barcelona Spring-Summer 2015\",\"keywords\":\"Spring-Summer 2015\",\"width\":600,\"height\":898,\"saved\":true,\"thumbnail\":{\"width\":220,\"height\":220},\"webview\":{\"0\":600,\"1\":898,\"2\":2,\"3\":\"width=\\\"600\\\" height=\\\"898\\\"\",\"bits\":8,\"channels\":3,\"mime\":\"image\\\/jpeg\"},\"views\":\"9\",\"likes\":\"0\"},\"title\":\"080 Barcelona Spring-Summer 2015\",\"description\":\"<p>080 Barcelona Spring-Summer 2015<\\\/p>\",\"link\":null,\"link_target\":\"\",\"download\":\"https:\\\/\\\/bobvarela.com\\\/wp-content\\\/flagallery\\\/celia-vela-primavera-verano-2015\\\/celia-vela-ss-2015-576.jpg\",\"ratio\":0.66815144766146994381728063672198913991451263427734375},{\"id\":\"16523\",\"image\":\"https:\\\/\\\/bobvarela.com\\\/wp-content\\\/flagallery\\\/celia-vela-primavera-verano-2015\\\/webview\\\/celia-vela-ss-2015-577.jpg\",\"thumb\":\"https:\\\/\\\/bobvarela.com\\\/wp-content\\\/flagallery\\\/celia-vela-primavera-verano-2015\\\/thumbs\\\/thumbs_celia-vela-ss-2015-577.jpg\",\"file\":\"celia-vela-ss-2015-577.jpg\",\"meta\":{\"aperture\":false,\"credit\":false,\"camera\":false,\"caption\":\"080 Barcelona Spring-Summer 2015\",\"created_timestamp\":\"July 3, 2014 4:18 pm\",\"copyright\":\"\\u00c2\\u00a9 2014 Estrop-Barcelona PHOTOGRAPH FOR EDITORIAL USE ONLY\",\"focal_length\":false,\"iso\":false,\"shutter_speed\":false,\"flash\":false,\"title\":\"080 Barcelona Spring-Summer 2015\",\"keywords\":\"Spring-Summer 2015\",\"width\":600,\"height\":898,\"saved\":true,\"thumbnail\":{\"width\":220,\"height\":220},\"webview\":{\"0\":600,\"1\":898,\"2\":2,\"3\":\"width=\\\"600\\\" height=\\\"898\\\"\",\"bits\":8,\"channels\":3,\"mime\":\"image\\\/jpeg\"},\"views\":\"9\",\"likes\":\"0\"},\"title\":\"080 Barcelona Spring-Summer 2015\",\"description\":\"<p>080 Barcelona Spring-Summer 2015<\\\/p>\",\"link\":null,\"link_target\":\"\",\"download\":\"https:\\\/\\\/bobvarela.com\\\/wp-content\\\/flagallery\\\/celia-vela-primavera-verano-2015\\\/celia-vela-ss-2015-577.jpg\",\"ratio\":0.66815144766146994381728063672198913991451263427734375},{\"id\":\"16524\",\"image\":\"https:\\\/\\\/bobvarela.com\\\/wp-content\\\/flagallery\\\/celia-vela-primavera-verano-2015\\\/webview\\\/celia-vela-ss-2015-578.jpg\",\"thumb\":\"https:\\\/\\\/bobvarela.com\\\/wp-content\\\/flagallery\\\/celia-vela-primavera-verano-2015\\\/thumbs\\\/thumbs_celia-vela-ss-2015-578.jpg\",\"file\":\"celia-vela-ss-2015-578.jpg\",\"meta\":{\"aperture\":false,\"credit\":false,\"camera\":false,\"caption\":\"080 Barcelona Spring-Summer 2015\",\"created_timestamp\":\"July 3, 2014 4:19 pm\",\"copyright\":\"\\u00c2\\u00a9 2014 Estrop-Barcelona PHOTOGRAPH FOR EDITORIAL USE ONLY\",\"focal_length\":false,\"iso\":false,\"shutter_speed\":false,\"flash\":false,\"title\":\"080 Barcelona Spring-Summer 2015\",\"keywords\":\"Spring-Summer 2015\",\"width\":600,\"height\":898,\"saved\":true,\"thumbnail\":{\"width\":220,\"height\":220},\"webview\":{\"0\":600,\"1\":898,\"2\":2,\"3\":\"width=\\\"600\\\" height=\\\"898\\\"\",\"bits\":8,\"channels\":3,\"mime\":\"image\\\/jpeg\"},\"views\":\"9\",\"likes\":\"0\"},\"title\":\"080 Barcelona Spring-Summer 2015\",\"description\":\"<p>080 Barcelona Spring-Summer 2015<\\\/p>\",\"link\":null,\"link_target\":\"\",\"download\":\"https:\\\/\\\/bobvarela.com\\\/wp-content\\\/flagallery\\\/celia-vela-primavera-verano-2015\\\/celia-vela-ss-2015-578.jpg\",\"ratio\":0.66815144766146994381728063672198913991451263427734375},{\"id\":\"16525\",\"image\":\"https:\\\/\\\/bobvarela.com\\\/wp-content\\\/flagallery\\\/celia-vela-primavera-verano-2015\\\/webview\\\/celia-vela-ss-2015-579.jpg\",\"thumb\":\"https:\\\/\\\/bobvarela.com\\\/wp-content\\\/flagallery\\\/celia-vela-primavera-verano-2015\\\/thumbs\\\/thumbs_celia-vela-ss-2015-579.jpg\",\"file\":\"celia-vela-ss-2015-579.jpg\",\"meta\":{\"aperture\":false,\"credit\":false,\"camera\":false,\"caption\":\"080 Barcelona Spring-Summer 2015\",\"created_timestamp\":\"July 3, 2014 4:19 pm\",\"copyright\":\"\\u00c2\\u00a9 2014 Estrop-Barcelona PHOTOGRAPH FOR EDITORIAL USE ONLY\",\"focal_length\":false,\"iso\":false,\"shutter_speed\":false,\"flash\":false,\"title\":\"080 Barcelona Spring-Summer 2015\",\"keywords\":\"Spring-Summer 2015\",\"width\":600,\"height\":898,\"saved\":true,\"thumbnail\":{\"width\":220,\"height\":220},\"webview\":{\"0\":600,\"1\":898,\"2\":2,\"3\":\"width=\\\"600\\\" height=\\\"898\\\"\",\"bits\":8,\"channels\":3,\"mime\":\"image\\\/jpeg\"},\"views\":\"8\",\"likes\":\"0\"},\"title\":\"080 Barcelona Spring-Summer 2015\",\"description\":\"<p>080 Barcelona Spring-Summer 2015<\\\/p>\",\"link\":null,\"link_target\":\"\",\"download\":\"https:\\\/\\\/bobvarela.com\\\/wp-content\\\/flagallery\\\/celia-vela-primavera-verano-2015\\\/celia-vela-ss-2015-579.jpg\",\"ratio\":0.66815144766146994381728063672198913991451263427734375},{\"id\":\"16526\",\"image\":\"https:\\\/\\\/bobvarela.com\\\/wp-content\\\/flagallery\\\/celia-vela-primavera-verano-2015\\\/webview\\\/celia-vela-ss-2015-580.jpg\",\"thumb\":\"https:\\\/\\\/bobvarela.com\\\/wp-content\\\/flagallery\\\/celia-vela-primavera-verano-2015\\\/thumbs\\\/thumbs_celia-vela-ss-2015-580.jpg\",\"file\":\"celia-vela-ss-2015-580.jpg\",\"meta\":{\"aperture\":false,\"credit\":false,\"camera\":false,\"caption\":\"080 Barcelona Spring-Summer 2015\",\"created_timestamp\":\"July 3, 2014 4:19 pm\",\"copyright\":\"\\u00c2\\u00a9 2014 Estrop-Barcelona PHOTOGRAPH FOR EDITORIAL USE ONLY\",\"focal_length\":false,\"iso\":false,\"shutter_speed\":false,\"flash\":false,\"title\":\"080 Barcelona Spring-Summer 2015\",\"keywords\":\"Spring-Summer 2015\",\"width\":600,\"height\":898,\"saved\":true,\"thumbnail\":{\"width\":220,\"height\":220},\"webview\":{\"0\":600,\"1\":898,\"2\":2,\"3\":\"width=\\\"600\\\" height=\\\"898\\\"\",\"bits\":8,\"channels\":3,\"mime\":\"image\\\/jpeg\"},\"views\":\"9\",\"likes\":\"0\"},\"title\":\"080 Barcelona Spring-Summer 2015\",\"description\":\"<p>080 Barcelona Spring-Summer 2015<\\\/p>\",\"link\":null,\"link_target\":\"\",\"download\":\"https:\\\/\\\/bobvarela.com\\\/wp-content\\\/flagallery\\\/celia-vela-primavera-verano-2015\\\/celia-vela-ss-2015-580.jpg\",\"ratio\":0.66815144766146994381728063672198913991451263427734375},{\"id\":\"16527\",\"image\":\"https:\\\/\\\/bobvarela.com\\\/wp-content\\\/flagallery\\\/celia-vela-primavera-verano-2015\\\/webview\\\/celia-vela-ss-2015-581.jpg\",\"thumb\":\"https:\\\/\\\/bobvarela.com\\\/wp-content\\\/flagallery\\\/celia-vela-primavera-verano-2015\\\/thumbs\\\/thumbs_celia-vela-ss-2015-581.jpg\",\"file\":\"celia-vela-ss-2015-581.jpg\",\"meta\":{\"aperture\":false,\"credit\":false,\"camera\":false,\"caption\":\"080 Barcelona Spring-Summer 2015\",\"created_timestamp\":\"July 3, 2014 4:19 pm\",\"copyright\":\"\\u00c2\\u00a9 2014 Estrop-Barcelona PHOTOGRAPH FOR EDITORIAL USE ONLY\",\"focal_length\":false,\"iso\":false,\"shutter_speed\":false,\"flash\":false,\"title\":\"080 Barcelona Spring-Summer 2015\",\"keywords\":\"Spring-Summer 2015\",\"width\":600,\"height\":898,\"saved\":true,\"thumbnail\":{\"width\":220,\"height\":220},\"webview\":{\"0\":600,\"1\":898,\"2\":2,\"3\":\"width=\\\"600\\\" height=\\\"898\\\"\",\"bits\":8,\"channels\":3,\"mime\":\"image\\\/jpeg\"},\"views\":\"8\",\"likes\":\"0\"},\"title\":\"080 Barcelona Spring-Summer 2015\",\"description\":\"<p>080 Barcelona Spring-Summer 2015<\\\/p>\",\"link\":null,\"link_target\":\"\",\"download\":\"https:\\\/\\\/bobvarela.com\\\/wp-content\\\/flagallery\\\/celia-vela-primavera-verano-2015\\\/celia-vela-ss-2015-581.jpg\",\"ratio\":0.66815144766146994381728063672198913991451263427734375},{\"id\":\"16528\",\"image\":\"https:\\\/\\\/bobvarela.com\\\/wp-content\\\/flagallery\\\/celia-vela-primavera-verano-2015\\\/webview\\\/celia-vela-ss-2015-582.jpg\",\"thumb\":\"https:\\\/\\\/bobvarela.com\\\/wp-content\\\/flagallery\\\/celia-vela-primavera-verano-2015\\\/thumbs\\\/thumbs_celia-vela-ss-2015-582.jpg\",\"file\":\"celia-vela-ss-2015-582.jpg\",\"meta\":{\"aperture\":false,\"credit\":false,\"camera\":false,\"caption\":\"080 Barcelona Spring-Summer 2015\",\"created_timestamp\":\"July 3, 2014 4:19 pm\",\"copyright\":\"\\u00c2\\u00a9 2014 Estrop-Barcelona PHOTOGRAPH FOR EDITORIAL USE ONLY\",\"focal_length\":false,\"iso\":false,\"shutter_speed\":false,\"flash\":false,\"title\":\"080 Barcelona Spring-Summer 2015\",\"keywords\":\"Spring-Summer 2015\",\"width\":900,\"height\":600,\"saved\":true,\"thumbnail\":{\"width\":220,\"height\":220},\"webview\":{\"0\":900,\"1\":600,\"2\":2,\"3\":\"width=\\\"900\\\" height=\\\"600\\\"\",\"bits\":8,\"channels\":3,\"mime\":\"image\\\/jpeg\"},\"views\":\"7\",\"likes\":\"0\"},\"title\":\"080 Barcelona Spring-Summer 2015\",\"description\":\"<p>080 Barcelona Spring-Summer 2015<\\\/p>\",\"link\":null,\"link_target\":\"\",\"download\":\"https:\\\/\\\/bobvarela.com\\\/wp-content\\\/flagallery\\\/celia-vela-primavera-verano-2015\\\/celia-vela-ss-2015-582.jpg\",\"ratio\":1.5},{\"id\":\"16529\",\"image\":\"https:\\\/\\\/bobvarela.com\\\/wp-content\\\/flagallery\\\/celia-vela-primavera-verano-2015\\\/webview\\\/celia-vela-ss-2015-583.jpg\",\"thumb\":\"https:\\\/\\\/bobvarela.com\\\/wp-content\\\/flagallery\\\/celia-vela-primavera-verano-2015\\\/thumbs\\\/thumbs_celia-vela-ss-2015-583.jpg\",\"file\":\"celia-vela-ss-2015-583.jpg\",\"meta\":{\"aperture\":false,\"credit\":false,\"camera\":false,\"caption\":\"080 Barcelona Spring-Summer 2015\",\"created_timestamp\":\"July 3, 2014 4:19 pm\",\"copyright\":\"\\u00c2\\u00a9 2014 Estrop-Barcelona PHOTOGRAPH FOR EDITORIAL USE ONLY\",\"focal_length\":false,\"iso\":false,\"shutter_speed\":false,\"flash\":false,\"title\":\"080 Barcelona Spring-Summer 2015\",\"keywords\":\"Spring-Summer 2015\",\"width\":600,\"height\":898,\"saved\":true,\"thumbnail\":{\"width\":220,\"height\":220},\"webview\":{\"0\":600,\"1\":898,\"2\":2,\"3\":\"width=\\\"600\\\" height=\\\"898\\\"\",\"bits\":8,\"channels\":3,\"mime\":\"image\\\/jpeg\"},\"views\":\"8\",\"likes\":\"0\"},\"title\":\"080 Barcelona Spring-Summer 2015\",\"description\":\"<p>080 Barcelona Spring-Summer 2015<\\\/p>\",\"link\":null,\"link_target\":\"\",\"download\":\"https:\\\/\\\/bobvarela.com\\\/wp-content\\\/flagallery\\\/celia-vela-primavera-verano-2015\\\/celia-vela-ss-2015-583.jpg\",\"ratio\":0.66815144766146994381728063672198913991451263427734375},{\"id\":\"16530\",\"image\":\"https:\\\/\\\/bobvarela.com\\\/wp-content\\\/flagallery\\\/celia-vela-primavera-verano-2015\\\/webview\\\/celia-vela-ss-2015-584.jpg\",\"thumb\":\"https:\\\/\\\/bobvarela.com\\\/wp-content\\\/flagallery\\\/celia-vela-primavera-verano-2015\\\/thumbs\\\/thumbs_celia-vela-ss-2015-584.jpg\",\"file\":\"celia-vela-ss-2015-584.jpg\",\"meta\":{\"aperture\":false,\"credit\":false,\"camera\":false,\"caption\":\"080 Barcelona Spring-Summer 2015\",\"created_timestamp\":\"July 3, 2014 4:19 pm\",\"copyright\":\"\\u00c2\\u00a9 2014 Estrop-Barcelona PHOTOGRAPH FOR EDITORIAL USE ONLY\",\"focal_length\":false,\"iso\":false,\"shutter_speed\":false,\"flash\":false,\"title\":\"080 Barcelona Spring-Summer 2015\",\"keywords\":\"Spring-Summer 2015\",\"width\":600,\"height\":898,\"saved\":true,\"thumbnail\":{\"width\":220,\"height\":220},\"webview\":{\"0\":600,\"1\":898,\"2\":2,\"3\":\"width=\\\"600\\\" height=\\\"898\\\"\",\"bits\":8,\"channels\":3,\"mime\":\"image\\\/jpeg\"},\"views\":\"8\",\"likes\":\"0\"},\"title\":\"080 Barcelona Spring-Summer 2015\",\"description\":\"<p>080 Barcelona Spring-Summer 2015<\\\/p>\",\"link\":null,\"link_target\":\"\",\"download\":\"https:\\\/\\\/bobvarela.com\\\/wp-content\\\/flagallery\\\/celia-vela-primavera-verano-2015\\\/celia-vela-ss-2015-584.jpg\",\"ratio\":0.66815144766146994381728063672198913991451263427734375},{\"id\":\"16531\",\"image\":\"https:\\\/\\\/bobvarela.com\\\/wp-content\\\/flagallery\\\/celia-vela-primavera-verano-2015\\\/webview\\\/celia-vela-ss-2015-585.jpg\",\"thumb\":\"https:\\\/\\\/bobvarela.com\\\/wp-content\\\/flagallery\\\/celia-vela-primavera-verano-2015\\\/thumbs\\\/thumbs_celia-vela-ss-2015-585.jpg\",\"file\":\"celia-vela-ss-2015-585.jpg\",\"meta\":{\"aperture\":false,\"credit\":false,\"camera\":false,\"caption\":\"080 Barcelona Spring-Summer 2015\",\"created_timestamp\":\"July 3, 2014 4:19 pm\",\"copyright\":\"\\u00c2\\u00a9 2014 Estrop-Barcelona PHOTOGRAPH FOR EDITORIAL USE ONLY\",\"focal_length\":false,\"iso\":false,\"shutter_speed\":false,\"flash\":false,\"title\":\"080 Barcelona Spring-Summer 2015\",\"keywords\":\"Spring-Summer 2015\",\"width\":898,\"height\":600,\"saved\":true,\"thumbnail\":{\"width\":220,\"height\":220},\"webview\":{\"0\":898,\"1\":600,\"2\":2,\"3\":\"width=\\\"898\\\" height=\\\"600\\\"\",\"bits\":8,\"channels\":3,\"mime\":\"image\\\/jpeg\"},\"views\":\"6\",\"likes\":\"0\"},\"title\":\"080 Barcelona Spring-Summer 2015\",\"description\":\"<p>080 Barcelona Spring-Summer 2015<\\\/p>\",\"link\":null,\"link_target\":\"\",\"download\":\"https:\\\/\\\/bobvarela.com\\\/wp-content\\\/flagallery\\\/celia-vela-primavera-verano-2015\\\/celia-vela-ss-2015-585.jpg\",\"ratio\":1.496666666666666589691203625989146530628204345703125},{\"id\":\"16532\",\"image\":\"https:\\\/\\\/bobvarela.com\\\/wp-content\\\/flagallery\\\/celia-vela-primavera-verano-2015\\\/webview\\\/celia-vela-ss-2015-586.jpg\",\"thumb\":\"https:\\\/\\\/bobvarela.com\\\/wp-content\\\/flagallery\\\/celia-vela-primavera-verano-2015\\\/thumbs\\\/thumbs_celia-vela-ss-2015-586.jpg\",\"file\":\"celia-vela-ss-2015-586.jpg\",\"meta\":{\"aperture\":false,\"credit\":false,\"camera\":false,\"caption\":\"080 Barcelona Spring-Summer 2015\",\"created_timestamp\":\"July 3, 2014 4:19 pm\",\"copyright\":\"\\u00c2\\u00a9 2014 Estrop-Barcelona PHOTOGRAPH FOR EDITORIAL USE ONLY\",\"focal_length\":false,\"iso\":false,\"shutter_speed\":false,\"flash\":false,\"title\":\"080 Barcelona Spring-Summer 2015\",\"keywords\":\"Spring-Summer 2015\",\"width\":600,\"height\":898,\"saved\":true,\"thumbnail\":{\"width\":220,\"height\":220},\"webview\":{\"0\":600,\"1\":898,\"2\":2,\"3\":\"width=\\\"600\\\" height=\\\"898\\\"\",\"bits\":8,\"channels\":3,\"mime\":\"image\\\/jpeg\"},\"views\":\"6\",\"likes\":\"0\"},\"title\":\"080 Barcelona Spring-Summer 2015\",\"description\":\"<p>080 Barcelona Spring-Summer 2015<\\\/p>\",\"link\":null,\"link_target\":\"\",\"download\":\"https:\\\/\\\/bobvarela.com\\\/wp-content\\\/flagallery\\\/celia-vela-primavera-verano-2015\\\/celia-vela-ss-2015-586.jpg\",\"ratio\":0.66815144766146994381728063672198913991451263427734375},{\"id\":\"16533\",\"image\":\"https:\\\/\\\/bobvarela.com\\\/wp-content\\\/flagallery\\\/celia-vela-primavera-verano-2015\\\/webview\\\/celia-vela-ss-2015-587.jpg\",\"thumb\":\"https:\\\/\\\/bobvarela.com\\\/wp-content\\\/flagallery\\\/celia-vela-primavera-verano-2015\\\/thumbs\\\/thumbs_celia-vela-ss-2015-587.jpg\",\"file\":\"celia-vela-ss-2015-587.jpg\",\"meta\":{\"aperture\":false,\"credit\":false,\"camera\":false,\"caption\":\"080 Barcelona Spring-Summer 2015\",\"created_timestamp\":\"July 3, 2014 4:19 pm\",\"copyright\":\"\\u00c2\\u00a9 2014 Estrop-Barcelona PHOTOGRAPH FOR EDITORIAL USE ONLY\",\"focal_length\":false,\"iso\":false,\"shutter_speed\":false,\"flash\":false,\"title\":\"080 Barcelona Spring-Summer 2015\",\"keywords\":\"Spring-Summer 2015\",\"width\":600,\"height\":898,\"saved\":true,\"thumbnail\":{\"width\":220,\"height\":220},\"webview\":{\"0\":600,\"1\":898,\"2\":2,\"3\":\"width=\\\"600\\\" height=\\\"898\\\"\",\"bits\":8,\"channels\":3,\"mime\":\"image\\\/jpeg\"},\"views\":\"7\",\"likes\":\"0\"},\"title\":\"080 Barcelona Spring-Summer 2015\",\"description\":\"<p>080 Barcelona Spring-Summer 2015<\\\/p>\",\"link\":null,\"link_target\":\"\",\"download\":\"https:\\\/\\\/bobvarela.com\\\/wp-content\\\/flagallery\\\/celia-vela-primavera-verano-2015\\\/celia-vela-ss-2015-587.jpg\",\"ratio\":0.66815144766146994381728063672198913991451263427734375},{\"id\":\"16534\",\"image\":\"https:\\\/\\\/bobvarela.com\\\/wp-content\\\/flagallery\\\/celia-vela-primavera-verano-2015\\\/webview\\\/celia-vela-ss-2015-588.jpg\",\"thumb\":\"https:\\\/\\\/bobvarela.com\\\/wp-content\\\/flagallery\\\/celia-vela-primavera-verano-2015\\\/thumbs\\\/thumbs_celia-vela-ss-2015-588.jpg\",\"file\":\"celia-vela-ss-2015-588.jpg\",\"meta\":{\"aperture\":false,\"credit\":false,\"camera\":false,\"caption\":\"080 Barcelona Spring-Summer 2015\",\"created_timestamp\":\"July 3, 2014 4:19 pm\",\"copyright\":\"\\u00c2\\u00a9 2014 Estrop-Barcelona PHOTOGRAPH FOR EDITORIAL USE ONLY\",\"focal_length\":false,\"iso\":false,\"shutter_speed\":false,\"flash\":false,\"title\":\"080 Barcelona Spring-Summer 2015\",\"keywords\":\"Spring-Summer 2015\",\"width\":600,\"height\":898,\"saved\":true,\"thumbnail\":{\"width\":220,\"height\":220},\"webview\":{\"0\":600,\"1\":898,\"2\":2,\"3\":\"width=\\\"600\\\" height=\\\"898\\\"\",\"bits\":8,\"channels\":3,\"mime\":\"image\\\/jpeg\"},\"views\":\"7\",\"likes\":\"0\"},\"title\":\"080 Barcelona Spring-Summer 2015\",\"description\":\"<p>080 Barcelona Spring-Summer 2015<\\\/p>\",\"link\":null,\"link_target\":\"\",\"download\":\"https:\\\/\\\/bobvarela.com\\\/wp-content\\\/flagallery\\\/celia-vela-primavera-verano-2015\\\/celia-vela-ss-2015-588.jpg\",\"ratio\":0.66815144766146994381728063672198913991451263427734375},{\"id\":\"16535\",\"image\":\"https:\\\/\\\/bobvarela.com\\\/wp-content\\\/flagallery\\\/celia-vela-primavera-verano-2015\\\/webview\\\/celia-vela-ss-2015-589.jpg\",\"thumb\":\"https:\\\/\\\/bobvarela.com\\\/wp-content\\\/flagallery\\\/celia-vela-primavera-verano-2015\\\/thumbs\\\/thumbs_celia-vela-ss-2015-589.jpg\",\"file\":\"celia-vela-ss-2015-589.jpg\",\"meta\":{\"aperture\":false,\"credit\":false,\"camera\":false,\"caption\":\"080 Barcelona Spring-Summer 2015\",\"created_timestamp\":\"July 3, 2014 4:19 pm\",\"copyright\":\"\\u00c2\\u00a9 2014 Estrop-Barcelona PHOTOGRAPH FOR EDITORIAL USE ONLY\",\"focal_length\":false,\"iso\":false,\"shutter_speed\":false,\"flash\":false,\"title\":\"080 Barcelona Spring-Summer 2015\",\"keywords\":\"Spring-Summer 2015\",\"width\":898,\"height\":600,\"saved\":true,\"thumbnail\":{\"width\":220,\"height\":220},\"webview\":{\"0\":898,\"1\":600,\"2\":2,\"3\":\"width=\\\"898\\\" height=\\\"600\\\"\",\"bits\":8,\"channels\":3,\"mime\":\"image\\\/jpeg\"},\"views\":\"6\",\"likes\":\"0\"},\"title\":\"080 Barcelona Spring-Summer 2015\",\"description\":\"<p>080 Barcelona Spring-Summer 2015<\\\/p>\",\"link\":null,\"link_target\":\"\",\"download\":\"https:\\\/\\\/bobvarela.com\\\/wp-content\\\/flagallery\\\/celia-vela-primavera-verano-2015\\\/celia-vela-ss-2015-589.jpg\",\"ratio\":1.496666666666666589691203625989146530628204345703125},{\"id\":\"16536\",\"image\":\"https:\\\/\\\/bobvarela.com\\\/wp-content\\\/flagallery\\\/celia-vela-primavera-verano-2015\\\/webview\\\/celia-vela-ss-2015-590.jpg\",\"thumb\":\"https:\\\/\\\/bobvarela.com\\\/wp-content\\\/flagallery\\\/celia-vela-primavera-verano-2015\\\/thumbs\\\/thumbs_celia-vela-ss-2015-590.jpg\",\"file\":\"celia-vela-ss-2015-590.jpg\",\"meta\":{\"aperture\":false,\"credit\":false,\"camera\":false,\"caption\":\"080 Barcelona Spring-Summer 2015\",\"created_timestamp\":\"July 3, 2014 4:20 pm\",\"copyright\":\"\\u00c2\\u00a9 2014 Estrop-Barcelona PHOTOGRAPH FOR EDITORIAL USE ONLY\",\"focal_length\":false,\"iso\":false,\"shutter_speed\":false,\"flash\":false,\"title\":\"080 Barcelona Spring-Summer 2015\",\"keywords\":\"Spring-Summer 2015\",\"width\":600,\"height\":898,\"saved\":true,\"thumbnail\":{\"width\":220,\"height\":220},\"webview\":{\"0\":600,\"1\":898,\"2\":2,\"3\":\"width=\\\"600\\\" height=\\\"898\\\"\",\"bits\":8,\"channels\":3,\"mime\":\"image\\\/jpeg\"},\"views\":\"6\",\"likes\":\"0\"},\"title\":\"080 Barcelona Spring-Summer 2015\",\"description\":\"<p>080 Barcelona Spring-Summer 2015<\\\/p>\",\"link\":null,\"link_target\":\"\",\"download\":\"https:\\\/\\\/bobvarela.com\\\/wp-content\\\/flagallery\\\/celia-vela-primavera-verano-2015\\\/celia-vela-ss-2015-590.jpg\",\"ratio\":0.66815144766146994381728063672198913991451263427734375},{\"id\":\"16537\",\"image\":\"https:\\\/\\\/bobvarela.com\\\/wp-content\\\/flagallery\\\/celia-vela-primavera-verano-2015\\\/webview\\\/celia-vela-ss-2015-591.jpg\",\"thumb\":\"https:\\\/\\\/bobvarela.com\\\/wp-content\\\/flagallery\\\/celia-vela-primavera-verano-2015\\\/thumbs\\\/thumbs_celia-vela-ss-2015-591.jpg\",\"file\":\"celia-vela-ss-2015-591.jpg\",\"meta\":{\"aperture\":false,\"credit\":false,\"camera\":false,\"caption\":\"080 Barcelona Spring-Summer 2015\",\"created_timestamp\":\"July 3, 2014 4:20 pm\",\"copyright\":\"\\u00c2\\u00a9 2014 Estrop-Barcelona PHOTOGRAPH FOR EDITORIAL USE ONLY\",\"focal_length\":false,\"iso\":false,\"shutter_speed\":false,\"flash\":false,\"title\":\"080 Barcelona Spring-Summer 2015\",\"keywords\":\"Spring-Summer 2015\",\"width\":600,\"height\":898,\"saved\":true,\"thumbnail\":{\"width\":220,\"height\":220},\"webview\":{\"0\":600,\"1\":898,\"2\":2,\"3\":\"width=\\\"600\\\" height=\\\"898\\\"\",\"bits\":8,\"channels\":3,\"mime\":\"image\\\/jpeg\"},\"views\":\"6\",\"likes\":\"0\"},\"title\":\"080 Barcelona Spring-Summer 2015\",\"description\":\"<p>080 Barcelona Spring-Summer 2015<\\\/p>\",\"link\":null,\"link_target\":\"\",\"download\":\"https:\\\/\\\/bobvarela.com\\\/wp-content\\\/flagallery\\\/celia-vela-primavera-verano-2015\\\/celia-vela-ss-2015-591.jpg\",\"ratio\":0.66815144766146994381728063672198913991451263427734375},{\"id\":\"16538\",\"image\":\"https:\\\/\\\/bobvarela.com\\\/wp-content\\\/flagallery\\\/celia-vela-primavera-verano-2015\\\/webview\\\/celia-vela-ss-2015-592.jpg\",\"thumb\":\"https:\\\/\\\/bobvarela.com\\\/wp-content\\\/flagallery\\\/celia-vela-primavera-verano-2015\\\/thumbs\\\/thumbs_celia-vela-ss-2015-592.jpg\",\"file\":\"celia-vela-ss-2015-592.jpg\",\"meta\":{\"aperture\":false,\"credit\":false,\"camera\":false,\"caption\":\"080 Barcelona Spring-Summer 2015\",\"created_timestamp\":\"July 3, 2014 4:20 pm\",\"copyright\":\"\\u00c2\\u00a9 2014 Estrop-Barcelona PHOTOGRAPH FOR EDITORIAL USE ONLY\",\"focal_length\":false,\"iso\":false,\"shutter_speed\":false,\"flash\":false,\"title\":\"080 Barcelona Spring-Summer 2015\",\"keywords\":\"Spring-Summer 2015\",\"width\":600,\"height\":898,\"saved\":true,\"thumbnail\":{\"width\":220,\"height\":220},\"webview\":{\"0\":600,\"1\":898,\"2\":2,\"3\":\"width=\\\"600\\\" height=\\\"898\\\"\",\"bits\":8,\"channels\":3,\"mime\":\"image\\\/jpeg\"},\"views\":\"7\",\"likes\":\"0\"},\"title\":\"080 Barcelona Spring-Summer 2015\",\"description\":\"<p>080 Barcelona Spring-Summer 2015<\\\/p>\",\"link\":null,\"link_target\":\"\",\"download\":\"https:\\\/\\\/bobvarela.com\\\/wp-content\\\/flagallery\\\/celia-vela-primavera-verano-2015\\\/celia-vela-ss-2015-592.jpg\",\"ratio\":0.66815144766146994381728063672198913991451263427734375},{\"id\":\"16539\",\"image\":\"https:\\\/\\\/bobvarela.com\\\/wp-content\\\/flagallery\\\/celia-vela-primavera-verano-2015\\\/webview\\\/celia-vela-ss-2015-593.jpg\",\"thumb\":\"https:\\\/\\\/bobvarela.com\\\/wp-content\\\/flagallery\\\/celia-vela-primavera-verano-2015\\\/thumbs\\\/thumbs_celia-vela-ss-2015-593.jpg\",\"file\":\"celia-vela-ss-2015-593.jpg\",\"meta\":{\"aperture\":false,\"credit\":false,\"camera\":false,\"caption\":\"080 Barcelona Spring-Summer 2015\",\"created_timestamp\":\"July 3, 2014 4:20 pm\",\"copyright\":\"\\u00c2\\u00a9 2014 Estrop-Barcelona PHOTOGRAPH FOR EDITORIAL USE ONLY\",\"focal_length\":false,\"iso\":false,\"shutter_speed\":false,\"flash\":false,\"title\":\"080 Barcelona Spring-Summer 2015\",\"keywords\":\"Spring-Summer 2015\",\"width\":600,\"height\":898,\"saved\":true,\"thumbnail\":{\"width\":220,\"height\":220},\"webview\":{\"0\":600,\"1\":898,\"2\":2,\"3\":\"width=\\\"600\\\" height=\\\"898\\\"\",\"bits\":8,\"channels\":3,\"mime\":\"image\\\/jpeg\"},\"views\":\"6\",\"likes\":\"0\"},\"title\":\"080 Barcelona Spring-Summer 2015\",\"description\":\"<p>080 Barcelona Spring-Summer 2015<\\\/p>\",\"link\":null,\"link_target\":\"\",\"download\":\"https:\\\/\\\/bobvarela.com\\\/wp-content\\\/flagallery\\\/celia-vela-primavera-verano-2015\\\/celia-vela-ss-2015-593.jpg\",\"ratio\":0.66815144766146994381728063672198913991451263427734375},{\"id\":\"16540\",\"image\":\"https:\\\/\\\/bobvarela.com\\\/wp-content\\\/flagallery\\\/celia-vela-primavera-verano-2015\\\/webview\\\/celia-vela-ss-2015-594.jpg\",\"thumb\":\"https:\\\/\\\/bobvarela.com\\\/wp-content\\\/flagallery\\\/celia-vela-primavera-verano-2015\\\/thumbs\\\/thumbs_celia-vela-ss-2015-594.jpg\",\"file\":\"celia-vela-ss-2015-594.jpg\",\"meta\":{\"aperture\":false,\"credit\":false,\"camera\":false,\"caption\":\"080 Barcelona Spring-Summer 2015\",\"created_timestamp\":\"July 3, 2014 4:20 pm\",\"copyright\":\"\\u00c2\\u00a9 2014 Estrop-Barcelona PHOTOGRAPH FOR EDITORIAL USE ONLY\",\"focal_length\":false,\"iso\":false,\"shutter_speed\":false,\"flash\":false,\"title\":\"080 Barcelona Spring-Summer 2015\",\"keywords\":\"Spring-Summer 2015\",\"width\":600,\"height\":898,\"saved\":true,\"thumbnail\":{\"width\":220,\"height\":220},\"webview\":{\"0\":600,\"1\":898,\"2\":2,\"3\":\"width=\\\"600\\\" height=\\\"898\\\"\",\"bits\":8,\"channels\":3,\"mime\":\"image\\\/jpeg\"},\"views\":\"7\",\"likes\":\"0\"},\"title\":\"080 Barcelona Spring-Summer 2015\",\"description\":\"<p>080 Barcelona Spring-Summer 2015<\\\/p>\",\"link\":null,\"link_target\":\"\",\"download\":\"https:\\\/\\\/bobvarela.com\\\/wp-content\\\/flagallery\\\/celia-vela-primavera-verano-2015\\\/celia-vela-ss-2015-594.jpg\",\"ratio\":0.66815144766146994381728063672198913991451263427734375},{\"id\":\"16541\",\"image\":\"https:\\\/\\\/bobvarela.com\\\/wp-content\\\/flagallery\\\/celia-vela-primavera-verano-2015\\\/webview\\\/celia-vela-ss-2015-595.jpg\",\"thumb\":\"https:\\\/\\\/bobvarela.com\\\/wp-content\\\/flagallery\\\/celia-vela-primavera-verano-2015\\\/thumbs\\\/thumbs_celia-vela-ss-2015-595.jpg\",\"file\":\"celia-vela-ss-2015-595.jpg\",\"meta\":{\"aperture\":false,\"credit\":false,\"camera\":false,\"caption\":\"080 Barcelona Spring-Summer 2015\",\"created_timestamp\":\"July 3, 2014 4:20 pm\",\"copyright\":\"\\u00c2\\u00a9 2014 Estrop-Barcelona PHOTOGRAPH FOR EDITORIAL USE ONLY\",\"focal_length\":false,\"iso\":false,\"shutter_speed\":false,\"flash\":false,\"title\":\"080 Barcelona Spring-Summer 2015\",\"keywords\":\"Spring-Summer 2015\",\"width\":898,\"height\":600,\"saved\":true,\"thumbnail\":{\"width\":220,\"height\":220},\"webview\":{\"0\":898,\"1\":600,\"2\":2,\"3\":\"width=\\\"898\\\" height=\\\"600\\\"\",\"bits\":8,\"channels\":3,\"mime\":\"image\\\/jpeg\"},\"views\":\"6\",\"likes\":\"0\"},\"title\":\"080 Barcelona Spring-Summer 2015\",\"description\":\"<p>080 Barcelona Spring-Summer 2015<\\\/p>\",\"link\":null,\"link_target\":\"\",\"download\":\"https:\\\/\\\/bobvarela.com\\\/wp-content\\\/flagallery\\\/celia-vela-primavera-verano-2015\\\/celia-vela-ss-2015-595.jpg\",\"ratio\":1.496666666666666589691203625989146530628204345703125},{\"id\":\"16542\",\"image\":\"https:\\\/\\\/bobvarela.com\\\/wp-content\\\/flagallery\\\/celia-vela-primavera-verano-2015\\\/webview\\\/celia-vela-ss-2015-596.jpg\",\"thumb\":\"https:\\\/\\\/bobvarela.com\\\/wp-content\\\/flagallery\\\/celia-vela-primavera-verano-2015\\\/thumbs\\\/thumbs_celia-vela-ss-2015-596.jpg\",\"file\":\"celia-vela-ss-2015-596.jpg\",\"meta\":{\"aperture\":false,\"credit\":false,\"camera\":false,\"caption\":\"080 Barcelona Spring-Summer 2015\",\"created_timestamp\":\"July 3, 2014 4:20 pm\",\"copyright\":\"\\u00c2\\u00a9 2014 Estrop-Barcelona PHOTOGRAPH FOR EDITORIAL USE ONLY\",\"focal_length\":false,\"iso\":false,\"shutter_speed\":false,\"flash\":false,\"title\":\"080 Barcelona Spring-Summer 2015\",\"keywords\":\"Spring-Summer 2015\",\"width\":600,\"height\":898,\"saved\":true,\"thumbnail\":{\"width\":220,\"height\":220},\"webview\":{\"0\":600,\"1\":898,\"2\":2,\"3\":\"width=\\\"600\\\" height=\\\"898\\\"\",\"bits\":8,\"channels\":3,\"mime\":\"image\\\/jpeg\"},\"views\":\"6\",\"likes\":\"0\"},\"title\":\"080 Barcelona Spring-Summer 2015\",\"description\":\"<p>080 Barcelona Spring-Summer 2015<\\\/p>\",\"link\":null,\"link_target\":\"\",\"download\":\"https:\\\/\\\/bobvarela.com\\\/wp-content\\\/flagallery\\\/celia-vela-primavera-verano-2015\\\/celia-vela-ss-2015-596.jpg\",\"ratio\":0.66815144766146994381728063672198913991451263427734375},{\"id\":\"16543\",\"image\":\"https:\\\/\\\/bobvarela.com\\\/wp-content\\\/flagallery\\\/celia-vela-primavera-verano-2015\\\/webview\\\/celia-vela-ss-2015-597.jpg\",\"thumb\":\"https:\\\/\\\/bobvarela.com\\\/wp-content\\\/flagallery\\\/celia-vela-primavera-verano-2015\\\/thumbs\\\/thumbs_celia-vela-ss-2015-597.jpg\",\"file\":\"celia-vela-ss-2015-597.jpg\",\"meta\":{\"aperture\":false,\"credit\":false,\"camera\":false,\"caption\":\"080 Barcelona Spring-Summer 2015\",\"created_timestamp\":\"July 3, 2014 4:20 pm\",\"copyright\":\"\\u00c2\\u00a9 2014 Estrop-Barcelona PHOTOGRAPH FOR EDITORIAL USE ONLY\",\"focal_length\":false,\"iso\":false,\"shutter_speed\":false,\"flash\":false,\"title\":\"080 Barcelona Spring-Summer 2015\",\"keywords\":\"Spring-Summer 2015\",\"width\":600,\"height\":898,\"saved\":true,\"thumbnail\":{\"width\":220,\"height\":220},\"webview\":{\"0\":600,\"1\":898,\"2\":2,\"3\":\"width=\\\"600\\\" height=\\\"898\\\"\",\"bits\":8,\"channels\":3,\"mime\":\"image\\\/jpeg\"},\"views\":\"6\",\"likes\":\"0\"},\"title\":\"080 Barcelona Spring-Summer 2015\",\"description\":\"<p>080 Barcelona Spring-Summer 2015<\\\/p>\",\"link\":null,\"link_target\":\"\",\"download\":\"https:\\\/\\\/bobvarela.com\\\/wp-content\\\/flagallery\\\/celia-vela-primavera-verano-2015\\\/celia-vela-ss-2015-597.jpg\",\"ratio\":0.66815144766146994381728063672198913991451263427734375},{\"id\":\"16544\",\"image\":\"https:\\\/\\\/bobvarela.com\\\/wp-content\\\/flagallery\\\/celia-vela-primavera-verano-2015\\\/webview\\\/celia-vela-ss-2015-598.jpg\",\"thumb\":\"https:\\\/\\\/bobvarela.com\\\/wp-content\\\/flagallery\\\/celia-vela-primavera-verano-2015\\\/thumbs\\\/thumbs_celia-vela-ss-2015-598.jpg\",\"file\":\"celia-vela-ss-2015-598.jpg\",\"meta\":{\"aperture\":false,\"credit\":false,\"camera\":false,\"caption\":\"080 Barcelona Spring-Summer 2015\",\"created_timestamp\":\"July 3, 2014 4:21 pm\",\"copyright\":\"\\u00c2\\u00a9 2014 Estrop-Barcelona PHOTOGRAPH FOR EDITORIAL USE ONLY\",\"focal_length\":false,\"iso\":false,\"shutter_speed\":false,\"flash\":false,\"title\":\"080 Barcelona Spring-Summer 2015\",\"keywords\":\"Spring-Summer 2015\",\"width\":600,\"height\":898,\"saved\":true,\"thumbnail\":{\"width\":220,\"height\":220},\"webview\":{\"0\":600,\"1\":898,\"2\":2,\"3\":\"width=\\\"600\\\" height=\\\"898\\\"\",\"bits\":8,\"channels\":3,\"mime\":\"image\\\/jpeg\"},\"views\":\"7\",\"likes\":\"0\"},\"title\":\"080 Barcelona Spring-Summer 2015\",\"description\":\"<p>080 Barcelona Spring-Summer 2015<\\\/p>\",\"link\":null,\"link_target\":\"\",\"download\":\"https:\\\/\\\/bobvarela.com\\\/wp-content\\\/flagallery\\\/celia-vela-primavera-verano-2015\\\/celia-vela-ss-2015-598.jpg\",\"ratio\":0.66815144766146994381728063672198913991451263427734375},{\"id\":\"16545\",\"image\":\"https:\\\/\\\/bobvarela.com\\\/wp-content\\\/flagallery\\\/celia-vela-primavera-verano-2015\\\/webview\\\/celia-vela-ss-2015-599.jpg\",\"thumb\":\"https:\\\/\\\/bobvarela.com\\\/wp-content\\\/flagallery\\\/celia-vela-primavera-verano-2015\\\/thumbs\\\/thumbs_celia-vela-ss-2015-599.jpg\",\"file\":\"celia-vela-ss-2015-599.jpg\",\"meta\":{\"aperture\":false,\"credit\":false,\"camera\":false,\"caption\":\"080 Barcelona Spring-Summer 2015\",\"created_timestamp\":\"July 3, 2014 4:21 pm\",\"copyright\":\"\\u00c2\\u00a9 2014 Estrop-Barcelona PHOTOGRAPH FOR EDITORIAL USE ONLY\",\"focal_length\":false,\"iso\":false,\"shutter_speed\":false,\"flash\":false,\"title\":\"080 Barcelona Spring-Summer 2015\",\"keywords\":\"Spring-Summer 2015\",\"width\":600,\"height\":898,\"saved\":true,\"thumbnail\":{\"width\":220,\"height\":220},\"webview\":{\"0\":600,\"1\":898,\"2\":2,\"3\":\"width=\\\"600\\\" height=\\\"898\\\"\",\"bits\":8,\"channels\":3,\"mime\":\"image\\\/jpeg\"},\"views\":\"7\",\"likes\":\"0\"},\"title\":\"080 Barcelona Spring-Summer 2015\",\"description\":\"<p>080 Barcelona Spring-Summer 2015<\\\/p>\",\"link\":null,\"link_target\":\"\",\"download\":\"https:\\\/\\\/bobvarela.com\\\/wp-content\\\/flagallery\\\/celia-vela-primavera-verano-2015\\\/celia-vela-ss-2015-599.jpg\",\"ratio\":0.66815144766146994381728063672198913991451263427734375},{\"id\":\"16546\",\"image\":\"https:\\\/\\\/bobvarela.com\\\/wp-content\\\/flagallery\\\/celia-vela-primavera-verano-2015\\\/webview\\\/celia-vela-ss-2015-600.jpg\",\"thumb\":\"https:\\\/\\\/bobvarela.com\\\/wp-content\\\/flagallery\\\/celia-vela-primavera-verano-2015\\\/thumbs\\\/thumbs_celia-vela-ss-2015-600.jpg\",\"file\":\"celia-vela-ss-2015-600.jpg\",\"meta\":{\"aperture\":false,\"credit\":false,\"camera\":false,\"caption\":\"080 Barcelona Spring-Summer 2015\",\"created_timestamp\":\"July 3, 2014 4:21 pm\",\"copyright\":\"\\u00c2\\u00a9 2014 Estrop-Barcelona PHOTOGRAPH FOR EDITORIAL USE ONLY\",\"focal_length\":false,\"iso\":false,\"shutter_speed\":false,\"flash\":false,\"title\":\"080 Barcelona Spring-Summer 2015\",\"keywords\":\"Spring-Summer 2015\",\"width\":898,\"height\":600,\"saved\":true,\"thumbnail\":{\"width\":220,\"height\":220},\"webview\":{\"0\":898,\"1\":600,\"2\":2,\"3\":\"width=\\\"898\\\" height=\\\"600\\\"\",\"bits\":8,\"channels\":3,\"mime\":\"image\\\/jpeg\"},\"views\":\"6\",\"likes\":\"0\"},\"title\":\"080 Barcelona Spring-Summer 2015\",\"description\":\"<p>080 Barcelona Spring-Summer 2015<\\\/p>\",\"link\":null,\"link_target\":\"\",\"download\":\"https:\\\/\\\/bobvarela.com\\\/wp-content\\\/flagallery\\\/celia-vela-primavera-verano-2015\\\/celia-vela-ss-2015-600.jpg\",\"ratio\":1.496666666666666589691203625989146530628204345703125},{\"id\":\"16547\",\"image\":\"https:\\\/\\\/bobvarela.com\\\/wp-content\\\/flagallery\\\/celia-vela-primavera-verano-2015\\\/webview\\\/celia-vela-ss-2015-601.jpg\",\"thumb\":\"https:\\\/\\\/bobvarela.com\\\/wp-content\\\/flagallery\\\/celia-vela-primavera-verano-2015\\\/thumbs\\\/thumbs_celia-vela-ss-2015-601.jpg\",\"file\":\"celia-vela-ss-2015-601.jpg\",\"meta\":{\"aperture\":false,\"credit\":false,\"camera\":false,\"caption\":\"080 Barcelona Spring-Summer 2015\",\"created_timestamp\":\"July 3, 2014 4:21 pm\",\"copyright\":\"\\u00c2\\u00a9 2014 Estrop-Barcelona PHOTOGRAPH FOR EDITORIAL USE ONLY\",\"focal_length\":false,\"iso\":false,\"shutter_speed\":false,\"flash\":false,\"title\":\"080 Barcelona Spring-Summer 2015\",\"keywords\":\"Spring-Summer 2015\",\"width\":600,\"height\":898,\"saved\":true,\"thumbnail\":{\"width\":220,\"height\":220},\"webview\":{\"0\":600,\"1\":898,\"2\":2,\"3\":\"width=\\\"600\\\" height=\\\"898\\\"\",\"bits\":8,\"channels\":3,\"mime\":\"image\\\/jpeg\"},\"views\":\"7\",\"likes\":\"0\"},\"title\":\"080 Barcelona Spring-Summer 2015\",\"description\":\"<p>080 Barcelona Spring-Summer 2015<\\\/p>\",\"link\":null,\"link_target\":\"\",\"download\":\"https:\\\/\\\/bobvarela.com\\\/wp-content\\\/flagallery\\\/celia-vela-primavera-verano-2015\\\/celia-vela-ss-2015-601.jpg\",\"ratio\":0.66815144766146994381728063672198913991451263427734375},{\"id\":\"16548\",\"image\":\"https:\\\/\\\/bobvarela.com\\\/wp-content\\\/flagallery\\\/celia-vela-primavera-verano-2015\\\/webview\\\/celia-vela-ss-2015-602.jpg\",\"thumb\":\"https:\\\/\\\/bobvarela.com\\\/wp-content\\\/flagallery\\\/celia-vela-primavera-verano-2015\\\/thumbs\\\/thumbs_celia-vela-ss-2015-602.jpg\",\"file\":\"celia-vela-ss-2015-602.jpg\",\"meta\":{\"aperture\":false,\"credit\":false,\"camera\":false,\"caption\":\"080 Barcelona Spring-Summer 2015\",\"created_timestamp\":\"July 3, 2014 4:21 pm\",\"copyright\":\"\\u00c2\\u00a9 2014 Estrop-Barcelona PHOTOGRAPH FOR EDITORIAL USE ONLY\",\"focal_length\":false,\"iso\":false,\"shutter_speed\":false,\"flash\":false,\"title\":\"080 Barcelona Spring-Summer 2015\",\"keywords\":\"Spring-Summer 2015\",\"width\":600,\"height\":898,\"saved\":true,\"thumbnail\":{\"width\":220,\"height\":220},\"webview\":{\"0\":600,\"1\":898,\"2\":2,\"3\":\"width=\\\"600\\\" height=\\\"898\\\"\",\"bits\":8,\"channels\":3,\"mime\":\"image\\\/jpeg\"},\"views\":\"7\",\"likes\":\"0\"},\"title\":\"080 Barcelona Spring-Summer 2015\",\"description\":\"<p>080 Barcelona Spring-Summer 2015<\\\/p>\",\"link\":null,\"link_target\":\"\",\"download\":\"https:\\\/\\\/bobvarela.com\\\/wp-content\\\/flagallery\\\/celia-vela-primavera-verano-2015\\\/celia-vela-ss-2015-602.jpg\",\"ratio\":0.66815144766146994381728063672198913991451263427734375},{\"id\":\"16549\",\"image\":\"https:\\\/\\\/bobvarela.com\\\/wp-content\\\/flagallery\\\/celia-vela-primavera-verano-2015\\\/webview\\\/celia-vela-ss-2015-603.jpg\",\"thumb\":\"https:\\\/\\\/bobvarela.com\\\/wp-content\\\/flagallery\\\/celia-vela-primavera-verano-2015\\\/thumbs\\\/thumbs_celia-vela-ss-2015-603.jpg\",\"file\":\"celia-vela-ss-2015-603.jpg\",\"meta\":{\"aperture\":false,\"credit\":false,\"camera\":false,\"caption\":\"080 Barcelona Spring-Summer 2015\",\"created_timestamp\":\"July 3, 2014 4:21 pm\",\"copyright\":\"\\u00c2\\u00a9 2014 Estrop-Barcelona PHOTOGRAPH FOR EDITORIAL USE ONLY\",\"focal_length\":false,\"iso\":false,\"shutter_speed\":false,\"flash\":false,\"title\":\"080 Barcelona Spring-Summer 2015\",\"keywords\":\"Spring-Summer 2015\",\"width\":600,\"height\":898,\"saved\":true,\"thumbnail\":{\"width\":220,\"height\":220},\"webview\":{\"0\":600,\"1\":898,\"2\":2,\"3\":\"width=\\\"600\\\" height=\\\"898\\\"\",\"bits\":8,\"channels\":3,\"mime\":\"image\\\/jpeg\"},\"views\":\"7\",\"likes\":\"0\"},\"title\":\"080 Barcelona Spring-Summer 2015\",\"description\":\"<p>080 Barcelona Spring-Summer 2015<\\\/p>\",\"link\":null,\"link_target\":\"\",\"download\":\"https:\\\/\\\/bobvarela.com\\\/wp-content\\\/flagallery\\\/celia-vela-primavera-verano-2015\\\/celia-vela-ss-2015-603.jpg\",\"ratio\":0.66815144766146994381728063672198913991451263427734375},{\"id\":\"16550\",\"image\":\"https:\\\/\\\/bobvarela.com\\\/wp-content\\\/flagallery\\\/celia-vela-primavera-verano-2015\\\/webview\\\/celia-vela-ss-2015-604.jpg\",\"thumb\":\"https:\\\/\\\/bobvarela.com\\\/wp-content\\\/flagallery\\\/celia-vela-primavera-verano-2015\\\/thumbs\\\/thumbs_celia-vela-ss-2015-604.jpg\",\"file\":\"celia-vela-ss-2015-604.jpg\",\"meta\":{\"aperture\":false,\"credit\":false,\"camera\":false,\"caption\":\"080 Barcelona Spring-Summer 2015\",\"created_timestamp\":\"July 3, 2014 4:21 pm\",\"copyright\":\"\\u00c2\\u00a9 2014 Estrop-Barcelona PHOTOGRAPH FOR EDITORIAL USE ONLY\",\"focal_length\":false,\"iso\":false,\"shutter_speed\":false,\"flash\":false,\"title\":\"080 Barcelona Spring-Summer 2015\",\"keywords\":\"Spring-Summer 2015\",\"width\":600,\"height\":898,\"saved\":true,\"thumbnail\":{\"width\":220,\"height\":220},\"webview\":{\"0\":600,\"1\":898,\"2\":2,\"3\":\"width=\\\"600\\\" height=\\\"898\\\"\",\"bits\":8,\"channels\":3,\"mime\":\"image\\\/jpeg\"},\"views\":\"6\",\"likes\":\"0\"},\"title\":\"080 Barcelona Spring-Summer 2015\",\"description\":\"<p>080 Barcelona Spring-Summer 2015<\\\/p>\",\"link\":null,\"link_target\":\"\",\"download\":\"https:\\\/\\\/bobvarela.com\\\/wp-content\\\/flagallery\\\/celia-vela-primavera-verano-2015\\\/celia-vela-ss-2015-604.jpg\",\"ratio\":0.66815144766146994381728063672198913991451263427734375},{\"id\":\"16551\",\"image\":\"https:\\\/\\\/bobvarela.com\\\/wp-content\\\/flagallery\\\/celia-vela-primavera-verano-2015\\\/webview\\\/celia-vela-ss-2015-605.jpg\",\"thumb\":\"https:\\\/\\\/bobvarela.com\\\/wp-content\\\/flagallery\\\/celia-vela-primavera-verano-2015\\\/thumbs\\\/thumbs_celia-vela-ss-2015-605.jpg\",\"file\":\"celia-vela-ss-2015-605.jpg\",\"meta\":{\"aperture\":false,\"credit\":false,\"camera\":false,\"caption\":\"080 Barcelona Spring-Summer 2015\",\"created_timestamp\":\"July 3, 2014 4:21 pm\",\"copyright\":\"\\u00c2\\u00a9 2014 Estrop-Barcelona PHOTOGRAPH FOR EDITORIAL USE ONLY\",\"focal_length\":false,\"iso\":false,\"shutter_speed\":false,\"flash\":false,\"title\":\"080 Barcelona Spring-Summer 2015\",\"keywords\":\"Spring-Summer 2015\",\"width\":600,\"height\":898,\"saved\":true,\"thumbnail\":{\"width\":220,\"height\":220},\"webview\":{\"0\":600,\"1\":898,\"2\":2,\"3\":\"width=\\\"600\\\" height=\\\"898\\\"\",\"bits\":8,\"channels\":3,\"mime\":\"image\\\/jpeg\"},\"views\":\"7\",\"likes\":\"0\"},\"title\":\"080 Barcelona Spring-Summer 2015\",\"description\":\"<p>080 Barcelona Spring-Summer 2015<\\\/p>\",\"link\":null,\"link_target\":\"\",\"download\":\"https:\\\/\\\/bobvarela.com\\\/wp-content\\\/flagallery\\\/celia-vela-primavera-verano-2015\\\/celia-vela-ss-2015-605.jpg\",\"ratio\":0.66815144766146994381728063672198913991451263427734375},{\"id\":\"16552\",\"image\":\"https:\\\/\\\/bobvarela.com\\\/wp-content\\\/flagallery\\\/celia-vela-primavera-verano-2015\\\/webview\\\/celia-vela-ss-2015-606.jpg\",\"thumb\":\"https:\\\/\\\/bobvarela.com\\\/wp-content\\\/flagallery\\\/celia-vela-primavera-verano-2015\\\/thumbs\\\/thumbs_celia-vela-ss-2015-606.jpg\",\"file\":\"celia-vela-ss-2015-606.jpg\",\"meta\":{\"aperture\":false,\"credit\":false,\"camera\":false,\"caption\":\"080 Barcelona Spring-Summer 2015\",\"created_timestamp\":\"July 3, 2014 4:22 pm\",\"copyright\":\"\\u00c2\\u00a9 2014 Estrop-Barcelona PHOTOGRAPH FOR EDITORIAL USE ONLY\",\"focal_length\":false,\"iso\":false,\"shutter_speed\":false,\"flash\":false,\"title\":\"080 Barcelona Spring-Summer 2015\",\"keywords\":\"Spring-Summer 2015\",\"width\":600,\"height\":898,\"saved\":true,\"thumbnail\":{\"width\":220,\"height\":220},\"webview\":{\"0\":600,\"1\":898,\"2\":2,\"3\":\"width=\\\"600\\\" height=\\\"898\\\"\",\"bits\":8,\"channels\":3,\"mime\":\"image\\\/jpeg\"},\"views\":\"7\",\"likes\":\"0\"},\"title\":\"080 Barcelona Spring-Summer 2015\",\"description\":\"<p>080 Barcelona Spring-Summer 2015<\\\/p>\",\"link\":null,\"link_target\":\"\",\"download\":\"https:\\\/\\\/bobvarela.com\\\/wp-content\\\/flagallery\\\/celia-vela-primavera-verano-2015\\\/celia-vela-ss-2015-606.jpg\",\"ratio\":0.66815144766146994381728063672198913991451263427734375},{\"id\":\"16553\",\"image\":\"https:\\\/\\\/bobvarela.com\\\/wp-content\\\/flagallery\\\/celia-vela-primavera-verano-2015\\\/webview\\\/celia-vela-ss-2015-607.jpg\",\"thumb\":\"https:\\\/\\\/bobvarela.com\\\/wp-content\\\/flagallery\\\/celia-vela-primavera-verano-2015\\\/thumbs\\\/thumbs_celia-vela-ss-2015-607.jpg\",\"file\":\"celia-vela-ss-2015-607.jpg\",\"meta\":{\"aperture\":false,\"credit\":false,\"camera\":false,\"caption\":\"080 Barcelona Spring-Summer 2015\",\"created_timestamp\":\"July 3, 2014 4:22 pm\",\"copyright\":\"\\u00c2\\u00a9 2014 Estrop-Barcelona PHOTOGRAPH FOR EDITORIAL USE ONLY\",\"focal_length\":false,\"iso\":false,\"shutter_speed\":false,\"flash\":false,\"title\":\"080 Barcelona Spring-Summer 2015\",\"keywords\":\"Spring-Summer 2015\",\"width\":600,\"height\":898,\"saved\":true,\"thumbnail\":{\"width\":220,\"height\":220},\"webview\":{\"0\":600,\"1\":898,\"2\":2,\"3\":\"width=\\\"600\\\" height=\\\"898\\\"\",\"bits\":8,\"channels\":3,\"mime\":\"image\\\/jpeg\"},\"views\":\"7\",\"likes\":\"0\"},\"title\":\"080 Barcelona Spring-Summer 2015\",\"description\":\"<p>080 Barcelona Spring-Summer 2015<\\\/p>\",\"link\":null,\"link_target\":\"\",\"download\":\"https:\\\/\\\/bobvarela.com\\\/wp-content\\\/flagallery\\\/celia-vela-primavera-verano-2015\\\/celia-vela-ss-2015-607.jpg\",\"ratio\":0.66815144766146994381728063672198913991451263427734375},{\"id\":\"16554\",\"image\":\"https:\\\/\\\/bobvarela.com\\\/wp-content\\\/flagallery\\\/celia-vela-primavera-verano-2015\\\/webview\\\/celia-vela-ss-2015-608.jpg\",\"thumb\":\"https:\\\/\\\/bobvarela.com\\\/wp-content\\\/flagallery\\\/celia-vela-primavera-verano-2015\\\/thumbs\\\/thumbs_celia-vela-ss-2015-608.jpg\",\"file\":\"celia-vela-ss-2015-608.jpg\",\"meta\":{\"aperture\":false,\"credit\":false,\"camera\":false,\"caption\":\"080 Barcelona Spring-Summer 2015\",\"created_timestamp\":\"July 3, 2014 4:22 pm\",\"copyright\":\"\\u00c2\\u00a9 2014 Estrop-Barcelona PHOTOGRAPH FOR EDITORIAL USE ONLY\",\"focal_length\":false,\"iso\":false,\"shutter_speed\":false,\"flash\":false,\"title\":\"080 Barcelona Spring-Summer 2015\",\"keywords\":\"Spring-Summer 2015\",\"width\":600,\"height\":898,\"saved\":true,\"thumbnail\":{\"width\":220,\"height\":220},\"webview\":{\"0\":600,\"1\":898,\"2\":2,\"3\":\"width=\\\"600\\\" height=\\\"898\\\"\",\"bits\":8,\"channels\":3,\"mime\":\"image\\\/jpeg\"},\"views\":\"7\",\"likes\":\"0\"},\"title\":\"080 Barcelona Spring-Summer 2015\",\"description\":\"<p>080 Barcelona Spring-Summer 2015<\\\/p>\",\"link\":null,\"link_target\":\"\",\"download\":\"https:\\\/\\\/bobvarela.com\\\/wp-content\\\/flagallery\\\/celia-vela-primavera-verano-2015\\\/celia-vela-ss-2015-608.jpg\",\"ratio\":0.66815144766146994381728063672198913991451263427734375},{\"id\":\"16555\",\"image\":\"https:\\\/\\\/bobvarela.com\\\/wp-content\\\/flagallery\\\/celia-vela-primavera-verano-2015\\\/webview\\\/celia-vela-ss-2015-609.jpg\",\"thumb\":\"https:\\\/\\\/bobvarela.com\\\/wp-content\\\/flagallery\\\/celia-vela-primavera-verano-2015\\\/thumbs\\\/thumbs_celia-vela-ss-2015-609.jpg\",\"file\":\"celia-vela-ss-2015-609.jpg\",\"meta\":{\"aperture\":false,\"credit\":false,\"camera\":false,\"caption\":\"080 Barcelona Spring-Summer 2015\",\"created_timestamp\":\"July 3, 2014 4:22 pm\",\"copyright\":\"\\u00c2\\u00a9 2014 Estrop-Barcelona PHOTOGRAPH FOR EDITORIAL USE ONLY\",\"focal_length\":false,\"iso\":false,\"shutter_speed\":false,\"flash\":false,\"title\":\"080 Barcelona Spring-Summer 2015\",\"keywords\":\"Spring-Summer 2015\",\"width\":600,\"height\":898,\"saved\":true,\"thumbnail\":{\"width\":220,\"height\":220},\"webview\":{\"0\":600,\"1\":898,\"2\":2,\"3\":\"width=\\\"600\\\" height=\\\"898\\\"\",\"bits\":8,\"channels\":3,\"mime\":\"image\\\/jpeg\"},\"views\":\"7\",\"likes\":\"0\"},\"title\":\"080 Barcelona Spring-Summer 2015\",\"description\":\"<p>080 Barcelona Spring-Summer 2015<\\\/p>\",\"link\":null,\"link_target\":\"\",\"download\":\"https:\\\/\\\/bobvarela.com\\\/wp-content\\\/flagallery\\\/celia-vela-primavera-verano-2015\\\/celia-vela-ss-2015-609.jpg\",\"ratio\":0.66815144766146994381728063672198913991451263427734375},{\"id\":\"16556\",\"image\":\"https:\\\/\\\/bobvarela.com\\\/wp-content\\\/flagallery\\\/celia-vela-primavera-verano-2015\\\/webview\\\/celia-vela-ss-2015-610.jpg\",\"thumb\":\"https:\\\/\\\/bobvarela.com\\\/wp-content\\\/flagallery\\\/celia-vela-primavera-verano-2015\\\/thumbs\\\/thumbs_celia-vela-ss-2015-610.jpg\",\"file\":\"celia-vela-ss-2015-610.jpg\",\"meta\":{\"aperture\":false,\"credit\":false,\"camera\":false,\"caption\":\"080 Barcelona Spring-Summer 2015\",\"created_timestamp\":\"July 3, 2014 4:22 pm\",\"copyright\":\"\\u00c2\\u00a9 2014 Estrop-Barcelona PHOTOGRAPH FOR EDITORIAL USE ONLY\",\"focal_length\":false,\"iso\":false,\"shutter_speed\":false,\"flash\":false,\"title\":\"080 Barcelona Spring-Summer 2015\",\"keywords\":\"Spring-Summer 2015\",\"width\":600,\"height\":898,\"saved\":true,\"thumbnail\":{\"width\":220,\"height\":220},\"webview\":{\"0\":600,\"1\":898,\"2\":2,\"3\":\"width=\\\"600\\\" height=\\\"898\\\"\",\"bits\":8,\"channels\":3,\"mime\":\"image\\\/jpeg\"},\"views\":\"7\",\"likes\":\"0\"},\"title\":\"080 Barcelona Spring-Summer 2015\",\"description\":\"<p>080 Barcelona Spring-Summer 2015<\\\/p>\",\"link\":null,\"link_target\":\"\",\"download\":\"https:\\\/\\\/bobvarela.com\\\/wp-content\\\/flagallery\\\/celia-vela-primavera-verano-2015\\\/celia-vela-ss-2015-610.jpg\",\"ratio\":0.66815144766146994381728063672198913991451263427734375},{\"id\":\"16557\",\"image\":\"https:\\\/\\\/bobvarela.com\\\/wp-content\\\/flagallery\\\/celia-vela-primavera-verano-2015\\\/webview\\\/celia-vela-ss-2015-611.jpg\",\"thumb\":\"https:\\\/\\\/bobvarela.com\\\/wp-content\\\/flagallery\\\/celia-vela-primavera-verano-2015\\\/thumbs\\\/thumbs_celia-vela-ss-2015-611.jpg\",\"file\":\"celia-vela-ss-2015-611.jpg\",\"meta\":{\"aperture\":false,\"credit\":false,\"camera\":false,\"caption\":\"080 Barcelona Spring-Summer 2015\",\"created_timestamp\":\"July 3, 2014 4:22 pm\",\"copyright\":\"\\u00c2\\u00a9 2014 Estrop-Barcelona PHOTOGRAPH FOR EDITORIAL USE ONLY\",\"focal_length\":false,\"iso\":false,\"shutter_speed\":false,\"flash\":false,\"title\":\"080 Barcelona Spring-Summer 2015\",\"keywords\":\"Spring-Summer 2015\",\"width\":600,\"height\":898,\"saved\":true,\"thumbnail\":{\"width\":220,\"height\":220},\"webview\":{\"0\":600,\"1\":898,\"2\":2,\"3\":\"width=\\\"600\\\" height=\\\"898\\\"\",\"bits\":8,\"channels\":3,\"mime\":\"image\\\/jpeg\"},\"views\":\"7\",\"likes\":\"0\"},\"title\":\"080 Barcelona Spring-Summer 2015\",\"description\":\"<p>080 Barcelona Spring-Summer 2015<\\\/p>\",\"link\":null,\"link_target\":\"\",\"download\":\"https:\\\/\\\/bobvarela.com\\\/wp-content\\\/flagallery\\\/celia-vela-primavera-verano-2015\\\/celia-vela-ss-2015-611.jpg\",\"ratio\":0.66815144766146994381728063672198913991451263427734375},{\"id\":\"16558\",\"image\":\"https:\\\/\\\/bobvarela.com\\\/wp-content\\\/flagallery\\\/celia-vela-primavera-verano-2015\\\/webview\\\/celia-vela-ss-2015-612.jpg\",\"thumb\":\"https:\\\/\\\/bobvarela.com\\\/wp-content\\\/flagallery\\\/celia-vela-primavera-verano-2015\\\/thumbs\\\/thumbs_celia-vela-ss-2015-612.jpg\",\"file\":\"celia-vela-ss-2015-612.jpg\",\"meta\":{\"aperture\":false,\"credit\":false,\"camera\":false,\"caption\":\"080 Barcelona Spring-Summer 2015\",\"created_timestamp\":\"July 3, 2014 4:22 pm\",\"copyright\":\"\\u00c2\\u00a9 2014 Estrop-Barcelona PHOTOGRAPH FOR EDITORIAL USE ONLY\",\"focal_length\":false,\"iso\":false,\"shutter_speed\":false,\"flash\":false,\"title\":\"080 Barcelona Spring-Summer 2015\",\"keywords\":\"Spring-Summer 2015\",\"width\":600,\"height\":898,\"saved\":true,\"thumbnail\":{\"width\":220,\"height\":220},\"webview\":{\"0\":600,\"1\":898,\"2\":2,\"3\":\"width=\\\"600\\\" height=\\\"898\\\"\",\"bits\":8,\"channels\":3,\"mime\":\"image\\\/jpeg\"},\"views\":\"7\",\"likes\":\"0\"},\"title\":\"080 Barcelona Spring-Summer 2015\",\"description\":\"<p>080 Barcelona Spring-Summer 2015<\\\/p>\",\"link\":null,\"link_target\":\"\",\"download\":\"https:\\\/\\\/bobvarela.com\\\/wp-content\\\/flagallery\\\/celia-vela-primavera-verano-2015\\\/celia-vela-ss-2015-612.jpg\",\"ratio\":0.66815144766146994381728063672198913991451263427734375},{\"id\":\"16559\",\"image\":\"https:\\\/\\\/bobvarela.com\\\/wp-content\\\/flagallery\\\/celia-vela-primavera-verano-2015\\\/webview\\\/celia-vela-ss-2015-613.jpg\",\"thumb\":\"https:\\\/\\\/bobvarela.com\\\/wp-content\\\/flagallery\\\/celia-vela-primavera-verano-2015\\\/thumbs\\\/thumbs_celia-vela-ss-2015-613.jpg\",\"file\":\"celia-vela-ss-2015-613.jpg\",\"meta\":{\"aperture\":false,\"credit\":false,\"camera\":false,\"caption\":\"080 Barcelona Spring-Summer 2015\",\"created_timestamp\":\"July 3, 2014 4:22 pm\",\"copyright\":\"\\u00c2\\u00a9 2014 Estrop-Barcelona PHOTOGRAPH FOR EDITORIAL USE ONLY\",\"focal_length\":false,\"iso\":false,\"shutter_speed\":false,\"flash\":false,\"title\":\"080 Barcelona Spring-Summer 2015\",\"keywords\":\"Spring-Summer 2015\",\"width\":600,\"height\":898,\"saved\":true,\"thumbnail\":{\"width\":220,\"height\":220},\"webview\":{\"0\":600,\"1\":898,\"2\":2,\"3\":\"width=\\\"600\\\" height=\\\"898\\\"\",\"bits\":8,\"channels\":3,\"mime\":\"image\\\/jpeg\"},\"views\":\"7\",\"likes\":\"0\"},\"title\":\"080 Barcelona Spring-Summer 2015\",\"description\":\"<p>080 Barcelona Spring-Summer 2015<\\\/p>\",\"link\":null,\"link_target\":\"\",\"download\":\"https:\\\/\\\/bobvarela.com\\\/wp-content\\\/flagallery\\\/celia-vela-primavera-verano-2015\\\/celia-vela-ss-2015-613.jpg\",\"ratio\":0.66815144766146994381728063672198913991451263427734375},{\"id\":\"16560\",\"image\":\"https:\\\/\\\/bobvarela.com\\\/wp-content\\\/flagallery\\\/celia-vela-primavera-verano-2015\\\/webview\\\/celia-vela-ss-2015-614.jpg\",\"thumb\":\"https:\\\/\\\/bobvarela.com\\\/wp-content\\\/flagallery\\\/celia-vela-primavera-verano-2015\\\/thumbs\\\/thumbs_celia-vela-ss-2015-614.jpg\",\"file\":\"celia-vela-ss-2015-614.jpg\",\"meta\":{\"aperture\":false,\"credit\":false,\"camera\":false,\"caption\":\"080 Barcelona Spring-Summer 2015\",\"created_timestamp\":\"July 3, 2014 4:23 pm\",\"copyright\":\"\\u00c2\\u00a9 2014 Estrop-Barcelona PHOTOGRAPH FOR EDITORIAL USE ONLY\",\"focal_length\":false,\"iso\":false,\"shutter_speed\":false,\"flash\":false,\"title\":\"080 Barcelona Spring-Summer 2015\",\"keywords\":\"Spring-Summer 2015\",\"width\":600,\"height\":898,\"saved\":true,\"thumbnail\":{\"width\":220,\"height\":220},\"webview\":{\"0\":600,\"1\":898,\"2\":2,\"3\":\"width=\\\"600\\\" height=\\\"898\\\"\",\"bits\":8,\"channels\":3,\"mime\":\"image\\\/jpeg\"},\"views\":\"6\",\"likes\":\"0\"},\"title\":\"080 Barcelona Spring-Summer 2015\",\"description\":\"<p>080 Barcelona Spring-Summer 2015<\\\/p>\",\"link\":null,\"link_target\":\"\",\"download\":\"https:\\\/\\\/bobvarela.com\\\/wp-content\\\/flagallery\\\/celia-vela-primavera-verano-2015\\\/celia-vela-ss-2015-614.jpg\",\"ratio\":0.66815144766146994381728063672198913991451263427734375},{\"id\":\"16561\",\"image\":\"https:\\\/\\\/bobvarela.com\\\/wp-content\\\/flagallery\\\/celia-vela-primavera-verano-2015\\\/webview\\\/celia-vela-ss-2015-615.jpg\",\"thumb\":\"https:\\\/\\\/bobvarela.com\\\/wp-content\\\/flagallery\\\/celia-vela-primavera-verano-2015\\\/thumbs\\\/thumbs_celia-vela-ss-2015-615.jpg\",\"file\":\"celia-vela-ss-2015-615.jpg\",\"meta\":{\"aperture\":false,\"credit\":false,\"camera\":false,\"caption\":\"080 Barcelona Spring-Summer 2015\",\"created_timestamp\":\"July 3, 2014 4:23 pm\",\"copyright\":\"\\u00c2\\u00a9 2014 Estrop-Barcelona PHOTOGRAPH FOR EDITORIAL USE ONLY\",\"focal_length\":false,\"iso\":false,\"shutter_speed\":false,\"flash\":false,\"title\":\"080 Barcelona Spring-Summer 2015\",\"keywords\":\"Spring-Summer 2015\",\"width\":600,\"height\":898,\"saved\":true,\"thumbnail\":{\"width\":220,\"height\":220},\"webview\":{\"0\":600,\"1\":898,\"2\":2,\"3\":\"width=\\\"600\\\" height=\\\"898\\\"\",\"bits\":8,\"channels\":3,\"mime\":\"image\\\/jpeg\"},\"views\":\"6\",\"likes\":\"0\"},\"title\":\"080 Barcelona Spring-Summer 2015\",\"description\":\"<p>080 Barcelona Spring-Summer 2015<\\\/p>\",\"link\":null,\"link_target\":\"\",\"download\":\"https:\\\/\\\/bobvarela.com\\\/wp-content\\\/flagallery\\\/celia-vela-primavera-verano-2015\\\/celia-vela-ss-2015-615.jpg\",\"ratio\":0.66815144766146994381728063672198913991451263427734375},{\"id\":\"16562\",\"image\":\"https:\\\/\\\/bobvarela.com\\\/wp-content\\\/flagallery\\\/celia-vela-primavera-verano-2015\\\/webview\\\/celia-vela-ss-2015-616.jpg\",\"thumb\":\"https:\\\/\\\/bobvarela.com\\\/wp-content\\\/flagallery\\\/celia-vela-primavera-verano-2015\\\/thumbs\\\/thumbs_celia-vela-ss-2015-616.jpg\",\"file\":\"celia-vela-ss-2015-616.jpg\",\"meta\":{\"aperture\":false,\"credit\":false,\"camera\":false,\"caption\":\"080 Barcelona Spring-Summer 2015\",\"created_timestamp\":\"July 3, 2014 4:23 pm\",\"copyright\":\"\\u00c2\\u00a9 2014 Estrop-Barcelona PHOTOGRAPH FOR EDITORIAL USE ONLY\",\"focal_length\":false,\"iso\":false,\"shutter_speed\":false,\"flash\":false,\"title\":\"080 Barcelona Spring-Summer 2015\",\"keywords\":\"Spring-Summer 2015\",\"width\":600,\"height\":898,\"saved\":true,\"thumbnail\":{\"width\":220,\"height\":220},\"webview\":{\"0\":600,\"1\":898,\"2\":2,\"3\":\"width=\\\"600\\\" height=\\\"898\\\"\",\"bits\":8,\"channels\":3,\"mime\":\"image\\\/jpeg\"},\"views\":\"7\",\"likes\":\"0\"},\"title\":\"080 Barcelona Spring-Summer 2015\",\"description\":\"<p>080 Barcelona Spring-Summer 2015<\\\/p>\",\"link\":null,\"link_target\":\"\",\"download\":\"https:\\\/\\\/bobvarela.com\\\/wp-content\\\/flagallery\\\/celia-vela-primavera-verano-2015\\\/celia-vela-ss-2015-616.jpg\",\"ratio\":0.66815144766146994381728063672198913991451263427734375},{\"id\":\"16563\",\"image\":\"https:\\\/\\\/bobvarela.com\\\/wp-content\\\/flagallery\\\/celia-vela-primavera-verano-2015\\\/webview\\\/celia-vela-ss-2015-617.jpg\",\"thumb\":\"https:\\\/\\\/bobvarela.com\\\/wp-content\\\/flagallery\\\/celia-vela-primavera-verano-2015\\\/thumbs\\\/thumbs_celia-vela-ss-2015-617.jpg\",\"file\":\"celia-vela-ss-2015-617.jpg\",\"meta\":{\"aperture\":false,\"credit\":false,\"camera\":false,\"caption\":\"080 Barcelona Spring-Summer 2015\",\"created_timestamp\":\"July 3, 2014 4:23 pm\",\"copyright\":\"\\u00c2\\u00a9 2014 Estrop-Barcelona PHOTOGRAPH FOR EDITORIAL USE ONLY\",\"focal_length\":false,\"iso\":false,\"shutter_speed\":false,\"flash\":false,\"title\":\"080 Barcelona Spring-Summer 2015\",\"keywords\":\"Spring-Summer 2015\",\"width\":600,\"height\":898,\"saved\":true,\"thumbnail\":{\"width\":220,\"height\":220},\"webview\":{\"0\":600,\"1\":898,\"2\":2,\"3\":\"width=\\\"600\\\" height=\\\"898\\\"\",\"bits\":8,\"channels\":3,\"mime\":\"image\\\/jpeg\"},\"views\":\"7\",\"likes\":\"0\"},\"title\":\"080 Barcelona Spring-Summer 2015\",\"description\":\"<p>080 Barcelona Spring-Summer 2015<\\\/p>\",\"link\":null,\"link_target\":\"\",\"download\":\"https:\\\/\\\/bobvarela.com\\\/wp-content\\\/flagallery\\\/celia-vela-primavera-verano-2015\\\/celia-vela-ss-2015-617.jpg\",\"ratio\":0.66815144766146994381728063672198913991451263427734375},{\"id\":\"16564\",\"image\":\"https:\\\/\\\/bobvarela.com\\\/wp-content\\\/flagallery\\\/celia-vela-primavera-verano-2015\\\/webview\\\/celia-vela-ss-2015-618.jpg\",\"thumb\":\"https:\\\/\\\/bobvarela.com\\\/wp-content\\\/flagallery\\\/celia-vela-primavera-verano-2015\\\/thumbs\\\/thumbs_celia-vela-ss-2015-618.jpg\",\"file\":\"celia-vela-ss-2015-618.jpg\",\"meta\":{\"aperture\":false,\"credit\":false,\"camera\":false,\"caption\":\"080 Barcelona Spring-Summer 2015\",\"created_timestamp\":\"July 3, 2014 4:23 pm\",\"copyright\":\"\\u00c2\\u00a9 2014 Estrop-Barcelona PHOTOGRAPH FOR EDITORIAL USE ONLY\",\"focal_length\":false,\"iso\":false,\"shutter_speed\":false,\"flash\":false,\"title\":\"080 Barcelona Spring-Summer 2015\",\"keywords\":\"Spring-Summer 2015\",\"width\":600,\"height\":898,\"saved\":true,\"thumbnail\":{\"width\":220,\"height\":220},\"webview\":{\"0\":600,\"1\":898,\"2\":2,\"3\":\"width=\\\"600\\\" height=\\\"898\\\"\",\"bits\":8,\"channels\":3,\"mime\":\"image\\\/jpeg\"},\"views\":\"7\",\"likes\":\"0\"},\"title\":\"080 Barcelona Spring-Summer 2015\",\"description\":\"<p>080 Barcelona Spring-Summer 2015<\\\/p>\",\"link\":null,\"link_target\":\"\",\"download\":\"https:\\\/\\\/bobvarela.com\\\/wp-content\\\/flagallery\\\/celia-vela-primavera-verano-2015\\\/celia-vela-ss-2015-618.jpg\",\"ratio\":0.66815144766146994381728063672198913991451263427734375},{\"id\":\"16565\",\"image\":\"https:\\\/\\\/bobvarela.com\\\/wp-content\\\/flagallery\\\/celia-vela-primavera-verano-2015\\\/webview\\\/celia-vela-ss-2015-619.jpg\",\"thumb\":\"https:\\\/\\\/bobvarela.com\\\/wp-content\\\/flagallery\\\/celia-vela-primavera-verano-2015\\\/thumbs\\\/thumbs_celia-vela-ss-2015-619.jpg\",\"file\":\"celia-vela-ss-2015-619.jpg\",\"meta\":{\"aperture\":false,\"credit\":false,\"camera\":false,\"caption\":\"080 Barcelona Spring-Summer 2015\",\"created_timestamp\":\"July 3, 2014 4:23 pm\",\"copyright\":\"\\u00c2\\u00a9 2014 Estrop-Barcelona PHOTOGRAPH FOR EDITORIAL USE ONLY\",\"focal_length\":false,\"iso\":false,\"shutter_speed\":false,\"flash\":false,\"title\":\"080 Barcelona Spring-Summer 2015\",\"keywords\":\"Spring-Summer 2015\",\"width\":900,\"height\":600,\"saved\":true,\"thumbnail\":{\"width\":220,\"height\":220},\"webview\":{\"0\":900,\"1\":600,\"2\":2,\"3\":\"width=\\\"900\\\" height=\\\"600\\\"\",\"bits\":8,\"channels\":3,\"mime\":\"image\\\/jpeg\"},\"views\":\"7\",\"likes\":\"0\"},\"title\":\"080 Barcelona Spring-Summer 2015\",\"description\":\"<p>080 Barcelona Spring-Summer 2015<\\\/p>\",\"link\":null,\"link_target\":\"\",\"download\":\"https:\\\/\\\/bobvarela.com\\\/wp-content\\\/flagallery\\\/celia-vela-primavera-verano-2015\\\/celia-vela-ss-2015-619.jpg\",\"ratio\":1.5},{\"id\":\"16566\",\"image\":\"https:\\\/\\\/bobvarela.com\\\/wp-content\\\/flagallery\\\/celia-vela-primavera-verano-2015\\\/webview\\\/celia-vela-ss-2015-620.jpg\",\"thumb\":\"https:\\\/\\\/bobvarela.com\\\/wp-content\\\/flagallery\\\/celia-vela-primavera-verano-2015\\\/thumbs\\\/thumbs_celia-vela-ss-2015-620.jpg\",\"file\":\"celia-vela-ss-2015-620.jpg\",\"meta\":{\"aperture\":false,\"credit\":false,\"camera\":false,\"caption\":\"080 Barcelona Spring-Summer 2015\",\"created_timestamp\":\"July 3, 2014 4:23 pm\",\"copyright\":\"\\u00c2\\u00a9 2014 Estrop-Barcelona PHOTOGRAPH FOR EDITORIAL USE ONLY\",\"focal_length\":false,\"iso\":false,\"shutter_speed\":false,\"flash\":false,\"title\":\"080 Barcelona Spring-Summer 2015\",\"keywords\":\"Spring-Summer 2015\",\"width\":600,\"height\":898,\"saved\":true,\"thumbnail\":{\"width\":220,\"height\":220},\"webview\":{\"0\":600,\"1\":898,\"2\":2,\"3\":\"width=\\\"600\\\" height=\\\"898\\\"\",\"bits\":8,\"channels\":3,\"mime\":\"image\\\/jpeg\"},\"views\":\"6\",\"likes\":\"0\"},\"title\":\"080 Barcelona Spring-Summer 2015\",\"description\":\"<p>080 Barcelona Spring-Summer 2015<\\\/p>\",\"link\":null,\"link_target\":\"\",\"download\":\"https:\\\/\\\/bobvarela.com\\\/wp-content\\\/flagallery\\\/celia-vela-primavera-verano-2015\\\/celia-vela-ss-2015-620.jpg\",\"ratio\":0.66815144766146994381728063672198913991451263427734375},{\"id\":\"16567\",\"image\":\"https:\\\/\\\/bobvarela.com\\\/wp-content\\\/flagallery\\\/celia-vela-primavera-verano-2015\\\/webview\\\/celia-vela-ss-2015-621.jpg\",\"thumb\":\"https:\\\/\\\/bobvarela.com\\\/wp-content\\\/flagallery\\\/celia-vela-primavera-verano-2015\\\/thumbs\\\/thumbs_celia-vela-ss-2015-621.jpg\",\"file\":\"celia-vela-ss-2015-621.jpg\",\"meta\":{\"aperture\":false,\"credit\":false,\"camera\":false,\"caption\":\"080 Barcelona Spring-Summer 2015\",\"created_timestamp\":\"July 3, 2014 4:23 pm\",\"copyright\":\"\\u00c2\\u00a9 2014 Estrop-Barcelona PHOTOGRAPH FOR EDITORIAL USE ONLY\",\"focal_length\":false,\"iso\":false,\"shutter_speed\":false,\"flash\":false,\"title\":\"080 Barcelona Spring-Summer 2015\",\"keywords\":\"Spring-Summer 2015\",\"width\":600,\"height\":898,\"saved\":true,\"thumbnail\":{\"width\":220,\"height\":220},\"webview\":{\"0\":600,\"1\":898,\"2\":2,\"3\":\"width=\\\"600\\\" height=\\\"898\\\"\",\"bits\":8,\"channels\":3,\"mime\":\"image\\\/jpeg\"},\"views\":\"6\",\"likes\":\"0\"},\"title\":\"080 Barcelona Spring-Summer 2015\",\"description\":\"<p>080 Barcelona Spring-Summer 2015<\\\/p>\",\"link\":null,\"link_target\":\"\",\"download\":\"https:\\\/\\\/bobvarela.com\\\/wp-content\\\/flagallery\\\/celia-vela-primavera-verano-2015\\\/celia-vela-ss-2015-621.jpg\",\"ratio\":0.66815144766146994381728063672198913991451263427734375},{\"id\":\"16568\",\"image\":\"https:\\\/\\\/bobvarela.com\\\/wp-content\\\/flagallery\\\/celia-vela-primavera-verano-2015\\\/webview\\\/celia-vela-ss-2015-622.jpg\",\"thumb\":\"https:\\\/\\\/bobvarela.com\\\/wp-content\\\/flagallery\\\/celia-vela-primavera-verano-2015\\\/thumbs\\\/thumbs_celia-vela-ss-2015-622.jpg\",\"file\":\"celia-vela-ss-2015-622.jpg\",\"meta\":{\"aperture\":false,\"credit\":false,\"camera\":false,\"caption\":\"080 Barcelona Spring-Summer 2015\",\"created_timestamp\":\"July 3, 2014 4:24 pm\",\"copyright\":\"\\u00c2\\u00a9 2014 Estrop-Barcelona PHOTOGRAPH FOR EDITORIAL USE ONLY\",\"focal_length\":false,\"iso\":false,\"shutter_speed\":false,\"flash\":false,\"title\":\"080 Barcelona Spring-Summer 2015\",\"keywords\":\"Spring-Summer 2015\",\"width\":600,\"height\":898,\"saved\":true,\"thumbnail\":{\"width\":220,\"height\":220},\"webview\":{\"0\":600,\"1\":898,\"2\":2,\"3\":\"width=\\\"600\\\" height=\\\"898\\\"\",\"bits\":8,\"channels\":3,\"mime\":\"image\\\/jpeg\"},\"views\":\"7\",\"likes\":\"0\"},\"title\":\"080 Barcelona Spring-Summer 2015\",\"description\":\"<p>080 Barcelona Spring-Summer 2015<\\\/p>\",\"link\":null,\"link_target\":\"\",\"download\":\"https:\\\/\\\/bobvarela.com\\\/wp-content\\\/flagallery\\\/celia-vela-primavera-verano-2015\\\/celia-vela-ss-2015-622.jpg\",\"ratio\":0.66815144766146994381728063672198913991451263427734375},{\"id\":\"16569\",\"image\":\"https:\\\/\\\/bobvarela.com\\\/wp-content\\\/flagallery\\\/celia-vela-primavera-verano-2015\\\/webview\\\/celia-vela-ss-2015-623.jpg\",\"thumb\":\"https:\\\/\\\/bobvarela.com\\\/wp-content\\\/flagallery\\\/celia-vela-primavera-verano-2015\\\/thumbs\\\/thumbs_celia-vela-ss-2015-623.jpg\",\"file\":\"celia-vela-ss-2015-623.jpg\",\"meta\":{\"aperture\":false,\"credit\":false,\"camera\":false,\"caption\":\"080 Barcelona Spring-Summer 2015\",\"created_timestamp\":\"July 3, 2014 4:24 pm\",\"copyright\":\"\\u00c2\\u00a9 2014 Estrop-Barcelona PHOTOGRAPH FOR EDITORIAL USE ONLY\",\"focal_length\":false,\"iso\":false,\"shutter_speed\":false,\"flash\":false,\"title\":\"080 Barcelona Spring-Summer 2015\",\"keywords\":\"Spring-Summer 2015\",\"width\":600,\"height\":898,\"saved\":true,\"thumbnail\":{\"width\":220,\"height\":220},\"webview\":{\"0\":600,\"1\":898,\"2\":2,\"3\":\"width=\\\"600\\\" height=\\\"898\\\"\",\"bits\":8,\"channels\":3,\"mime\":\"image\\\/jpeg\"},\"views\":\"7\",\"likes\":\"0\"},\"title\":\"080 Barcelona Spring-Summer 2015\",\"description\":\"<p>080 Barcelona Spring-Summer 2015<\\\/p>\",\"link\":null,\"link_target\":\"\",\"download\":\"https:\\\/\\\/bobvarela.com\\\/wp-content\\\/flagallery\\\/celia-vela-primavera-verano-2015\\\/celia-vela-ss-2015-623.jpg\",\"ratio\":0.66815144766146994381728063672198913991451263427734375},{\"id\":\"16570\",\"image\":\"https:\\\/\\\/bobvarela.com\\\/wp-content\\\/flagallery\\\/celia-vela-primavera-verano-2015\\\/webview\\\/celia-vela-ss-2015-624.jpg\",\"thumb\":\"https:\\\/\\\/bobvarela.com\\\/wp-content\\\/flagallery\\\/celia-vela-primavera-verano-2015\\\/thumbs\\\/thumbs_celia-vela-ss-2015-624.jpg\",\"file\":\"celia-vela-ss-2015-624.jpg\",\"meta\":{\"aperture\":false,\"credit\":false,\"camera\":false,\"caption\":\"080 Barcelona Spring-Summer 2015\",\"created_timestamp\":\"July 3, 2014 4:24 pm\",\"copyright\":\"\\u00c2\\u00a9 2014 Estrop-Barcelona PHOTOGRAPH FOR EDITORIAL USE ONLY\",\"focal_length\":false,\"iso\":false,\"shutter_speed\":false,\"flash\":false,\"title\":\"080 Barcelona Spring-Summer 2015\",\"keywords\":\"Spring-Summer 2015\",\"width\":600,\"height\":898,\"saved\":true,\"thumbnail\":{\"width\":220,\"height\":220},\"webview\":{\"0\":600,\"1\":898,\"2\":2,\"3\":\"width=\\\"600\\\" height=\\\"898\\\"\",\"bits\":8,\"channels\":3,\"mime\":\"image\\\/jpeg\"},\"views\":\"7\",\"likes\":\"0\"},\"title\":\"080 Barcelona Spring-Summer 2015\",\"description\":\"<p>080 Barcelona Spring-Summer 2015<\\\/p>\",\"link\":null,\"link_target\":\"\",\"download\":\"https:\\\/\\\/bobvarela.com\\\/wp-content\\\/flagallery\\\/celia-vela-primavera-verano-2015\\\/celia-vela-ss-2015-624.jpg\",\"ratio\":0.66815144766146994381728063672198913991451263427734375},{\"id\":\"16571\",\"image\":\"https:\\\/\\\/bobvarela.com\\\/wp-content\\\/flagallery\\\/celia-vela-primavera-verano-2015\\\/webview\\\/celia-vela-ss-2015-625.jpg\",\"thumb\":\"https:\\\/\\\/bobvarela.com\\\/wp-content\\\/flagallery\\\/celia-vela-primavera-verano-2015\\\/thumbs\\\/thumbs_celia-vela-ss-2015-625.jpg\",\"file\":\"celia-vela-ss-2015-625.jpg\",\"meta\":{\"aperture\":false,\"credit\":false,\"camera\":false,\"caption\":\"080 Barcelona Spring-Summer 2015\",\"created_timestamp\":\"July 3, 2014 4:24 pm\",\"copyright\":\"\\u00c2\\u00a9 2014 Estrop-Barcelona PHOTOGRAPH FOR EDITORIAL USE ONLY\",\"focal_length\":false,\"iso\":false,\"shutter_speed\":false,\"flash\":false,\"title\":\"080 Barcelona Spring-Summer 2015\",\"keywords\":\"Spring-Summer 2015\",\"width\":600,\"height\":898,\"saved\":true,\"thumbnail\":{\"width\":220,\"height\":220},\"webview\":{\"0\":600,\"1\":898,\"2\":2,\"3\":\"width=\\\"600\\\" height=\\\"898\\\"\",\"bits\":8,\"channels\":3,\"mime\":\"image\\\/jpeg\"},\"views\":\"7\",\"likes\":\"0\"},\"title\":\"080 Barcelona Spring-Summer 2015\",\"description\":\"<p>080 Barcelona Spring-Summer 2015<\\\/p>\",\"link\":null,\"link_target\":\"\",\"download\":\"https:\\\/\\\/bobvarela.com\\\/wp-content\\\/flagallery\\\/celia-vela-primavera-verano-2015\\\/celia-vela-ss-2015-625.jpg\",\"ratio\":0.66815144766146994381728063672198913991451263427734375}]}; var container = $('#FlaGallery_sc1_205'); container.photomania(settings, content); window.FlaGallery_sc1_205 = container.data('photomania'); }); <\/script><\/div><noscript id=\"noscript_FlaGallery_sc1_205\"><img class=\"skip-lazy no-lazyload noLazy\" data-lazy-src=\"\" src =\"https:\/\/bobvarela.com\/wp-content\/flagallery\/celia-vela-primavera-verano-2015\/celia-vela-ss-2015-566.jpg\" alt=\"080 Barcelona Spring-Summer 2015\" \/><img class=\"skip-lazy no-lazyload noLazy\" data-lazy-src=\"\" src =\"https:\/\/bobvarela.com\/wp-content\/flagallery\/celia-vela-primavera-verano-2015\/celia-vela-ss-2015-567.jpg\" alt=\"080 Barcelona Spring-Summer 2015\" \/><img class=\"skip-lazy no-lazyload noLazy\" data-lazy-src=\"\" src =\"https:\/\/bobvarela.com\/wp-content\/flagallery\/celia-vela-primavera-verano-2015\/celia-vela-ss-2015-568.jpg\" alt=\"080 Barcelona Spring-Summer 2015\" \/><img class=\"skip-lazy no-lazyload noLazy\" data-lazy-src=\"\" src =\"https:\/\/bobvarela.com\/wp-content\/flagallery\/celia-vela-primavera-verano-2015\/celia-vela-ss-2015-569.jpg\" alt=\"080 Barcelona Spring-Summer 2015\" \/><img class=\"skip-lazy no-lazyload noLazy\" data-lazy-src=\"\" src =\"https:\/\/bobvarela.com\/wp-content\/flagallery\/celia-vela-primavera-verano-2015\/celia-vela-ss-2015-570.jpg\" alt=\"080 Barcelona Spring-Summer 2015\" \/><img class=\"skip-lazy no-lazyload noLazy\" data-lazy-src=\"\" src =\"https:\/\/bobvarela.com\/wp-content\/flagallery\/celia-vela-primavera-verano-2015\/celia-vela-ss-2015-571.jpg\" alt=\"080 Barcelona Spring-Summer 2015\" \/><img class=\"skip-lazy no-lazyload noLazy\" data-lazy-src=\"\" src =\"https:\/\/bobvarela.com\/wp-content\/flagallery\/celia-vela-primavera-verano-2015\/celia-vela-ss-2015-572.jpg\" alt=\"080 Barcelona Spring-Summer 2015\" \/><img class=\"skip-lazy no-lazyload noLazy\" data-lazy-src=\"\" src =\"https:\/\/bobvarela.com\/wp-content\/flagallery\/celia-vela-primavera-verano-2015\/celia-vela-ss-2015-573.jpg\" alt=\"080 Barcelona Spring-Summer 2015\" \/><img class=\"skip-lazy no-lazyload noLazy\" data-lazy-src=\"\" src =\"https:\/\/bobvarela.com\/wp-content\/flagallery\/celia-vela-primavera-verano-2015\/celia-vela-ss-2015-574.jpg\" alt=\"080 Barcelona Spring-Summer 2015\" \/><img class=\"skip-lazy no-lazyload noLazy\" data-lazy-src=\"\" src =\"https:\/\/bobvarela.com\/wp-content\/flagallery\/celia-vela-primavera-verano-2015\/celia-vela-ss-2015-575.jpg\" alt=\"080 Barcelona Spring-Summer 2015\" \/><img class=\"skip-lazy no-lazyload noLazy\" data-lazy-src=\"\" src =\"https:\/\/bobvarela.com\/wp-content\/flagallery\/celia-vela-primavera-verano-2015\/celia-vela-ss-2015-576.jpg\" alt=\"080 Barcelona Spring-Summer 2015\" \/><img class=\"skip-lazy no-lazyload noLazy\" data-lazy-src=\"\" src =\"https:\/\/bobvarela.com\/wp-content\/flagallery\/celia-vela-primavera-verano-2015\/celia-vela-ss-2015-577.jpg\" alt=\"080 Barcelona Spring-Summer 2015\" \/><img class=\"skip-lazy no-lazyload noLazy\" data-lazy-src=\"\" src =\"https:\/\/bobvarela.com\/wp-content\/flagallery\/celia-vela-primavera-verano-2015\/celia-vela-ss-2015-578.jpg\" alt=\"080 Barcelona Spring-Summer 2015\" \/><img class=\"skip-lazy no-lazyload noLazy\" data-lazy-src=\"\" src =\"https:\/\/bobvarela.com\/wp-content\/flagallery\/celia-vela-primavera-verano-2015\/celia-vela-ss-2015-579.jpg\" alt=\"080 Barcelona Spring-Summer 2015\" \/><img class=\"skip-lazy no-lazyload noLazy\" data-lazy-src=\"\" src =\"https:\/\/bobvarela.com\/wp-content\/flagallery\/celia-vela-primavera-verano-2015\/celia-vela-ss-2015-580.jpg\" alt=\"080 Barcelona Spring-Summer 2015\" \/><img class=\"skip-lazy no-lazyload noLazy\" data-lazy-src=\"\" src =\"https:\/\/bobvarela.com\/wp-content\/flagallery\/celia-vela-primavera-verano-2015\/celia-vela-ss-2015-581.jpg\" alt=\"080 Barcelona Spring-Summer 2015\" \/><img class=\"skip-lazy no-lazyload noLazy\" data-lazy-src=\"\" src =\"https:\/\/bobvarela.com\/wp-content\/flagallery\/celia-vela-primavera-verano-2015\/celia-vela-ss-2015-582.jpg\" alt=\"080 Barcelona Spring-Summer 2015\" \/><img class=\"skip-lazy no-lazyload noLazy\" data-lazy-src=\"\" src =\"https:\/\/bobvarela.com\/wp-content\/flagallery\/celia-vela-primavera-verano-2015\/celia-vela-ss-2015-583.jpg\" alt=\"080 Barcelona Spring-Summer 2015\" \/><img class=\"skip-lazy no-lazyload noLazy\" data-lazy-src=\"\" src =\"https:\/\/bobvarela.com\/wp-content\/flagallery\/celia-vela-primavera-verano-2015\/celia-vela-ss-2015-584.jpg\" alt=\"080 Barcelona Spring-Summer 2015\" \/><img class=\"skip-lazy no-lazyload noLazy\" data-lazy-src=\"\" src =\"https:\/\/bobvarela.com\/wp-content\/flagallery\/celia-vela-primavera-verano-2015\/celia-vela-ss-2015-585.jpg\" alt=\"080 Barcelona Spring-Summer 2015\" \/><img class=\"skip-lazy no-lazyload noLazy\" data-lazy-src=\"\" src =\"https:\/\/bobvarela.com\/wp-content\/flagallery\/celia-vela-primavera-verano-2015\/celia-vela-ss-2015-586.jpg\" alt=\"080 Barcelona Spring-Summer 2015\" \/><img class=\"skip-lazy no-lazyload noLazy\" data-lazy-src=\"\" src =\"https:\/\/bobvarela.com\/wp-content\/flagallery\/celia-vela-primavera-verano-2015\/celia-vela-ss-2015-587.jpg\" alt=\"080 Barcelona Spring-Summer 2015\" \/><img class=\"skip-lazy no-lazyload noLazy\" data-lazy-src=\"\" src =\"https:\/\/bobvarela.com\/wp-content\/flagallery\/celia-vela-primavera-verano-2015\/celia-vela-ss-2015-588.jpg\" alt=\"080 Barcelona Spring-Summer 2015\" \/><img class=\"skip-lazy no-lazyload noLazy\" data-lazy-src=\"\" src =\"https:\/\/bobvarela.com\/wp-content\/flagallery\/celia-vela-primavera-verano-2015\/celia-vela-ss-2015-589.jpg\" alt=\"080 Barcelona Spring-Summer 2015\" \/><img class=\"skip-lazy no-lazyload noLazy\" data-lazy-src=\"\" src =\"https:\/\/bobvarela.com\/wp-content\/flagallery\/celia-vela-primavera-verano-2015\/celia-vela-ss-2015-590.jpg\" alt=\"080 Barcelona Spring-Summer 2015\" \/><img class=\"skip-lazy no-lazyload noLazy\" data-lazy-src=\"\" src =\"https:\/\/bobvarela.com\/wp-content\/flagallery\/celia-vela-primavera-verano-2015\/celia-vela-ss-2015-591.jpg\" alt=\"080 Barcelona Spring-Summer 2015\" \/><img class=\"skip-lazy no-lazyload noLazy\" data-lazy-src=\"\" src =\"https:\/\/bobvarela.com\/wp-content\/flagallery\/celia-vela-primavera-verano-2015\/celia-vela-ss-2015-592.jpg\" alt=\"080 Barcelona Spring-Summer 2015\" \/><img class=\"skip-lazy no-lazyload noLazy\" data-lazy-src=\"\" src =\"https:\/\/bobvarela.com\/wp-content\/flagallery\/celia-vela-primavera-verano-2015\/celia-vela-ss-2015-593.jpg\" alt=\"080 Barcelona Spring-Summer 2015\" \/><img class=\"skip-lazy no-lazyload noLazy\" data-lazy-src=\"\" src =\"https:\/\/bobvarela.com\/wp-content\/flagallery\/celia-vela-primavera-verano-2015\/celia-vela-ss-2015-594.jpg\" alt=\"080 Barcelona Spring-Summer 2015\" \/><img class=\"skip-lazy no-lazyload noLazy\" data-lazy-src=\"\" src =\"https:\/\/bobvarela.com\/wp-content\/flagallery\/celia-vela-primavera-verano-2015\/celia-vela-ss-2015-595.jpg\" alt=\"080 Barcelona Spring-Summer 2015\" \/><img class=\"skip-lazy no-lazyload noLazy\" data-lazy-src=\"\" src =\"https:\/\/bobvarela.com\/wp-content\/flagallery\/celia-vela-primavera-verano-2015\/celia-vela-ss-2015-596.jpg\" alt=\"080 Barcelona Spring-Summer 2015\" \/><img class=\"skip-lazy no-lazyload noLazy\" data-lazy-src=\"\" src =\"https:\/\/bobvarela.com\/wp-content\/flagallery\/celia-vela-primavera-verano-2015\/celia-vela-ss-2015-597.jpg\" alt=\"080 Barcelona Spring-Summer 2015\" \/><img class=\"skip-lazy no-lazyload noLazy\" data-lazy-src=\"\" src =\"https:\/\/bobvarela.com\/wp-content\/flagallery\/celia-vela-primavera-verano-2015\/celia-vela-ss-2015-598.jpg\" alt=\"080 Barcelona Spring-Summer 2015\" \/><img class=\"skip-lazy no-lazyload noLazy\" data-lazy-src=\"\" src =\"https:\/\/bobvarela.com\/wp-content\/flagallery\/celia-vela-primavera-verano-2015\/celia-vela-ss-2015-599.jpg\" alt=\"080 Barcelona Spring-Summer 2015\" \/><img class=\"skip-lazy no-lazyload noLazy\" data-lazy-src=\"\" src =\"https:\/\/bobvarela.com\/wp-content\/flagallery\/celia-vela-primavera-verano-2015\/celia-vela-ss-2015-600.jpg\" alt=\"080 Barcelona Spring-Summer 2015\" \/><img class=\"skip-lazy no-lazyload noLazy\" data-lazy-src=\"\" src =\"https:\/\/bobvarela.com\/wp-content\/flagallery\/celia-vela-primavera-verano-2015\/celia-vela-ss-2015-601.jpg\" alt=\"080 Barcelona Spring-Summer 2015\" \/><img class=\"skip-lazy no-lazyload noLazy\" data-lazy-src=\"\" src =\"https:\/\/bobvarela.com\/wp-content\/flagallery\/celia-vela-primavera-verano-2015\/celia-vela-ss-2015-602.jpg\" alt=\"080 Barcelona Spring-Summer 2015\" \/><img class=\"skip-lazy no-lazyload noLazy\" data-lazy-src=\"\" src =\"https:\/\/bobvarela.com\/wp-content\/flagallery\/celia-vela-primavera-verano-2015\/celia-vela-ss-2015-603.jpg\" alt=\"080 Barcelona Spring-Summer 2015\" \/><img class=\"skip-lazy no-lazyload noLazy\" data-lazy-src=\"\" src =\"https:\/\/bobvarela.com\/wp-content\/flagallery\/celia-vela-primavera-verano-2015\/celia-vela-ss-2015-604.jpg\" alt=\"080 Barcelona Spring-Summer 2015\" \/><img class=\"skip-lazy no-lazyload noLazy\" data-lazy-src=\"\" src =\"https:\/\/bobvarela.com\/wp-content\/flagallery\/celia-vela-primavera-verano-2015\/celia-vela-ss-2015-605.jpg\" alt=\"080 Barcelona Spring-Summer 2015\" \/><img class=\"skip-lazy no-lazyload noLazy\" data-lazy-src=\"\" src =\"https:\/\/bobvarela.com\/wp-content\/flagallery\/celia-vela-primavera-verano-2015\/celia-vela-ss-2015-606.jpg\" alt=\"080 Barcelona Spring-Summer 2015\" \/><img class=\"skip-lazy no-lazyload noLazy\" data-lazy-src=\"\" src =\"https:\/\/bobvarela.com\/wp-content\/flagallery\/celia-vela-primavera-verano-2015\/celia-vela-ss-2015-607.jpg\" alt=\"080 Barcelona Spring-Summer 2015\" \/><img class=\"skip-lazy no-lazyload noLazy\" data-lazy-src=\"\" src =\"https:\/\/bobvarela.com\/wp-content\/flagallery\/celia-vela-primavera-verano-2015\/celia-vela-ss-2015-608.jpg\" alt=\"080 Barcelona Spring-Summer 2015\" \/><img class=\"skip-lazy no-lazyload noLazy\" data-lazy-src=\"\" src =\"https:\/\/bobvarela.com\/wp-content\/flagallery\/celia-vela-primavera-verano-2015\/celia-vela-ss-2015-609.jpg\" alt=\"080 Barcelona Spring-Summer 2015\" \/><img class=\"skip-lazy no-lazyload noLazy\" data-lazy-src=\"\" src =\"https:\/\/bobvarela.com\/wp-content\/flagallery\/celia-vela-primavera-verano-2015\/celia-vela-ss-2015-610.jpg\" alt=\"080 Barcelona Spring-Summer 2015\" \/><img class=\"skip-lazy no-lazyload noLazy\" data-lazy-src=\"\" src =\"https:\/\/bobvarela.com\/wp-content\/flagallery\/celia-vela-primavera-verano-2015\/celia-vela-ss-2015-611.jpg\" alt=\"080 Barcelona Spring-Summer 2015\" \/><img class=\"skip-lazy no-lazyload noLazy\" data-lazy-src=\"\" src =\"https:\/\/bobvarela.com\/wp-content\/flagallery\/celia-vela-primavera-verano-2015\/celia-vela-ss-2015-612.jpg\" alt=\"080 Barcelona Spring-Summer 2015\" \/><img class=\"skip-lazy no-lazyload noLazy\" data-lazy-src=\"\" src =\"https:\/\/bobvarela.com\/wp-content\/flagallery\/celia-vela-primavera-verano-2015\/celia-vela-ss-2015-613.jpg\" alt=\"080 Barcelona Spring-Summer 2015\" \/><img class=\"skip-lazy no-lazyload noLazy\" data-lazy-src=\"\" src =\"https:\/\/bobvarela.com\/wp-content\/flagallery\/celia-vela-primavera-verano-2015\/celia-vela-ss-2015-614.jpg\" alt=\"080 Barcelona Spring-Summer 2015\" \/><img class=\"skip-lazy no-lazyload noLazy\" data-lazy-src=\"\" src =\"https:\/\/bobvarela.com\/wp-content\/flagallery\/celia-vela-primavera-verano-2015\/celia-vela-ss-2015-615.jpg\" alt=\"080 Barcelona Spring-Summer 2015\" \/><img class=\"skip-lazy no-lazyload noLazy\" data-lazy-src=\"\" src =\"https:\/\/bobvarela.com\/wp-content\/flagallery\/celia-vela-primavera-verano-2015\/celia-vela-ss-2015-616.jpg\" alt=\"080 Barcelona Spring-Summer 2015\" \/><img class=\"skip-lazy no-lazyload noLazy\" data-lazy-src=\"\" src =\"https:\/\/bobvarela.com\/wp-content\/flagallery\/celia-vela-primavera-verano-2015\/celia-vela-ss-2015-617.jpg\" alt=\"080 Barcelona Spring-Summer 2015\" \/><img class=\"skip-lazy no-lazyload noLazy\" data-lazy-src=\"\" src =\"https:\/\/bobvarela.com\/wp-content\/flagallery\/celia-vela-primavera-verano-2015\/celia-vela-ss-2015-618.jpg\" alt=\"080 Barcelona Spring-Summer 2015\" \/><img class=\"skip-lazy no-lazyload noLazy\" data-lazy-src=\"\" src =\"https:\/\/bobvarela.com\/wp-content\/flagallery\/celia-vela-primavera-verano-2015\/celia-vela-ss-2015-619.jpg\" alt=\"080 Barcelona Spring-Summer 2015\" \/><img class=\"skip-lazy no-lazyload noLazy\" data-lazy-src=\"\" src =\"https:\/\/bobvarela.com\/wp-content\/flagallery\/celia-vela-primavera-verano-2015\/celia-vela-ss-2015-620.jpg\" alt=\"080 Barcelona Spring-Summer 2015\" \/><img class=\"skip-lazy no-lazyload noLazy\" data-lazy-src=\"\" src =\"https:\/\/bobvarela.com\/wp-content\/flagallery\/celia-vela-primavera-verano-2015\/celia-vela-ss-2015-621.jpg\" alt=\"080 Barcelona Spring-Summer 2015\" \/><img class=\"skip-lazy no-lazyload noLazy\" data-lazy-src=\"\" src =\"https:\/\/bobvarela.com\/wp-content\/flagallery\/celia-vela-primavera-verano-2015\/celia-vela-ss-2015-622.jpg\" alt=\"080 Barcelona Spring-Summer 2015\" \/><img class=\"skip-lazy no-lazyload noLazy\" data-lazy-src=\"\" src =\"https:\/\/bobvarela.com\/wp-content\/flagallery\/celia-vela-primavera-verano-2015\/celia-vela-ss-2015-623.jpg\" alt=\"080 Barcelona Spring-Summer 2015\" \/><img class=\"skip-lazy no-lazyload noLazy\" data-lazy-src=\"\" src =\"https:\/\/bobvarela.com\/wp-content\/flagallery\/celia-vela-primavera-verano-2015\/celia-vela-ss-2015-624.jpg\" alt=\"080 Barcelona Spring-Summer 2015\" \/><img class=\"skip-lazy no-lazyload noLazy\" data-lazy-src=\"\" src =\"https:\/\/bobvarela.com\/wp-content\/flagallery\/celia-vela-primavera-verano-2015\/celia-vela-ss-2015-625.jpg\" alt=\"080 Barcelona Spring-Summer 2015\" \/><\/noscript>\n","protected":false},"excerpt":{"rendered":"<p>Si quer\u00e9is conocer la historia que ha inspirado esta colecci\u00f3n, tendr\u00e9is que ver las fotos jajajaj<\/p>\n<p class=\"more-link-p\"><a class=\"more-link\" href=\"https:\/\/bobvarela.com\/?p=55679\">Read more &rarr;<\/a><\/p>\n","protected":false},"author":1,"featured_media":0,"comment_status":"open","ping_status":"open","sticky":false,"template":"","format":"standard","meta":{"ngg_post_thumbnail":0,"footnotes":""},"categories":[478,4],"tags":[],"class_list":["post-55679","post","type-post","status-publish","format-standard","hentry","category-080-barcelona","category-moda"],"_links":{"self":[{"href":"https:\/\/bobvarela.com\/index.php?rest_route=\/wp\/v2\/posts\/55679","targetHints":{"allow":["GET"]}}],"collection":[{"href":"https:\/\/bobvarela.com\/index.php?rest_route=\/wp\/v2\/posts"}],"about":[{"href":"https:\/\/bobvarela.com\/index.php?rest_route=\/wp\/v2\/types\/post"}],"author":[{"embeddable":true,"href":"https:\/\/bobvarela.com\/index.php?rest_route=\/wp\/v2\/users\/1"}],"replies":[{"embeddable":true,"href":"https:\/\/bobvarela.com\/index.php?rest_route=%2Fwp%2Fv2%2Fcomments&post=55679"}],"version-history":[{"count":1,"href":"https:\/\/bobvarela.com\/index.php?rest_route=\/wp\/v2\/posts\/55679\/revisions"}],"predecessor-version":[{"id":55680,"href":"https:\/\/bobvarela.com\/index.php?rest_route=\/wp\/v2\/posts\/55679\/revisions\/55680"}],"wp:attachment":[{"href":"https:\/\/bobvarela.com\/index.php?rest_route=%2Fwp%2Fv2%2Fmedia&parent=55679"}],"wp:term":[{"taxonomy":"category","embeddable":true,"href":"https:\/\/bobvarela.com\/index.php?rest_route=%2Fwp%2Fv2%2Fcategories&post=55679"},{"taxonomy":"post_tag","embeddable":true,"href":"https:\/\/bobvarela.com\/index.php?rest_route=%2Fwp%2Fv2%2Ftags&post=55679"}],"curies":[{"name":"wp","href":"https:\/\/api.w.org\/{rel}","templated":true}]}}