{"id":55687,"date":"2014-07-08T20:08:43","date_gmt":"2014-07-09T00:08:43","guid":{"rendered":"https:\/\/bobvarela.com\/?p=55687"},"modified":"2014-07-08T20:08:43","modified_gmt":"2014-07-09T00:08:43","slug":"manuel-bolao-primavera-verano-2015-en-el-080-barcelona-fashion","status":"publish","type":"post","link":"https:\/\/bobvarela.com\/?p=55687","title":{"rendered":"Manuel Bola&ntilde;o Primavera Verano 2015 en el 080 Barcelona Fashion"},"content":{"rendered":"<h6 align=\"justify\"><font size=\"3\">COLECCI\u00d3N-&#160; El chico de ojos tristes<\/font><\/h6>\n<p align=\"justify\"><font size=\"3\">Hablemos del primer beso, escondidos del mundo, en un rinc\u00f3n. Dime lo que piensas, de mi vida, de mi adolescencia. En un rinc\u00f3n me curo mis heridas, y mis l\u00e1grimas se perder\u00e1n en la lluvia. Extiendo mi mano, busc\u00e1ndote tocarte, dejando el mundo, limpiando mi cuerpo de tu olor, como un idiota, que busca ritos perdidos. Voy camino de la locura, todo me tortura, pero yo s\u00e9 querer. Ten\u00eda un alma blanca.<\/font><\/p>\n<p align=\"justify\"><div class=\"flagallery photomania_skin\" id=\"FlaGallery_sc1_208\" ><style type=\"text\/css\" class=\"flagallery_skin_style_import\">#FlaGallery_sc1_208 .flagpm_preload {opacity:0;}#FlaGallery_sc1_208 .swiper-big-images img.flagpm_the_photo { max-height:100%; max-width:100%; display:inline; width:auto; height:auto !important; object-fit:unset; vertical-align:middle; border:none; }#FlaGallery_sc1_208 .flagpm_focus .swiper-big-images img.flagpm_the_photo { width:auto; height:auto; object-fit:unset; }#FlaGallery_sc1_208 .swiper-small-images img.flagpm_photo { max-width:none; max-height:none; }#FlaGallery_sc1_208 .swiper-small-images img.flagpm_photo.flagpm_photo_landscape { width:auto; height:100% !important; }#FlaGallery_sc1_208 .swiper-small-images img.flagpm_photo.flagpm_photo_portrait { width:100%; height:auto !important; }#FlaGallery_sc1_208 .flagpm_gallery_sources_list p { margin:7px 0; padding:0; font-size:inherit; }#FlaGallery_sc1_208 .flagpm_photo_details .flagpm_description_wrap a,#FlaGallery_sc1_208 .flagpm_big_button_wrap .flagpm_button.flagpm_like.flagpm_liked,#FlaGallery_sc1_208 .flagpm_big_button_wrap .flagpm_button.flagpm_like.flagpm_liked:hover {color:#0099e5;}#FlaGallery_sc1_208 .flagpm_photo_show .flagpm_big_button {background-color:#0099e5;}#FlaGallery_sc1_208 .swiper-small-images div.flagpm_photo.swiper-slide-active {border-color:#02adea;}#FlaGallery_sc1_208 .flagpm_photo_header .flagpm_name_wrap .flagpm_title_author a:hover,#FlaGallery_sc1_208 .flagpm_photo_details .flagpm_description_wrap a:hover {color:#02adea;}#FlaGallery_sc1_208 .flagpm_photo_show .flagpm_big_button:hover,#FlaGallery_sc1_208 .flagpm_focus_actions ul .flagpm_button.like.flagpm_liked {background-color:#02adea;}<\/style> <div class=\"flagpm_photo_show flagpm_w960 flagpm_w640 flagpm_w480 flagpm_preload\"> <div class=\"flagpm_photo_wrap has_prev_photo has_next_photo\"> <div class=\"swiper-container swiper-big-images\"> <div class=\"flagpm_photo_arrow_next flagpm_photo_arrow flagpm_next\"> <div title=\"Next\" class=\"flagpm_arrow\"><\/div> <\/div> <div class=\"flagpm_photo_arrow_previous flagpm_photo_arrow flagpm_prev\"> <div title=\"Previous\" class=\"flagpm_arrow\"><\/div> <\/div> <div class=\"swiper-wrapper\"><div class=\"swiper-slide\" data-hash=\"flagallery16725\" data-photo-id=\"16725\"><span class=\"flagpm_va\"><\/span><img decoding=\"async\" src=\"https:\/\/bobvarela.com\/wp-content\/flagallery\/manuel-bolano-primavera-verano-2015\/webview\/bolano-002.jpg\" data-src=\"https:\/\/bobvarela.com\/wp-content\/flagallery\/manuel-bolano-primavera-verano-2015\/webview\/bolano-002.jpg\" alt=\"080 Barcelona Spring-Summer 2015\" class=\"noLazy flagpm_the_photo swiper-lazy\"><div class=\"swiper-lazy-preloader swiper-lazy-preloader-black\"><\/div><\/div><div class=\"swiper-slide\" data-hash=\"flagallery16726\" data-photo-id=\"16726\"><span class=\"flagpm_va\"><\/span><img data-src=\"https:\/\/bobvarela.com\/wp-content\/flagallery\/manuel-bolano-primavera-verano-2015\/webview\/bolano-003.jpg\" alt=\"080 Barcelona Spring-Summer 2015\" class=\"noLazy flagpm_the_photo swiper-lazy\"><div class=\"swiper-lazy-preloader swiper-lazy-preloader-black\"><\/div><\/div><div class=\"swiper-slide\" data-hash=\"flagallery16727\" data-photo-id=\"16727\"><span class=\"flagpm_va\"><\/span><img data-src=\"https:\/\/bobvarela.com\/wp-content\/flagallery\/manuel-bolano-primavera-verano-2015\/webview\/bolano-005.jpg\" alt=\"080 Barcelona Spring-Summer 2015\" class=\"noLazy flagpm_the_photo swiper-lazy\"><div class=\"swiper-lazy-preloader swiper-lazy-preloader-black\"><\/div><\/div><div class=\"swiper-slide\" data-hash=\"flagallery16728\" data-photo-id=\"16728\"><span class=\"flagpm_va\"><\/span><img data-src=\"https:\/\/bobvarela.com\/wp-content\/flagallery\/manuel-bolano-primavera-verano-2015\/webview\/bolano-006.jpg\" alt=\"080 Barcelona Spring-Summer 2015\" class=\"noLazy flagpm_the_photo swiper-lazy\"><div class=\"swiper-lazy-preloader swiper-lazy-preloader-black\"><\/div><\/div><div class=\"swiper-slide\" data-hash=\"flagallery16729\" data-photo-id=\"16729\"><span class=\"flagpm_va\"><\/span><img data-src=\"https:\/\/bobvarela.com\/wp-content\/flagallery\/manuel-bolano-primavera-verano-2015\/webview\/bolano-007.jpg\" alt=\"080 Barcelona Spring-Summer 2015\" class=\"noLazy flagpm_the_photo swiper-lazy\"><div class=\"swiper-lazy-preloader swiper-lazy-preloader-black\"><\/div><\/div><div class=\"swiper-slide\" data-hash=\"flagallery16730\" data-photo-id=\"16730\"><span class=\"flagpm_va\"><\/span><img data-src=\"https:\/\/bobvarela.com\/wp-content\/flagallery\/manuel-bolano-primavera-verano-2015\/webview\/bolano-009.jpg\" alt=\"080 Barcelona Spring-Summer 2015\" class=\"noLazy flagpm_the_photo swiper-lazy\"><div class=\"swiper-lazy-preloader swiper-lazy-preloader-black\"><\/div><\/div><div class=\"swiper-slide\" data-hash=\"flagallery16731\" data-photo-id=\"16731\"><span class=\"flagpm_va\"><\/span><img data-src=\"https:\/\/bobvarela.com\/wp-content\/flagallery\/manuel-bolano-primavera-verano-2015\/webview\/bolano-010.jpg\" alt=\"080 Barcelona Spring-Summer 2015\" class=\"noLazy flagpm_the_photo swiper-lazy\"><div class=\"swiper-lazy-preloader swiper-lazy-preloader-black\"><\/div><\/div><div class=\"swiper-slide\" data-hash=\"flagallery16732\" data-photo-id=\"16732\"><span class=\"flagpm_va\"><\/span><img data-src=\"https:\/\/bobvarela.com\/wp-content\/flagallery\/manuel-bolano-primavera-verano-2015\/webview\/bolano-012.jpg\" alt=\"080 Barcelona Spring-Summer 2015\" class=\"noLazy flagpm_the_photo swiper-lazy\"><div class=\"swiper-lazy-preloader swiper-lazy-preloader-black\"><\/div><\/div><div class=\"swiper-slide\" data-hash=\"flagallery16733\" data-photo-id=\"16733\"><span class=\"flagpm_va\"><\/span><img data-src=\"https:\/\/bobvarela.com\/wp-content\/flagallery\/manuel-bolano-primavera-verano-2015\/webview\/bolano-014.jpg\" alt=\"080 Barcelona Spring-Summer 2015\" class=\"noLazy flagpm_the_photo swiper-lazy\"><div class=\"swiper-lazy-preloader swiper-lazy-preloader-black\"><\/div><\/div><div class=\"swiper-slide\" data-hash=\"flagallery16734\" data-photo-id=\"16734\"><span class=\"flagpm_va\"><\/span><img data-src=\"https:\/\/bobvarela.com\/wp-content\/flagallery\/manuel-bolano-primavera-verano-2015\/webview\/bolano-015.jpg\" alt=\"080 Barcelona Spring-Summer 2015\" class=\"noLazy flagpm_the_photo swiper-lazy\"><div class=\"swiper-lazy-preloader swiper-lazy-preloader-black\"><\/div><\/div><div class=\"swiper-slide\" data-hash=\"flagallery16735\" data-photo-id=\"16735\"><span class=\"flagpm_va\"><\/span><img data-src=\"https:\/\/bobvarela.com\/wp-content\/flagallery\/manuel-bolano-primavera-verano-2015\/webview\/bolano-017.jpg\" alt=\"080 Barcelona Spring-Summer 2015\" class=\"noLazy flagpm_the_photo swiper-lazy\"><div class=\"swiper-lazy-preloader swiper-lazy-preloader-black\"><\/div><\/div><div class=\"swiper-slide\" data-hash=\"flagallery16736\" data-photo-id=\"16736\"><span class=\"flagpm_va\"><\/span><img data-src=\"https:\/\/bobvarela.com\/wp-content\/flagallery\/manuel-bolano-primavera-verano-2015\/webview\/bolano-018.jpg\" alt=\"080 Barcelona Spring-Summer 2015\" class=\"noLazy flagpm_the_photo swiper-lazy\"><div class=\"swiper-lazy-preloader swiper-lazy-preloader-black\"><\/div><\/div><div class=\"swiper-slide\" data-hash=\"flagallery16737\" data-photo-id=\"16737\"><span class=\"flagpm_va\"><\/span><img data-src=\"https:\/\/bobvarela.com\/wp-content\/flagallery\/manuel-bolano-primavera-verano-2015\/webview\/bolano-020.jpg\" alt=\"080 Barcelona Spring-Summer 2015\" class=\"noLazy flagpm_the_photo swiper-lazy\"><div class=\"swiper-lazy-preloader swiper-lazy-preloader-black\"><\/div><\/div><div class=\"swiper-slide\" data-hash=\"flagallery16738\" data-photo-id=\"16738\"><span class=\"flagpm_va\"><\/span><img data-src=\"https:\/\/bobvarela.com\/wp-content\/flagallery\/manuel-bolano-primavera-verano-2015\/webview\/bolano-021.jpg\" alt=\"080 Barcelona Spring-Summer 2015\" class=\"noLazy flagpm_the_photo swiper-lazy\"><div class=\"swiper-lazy-preloader swiper-lazy-preloader-black\"><\/div><\/div><div class=\"swiper-slide\" data-hash=\"flagallery16739\" data-photo-id=\"16739\"><span class=\"flagpm_va\"><\/span><img data-src=\"https:\/\/bobvarela.com\/wp-content\/flagallery\/manuel-bolano-primavera-verano-2015\/webview\/bolano-023.jpg\" alt=\"080 Barcelona Spring-Summer 2015\" class=\"noLazy flagpm_the_photo swiper-lazy\"><div class=\"swiper-lazy-preloader swiper-lazy-preloader-black\"><\/div><\/div><div class=\"swiper-slide\" data-hash=\"flagallery16740\" data-photo-id=\"16740\"><span class=\"flagpm_va\"><\/span><img data-src=\"https:\/\/bobvarela.com\/wp-content\/flagallery\/manuel-bolano-primavera-verano-2015\/webview\/bolano-024.jpg\" alt=\"080 Barcelona Spring-Summer 2015\" class=\"noLazy flagpm_the_photo swiper-lazy\"><div class=\"swiper-lazy-preloader swiper-lazy-preloader-black\"><\/div><\/div><div class=\"swiper-slide\" data-hash=\"flagallery16741\" data-photo-id=\"16741\"><span class=\"flagpm_va\"><\/span><img data-src=\"https:\/\/bobvarela.com\/wp-content\/flagallery\/manuel-bolano-primavera-verano-2015\/webview\/bolano-026.jpg\" alt=\"080 Barcelona Spring-Summer 2015\" class=\"noLazy flagpm_the_photo swiper-lazy\"><div class=\"swiper-lazy-preloader swiper-lazy-preloader-black\"><\/div><\/div><div class=\"swiper-slide\" data-hash=\"flagallery16742\" data-photo-id=\"16742\"><span class=\"flagpm_va\"><\/span><img data-src=\"https:\/\/bobvarela.com\/wp-content\/flagallery\/manuel-bolano-primavera-verano-2015\/webview\/bolano-027.jpg\" alt=\"080 Barcelona Spring-Summer 2015\" class=\"noLazy flagpm_the_photo swiper-lazy\"><div class=\"swiper-lazy-preloader swiper-lazy-preloader-black\"><\/div><\/div><div class=\"swiper-slide\" data-hash=\"flagallery16743\" data-photo-id=\"16743\"><span class=\"flagpm_va\"><\/span><img data-src=\"https:\/\/bobvarela.com\/wp-content\/flagallery\/manuel-bolano-primavera-verano-2015\/webview\/bolano-028.jpg\" alt=\"080 Barcelona Spring-Summer 2015\" class=\"noLazy flagpm_the_photo swiper-lazy\"><div class=\"swiper-lazy-preloader swiper-lazy-preloader-black\"><\/div><\/div><div class=\"swiper-slide\" data-hash=\"flagallery16744\" data-photo-id=\"16744\"><span class=\"flagpm_va\"><\/span><img data-src=\"https:\/\/bobvarela.com\/wp-content\/flagallery\/manuel-bolano-primavera-verano-2015\/webview\/bolano-030.jpg\" alt=\"080 Barcelona Spring-Summer 2015\" class=\"noLazy flagpm_the_photo swiper-lazy\"><div class=\"swiper-lazy-preloader swiper-lazy-preloader-black\"><\/div><\/div><div class=\"swiper-slide\" data-hash=\"flagallery16745\" data-photo-id=\"16745\"><span class=\"flagpm_va\"><\/span><img data-src=\"https:\/\/bobvarela.com\/wp-content\/flagallery\/manuel-bolano-primavera-verano-2015\/webview\/bolano-031.jpg\" alt=\"080 Barcelona Spring-Summer 2015\" class=\"noLazy flagpm_the_photo swiper-lazy\"><div class=\"swiper-lazy-preloader swiper-lazy-preloader-black\"><\/div><\/div><div class=\"swiper-slide\" data-hash=\"flagallery16746\" data-photo-id=\"16746\"><span class=\"flagpm_va\"><\/span><img data-src=\"https:\/\/bobvarela.com\/wp-content\/flagallery\/manuel-bolano-primavera-verano-2015\/webview\/bolano-032.jpg\" alt=\"080 Barcelona Spring-Summer 2015\" class=\"noLazy flagpm_the_photo swiper-lazy\"><div class=\"swiper-lazy-preloader swiper-lazy-preloader-black\"><\/div><\/div><div class=\"swiper-slide\" data-hash=\"flagallery16747\" data-photo-id=\"16747\"><span class=\"flagpm_va\"><\/span><img data-src=\"https:\/\/bobvarela.com\/wp-content\/flagallery\/manuel-bolano-primavera-verano-2015\/webview\/bolano-034.jpg\" alt=\"080 Barcelona Spring-Summer 2015\" class=\"noLazy flagpm_the_photo swiper-lazy\"><div class=\"swiper-lazy-preloader swiper-lazy-preloader-black\"><\/div><\/div><div class=\"swiper-slide\" data-hash=\"flagallery16748\" data-photo-id=\"16748\"><span class=\"flagpm_va\"><\/span><img data-src=\"https:\/\/bobvarela.com\/wp-content\/flagallery\/manuel-bolano-primavera-verano-2015\/webview\/bolano-035.jpg\" alt=\"080 Barcelona Spring-Summer 2015\" class=\"noLazy flagpm_the_photo swiper-lazy\"><div class=\"swiper-lazy-preloader swiper-lazy-preloader-black\"><\/div><\/div><div class=\"swiper-slide\" data-hash=\"flagallery16749\" data-photo-id=\"16749\"><span class=\"flagpm_va\"><\/span><img data-src=\"https:\/\/bobvarela.com\/wp-content\/flagallery\/manuel-bolano-primavera-verano-2015\/webview\/bolano-037.jpg\" alt=\"080 Barcelona Spring-Summer 2015\" class=\"noLazy flagpm_the_photo swiper-lazy\"><div class=\"swiper-lazy-preloader swiper-lazy-preloader-black\"><\/div><\/div><div class=\"swiper-slide\" data-hash=\"flagallery16750\" data-photo-id=\"16750\"><span class=\"flagpm_va\"><\/span><img data-src=\"https:\/\/bobvarela.com\/wp-content\/flagallery\/manuel-bolano-primavera-verano-2015\/webview\/bolano-038.jpg\" alt=\"080 Barcelona Spring-Summer 2015\" class=\"noLazy flagpm_the_photo swiper-lazy\"><div class=\"swiper-lazy-preloader swiper-lazy-preloader-black\"><\/div><\/div><div class=\"swiper-slide\" data-hash=\"flagallery16751\" data-photo-id=\"16751\"><span class=\"flagpm_va\"><\/span><img data-src=\"https:\/\/bobvarela.com\/wp-content\/flagallery\/manuel-bolano-primavera-verano-2015\/webview\/bolano-039.jpg\" alt=\"080 Barcelona Spring-Summer 2015\" class=\"noLazy flagpm_the_photo swiper-lazy\"><div class=\"swiper-lazy-preloader swiper-lazy-preloader-black\"><\/div><\/div><div class=\"swiper-slide\" data-hash=\"flagallery16752\" data-photo-id=\"16752\"><span class=\"flagpm_va\"><\/span><img data-src=\"https:\/\/bobvarela.com\/wp-content\/flagallery\/manuel-bolano-primavera-verano-2015\/webview\/bolano-041.jpg\" alt=\"080 Barcelona Spring-Summer 2015\" class=\"noLazy flagpm_the_photo swiper-lazy\"><div class=\"swiper-lazy-preloader swiper-lazy-preloader-black\"><\/div><\/div><div class=\"swiper-slide\" data-hash=\"flagallery16753\" data-photo-id=\"16753\"><span class=\"flagpm_va\"><\/span><img data-src=\"https:\/\/bobvarela.com\/wp-content\/flagallery\/manuel-bolano-primavera-verano-2015\/webview\/bolano-042.jpg\" alt=\"080 Barcelona Spring-Summer 2015\" class=\"noLazy flagpm_the_photo swiper-lazy\"><div class=\"swiper-lazy-preloader swiper-lazy-preloader-black\"><\/div><\/div><div class=\"swiper-slide\" data-hash=\"flagallery16754\" data-photo-id=\"16754\"><span class=\"flagpm_va\"><\/span><img data-src=\"https:\/\/bobvarela.com\/wp-content\/flagallery\/manuel-bolano-primavera-verano-2015\/webview\/bolano-044.jpg\" alt=\"080 Barcelona Spring-Summer 2015\" class=\"noLazy flagpm_the_photo swiper-lazy\"><div class=\"swiper-lazy-preloader swiper-lazy-preloader-black\"><\/div><\/div><div class=\"swiper-slide\" data-hash=\"flagallery16755\" data-photo-id=\"16755\"><span class=\"flagpm_va\"><\/span><img data-src=\"https:\/\/bobvarela.com\/wp-content\/flagallery\/manuel-bolano-primavera-verano-2015\/webview\/bolano-045.jpg\" alt=\"080 Barcelona Spring-Summer 2015\" class=\"noLazy flagpm_the_photo swiper-lazy\"><div class=\"swiper-lazy-preloader swiper-lazy-preloader-black\"><\/div><\/div><div class=\"swiper-slide\" data-hash=\"flagallery16756\" data-photo-id=\"16756\"><span class=\"flagpm_va\"><\/span><img data-src=\"https:\/\/bobvarela.com\/wp-content\/flagallery\/manuel-bolano-primavera-verano-2015\/webview\/bolano-046.jpg\" alt=\"080 Barcelona Spring-Summer 2015\" class=\"noLazy flagpm_the_photo swiper-lazy\"><div class=\"swiper-lazy-preloader swiper-lazy-preloader-black\"><\/div><\/div><div class=\"swiper-slide\" data-hash=\"flagallery16757\" data-photo-id=\"16757\"><span class=\"flagpm_va\"><\/span><img data-src=\"https:\/\/bobvarela.com\/wp-content\/flagallery\/manuel-bolano-primavera-verano-2015\/webview\/bolano-048.jpg\" alt=\"080 Barcelona Spring-Summer 2015\" class=\"noLazy flagpm_the_photo swiper-lazy\"><div class=\"swiper-lazy-preloader swiper-lazy-preloader-black\"><\/div><\/div><div class=\"swiper-slide\" data-hash=\"flagallery16758\" data-photo-id=\"16758\"><span class=\"flagpm_va\"><\/span><img data-src=\"https:\/\/bobvarela.com\/wp-content\/flagallery\/manuel-bolano-primavera-verano-2015\/webview\/bolano-049.jpg\" alt=\"080 Barcelona Spring-Summer 2015\" class=\"noLazy flagpm_the_photo swiper-lazy\"><div class=\"swiper-lazy-preloader swiper-lazy-preloader-black\"><\/div><\/div><div class=\"swiper-slide\" data-hash=\"flagallery16759\" data-photo-id=\"16759\"><span class=\"flagpm_va\"><\/span><img data-src=\"https:\/\/bobvarela.com\/wp-content\/flagallery\/manuel-bolano-primavera-verano-2015\/webview\/bolano-050.jpg\" alt=\"080 Barcelona Spring-Summer 2015\" class=\"noLazy flagpm_the_photo swiper-lazy\"><div class=\"swiper-lazy-preloader swiper-lazy-preloader-black\"><\/div><\/div><div class=\"swiper-slide\" data-hash=\"flagallery16760\" data-photo-id=\"16760\"><span class=\"flagpm_va\"><\/span><img data-src=\"https:\/\/bobvarela.com\/wp-content\/flagallery\/manuel-bolano-primavera-verano-2015\/webview\/bolano-052.jpg\" alt=\"080 Barcelona Spring-Summer 2015\" class=\"noLazy flagpm_the_photo swiper-lazy\"><div class=\"swiper-lazy-preloader swiper-lazy-preloader-black\"><\/div><\/div><div class=\"swiper-slide\" data-hash=\"flagallery16761\" data-photo-id=\"16761\"><span class=\"flagpm_va\"><\/span><img data-src=\"https:\/\/bobvarela.com\/wp-content\/flagallery\/manuel-bolano-primavera-verano-2015\/webview\/bolano-053.jpg\" alt=\"080 Barcelona Spring-Summer 2015\" class=\"noLazy flagpm_the_photo swiper-lazy\"><div class=\"swiper-lazy-preloader swiper-lazy-preloader-black\"><\/div><\/div><div class=\"swiper-slide\" data-hash=\"flagallery16762\" data-photo-id=\"16762\"><span class=\"flagpm_va\"><\/span><img data-src=\"https:\/\/bobvarela.com\/wp-content\/flagallery\/manuel-bolano-primavera-verano-2015\/webview\/bolano-054.jpg\" alt=\"080 Barcelona Spring-Summer 2015\" class=\"noLazy flagpm_the_photo swiper-lazy\"><div class=\"swiper-lazy-preloader swiper-lazy-preloader-black\"><\/div><\/div><div class=\"swiper-slide\" data-hash=\"flagallery16763\" data-photo-id=\"16763\"><span class=\"flagpm_va\"><\/span><img data-src=\"https:\/\/bobvarela.com\/wp-content\/flagallery\/manuel-bolano-primavera-verano-2015\/webview\/bolano-056.jpg\" alt=\"080 Barcelona Spring-Summer 2015\" class=\"noLazy flagpm_the_photo swiper-lazy\"><div class=\"swiper-lazy-preloader swiper-lazy-preloader-black\"><\/div><\/div><div class=\"swiper-slide\" data-hash=\"flagallery16764\" data-photo-id=\"16764\"><span class=\"flagpm_va\"><\/span><img data-src=\"https:\/\/bobvarela.com\/wp-content\/flagallery\/manuel-bolano-primavera-verano-2015\/webview\/bolano-057.jpg\" alt=\"080 Barcelona Spring-Summer 2015\" class=\"noLazy flagpm_the_photo swiper-lazy\"><div class=\"swiper-lazy-preloader swiper-lazy-preloader-black\"><\/div><\/div><div class=\"swiper-slide\" data-hash=\"flagallery16765\" data-photo-id=\"16765\"><span class=\"flagpm_va\"><\/span><img data-src=\"https:\/\/bobvarela.com\/wp-content\/flagallery\/manuel-bolano-primavera-verano-2015\/webview\/bolano-059.jpg\" alt=\"080 Barcelona Spring-Summer 2015\" class=\"noLazy flagpm_the_photo swiper-lazy\"><div class=\"swiper-lazy-preloader swiper-lazy-preloader-black\"><\/div><\/div><div class=\"swiper-slide\" data-hash=\"flagallery16766\" data-photo-id=\"16766\"><span class=\"flagpm_va\"><\/span><img data-src=\"https:\/\/bobvarela.com\/wp-content\/flagallery\/manuel-bolano-primavera-verano-2015\/webview\/bolano-061.jpg\" alt=\"080 Barcelona Spring-Summer 2015\" class=\"noLazy flagpm_the_photo swiper-lazy\"><div class=\"swiper-lazy-preloader swiper-lazy-preloader-black\"><\/div><\/div><div class=\"swiper-slide\" data-hash=\"flagallery16767\" data-photo-id=\"16767\"><span class=\"flagpm_va\"><\/span><img data-src=\"https:\/\/bobvarela.com\/wp-content\/flagallery\/manuel-bolano-primavera-verano-2015\/webview\/bolano-063.jpg\" alt=\"080 Barcelona Spring-Summer 2015\" class=\"noLazy flagpm_the_photo swiper-lazy\"><div class=\"swiper-lazy-preloader swiper-lazy-preloader-black\"><\/div><\/div><div class=\"swiper-slide\" data-hash=\"flagallery16768\" data-photo-id=\"16768\"><span class=\"flagpm_va\"><\/span><img data-src=\"https:\/\/bobvarela.com\/wp-content\/flagallery\/manuel-bolano-primavera-verano-2015\/webview\/bolano-065.jpg\" alt=\"080 Barcelona Spring-Summer 2015\" class=\"noLazy flagpm_the_photo swiper-lazy\"><div class=\"swiper-lazy-preloader swiper-lazy-preloader-black\"><\/div><\/div><div class=\"swiper-slide\" data-hash=\"flagallery16769\" data-photo-id=\"16769\"><span class=\"flagpm_va\"><\/span><img data-src=\"https:\/\/bobvarela.com\/wp-content\/flagallery\/manuel-bolano-primavera-verano-2015\/webview\/bolano-066.jpg\" alt=\"080 Barcelona Spring-Summer 2015\" class=\"noLazy flagpm_the_photo swiper-lazy\"><div class=\"swiper-lazy-preloader swiper-lazy-preloader-black\"><\/div><\/div><div class=\"swiper-slide\" data-hash=\"flagallery16770\" data-photo-id=\"16770\"><span class=\"flagpm_va\"><\/span><img data-src=\"https:\/\/bobvarela.com\/wp-content\/flagallery\/manuel-bolano-primavera-verano-2015\/webview\/bolano-067.jpg\" alt=\"080 Barcelona Spring-Summer 2015\" class=\"noLazy flagpm_the_photo swiper-lazy\"><div class=\"swiper-lazy-preloader swiper-lazy-preloader-black\"><\/div><\/div><div class=\"swiper-slide\" data-hash=\"flagallery16771\" data-photo-id=\"16771\"><span class=\"flagpm_va\"><\/span><img data-src=\"https:\/\/bobvarela.com\/wp-content\/flagallery\/manuel-bolano-primavera-verano-2015\/webview\/bolano-069.jpg\" alt=\"080 Barcelona Spring-Summer 2015\" class=\"noLazy flagpm_the_photo swiper-lazy\"><div class=\"swiper-lazy-preloader swiper-lazy-preloader-black\"><\/div><\/div><div class=\"swiper-slide\" data-hash=\"flagallery16772\" data-photo-id=\"16772\"><span class=\"flagpm_va\"><\/span><img data-src=\"https:\/\/bobvarela.com\/wp-content\/flagallery\/manuel-bolano-primavera-verano-2015\/webview\/bolano-070.jpg\" alt=\"080 Barcelona Spring-Summer 2015\" class=\"noLazy flagpm_the_photo swiper-lazy\"><div class=\"swiper-lazy-preloader swiper-lazy-preloader-black\"><\/div><\/div><div class=\"swiper-slide\" data-hash=\"flagallery16773\" data-photo-id=\"16773\"><span class=\"flagpm_va\"><\/span><img data-src=\"https:\/\/bobvarela.com\/wp-content\/flagallery\/manuel-bolano-primavera-verano-2015\/webview\/bolano-071.jpg\" alt=\"080 Barcelona Spring-Summer 2015\" class=\"noLazy flagpm_the_photo swiper-lazy\"><div class=\"swiper-lazy-preloader swiper-lazy-preloader-black\"><\/div><\/div><div class=\"swiper-slide\" data-hash=\"flagallery16774\" data-photo-id=\"16774\"><span class=\"flagpm_va\"><\/span><img data-src=\"https:\/\/bobvarela.com\/wp-content\/flagallery\/manuel-bolano-primavera-verano-2015\/webview\/bolano-072.jpg\" alt=\"080 Barcelona Spring-Summer 2015\" class=\"noLazy flagpm_the_photo swiper-lazy\"><div class=\"swiper-lazy-preloader swiper-lazy-preloader-black\"><\/div><\/div><div class=\"swiper-slide\" data-hash=\"flagallery16775\" data-photo-id=\"16775\"><span class=\"flagpm_va\"><\/span><img data-src=\"https:\/\/bobvarela.com\/wp-content\/flagallery\/manuel-bolano-primavera-verano-2015\/webview\/bolano-074.jpg\" alt=\"080 Barcelona Spring-Summer 2015\" class=\"noLazy flagpm_the_photo swiper-lazy\"><div class=\"swiper-lazy-preloader swiper-lazy-preloader-black\"><\/div><\/div><div class=\"swiper-slide\" data-hash=\"flagallery16776\" data-photo-id=\"16776\"><span class=\"flagpm_va\"><\/span><img data-src=\"https:\/\/bobvarela.com\/wp-content\/flagallery\/manuel-bolano-primavera-verano-2015\/webview\/bolano-076.jpg\" alt=\"080 Barcelona Spring-Summer 2015\" class=\"noLazy flagpm_the_photo swiper-lazy\"><div class=\"swiper-lazy-preloader swiper-lazy-preloader-black\"><\/div><\/div><div class=\"swiper-slide\" data-hash=\"flagallery16777\" data-photo-id=\"16777\"><span class=\"flagpm_va\"><\/span><img data-src=\"https:\/\/bobvarela.com\/wp-content\/flagallery\/manuel-bolano-primavera-verano-2015\/webview\/bolano-078.jpg\" alt=\"080 Barcelona Spring-Summer 2015\" class=\"noLazy flagpm_the_photo swiper-lazy\"><div class=\"swiper-lazy-preloader swiper-lazy-preloader-black\"><\/div><\/div><div class=\"swiper-slide\" data-hash=\"flagallery16778\" data-photo-id=\"16778\"><span class=\"flagpm_va\"><\/span><img data-src=\"https:\/\/bobvarela.com\/wp-content\/flagallery\/manuel-bolano-primavera-verano-2015\/webview\/bolano-079.jpg\" alt=\"080 Barcelona Spring-Summer 2015\" class=\"noLazy flagpm_the_photo swiper-lazy\"><div class=\"swiper-lazy-preloader swiper-lazy-preloader-black\"><\/div><\/div><div class=\"swiper-slide\" data-hash=\"flagallery16779\" data-photo-id=\"16779\"><span class=\"flagpm_va\"><\/span><img data-src=\"https:\/\/bobvarela.com\/wp-content\/flagallery\/manuel-bolano-primavera-verano-2015\/webview\/bolano-080.jpg\" alt=\"080 Barcelona Spring-Summer 2015\" class=\"noLazy flagpm_the_photo swiper-lazy\"><div class=\"swiper-lazy-preloader swiper-lazy-preloader-black\"><\/div><\/div><div class=\"swiper-slide\" data-hash=\"flagallery16780\" data-photo-id=\"16780\"><span class=\"flagpm_va\"><\/span><img data-src=\"https:\/\/bobvarela.com\/wp-content\/flagallery\/manuel-bolano-primavera-verano-2015\/webview\/bolano-081.jpg\" alt=\"080 Barcelona Spring-Summer 2015\" class=\"noLazy flagpm_the_photo swiper-lazy\"><div class=\"swiper-lazy-preloader swiper-lazy-preloader-black\"><\/div><\/div><div class=\"swiper-slide\" data-hash=\"flagallery16781\" data-photo-id=\"16781\"><span class=\"flagpm_va\"><\/span><img data-src=\"https:\/\/bobvarela.com\/wp-content\/flagallery\/manuel-bolano-primavera-verano-2015\/webview\/bolano-083.jpg\" alt=\"080 Barcelona Spring-Summer 2015\" class=\"noLazy flagpm_the_photo swiper-lazy\"><div class=\"swiper-lazy-preloader swiper-lazy-preloader-black\"><\/div><\/div><div class=\"swiper-slide\" data-hash=\"flagallery16782\" data-photo-id=\"16782\"><span class=\"flagpm_va\"><\/span><img data-src=\"https:\/\/bobvarela.com\/wp-content\/flagallery\/manuel-bolano-primavera-verano-2015\/webview\/bolano-084.jpg\" alt=\"080 Barcelona Spring-Summer 2015\" class=\"noLazy flagpm_the_photo swiper-lazy\"><div class=\"swiper-lazy-preloader swiper-lazy-preloader-black\"><\/div><\/div><div class=\"swiper-slide\" data-hash=\"flagallery16783\" data-photo-id=\"16783\"><span class=\"flagpm_va\"><\/span><img data-src=\"https:\/\/bobvarela.com\/wp-content\/flagallery\/manuel-bolano-primavera-verano-2015\/webview\/bolano-086.jpg\" alt=\"080 Barcelona Spring-Summer 2015\" class=\"noLazy flagpm_the_photo swiper-lazy\"><div class=\"swiper-lazy-preloader swiper-lazy-preloader-black\"><\/div><\/div><div class=\"swiper-slide\" data-hash=\"flagallery16784\" data-photo-id=\"16784\"><span class=\"flagpm_va\"><\/span><img data-src=\"https:\/\/bobvarela.com\/wp-content\/flagallery\/manuel-bolano-primavera-verano-2015\/webview\/bolano-088.jpg\" alt=\"080 Barcelona Spring-Summer 2015\" class=\"noLazy flagpm_the_photo swiper-lazy\"><div class=\"swiper-lazy-preloader swiper-lazy-preloader-black\"><\/div><\/div> <\/div> <\/div> <\/div> <div class=\"flagpm_photo_header\"> <div class=\"flagpm_wrapper flagpm_clearfix\"> <div class=\"flagpm_focus_actions\"> <ul class=\"flagpm_focus_share\"> <li style=\"list-style:none;\" class=\"flagpm_share_wrapper\"> <a class=\"flagpm_button flagpm_share\">Share<\/a> <ul class=\"flagpm_sharelizers flagpm_clearfix\"> <li style=\"list-style:none;\"><a class=\"flagpm_button flagpm_facebook flagpm_sharelizer\">Facebook<\/a><\/li> <li style=\"list-style:none;\"><a class=\"flagpm_button flagpm_twitter flagpm_sharelizer\">Twitter<\/a><\/li> <li style=\"list-style:none;\"><a class=\"flagpm_button flagpm_pinterest flagpm_sharelizer\">Pinterest<\/a><\/li> <li style=\"list-style:none;\"><a class=\"flagpm_button flagpm_stumbleupon flagpm_sharelizer\">StumbleUpon<\/a><\/li> <\/ul> <\/li> <\/ul> <ul class=\"flagpm_focus_like_fave flagpm_clearfix\"> <li style=\"list-style:none;\"><a class=\"flagpm_button flagpm_like\">Like<\/a><\/li> <\/ul> <ul class=\"flagpm_focus_arrows flagpm_clearfix\"> <li style=\"list-style:none;\"><a class=\"flagpm_button flagpm_photo_arrow_previous flagpm_prev\">Previous<\/a><\/li> <li style=\"list-style:none;\"><a class=\"flagpm_button flagpm_photo_arrow_next flagpm_next\">Next<\/a><\/li> <\/ul> <\/div> <div class=\"flagpm_name_wrap flagpm_clearfix flagpm_no_avatar\"> <div class=\"flagpm_title_author\"> <div class=\"flagpm_title\">080 Barcelona Spring-Summer 2015<\/div> <\/div> <\/div> <div class=\"flagpm_actions flagpm_clearfix\"> <div class=\"flagpm_carousel flagpm_has_previous flagpm_has_next\"> <div class=\"flagpm_previous_button\"><\/div> <div class=\"flagpm_photo_carousel\"> <div class=\"swiper-container swiper-small-images\"> <div class=\"swiper-wrapper\"><div class=\"swiper-slide flagpm_photo\" data-photo-id=\"16725\"><img decoding=\"async\" src=\"https:\/\/bobvarela.com\/wp-content\/flagallery\/manuel-bolano-primavera-verano-2015\/thumbs\/thumbs_bolano-002.jpg\" data-src=\"https:\/\/bobvarela.com\/wp-content\/flagallery\/manuel-bolano-primavera-verano-2015\/thumbs\/thumbs_bolano-002.jpg\" alt=\"080 Barcelona Spring-Summer 2015\" class=\"noLazy flagpm_photo swiper-lazy flagpm_photo_portrait\"><span class=\"swiper-lazy-preloader swiper-lazy-preloader-black\"><\/span><\/div><div class=\"swiper-slide flagpm_photo\" data-photo-id=\"16726\"><img data-src=\"https:\/\/bobvarela.com\/wp-content\/flagallery\/manuel-bolano-primavera-verano-2015\/thumbs\/thumbs_bolano-003.jpg\" alt=\"080 Barcelona Spring-Summer 2015\" class=\"noLazy flagpm_photo swiper-lazy flagpm_photo_portrait\"><span class=\"swiper-lazy-preloader swiper-lazy-preloader-black\"><\/span><\/div><div class=\"swiper-slide flagpm_photo\" data-photo-id=\"16727\"><img data-src=\"https:\/\/bobvarela.com\/wp-content\/flagallery\/manuel-bolano-primavera-verano-2015\/thumbs\/thumbs_bolano-005.jpg\" alt=\"080 Barcelona Spring-Summer 2015\" class=\"noLazy flagpm_photo swiper-lazy flagpm_photo_portrait\"><span class=\"swiper-lazy-preloader swiper-lazy-preloader-black\"><\/span><\/div><div class=\"swiper-slide flagpm_photo\" data-photo-id=\"16728\"><img data-src=\"https:\/\/bobvarela.com\/wp-content\/flagallery\/manuel-bolano-primavera-verano-2015\/thumbs\/thumbs_bolano-006.jpg\" alt=\"080 Barcelona Spring-Summer 2015\" class=\"noLazy flagpm_photo swiper-lazy flagpm_photo_portrait\"><span class=\"swiper-lazy-preloader swiper-lazy-preloader-black\"><\/span><\/div><div class=\"swiper-slide flagpm_photo\" data-photo-id=\"16729\"><img data-src=\"https:\/\/bobvarela.com\/wp-content\/flagallery\/manuel-bolano-primavera-verano-2015\/thumbs\/thumbs_bolano-007.jpg\" alt=\"080 Barcelona Spring-Summer 2015\" class=\"noLazy flagpm_photo swiper-lazy flagpm_photo_portrait\"><span class=\"swiper-lazy-preloader swiper-lazy-preloader-black\"><\/span><\/div><div class=\"swiper-slide flagpm_photo\" data-photo-id=\"16730\"><img data-src=\"https:\/\/bobvarela.com\/wp-content\/flagallery\/manuel-bolano-primavera-verano-2015\/thumbs\/thumbs_bolano-009.jpg\" alt=\"080 Barcelona Spring-Summer 2015\" class=\"noLazy flagpm_photo swiper-lazy flagpm_photo_portrait\"><span class=\"swiper-lazy-preloader swiper-lazy-preloader-black\"><\/span><\/div><div class=\"swiper-slide flagpm_photo\" data-photo-id=\"16731\"><img data-src=\"https:\/\/bobvarela.com\/wp-content\/flagallery\/manuel-bolano-primavera-verano-2015\/thumbs\/thumbs_bolano-010.jpg\" alt=\"080 Barcelona Spring-Summer 2015\" class=\"noLazy flagpm_photo swiper-lazy flagpm_photo_portrait\"><span class=\"swiper-lazy-preloader swiper-lazy-preloader-black\"><\/span><\/div><div class=\"swiper-slide flagpm_photo\" data-photo-id=\"16732\"><img data-src=\"https:\/\/bobvarela.com\/wp-content\/flagallery\/manuel-bolano-primavera-verano-2015\/thumbs\/thumbs_bolano-012.jpg\" alt=\"080 Barcelona Spring-Summer 2015\" class=\"noLazy flagpm_photo swiper-lazy flagpm_photo_portrait\"><span class=\"swiper-lazy-preloader swiper-lazy-preloader-black\"><\/span><\/div><div class=\"swiper-slide flagpm_photo\" data-photo-id=\"16733\"><img data-src=\"https:\/\/bobvarela.com\/wp-content\/flagallery\/manuel-bolano-primavera-verano-2015\/thumbs\/thumbs_bolano-014.jpg\" alt=\"080 Barcelona Spring-Summer 2015\" class=\"noLazy flagpm_photo swiper-lazy flagpm_photo_portrait\"><span class=\"swiper-lazy-preloader swiper-lazy-preloader-black\"><\/span><\/div><div class=\"swiper-slide flagpm_photo\" data-photo-id=\"16734\"><img data-src=\"https:\/\/bobvarela.com\/wp-content\/flagallery\/manuel-bolano-primavera-verano-2015\/thumbs\/thumbs_bolano-015.jpg\" alt=\"080 Barcelona Spring-Summer 2015\" class=\"noLazy flagpm_photo swiper-lazy flagpm_photo_portrait\"><span class=\"swiper-lazy-preloader swiper-lazy-preloader-black\"><\/span><\/div><div class=\"swiper-slide flagpm_photo\" data-photo-id=\"16735\"><img data-src=\"https:\/\/bobvarela.com\/wp-content\/flagallery\/manuel-bolano-primavera-verano-2015\/thumbs\/thumbs_bolano-017.jpg\" alt=\"080 Barcelona Spring-Summer 2015\" class=\"noLazy flagpm_photo swiper-lazy flagpm_photo_portrait\"><span class=\"swiper-lazy-preloader swiper-lazy-preloader-black\"><\/span><\/div><div class=\"swiper-slide flagpm_photo\" data-photo-id=\"16736\"><img data-src=\"https:\/\/bobvarela.com\/wp-content\/flagallery\/manuel-bolano-primavera-verano-2015\/thumbs\/thumbs_bolano-018.jpg\" alt=\"080 Barcelona Spring-Summer 2015\" class=\"noLazy flagpm_photo swiper-lazy flagpm_photo_portrait\"><span class=\"swiper-lazy-preloader swiper-lazy-preloader-black\"><\/span><\/div><div class=\"swiper-slide flagpm_photo\" data-photo-id=\"16737\"><img data-src=\"https:\/\/bobvarela.com\/wp-content\/flagallery\/manuel-bolano-primavera-verano-2015\/thumbs\/thumbs_bolano-020.jpg\" alt=\"080 Barcelona Spring-Summer 2015\" class=\"noLazy flagpm_photo swiper-lazy flagpm_photo_portrait\"><span class=\"swiper-lazy-preloader swiper-lazy-preloader-black\"><\/span><\/div><div class=\"swiper-slide flagpm_photo\" data-photo-id=\"16738\"><img data-src=\"https:\/\/bobvarela.com\/wp-content\/flagallery\/manuel-bolano-primavera-verano-2015\/thumbs\/thumbs_bolano-021.jpg\" alt=\"080 Barcelona Spring-Summer 2015\" class=\"noLazy flagpm_photo swiper-lazy flagpm_photo_portrait\"><span class=\"swiper-lazy-preloader swiper-lazy-preloader-black\"><\/span><\/div><div class=\"swiper-slide flagpm_photo\" data-photo-id=\"16739\"><img data-src=\"https:\/\/bobvarela.com\/wp-content\/flagallery\/manuel-bolano-primavera-verano-2015\/thumbs\/thumbs_bolano-023.jpg\" alt=\"080 Barcelona Spring-Summer 2015\" class=\"noLazy flagpm_photo swiper-lazy flagpm_photo_portrait\"><span class=\"swiper-lazy-preloader swiper-lazy-preloader-black\"><\/span><\/div><div class=\"swiper-slide flagpm_photo\" data-photo-id=\"16740\"><img data-src=\"https:\/\/bobvarela.com\/wp-content\/flagallery\/manuel-bolano-primavera-verano-2015\/thumbs\/thumbs_bolano-024.jpg\" alt=\"080 Barcelona Spring-Summer 2015\" class=\"noLazy flagpm_photo swiper-lazy flagpm_photo_portrait\"><span class=\"swiper-lazy-preloader swiper-lazy-preloader-black\"><\/span><\/div><div class=\"swiper-slide flagpm_photo\" data-photo-id=\"16741\"><img data-src=\"https:\/\/bobvarela.com\/wp-content\/flagallery\/manuel-bolano-primavera-verano-2015\/thumbs\/thumbs_bolano-026.jpg\" alt=\"080 Barcelona Spring-Summer 2015\" class=\"noLazy flagpm_photo swiper-lazy flagpm_photo_portrait\"><span class=\"swiper-lazy-preloader swiper-lazy-preloader-black\"><\/span><\/div><div class=\"swiper-slide flagpm_photo\" data-photo-id=\"16742\"><img data-src=\"https:\/\/bobvarela.com\/wp-content\/flagallery\/manuel-bolano-primavera-verano-2015\/thumbs\/thumbs_bolano-027.jpg\" alt=\"080 Barcelona Spring-Summer 2015\" class=\"noLazy flagpm_photo swiper-lazy flagpm_photo_portrait\"><span class=\"swiper-lazy-preloader swiper-lazy-preloader-black\"><\/span><\/div><div class=\"swiper-slide flagpm_photo\" data-photo-id=\"16743\"><img data-src=\"https:\/\/bobvarela.com\/wp-content\/flagallery\/manuel-bolano-primavera-verano-2015\/thumbs\/thumbs_bolano-028.jpg\" alt=\"080 Barcelona Spring-Summer 2015\" class=\"noLazy flagpm_photo swiper-lazy flagpm_photo_portrait\"><span class=\"swiper-lazy-preloader swiper-lazy-preloader-black\"><\/span><\/div><div class=\"swiper-slide flagpm_photo\" data-photo-id=\"16744\"><img data-src=\"https:\/\/bobvarela.com\/wp-content\/flagallery\/manuel-bolano-primavera-verano-2015\/thumbs\/thumbs_bolano-030.jpg\" alt=\"080 Barcelona Spring-Summer 2015\" class=\"noLazy flagpm_photo swiper-lazy flagpm_photo_portrait\"><span class=\"swiper-lazy-preloader swiper-lazy-preloader-black\"><\/span><\/div><div class=\"swiper-slide flagpm_photo\" data-photo-id=\"16745\"><img data-src=\"https:\/\/bobvarela.com\/wp-content\/flagallery\/manuel-bolano-primavera-verano-2015\/thumbs\/thumbs_bolano-031.jpg\" alt=\"080 Barcelona Spring-Summer 2015\" class=\"noLazy flagpm_photo swiper-lazy flagpm_photo_portrait\"><span class=\"swiper-lazy-preloader swiper-lazy-preloader-black\"><\/span><\/div><div class=\"swiper-slide flagpm_photo\" data-photo-id=\"16746\"><img data-src=\"https:\/\/bobvarela.com\/wp-content\/flagallery\/manuel-bolano-primavera-verano-2015\/thumbs\/thumbs_bolano-032.jpg\" alt=\"080 Barcelona Spring-Summer 2015\" class=\"noLazy flagpm_photo swiper-lazy flagpm_photo_portrait\"><span class=\"swiper-lazy-preloader swiper-lazy-preloader-black\"><\/span><\/div><div class=\"swiper-slide flagpm_photo\" data-photo-id=\"16747\"><img data-src=\"https:\/\/bobvarela.com\/wp-content\/flagallery\/manuel-bolano-primavera-verano-2015\/thumbs\/thumbs_bolano-034.jpg\" alt=\"080 Barcelona Spring-Summer 2015\" class=\"noLazy flagpm_photo swiper-lazy flagpm_photo_portrait\"><span class=\"swiper-lazy-preloader swiper-lazy-preloader-black\"><\/span><\/div><div class=\"swiper-slide flagpm_photo\" data-photo-id=\"16748\"><img data-src=\"https:\/\/bobvarela.com\/wp-content\/flagallery\/manuel-bolano-primavera-verano-2015\/thumbs\/thumbs_bolano-035.jpg\" alt=\"080 Barcelona Spring-Summer 2015\" class=\"noLazy flagpm_photo swiper-lazy flagpm_photo_portrait\"><span class=\"swiper-lazy-preloader swiper-lazy-preloader-black\"><\/span><\/div><div class=\"swiper-slide flagpm_photo\" data-photo-id=\"16749\"><img data-src=\"https:\/\/bobvarela.com\/wp-content\/flagallery\/manuel-bolano-primavera-verano-2015\/thumbs\/thumbs_bolano-037.jpg\" alt=\"080 Barcelona Spring-Summer 2015\" class=\"noLazy flagpm_photo swiper-lazy flagpm_photo_portrait\"><span class=\"swiper-lazy-preloader swiper-lazy-preloader-black\"><\/span><\/div><div class=\"swiper-slide flagpm_photo\" data-photo-id=\"16750\"><img data-src=\"https:\/\/bobvarela.com\/wp-content\/flagallery\/manuel-bolano-primavera-verano-2015\/thumbs\/thumbs_bolano-038.jpg\" alt=\"080 Barcelona Spring-Summer 2015\" class=\"noLazy flagpm_photo swiper-lazy flagpm_photo_portrait\"><span class=\"swiper-lazy-preloader swiper-lazy-preloader-black\"><\/span><\/div><div class=\"swiper-slide flagpm_photo\" data-photo-id=\"16751\"><img data-src=\"https:\/\/bobvarela.com\/wp-content\/flagallery\/manuel-bolano-primavera-verano-2015\/thumbs\/thumbs_bolano-039.jpg\" alt=\"080 Barcelona Spring-Summer 2015\" class=\"noLazy flagpm_photo swiper-lazy flagpm_photo_portrait\"><span class=\"swiper-lazy-preloader swiper-lazy-preloader-black\"><\/span><\/div><div class=\"swiper-slide flagpm_photo\" data-photo-id=\"16752\"><img data-src=\"https:\/\/bobvarela.com\/wp-content\/flagallery\/manuel-bolano-primavera-verano-2015\/thumbs\/thumbs_bolano-041.jpg\" alt=\"080 Barcelona Spring-Summer 2015\" class=\"noLazy flagpm_photo swiper-lazy flagpm_photo_portrait\"><span class=\"swiper-lazy-preloader swiper-lazy-preloader-black\"><\/span><\/div><div class=\"swiper-slide flagpm_photo\" data-photo-id=\"16753\"><img data-src=\"https:\/\/bobvarela.com\/wp-content\/flagallery\/manuel-bolano-primavera-verano-2015\/thumbs\/thumbs_bolano-042.jpg\" alt=\"080 Barcelona Spring-Summer 2015\" class=\"noLazy flagpm_photo swiper-lazy flagpm_photo_portrait\"><span class=\"swiper-lazy-preloader swiper-lazy-preloader-black\"><\/span><\/div><div class=\"swiper-slide flagpm_photo\" data-photo-id=\"16754\"><img data-src=\"https:\/\/bobvarela.com\/wp-content\/flagallery\/manuel-bolano-primavera-verano-2015\/thumbs\/thumbs_bolano-044.jpg\" alt=\"080 Barcelona Spring-Summer 2015\" class=\"noLazy flagpm_photo swiper-lazy flagpm_photo_portrait\"><span class=\"swiper-lazy-preloader swiper-lazy-preloader-black\"><\/span><\/div><div class=\"swiper-slide flagpm_photo\" data-photo-id=\"16755\"><img data-src=\"https:\/\/bobvarela.com\/wp-content\/flagallery\/manuel-bolano-primavera-verano-2015\/thumbs\/thumbs_bolano-045.jpg\" alt=\"080 Barcelona Spring-Summer 2015\" class=\"noLazy flagpm_photo swiper-lazy flagpm_photo_portrait\"><span class=\"swiper-lazy-preloader swiper-lazy-preloader-black\"><\/span><\/div><div class=\"swiper-slide flagpm_photo\" data-photo-id=\"16756\"><img data-src=\"https:\/\/bobvarela.com\/wp-content\/flagallery\/manuel-bolano-primavera-verano-2015\/thumbs\/thumbs_bolano-046.jpg\" alt=\"080 Barcelona Spring-Summer 2015\" class=\"noLazy flagpm_photo swiper-lazy flagpm_photo_portrait\"><span class=\"swiper-lazy-preloader swiper-lazy-preloader-black\"><\/span><\/div><div class=\"swiper-slide flagpm_photo\" data-photo-id=\"16757\"><img data-src=\"https:\/\/bobvarela.com\/wp-content\/flagallery\/manuel-bolano-primavera-verano-2015\/thumbs\/thumbs_bolano-048.jpg\" alt=\"080 Barcelona Spring-Summer 2015\" class=\"noLazy flagpm_photo swiper-lazy flagpm_photo_portrait\"><span class=\"swiper-lazy-preloader swiper-lazy-preloader-black\"><\/span><\/div><div class=\"swiper-slide flagpm_photo\" data-photo-id=\"16758\"><img data-src=\"https:\/\/bobvarela.com\/wp-content\/flagallery\/manuel-bolano-primavera-verano-2015\/thumbs\/thumbs_bolano-049.jpg\" alt=\"080 Barcelona Spring-Summer 2015\" class=\"noLazy flagpm_photo swiper-lazy flagpm_photo_portrait\"><span class=\"swiper-lazy-preloader swiper-lazy-preloader-black\"><\/span><\/div><div class=\"swiper-slide flagpm_photo\" data-photo-id=\"16759\"><img data-src=\"https:\/\/bobvarela.com\/wp-content\/flagallery\/manuel-bolano-primavera-verano-2015\/thumbs\/thumbs_bolano-050.jpg\" alt=\"080 Barcelona Spring-Summer 2015\" class=\"noLazy flagpm_photo swiper-lazy flagpm_photo_portrait\"><span class=\"swiper-lazy-preloader swiper-lazy-preloader-black\"><\/span><\/div><div class=\"swiper-slide flagpm_photo\" data-photo-id=\"16760\"><img data-src=\"https:\/\/bobvarela.com\/wp-content\/flagallery\/manuel-bolano-primavera-verano-2015\/thumbs\/thumbs_bolano-052.jpg\" alt=\"080 Barcelona Spring-Summer 2015\" class=\"noLazy flagpm_photo swiper-lazy flagpm_photo_portrait\"><span class=\"swiper-lazy-preloader swiper-lazy-preloader-black\"><\/span><\/div><div class=\"swiper-slide flagpm_photo\" data-photo-id=\"16761\"><img data-src=\"https:\/\/bobvarela.com\/wp-content\/flagallery\/manuel-bolano-primavera-verano-2015\/thumbs\/thumbs_bolano-053.jpg\" alt=\"080 Barcelona Spring-Summer 2015\" class=\"noLazy flagpm_photo swiper-lazy flagpm_photo_portrait\"><span class=\"swiper-lazy-preloader swiper-lazy-preloader-black\"><\/span><\/div><div class=\"swiper-slide flagpm_photo\" data-photo-id=\"16762\"><img data-src=\"https:\/\/bobvarela.com\/wp-content\/flagallery\/manuel-bolano-primavera-verano-2015\/thumbs\/thumbs_bolano-054.jpg\" alt=\"080 Barcelona Spring-Summer 2015\" class=\"noLazy flagpm_photo swiper-lazy flagpm_photo_portrait\"><span class=\"swiper-lazy-preloader swiper-lazy-preloader-black\"><\/span><\/div><div class=\"swiper-slide flagpm_photo\" data-photo-id=\"16763\"><img data-src=\"https:\/\/bobvarela.com\/wp-content\/flagallery\/manuel-bolano-primavera-verano-2015\/thumbs\/thumbs_bolano-056.jpg\" alt=\"080 Barcelona Spring-Summer 2015\" class=\"noLazy flagpm_photo swiper-lazy flagpm_photo_portrait\"><span class=\"swiper-lazy-preloader swiper-lazy-preloader-black\"><\/span><\/div><div class=\"swiper-slide flagpm_photo\" data-photo-id=\"16764\"><img data-src=\"https:\/\/bobvarela.com\/wp-content\/flagallery\/manuel-bolano-primavera-verano-2015\/thumbs\/thumbs_bolano-057.jpg\" alt=\"080 Barcelona Spring-Summer 2015\" class=\"noLazy flagpm_photo swiper-lazy flagpm_photo_landscape\"><span class=\"swiper-lazy-preloader swiper-lazy-preloader-black\"><\/span><\/div><div class=\"swiper-slide flagpm_photo\" data-photo-id=\"16765\"><img data-src=\"https:\/\/bobvarela.com\/wp-content\/flagallery\/manuel-bolano-primavera-verano-2015\/thumbs\/thumbs_bolano-059.jpg\" alt=\"080 Barcelona Spring-Summer 2015\" class=\"noLazy flagpm_photo swiper-lazy flagpm_photo_portrait\"><span class=\"swiper-lazy-preloader swiper-lazy-preloader-black\"><\/span><\/div><div class=\"swiper-slide flagpm_photo\" data-photo-id=\"16766\"><img data-src=\"https:\/\/bobvarela.com\/wp-content\/flagallery\/manuel-bolano-primavera-verano-2015\/thumbs\/thumbs_bolano-061.jpg\" alt=\"080 Barcelona Spring-Summer 2015\" class=\"noLazy flagpm_photo swiper-lazy flagpm_photo_portrait\"><span class=\"swiper-lazy-preloader swiper-lazy-preloader-black\"><\/span><\/div><div class=\"swiper-slide flagpm_photo\" data-photo-id=\"16767\"><img data-src=\"https:\/\/bobvarela.com\/wp-content\/flagallery\/manuel-bolano-primavera-verano-2015\/thumbs\/thumbs_bolano-063.jpg\" alt=\"080 Barcelona Spring-Summer 2015\" class=\"noLazy flagpm_photo swiper-lazy flagpm_photo_portrait\"><span class=\"swiper-lazy-preloader swiper-lazy-preloader-black\"><\/span><\/div><div class=\"swiper-slide flagpm_photo\" data-photo-id=\"16768\"><img data-src=\"https:\/\/bobvarela.com\/wp-content\/flagallery\/manuel-bolano-primavera-verano-2015\/thumbs\/thumbs_bolano-065.jpg\" alt=\"080 Barcelona Spring-Summer 2015\" class=\"noLazy flagpm_photo swiper-lazy flagpm_photo_portrait\"><span class=\"swiper-lazy-preloader swiper-lazy-preloader-black\"><\/span><\/div><div class=\"swiper-slide flagpm_photo\" data-photo-id=\"16769\"><img data-src=\"https:\/\/bobvarela.com\/wp-content\/flagallery\/manuel-bolano-primavera-verano-2015\/thumbs\/thumbs_bolano-066.jpg\" alt=\"080 Barcelona Spring-Summer 2015\" class=\"noLazy flagpm_photo swiper-lazy flagpm_photo_landscape\"><span class=\"swiper-lazy-preloader swiper-lazy-preloader-black\"><\/span><\/div><div class=\"swiper-slide flagpm_photo\" data-photo-id=\"16770\"><img data-src=\"https:\/\/bobvarela.com\/wp-content\/flagallery\/manuel-bolano-primavera-verano-2015\/thumbs\/thumbs_bolano-067.jpg\" alt=\"080 Barcelona Spring-Summer 2015\" class=\"noLazy flagpm_photo swiper-lazy flagpm_photo_portrait\"><span class=\"swiper-lazy-preloader swiper-lazy-preloader-black\"><\/span><\/div><div class=\"swiper-slide flagpm_photo\" data-photo-id=\"16771\"><img data-src=\"https:\/\/bobvarela.com\/wp-content\/flagallery\/manuel-bolano-primavera-verano-2015\/thumbs\/thumbs_bolano-069.jpg\" alt=\"080 Barcelona Spring-Summer 2015\" class=\"noLazy flagpm_photo swiper-lazy flagpm_photo_portrait\"><span class=\"swiper-lazy-preloader swiper-lazy-preloader-black\"><\/span><\/div><div class=\"swiper-slide flagpm_photo\" data-photo-id=\"16772\"><img data-src=\"https:\/\/bobvarela.com\/wp-content\/flagallery\/manuel-bolano-primavera-verano-2015\/thumbs\/thumbs_bolano-070.jpg\" alt=\"080 Barcelona Spring-Summer 2015\" class=\"noLazy flagpm_photo swiper-lazy flagpm_photo_portrait\"><span class=\"swiper-lazy-preloader swiper-lazy-preloader-black\"><\/span><\/div><div class=\"swiper-slide flagpm_photo\" data-photo-id=\"16773\"><img data-src=\"https:\/\/bobvarela.com\/wp-content\/flagallery\/manuel-bolano-primavera-verano-2015\/thumbs\/thumbs_bolano-071.jpg\" alt=\"080 Barcelona Spring-Summer 2015\" class=\"noLazy flagpm_photo swiper-lazy flagpm_photo_portrait\"><span class=\"swiper-lazy-preloader swiper-lazy-preloader-black\"><\/span><\/div><div class=\"swiper-slide flagpm_photo\" data-photo-id=\"16774\"><img data-src=\"https:\/\/bobvarela.com\/wp-content\/flagallery\/manuel-bolano-primavera-verano-2015\/thumbs\/thumbs_bolano-072.jpg\" alt=\"080 Barcelona Spring-Summer 2015\" class=\"noLazy flagpm_photo swiper-lazy flagpm_photo_portrait\"><span class=\"swiper-lazy-preloader swiper-lazy-preloader-black\"><\/span><\/div><div class=\"swiper-slide flagpm_photo\" data-photo-id=\"16775\"><img data-src=\"https:\/\/bobvarela.com\/wp-content\/flagallery\/manuel-bolano-primavera-verano-2015\/thumbs\/thumbs_bolano-074.jpg\" alt=\"080 Barcelona Spring-Summer 2015\" class=\"noLazy flagpm_photo swiper-lazy flagpm_photo_portrait\"><span class=\"swiper-lazy-preloader swiper-lazy-preloader-black\"><\/span><\/div><div class=\"swiper-slide flagpm_photo\" data-photo-id=\"16776\"><img data-src=\"https:\/\/bobvarela.com\/wp-content\/flagallery\/manuel-bolano-primavera-verano-2015\/thumbs\/thumbs_bolano-076.jpg\" alt=\"080 Barcelona Spring-Summer 2015\" class=\"noLazy flagpm_photo swiper-lazy flagpm_photo_portrait\"><span class=\"swiper-lazy-preloader swiper-lazy-preloader-black\"><\/span><\/div><div class=\"swiper-slide flagpm_photo\" data-photo-id=\"16777\"><img data-src=\"https:\/\/bobvarela.com\/wp-content\/flagallery\/manuel-bolano-primavera-verano-2015\/thumbs\/thumbs_bolano-078.jpg\" alt=\"080 Barcelona Spring-Summer 2015\" class=\"noLazy flagpm_photo swiper-lazy flagpm_photo_portrait\"><span class=\"swiper-lazy-preloader swiper-lazy-preloader-black\"><\/span><\/div><div class=\"swiper-slide flagpm_photo\" data-photo-id=\"16778\"><img data-src=\"https:\/\/bobvarela.com\/wp-content\/flagallery\/manuel-bolano-primavera-verano-2015\/thumbs\/thumbs_bolano-079.jpg\" alt=\"080 Barcelona Spring-Summer 2015\" class=\"noLazy flagpm_photo swiper-lazy flagpm_photo_portrait\"><span class=\"swiper-lazy-preloader swiper-lazy-preloader-black\"><\/span><\/div><div class=\"swiper-slide flagpm_photo\" data-photo-id=\"16779\"><img data-src=\"https:\/\/bobvarela.com\/wp-content\/flagallery\/manuel-bolano-primavera-verano-2015\/thumbs\/thumbs_bolano-080.jpg\" alt=\"080 Barcelona Spring-Summer 2015\" class=\"noLazy flagpm_photo swiper-lazy flagpm_photo_landscape\"><span class=\"swiper-lazy-preloader swiper-lazy-preloader-black\"><\/span><\/div><div class=\"swiper-slide flagpm_photo\" data-photo-id=\"16780\"><img data-src=\"https:\/\/bobvarela.com\/wp-content\/flagallery\/manuel-bolano-primavera-verano-2015\/thumbs\/thumbs_bolano-081.jpg\" alt=\"080 Barcelona Spring-Summer 2015\" class=\"noLazy flagpm_photo swiper-lazy flagpm_photo_portrait\"><span class=\"swiper-lazy-preloader swiper-lazy-preloader-black\"><\/span><\/div><div class=\"swiper-slide flagpm_photo\" data-photo-id=\"16781\"><img data-src=\"https:\/\/bobvarela.com\/wp-content\/flagallery\/manuel-bolano-primavera-verano-2015\/thumbs\/thumbs_bolano-083.jpg\" alt=\"080 Barcelona Spring-Summer 2015\" class=\"noLazy flagpm_photo swiper-lazy flagpm_photo_portrait\"><span class=\"swiper-lazy-preloader swiper-lazy-preloader-black\"><\/span><\/div><div class=\"swiper-slide flagpm_photo\" data-photo-id=\"16782\"><img data-src=\"https:\/\/bobvarela.com\/wp-content\/flagallery\/manuel-bolano-primavera-verano-2015\/thumbs\/thumbs_bolano-084.jpg\" alt=\"080 Barcelona Spring-Summer 2015\" class=\"noLazy flagpm_photo swiper-lazy flagpm_photo_portrait\"><span class=\"swiper-lazy-preloader swiper-lazy-preloader-black\"><\/span><\/div><div class=\"swiper-slide flagpm_photo\" data-photo-id=\"16783\"><img data-src=\"https:\/\/bobvarela.com\/wp-content\/flagallery\/manuel-bolano-primavera-verano-2015\/thumbs\/thumbs_bolano-086.jpg\" alt=\"080 Barcelona Spring-Summer 2015\" class=\"noLazy flagpm_photo swiper-lazy flagpm_photo_portrait\"><span class=\"swiper-lazy-preloader swiper-lazy-preloader-black\"><\/span><\/div><div class=\"swiper-slide flagpm_photo\" data-photo-id=\"16784\"><img data-src=\"https:\/\/bobvarela.com\/wp-content\/flagallery\/manuel-bolano-primavera-verano-2015\/thumbs\/thumbs_bolano-088.jpg\" alt=\"080 Barcelona Spring-Summer 2015\" class=\"noLazy flagpm_photo swiper-lazy flagpm_photo_portrait\"><span class=\"swiper-lazy-preloader swiper-lazy-preloader-black\"><\/span><\/div> <\/div> <\/div> <\/div> <div class=\"flagpm_next_button\"><\/div> <\/div> <div class=\"flagpm_big_button_wrap\"> <div class=\"flagpm_share_wrapper\"> <a class=\"flagpm_button flagpm_share\">Share<\/a> <div class=\"flagpm_sharelizers_wrap\"> <ul class=\"flagpm_sharelizers\"> <li style=\"list-style:none;\"><a class=\"flagpm_button flagpm_facebook flagpm_sharelizer\">Facebook<\/a><\/li> <li style=\"list-style:none;\"><a class=\"flagpm_button flagpm_twitter flagpm_sharelizer\">Twitter<\/a><\/li> <li style=\"list-style:none;\"><a class=\"flagpm_button flagpm_pinterest flagpm_sharelizer\">Pinterest<\/a><\/li> <li style=\"list-style:none;\"><a class=\"flagpm_button flagpm_stumbleupon flagpm_sharelizer\">StumbleUpon<\/a><\/li> <\/ul> <\/div> <\/div> <a class=\"flagpm_button flagpm_like\">Like<\/a> <\/div> <div class=\"flagpm_big_button_wrap\"> <a class=\"flagpm_big_button flagpm_download_button\" href=\"https:\/\/bobvarela.com\/wp-content\/flagallery\/manuel-bolano-primavera-verano-2015\/bolano-002.jpg\" download=\"bolano-002.jpg\"> <span class=\"flagpm_icon\"><\/span> <span class=\"flagpm_label\">Download<\/span> <\/a> <\/div> <div class=\"flagpm_big_button_wrap\"> <a class=\"flagpm_big_button flagpm_link_button flagpm_inactive\" > <span class=\"flagpm_icon\"><\/span> <span class=\"flagpm_label\">Open Link<\/span> <\/a> <\/div> <\/div> <\/div> <\/div> <div class=\"flagpm_focus_close_full\"> <span><a class=\"flagpm_button flagpm_close\">Close<\/a><\/span> <span><a class=\"flagpm_button flagpm_full\">Full<\/a><\/span> <\/div> <div class=\"flagpm_photo_details\"> <div class=\"flagpm_description_wrap\"> <div class=\"details_title\">Description<\/div> <div class=\"flagpm_description_text_wrap\"> <div class=\"flagpm_slide_description\"><p>080 Barcelona Spring-Summer 2015<\/p><\/div> <\/div> <\/div> <\/div> <div class=\"flagpm_focus_footer\"> <div class=\"flagpm_focus_keyboard\"> <div class=\"flagpm_focus_keyboard_title\">Keyboard Shortcuts <a class=\"flagpm_focus_keyboard_dismiss\">Dismiss<\/a><\/div> <ul> <li style=\"list-style:none;\"><a data-key=\"p\" class=\"flagpm_key\">S<\/a><span class=\"flagpm_label\">Slideshow<\/span><\/li> <li style=\"list-style:none;\"><a data-key=\"m\" class=\"flagpm_key\">M<\/a><span class=\"flagpm_label\">Maximize<\/span><\/li> <li style=\"list-style:none;\"><a data-key=\"left\" class=\"flagpm_key\">&nbsp;<\/a><span class=\"flagpm_label\">Previous<\/span><\/li> <li style=\"list-style:none;\"><a data-key=\"right\" class=\"flagpm_key\">&nbsp;<\/a><span class=\"flagpm_label\">Next<\/span><\/li> <li style=\"list-style:none;\"><a data-key=\"escape\" class=\"flagpm_key flagpm_esc\">esc<\/a><span class=\"flagpm_label\">Close<\/span><\/li> <\/ul> <\/div> <\/div> <\/div> <script type=\"text\/javascript\"> jQuery(function($) { var settings = {\"base_gallery_width\":\"800\",\"base_gallery_height\":\"500\",\"gallery_min_height\":\"230\",\"scale_mode\":\"fit\",\"initial_slide\":0,\"slideshow_autoplay\":\"0\",\"slideshow_delay\":\"7000\",\"gallery_focus\":\"0\",\"gallery_maximized\":\"0\",\"gallery_focus_maximized\":\"0\",\"keyboard_help\":\"1\",\"show_download_button\":\"1\",\"show_link_button\":\"1\",\"show_description\":\"1\",\"show_share_button\":\"1\",\"show_like_button\":\"1\",\"link_color\":\"#0099e5\",\"link_color_hover\":\"#02adea\",\"download_button_text\":\"Download\",\"link_button_text\":\"Open Link\",\"description_title\":\"Description\",\"key\":\"\",\"name\":\"\",\"gallID\":\"sc1_208\"}; var content = {\"data\":[{\"id\":\"16725\",\"image\":\"https:\\\/\\\/bobvarela.com\\\/wp-content\\\/flagallery\\\/manuel-bolano-primavera-verano-2015\\\/webview\\\/bolano-002.jpg\",\"thumb\":\"https:\\\/\\\/bobvarela.com\\\/wp-content\\\/flagallery\\\/manuel-bolano-primavera-verano-2015\\\/thumbs\\\/thumbs_bolano-002.jpg\",\"file\":\"bolano-002.jpg\",\"meta\":{\"aperture\":false,\"credit\":false,\"camera\":false,\"caption\":\"080 Barcelona Spring-Summer 2015\",\"created_timestamp\":\"July 3, 2014 9:25 pm\",\"copyright\":\"\\u00c2\\u00a9 2014 Estrop-Barcelona PHOTOGRAPH FOR EDITORIAL USE ONLY\",\"focal_length\":false,\"iso\":false,\"shutter_speed\":false,\"flash\":false,\"title\":\"080 Barcelona Spring-Summer 2015\",\"keywords\":\"Spring-Summer 2015\",\"width\":600,\"height\":898,\"saved\":true,\"thumbnail\":{\"width\":220,\"height\":220},\"webview\":{\"0\":600,\"1\":898,\"2\":2,\"3\":\"width=\\\"600\\\" height=\\\"898\\\"\",\"bits\":8,\"channels\":3,\"mime\":\"image\\\/jpeg\"},\"views\":\"127\",\"likes\":\"0\"},\"title\":\"080 Barcelona Spring-Summer 2015\",\"description\":\"<p>080 Barcelona Spring-Summer 2015<\\\/p>\",\"link\":null,\"link_target\":\"\",\"download\":\"https:\\\/\\\/bobvarela.com\\\/wp-content\\\/flagallery\\\/manuel-bolano-primavera-verano-2015\\\/bolano-002.jpg\",\"ratio\":0.66815144766146994381728063672198913991451263427734375},{\"id\":\"16726\",\"image\":\"https:\\\/\\\/bobvarela.com\\\/wp-content\\\/flagallery\\\/manuel-bolano-primavera-verano-2015\\\/webview\\\/bolano-003.jpg\",\"thumb\":\"https:\\\/\\\/bobvarela.com\\\/wp-content\\\/flagallery\\\/manuel-bolano-primavera-verano-2015\\\/thumbs\\\/thumbs_bolano-003.jpg\",\"file\":\"bolano-003.jpg\",\"meta\":{\"aperture\":false,\"credit\":false,\"camera\":false,\"caption\":\"080 Barcelona Spring-Summer 2015\",\"created_timestamp\":\"July 3, 2014 9:25 pm\",\"copyright\":\"\\u00c2\\u00a9 2014 Estrop-Barcelona PHOTOGRAPH FOR EDITORIAL USE ONLY\",\"focal_length\":false,\"iso\":false,\"shutter_speed\":false,\"flash\":false,\"title\":\"080 Barcelona Spring-Summer 2015\",\"keywords\":\"Spring-Summer 2015\",\"width\":600,\"height\":898,\"saved\":true,\"thumbnail\":{\"width\":220,\"height\":220},\"webview\":{\"0\":600,\"1\":898,\"2\":2,\"3\":\"width=\\\"600\\\" height=\\\"898\\\"\",\"bits\":8,\"channels\":3,\"mime\":\"image\\\/jpeg\"},\"views\":\"29\",\"likes\":\"0\"},\"title\":\"080 Barcelona Spring-Summer 2015\",\"description\":\"<p>080 Barcelona Spring-Summer 2015<\\\/p>\",\"link\":null,\"link_target\":\"\",\"download\":\"https:\\\/\\\/bobvarela.com\\\/wp-content\\\/flagallery\\\/manuel-bolano-primavera-verano-2015\\\/bolano-003.jpg\",\"ratio\":0.66815144766146994381728063672198913991451263427734375},{\"id\":\"16727\",\"image\":\"https:\\\/\\\/bobvarela.com\\\/wp-content\\\/flagallery\\\/manuel-bolano-primavera-verano-2015\\\/webview\\\/bolano-005.jpg\",\"thumb\":\"https:\\\/\\\/bobvarela.com\\\/wp-content\\\/flagallery\\\/manuel-bolano-primavera-verano-2015\\\/thumbs\\\/thumbs_bolano-005.jpg\",\"file\":\"bolano-005.jpg\",\"meta\":{\"aperture\":false,\"credit\":false,\"camera\":false,\"caption\":\"080 Barcelona Spring-Summer 2015\",\"created_timestamp\":\"July 3, 2014 9:27 pm\",\"copyright\":\"\\u00c2\\u00a9 2014 Estrop-Barcelona PHOTOGRAPH FOR EDITORIAL USE ONLY\",\"focal_length\":false,\"iso\":false,\"shutter_speed\":false,\"flash\":false,\"title\":\"080 Barcelona Spring-Summer 2015\",\"keywords\":\"Spring-Summer 2015\",\"width\":600,\"height\":898,\"saved\":true,\"thumbnail\":{\"width\":220,\"height\":220},\"webview\":{\"0\":600,\"1\":898,\"2\":2,\"3\":\"width=\\\"600\\\" height=\\\"898\\\"\",\"bits\":8,\"channels\":3,\"mime\":\"image\\\/jpeg\"},\"views\":\"21\",\"likes\":\"0\"},\"title\":\"080 Barcelona Spring-Summer 2015\",\"description\":\"<p>080 Barcelona Spring-Summer 2015<\\\/p>\",\"link\":null,\"link_target\":\"\",\"download\":\"https:\\\/\\\/bobvarela.com\\\/wp-content\\\/flagallery\\\/manuel-bolano-primavera-verano-2015\\\/bolano-005.jpg\",\"ratio\":0.66815144766146994381728063672198913991451263427734375},{\"id\":\"16728\",\"image\":\"https:\\\/\\\/bobvarela.com\\\/wp-content\\\/flagallery\\\/manuel-bolano-primavera-verano-2015\\\/webview\\\/bolano-006.jpg\",\"thumb\":\"https:\\\/\\\/bobvarela.com\\\/wp-content\\\/flagallery\\\/manuel-bolano-primavera-verano-2015\\\/thumbs\\\/thumbs_bolano-006.jpg\",\"file\":\"bolano-006.jpg\",\"meta\":{\"aperture\":false,\"credit\":false,\"camera\":false,\"caption\":\"080 Barcelona Spring-Summer 2015\",\"created_timestamp\":\"July 3, 2014 9:27 pm\",\"copyright\":\"\\u00c2\\u00a9 2014 Estrop-Barcelona PHOTOGRAPH FOR EDITORIAL USE ONLY\",\"focal_length\":false,\"iso\":false,\"shutter_speed\":false,\"flash\":false,\"title\":\"080 Barcelona Spring-Summer 2015\",\"keywords\":\"Spring-Summer 2015\",\"width\":600,\"height\":898,\"saved\":true,\"thumbnail\":{\"width\":220,\"height\":220},\"webview\":{\"0\":600,\"1\":898,\"2\":2,\"3\":\"width=\\\"600\\\" height=\\\"898\\\"\",\"bits\":8,\"channels\":3,\"mime\":\"image\\\/jpeg\"},\"views\":\"21\",\"likes\":\"0\"},\"title\":\"080 Barcelona Spring-Summer 2015\",\"description\":\"<p>080 Barcelona Spring-Summer 2015<\\\/p>\",\"link\":null,\"link_target\":\"\",\"download\":\"https:\\\/\\\/bobvarela.com\\\/wp-content\\\/flagallery\\\/manuel-bolano-primavera-verano-2015\\\/bolano-006.jpg\",\"ratio\":0.66815144766146994381728063672198913991451263427734375},{\"id\":\"16729\",\"image\":\"https:\\\/\\\/bobvarela.com\\\/wp-content\\\/flagallery\\\/manuel-bolano-primavera-verano-2015\\\/webview\\\/bolano-007.jpg\",\"thumb\":\"https:\\\/\\\/bobvarela.com\\\/wp-content\\\/flagallery\\\/manuel-bolano-primavera-verano-2015\\\/thumbs\\\/thumbs_bolano-007.jpg\",\"file\":\"bolano-007.jpg\",\"meta\":{\"aperture\":false,\"credit\":false,\"camera\":false,\"caption\":\"080 Barcelona Spring-Summer 2015\",\"created_timestamp\":\"July 3, 2014 9:25 pm\",\"copyright\":\"\\u00c2\\u00a9 2014 Estrop-Barcelona PHOTOGRAPH FOR EDITORIAL USE ONLY\",\"focal_length\":false,\"iso\":false,\"shutter_speed\":false,\"flash\":false,\"title\":\"080 Barcelona Spring-Summer 2015\",\"keywords\":\"Spring-Summer 2015\",\"width\":600,\"height\":898,\"saved\":true,\"thumbnail\":{\"width\":220,\"height\":220},\"webview\":{\"0\":600,\"1\":898,\"2\":2,\"3\":\"width=\\\"600\\\" height=\\\"898\\\"\",\"bits\":8,\"channels\":3,\"mime\":\"image\\\/jpeg\"},\"views\":\"17\",\"likes\":\"0\"},\"title\":\"080 Barcelona Spring-Summer 2015\",\"description\":\"<p>080 Barcelona Spring-Summer 2015<\\\/p>\",\"link\":null,\"link_target\":\"\",\"download\":\"https:\\\/\\\/bobvarela.com\\\/wp-content\\\/flagallery\\\/manuel-bolano-primavera-verano-2015\\\/bolano-007.jpg\",\"ratio\":0.66815144766146994381728063672198913991451263427734375},{\"id\":\"16730\",\"image\":\"https:\\\/\\\/bobvarela.com\\\/wp-content\\\/flagallery\\\/manuel-bolano-primavera-verano-2015\\\/webview\\\/bolano-009.jpg\",\"thumb\":\"https:\\\/\\\/bobvarela.com\\\/wp-content\\\/flagallery\\\/manuel-bolano-primavera-verano-2015\\\/thumbs\\\/thumbs_bolano-009.jpg\",\"file\":\"bolano-009.jpg\",\"meta\":{\"aperture\":false,\"credit\":false,\"camera\":false,\"caption\":\"080 Barcelona Spring-Summer 2015\",\"created_timestamp\":\"July 3, 2014 9:25 pm\",\"copyright\":\"\\u00c2\\u00a9 2014 Estrop-Barcelona PHOTOGRAPH FOR EDITORIAL USE ONLY\",\"focal_length\":false,\"iso\":false,\"shutter_speed\":false,\"flash\":false,\"title\":\"080 Barcelona Spring-Summer 2015\",\"keywords\":\"Spring-Summer 2015\",\"width\":600,\"height\":898,\"saved\":true,\"thumbnail\":{\"width\":220,\"height\":220},\"webview\":{\"0\":600,\"1\":898,\"2\":2,\"3\":\"width=\\\"600\\\" height=\\\"898\\\"\",\"bits\":8,\"channels\":3,\"mime\":\"image\\\/jpeg\"},\"views\":\"17\",\"likes\":\"0\"},\"title\":\"080 Barcelona Spring-Summer 2015\",\"description\":\"<p>080 Barcelona Spring-Summer 2015<\\\/p>\",\"link\":null,\"link_target\":\"\",\"download\":\"https:\\\/\\\/bobvarela.com\\\/wp-content\\\/flagallery\\\/manuel-bolano-primavera-verano-2015\\\/bolano-009.jpg\",\"ratio\":0.66815144766146994381728063672198913991451263427734375},{\"id\":\"16731\",\"image\":\"https:\\\/\\\/bobvarela.com\\\/wp-content\\\/flagallery\\\/manuel-bolano-primavera-verano-2015\\\/webview\\\/bolano-010.jpg\",\"thumb\":\"https:\\\/\\\/bobvarela.com\\\/wp-content\\\/flagallery\\\/manuel-bolano-primavera-verano-2015\\\/thumbs\\\/thumbs_bolano-010.jpg\",\"file\":\"bolano-010.jpg\",\"meta\":{\"aperture\":false,\"credit\":false,\"camera\":false,\"caption\":\"080 Barcelona Spring-Summer 2015\",\"created_timestamp\":\"July 3, 2014 9:26 pm\",\"copyright\":\"\\u00c2\\u00a9 2014 Estrop-Barcelona PHOTOGRAPH FOR EDITORIAL USE ONLY\",\"focal_length\":false,\"iso\":false,\"shutter_speed\":false,\"flash\":false,\"title\":\"080 Barcelona Spring-Summer 2015\",\"keywords\":\"Spring-Summer 2015\",\"width\":600,\"height\":898,\"saved\":true,\"thumbnail\":{\"width\":220,\"height\":220},\"webview\":{\"0\":600,\"1\":898,\"2\":2,\"3\":\"width=\\\"600\\\" height=\\\"898\\\"\",\"bits\":8,\"channels\":3,\"mime\":\"image\\\/jpeg\"},\"views\":\"17\",\"likes\":\"0\"},\"title\":\"080 Barcelona Spring-Summer 2015\",\"description\":\"<p>080 Barcelona Spring-Summer 2015<\\\/p>\",\"link\":null,\"link_target\":\"\",\"download\":\"https:\\\/\\\/bobvarela.com\\\/wp-content\\\/flagallery\\\/manuel-bolano-primavera-verano-2015\\\/bolano-010.jpg\",\"ratio\":0.66815144766146994381728063672198913991451263427734375},{\"id\":\"16732\",\"image\":\"https:\\\/\\\/bobvarela.com\\\/wp-content\\\/flagallery\\\/manuel-bolano-primavera-verano-2015\\\/webview\\\/bolano-012.jpg\",\"thumb\":\"https:\\\/\\\/bobvarela.com\\\/wp-content\\\/flagallery\\\/manuel-bolano-primavera-verano-2015\\\/thumbs\\\/thumbs_bolano-012.jpg\",\"file\":\"bolano-012.jpg\",\"meta\":{\"aperture\":false,\"credit\":false,\"camera\":false,\"caption\":\"080 Barcelona Spring-Summer 2015\",\"created_timestamp\":\"July 3, 2014 9:27 pm\",\"copyright\":\"\\u00c2\\u00a9 2014 Estrop-Barcelona PHOTOGRAPH FOR EDITORIAL USE ONLY\",\"focal_length\":false,\"iso\":false,\"shutter_speed\":false,\"flash\":false,\"title\":\"080 Barcelona Spring-Summer 2015\",\"keywords\":\"Spring-Summer 2015\",\"width\":600,\"height\":898,\"saved\":true,\"thumbnail\":{\"width\":220,\"height\":220},\"webview\":{\"0\":600,\"1\":898,\"2\":2,\"3\":\"width=\\\"600\\\" height=\\\"898\\\"\",\"bits\":8,\"channels\":3,\"mime\":\"image\\\/jpeg\"},\"views\":\"17\",\"likes\":\"0\"},\"title\":\"080 Barcelona Spring-Summer 2015\",\"description\":\"<p>080 Barcelona Spring-Summer 2015<\\\/p>\",\"link\":null,\"link_target\":\"\",\"download\":\"https:\\\/\\\/bobvarela.com\\\/wp-content\\\/flagallery\\\/manuel-bolano-primavera-verano-2015\\\/bolano-012.jpg\",\"ratio\":0.66815144766146994381728063672198913991451263427734375},{\"id\":\"16733\",\"image\":\"https:\\\/\\\/bobvarela.com\\\/wp-content\\\/flagallery\\\/manuel-bolano-primavera-verano-2015\\\/webview\\\/bolano-014.jpg\",\"thumb\":\"https:\\\/\\\/bobvarela.com\\\/wp-content\\\/flagallery\\\/manuel-bolano-primavera-verano-2015\\\/thumbs\\\/thumbs_bolano-014.jpg\",\"file\":\"bolano-014.jpg\",\"meta\":{\"aperture\":false,\"credit\":false,\"camera\":false,\"caption\":\"080 Barcelona Spring-Summer 2015\",\"created_timestamp\":\"July 3, 2014 9:27 pm\",\"copyright\":\"\\u00c2\\u00a9 2014 Estrop-Barcelona PHOTOGRAPH FOR EDITORIAL USE ONLY\",\"focal_length\":false,\"iso\":false,\"shutter_speed\":false,\"flash\":false,\"title\":\"080 Barcelona Spring-Summer 2015\",\"keywords\":\"Spring-Summer 2015\",\"width\":600,\"height\":898,\"saved\":true,\"thumbnail\":{\"width\":220,\"height\":220},\"webview\":{\"0\":600,\"1\":898,\"2\":2,\"3\":\"width=\\\"600\\\" height=\\\"898\\\"\",\"bits\":8,\"channels\":3,\"mime\":\"image\\\/jpeg\"},\"views\":\"17\",\"likes\":\"0\"},\"title\":\"080 Barcelona Spring-Summer 2015\",\"description\":\"<p>080 Barcelona Spring-Summer 2015<\\\/p>\",\"link\":null,\"link_target\":\"\",\"download\":\"https:\\\/\\\/bobvarela.com\\\/wp-content\\\/flagallery\\\/manuel-bolano-primavera-verano-2015\\\/bolano-014.jpg\",\"ratio\":0.66815144766146994381728063672198913991451263427734375},{\"id\":\"16734\",\"image\":\"https:\\\/\\\/bobvarela.com\\\/wp-content\\\/flagallery\\\/manuel-bolano-primavera-verano-2015\\\/webview\\\/bolano-015.jpg\",\"thumb\":\"https:\\\/\\\/bobvarela.com\\\/wp-content\\\/flagallery\\\/manuel-bolano-primavera-verano-2015\\\/thumbs\\\/thumbs_bolano-015.jpg\",\"file\":\"bolano-015.jpg\",\"meta\":{\"aperture\":false,\"credit\":false,\"camera\":false,\"caption\":\"080 Barcelona Spring-Summer 2015\",\"created_timestamp\":\"July 3, 2014 9:26 pm\",\"copyright\":\"\\u00c2\\u00a9 2014 Estrop-Barcelona PHOTOGRAPH FOR EDITORIAL USE ONLY\",\"focal_length\":false,\"iso\":false,\"shutter_speed\":false,\"flash\":false,\"title\":\"080 Barcelona Spring-Summer 2015\",\"keywords\":\"Spring-Summer 2015\",\"width\":600,\"height\":898,\"saved\":true,\"thumbnail\":{\"width\":220,\"height\":220},\"webview\":{\"0\":600,\"1\":898,\"2\":2,\"3\":\"width=\\\"600\\\" height=\\\"898\\\"\",\"bits\":8,\"channels\":3,\"mime\":\"image\\\/jpeg\"},\"views\":\"15\",\"likes\":\"0\"},\"title\":\"080 Barcelona Spring-Summer 2015\",\"description\":\"<p>080 Barcelona Spring-Summer 2015<\\\/p>\",\"link\":null,\"link_target\":\"\",\"download\":\"https:\\\/\\\/bobvarela.com\\\/wp-content\\\/flagallery\\\/manuel-bolano-primavera-verano-2015\\\/bolano-015.jpg\",\"ratio\":0.66815144766146994381728063672198913991451263427734375},{\"id\":\"16735\",\"image\":\"https:\\\/\\\/bobvarela.com\\\/wp-content\\\/flagallery\\\/manuel-bolano-primavera-verano-2015\\\/webview\\\/bolano-017.jpg\",\"thumb\":\"https:\\\/\\\/bobvarela.com\\\/wp-content\\\/flagallery\\\/manuel-bolano-primavera-verano-2015\\\/thumbs\\\/thumbs_bolano-017.jpg\",\"file\":\"bolano-017.jpg\",\"meta\":{\"aperture\":false,\"credit\":false,\"camera\":false,\"caption\":\"080 Barcelona Spring-Summer 2015\",\"created_timestamp\":\"July 3, 2014 9:26 pm\",\"copyright\":\"\\u00c2\\u00a9 2014 Estrop-Barcelona PHOTOGRAPH FOR EDITORIAL USE ONLY\",\"focal_length\":false,\"iso\":false,\"shutter_speed\":false,\"flash\":false,\"title\":\"080 Barcelona Spring-Summer 2015\",\"keywords\":\"Spring-Summer 2015\",\"width\":600,\"height\":898,\"saved\":true,\"thumbnail\":{\"width\":220,\"height\":220},\"webview\":{\"0\":600,\"1\":898,\"2\":2,\"3\":\"width=\\\"600\\\" height=\\\"898\\\"\",\"bits\":8,\"channels\":3,\"mime\":\"image\\\/jpeg\"},\"views\":\"15\",\"likes\":\"0\"},\"title\":\"080 Barcelona Spring-Summer 2015\",\"description\":\"<p>080 Barcelona Spring-Summer 2015<\\\/p>\",\"link\":null,\"link_target\":\"\",\"download\":\"https:\\\/\\\/bobvarela.com\\\/wp-content\\\/flagallery\\\/manuel-bolano-primavera-verano-2015\\\/bolano-017.jpg\",\"ratio\":0.66815144766146994381728063672198913991451263427734375},{\"id\":\"16736\",\"image\":\"https:\\\/\\\/bobvarela.com\\\/wp-content\\\/flagallery\\\/manuel-bolano-primavera-verano-2015\\\/webview\\\/bolano-018.jpg\",\"thumb\":\"https:\\\/\\\/bobvarela.com\\\/wp-content\\\/flagallery\\\/manuel-bolano-primavera-verano-2015\\\/thumbs\\\/thumbs_bolano-018.jpg\",\"file\":\"bolano-018.jpg\",\"meta\":{\"aperture\":false,\"credit\":false,\"camera\":false,\"caption\":\"080 Barcelona Spring-Summer 2015\",\"created_timestamp\":\"July 3, 2014 9:28 pm\",\"copyright\":\"\\u00c2\\u00a9 2014 Estrop-Barcelona PHOTOGRAPH FOR EDITORIAL USE ONLY\",\"focal_length\":false,\"iso\":false,\"shutter_speed\":false,\"flash\":false,\"title\":\"080 Barcelona Spring-Summer 2015\",\"keywords\":\"Spring-Summer 2015\",\"width\":600,\"height\":898,\"saved\":true,\"thumbnail\":{\"width\":220,\"height\":220},\"webview\":{\"0\":600,\"1\":898,\"2\":2,\"3\":\"width=\\\"600\\\" height=\\\"898\\\"\",\"bits\":8,\"channels\":3,\"mime\":\"image\\\/jpeg\"},\"views\":\"15\",\"likes\":\"0\"},\"title\":\"080 Barcelona Spring-Summer 2015\",\"description\":\"<p>080 Barcelona Spring-Summer 2015<\\\/p>\",\"link\":null,\"link_target\":\"\",\"download\":\"https:\\\/\\\/bobvarela.com\\\/wp-content\\\/flagallery\\\/manuel-bolano-primavera-verano-2015\\\/bolano-018.jpg\",\"ratio\":0.66815144766146994381728063672198913991451263427734375},{\"id\":\"16737\",\"image\":\"https:\\\/\\\/bobvarela.com\\\/wp-content\\\/flagallery\\\/manuel-bolano-primavera-verano-2015\\\/webview\\\/bolano-020.jpg\",\"thumb\":\"https:\\\/\\\/bobvarela.com\\\/wp-content\\\/flagallery\\\/manuel-bolano-primavera-verano-2015\\\/thumbs\\\/thumbs_bolano-020.jpg\",\"file\":\"bolano-020.jpg\",\"meta\":{\"aperture\":false,\"credit\":false,\"camera\":false,\"caption\":\"080 Barcelona Spring-Summer 2015\",\"created_timestamp\":\"July 3, 2014 9:28 pm\",\"copyright\":\"\\u00c2\\u00a9 2014 Estrop-Barcelona PHOTOGRAPH FOR EDITORIAL USE ONLY\",\"focal_length\":false,\"iso\":false,\"shutter_speed\":false,\"flash\":false,\"title\":\"080 Barcelona Spring-Summer 2015\",\"keywords\":\"Spring-Summer 2015\",\"width\":600,\"height\":898,\"saved\":true,\"thumbnail\":{\"width\":220,\"height\":220},\"webview\":{\"0\":600,\"1\":898,\"2\":2,\"3\":\"width=\\\"600\\\" height=\\\"898\\\"\",\"bits\":8,\"channels\":3,\"mime\":\"image\\\/jpeg\"},\"views\":\"15\",\"likes\":\"0\"},\"title\":\"080 Barcelona Spring-Summer 2015\",\"description\":\"<p>080 Barcelona Spring-Summer 2015<\\\/p>\",\"link\":null,\"link_target\":\"\",\"download\":\"https:\\\/\\\/bobvarela.com\\\/wp-content\\\/flagallery\\\/manuel-bolano-primavera-verano-2015\\\/bolano-020.jpg\",\"ratio\":0.66815144766146994381728063672198913991451263427734375},{\"id\":\"16738\",\"image\":\"https:\\\/\\\/bobvarela.com\\\/wp-content\\\/flagallery\\\/manuel-bolano-primavera-verano-2015\\\/webview\\\/bolano-021.jpg\",\"thumb\":\"https:\\\/\\\/bobvarela.com\\\/wp-content\\\/flagallery\\\/manuel-bolano-primavera-verano-2015\\\/thumbs\\\/thumbs_bolano-021.jpg\",\"file\":\"bolano-021.jpg\",\"meta\":{\"aperture\":false,\"credit\":false,\"camera\":false,\"caption\":\"080 Barcelona Spring-Summer 2015\",\"created_timestamp\":\"July 3, 2014 9:27 pm\",\"copyright\":\"\\u00c2\\u00a9 2014 Estrop-Barcelona PHOTOGRAPH FOR EDITORIAL USE ONLY\",\"focal_length\":false,\"iso\":false,\"shutter_speed\":false,\"flash\":false,\"title\":\"080 Barcelona Spring-Summer 2015\",\"keywords\":\"Spring-Summer 2015\",\"width\":600,\"height\":898,\"saved\":true,\"thumbnail\":{\"width\":220,\"height\":220},\"webview\":{\"0\":600,\"1\":898,\"2\":2,\"3\":\"width=\\\"600\\\" height=\\\"898\\\"\",\"bits\":8,\"channels\":3,\"mime\":\"image\\\/jpeg\"},\"views\":\"15\",\"likes\":\"0\"},\"title\":\"080 Barcelona Spring-Summer 2015\",\"description\":\"<p>080 Barcelona Spring-Summer 2015<\\\/p>\",\"link\":null,\"link_target\":\"\",\"download\":\"https:\\\/\\\/bobvarela.com\\\/wp-content\\\/flagallery\\\/manuel-bolano-primavera-verano-2015\\\/bolano-021.jpg\",\"ratio\":0.66815144766146994381728063672198913991451263427734375},{\"id\":\"16739\",\"image\":\"https:\\\/\\\/bobvarela.com\\\/wp-content\\\/flagallery\\\/manuel-bolano-primavera-verano-2015\\\/webview\\\/bolano-023.jpg\",\"thumb\":\"https:\\\/\\\/bobvarela.com\\\/wp-content\\\/flagallery\\\/manuel-bolano-primavera-verano-2015\\\/thumbs\\\/thumbs_bolano-023.jpg\",\"file\":\"bolano-023.jpg\",\"meta\":{\"aperture\":false,\"credit\":false,\"camera\":false,\"caption\":\"080 Barcelona Spring-Summer 2015\",\"created_timestamp\":\"July 3, 2014 9:27 pm\",\"copyright\":\"\\u00c2\\u00a9 2014 Estrop-Barcelona PHOTOGRAPH FOR EDITORIAL USE ONLY\",\"focal_length\":false,\"iso\":false,\"shutter_speed\":false,\"flash\":false,\"title\":\"080 Barcelona Spring-Summer 2015\",\"keywords\":\"Spring-Summer 2015\",\"width\":600,\"height\":898,\"saved\":true,\"thumbnail\":{\"width\":220,\"height\":220},\"webview\":{\"0\":600,\"1\":898,\"2\":2,\"3\":\"width=\\\"600\\\" height=\\\"898\\\"\",\"bits\":8,\"channels\":3,\"mime\":\"image\\\/jpeg\"},\"views\":\"14\",\"likes\":\"0\"},\"title\":\"080 Barcelona Spring-Summer 2015\",\"description\":\"<p>080 Barcelona Spring-Summer 2015<\\\/p>\",\"link\":null,\"link_target\":\"\",\"download\":\"https:\\\/\\\/bobvarela.com\\\/wp-content\\\/flagallery\\\/manuel-bolano-primavera-verano-2015\\\/bolano-023.jpg\",\"ratio\":0.66815144766146994381728063672198913991451263427734375},{\"id\":\"16740\",\"image\":\"https:\\\/\\\/bobvarela.com\\\/wp-content\\\/flagallery\\\/manuel-bolano-primavera-verano-2015\\\/webview\\\/bolano-024.jpg\",\"thumb\":\"https:\\\/\\\/bobvarela.com\\\/wp-content\\\/flagallery\\\/manuel-bolano-primavera-verano-2015\\\/thumbs\\\/thumbs_bolano-024.jpg\",\"file\":\"bolano-024.jpg\",\"meta\":{\"aperture\":false,\"credit\":false,\"camera\":false,\"caption\":\"080 Barcelona Spring-Summer 2015\",\"created_timestamp\":\"July 3, 2014 9:27 pm\",\"copyright\":\"\\u00c2\\u00a9 2014 Estrop-Barcelona PHOTOGRAPH FOR EDITORIAL USE ONLY\",\"focal_length\":false,\"iso\":false,\"shutter_speed\":false,\"flash\":false,\"title\":\"080 Barcelona Spring-Summer 2015\",\"keywords\":\"Spring-Summer 2015\",\"width\":600,\"height\":898,\"saved\":true,\"thumbnail\":{\"width\":220,\"height\":220},\"webview\":{\"0\":600,\"1\":898,\"2\":2,\"3\":\"width=\\\"600\\\" height=\\\"898\\\"\",\"bits\":8,\"channels\":3,\"mime\":\"image\\\/jpeg\"},\"views\":\"16\",\"likes\":\"0\"},\"title\":\"080 Barcelona Spring-Summer 2015\",\"description\":\"<p>080 Barcelona Spring-Summer 2015<\\\/p>\",\"link\":null,\"link_target\":\"\",\"download\":\"https:\\\/\\\/bobvarela.com\\\/wp-content\\\/flagallery\\\/manuel-bolano-primavera-verano-2015\\\/bolano-024.jpg\",\"ratio\":0.66815144766146994381728063672198913991451263427734375},{\"id\":\"16741\",\"image\":\"https:\\\/\\\/bobvarela.com\\\/wp-content\\\/flagallery\\\/manuel-bolano-primavera-verano-2015\\\/webview\\\/bolano-026.jpg\",\"thumb\":\"https:\\\/\\\/bobvarela.com\\\/wp-content\\\/flagallery\\\/manuel-bolano-primavera-verano-2015\\\/thumbs\\\/thumbs_bolano-026.jpg\",\"file\":\"bolano-026.jpg\",\"meta\":{\"aperture\":false,\"credit\":false,\"camera\":false,\"caption\":\"080 Barcelona Spring-Summer 2015\",\"created_timestamp\":\"July 3, 2014 9:29 pm\",\"copyright\":\"\\u00c2\\u00a9 2014 Estrop-Barcelona PHOTOGRAPH FOR EDITORIAL USE ONLY\",\"focal_length\":false,\"iso\":false,\"shutter_speed\":false,\"flash\":false,\"title\":\"080 Barcelona Spring-Summer 2015\",\"keywords\":\"Spring-Summer 2015\",\"width\":600,\"height\":898,\"saved\":true,\"thumbnail\":{\"width\":220,\"height\":220},\"webview\":{\"0\":600,\"1\":898,\"2\":2,\"3\":\"width=\\\"600\\\" height=\\\"898\\\"\",\"bits\":8,\"channels\":3,\"mime\":\"image\\\/jpeg\"},\"views\":\"15\",\"likes\":\"0\"},\"title\":\"080 Barcelona Spring-Summer 2015\",\"description\":\"<p>080 Barcelona Spring-Summer 2015<\\\/p>\",\"link\":null,\"link_target\":\"\",\"download\":\"https:\\\/\\\/bobvarela.com\\\/wp-content\\\/flagallery\\\/manuel-bolano-primavera-verano-2015\\\/bolano-026.jpg\",\"ratio\":0.66815144766146994381728063672198913991451263427734375},{\"id\":\"16742\",\"image\":\"https:\\\/\\\/bobvarela.com\\\/wp-content\\\/flagallery\\\/manuel-bolano-primavera-verano-2015\\\/webview\\\/bolano-027.jpg\",\"thumb\":\"https:\\\/\\\/bobvarela.com\\\/wp-content\\\/flagallery\\\/manuel-bolano-primavera-verano-2015\\\/thumbs\\\/thumbs_bolano-027.jpg\",\"file\":\"bolano-027.jpg\",\"meta\":{\"aperture\":false,\"credit\":false,\"camera\":false,\"caption\":\"080 Barcelona Spring-Summer 2015\",\"created_timestamp\":\"July 3, 2014 9:29 pm\",\"copyright\":\"\\u00c2\\u00a9 2014 Estrop-Barcelona PHOTOGRAPH FOR EDITORIAL USE ONLY\",\"focal_length\":false,\"iso\":false,\"shutter_speed\":false,\"flash\":false,\"title\":\"080 Barcelona Spring-Summer 2015\",\"keywords\":\"Spring-Summer 2015\",\"width\":600,\"height\":898,\"saved\":true,\"thumbnail\":{\"width\":220,\"height\":220},\"webview\":{\"0\":600,\"1\":898,\"2\":2,\"3\":\"width=\\\"600\\\" height=\\\"898\\\"\",\"bits\":8,\"channels\":3,\"mime\":\"image\\\/jpeg\"},\"views\":\"14\",\"likes\":\"0\"},\"title\":\"080 Barcelona Spring-Summer 2015\",\"description\":\"<p>080 Barcelona Spring-Summer 2015<\\\/p>\",\"link\":null,\"link_target\":\"\",\"download\":\"https:\\\/\\\/bobvarela.com\\\/wp-content\\\/flagallery\\\/manuel-bolano-primavera-verano-2015\\\/bolano-027.jpg\",\"ratio\":0.66815144766146994381728063672198913991451263427734375},{\"id\":\"16743\",\"image\":\"https:\\\/\\\/bobvarela.com\\\/wp-content\\\/flagallery\\\/manuel-bolano-primavera-verano-2015\\\/webview\\\/bolano-028.jpg\",\"thumb\":\"https:\\\/\\\/bobvarela.com\\\/wp-content\\\/flagallery\\\/manuel-bolano-primavera-verano-2015\\\/thumbs\\\/thumbs_bolano-028.jpg\",\"file\":\"bolano-028.jpg\",\"meta\":{\"aperture\":false,\"credit\":false,\"camera\":false,\"caption\":\"080 Barcelona Spring-Summer 2015\",\"created_timestamp\":\"July 3, 2014 9:27 pm\",\"copyright\":\"\\u00c2\\u00a9 2014 Estrop-Barcelona PHOTOGRAPH FOR EDITORIAL USE ONLY\",\"focal_length\":false,\"iso\":false,\"shutter_speed\":false,\"flash\":false,\"title\":\"080 Barcelona Spring-Summer 2015\",\"keywords\":\"Spring-Summer 2015\",\"width\":600,\"height\":898,\"saved\":true,\"thumbnail\":{\"width\":220,\"height\":220},\"webview\":{\"0\":600,\"1\":898,\"2\":2,\"3\":\"width=\\\"600\\\" height=\\\"898\\\"\",\"bits\":8,\"channels\":3,\"mime\":\"image\\\/jpeg\"},\"views\":\"14\",\"likes\":\"0\"},\"title\":\"080 Barcelona Spring-Summer 2015\",\"description\":\"<p>080 Barcelona Spring-Summer 2015<\\\/p>\",\"link\":null,\"link_target\":\"\",\"download\":\"https:\\\/\\\/bobvarela.com\\\/wp-content\\\/flagallery\\\/manuel-bolano-primavera-verano-2015\\\/bolano-028.jpg\",\"ratio\":0.66815144766146994381728063672198913991451263427734375},{\"id\":\"16744\",\"image\":\"https:\\\/\\\/bobvarela.com\\\/wp-content\\\/flagallery\\\/manuel-bolano-primavera-verano-2015\\\/webview\\\/bolano-030.jpg\",\"thumb\":\"https:\\\/\\\/bobvarela.com\\\/wp-content\\\/flagallery\\\/manuel-bolano-primavera-verano-2015\\\/thumbs\\\/thumbs_bolano-030.jpg\",\"file\":\"bolano-030.jpg\",\"meta\":{\"aperture\":false,\"credit\":false,\"camera\":false,\"caption\":\"080 Barcelona Spring-Summer 2015\",\"created_timestamp\":\"July 3, 2014 9:27 pm\",\"copyright\":\"\\u00c2\\u00a9 2014 Estrop-Barcelona PHOTOGRAPH FOR EDITORIAL USE ONLY\",\"focal_length\":false,\"iso\":false,\"shutter_speed\":false,\"flash\":false,\"title\":\"080 Barcelona Spring-Summer 2015\",\"keywords\":\"Spring-Summer 2015\",\"width\":600,\"height\":898,\"saved\":true,\"thumbnail\":{\"width\":220,\"height\":220},\"webview\":{\"0\":600,\"1\":898,\"2\":2,\"3\":\"width=\\\"600\\\" height=\\\"898\\\"\",\"bits\":8,\"channels\":3,\"mime\":\"image\\\/jpeg\"},\"views\":\"14\",\"likes\":\"0\"},\"title\":\"080 Barcelona Spring-Summer 2015\",\"description\":\"<p>080 Barcelona Spring-Summer 2015<\\\/p>\",\"link\":null,\"link_target\":\"\",\"download\":\"https:\\\/\\\/bobvarela.com\\\/wp-content\\\/flagallery\\\/manuel-bolano-primavera-verano-2015\\\/bolano-030.jpg\",\"ratio\":0.66815144766146994381728063672198913991451263427734375},{\"id\":\"16745\",\"image\":\"https:\\\/\\\/bobvarela.com\\\/wp-content\\\/flagallery\\\/manuel-bolano-primavera-verano-2015\\\/webview\\\/bolano-031.jpg\",\"thumb\":\"https:\\\/\\\/bobvarela.com\\\/wp-content\\\/flagallery\\\/manuel-bolano-primavera-verano-2015\\\/thumbs\\\/thumbs_bolano-031.jpg\",\"file\":\"bolano-031.jpg\",\"meta\":{\"aperture\":false,\"credit\":false,\"camera\":false,\"caption\":\"080 Barcelona Spring-Summer 2015\",\"created_timestamp\":\"July 3, 2014 9:27 pm\",\"copyright\":\"\\u00c2\\u00a9 2014 Estrop-Barcelona PHOTOGRAPH FOR EDITORIAL USE ONLY\",\"focal_length\":false,\"iso\":false,\"shutter_speed\":false,\"flash\":false,\"title\":\"080 Barcelona Spring-Summer 2015\",\"keywords\":\"Spring-Summer 2015\",\"width\":600,\"height\":898,\"saved\":true,\"thumbnail\":{\"width\":220,\"height\":220},\"webview\":{\"0\":600,\"1\":898,\"2\":2,\"3\":\"width=\\\"600\\\" height=\\\"898\\\"\",\"bits\":8,\"channels\":3,\"mime\":\"image\\\/jpeg\"},\"views\":\"14\",\"likes\":\"0\"},\"title\":\"080 Barcelona Spring-Summer 2015\",\"description\":\"<p>080 Barcelona Spring-Summer 2015<\\\/p>\",\"link\":null,\"link_target\":\"\",\"download\":\"https:\\\/\\\/bobvarela.com\\\/wp-content\\\/flagallery\\\/manuel-bolano-primavera-verano-2015\\\/bolano-031.jpg\",\"ratio\":0.66815144766146994381728063672198913991451263427734375},{\"id\":\"16746\",\"image\":\"https:\\\/\\\/bobvarela.com\\\/wp-content\\\/flagallery\\\/manuel-bolano-primavera-verano-2015\\\/webview\\\/bolano-032.jpg\",\"thumb\":\"https:\\\/\\\/bobvarela.com\\\/wp-content\\\/flagallery\\\/manuel-bolano-primavera-verano-2015\\\/thumbs\\\/thumbs_bolano-032.jpg\",\"file\":\"bolano-032.jpg\",\"meta\":{\"aperture\":false,\"credit\":false,\"camera\":false,\"caption\":\"080 Barcelona Spring-Summer 2015\",\"created_timestamp\":\"July 3, 2014 9:29 pm\",\"copyright\":\"\\u00c2\\u00a9 2014 Estrop-Barcelona PHOTOGRAPH FOR EDITORIAL USE ONLY\",\"focal_length\":false,\"iso\":false,\"shutter_speed\":false,\"flash\":false,\"title\":\"080 Barcelona Spring-Summer 2015\",\"keywords\":\"Spring-Summer 2015\",\"width\":600,\"height\":898,\"saved\":true,\"thumbnail\":{\"width\":220,\"height\":220},\"webview\":{\"0\":600,\"1\":898,\"2\":2,\"3\":\"width=\\\"600\\\" height=\\\"898\\\"\",\"bits\":8,\"channels\":3,\"mime\":\"image\\\/jpeg\"},\"views\":\"13\",\"likes\":\"0\"},\"title\":\"080 Barcelona Spring-Summer 2015\",\"description\":\"<p>080 Barcelona Spring-Summer 2015<\\\/p>\",\"link\":null,\"link_target\":\"\",\"download\":\"https:\\\/\\\/bobvarela.com\\\/wp-content\\\/flagallery\\\/manuel-bolano-primavera-verano-2015\\\/bolano-032.jpg\",\"ratio\":0.66815144766146994381728063672198913991451263427734375},{\"id\":\"16747\",\"image\":\"https:\\\/\\\/bobvarela.com\\\/wp-content\\\/flagallery\\\/manuel-bolano-primavera-verano-2015\\\/webview\\\/bolano-034.jpg\",\"thumb\":\"https:\\\/\\\/bobvarela.com\\\/wp-content\\\/flagallery\\\/manuel-bolano-primavera-verano-2015\\\/thumbs\\\/thumbs_bolano-034.jpg\",\"file\":\"bolano-034.jpg\",\"meta\":{\"aperture\":false,\"credit\":false,\"camera\":false,\"caption\":\"080 Barcelona Spring-Summer 2015\",\"created_timestamp\":\"July 3, 2014 9:29 pm\",\"copyright\":\"\\u00c2\\u00a9 2014 Estrop-Barcelona PHOTOGRAPH FOR EDITORIAL USE ONLY\",\"focal_length\":false,\"iso\":false,\"shutter_speed\":false,\"flash\":false,\"title\":\"080 Barcelona Spring-Summer 2015\",\"keywords\":\"Spring-Summer 2015\",\"width\":600,\"height\":898,\"saved\":true,\"thumbnail\":{\"width\":220,\"height\":220},\"webview\":{\"0\":600,\"1\":898,\"2\":2,\"3\":\"width=\\\"600\\\" height=\\\"898\\\"\",\"bits\":8,\"channels\":3,\"mime\":\"image\\\/jpeg\"},\"views\":\"12\",\"likes\":\"0\"},\"title\":\"080 Barcelona Spring-Summer 2015\",\"description\":\"<p>080 Barcelona Spring-Summer 2015<\\\/p>\",\"link\":null,\"link_target\":\"\",\"download\":\"https:\\\/\\\/bobvarela.com\\\/wp-content\\\/flagallery\\\/manuel-bolano-primavera-verano-2015\\\/bolano-034.jpg\",\"ratio\":0.66815144766146994381728063672198913991451263427734375},{\"id\":\"16748\",\"image\":\"https:\\\/\\\/bobvarela.com\\\/wp-content\\\/flagallery\\\/manuel-bolano-primavera-verano-2015\\\/webview\\\/bolano-035.jpg\",\"thumb\":\"https:\\\/\\\/bobvarela.com\\\/wp-content\\\/flagallery\\\/manuel-bolano-primavera-verano-2015\\\/thumbs\\\/thumbs_bolano-035.jpg\",\"file\":\"bolano-035.jpg\",\"meta\":{\"aperture\":false,\"credit\":false,\"camera\":false,\"caption\":\"080 Barcelona Spring-Summer 2015\",\"created_timestamp\":\"July 3, 2014 9:29 pm\",\"copyright\":\"\\u00c2\\u00a9 2014 Estrop-Barcelona PHOTOGRAPH FOR EDITORIAL USE ONLY\",\"focal_length\":false,\"iso\":false,\"shutter_speed\":false,\"flash\":false,\"title\":\"080 Barcelona Spring-Summer 2015\",\"keywords\":\"Spring-Summer 2015\",\"width\":600,\"height\":900,\"saved\":true,\"thumbnail\":{\"width\":220,\"height\":220},\"webview\":{\"0\":600,\"1\":900,\"2\":2,\"3\":\"width=\\\"600\\\" height=\\\"900\\\"\",\"bits\":8,\"channels\":3,\"mime\":\"image\\\/jpeg\"},\"views\":\"14\",\"likes\":\"0\"},\"title\":\"080 Barcelona Spring-Summer 2015\",\"description\":\"<p>080 Barcelona Spring-Summer 2015<\\\/p>\",\"link\":null,\"link_target\":\"\",\"download\":\"https:\\\/\\\/bobvarela.com\\\/wp-content\\\/flagallery\\\/manuel-bolano-primavera-verano-2015\\\/bolano-035.jpg\",\"ratio\":0.66666666666666662965923251249478198587894439697265625},{\"id\":\"16749\",\"image\":\"https:\\\/\\\/bobvarela.com\\\/wp-content\\\/flagallery\\\/manuel-bolano-primavera-verano-2015\\\/webview\\\/bolano-037.jpg\",\"thumb\":\"https:\\\/\\\/bobvarela.com\\\/wp-content\\\/flagallery\\\/manuel-bolano-primavera-verano-2015\\\/thumbs\\\/thumbs_bolano-037.jpg\",\"file\":\"bolano-037.jpg\",\"meta\":{\"aperture\":false,\"credit\":false,\"camera\":false,\"caption\":\"080 Barcelona Spring-Summer 2015\",\"created_timestamp\":\"July 3, 2014 9:28 pm\",\"copyright\":\"\\u00c2\\u00a9 2014 Estrop-Barcelona PHOTOGRAPH FOR EDITORIAL USE ONLY\",\"focal_length\":false,\"iso\":false,\"shutter_speed\":false,\"flash\":false,\"title\":\"080 Barcelona Spring-Summer 2015\",\"keywords\":\"Spring-Summer 2015\",\"width\":600,\"height\":898,\"saved\":true,\"thumbnail\":{\"width\":220,\"height\":220},\"webview\":{\"0\":600,\"1\":898,\"2\":2,\"3\":\"width=\\\"600\\\" height=\\\"898\\\"\",\"bits\":8,\"channels\":3,\"mime\":\"image\\\/jpeg\"},\"views\":\"12\",\"likes\":\"0\"},\"title\":\"080 Barcelona Spring-Summer 2015\",\"description\":\"<p>080 Barcelona Spring-Summer 2015<\\\/p>\",\"link\":null,\"link_target\":\"\",\"download\":\"https:\\\/\\\/bobvarela.com\\\/wp-content\\\/flagallery\\\/manuel-bolano-primavera-verano-2015\\\/bolano-037.jpg\",\"ratio\":0.66815144766146994381728063672198913991451263427734375},{\"id\":\"16750\",\"image\":\"https:\\\/\\\/bobvarela.com\\\/wp-content\\\/flagallery\\\/manuel-bolano-primavera-verano-2015\\\/webview\\\/bolano-038.jpg\",\"thumb\":\"https:\\\/\\\/bobvarela.com\\\/wp-content\\\/flagallery\\\/manuel-bolano-primavera-verano-2015\\\/thumbs\\\/thumbs_bolano-038.jpg\",\"file\":\"bolano-038.jpg\",\"meta\":{\"aperture\":false,\"credit\":false,\"camera\":false,\"caption\":\"080 Barcelona Spring-Summer 2015\",\"created_timestamp\":\"July 3, 2014 9:28 pm\",\"copyright\":\"\\u00c2\\u00a9 2014 Estrop-Barcelona PHOTOGRAPH FOR EDITORIAL USE ONLY\",\"focal_length\":false,\"iso\":false,\"shutter_speed\":false,\"flash\":false,\"title\":\"080 Barcelona Spring-Summer 2015\",\"keywords\":\"Spring-Summer 2015\",\"width\":600,\"height\":898,\"saved\":true,\"thumbnail\":{\"width\":220,\"height\":220},\"webview\":{\"0\":600,\"1\":898,\"2\":2,\"3\":\"width=\\\"600\\\" height=\\\"898\\\"\",\"bits\":8,\"channels\":3,\"mime\":\"image\\\/jpeg\"},\"views\":\"13\",\"likes\":\"0\"},\"title\":\"080 Barcelona Spring-Summer 2015\",\"description\":\"<p>080 Barcelona Spring-Summer 2015<\\\/p>\",\"link\":null,\"link_target\":\"\",\"download\":\"https:\\\/\\\/bobvarela.com\\\/wp-content\\\/flagallery\\\/manuel-bolano-primavera-verano-2015\\\/bolano-038.jpg\",\"ratio\":0.66815144766146994381728063672198913991451263427734375},{\"id\":\"16751\",\"image\":\"https:\\\/\\\/bobvarela.com\\\/wp-content\\\/flagallery\\\/manuel-bolano-primavera-verano-2015\\\/webview\\\/bolano-039.jpg\",\"thumb\":\"https:\\\/\\\/bobvarela.com\\\/wp-content\\\/flagallery\\\/manuel-bolano-primavera-verano-2015\\\/thumbs\\\/thumbs_bolano-039.jpg\",\"file\":\"bolano-039.jpg\",\"meta\":{\"aperture\":false,\"credit\":false,\"camera\":false,\"caption\":\"080 Barcelona Spring-Summer 2015\",\"created_timestamp\":\"July 3, 2014 9:28 pm\",\"copyright\":\"\\u00c2\\u00a9 2014 Estrop-Barcelona PHOTOGRAPH FOR EDITORIAL USE ONLY\",\"focal_length\":false,\"iso\":false,\"shutter_speed\":false,\"flash\":false,\"title\":\"080 Barcelona Spring-Summer 2015\",\"keywords\":\"Spring-Summer 2015\",\"width\":600,\"height\":898,\"saved\":true,\"thumbnail\":{\"width\":220,\"height\":220},\"webview\":{\"0\":600,\"1\":898,\"2\":2,\"3\":\"width=\\\"600\\\" height=\\\"898\\\"\",\"bits\":8,\"channels\":3,\"mime\":\"image\\\/jpeg\"},\"views\":\"13\",\"likes\":\"0\"},\"title\":\"080 Barcelona Spring-Summer 2015\",\"description\":\"<p>080 Barcelona Spring-Summer 2015<\\\/p>\",\"link\":null,\"link_target\":\"\",\"download\":\"https:\\\/\\\/bobvarela.com\\\/wp-content\\\/flagallery\\\/manuel-bolano-primavera-verano-2015\\\/bolano-039.jpg\",\"ratio\":0.66815144766146994381728063672198913991451263427734375},{\"id\":\"16752\",\"image\":\"https:\\\/\\\/bobvarela.com\\\/wp-content\\\/flagallery\\\/manuel-bolano-primavera-verano-2015\\\/webview\\\/bolano-041.jpg\",\"thumb\":\"https:\\\/\\\/bobvarela.com\\\/wp-content\\\/flagallery\\\/manuel-bolano-primavera-verano-2015\\\/thumbs\\\/thumbs_bolano-041.jpg\",\"file\":\"bolano-041.jpg\",\"meta\":{\"aperture\":false,\"credit\":false,\"camera\":false,\"caption\":\"080 Barcelona Spring-Summer 2015\",\"created_timestamp\":\"July 3, 2014 9:30 pm\",\"copyright\":\"\\u00c2\\u00a9 2014 Estrop-Barcelona PHOTOGRAPH FOR EDITORIAL USE ONLY\",\"focal_length\":false,\"iso\":false,\"shutter_speed\":false,\"flash\":false,\"title\":\"080 Barcelona Spring-Summer 2015\",\"keywords\":\"Spring-Summer 2015\",\"width\":600,\"height\":898,\"saved\":true,\"thumbnail\":{\"width\":220,\"height\":220},\"webview\":{\"0\":600,\"1\":898,\"2\":2,\"3\":\"width=\\\"600\\\" height=\\\"898\\\"\",\"bits\":8,\"channels\":3,\"mime\":\"image\\\/jpeg\"},\"views\":\"13\",\"likes\":\"0\"},\"title\":\"080 Barcelona Spring-Summer 2015\",\"description\":\"<p>080 Barcelona Spring-Summer 2015<\\\/p>\",\"link\":null,\"link_target\":\"\",\"download\":\"https:\\\/\\\/bobvarela.com\\\/wp-content\\\/flagallery\\\/manuel-bolano-primavera-verano-2015\\\/bolano-041.jpg\",\"ratio\":0.66815144766146994381728063672198913991451263427734375},{\"id\":\"16753\",\"image\":\"https:\\\/\\\/bobvarela.com\\\/wp-content\\\/flagallery\\\/manuel-bolano-primavera-verano-2015\\\/webview\\\/bolano-042.jpg\",\"thumb\":\"https:\\\/\\\/bobvarela.com\\\/wp-content\\\/flagallery\\\/manuel-bolano-primavera-verano-2015\\\/thumbs\\\/thumbs_bolano-042.jpg\",\"file\":\"bolano-042.jpg\",\"meta\":{\"aperture\":false,\"credit\":false,\"camera\":false,\"caption\":\"080 Barcelona Spring-Summer 2015\",\"created_timestamp\":\"July 3, 2014 9:30 pm\",\"copyright\":\"\\u00c2\\u00a9 2014 Estrop-Barcelona PHOTOGRAPH FOR EDITORIAL USE ONLY\",\"focal_length\":false,\"iso\":false,\"shutter_speed\":false,\"flash\":false,\"title\":\"080 Barcelona Spring-Summer 2015\",\"keywords\":\"Spring-Summer 2015\",\"width\":600,\"height\":898,\"saved\":true,\"thumbnail\":{\"width\":220,\"height\":220},\"webview\":{\"0\":600,\"1\":898,\"2\":2,\"3\":\"width=\\\"600\\\" height=\\\"898\\\"\",\"bits\":8,\"channels\":3,\"mime\":\"image\\\/jpeg\"},\"views\":\"13\",\"likes\":\"0\"},\"title\":\"080 Barcelona Spring-Summer 2015\",\"description\":\"<p>080 Barcelona Spring-Summer 2015<\\\/p>\",\"link\":null,\"link_target\":\"\",\"download\":\"https:\\\/\\\/bobvarela.com\\\/wp-content\\\/flagallery\\\/manuel-bolano-primavera-verano-2015\\\/bolano-042.jpg\",\"ratio\":0.66815144766146994381728063672198913991451263427734375},{\"id\":\"16754\",\"image\":\"https:\\\/\\\/bobvarela.com\\\/wp-content\\\/flagallery\\\/manuel-bolano-primavera-verano-2015\\\/webview\\\/bolano-044.jpg\",\"thumb\":\"https:\\\/\\\/bobvarela.com\\\/wp-content\\\/flagallery\\\/manuel-bolano-primavera-verano-2015\\\/thumbs\\\/thumbs_bolano-044.jpg\",\"file\":\"bolano-044.jpg\",\"meta\":{\"aperture\":false,\"credit\":false,\"camera\":false,\"caption\":\"080 Barcelona Spring-Summer 2015\",\"created_timestamp\":\"July 3, 2014 9:29 pm\",\"copyright\":\"\\u00c2\\u00a9 2014 Estrop-Barcelona PHOTOGRAPH FOR EDITORIAL USE ONLY\",\"focal_length\":false,\"iso\":false,\"shutter_speed\":false,\"flash\":false,\"title\":\"080 Barcelona Spring-Summer 2015\",\"keywords\":\"Spring-Summer 2015\",\"width\":600,\"height\":898,\"saved\":true,\"thumbnail\":{\"width\":220,\"height\":220},\"webview\":{\"0\":600,\"1\":898,\"2\":2,\"3\":\"width=\\\"600\\\" height=\\\"898\\\"\",\"bits\":8,\"channels\":3,\"mime\":\"image\\\/jpeg\"},\"views\":\"13\",\"likes\":\"0\"},\"title\":\"080 Barcelona Spring-Summer 2015\",\"description\":\"<p>080 Barcelona Spring-Summer 2015<\\\/p>\",\"link\":null,\"link_target\":\"\",\"download\":\"https:\\\/\\\/bobvarela.com\\\/wp-content\\\/flagallery\\\/manuel-bolano-primavera-verano-2015\\\/bolano-044.jpg\",\"ratio\":0.66815144766146994381728063672198913991451263427734375},{\"id\":\"16755\",\"image\":\"https:\\\/\\\/bobvarela.com\\\/wp-content\\\/flagallery\\\/manuel-bolano-primavera-verano-2015\\\/webview\\\/bolano-045.jpg\",\"thumb\":\"https:\\\/\\\/bobvarela.com\\\/wp-content\\\/flagallery\\\/manuel-bolano-primavera-verano-2015\\\/thumbs\\\/thumbs_bolano-045.jpg\",\"file\":\"bolano-045.jpg\",\"meta\":{\"aperture\":false,\"credit\":false,\"camera\":false,\"caption\":\"080 Barcelona Spring-Summer 2015\",\"created_timestamp\":\"July 3, 2014 9:29 pm\",\"copyright\":\"\\u00c2\\u00a9 2014 Estrop-Barcelona PHOTOGRAPH FOR EDITORIAL USE ONLY\",\"focal_length\":false,\"iso\":false,\"shutter_speed\":false,\"flash\":false,\"title\":\"080 Barcelona Spring-Summer 2015\",\"keywords\":\"Spring-Summer 2015\",\"width\":600,\"height\":898,\"saved\":true,\"thumbnail\":{\"width\":220,\"height\":220},\"webview\":{\"0\":600,\"1\":898,\"2\":2,\"3\":\"width=\\\"600\\\" height=\\\"898\\\"\",\"bits\":8,\"channels\":3,\"mime\":\"image\\\/jpeg\"},\"views\":\"13\",\"likes\":\"0\"},\"title\":\"080 Barcelona Spring-Summer 2015\",\"description\":\"<p>080 Barcelona Spring-Summer 2015<\\\/p>\",\"link\":null,\"link_target\":\"\",\"download\":\"https:\\\/\\\/bobvarela.com\\\/wp-content\\\/flagallery\\\/manuel-bolano-primavera-verano-2015\\\/bolano-045.jpg\",\"ratio\":0.66815144766146994381728063672198913991451263427734375},{\"id\":\"16756\",\"image\":\"https:\\\/\\\/bobvarela.com\\\/wp-content\\\/flagallery\\\/manuel-bolano-primavera-verano-2015\\\/webview\\\/bolano-046.jpg\",\"thumb\":\"https:\\\/\\\/bobvarela.com\\\/wp-content\\\/flagallery\\\/manuel-bolano-primavera-verano-2015\\\/thumbs\\\/thumbs_bolano-046.jpg\",\"file\":\"bolano-046.jpg\",\"meta\":{\"aperture\":false,\"credit\":false,\"camera\":false,\"caption\":\"080 Barcelona Spring-Summer 2015\",\"created_timestamp\":\"July 3, 2014 9:31 pm\",\"copyright\":\"\\u00c2\\u00a9 2014 Estrop-Barcelona PHOTOGRAPH FOR EDITORIAL USE ONLY\",\"focal_length\":false,\"iso\":false,\"shutter_speed\":false,\"flash\":false,\"title\":\"080 Barcelona Spring-Summer 2015\",\"keywords\":\"Spring-Summer 2015\",\"width\":600,\"height\":898,\"saved\":true,\"thumbnail\":{\"width\":220,\"height\":220},\"webview\":{\"0\":600,\"1\":898,\"2\":2,\"3\":\"width=\\\"600\\\" height=\\\"898\\\"\",\"bits\":8,\"channels\":3,\"mime\":\"image\\\/jpeg\"},\"views\":\"13\",\"likes\":\"0\"},\"title\":\"080 Barcelona Spring-Summer 2015\",\"description\":\"<p>080 Barcelona Spring-Summer 2015<\\\/p>\",\"link\":null,\"link_target\":\"\",\"download\":\"https:\\\/\\\/bobvarela.com\\\/wp-content\\\/flagallery\\\/manuel-bolano-primavera-verano-2015\\\/bolano-046.jpg\",\"ratio\":0.66815144766146994381728063672198913991451263427734375},{\"id\":\"16757\",\"image\":\"https:\\\/\\\/bobvarela.com\\\/wp-content\\\/flagallery\\\/manuel-bolano-primavera-verano-2015\\\/webview\\\/bolano-048.jpg\",\"thumb\":\"https:\\\/\\\/bobvarela.com\\\/wp-content\\\/flagallery\\\/manuel-bolano-primavera-verano-2015\\\/thumbs\\\/thumbs_bolano-048.jpg\",\"file\":\"bolano-048.jpg\",\"meta\":{\"aperture\":false,\"credit\":false,\"camera\":false,\"caption\":\"080 Barcelona Spring-Summer 2015\",\"created_timestamp\":\"July 3, 2014 9:31 pm\",\"copyright\":\"\\u00c2\\u00a9 2014 Estrop-Barcelona PHOTOGRAPH FOR EDITORIAL USE ONLY\",\"focal_length\":false,\"iso\":false,\"shutter_speed\":false,\"flash\":false,\"title\":\"080 Barcelona Spring-Summer 2015\",\"keywords\":\"Spring-Summer 2015\",\"width\":600,\"height\":898,\"saved\":true,\"thumbnail\":{\"width\":220,\"height\":220},\"webview\":{\"0\":600,\"1\":898,\"2\":2,\"3\":\"width=\\\"600\\\" height=\\\"898\\\"\",\"bits\":8,\"channels\":3,\"mime\":\"image\\\/jpeg\"},\"views\":\"12\",\"likes\":\"0\"},\"title\":\"080 Barcelona Spring-Summer 2015\",\"description\":\"<p>080 Barcelona Spring-Summer 2015<\\\/p>\",\"link\":null,\"link_target\":\"\",\"download\":\"https:\\\/\\\/bobvarela.com\\\/wp-content\\\/flagallery\\\/manuel-bolano-primavera-verano-2015\\\/bolano-048.jpg\",\"ratio\":0.66815144766146994381728063672198913991451263427734375},{\"id\":\"16758\",\"image\":\"https:\\\/\\\/bobvarela.com\\\/wp-content\\\/flagallery\\\/manuel-bolano-primavera-verano-2015\\\/webview\\\/bolano-049.jpg\",\"thumb\":\"https:\\\/\\\/bobvarela.com\\\/wp-content\\\/flagallery\\\/manuel-bolano-primavera-verano-2015\\\/thumbs\\\/thumbs_bolano-049.jpg\",\"file\":\"bolano-049.jpg\",\"meta\":{\"aperture\":false,\"credit\":false,\"camera\":false,\"caption\":\"080 Barcelona Spring-Summer 2015\",\"created_timestamp\":\"July 3, 2014 9:29 pm\",\"copyright\":\"\\u00c2\\u00a9 2014 Estrop-Barcelona PHOTOGRAPH FOR EDITORIAL USE ONLY\",\"focal_length\":false,\"iso\":false,\"shutter_speed\":false,\"flash\":false,\"title\":\"080 Barcelona Spring-Summer 2015\",\"keywords\":\"Spring-Summer 2015\",\"width\":600,\"height\":898,\"saved\":true,\"thumbnail\":{\"width\":220,\"height\":220},\"webview\":{\"0\":600,\"1\":898,\"2\":2,\"3\":\"width=\\\"600\\\" height=\\\"898\\\"\",\"bits\":8,\"channels\":3,\"mime\":\"image\\\/jpeg\"},\"views\":\"12\",\"likes\":\"0\"},\"title\":\"080 Barcelona Spring-Summer 2015\",\"description\":\"<p>080 Barcelona Spring-Summer 2015<\\\/p>\",\"link\":null,\"link_target\":\"\",\"download\":\"https:\\\/\\\/bobvarela.com\\\/wp-content\\\/flagallery\\\/manuel-bolano-primavera-verano-2015\\\/bolano-049.jpg\",\"ratio\":0.66815144766146994381728063672198913991451263427734375},{\"id\":\"16759\",\"image\":\"https:\\\/\\\/bobvarela.com\\\/wp-content\\\/flagallery\\\/manuel-bolano-primavera-verano-2015\\\/webview\\\/bolano-050.jpg\",\"thumb\":\"https:\\\/\\\/bobvarela.com\\\/wp-content\\\/flagallery\\\/manuel-bolano-primavera-verano-2015\\\/thumbs\\\/thumbs_bolano-050.jpg\",\"file\":\"bolano-050.jpg\",\"meta\":{\"aperture\":false,\"credit\":false,\"camera\":false,\"caption\":\"080 Barcelona Spring-Summer 2015\",\"created_timestamp\":\"July 3, 2014 9:29 pm\",\"copyright\":\"\\u00c2\\u00a9 2014 Estrop-Barcelona PHOTOGRAPH FOR EDITORIAL USE ONLY\",\"focal_length\":false,\"iso\":false,\"shutter_speed\":false,\"flash\":false,\"title\":\"080 Barcelona Spring-Summer 2015\",\"keywords\":\"Spring-Summer 2015\",\"width\":600,\"height\":898,\"saved\":true,\"thumbnail\":{\"width\":220,\"height\":220},\"webview\":{\"0\":600,\"1\":898,\"2\":2,\"3\":\"width=\\\"600\\\" height=\\\"898\\\"\",\"bits\":8,\"channels\":3,\"mime\":\"image\\\/jpeg\"},\"views\":\"12\",\"likes\":\"0\"},\"title\":\"080 Barcelona Spring-Summer 2015\",\"description\":\"<p>080 Barcelona Spring-Summer 2015<\\\/p>\",\"link\":null,\"link_target\":\"\",\"download\":\"https:\\\/\\\/bobvarela.com\\\/wp-content\\\/flagallery\\\/manuel-bolano-primavera-verano-2015\\\/bolano-050.jpg\",\"ratio\":0.66815144766146994381728063672198913991451263427734375},{\"id\":\"16760\",\"image\":\"https:\\\/\\\/bobvarela.com\\\/wp-content\\\/flagallery\\\/manuel-bolano-primavera-verano-2015\\\/webview\\\/bolano-052.jpg\",\"thumb\":\"https:\\\/\\\/bobvarela.com\\\/wp-content\\\/flagallery\\\/manuel-bolano-primavera-verano-2015\\\/thumbs\\\/thumbs_bolano-052.jpg\",\"file\":\"bolano-052.jpg\",\"meta\":{\"aperture\":false,\"credit\":false,\"camera\":false,\"caption\":\"080 Barcelona Spring-Summer 2015\",\"created_timestamp\":\"July 3, 2014 9:29 pm\",\"copyright\":\"\\u00c2\\u00a9 2014 Estrop-Barcelona PHOTOGRAPH FOR EDITORIAL USE ONLY\",\"focal_length\":false,\"iso\":false,\"shutter_speed\":false,\"flash\":false,\"title\":\"080 Barcelona Spring-Summer 2015\",\"keywords\":\"Spring-Summer 2015\",\"width\":600,\"height\":898,\"saved\":true,\"thumbnail\":{\"width\":220,\"height\":220},\"webview\":{\"0\":600,\"1\":898,\"2\":2,\"3\":\"width=\\\"600\\\" height=\\\"898\\\"\",\"bits\":8,\"channels\":3,\"mime\":\"image\\\/jpeg\"},\"views\":\"12\",\"likes\":\"0\"},\"title\":\"080 Barcelona Spring-Summer 2015\",\"description\":\"<p>080 Barcelona Spring-Summer 2015<\\\/p>\",\"link\":null,\"link_target\":\"\",\"download\":\"https:\\\/\\\/bobvarela.com\\\/wp-content\\\/flagallery\\\/manuel-bolano-primavera-verano-2015\\\/bolano-052.jpg\",\"ratio\":0.66815144766146994381728063672198913991451263427734375},{\"id\":\"16761\",\"image\":\"https:\\\/\\\/bobvarela.com\\\/wp-content\\\/flagallery\\\/manuel-bolano-primavera-verano-2015\\\/webview\\\/bolano-053.jpg\",\"thumb\":\"https:\\\/\\\/bobvarela.com\\\/wp-content\\\/flagallery\\\/manuel-bolano-primavera-verano-2015\\\/thumbs\\\/thumbs_bolano-053.jpg\",\"file\":\"bolano-053.jpg\",\"meta\":{\"aperture\":false,\"credit\":false,\"camera\":false,\"caption\":\"080 Barcelona Spring-Summer 2015\",\"created_timestamp\":\"July 3, 2014 9:30 pm\",\"copyright\":\"\\u00c2\\u00a9 2014 Estrop-Barcelona PHOTOGRAPH FOR EDITORIAL USE ONLY\",\"focal_length\":false,\"iso\":false,\"shutter_speed\":false,\"flash\":false,\"title\":\"080 Barcelona Spring-Summer 2015\",\"keywords\":\"Spring-Summer 2015\",\"width\":600,\"height\":898,\"saved\":true,\"thumbnail\":{\"width\":220,\"height\":220},\"webview\":{\"0\":600,\"1\":898,\"2\":2,\"3\":\"width=\\\"600\\\" height=\\\"898\\\"\",\"bits\":8,\"channels\":3,\"mime\":\"image\\\/jpeg\"},\"views\":\"12\",\"likes\":\"0\"},\"title\":\"080 Barcelona Spring-Summer 2015\",\"description\":\"<p>080 Barcelona Spring-Summer 2015<\\\/p>\",\"link\":null,\"link_target\":\"\",\"download\":\"https:\\\/\\\/bobvarela.com\\\/wp-content\\\/flagallery\\\/manuel-bolano-primavera-verano-2015\\\/bolano-053.jpg\",\"ratio\":0.66815144766146994381728063672198913991451263427734375},{\"id\":\"16762\",\"image\":\"https:\\\/\\\/bobvarela.com\\\/wp-content\\\/flagallery\\\/manuel-bolano-primavera-verano-2015\\\/webview\\\/bolano-054.jpg\",\"thumb\":\"https:\\\/\\\/bobvarela.com\\\/wp-content\\\/flagallery\\\/manuel-bolano-primavera-verano-2015\\\/thumbs\\\/thumbs_bolano-054.jpg\",\"file\":\"bolano-054.jpg\",\"meta\":{\"aperture\":false,\"credit\":false,\"camera\":false,\"caption\":\"080 Barcelona Spring-Summer 2015\",\"created_timestamp\":\"July 3, 2014 9:31 pm\",\"copyright\":\"\\u00c2\\u00a9 2014 Estrop-Barcelona PHOTOGRAPH FOR EDITORIAL USE ONLY\",\"focal_length\":false,\"iso\":false,\"shutter_speed\":false,\"flash\":false,\"title\":\"080 Barcelona Spring-Summer 2015\",\"keywords\":\"Spring-Summer 2015\",\"width\":600,\"height\":898,\"saved\":true,\"thumbnail\":{\"width\":220,\"height\":220},\"webview\":{\"0\":600,\"1\":898,\"2\":2,\"3\":\"width=\\\"600\\\" height=\\\"898\\\"\",\"bits\":8,\"channels\":3,\"mime\":\"image\\\/jpeg\"},\"views\":\"12\",\"likes\":\"0\"},\"title\":\"080 Barcelona Spring-Summer 2015\",\"description\":\"<p>080 Barcelona Spring-Summer 2015<\\\/p>\",\"link\":null,\"link_target\":\"\",\"download\":\"https:\\\/\\\/bobvarela.com\\\/wp-content\\\/flagallery\\\/manuel-bolano-primavera-verano-2015\\\/bolano-054.jpg\",\"ratio\":0.66815144766146994381728063672198913991451263427734375},{\"id\":\"16763\",\"image\":\"https:\\\/\\\/bobvarela.com\\\/wp-content\\\/flagallery\\\/manuel-bolano-primavera-verano-2015\\\/webview\\\/bolano-056.jpg\",\"thumb\":\"https:\\\/\\\/bobvarela.com\\\/wp-content\\\/flagallery\\\/manuel-bolano-primavera-verano-2015\\\/thumbs\\\/thumbs_bolano-056.jpg\",\"file\":\"bolano-056.jpg\",\"meta\":{\"aperture\":false,\"credit\":false,\"camera\":false,\"caption\":\"080 Barcelona Spring-Summer 2015\",\"created_timestamp\":\"July 3, 2014 9:31 pm\",\"copyright\":\"\\u00c2\\u00a9 2014 Estrop-Barcelona PHOTOGRAPH FOR EDITORIAL USE ONLY\",\"focal_length\":false,\"iso\":false,\"shutter_speed\":false,\"flash\":false,\"title\":\"080 Barcelona Spring-Summer 2015\",\"keywords\":\"Spring-Summer 2015\",\"width\":600,\"height\":898,\"saved\":true,\"thumbnail\":{\"width\":220,\"height\":220},\"webview\":{\"0\":600,\"1\":898,\"2\":2,\"3\":\"width=\\\"600\\\" height=\\\"898\\\"\",\"bits\":8,\"channels\":3,\"mime\":\"image\\\/jpeg\"},\"views\":\"11\",\"likes\":\"0\"},\"title\":\"080 Barcelona Spring-Summer 2015\",\"description\":\"<p>080 Barcelona Spring-Summer 2015<\\\/p>\",\"link\":null,\"link_target\":\"\",\"download\":\"https:\\\/\\\/bobvarela.com\\\/wp-content\\\/flagallery\\\/manuel-bolano-primavera-verano-2015\\\/bolano-056.jpg\",\"ratio\":0.66815144766146994381728063672198913991451263427734375},{\"id\":\"16764\",\"image\":\"https:\\\/\\\/bobvarela.com\\\/wp-content\\\/flagallery\\\/manuel-bolano-primavera-verano-2015\\\/webview\\\/bolano-057.jpg\",\"thumb\":\"https:\\\/\\\/bobvarela.com\\\/wp-content\\\/flagallery\\\/manuel-bolano-primavera-verano-2015\\\/thumbs\\\/thumbs_bolano-057.jpg\",\"file\":\"bolano-057.jpg\",\"meta\":{\"aperture\":false,\"credit\":false,\"camera\":false,\"caption\":\"080 Barcelona Spring-Summer 2015\",\"created_timestamp\":\"July 3, 2014 9:31 pm\",\"copyright\":\"\\u00c2\\u00a9 2014 Estrop-Barcelona PHOTOGRAPH FOR EDITORIAL USE ONLY\",\"focal_length\":false,\"iso\":false,\"shutter_speed\":false,\"flash\":false,\"title\":\"080 Barcelona Spring-Summer 2015\",\"keywords\":\"Spring-Summer 2015\",\"width\":898,\"height\":600,\"saved\":true,\"thumbnail\":{\"width\":220,\"height\":220},\"webview\":{\"0\":898,\"1\":600,\"2\":2,\"3\":\"width=\\\"898\\\" height=\\\"600\\\"\",\"bits\":8,\"channels\":3,\"mime\":\"image\\\/jpeg\"},\"views\":\"11\",\"likes\":\"0\"},\"title\":\"080 Barcelona Spring-Summer 2015\",\"description\":\"<p>080 Barcelona Spring-Summer 2015<\\\/p>\",\"link\":null,\"link_target\":\"\",\"download\":\"https:\\\/\\\/bobvarela.com\\\/wp-content\\\/flagallery\\\/manuel-bolano-primavera-verano-2015\\\/bolano-057.jpg\",\"ratio\":1.496666666666666589691203625989146530628204345703125},{\"id\":\"16765\",\"image\":\"https:\\\/\\\/bobvarela.com\\\/wp-content\\\/flagallery\\\/manuel-bolano-primavera-verano-2015\\\/webview\\\/bolano-059.jpg\",\"thumb\":\"https:\\\/\\\/bobvarela.com\\\/wp-content\\\/flagallery\\\/manuel-bolano-primavera-verano-2015\\\/thumbs\\\/thumbs_bolano-059.jpg\",\"file\":\"bolano-059.jpg\",\"meta\":{\"aperture\":false,\"credit\":false,\"camera\":false,\"caption\":\"080 Barcelona Spring-Summer 2015\",\"created_timestamp\":\"July 3, 2014 9:30 pm\",\"copyright\":\"\\u00c2\\u00a9 2014 Estrop-Barcelona PHOTOGRAPH FOR EDITORIAL USE ONLY\",\"focal_length\":false,\"iso\":false,\"shutter_speed\":false,\"flash\":false,\"title\":\"080 Barcelona Spring-Summer 2015\",\"keywords\":\"Spring-Summer 2015\",\"width\":600,\"height\":898,\"saved\":true,\"thumbnail\":{\"width\":220,\"height\":220},\"webview\":{\"0\":600,\"1\":898,\"2\":2,\"3\":\"width=\\\"600\\\" height=\\\"898\\\"\",\"bits\":8,\"channels\":3,\"mime\":\"image\\\/jpeg\"},\"views\":\"13\",\"likes\":\"0\"},\"title\":\"080 Barcelona Spring-Summer 2015\",\"description\":\"<p>080 Barcelona Spring-Summer 2015<\\\/p>\",\"link\":null,\"link_target\":\"\",\"download\":\"https:\\\/\\\/bobvarela.com\\\/wp-content\\\/flagallery\\\/manuel-bolano-primavera-verano-2015\\\/bolano-059.jpg\",\"ratio\":0.66815144766146994381728063672198913991451263427734375},{\"id\":\"16766\",\"image\":\"https:\\\/\\\/bobvarela.com\\\/wp-content\\\/flagallery\\\/manuel-bolano-primavera-verano-2015\\\/webview\\\/bolano-061.jpg\",\"thumb\":\"https:\\\/\\\/bobvarela.com\\\/wp-content\\\/flagallery\\\/manuel-bolano-primavera-verano-2015\\\/thumbs\\\/thumbs_bolano-061.jpg\",\"file\":\"bolano-061.jpg\",\"meta\":{\"aperture\":false,\"credit\":false,\"camera\":false,\"caption\":\"080 Barcelona Spring-Summer 2015\",\"created_timestamp\":\"July 3, 2014 9:30 pm\",\"copyright\":\"\\u00c2\\u00a9 2014 Estrop-Barcelona PHOTOGRAPH FOR EDITORIAL USE ONLY\",\"focal_length\":false,\"iso\":false,\"shutter_speed\":false,\"flash\":false,\"title\":\"080 Barcelona Spring-Summer 2015\",\"keywords\":\"Spring-Summer 2015\",\"width\":600,\"height\":898,\"saved\":true,\"thumbnail\":{\"width\":220,\"height\":220},\"webview\":{\"0\":600,\"1\":898,\"2\":2,\"3\":\"width=\\\"600\\\" height=\\\"898\\\"\",\"bits\":8,\"channels\":3,\"mime\":\"image\\\/jpeg\"},\"views\":\"12\",\"likes\":\"0\"},\"title\":\"080 Barcelona Spring-Summer 2015\",\"description\":\"<p>080 Barcelona Spring-Summer 2015<\\\/p>\",\"link\":null,\"link_target\":\"\",\"download\":\"https:\\\/\\\/bobvarela.com\\\/wp-content\\\/flagallery\\\/manuel-bolano-primavera-verano-2015\\\/bolano-061.jpg\",\"ratio\":0.66815144766146994381728063672198913991451263427734375},{\"id\":\"16767\",\"image\":\"https:\\\/\\\/bobvarela.com\\\/wp-content\\\/flagallery\\\/manuel-bolano-primavera-verano-2015\\\/webview\\\/bolano-063.jpg\",\"thumb\":\"https:\\\/\\\/bobvarela.com\\\/wp-content\\\/flagallery\\\/manuel-bolano-primavera-verano-2015\\\/thumbs\\\/thumbs_bolano-063.jpg\",\"file\":\"bolano-063.jpg\",\"meta\":{\"aperture\":false,\"credit\":false,\"camera\":false,\"caption\":\"080 Barcelona Spring-Summer 2015\",\"created_timestamp\":\"July 3, 2014 9:32 pm\",\"copyright\":\"\\u00c2\\u00a9 2014 Estrop-Barcelona PHOTOGRAPH FOR EDITORIAL USE ONLY\",\"focal_length\":false,\"iso\":false,\"shutter_speed\":false,\"flash\":false,\"title\":\"080 Barcelona Spring-Summer 2015\",\"keywords\":\"Spring-Summer 2015\",\"width\":600,\"height\":898,\"saved\":true,\"thumbnail\":{\"width\":220,\"height\":220},\"webview\":{\"0\":600,\"1\":898,\"2\":2,\"3\":\"width=\\\"600\\\" height=\\\"898\\\"\",\"bits\":8,\"channels\":3,\"mime\":\"image\\\/jpeg\"},\"views\":\"12\",\"likes\":\"0\"},\"title\":\"080 Barcelona Spring-Summer 2015\",\"description\":\"<p>080 Barcelona Spring-Summer 2015<\\\/p>\",\"link\":null,\"link_target\":\"\",\"download\":\"https:\\\/\\\/bobvarela.com\\\/wp-content\\\/flagallery\\\/manuel-bolano-primavera-verano-2015\\\/bolano-063.jpg\",\"ratio\":0.66815144766146994381728063672198913991451263427734375},{\"id\":\"16768\",\"image\":\"https:\\\/\\\/bobvarela.com\\\/wp-content\\\/flagallery\\\/manuel-bolano-primavera-verano-2015\\\/webview\\\/bolano-065.jpg\",\"thumb\":\"https:\\\/\\\/bobvarela.com\\\/wp-content\\\/flagallery\\\/manuel-bolano-primavera-verano-2015\\\/thumbs\\\/thumbs_bolano-065.jpg\",\"file\":\"bolano-065.jpg\",\"meta\":{\"aperture\":false,\"credit\":false,\"camera\":false,\"caption\":\"080 Barcelona Spring-Summer 2015\",\"created_timestamp\":\"July 3, 2014 9:32 pm\",\"copyright\":\"\\u00c2\\u00a9 2014 Estrop-Barcelona PHOTOGRAPH FOR EDITORIAL USE ONLY\",\"focal_length\":false,\"iso\":false,\"shutter_speed\":false,\"flash\":false,\"title\":\"080 Barcelona Spring-Summer 2015\",\"keywords\":\"Spring-Summer 2015\",\"width\":600,\"height\":898,\"saved\":true,\"thumbnail\":{\"width\":220,\"height\":220},\"webview\":{\"0\":600,\"1\":898,\"2\":2,\"3\":\"width=\\\"600\\\" height=\\\"898\\\"\",\"bits\":8,\"channels\":3,\"mime\":\"image\\\/jpeg\"},\"views\":\"11\",\"likes\":\"0\"},\"title\":\"080 Barcelona Spring-Summer 2015\",\"description\":\"<p>080 Barcelona Spring-Summer 2015<\\\/p>\",\"link\":null,\"link_target\":\"\",\"download\":\"https:\\\/\\\/bobvarela.com\\\/wp-content\\\/flagallery\\\/manuel-bolano-primavera-verano-2015\\\/bolano-065.jpg\",\"ratio\":0.66815144766146994381728063672198913991451263427734375},{\"id\":\"16769\",\"image\":\"https:\\\/\\\/bobvarela.com\\\/wp-content\\\/flagallery\\\/manuel-bolano-primavera-verano-2015\\\/webview\\\/bolano-066.jpg\",\"thumb\":\"https:\\\/\\\/bobvarela.com\\\/wp-content\\\/flagallery\\\/manuel-bolano-primavera-verano-2015\\\/thumbs\\\/thumbs_bolano-066.jpg\",\"file\":\"bolano-066.jpg\",\"meta\":{\"aperture\":false,\"credit\":false,\"camera\":false,\"caption\":\"080 Barcelona Spring-Summer 2015\",\"created_timestamp\":\"July 3, 2014 9:32 pm\",\"copyright\":\"\\u00c2\\u00a9 2014 Estrop-Barcelona PHOTOGRAPH FOR EDITORIAL USE ONLY\",\"focal_length\":false,\"iso\":false,\"shutter_speed\":false,\"flash\":false,\"title\":\"080 Barcelona Spring-Summer 2015\",\"keywords\":\"Spring-Summer 2015\",\"width\":898,\"height\":600,\"saved\":true,\"thumbnail\":{\"width\":220,\"height\":220},\"webview\":{\"0\":898,\"1\":600,\"2\":2,\"3\":\"width=\\\"898\\\" height=\\\"600\\\"\",\"bits\":8,\"channels\":3,\"mime\":\"image\\\/jpeg\"},\"views\":\"11\",\"likes\":\"0\"},\"title\":\"080 Barcelona Spring-Summer 2015\",\"description\":\"<p>080 Barcelona Spring-Summer 2015<\\\/p>\",\"link\":null,\"link_target\":\"\",\"download\":\"https:\\\/\\\/bobvarela.com\\\/wp-content\\\/flagallery\\\/manuel-bolano-primavera-verano-2015\\\/bolano-066.jpg\",\"ratio\":1.496666666666666589691203625989146530628204345703125},{\"id\":\"16770\",\"image\":\"https:\\\/\\\/bobvarela.com\\\/wp-content\\\/flagallery\\\/manuel-bolano-primavera-verano-2015\\\/webview\\\/bolano-067.jpg\",\"thumb\":\"https:\\\/\\\/bobvarela.com\\\/wp-content\\\/flagallery\\\/manuel-bolano-primavera-verano-2015\\\/thumbs\\\/thumbs_bolano-067.jpg\",\"file\":\"bolano-067.jpg\",\"meta\":{\"aperture\":false,\"credit\":false,\"camera\":false,\"caption\":\"080 Barcelona Spring-Summer 2015\",\"created_timestamp\":\"July 3, 2014 9:31 pm\",\"copyright\":\"\\u00c2\\u00a9 2014 Estrop-Barcelona PHOTOGRAPH FOR EDITORIAL USE ONLY\",\"focal_length\":false,\"iso\":false,\"shutter_speed\":false,\"flash\":false,\"title\":\"080 Barcelona Spring-Summer 2015\",\"keywords\":\"Spring-Summer 2015\",\"width\":600,\"height\":898,\"saved\":true,\"thumbnail\":{\"width\":220,\"height\":220},\"webview\":{\"0\":600,\"1\":898,\"2\":2,\"3\":\"width=\\\"600\\\" height=\\\"898\\\"\",\"bits\":8,\"channels\":3,\"mime\":\"image\\\/jpeg\"},\"views\":\"12\",\"likes\":\"0\"},\"title\":\"080 Barcelona Spring-Summer 2015\",\"description\":\"<p>080 Barcelona Spring-Summer 2015<\\\/p>\",\"link\":null,\"link_target\":\"\",\"download\":\"https:\\\/\\\/bobvarela.com\\\/wp-content\\\/flagallery\\\/manuel-bolano-primavera-verano-2015\\\/bolano-067.jpg\",\"ratio\":0.66815144766146994381728063672198913991451263427734375},{\"id\":\"16771\",\"image\":\"https:\\\/\\\/bobvarela.com\\\/wp-content\\\/flagallery\\\/manuel-bolano-primavera-verano-2015\\\/webview\\\/bolano-069.jpg\",\"thumb\":\"https:\\\/\\\/bobvarela.com\\\/wp-content\\\/flagallery\\\/manuel-bolano-primavera-verano-2015\\\/thumbs\\\/thumbs_bolano-069.jpg\",\"file\":\"bolano-069.jpg\",\"meta\":{\"aperture\":false,\"credit\":false,\"camera\":false,\"caption\":\"080 Barcelona Spring-Summer 2015\",\"created_timestamp\":\"July 3, 2014 9:31 pm\",\"copyright\":\"\\u00c2\\u00a9 2014 Estrop-Barcelona PHOTOGRAPH FOR EDITORIAL USE ONLY\",\"focal_length\":false,\"iso\":false,\"shutter_speed\":false,\"flash\":false,\"title\":\"080 Barcelona Spring-Summer 2015\",\"keywords\":\"Spring-Summer 2015\",\"width\":600,\"height\":898,\"saved\":true,\"thumbnail\":{\"width\":220,\"height\":220},\"webview\":{\"0\":600,\"1\":898,\"2\":2,\"3\":\"width=\\\"600\\\" height=\\\"898\\\"\",\"bits\":8,\"channels\":3,\"mime\":\"image\\\/jpeg\"},\"views\":\"11\",\"likes\":\"0\"},\"title\":\"080 Barcelona Spring-Summer 2015\",\"description\":\"<p>080 Barcelona Spring-Summer 2015<\\\/p>\",\"link\":null,\"link_target\":\"\",\"download\":\"https:\\\/\\\/bobvarela.com\\\/wp-content\\\/flagallery\\\/manuel-bolano-primavera-verano-2015\\\/bolano-069.jpg\",\"ratio\":0.66815144766146994381728063672198913991451263427734375},{\"id\":\"16772\",\"image\":\"https:\\\/\\\/bobvarela.com\\\/wp-content\\\/flagallery\\\/manuel-bolano-primavera-verano-2015\\\/webview\\\/bolano-070.jpg\",\"thumb\":\"https:\\\/\\\/bobvarela.com\\\/wp-content\\\/flagallery\\\/manuel-bolano-primavera-verano-2015\\\/thumbs\\\/thumbs_bolano-070.jpg\",\"file\":\"bolano-070.jpg\",\"meta\":{\"aperture\":false,\"credit\":false,\"camera\":false,\"caption\":\"080 Barcelona Spring-Summer 2015\",\"created_timestamp\":\"July 3, 2014 9:31 pm\",\"copyright\":\"\\u00c2\\u00a9 2014 Estrop-Barcelona PHOTOGRAPH FOR EDITORIAL USE ONLY\",\"focal_length\":false,\"iso\":false,\"shutter_speed\":false,\"flash\":false,\"title\":\"080 Barcelona Spring-Summer 2015\",\"keywords\":\"Spring-Summer 2015\",\"width\":600,\"height\":898,\"saved\":true,\"thumbnail\":{\"width\":220,\"height\":220},\"webview\":{\"0\":600,\"1\":898,\"2\":2,\"3\":\"width=\\\"600\\\" height=\\\"898\\\"\",\"bits\":8,\"channels\":3,\"mime\":\"image\\\/jpeg\"},\"views\":\"11\",\"likes\":\"0\"},\"title\":\"080 Barcelona Spring-Summer 2015\",\"description\":\"<p>080 Barcelona Spring-Summer 2015<\\\/p>\",\"link\":null,\"link_target\":\"\",\"download\":\"https:\\\/\\\/bobvarela.com\\\/wp-content\\\/flagallery\\\/manuel-bolano-primavera-verano-2015\\\/bolano-070.jpg\",\"ratio\":0.66815144766146994381728063672198913991451263427734375},{\"id\":\"16773\",\"image\":\"https:\\\/\\\/bobvarela.com\\\/wp-content\\\/flagallery\\\/manuel-bolano-primavera-verano-2015\\\/webview\\\/bolano-071.jpg\",\"thumb\":\"https:\\\/\\\/bobvarela.com\\\/wp-content\\\/flagallery\\\/manuel-bolano-primavera-verano-2015\\\/thumbs\\\/thumbs_bolano-071.jpg\",\"file\":\"bolano-071.jpg\",\"meta\":{\"aperture\":false,\"credit\":false,\"camera\":false,\"caption\":\"080 Barcelona Spring-Summer 2015\",\"created_timestamp\":\"July 3, 2014 9:31 pm\",\"copyright\":\"\\u00c2\\u00a9 2014 Estrop-Barcelona PHOTOGRAPH FOR EDITORIAL USE ONLY\",\"focal_length\":false,\"iso\":false,\"shutter_speed\":false,\"flash\":false,\"title\":\"080 Barcelona Spring-Summer 2015\",\"keywords\":\"Spring-Summer 2015\",\"width\":600,\"height\":898,\"saved\":true,\"thumbnail\":{\"width\":220,\"height\":220},\"webview\":{\"0\":600,\"1\":898,\"2\":2,\"3\":\"width=\\\"600\\\" height=\\\"898\\\"\",\"bits\":8,\"channels\":3,\"mime\":\"image\\\/jpeg\"},\"views\":\"11\",\"likes\":\"0\"},\"title\":\"080 Barcelona Spring-Summer 2015\",\"description\":\"<p>080 Barcelona Spring-Summer 2015<\\\/p>\",\"link\":null,\"link_target\":\"\",\"download\":\"https:\\\/\\\/bobvarela.com\\\/wp-content\\\/flagallery\\\/manuel-bolano-primavera-verano-2015\\\/bolano-071.jpg\",\"ratio\":0.66815144766146994381728063672198913991451263427734375},{\"id\":\"16774\",\"image\":\"https:\\\/\\\/bobvarela.com\\\/wp-content\\\/flagallery\\\/manuel-bolano-primavera-verano-2015\\\/webview\\\/bolano-072.jpg\",\"thumb\":\"https:\\\/\\\/bobvarela.com\\\/wp-content\\\/flagallery\\\/manuel-bolano-primavera-verano-2015\\\/thumbs\\\/thumbs_bolano-072.jpg\",\"file\":\"bolano-072.jpg\",\"meta\":{\"aperture\":false,\"credit\":false,\"camera\":false,\"caption\":\"080 Barcelona Spring-Summer 2015\",\"created_timestamp\":\"July 3, 2014 9:33 pm\",\"copyright\":\"\\u00c2\\u00a9 2014 Estrop-Barcelona PHOTOGRAPH FOR EDITORIAL USE ONLY\",\"focal_length\":false,\"iso\":false,\"shutter_speed\":false,\"flash\":false,\"title\":\"080 Barcelona Spring-Summer 2015\",\"keywords\":\"Spring-Summer 2015\",\"width\":600,\"height\":898,\"saved\":true,\"thumbnail\":{\"width\":220,\"height\":220},\"webview\":{\"0\":600,\"1\":898,\"2\":2,\"3\":\"width=\\\"600\\\" height=\\\"898\\\"\",\"bits\":8,\"channels\":3,\"mime\":\"image\\\/jpeg\"},\"views\":\"13\",\"likes\":\"0\"},\"title\":\"080 Barcelona Spring-Summer 2015\",\"description\":\"<p>080 Barcelona Spring-Summer 2015<\\\/p>\",\"link\":null,\"link_target\":\"\",\"download\":\"https:\\\/\\\/bobvarela.com\\\/wp-content\\\/flagallery\\\/manuel-bolano-primavera-verano-2015\\\/bolano-072.jpg\",\"ratio\":0.66815144766146994381728063672198913991451263427734375},{\"id\":\"16775\",\"image\":\"https:\\\/\\\/bobvarela.com\\\/wp-content\\\/flagallery\\\/manuel-bolano-primavera-verano-2015\\\/webview\\\/bolano-074.jpg\",\"thumb\":\"https:\\\/\\\/bobvarela.com\\\/wp-content\\\/flagallery\\\/manuel-bolano-primavera-verano-2015\\\/thumbs\\\/thumbs_bolano-074.jpg\",\"file\":\"bolano-074.jpg\",\"meta\":{\"aperture\":false,\"credit\":false,\"camera\":false,\"caption\":\"080 Barcelona Spring-Summer 2015\",\"created_timestamp\":\"July 3, 2014 9:33 pm\",\"copyright\":\"\\u00c2\\u00a9 2014 Estrop-Barcelona PHOTOGRAPH FOR EDITORIAL USE ONLY\",\"focal_length\":false,\"iso\":false,\"shutter_speed\":false,\"flash\":false,\"title\":\"080 Barcelona Spring-Summer 2015\",\"keywords\":\"Spring-Summer 2015\",\"width\":600,\"height\":898,\"saved\":true,\"thumbnail\":{\"width\":220,\"height\":220},\"webview\":{\"0\":600,\"1\":898,\"2\":2,\"3\":\"width=\\\"600\\\" height=\\\"898\\\"\",\"bits\":8,\"channels\":3,\"mime\":\"image\\\/jpeg\"},\"views\":\"14\",\"likes\":\"0\"},\"title\":\"080 Barcelona Spring-Summer 2015\",\"description\":\"<p>080 Barcelona Spring-Summer 2015<\\\/p>\",\"link\":null,\"link_target\":\"\",\"download\":\"https:\\\/\\\/bobvarela.com\\\/wp-content\\\/flagallery\\\/manuel-bolano-primavera-verano-2015\\\/bolano-074.jpg\",\"ratio\":0.66815144766146994381728063672198913991451263427734375},{\"id\":\"16776\",\"image\":\"https:\\\/\\\/bobvarela.com\\\/wp-content\\\/flagallery\\\/manuel-bolano-primavera-verano-2015\\\/webview\\\/bolano-076.jpg\",\"thumb\":\"https:\\\/\\\/bobvarela.com\\\/wp-content\\\/flagallery\\\/manuel-bolano-primavera-verano-2015\\\/thumbs\\\/thumbs_bolano-076.jpg\",\"file\":\"bolano-076.jpg\",\"meta\":{\"aperture\":false,\"credit\":false,\"camera\":false,\"caption\":\"080 Barcelona Spring-Summer 2015\",\"created_timestamp\":\"July 3, 2014 9:31 pm\",\"copyright\":\"\\u00c2\\u00a9 2014 Estrop-Barcelona PHOTOGRAPH FOR EDITORIAL USE ONLY\",\"focal_length\":false,\"iso\":false,\"shutter_speed\":false,\"flash\":false,\"title\":\"080 Barcelona Spring-Summer 2015\",\"keywords\":\"Spring-Summer 2015\",\"width\":600,\"height\":898,\"saved\":true,\"thumbnail\":{\"width\":220,\"height\":220},\"webview\":{\"0\":600,\"1\":898,\"2\":2,\"3\":\"width=\\\"600\\\" height=\\\"898\\\"\",\"bits\":8,\"channels\":3,\"mime\":\"image\\\/jpeg\"},\"views\":\"13\",\"likes\":\"0\"},\"title\":\"080 Barcelona Spring-Summer 2015\",\"description\":\"<p>080 Barcelona Spring-Summer 2015<\\\/p>\",\"link\":null,\"link_target\":\"\",\"download\":\"https:\\\/\\\/bobvarela.com\\\/wp-content\\\/flagallery\\\/manuel-bolano-primavera-verano-2015\\\/bolano-076.jpg\",\"ratio\":0.66815144766146994381728063672198913991451263427734375},{\"id\":\"16777\",\"image\":\"https:\\\/\\\/bobvarela.com\\\/wp-content\\\/flagallery\\\/manuel-bolano-primavera-verano-2015\\\/webview\\\/bolano-078.jpg\",\"thumb\":\"https:\\\/\\\/bobvarela.com\\\/wp-content\\\/flagallery\\\/manuel-bolano-primavera-verano-2015\\\/thumbs\\\/thumbs_bolano-078.jpg\",\"file\":\"bolano-078.jpg\",\"meta\":{\"aperture\":false,\"credit\":false,\"camera\":false,\"caption\":\"080 Barcelona Spring-Summer 2015\",\"created_timestamp\":\"July 3, 2014 9:31 pm\",\"copyright\":\"\\u00c2\\u00a9 2014 Estrop-Barcelona PHOTOGRAPH FOR EDITORIAL USE ONLY\",\"focal_length\":false,\"iso\":false,\"shutter_speed\":false,\"flash\":false,\"title\":\"080 Barcelona Spring-Summer 2015\",\"keywords\":\"Spring-Summer 2015\",\"width\":600,\"height\":898,\"saved\":true,\"thumbnail\":{\"width\":220,\"height\":220},\"webview\":{\"0\":600,\"1\":898,\"2\":2,\"3\":\"width=\\\"600\\\" height=\\\"898\\\"\",\"bits\":8,\"channels\":3,\"mime\":\"image\\\/jpeg\"},\"views\":\"12\",\"likes\":\"0\"},\"title\":\"080 Barcelona Spring-Summer 2015\",\"description\":\"<p>080 Barcelona Spring-Summer 2015<\\\/p>\",\"link\":null,\"link_target\":\"\",\"download\":\"https:\\\/\\\/bobvarela.com\\\/wp-content\\\/flagallery\\\/manuel-bolano-primavera-verano-2015\\\/bolano-078.jpg\",\"ratio\":0.66815144766146994381728063672198913991451263427734375},{\"id\":\"16778\",\"image\":\"https:\\\/\\\/bobvarela.com\\\/wp-content\\\/flagallery\\\/manuel-bolano-primavera-verano-2015\\\/webview\\\/bolano-079.jpg\",\"thumb\":\"https:\\\/\\\/bobvarela.com\\\/wp-content\\\/flagallery\\\/manuel-bolano-primavera-verano-2015\\\/thumbs\\\/thumbs_bolano-079.jpg\",\"file\":\"bolano-079.jpg\",\"meta\":{\"aperture\":false,\"credit\":false,\"camera\":false,\"caption\":\"080 Barcelona Spring-Summer 2015\",\"created_timestamp\":\"July 3, 2014 9:31 pm\",\"copyright\":\"\\u00c2\\u00a9 2014 Estrop-Barcelona PHOTOGRAPH FOR EDITORIAL USE ONLY\",\"focal_length\":false,\"iso\":false,\"shutter_speed\":false,\"flash\":false,\"title\":\"080 Barcelona Spring-Summer 2015\",\"keywords\":\"Spring-Summer 2015\",\"width\":600,\"height\":898,\"saved\":true,\"thumbnail\":{\"width\":220,\"height\":220},\"webview\":{\"0\":600,\"1\":898,\"2\":2,\"3\":\"width=\\\"600\\\" height=\\\"898\\\"\",\"bits\":8,\"channels\":3,\"mime\":\"image\\\/jpeg\"},\"views\":\"12\",\"likes\":\"0\"},\"title\":\"080 Barcelona Spring-Summer 2015\",\"description\":\"<p>080 Barcelona Spring-Summer 2015<\\\/p>\",\"link\":null,\"link_target\":\"\",\"download\":\"https:\\\/\\\/bobvarela.com\\\/wp-content\\\/flagallery\\\/manuel-bolano-primavera-verano-2015\\\/bolano-079.jpg\",\"ratio\":0.66815144766146994381728063672198913991451263427734375},{\"id\":\"16779\",\"image\":\"https:\\\/\\\/bobvarela.com\\\/wp-content\\\/flagallery\\\/manuel-bolano-primavera-verano-2015\\\/webview\\\/bolano-080.jpg\",\"thumb\":\"https:\\\/\\\/bobvarela.com\\\/wp-content\\\/flagallery\\\/manuel-bolano-primavera-verano-2015\\\/thumbs\\\/thumbs_bolano-080.jpg\",\"file\":\"bolano-080.jpg\",\"meta\":{\"aperture\":false,\"credit\":false,\"camera\":false,\"caption\":\"080 Barcelona Spring-Summer 2015\",\"created_timestamp\":\"July 3, 2014 9:32 pm\",\"copyright\":\"\\u00c2\\u00a9 2014 Estrop-Barcelona PHOTOGRAPH FOR EDITORIAL USE ONLY\",\"focal_length\":false,\"iso\":false,\"shutter_speed\":false,\"flash\":false,\"title\":\"080 Barcelona Spring-Summer 2015\",\"keywords\":\"Spring-Summer 2015\",\"width\":898,\"height\":600,\"saved\":true,\"thumbnail\":{\"width\":220,\"height\":220},\"webview\":{\"0\":898,\"1\":600,\"2\":2,\"3\":\"width=\\\"898\\\" height=\\\"600\\\"\",\"bits\":8,\"channels\":3,\"mime\":\"image\\\/jpeg\"},\"views\":\"11\",\"likes\":\"0\"},\"title\":\"080 Barcelona Spring-Summer 2015\",\"description\":\"<p>080 Barcelona Spring-Summer 2015<\\\/p>\",\"link\":null,\"link_target\":\"\",\"download\":\"https:\\\/\\\/bobvarela.com\\\/wp-content\\\/flagallery\\\/manuel-bolano-primavera-verano-2015\\\/bolano-080.jpg\",\"ratio\":1.496666666666666589691203625989146530628204345703125},{\"id\":\"16780\",\"image\":\"https:\\\/\\\/bobvarela.com\\\/wp-content\\\/flagallery\\\/manuel-bolano-primavera-verano-2015\\\/webview\\\/bolano-081.jpg\",\"thumb\":\"https:\\\/\\\/bobvarela.com\\\/wp-content\\\/flagallery\\\/manuel-bolano-primavera-verano-2015\\\/thumbs\\\/thumbs_bolano-081.jpg\",\"file\":\"bolano-081.jpg\",\"meta\":{\"aperture\":false,\"credit\":false,\"camera\":false,\"caption\":\"080 Barcelona Spring-Summer 2015\",\"created_timestamp\":\"July 3, 2014 9:33 pm\",\"copyright\":\"\\u00c2\\u00a9 2014 Estrop-Barcelona PHOTOGRAPH FOR EDITORIAL USE ONLY\",\"focal_length\":false,\"iso\":false,\"shutter_speed\":false,\"flash\":false,\"title\":\"080 Barcelona Spring-Summer 2015\",\"keywords\":\"Spring-Summer 2015\",\"width\":600,\"height\":898,\"saved\":true,\"thumbnail\":{\"width\":220,\"height\":220},\"webview\":{\"0\":600,\"1\":898,\"2\":2,\"3\":\"width=\\\"600\\\" height=\\\"898\\\"\",\"bits\":8,\"channels\":3,\"mime\":\"image\\\/jpeg\"},\"views\":\"12\",\"likes\":\"0\"},\"title\":\"080 Barcelona Spring-Summer 2015\",\"description\":\"<p>080 Barcelona Spring-Summer 2015<\\\/p>\",\"link\":null,\"link_target\":\"\",\"download\":\"https:\\\/\\\/bobvarela.com\\\/wp-content\\\/flagallery\\\/manuel-bolano-primavera-verano-2015\\\/bolano-081.jpg\",\"ratio\":0.66815144766146994381728063672198913991451263427734375},{\"id\":\"16781\",\"image\":\"https:\\\/\\\/bobvarela.com\\\/wp-content\\\/flagallery\\\/manuel-bolano-primavera-verano-2015\\\/webview\\\/bolano-083.jpg\",\"thumb\":\"https:\\\/\\\/bobvarela.com\\\/wp-content\\\/flagallery\\\/manuel-bolano-primavera-verano-2015\\\/thumbs\\\/thumbs_bolano-083.jpg\",\"file\":\"bolano-083.jpg\",\"meta\":{\"aperture\":false,\"credit\":false,\"camera\":false,\"caption\":\"080 Barcelona Spring-Summer 2015\",\"created_timestamp\":\"July 3, 2014 9:33 pm\",\"copyright\":\"\\u00c2\\u00a9 2014 Estrop-Barcelona PHOTOGRAPH FOR EDITORIAL USE ONLY\",\"focal_length\":false,\"iso\":false,\"shutter_speed\":false,\"flash\":false,\"title\":\"080 Barcelona Spring-Summer 2015\",\"keywords\":\"Spring-Summer 2015\",\"width\":600,\"height\":898,\"saved\":true,\"thumbnail\":{\"width\":220,\"height\":220},\"webview\":{\"0\":600,\"1\":898,\"2\":2,\"3\":\"width=\\\"600\\\" height=\\\"898\\\"\",\"bits\":8,\"channels\":3,\"mime\":\"image\\\/jpeg\"},\"views\":\"12\",\"likes\":\"0\"},\"title\":\"080 Barcelona Spring-Summer 2015\",\"description\":\"<p>080 Barcelona Spring-Summer 2015<\\\/p>\",\"link\":null,\"link_target\":\"\",\"download\":\"https:\\\/\\\/bobvarela.com\\\/wp-content\\\/flagallery\\\/manuel-bolano-primavera-verano-2015\\\/bolano-083.jpg\",\"ratio\":0.66815144766146994381728063672198913991451263427734375},{\"id\":\"16782\",\"image\":\"https:\\\/\\\/bobvarela.com\\\/wp-content\\\/flagallery\\\/manuel-bolano-primavera-verano-2015\\\/webview\\\/bolano-084.jpg\",\"thumb\":\"https:\\\/\\\/bobvarela.com\\\/wp-content\\\/flagallery\\\/manuel-bolano-primavera-verano-2015\\\/thumbs\\\/thumbs_bolano-084.jpg\",\"file\":\"bolano-084.jpg\",\"meta\":{\"aperture\":false,\"credit\":false,\"camera\":false,\"caption\":\"080 Barcelona Spring-Summer 2015\",\"created_timestamp\":\"July 3, 2014 9:32 pm\",\"copyright\":\"\\u00c2\\u00a9 2014 Estrop-Barcelona PHOTOGRAPH FOR EDITORIAL USE ONLY\",\"focal_length\":false,\"iso\":false,\"shutter_speed\":false,\"flash\":false,\"title\":\"080 Barcelona Spring-Summer 2015\",\"keywords\":\"Spring-Summer 2015\",\"width\":600,\"height\":898,\"saved\":true,\"thumbnail\":{\"width\":220,\"height\":220},\"webview\":{\"0\":600,\"1\":898,\"2\":2,\"3\":\"width=\\\"600\\\" height=\\\"898\\\"\",\"bits\":8,\"channels\":3,\"mime\":\"image\\\/jpeg\"},\"views\":\"11\",\"likes\":\"0\"},\"title\":\"080 Barcelona Spring-Summer 2015\",\"description\":\"<p>080 Barcelona Spring-Summer 2015<\\\/p>\",\"link\":null,\"link_target\":\"\",\"download\":\"https:\\\/\\\/bobvarela.com\\\/wp-content\\\/flagallery\\\/manuel-bolano-primavera-verano-2015\\\/bolano-084.jpg\",\"ratio\":0.66815144766146994381728063672198913991451263427734375},{\"id\":\"16783\",\"image\":\"https:\\\/\\\/bobvarela.com\\\/wp-content\\\/flagallery\\\/manuel-bolano-primavera-verano-2015\\\/webview\\\/bolano-086.jpg\",\"thumb\":\"https:\\\/\\\/bobvarela.com\\\/wp-content\\\/flagallery\\\/manuel-bolano-primavera-verano-2015\\\/thumbs\\\/thumbs_bolano-086.jpg\",\"file\":\"bolano-086.jpg\",\"meta\":{\"aperture\":false,\"credit\":false,\"camera\":false,\"caption\":\"080 Barcelona Spring-Summer 2015\",\"created_timestamp\":\"July 3, 2014 9:32 pm\",\"copyright\":\"\\u00c2\\u00a9 2014 Estrop-Barcelona PHOTOGRAPH FOR EDITORIAL USE ONLY\",\"focal_length\":false,\"iso\":false,\"shutter_speed\":false,\"flash\":false,\"title\":\"080 Barcelona Spring-Summer 2015\",\"keywords\":\"Spring-Summer 2015\",\"width\":600,\"height\":898,\"saved\":true,\"thumbnail\":{\"width\":220,\"height\":220},\"webview\":{\"0\":600,\"1\":898,\"2\":2,\"3\":\"width=\\\"600\\\" height=\\\"898\\\"\",\"bits\":8,\"channels\":3,\"mime\":\"image\\\/jpeg\"},\"views\":\"12\",\"likes\":\"0\"},\"title\":\"080 Barcelona Spring-Summer 2015\",\"description\":\"<p>080 Barcelona Spring-Summer 2015<\\\/p>\",\"link\":null,\"link_target\":\"\",\"download\":\"https:\\\/\\\/bobvarela.com\\\/wp-content\\\/flagallery\\\/manuel-bolano-primavera-verano-2015\\\/bolano-086.jpg\",\"ratio\":0.66815144766146994381728063672198913991451263427734375},{\"id\":\"16784\",\"image\":\"https:\\\/\\\/bobvarela.com\\\/wp-content\\\/flagallery\\\/manuel-bolano-primavera-verano-2015\\\/webview\\\/bolano-088.jpg\",\"thumb\":\"https:\\\/\\\/bobvarela.com\\\/wp-content\\\/flagallery\\\/manuel-bolano-primavera-verano-2015\\\/thumbs\\\/thumbs_bolano-088.jpg\",\"file\":\"bolano-088.jpg\",\"meta\":{\"aperture\":false,\"credit\":false,\"camera\":false,\"caption\":\"080 Barcelona Spring-Summer 2015\",\"created_timestamp\":\"July 3, 2014 9:34 pm\",\"copyright\":\"\\u00c2\\u00a9 2014 Estrop-Barcelona PHOTOGRAPH FOR EDITORIAL USE ONLY\",\"focal_length\":false,\"iso\":false,\"shutter_speed\":false,\"flash\":false,\"title\":\"080 Barcelona Spring-Summer 2015\",\"keywords\":\"Spring-Summer 2015\",\"width\":600,\"height\":898,\"saved\":true,\"thumbnail\":{\"width\":220,\"height\":220},\"webview\":{\"0\":600,\"1\":898,\"2\":2,\"3\":\"width=\\\"600\\\" height=\\\"898\\\"\",\"bits\":8,\"channels\":3,\"mime\":\"image\\\/jpeg\"},\"views\":\"12\",\"likes\":\"0\"},\"title\":\"080 Barcelona Spring-Summer 2015\",\"description\":\"<p>080 Barcelona Spring-Summer 2015<\\\/p>\",\"link\":null,\"link_target\":\"\",\"download\":\"https:\\\/\\\/bobvarela.com\\\/wp-content\\\/flagallery\\\/manuel-bolano-primavera-verano-2015\\\/bolano-088.jpg\",\"ratio\":0.66815144766146994381728063672198913991451263427734375}]}; var container = $('#FlaGallery_sc1_208'); container.photomania(settings, content); window.FlaGallery_sc1_208 = container.data('photomania'); }); <\/script><\/div><noscript id=\"noscript_FlaGallery_sc1_208\"><img class=\"skip-lazy no-lazyload noLazy\" data-lazy-src=\"\" src =\"https:\/\/bobvarela.com\/wp-content\/flagallery\/manuel-bolano-primavera-verano-2015\/bolano-002.jpg\" alt=\"080 Barcelona Spring-Summer 2015\" \/><img class=\"skip-lazy no-lazyload noLazy\" data-lazy-src=\"\" src =\"https:\/\/bobvarela.com\/wp-content\/flagallery\/manuel-bolano-primavera-verano-2015\/bolano-003.jpg\" alt=\"080 Barcelona Spring-Summer 2015\" \/><img class=\"skip-lazy no-lazyload noLazy\" data-lazy-src=\"\" src =\"https:\/\/bobvarela.com\/wp-content\/flagallery\/manuel-bolano-primavera-verano-2015\/bolano-005.jpg\" alt=\"080 Barcelona Spring-Summer 2015\" \/><img class=\"skip-lazy no-lazyload noLazy\" data-lazy-src=\"\" src =\"https:\/\/bobvarela.com\/wp-content\/flagallery\/manuel-bolano-primavera-verano-2015\/bolano-006.jpg\" alt=\"080 Barcelona Spring-Summer 2015\" \/><img class=\"skip-lazy no-lazyload noLazy\" data-lazy-src=\"\" src =\"https:\/\/bobvarela.com\/wp-content\/flagallery\/manuel-bolano-primavera-verano-2015\/bolano-007.jpg\" alt=\"080 Barcelona Spring-Summer 2015\" \/><img class=\"skip-lazy no-lazyload noLazy\" data-lazy-src=\"\" src =\"https:\/\/bobvarela.com\/wp-content\/flagallery\/manuel-bolano-primavera-verano-2015\/bolano-009.jpg\" alt=\"080 Barcelona Spring-Summer 2015\" \/><img class=\"skip-lazy no-lazyload noLazy\" data-lazy-src=\"\" src =\"https:\/\/bobvarela.com\/wp-content\/flagallery\/manuel-bolano-primavera-verano-2015\/bolano-010.jpg\" alt=\"080 Barcelona Spring-Summer 2015\" \/><img class=\"skip-lazy no-lazyload noLazy\" data-lazy-src=\"\" src =\"https:\/\/bobvarela.com\/wp-content\/flagallery\/manuel-bolano-primavera-verano-2015\/bolano-012.jpg\" alt=\"080 Barcelona Spring-Summer 2015\" \/><img class=\"skip-lazy no-lazyload noLazy\" data-lazy-src=\"\" src =\"https:\/\/bobvarela.com\/wp-content\/flagallery\/manuel-bolano-primavera-verano-2015\/bolano-014.jpg\" alt=\"080 Barcelona Spring-Summer 2015\" \/><img class=\"skip-lazy no-lazyload noLazy\" data-lazy-src=\"\" src =\"https:\/\/bobvarela.com\/wp-content\/flagallery\/manuel-bolano-primavera-verano-2015\/bolano-015.jpg\" alt=\"080 Barcelona Spring-Summer 2015\" \/><img class=\"skip-lazy no-lazyload noLazy\" data-lazy-src=\"\" src =\"https:\/\/bobvarela.com\/wp-content\/flagallery\/manuel-bolano-primavera-verano-2015\/bolano-017.jpg\" alt=\"080 Barcelona Spring-Summer 2015\" \/><img class=\"skip-lazy no-lazyload noLazy\" data-lazy-src=\"\" src =\"https:\/\/bobvarela.com\/wp-content\/flagallery\/manuel-bolano-primavera-verano-2015\/bolano-018.jpg\" alt=\"080 Barcelona Spring-Summer 2015\" \/><img class=\"skip-lazy no-lazyload noLazy\" data-lazy-src=\"\" src =\"https:\/\/bobvarela.com\/wp-content\/flagallery\/manuel-bolano-primavera-verano-2015\/bolano-020.jpg\" alt=\"080 Barcelona Spring-Summer 2015\" \/><img class=\"skip-lazy no-lazyload noLazy\" data-lazy-src=\"\" src =\"https:\/\/bobvarela.com\/wp-content\/flagallery\/manuel-bolano-primavera-verano-2015\/bolano-021.jpg\" alt=\"080 Barcelona Spring-Summer 2015\" \/><img class=\"skip-lazy no-lazyload noLazy\" data-lazy-src=\"\" src =\"https:\/\/bobvarela.com\/wp-content\/flagallery\/manuel-bolano-primavera-verano-2015\/bolano-023.jpg\" alt=\"080 Barcelona Spring-Summer 2015\" \/><img class=\"skip-lazy no-lazyload noLazy\" data-lazy-src=\"\" src =\"https:\/\/bobvarela.com\/wp-content\/flagallery\/manuel-bolano-primavera-verano-2015\/bolano-024.jpg\" alt=\"080 Barcelona Spring-Summer 2015\" \/><img class=\"skip-lazy no-lazyload noLazy\" data-lazy-src=\"\" src =\"https:\/\/bobvarela.com\/wp-content\/flagallery\/manuel-bolano-primavera-verano-2015\/bolano-026.jpg\" alt=\"080 Barcelona Spring-Summer 2015\" \/><img class=\"skip-lazy no-lazyload noLazy\" data-lazy-src=\"\" src =\"https:\/\/bobvarela.com\/wp-content\/flagallery\/manuel-bolano-primavera-verano-2015\/bolano-027.jpg\" alt=\"080 Barcelona Spring-Summer 2015\" \/><img class=\"skip-lazy no-lazyload noLazy\" data-lazy-src=\"\" src =\"https:\/\/bobvarela.com\/wp-content\/flagallery\/manuel-bolano-primavera-verano-2015\/bolano-028.jpg\" alt=\"080 Barcelona Spring-Summer 2015\" \/><img class=\"skip-lazy no-lazyload noLazy\" data-lazy-src=\"\" src =\"https:\/\/bobvarela.com\/wp-content\/flagallery\/manuel-bolano-primavera-verano-2015\/bolano-030.jpg\" alt=\"080 Barcelona Spring-Summer 2015\" \/><img class=\"skip-lazy no-lazyload noLazy\" data-lazy-src=\"\" src =\"https:\/\/bobvarela.com\/wp-content\/flagallery\/manuel-bolano-primavera-verano-2015\/bolano-031.jpg\" alt=\"080 Barcelona Spring-Summer 2015\" \/><img class=\"skip-lazy no-lazyload noLazy\" data-lazy-src=\"\" src =\"https:\/\/bobvarela.com\/wp-content\/flagallery\/manuel-bolano-primavera-verano-2015\/bolano-032.jpg\" alt=\"080 Barcelona Spring-Summer 2015\" \/><img class=\"skip-lazy no-lazyload noLazy\" data-lazy-src=\"\" src =\"https:\/\/bobvarela.com\/wp-content\/flagallery\/manuel-bolano-primavera-verano-2015\/bolano-034.jpg\" alt=\"080 Barcelona Spring-Summer 2015\" \/><img class=\"skip-lazy no-lazyload noLazy\" data-lazy-src=\"\" src =\"https:\/\/bobvarela.com\/wp-content\/flagallery\/manuel-bolano-primavera-verano-2015\/bolano-035.jpg\" alt=\"080 Barcelona Spring-Summer 2015\" \/><img class=\"skip-lazy no-lazyload noLazy\" data-lazy-src=\"\" src =\"https:\/\/bobvarela.com\/wp-content\/flagallery\/manuel-bolano-primavera-verano-2015\/bolano-037.jpg\" alt=\"080 Barcelona Spring-Summer 2015\" \/><img class=\"skip-lazy no-lazyload noLazy\" data-lazy-src=\"\" src =\"https:\/\/bobvarela.com\/wp-content\/flagallery\/manuel-bolano-primavera-verano-2015\/bolano-038.jpg\" alt=\"080 Barcelona Spring-Summer 2015\" \/><img class=\"skip-lazy no-lazyload noLazy\" data-lazy-src=\"\" src =\"https:\/\/bobvarela.com\/wp-content\/flagallery\/manuel-bolano-primavera-verano-2015\/bolano-039.jpg\" alt=\"080 Barcelona Spring-Summer 2015\" \/><img class=\"skip-lazy no-lazyload noLazy\" data-lazy-src=\"\" src =\"https:\/\/bobvarela.com\/wp-content\/flagallery\/manuel-bolano-primavera-verano-2015\/bolano-041.jpg\" alt=\"080 Barcelona Spring-Summer 2015\" \/><img class=\"skip-lazy no-lazyload noLazy\" data-lazy-src=\"\" src =\"https:\/\/bobvarela.com\/wp-content\/flagallery\/manuel-bolano-primavera-verano-2015\/bolano-042.jpg\" alt=\"080 Barcelona Spring-Summer 2015\" \/><img class=\"skip-lazy no-lazyload noLazy\" data-lazy-src=\"\" src =\"https:\/\/bobvarela.com\/wp-content\/flagallery\/manuel-bolano-primavera-verano-2015\/bolano-044.jpg\" alt=\"080 Barcelona Spring-Summer 2015\" \/><img class=\"skip-lazy no-lazyload noLazy\" data-lazy-src=\"\" src =\"https:\/\/bobvarela.com\/wp-content\/flagallery\/manuel-bolano-primavera-verano-2015\/bolano-045.jpg\" alt=\"080 Barcelona Spring-Summer 2015\" \/><img class=\"skip-lazy no-lazyload noLazy\" data-lazy-src=\"\" src =\"https:\/\/bobvarela.com\/wp-content\/flagallery\/manuel-bolano-primavera-verano-2015\/bolano-046.jpg\" alt=\"080 Barcelona Spring-Summer 2015\" \/><img class=\"skip-lazy no-lazyload noLazy\" data-lazy-src=\"\" src =\"https:\/\/bobvarela.com\/wp-content\/flagallery\/manuel-bolano-primavera-verano-2015\/bolano-048.jpg\" alt=\"080 Barcelona Spring-Summer 2015\" \/><img class=\"skip-lazy no-lazyload noLazy\" data-lazy-src=\"\" src =\"https:\/\/bobvarela.com\/wp-content\/flagallery\/manuel-bolano-primavera-verano-2015\/bolano-049.jpg\" alt=\"080 Barcelona Spring-Summer 2015\" \/><img class=\"skip-lazy no-lazyload noLazy\" data-lazy-src=\"\" src =\"https:\/\/bobvarela.com\/wp-content\/flagallery\/manuel-bolano-primavera-verano-2015\/bolano-050.jpg\" alt=\"080 Barcelona Spring-Summer 2015\" \/><img class=\"skip-lazy no-lazyload noLazy\" data-lazy-src=\"\" src =\"https:\/\/bobvarela.com\/wp-content\/flagallery\/manuel-bolano-primavera-verano-2015\/bolano-052.jpg\" alt=\"080 Barcelona Spring-Summer 2015\" \/><img class=\"skip-lazy no-lazyload noLazy\" data-lazy-src=\"\" src =\"https:\/\/bobvarela.com\/wp-content\/flagallery\/manuel-bolano-primavera-verano-2015\/bolano-053.jpg\" alt=\"080 Barcelona Spring-Summer 2015\" \/><img class=\"skip-lazy no-lazyload noLazy\" data-lazy-src=\"\" src =\"https:\/\/bobvarela.com\/wp-content\/flagallery\/manuel-bolano-primavera-verano-2015\/bolano-054.jpg\" alt=\"080 Barcelona Spring-Summer 2015\" \/><img class=\"skip-lazy no-lazyload noLazy\" data-lazy-src=\"\" src =\"https:\/\/bobvarela.com\/wp-content\/flagallery\/manuel-bolano-primavera-verano-2015\/bolano-056.jpg\" alt=\"080 Barcelona Spring-Summer 2015\" \/><img class=\"skip-lazy no-lazyload noLazy\" data-lazy-src=\"\" src =\"https:\/\/bobvarela.com\/wp-content\/flagallery\/manuel-bolano-primavera-verano-2015\/bolano-057.jpg\" alt=\"080 Barcelona Spring-Summer 2015\" \/><img class=\"skip-lazy no-lazyload noLazy\" data-lazy-src=\"\" src =\"https:\/\/bobvarela.com\/wp-content\/flagallery\/manuel-bolano-primavera-verano-2015\/bolano-059.jpg\" alt=\"080 Barcelona Spring-Summer 2015\" \/><img class=\"skip-lazy no-lazyload noLazy\" data-lazy-src=\"\" src =\"https:\/\/bobvarela.com\/wp-content\/flagallery\/manuel-bolano-primavera-verano-2015\/bolano-061.jpg\" alt=\"080 Barcelona Spring-Summer 2015\" \/><img class=\"skip-lazy no-lazyload noLazy\" data-lazy-src=\"\" src =\"https:\/\/bobvarela.com\/wp-content\/flagallery\/manuel-bolano-primavera-verano-2015\/bolano-063.jpg\" alt=\"080 Barcelona Spring-Summer 2015\" \/><img class=\"skip-lazy no-lazyload noLazy\" data-lazy-src=\"\" src =\"https:\/\/bobvarela.com\/wp-content\/flagallery\/manuel-bolano-primavera-verano-2015\/bolano-065.jpg\" alt=\"080 Barcelona Spring-Summer 2015\" \/><img class=\"skip-lazy no-lazyload noLazy\" data-lazy-src=\"\" src =\"https:\/\/bobvarela.com\/wp-content\/flagallery\/manuel-bolano-primavera-verano-2015\/bolano-066.jpg\" alt=\"080 Barcelona Spring-Summer 2015\" \/><img class=\"skip-lazy no-lazyload noLazy\" data-lazy-src=\"\" src =\"https:\/\/bobvarela.com\/wp-content\/flagallery\/manuel-bolano-primavera-verano-2015\/bolano-067.jpg\" alt=\"080 Barcelona Spring-Summer 2015\" \/><img class=\"skip-lazy no-lazyload noLazy\" data-lazy-src=\"\" src =\"https:\/\/bobvarela.com\/wp-content\/flagallery\/manuel-bolano-primavera-verano-2015\/bolano-069.jpg\" alt=\"080 Barcelona Spring-Summer 2015\" \/><img class=\"skip-lazy no-lazyload noLazy\" data-lazy-src=\"\" src =\"https:\/\/bobvarela.com\/wp-content\/flagallery\/manuel-bolano-primavera-verano-2015\/bolano-070.jpg\" alt=\"080 Barcelona Spring-Summer 2015\" \/><img class=\"skip-lazy no-lazyload noLazy\" data-lazy-src=\"\" src =\"https:\/\/bobvarela.com\/wp-content\/flagallery\/manuel-bolano-primavera-verano-2015\/bolano-071.jpg\" alt=\"080 Barcelona Spring-Summer 2015\" \/><img class=\"skip-lazy no-lazyload noLazy\" data-lazy-src=\"\" src =\"https:\/\/bobvarela.com\/wp-content\/flagallery\/manuel-bolano-primavera-verano-2015\/bolano-072.jpg\" alt=\"080 Barcelona Spring-Summer 2015\" \/><img class=\"skip-lazy no-lazyload noLazy\" data-lazy-src=\"\" src =\"https:\/\/bobvarela.com\/wp-content\/flagallery\/manuel-bolano-primavera-verano-2015\/bolano-074.jpg\" alt=\"080 Barcelona Spring-Summer 2015\" \/><img class=\"skip-lazy no-lazyload noLazy\" data-lazy-src=\"\" src =\"https:\/\/bobvarela.com\/wp-content\/flagallery\/manuel-bolano-primavera-verano-2015\/bolano-076.jpg\" alt=\"080 Barcelona Spring-Summer 2015\" \/><img class=\"skip-lazy no-lazyload noLazy\" data-lazy-src=\"\" src =\"https:\/\/bobvarela.com\/wp-content\/flagallery\/manuel-bolano-primavera-verano-2015\/bolano-078.jpg\" alt=\"080 Barcelona Spring-Summer 2015\" \/><img class=\"skip-lazy no-lazyload noLazy\" data-lazy-src=\"\" src =\"https:\/\/bobvarela.com\/wp-content\/flagallery\/manuel-bolano-primavera-verano-2015\/bolano-079.jpg\" alt=\"080 Barcelona Spring-Summer 2015\" \/><img class=\"skip-lazy no-lazyload noLazy\" data-lazy-src=\"\" src =\"https:\/\/bobvarela.com\/wp-content\/flagallery\/manuel-bolano-primavera-verano-2015\/bolano-080.jpg\" alt=\"080 Barcelona Spring-Summer 2015\" \/><img class=\"skip-lazy no-lazyload noLazy\" data-lazy-src=\"\" src =\"https:\/\/bobvarela.com\/wp-content\/flagallery\/manuel-bolano-primavera-verano-2015\/bolano-081.jpg\" alt=\"080 Barcelona Spring-Summer 2015\" \/><img class=\"skip-lazy no-lazyload noLazy\" data-lazy-src=\"\" src =\"https:\/\/bobvarela.com\/wp-content\/flagallery\/manuel-bolano-primavera-verano-2015\/bolano-083.jpg\" alt=\"080 Barcelona Spring-Summer 2015\" \/><img class=\"skip-lazy no-lazyload noLazy\" data-lazy-src=\"\" src =\"https:\/\/bobvarela.com\/wp-content\/flagallery\/manuel-bolano-primavera-verano-2015\/bolano-084.jpg\" alt=\"080 Barcelona Spring-Summer 2015\" \/><img class=\"skip-lazy no-lazyload noLazy\" data-lazy-src=\"\" src =\"https:\/\/bobvarela.com\/wp-content\/flagallery\/manuel-bolano-primavera-verano-2015\/bolano-086.jpg\" alt=\"080 Barcelona Spring-Summer 2015\" \/><img class=\"skip-lazy no-lazyload noLazy\" data-lazy-src=\"\" src =\"https:\/\/bobvarela.com\/wp-content\/flagallery\/manuel-bolano-primavera-verano-2015\/bolano-088.jpg\" alt=\"080 Barcelona Spring-Summer 2015\" \/><\/noscript><\/p>\n","protected":false},"excerpt":{"rendered":"<p>COLECCI\u00d3N-&#160; El chico de ojos tristes Hablemos del primer beso, escondidos del mundo, en un rinc\u00f3n. Dime lo que piensas, de mi vida, de mi adolescencia. En un rinc\u00f3n me curo mis heridas, y mis l\u00e1grimas se perder\u00e1n en la&hellip;<\/p>\n<p class=\"more-link-p\"><a class=\"more-link\" href=\"https:\/\/bobvarela.com\/?p=55687\">Read more &rarr;<\/a><\/p>\n","protected":false},"author":1,"featured_media":0,"comment_status":"open","ping_status":"open","sticky":false,"template":"","format":"standard","meta":{"ngg_post_thumbnail":0,"footnotes":""},"categories":[478,4],"tags":[],"class_list":["post-55687","post","type-post","status-publish","format-standard","hentry","category-080-barcelona","category-moda"],"_links":{"self":[{"href":"https:\/\/bobvarela.com\/index.php?rest_route=\/wp\/v2\/posts\/55687","targetHints":{"allow":["GET"]}}],"collection":[{"href":"https:\/\/bobvarela.com\/index.php?rest_route=\/wp\/v2\/posts"}],"about":[{"href":"https:\/\/bobvarela.com\/index.php?rest_route=\/wp\/v2\/types\/post"}],"author":[{"embeddable":true,"href":"https:\/\/bobvarela.com\/index.php?rest_route=\/wp\/v2\/users\/1"}],"replies":[{"embeddable":true,"href":"https:\/\/bobvarela.com\/index.php?rest_route=%2Fwp%2Fv2%2Fcomments&post=55687"}],"version-history":[{"count":1,"href":"https:\/\/bobvarela.com\/index.php?rest_route=\/wp\/v2\/posts\/55687\/revisions"}],"predecessor-version":[{"id":55688,"href":"https:\/\/bobvarela.com\/index.php?rest_route=\/wp\/v2\/posts\/55687\/revisions\/55688"}],"wp:attachment":[{"href":"https:\/\/bobvarela.com\/index.php?rest_route=%2Fwp%2Fv2%2Fmedia&parent=55687"}],"wp:term":[{"taxonomy":"category","embeddable":true,"href":"https:\/\/bobvarela.com\/index.php?rest_route=%2Fwp%2Fv2%2Fcategories&post=55687"},{"taxonomy":"post_tag","embeddable":true,"href":"https:\/\/bobvarela.com\/index.php?rest_route=%2Fwp%2Fv2%2Ftags&post=55687"}],"curies":[{"name":"wp","href":"https:\/\/api.w.org\/{rel}","templated":true}]}}