{"id":55691,"date":"2014-07-08T21:37:00","date_gmt":"2014-07-09T01:37:00","guid":{"rendered":"https:\/\/bobvarela.com\/?p=55691"},"modified":"2014-07-08T21:37:00","modified_gmt":"2014-07-09T01:37:00","slug":"kilian-kerner-spring-summer-2015-mercedes-benz-fashion-week-berlin","status":"publish","type":"post","link":"https:\/\/bobvarela.com\/?p=55691","title":{"rendered":"KILIAN KERNER Spring Summer 2015 MERCEDES-BENZ FASHION WEEK BERLIN"},"content":{"rendered":"<p align=\"justify\"><font size=\"3\">The growing success of past seasons has given Kilian Kerner the opportunity to gradually build and extend his label. The premium line KILIAN KERNER and the second line Kilian Kerner Senses are now retailed in 14 countries, in leading stores such as Apropos in Cologne and Hamburg, the concept store Lieblings in Fuld, in three shops of the men outfitter WORMLAND as well as the concept store in Berlin.<\/font><\/p>\n<p align=\"justify\"><font size=\"3\">Kilian Kerner\u2019s breath-taking Red Carpet creations are just one of the reasons that have won him so many celebrity fans and dedicated followers including actresses Karoline Herfurth, Anna Maria M\u00fche, Alina Levshin and Veronica Ferres as well as young talent Jella Haase, models Eva Padberg and Karol\u00edna Kurkov\u00e1, as well as singer Tim Bendzko and Max Prosa.<\/font><\/p>\n<p align=\"justify\"><div class=\"flagallery photomania_skin\" id=\"FlaGallery_sc1_210\" ><style type=\"text\/css\" class=\"flagallery_skin_style_import\">#FlaGallery_sc1_210 .flagpm_preload {opacity:0;}#FlaGallery_sc1_210 .swiper-big-images img.flagpm_the_photo { max-height:100%; max-width:100%; display:inline; width:auto; height:auto !important; object-fit:unset; vertical-align:middle; border:none; }#FlaGallery_sc1_210 .flagpm_focus .swiper-big-images img.flagpm_the_photo { width:auto; height:auto; object-fit:unset; }#FlaGallery_sc1_210 .swiper-small-images img.flagpm_photo { max-width:none; max-height:none; }#FlaGallery_sc1_210 .swiper-small-images img.flagpm_photo.flagpm_photo_landscape { width:auto; height:100% !important; }#FlaGallery_sc1_210 .swiper-small-images img.flagpm_photo.flagpm_photo_portrait { width:100%; height:auto !important; }#FlaGallery_sc1_210 .flagpm_gallery_sources_list p { margin:7px 0; padding:0; font-size:inherit; }#FlaGallery_sc1_210 .flagpm_photo_details .flagpm_description_wrap a,#FlaGallery_sc1_210 .flagpm_big_button_wrap .flagpm_button.flagpm_like.flagpm_liked,#FlaGallery_sc1_210 .flagpm_big_button_wrap .flagpm_button.flagpm_like.flagpm_liked:hover {color:#0099e5;}#FlaGallery_sc1_210 .flagpm_photo_show .flagpm_big_button {background-color:#0099e5;}#FlaGallery_sc1_210 .swiper-small-images div.flagpm_photo.swiper-slide-active {border-color:#02adea;}#FlaGallery_sc1_210 .flagpm_photo_header .flagpm_name_wrap .flagpm_title_author a:hover,#FlaGallery_sc1_210 .flagpm_photo_details .flagpm_description_wrap a:hover {color:#02adea;}#FlaGallery_sc1_210 .flagpm_photo_show .flagpm_big_button:hover,#FlaGallery_sc1_210 .flagpm_focus_actions ul .flagpm_button.like.flagpm_liked {background-color:#02adea;}<\/style> <div class=\"flagpm_photo_show flagpm_w960 flagpm_w640 flagpm_w480 flagpm_preload\"> <div class=\"flagpm_photo_wrap has_prev_photo has_next_photo\"> <div class=\"swiper-container swiper-big-images\"> <div class=\"flagpm_photo_arrow_next flagpm_photo_arrow flagpm_next\"> <div title=\"Next\" class=\"flagpm_arrow\"><\/div> <\/div> <div class=\"flagpm_photo_arrow_previous flagpm_photo_arrow flagpm_prev\"> <div title=\"Previous\" class=\"flagpm_arrow\"><\/div> <\/div> <div class=\"swiper-wrapper\"><div class=\"swiper-slide\" data-hash=\"flagallery16833\" data-photo-id=\"16833\"><span class=\"flagpm_va\"><\/span><img decoding=\"async\" src=\"https:\/\/bobvarela.com\/wp-content\/flagallery\/kilian-kerner-spring-summer-2015\/webview\/ss-2015_fashion-week-berlin_de_kilian-kerner_47280.jpg\" data-src=\"https:\/\/bobvarela.com\/wp-content\/flagallery\/kilian-kerner-spring-summer-2015\/webview\/ss-2015_fashion-week-berlin_de_kilian-kerner_47280.jpg\" alt=\"BERLIN, GERMANY - JULY 08: Designer Kilian Kerner appears on the runway after the Kilian Kerner show during the Mercedes-Benz Fashion Week Spring\/Summer 2015 at Erika Hess Eisstadion on July 8, 2014 in Berlin, Germany. (Photo by Peter Michael Dills\/Getty Images) *** Local Caption *** Kilian Kerner\" class=\"noLazy flagpm_the_photo swiper-lazy\"><div class=\"swiper-lazy-preloader swiper-lazy-preloader-black\"><\/div><\/div><div class=\"swiper-slide\" data-hash=\"flagallery16834\" data-photo-id=\"16834\"><span class=\"flagpm_va\"><\/span><img data-src=\"https:\/\/bobvarela.com\/wp-content\/flagallery\/kilian-kerner-spring-summer-2015\/webview\/ss-2015_fashion-week-berlin_de_kilian-kerner_47281.jpg\" alt=\"A model walks the runway at the Kilian Kerner show during the Mercedes-Benz Fashion Week Spring\/Summer 2015 at Erika Hess Eisstadion on July 8, 2014 in Berlin, Germany.\" class=\"noLazy flagpm_the_photo swiper-lazy\"><div class=\"swiper-lazy-preloader swiper-lazy-preloader-black\"><\/div><\/div><div class=\"swiper-slide\" data-hash=\"flagallery16835\" data-photo-id=\"16835\"><span class=\"flagpm_va\"><\/span><img data-src=\"https:\/\/bobvarela.com\/wp-content\/flagallery\/kilian-kerner-spring-summer-2015\/webview\/ss-2015_fashion-week-berlin_de_kilian-kerner_47282.jpg\" alt=\"A model walks the runway at the Kilian Kerner show during the Mercedes-Benz Fashion Week Spring\/Summer 2015 at Erika Hess Eisstadion on July 8, 2014 in Berlin, Germany.\" class=\"noLazy flagpm_the_photo swiper-lazy\"><div class=\"swiper-lazy-preloader swiper-lazy-preloader-black\"><\/div><\/div><div class=\"swiper-slide\" data-hash=\"flagallery16836\" data-photo-id=\"16836\"><span class=\"flagpm_va\"><\/span><img data-src=\"https:\/\/bobvarela.com\/wp-content\/flagallery\/kilian-kerner-spring-summer-2015\/webview\/ss-2015_fashion-week-berlin_de_kilian-kerner_47283.jpg\" alt=\"A model walks the runway at the Kilian Kerner show during the Mercedes-Benz Fashion Week Spring\/Summer 2015 at Erika Hess Eisstadion on July 8, 2014 in Berlin, Germany.\" class=\"noLazy flagpm_the_photo swiper-lazy\"><div class=\"swiper-lazy-preloader swiper-lazy-preloader-black\"><\/div><\/div><div class=\"swiper-slide\" data-hash=\"flagallery16837\" data-photo-id=\"16837\"><span class=\"flagpm_va\"><\/span><img data-src=\"https:\/\/bobvarela.com\/wp-content\/flagallery\/kilian-kerner-spring-summer-2015\/webview\/ss-2015_fashion-week-berlin_de_kilian-kerner_47284.jpg\" alt=\"A model walks the runway at the Kilian Kerner show during the Mercedes-Benz Fashion Week Spring\/Summer 2015 at Erika Hess Eisstadion on July 8, 2014 in Berlin, Germany.\" class=\"noLazy flagpm_the_photo swiper-lazy\"><div class=\"swiper-lazy-preloader swiper-lazy-preloader-black\"><\/div><\/div><div class=\"swiper-slide\" data-hash=\"flagallery16838\" data-photo-id=\"16838\"><span class=\"flagpm_va\"><\/span><img data-src=\"https:\/\/bobvarela.com\/wp-content\/flagallery\/kilian-kerner-spring-summer-2015\/webview\/ss-2015_fashion-week-berlin_de_kilian-kerner_47285.jpg\" alt=\"A model walks the runway at the Kilian Kerner show during the Mercedes-Benz Fashion Week Spring\/Summer 2015 at Erika Hess Eisstadion on July 8, 2014 in Berlin, Germany.\" class=\"noLazy flagpm_the_photo swiper-lazy\"><div class=\"swiper-lazy-preloader swiper-lazy-preloader-black\"><\/div><\/div><div class=\"swiper-slide\" data-hash=\"flagallery16839\" data-photo-id=\"16839\"><span class=\"flagpm_va\"><\/span><img data-src=\"https:\/\/bobvarela.com\/wp-content\/flagallery\/kilian-kerner-spring-summer-2015\/webview\/ss-2015_fashion-week-berlin_de_kilian-kerner_47286.jpg\" alt=\"A model walks the runway at the Kilian Kerner show during the Mercedes-Benz Fashion Week Spring\/Summer 2015 at Erika Hess Eisstadion on July 8, 2014 in Berlin, Germany.\" class=\"noLazy flagpm_the_photo swiper-lazy\"><div class=\"swiper-lazy-preloader swiper-lazy-preloader-black\"><\/div><\/div><div class=\"swiper-slide\" data-hash=\"flagallery16840\" data-photo-id=\"16840\"><span class=\"flagpm_va\"><\/span><img data-src=\"https:\/\/bobvarela.com\/wp-content\/flagallery\/kilian-kerner-spring-summer-2015\/webview\/ss-2015_fashion-week-berlin_de_kilian-kerner_47287.jpg\" alt=\"A model walks the runway at the Kilian Kerner show during the Mercedes-Benz Fashion Week Spring\/Summer 2015 at Erika Hess Eisstadion on July 8, 2014 in Berlin, Germany.\" class=\"noLazy flagpm_the_photo swiper-lazy\"><div class=\"swiper-lazy-preloader swiper-lazy-preloader-black\"><\/div><\/div><div class=\"swiper-slide\" data-hash=\"flagallery16841\" data-photo-id=\"16841\"><span class=\"flagpm_va\"><\/span><img data-src=\"https:\/\/bobvarela.com\/wp-content\/flagallery\/kilian-kerner-spring-summer-2015\/webview\/ss-2015_fashion-week-berlin_de_kilian-kerner_47288.jpg\" alt=\"BERLIN, GERMANY - JULY 08: Model Julia Trainer walks the runway at the Kilian Kerner show during the Mercedes-Benz Fashion Week Spring\/Summer 2015 at Erika Hess Eisstadion on July 8, 2014 in Berlin, Germany. (Photo by Peter Michael Dills\/Getty Images) *** Local Caption *** Julia Trainer\" class=\"noLazy flagpm_the_photo swiper-lazy\"><div class=\"swiper-lazy-preloader swiper-lazy-preloader-black\"><\/div><\/div><div class=\"swiper-slide\" data-hash=\"flagallery16842\" data-photo-id=\"16842\"><span class=\"flagpm_va\"><\/span><img data-src=\"https:\/\/bobvarela.com\/wp-content\/flagallery\/kilian-kerner-spring-summer-2015\/webview\/ss-2015_fashion-week-berlin_de_kilian-kerner_47289.jpg\" alt=\"A model walks the runway at the Kilian Kerner show during the Mercedes-Benz Fashion Week Spring\/Summer 2015 at Erika Hess Eisstadion on July 8, 2014 in Berlin, Germany.\" class=\"noLazy flagpm_the_photo swiper-lazy\"><div class=\"swiper-lazy-preloader swiper-lazy-preloader-black\"><\/div><\/div><div class=\"swiper-slide\" data-hash=\"flagallery16843\" data-photo-id=\"16843\"><span class=\"flagpm_va\"><\/span><img data-src=\"https:\/\/bobvarela.com\/wp-content\/flagallery\/kilian-kerner-spring-summer-2015\/webview\/ss-2015_fashion-week-berlin_de_kilian-kerner_47290.jpg\" alt=\"A model walks the runway at the Kilian Kerner show during the Mercedes-Benz Fashion Week Spring\/Summer 2015 at Erika Hess Eisstadion on July 8, 2014 in Berlin, Germany.\" class=\"noLazy flagpm_the_photo swiper-lazy\"><div class=\"swiper-lazy-preloader swiper-lazy-preloader-black\"><\/div><\/div><div class=\"swiper-slide\" data-hash=\"flagallery16844\" data-photo-id=\"16844\"><span class=\"flagpm_va\"><\/span><img data-src=\"https:\/\/bobvarela.com\/wp-content\/flagallery\/kilian-kerner-spring-summer-2015\/webview\/ss-2015_fashion-week-berlin_de_kilian-kerner_47291.jpg\" alt=\"A model walks the runway at the Kilian Kerner show during the Mercedes-Benz Fashion Week Spring\/Summer 2015 at Erika Hess Eisstadion on July 8, 2014 in Berlin, Germany.\" class=\"noLazy flagpm_the_photo swiper-lazy\"><div class=\"swiper-lazy-preloader swiper-lazy-preloader-black\"><\/div><\/div><div class=\"swiper-slide\" data-hash=\"flagallery16845\" data-photo-id=\"16845\"><span class=\"flagpm_va\"><\/span><img data-src=\"https:\/\/bobvarela.com\/wp-content\/flagallery\/kilian-kerner-spring-summer-2015\/webview\/ss-2015_fashion-week-berlin_de_kilian-kerner_47292.jpg\" alt=\"A model walks the runway at the Kilian Kerner show during the Mercedes-Benz Fashion Week Spring\/Summer 2015 at Erika Hess Eisstadion on July 8, 2014 in Berlin, Germany.\" class=\"noLazy flagpm_the_photo swiper-lazy\"><div class=\"swiper-lazy-preloader swiper-lazy-preloader-black\"><\/div><\/div><div class=\"swiper-slide\" data-hash=\"flagallery16846\" data-photo-id=\"16846\"><span class=\"flagpm_va\"><\/span><img data-src=\"https:\/\/bobvarela.com\/wp-content\/flagallery\/kilian-kerner-spring-summer-2015\/webview\/ss-2015_fashion-week-berlin_de_kilian-kerner_47293.jpg\" alt=\"A model walks the runway at the Kilian Kerner show during the Mercedes-Benz Fashion Week Spring\/Summer 2015 at Erika Hess Eisstadion on July 8, 2014 in Berlin, Germany.\" class=\"noLazy flagpm_the_photo swiper-lazy\"><div class=\"swiper-lazy-preloader swiper-lazy-preloader-black\"><\/div><\/div><div class=\"swiper-slide\" data-hash=\"flagallery16847\" data-photo-id=\"16847\"><span class=\"flagpm_va\"><\/span><img data-src=\"https:\/\/bobvarela.com\/wp-content\/flagallery\/kilian-kerner-spring-summer-2015\/webview\/ss-2015_fashion-week-berlin_de_kilian-kerner_47294.jpg\" alt=\"A model walks the runway at the Kilian Kerner show during the Mercedes-Benz Fashion Week Spring\/Summer 2015 at Erika Hess Eisstadion on July 8, 2014 in Berlin, Germany.\" class=\"noLazy flagpm_the_photo swiper-lazy\"><div class=\"swiper-lazy-preloader swiper-lazy-preloader-black\"><\/div><\/div><div class=\"swiper-slide\" data-hash=\"flagallery16848\" data-photo-id=\"16848\"><span class=\"flagpm_va\"><\/span><img data-src=\"https:\/\/bobvarela.com\/wp-content\/flagallery\/kilian-kerner-spring-summer-2015\/webview\/ss-2015_fashion-week-berlin_de_kilian-kerner_47295.jpg\" alt=\"A model walks the runway at the Kilian Kerner show during the Mercedes-Benz Fashion Week Spring\/Summer 2015 at Erika Hess Eisstadion on July 8, 2014 in Berlin, Germany.\" class=\"noLazy flagpm_the_photo swiper-lazy\"><div class=\"swiper-lazy-preloader swiper-lazy-preloader-black\"><\/div><\/div><div class=\"swiper-slide\" data-hash=\"flagallery16849\" data-photo-id=\"16849\"><span class=\"flagpm_va\"><\/span><img data-src=\"https:\/\/bobvarela.com\/wp-content\/flagallery\/kilian-kerner-spring-summer-2015\/webview\/ss-2015_fashion-week-berlin_de_kilian-kerner_47296.jpg\" alt=\"A model walks the runway at the Kilian Kerner show during the Mercedes-Benz Fashion Week Spring\/Summer 2015 at Erika Hess Eisstadion on July 8, 2014 in Berlin, Germany.\" class=\"noLazy flagpm_the_photo swiper-lazy\"><div class=\"swiper-lazy-preloader swiper-lazy-preloader-black\"><\/div><\/div><div class=\"swiper-slide\" data-hash=\"flagallery16850\" data-photo-id=\"16850\"><span class=\"flagpm_va\"><\/span><img data-src=\"https:\/\/bobvarela.com\/wp-content\/flagallery\/kilian-kerner-spring-summer-2015\/webview\/ss-2015_fashion-week-berlin_de_kilian-kerner_47297.jpg\" alt=\"A model walks the runway at the Kilian Kerner show during the Mercedes-Benz Fashion Week Spring\/Summer 2015 at Erika Hess Eisstadion on July 8, 2014 in Berlin, Germany.\" class=\"noLazy flagpm_the_photo swiper-lazy\"><div class=\"swiper-lazy-preloader swiper-lazy-preloader-black\"><\/div><\/div><div class=\"swiper-slide\" data-hash=\"flagallery16851\" data-photo-id=\"16851\"><span class=\"flagpm_va\"><\/span><img data-src=\"https:\/\/bobvarela.com\/wp-content\/flagallery\/kilian-kerner-spring-summer-2015\/webview\/ss-2015_fashion-week-berlin_de_kilian-kerner_47298.jpg\" alt=\"A model walks the runway at the Kilian Kerner show during the Mercedes-Benz Fashion Week Spring\/Summer 2015 at Erika Hess Eisstadion on July 8, 2014 in Berlin, Germany.\" class=\"noLazy flagpm_the_photo swiper-lazy\"><div class=\"swiper-lazy-preloader swiper-lazy-preloader-black\"><\/div><\/div><div class=\"swiper-slide\" data-hash=\"flagallery16852\" data-photo-id=\"16852\"><span class=\"flagpm_va\"><\/span><img data-src=\"https:\/\/bobvarela.com\/wp-content\/flagallery\/kilian-kerner-spring-summer-2015\/webview\/ss-2015_fashion-week-berlin_de_kilian-kerner_47299.jpg\" alt=\"A model walks the runway at the Kilian Kerner show during the Mercedes-Benz Fashion Week Spring\/Summer 2015 at Erika Hess Eisstadion on July 8, 2014 in Berlin, Germany.\" class=\"noLazy flagpm_the_photo swiper-lazy\"><div class=\"swiper-lazy-preloader swiper-lazy-preloader-black\"><\/div><\/div><div class=\"swiper-slide\" data-hash=\"flagallery16853\" data-photo-id=\"16853\"><span class=\"flagpm_va\"><\/span><img data-src=\"https:\/\/bobvarela.com\/wp-content\/flagallery\/kilian-kerner-spring-summer-2015\/webview\/ss-2015_fashion-week-berlin_de_kilian-kerner_47300.jpg\" alt=\"A model walks the runway at the Kilian Kerner show during the Mercedes-Benz Fashion Week Spring\/Summer 2015 at Erika Hess Eisstadion on July 8, 2014 in Berlin, Germany.\" class=\"noLazy flagpm_the_photo swiper-lazy\"><div class=\"swiper-lazy-preloader swiper-lazy-preloader-black\"><\/div><\/div><div class=\"swiper-slide\" data-hash=\"flagallery16854\" data-photo-id=\"16854\"><span class=\"flagpm_va\"><\/span><img data-src=\"https:\/\/bobvarela.com\/wp-content\/flagallery\/kilian-kerner-spring-summer-2015\/webview\/ss-2015_fashion-week-berlin_de_kilian-kerner_47301.jpg\" alt=\"A model walks the runway at the Kilian Kerner show during the Mercedes-Benz Fashion Week Spring\/Summer 2015 at Erika Hess Eisstadion on July 8, 2014 in Berlin, Germany.\" class=\"noLazy flagpm_the_photo swiper-lazy\"><div class=\"swiper-lazy-preloader swiper-lazy-preloader-black\"><\/div><\/div><div class=\"swiper-slide\" data-hash=\"flagallery16855\" data-photo-id=\"16855\"><span class=\"flagpm_va\"><\/span><img data-src=\"https:\/\/bobvarela.com\/wp-content\/flagallery\/kilian-kerner-spring-summer-2015\/webview\/ss-2015_fashion-week-berlin_de_kilian-kerner_47302.jpg\" alt=\"A model walks the runway at the Kilian Kerner show during the Mercedes-Benz Fashion Week Spring\/Summer 2015 at Erika Hess Eisstadion on July 8, 2014 in Berlin, Germany.\" class=\"noLazy flagpm_the_photo swiper-lazy\"><div class=\"swiper-lazy-preloader swiper-lazy-preloader-black\"><\/div><\/div><div class=\"swiper-slide\" data-hash=\"flagallery16856\" data-photo-id=\"16856\"><span class=\"flagpm_va\"><\/span><img data-src=\"https:\/\/bobvarela.com\/wp-content\/flagallery\/kilian-kerner-spring-summer-2015\/webview\/ss-2015_fashion-week-berlin_de_kilian-kerner_47303.jpg\" alt=\"A model walks the runway at the Kilian Kerner show during the Mercedes-Benz Fashion Week Spring\/Summer 2015 at Erika Hess Eisstadion on July 8, 2014 in Berlin, Germany.\" class=\"noLazy flagpm_the_photo swiper-lazy\"><div class=\"swiper-lazy-preloader swiper-lazy-preloader-black\"><\/div><\/div><div class=\"swiper-slide\" data-hash=\"flagallery16857\" data-photo-id=\"16857\"><span class=\"flagpm_va\"><\/span><img data-src=\"https:\/\/bobvarela.com\/wp-content\/flagallery\/kilian-kerner-spring-summer-2015\/webview\/ss-2015_fashion-week-berlin_de_kilian-kerner_47304.jpg\" alt=\"BERLIN, GERMANY - JULY 08: Model Julia Trainer walks the runway at the Kilian Kerner show during the Mercedes-Benz Fashion Week Spring\/Summer 2015 at Erika Hess Eisstadion on July 8, 2014 in Berlin, Germany. (Photo by Peter Michael Dills\/Getty Images) *** Local Caption *** Julia Trainer\" class=\"noLazy flagpm_the_photo swiper-lazy\"><div class=\"swiper-lazy-preloader swiper-lazy-preloader-black\"><\/div><\/div><div class=\"swiper-slide\" data-hash=\"flagallery16858\" data-photo-id=\"16858\"><span class=\"flagpm_va\"><\/span><img data-src=\"https:\/\/bobvarela.com\/wp-content\/flagallery\/kilian-kerner-spring-summer-2015\/webview\/ss-2015_fashion-week-berlin_de_kilian-kerner_47305.jpg\" alt=\"A model walks the runway at the Kilian Kerner show during the Mercedes-Benz Fashion Week Spring\/Summer 2015 at Erika Hess Eisstadion on July 8, 2014 in Berlin, Germany.\" class=\"noLazy flagpm_the_photo swiper-lazy\"><div class=\"swiper-lazy-preloader swiper-lazy-preloader-black\"><\/div><\/div><div class=\"swiper-slide\" data-hash=\"flagallery16859\" data-photo-id=\"16859\"><span class=\"flagpm_va\"><\/span><img data-src=\"https:\/\/bobvarela.com\/wp-content\/flagallery\/kilian-kerner-spring-summer-2015\/webview\/ss-2015_fashion-week-berlin_de_kilian-kerner_47306.jpg\" alt=\"A model walks the runway at the Kilian Kerner show during the Mercedes-Benz Fashion Week Spring\/Summer 2015 at Erika Hess Eisstadion on July 8, 2014 in Berlin, Germany.\" class=\"noLazy flagpm_the_photo swiper-lazy\"><div class=\"swiper-lazy-preloader swiper-lazy-preloader-black\"><\/div><\/div><div class=\"swiper-slide\" data-hash=\"flagallery16860\" data-photo-id=\"16860\"><span class=\"flagpm_va\"><\/span><img data-src=\"https:\/\/bobvarela.com\/wp-content\/flagallery\/kilian-kerner-spring-summer-2015\/webview\/ss-2015_fashion-week-berlin_de_kilian-kerner_47307.jpg\" alt=\"A model walks the runway at the Kilian Kerner show during the Mercedes-Benz Fashion Week Spring\/Summer 2015 at Erika Hess Eisstadion on July 8, 2014 in Berlin, Germany.\" class=\"noLazy flagpm_the_photo swiper-lazy\"><div class=\"swiper-lazy-preloader swiper-lazy-preloader-black\"><\/div><\/div><div class=\"swiper-slide\" data-hash=\"flagallery16861\" data-photo-id=\"16861\"><span class=\"flagpm_va\"><\/span><img data-src=\"https:\/\/bobvarela.com\/wp-content\/flagallery\/kilian-kerner-spring-summer-2015\/webview\/ss-2015_fashion-week-berlin_de_kilian-kerner_47308.jpg\" alt=\"A model walks the runway at the Kilian Kerner show during the Mercedes-Benz Fashion Week Spring\/Summer 2015 at Erika Hess Eisstadion on July 8, 2014 in Berlin, Germany.\" class=\"noLazy flagpm_the_photo swiper-lazy\"><div class=\"swiper-lazy-preloader swiper-lazy-preloader-black\"><\/div><\/div><div class=\"swiper-slide\" data-hash=\"flagallery16862\" data-photo-id=\"16862\"><span class=\"flagpm_va\"><\/span><img data-src=\"https:\/\/bobvarela.com\/wp-content\/flagallery\/kilian-kerner-spring-summer-2015\/webview\/ss-2015_fashion-week-berlin_de_kilian-kerner_47309.jpg\" alt=\"A model walks the runway at the Kilian Kerner show during the Mercedes-Benz Fashion Week Spring\/Summer 2015 at Erika Hess Eisstadion on July 8, 2014 in Berlin, Germany.\" class=\"noLazy flagpm_the_photo swiper-lazy\"><div class=\"swiper-lazy-preloader swiper-lazy-preloader-black\"><\/div><\/div><div class=\"swiper-slide\" data-hash=\"flagallery16863\" data-photo-id=\"16863\"><span class=\"flagpm_va\"><\/span><img data-src=\"https:\/\/bobvarela.com\/wp-content\/flagallery\/kilian-kerner-spring-summer-2015\/webview\/ss-2015_fashion-week-berlin_de_kilian-kerner_47310.jpg\" alt=\"A model walks the runway at the Kilian Kerner show during the Mercedes-Benz Fashion Week Spring\/Summer 2015 at Erika Hess Eisstadion on July 8, 2014 in Berlin, Germany.\" class=\"noLazy flagpm_the_photo swiper-lazy\"><div class=\"swiper-lazy-preloader swiper-lazy-preloader-black\"><\/div><\/div><div class=\"swiper-slide\" data-hash=\"flagallery16864\" data-photo-id=\"16864\"><span class=\"flagpm_va\"><\/span><img data-src=\"https:\/\/bobvarela.com\/wp-content\/flagallery\/kilian-kerner-spring-summer-2015\/webview\/ss-2015_fashion-week-berlin_de_kilian-kerner_47311.jpg\" alt=\"A model walks the runway at the Kilian Kerner show during the Mercedes-Benz Fashion Week Spring\/Summer 2015 at Erika Hess Eisstadion on July 8, 2014 in Berlin, Germany.\" class=\"noLazy flagpm_the_photo swiper-lazy\"><div class=\"swiper-lazy-preloader swiper-lazy-preloader-black\"><\/div><\/div><div class=\"swiper-slide\" data-hash=\"flagallery16865\" data-photo-id=\"16865\"><span class=\"flagpm_va\"><\/span><img data-src=\"https:\/\/bobvarela.com\/wp-content\/flagallery\/kilian-kerner-spring-summer-2015\/webview\/ss-2015_fashion-week-berlin_de_kilian-kerner_47312.jpg\" alt=\"A model walks the runway at the Kilian Kerner show during the Mercedes-Benz Fashion Week Spring\/Summer 2015 at Erika Hess Eisstadion on July 8, 2014 in Berlin, Germany.\" class=\"noLazy flagpm_the_photo swiper-lazy\"><div class=\"swiper-lazy-preloader swiper-lazy-preloader-black\"><\/div><\/div><div class=\"swiper-slide\" data-hash=\"flagallery16866\" data-photo-id=\"16866\"><span class=\"flagpm_va\"><\/span><img data-src=\"https:\/\/bobvarela.com\/wp-content\/flagallery\/kilian-kerner-spring-summer-2015\/webview\/ss-2015_fashion-week-berlin_de_kilian-kerner_47313.jpg\" alt=\"A model walks the runway at the Kilian Kerner show during the Mercedes-Benz Fashion Week Spring\/Summer 2015 at Erika Hess Eisstadion on July 8, 2014 in Berlin, Germany.\" class=\"noLazy flagpm_the_photo swiper-lazy\"><div class=\"swiper-lazy-preloader swiper-lazy-preloader-black\"><\/div><\/div><div class=\"swiper-slide\" data-hash=\"flagallery16867\" data-photo-id=\"16867\"><span class=\"flagpm_va\"><\/span><img data-src=\"https:\/\/bobvarela.com\/wp-content\/flagallery\/kilian-kerner-spring-summer-2015\/webview\/ss-2015_fashion-week-berlin_de_kilian-kerner_47314.jpg\" alt=\"BERLIN, GERMANY - JULY 08: Model Julia Trainer walks the runway at the Kilian Kerner show during the Mercedes-Benz Fashion Week Spring\/Summer 2015 at Erika Hess Eisstadion on July 8, 2014 in Berlin, Germany. (Photo by Peter Michael Dills\/Getty Images) *** Local Caption *** Julia Trainer\" class=\"noLazy flagpm_the_photo swiper-lazy\"><div class=\"swiper-lazy-preloader swiper-lazy-preloader-black\"><\/div><\/div><div class=\"swiper-slide\" data-hash=\"flagallery16868\" data-photo-id=\"16868\"><span class=\"flagpm_va\"><\/span><img data-src=\"https:\/\/bobvarela.com\/wp-content\/flagallery\/kilian-kerner-spring-summer-2015\/webview\/ss-2015_fashion-week-berlin_de_kilian-kerner_47315.jpg\" alt=\"A model walks the runway at the Kilian Kerner show during the Mercedes-Benz Fashion Week Spring\/Summer 2015 at Erika Hess Eisstadion on July 8, 2014 in Berlin, Germany.\" class=\"noLazy flagpm_the_photo swiper-lazy\"><div class=\"swiper-lazy-preloader swiper-lazy-preloader-black\"><\/div><\/div><div class=\"swiper-slide\" data-hash=\"flagallery16869\" data-photo-id=\"16869\"><span class=\"flagpm_va\"><\/span><img data-src=\"https:\/\/bobvarela.com\/wp-content\/flagallery\/kilian-kerner-spring-summer-2015\/webview\/ss-2015_fashion-week-berlin_de_kilian-kerner_47316.jpg\" alt=\"A model walks the runway at the Kilian Kerner show during the Mercedes-Benz Fashion Week Spring\/Summer 2015 at Erika Hess Eisstadion on July 8, 2014 in Berlin, Germany.\" class=\"noLazy flagpm_the_photo swiper-lazy\"><div class=\"swiper-lazy-preloader swiper-lazy-preloader-black\"><\/div><\/div><div class=\"swiper-slide\" data-hash=\"flagallery16870\" data-photo-id=\"16870\"><span class=\"flagpm_va\"><\/span><img data-src=\"https:\/\/bobvarela.com\/wp-content\/flagallery\/kilian-kerner-spring-summer-2015\/webview\/ss-2015_fashion-week-berlin_de_kilian-kerner_47317.jpg\" alt=\"A model walks the runway at the Kilian Kerner show during the Mercedes-Benz Fashion Week Spring\/Summer 2015 at Erika Hess Eisstadion on July 8, 2014 in Berlin, Germany.\" class=\"noLazy flagpm_the_photo swiper-lazy\"><div class=\"swiper-lazy-preloader swiper-lazy-preloader-black\"><\/div><\/div><div class=\"swiper-slide\" data-hash=\"flagallery16871\" data-photo-id=\"16871\"><span class=\"flagpm_va\"><\/span><img data-src=\"https:\/\/bobvarela.com\/wp-content\/flagallery\/kilian-kerner-spring-summer-2015\/webview\/ss-2015_fashion-week-berlin_de_kilian-kerner_47318.jpg\" alt=\"A model walks the runway at the Kilian Kerner show during the Mercedes-Benz Fashion Week Spring\/Summer 2015 at Erika Hess Eisstadion on July 8, 2014 in Berlin, Germany.\" class=\"noLazy flagpm_the_photo swiper-lazy\"><div class=\"swiper-lazy-preloader swiper-lazy-preloader-black\"><\/div><\/div><div class=\"swiper-slide\" data-hash=\"flagallery16872\" data-photo-id=\"16872\"><span class=\"flagpm_va\"><\/span><img data-src=\"https:\/\/bobvarela.com\/wp-content\/flagallery\/kilian-kerner-spring-summer-2015\/webview\/ss-2015_fashion-week-berlin_de_kilian-kerner_47319.jpg\" alt=\"A model walks the runway at the Kilian Kerner show during the Mercedes-Benz Fashion Week Spring\/Summer 2015 at Erika Hess Eisstadion on July 8, 2014 in Berlin, Germany.\" class=\"noLazy flagpm_the_photo swiper-lazy\"><div class=\"swiper-lazy-preloader swiper-lazy-preloader-black\"><\/div><\/div><div class=\"swiper-slide\" data-hash=\"flagallery16873\" data-photo-id=\"16873\"><span class=\"flagpm_va\"><\/span><img data-src=\"https:\/\/bobvarela.com\/wp-content\/flagallery\/kilian-kerner-spring-summer-2015\/webview\/ss-2015_fashion-week-berlin_de_kilian-kerner_47320.jpg\" alt=\"A model walks the runway at the Kilian Kerner show during the Mercedes-Benz Fashion Week Spring\/Summer 2015 at Erika Hess Eisstadion on July 8, 2014 in Berlin, Germany.\" class=\"noLazy flagpm_the_photo swiper-lazy\"><div class=\"swiper-lazy-preloader swiper-lazy-preloader-black\"><\/div><\/div><div class=\"swiper-slide\" data-hash=\"flagallery16874\" data-photo-id=\"16874\"><span class=\"flagpm_va\"><\/span><img data-src=\"https:\/\/bobvarela.com\/wp-content\/flagallery\/kilian-kerner-spring-summer-2015\/webview\/ss-2015_fashion-week-berlin_de_kilian-kerner_47321.jpg\" alt=\"A model walks the runway at the Kilian Kerner show during the Mercedes-Benz Fashion Week Spring\/Summer 2015 at Erika Hess Eisstadion on July 8, 2014 in Berlin, Germany.\" class=\"noLazy flagpm_the_photo swiper-lazy\"><div class=\"swiper-lazy-preloader swiper-lazy-preloader-black\"><\/div><\/div><div class=\"swiper-slide\" data-hash=\"flagallery16875\" data-photo-id=\"16875\"><span class=\"flagpm_va\"><\/span><img data-src=\"https:\/\/bobvarela.com\/wp-content\/flagallery\/kilian-kerner-spring-summer-2015\/webview\/ss-2015_fashion-week-berlin_de_kilian-kerner_47322.jpg\" alt=\"A model walks the runway at the Kilian Kerner show during the Mercedes-Benz Fashion Week Spring\/Summer 2015 at Erika Hess Eisstadion on July 8, 2014 in Berlin, Germany.\" class=\"noLazy flagpm_the_photo swiper-lazy\"><div class=\"swiper-lazy-preloader swiper-lazy-preloader-black\"><\/div><\/div><div class=\"swiper-slide\" data-hash=\"flagallery16876\" data-photo-id=\"16876\"><span class=\"flagpm_va\"><\/span><img data-src=\"https:\/\/bobvarela.com\/wp-content\/flagallery\/kilian-kerner-spring-summer-2015\/webview\/ss-2015_fashion-week-berlin_de_kilian-kerner_47323.jpg\" alt=\"A model walks the runway at the Kilian Kerner show during the Mercedes-Benz Fashion Week Spring\/Summer 2015 at Erika Hess Eisstadion on July 8, 2014 in Berlin, Germany.\" class=\"noLazy flagpm_the_photo swiper-lazy\"><div class=\"swiper-lazy-preloader swiper-lazy-preloader-black\"><\/div><\/div><div class=\"swiper-slide\" data-hash=\"flagallery16877\" data-photo-id=\"16877\"><span class=\"flagpm_va\"><\/span><img data-src=\"https:\/\/bobvarela.com\/wp-content\/flagallery\/kilian-kerner-spring-summer-2015\/webview\/ss-2015_fashion-week-berlin_de_kilian-kerner_47324.jpg\" alt=\"A model walks the runway at the Kilian Kerner show during the Mercedes-Benz Fashion Week Spring\/Summer 2015 at Erika Hess Eisstadion on July 8, 2014 in Berlin, Germany.\" class=\"noLazy flagpm_the_photo swiper-lazy\"><div class=\"swiper-lazy-preloader swiper-lazy-preloader-black\"><\/div><\/div><div class=\"swiper-slide\" data-hash=\"flagallery16878\" data-photo-id=\"16878\"><span class=\"flagpm_va\"><\/span><img data-src=\"https:\/\/bobvarela.com\/wp-content\/flagallery\/kilian-kerner-spring-summer-2015\/webview\/ss-2015_fashion-week-berlin_de_kilian-kerner_47325.jpg\" alt=\"A model walks the runway at the Kilian Kerner show during the Mercedes-Benz Fashion Week Spring\/Summer 2015 at Erika Hess Eisstadion on July 8, 2014 in Berlin, Germany.\" class=\"noLazy flagpm_the_photo swiper-lazy\"><div class=\"swiper-lazy-preloader swiper-lazy-preloader-black\"><\/div><\/div><div class=\"swiper-slide\" data-hash=\"flagallery16879\" data-photo-id=\"16879\"><span class=\"flagpm_va\"><\/span><img data-src=\"https:\/\/bobvarela.com\/wp-content\/flagallery\/kilian-kerner-spring-summer-2015\/webview\/ss-2015_fashion-week-berlin_de_kilian-kerner_47326.jpg\" alt=\"A model walks the runway at the Kilian Kerner show during the Mercedes-Benz Fashion Week Spring\/Summer 2015 at Erika Hess Eisstadion on July 8, 2014 in Berlin, Germany.\" class=\"noLazy flagpm_the_photo swiper-lazy\"><div class=\"swiper-lazy-preloader swiper-lazy-preloader-black\"><\/div><\/div><div class=\"swiper-slide\" data-hash=\"flagallery16880\" data-photo-id=\"16880\"><span class=\"flagpm_va\"><\/span><img data-src=\"https:\/\/bobvarela.com\/wp-content\/flagallery\/kilian-kerner-spring-summer-2015\/webview\/ss-2015_fashion-week-berlin_de_kilian-kerner_47327.jpg\" alt=\"A model walks the runway at the Kilian Kerner show during the Mercedes-Benz Fashion Week Spring\/Summer 2015 at Erika Hess Eisstadion on July 8, 2014 in Berlin, Germany.\" class=\"noLazy flagpm_the_photo swiper-lazy\"><div class=\"swiper-lazy-preloader swiper-lazy-preloader-black\"><\/div><\/div><div class=\"swiper-slide\" data-hash=\"flagallery16881\" data-photo-id=\"16881\"><span class=\"flagpm_va\"><\/span><img data-src=\"https:\/\/bobvarela.com\/wp-content\/flagallery\/kilian-kerner-spring-summer-2015\/webview\/ss-2015_fashion-week-berlin_de_kilian-kerner_47328.jpg\" alt=\"A model walks the runway at the Kilian Kerner show during the Mercedes-Benz Fashion Week Spring\/Summer 2015 at Erika Hess Eisstadion on July 8, 2014 in Berlin, Germany.\" class=\"noLazy flagpm_the_photo swiper-lazy\"><div class=\"swiper-lazy-preloader swiper-lazy-preloader-black\"><\/div><\/div><div class=\"swiper-slide\" data-hash=\"flagallery16882\" data-photo-id=\"16882\"><span class=\"flagpm_va\"><\/span><img data-src=\"https:\/\/bobvarela.com\/wp-content\/flagallery\/kilian-kerner-spring-summer-2015\/webview\/ss-2015_fashion-week-berlin_de_kilian-kerner_47329.jpg\" alt=\"A model walks the runway at the Kilian Kerner show during the Mercedes-Benz Fashion Week Spring\/Summer 2015 at Erika Hess Eisstadion on July 8, 2014 in Berlin, Germany.\" class=\"noLazy flagpm_the_photo swiper-lazy\"><div class=\"swiper-lazy-preloader swiper-lazy-preloader-black\"><\/div><\/div><div class=\"swiper-slide\" data-hash=\"flagallery16883\" data-photo-id=\"16883\"><span class=\"flagpm_va\"><\/span><img data-src=\"https:\/\/bobvarela.com\/wp-content\/flagallery\/kilian-kerner-spring-summer-2015\/webview\/ss-2015_fashion-week-berlin_de_kilian-kerner_47330.jpg\" alt=\"A model walks the runway at the Kilian Kerner show during the Mercedes-Benz Fashion Week Spring\/Summer 2015 at Erika Hess Eisstadion on July 8, 2014 in Berlin, Germany.\" class=\"noLazy flagpm_the_photo swiper-lazy\"><div class=\"swiper-lazy-preloader swiper-lazy-preloader-black\"><\/div><\/div><div class=\"swiper-slide\" data-hash=\"flagallery16884\" data-photo-id=\"16884\"><span class=\"flagpm_va\"><\/span><img data-src=\"https:\/\/bobvarela.com\/wp-content\/flagallery\/kilian-kerner-spring-summer-2015\/webview\/ss-2015_fashion-week-berlin_de_kilian-kerner_47331.jpg\" alt=\"A model walks the runway at the Kilian Kerner show during the Mercedes-Benz Fashion Week Spring\/Summer 2015 at Erika Hess Eisstadion on July 8, 2014 in Berlin, Germany.\" class=\"noLazy flagpm_the_photo swiper-lazy\"><div class=\"swiper-lazy-preloader swiper-lazy-preloader-black\"><\/div><\/div> <\/div> <\/div> <\/div> <div class=\"flagpm_photo_header\"> <div class=\"flagpm_wrapper flagpm_clearfix\"> <div class=\"flagpm_focus_actions\"> <ul class=\"flagpm_focus_share\"> <li style=\"list-style:none;\" class=\"flagpm_share_wrapper\"> <a class=\"flagpm_button flagpm_share\">Share<\/a> <ul class=\"flagpm_sharelizers flagpm_clearfix\"> <li style=\"list-style:none;\"><a class=\"flagpm_button flagpm_facebook flagpm_sharelizer\">Facebook<\/a><\/li> <li style=\"list-style:none;\"><a class=\"flagpm_button flagpm_twitter flagpm_sharelizer\">Twitter<\/a><\/li> <li style=\"list-style:none;\"><a class=\"flagpm_button flagpm_pinterest flagpm_sharelizer\">Pinterest<\/a><\/li> <li style=\"list-style:none;\"><a class=\"flagpm_button flagpm_stumbleupon flagpm_sharelizer\">StumbleUpon<\/a><\/li> <\/ul> <\/li> <\/ul> <ul class=\"flagpm_focus_like_fave flagpm_clearfix\"> <li style=\"list-style:none;\"><a class=\"flagpm_button flagpm_like\">Like<\/a><\/li> <\/ul> <ul class=\"flagpm_focus_arrows flagpm_clearfix\"> <li style=\"list-style:none;\"><a class=\"flagpm_button flagpm_photo_arrow_previous flagpm_prev\">Previous<\/a><\/li> <li style=\"list-style:none;\"><a class=\"flagpm_button flagpm_photo_arrow_next flagpm_next\">Next<\/a><\/li> <\/ul> <\/div> <div class=\"flagpm_name_wrap flagpm_clearfix flagpm_no_avatar\"> <div class=\"flagpm_title_author\"> <div class=\"flagpm_title\">BERLIN, GERMANY - JULY 08: Designer Kilian Kerner appears on the runway after the Kilian Kerner show during the Mercedes-Benz Fashion Week Spring\/Summer 2015 at Erika Hess Eisstadion on July 8, 2014 in Berlin, Germany. (Photo by Peter Michael Dills\/Getty Images) *** Local Caption *** Kilian Kerner<\/div> <\/div> <\/div> <div class=\"flagpm_actions flagpm_clearfix\"> <div class=\"flagpm_carousel flagpm_has_previous flagpm_has_next\"> <div class=\"flagpm_previous_button\"><\/div> <div class=\"flagpm_photo_carousel\"> <div class=\"swiper-container swiper-small-images\"> <div class=\"swiper-wrapper\"><div class=\"swiper-slide flagpm_photo\" data-photo-id=\"16833\"><img decoding=\"async\" src=\"https:\/\/bobvarela.com\/wp-content\/flagallery\/kilian-kerner-spring-summer-2015\/thumbs\/thumbs_ss-2015_fashion-week-berlin_de_kilian-kerner_47280.jpg\" data-src=\"https:\/\/bobvarela.com\/wp-content\/flagallery\/kilian-kerner-spring-summer-2015\/thumbs\/thumbs_ss-2015_fashion-week-berlin_de_kilian-kerner_47280.jpg\" alt=\"BERLIN, GERMANY - JULY 08: Designer Kilian Kerner appears on the runway after the Kilian Kerner show during the Mercedes-Benz Fashion Week Spring\/Summer 2015 at Erika Hess Eisstadion on July 8, 2014 in Berlin, Germany. (Photo by Peter Michael Dills\/Getty Images) *** Local Caption *** Kilian Kerner\" class=\"noLazy flagpm_photo swiper-lazy flagpm_photo_portrait\"><span class=\"swiper-lazy-preloader swiper-lazy-preloader-black\"><\/span><\/div><div class=\"swiper-slide flagpm_photo\" data-photo-id=\"16834\"><img data-src=\"https:\/\/bobvarela.com\/wp-content\/flagallery\/kilian-kerner-spring-summer-2015\/thumbs\/thumbs_ss-2015_fashion-week-berlin_de_kilian-kerner_47281.jpg\" alt=\"A model walks the runway at the Kilian Kerner show during the Mercedes-Benz Fashion Week Spring\/Summer 2015 at Erika Hess Eisstadion on July 8, 2014 in Berlin, Germany.\" class=\"noLazy flagpm_photo swiper-lazy flagpm_photo_portrait\"><span class=\"swiper-lazy-preloader swiper-lazy-preloader-black\"><\/span><\/div><div class=\"swiper-slide flagpm_photo\" data-photo-id=\"16835\"><img data-src=\"https:\/\/bobvarela.com\/wp-content\/flagallery\/kilian-kerner-spring-summer-2015\/thumbs\/thumbs_ss-2015_fashion-week-berlin_de_kilian-kerner_47282.jpg\" alt=\"A model walks the runway at the Kilian Kerner show during the Mercedes-Benz Fashion Week Spring\/Summer 2015 at Erika Hess Eisstadion on July 8, 2014 in Berlin, Germany.\" class=\"noLazy flagpm_photo swiper-lazy flagpm_photo_portrait\"><span class=\"swiper-lazy-preloader swiper-lazy-preloader-black\"><\/span><\/div><div class=\"swiper-slide flagpm_photo\" data-photo-id=\"16836\"><img data-src=\"https:\/\/bobvarela.com\/wp-content\/flagallery\/kilian-kerner-spring-summer-2015\/thumbs\/thumbs_ss-2015_fashion-week-berlin_de_kilian-kerner_47283.jpg\" alt=\"A model walks the runway at the Kilian Kerner show during the Mercedes-Benz Fashion Week Spring\/Summer 2015 at Erika Hess Eisstadion on July 8, 2014 in Berlin, Germany.\" class=\"noLazy flagpm_photo swiper-lazy flagpm_photo_portrait\"><span class=\"swiper-lazy-preloader swiper-lazy-preloader-black\"><\/span><\/div><div class=\"swiper-slide flagpm_photo\" data-photo-id=\"16837\"><img data-src=\"https:\/\/bobvarela.com\/wp-content\/flagallery\/kilian-kerner-spring-summer-2015\/thumbs\/thumbs_ss-2015_fashion-week-berlin_de_kilian-kerner_47284.jpg\" alt=\"A model walks the runway at the Kilian Kerner show during the Mercedes-Benz Fashion Week Spring\/Summer 2015 at Erika Hess Eisstadion on July 8, 2014 in Berlin, Germany.\" class=\"noLazy flagpm_photo swiper-lazy flagpm_photo_portrait\"><span class=\"swiper-lazy-preloader swiper-lazy-preloader-black\"><\/span><\/div><div class=\"swiper-slide flagpm_photo\" data-photo-id=\"16838\"><img data-src=\"https:\/\/bobvarela.com\/wp-content\/flagallery\/kilian-kerner-spring-summer-2015\/thumbs\/thumbs_ss-2015_fashion-week-berlin_de_kilian-kerner_47285.jpg\" alt=\"A model walks the runway at the Kilian Kerner show during the Mercedes-Benz Fashion Week Spring\/Summer 2015 at Erika Hess Eisstadion on July 8, 2014 in Berlin, Germany.\" class=\"noLazy flagpm_photo swiper-lazy flagpm_photo_portrait\"><span class=\"swiper-lazy-preloader swiper-lazy-preloader-black\"><\/span><\/div><div class=\"swiper-slide flagpm_photo\" data-photo-id=\"16839\"><img data-src=\"https:\/\/bobvarela.com\/wp-content\/flagallery\/kilian-kerner-spring-summer-2015\/thumbs\/thumbs_ss-2015_fashion-week-berlin_de_kilian-kerner_47286.jpg\" alt=\"A model walks the runway at the Kilian Kerner show during the Mercedes-Benz Fashion Week Spring\/Summer 2015 at Erika Hess Eisstadion on July 8, 2014 in Berlin, Germany.\" class=\"noLazy flagpm_photo swiper-lazy flagpm_photo_portrait\"><span class=\"swiper-lazy-preloader swiper-lazy-preloader-black\"><\/span><\/div><div class=\"swiper-slide flagpm_photo\" data-photo-id=\"16840\"><img data-src=\"https:\/\/bobvarela.com\/wp-content\/flagallery\/kilian-kerner-spring-summer-2015\/thumbs\/thumbs_ss-2015_fashion-week-berlin_de_kilian-kerner_47287.jpg\" alt=\"A model walks the runway at the Kilian Kerner show during the Mercedes-Benz Fashion Week Spring\/Summer 2015 at Erika Hess Eisstadion on July 8, 2014 in Berlin, Germany.\" class=\"noLazy flagpm_photo swiper-lazy flagpm_photo_portrait\"><span class=\"swiper-lazy-preloader swiper-lazy-preloader-black\"><\/span><\/div><div class=\"swiper-slide flagpm_photo\" data-photo-id=\"16841\"><img data-src=\"https:\/\/bobvarela.com\/wp-content\/flagallery\/kilian-kerner-spring-summer-2015\/thumbs\/thumbs_ss-2015_fashion-week-berlin_de_kilian-kerner_47288.jpg\" alt=\"BERLIN, GERMANY - JULY 08: Model Julia Trainer walks the runway at the Kilian Kerner show during the Mercedes-Benz Fashion Week Spring\/Summer 2015 at Erika Hess Eisstadion on July 8, 2014 in Berlin, Germany. (Photo by Peter Michael Dills\/Getty Images) *** Local Caption *** Julia Trainer\" class=\"noLazy flagpm_photo swiper-lazy flagpm_photo_portrait\"><span class=\"swiper-lazy-preloader swiper-lazy-preloader-black\"><\/span><\/div><div class=\"swiper-slide flagpm_photo\" data-photo-id=\"16842\"><img data-src=\"https:\/\/bobvarela.com\/wp-content\/flagallery\/kilian-kerner-spring-summer-2015\/thumbs\/thumbs_ss-2015_fashion-week-berlin_de_kilian-kerner_47289.jpg\" alt=\"A model walks the runway at the Kilian Kerner show during the Mercedes-Benz Fashion Week Spring\/Summer 2015 at Erika Hess Eisstadion on July 8, 2014 in Berlin, Germany.\" class=\"noLazy flagpm_photo swiper-lazy flagpm_photo_portrait\"><span class=\"swiper-lazy-preloader swiper-lazy-preloader-black\"><\/span><\/div><div class=\"swiper-slide flagpm_photo\" data-photo-id=\"16843\"><img data-src=\"https:\/\/bobvarela.com\/wp-content\/flagallery\/kilian-kerner-spring-summer-2015\/thumbs\/thumbs_ss-2015_fashion-week-berlin_de_kilian-kerner_47290.jpg\" alt=\"A model walks the runway at the Kilian Kerner show during the Mercedes-Benz Fashion Week Spring\/Summer 2015 at Erika Hess Eisstadion on July 8, 2014 in Berlin, Germany.\" class=\"noLazy flagpm_photo swiper-lazy flagpm_photo_portrait\"><span class=\"swiper-lazy-preloader swiper-lazy-preloader-black\"><\/span><\/div><div class=\"swiper-slide flagpm_photo\" data-photo-id=\"16844\"><img data-src=\"https:\/\/bobvarela.com\/wp-content\/flagallery\/kilian-kerner-spring-summer-2015\/thumbs\/thumbs_ss-2015_fashion-week-berlin_de_kilian-kerner_47291.jpg\" alt=\"A model walks the runway at the Kilian Kerner show during the Mercedes-Benz Fashion Week Spring\/Summer 2015 at Erika Hess Eisstadion on July 8, 2014 in Berlin, Germany.\" class=\"noLazy flagpm_photo swiper-lazy flagpm_photo_portrait\"><span class=\"swiper-lazy-preloader swiper-lazy-preloader-black\"><\/span><\/div><div class=\"swiper-slide flagpm_photo\" data-photo-id=\"16845\"><img data-src=\"https:\/\/bobvarela.com\/wp-content\/flagallery\/kilian-kerner-spring-summer-2015\/thumbs\/thumbs_ss-2015_fashion-week-berlin_de_kilian-kerner_47292.jpg\" alt=\"A model walks the runway at the Kilian Kerner show during the Mercedes-Benz Fashion Week Spring\/Summer 2015 at Erika Hess Eisstadion on July 8, 2014 in Berlin, Germany.\" class=\"noLazy flagpm_photo swiper-lazy flagpm_photo_portrait\"><span class=\"swiper-lazy-preloader swiper-lazy-preloader-black\"><\/span><\/div><div class=\"swiper-slide flagpm_photo\" data-photo-id=\"16846\"><img data-src=\"https:\/\/bobvarela.com\/wp-content\/flagallery\/kilian-kerner-spring-summer-2015\/thumbs\/thumbs_ss-2015_fashion-week-berlin_de_kilian-kerner_47293.jpg\" alt=\"A model walks the runway at the Kilian Kerner show during the Mercedes-Benz Fashion Week Spring\/Summer 2015 at Erika Hess Eisstadion on July 8, 2014 in Berlin, Germany.\" class=\"noLazy flagpm_photo swiper-lazy flagpm_photo_portrait\"><span class=\"swiper-lazy-preloader swiper-lazy-preloader-black\"><\/span><\/div><div class=\"swiper-slide flagpm_photo\" data-photo-id=\"16847\"><img data-src=\"https:\/\/bobvarela.com\/wp-content\/flagallery\/kilian-kerner-spring-summer-2015\/thumbs\/thumbs_ss-2015_fashion-week-berlin_de_kilian-kerner_47294.jpg\" alt=\"A model walks the runway at the Kilian Kerner show during the Mercedes-Benz Fashion Week Spring\/Summer 2015 at Erika Hess Eisstadion on July 8, 2014 in Berlin, Germany.\" class=\"noLazy flagpm_photo swiper-lazy flagpm_photo_portrait\"><span class=\"swiper-lazy-preloader swiper-lazy-preloader-black\"><\/span><\/div><div class=\"swiper-slide flagpm_photo\" data-photo-id=\"16848\"><img data-src=\"https:\/\/bobvarela.com\/wp-content\/flagallery\/kilian-kerner-spring-summer-2015\/thumbs\/thumbs_ss-2015_fashion-week-berlin_de_kilian-kerner_47295.jpg\" alt=\"A model walks the runway at the Kilian Kerner show during the Mercedes-Benz Fashion Week Spring\/Summer 2015 at Erika Hess Eisstadion on July 8, 2014 in Berlin, Germany.\" class=\"noLazy flagpm_photo swiper-lazy flagpm_photo_portrait\"><span class=\"swiper-lazy-preloader swiper-lazy-preloader-black\"><\/span><\/div><div class=\"swiper-slide flagpm_photo\" data-photo-id=\"16849\"><img data-src=\"https:\/\/bobvarela.com\/wp-content\/flagallery\/kilian-kerner-spring-summer-2015\/thumbs\/thumbs_ss-2015_fashion-week-berlin_de_kilian-kerner_47296.jpg\" alt=\"A model walks the runway at the Kilian Kerner show during the Mercedes-Benz Fashion Week Spring\/Summer 2015 at Erika Hess Eisstadion on July 8, 2014 in Berlin, Germany.\" class=\"noLazy flagpm_photo swiper-lazy flagpm_photo_portrait\"><span class=\"swiper-lazy-preloader swiper-lazy-preloader-black\"><\/span><\/div><div class=\"swiper-slide flagpm_photo\" data-photo-id=\"16850\"><img data-src=\"https:\/\/bobvarela.com\/wp-content\/flagallery\/kilian-kerner-spring-summer-2015\/thumbs\/thumbs_ss-2015_fashion-week-berlin_de_kilian-kerner_47297.jpg\" alt=\"A model walks the runway at the Kilian Kerner show during the Mercedes-Benz Fashion Week Spring\/Summer 2015 at Erika Hess Eisstadion on July 8, 2014 in Berlin, Germany.\" class=\"noLazy flagpm_photo swiper-lazy flagpm_photo_portrait\"><span class=\"swiper-lazy-preloader swiper-lazy-preloader-black\"><\/span><\/div><div class=\"swiper-slide flagpm_photo\" data-photo-id=\"16851\"><img data-src=\"https:\/\/bobvarela.com\/wp-content\/flagallery\/kilian-kerner-spring-summer-2015\/thumbs\/thumbs_ss-2015_fashion-week-berlin_de_kilian-kerner_47298.jpg\" alt=\"A model walks the runway at the Kilian Kerner show during the Mercedes-Benz Fashion Week Spring\/Summer 2015 at Erika Hess Eisstadion on July 8, 2014 in Berlin, Germany.\" class=\"noLazy flagpm_photo swiper-lazy flagpm_photo_portrait\"><span class=\"swiper-lazy-preloader swiper-lazy-preloader-black\"><\/span><\/div><div class=\"swiper-slide flagpm_photo\" data-photo-id=\"16852\"><img data-src=\"https:\/\/bobvarela.com\/wp-content\/flagallery\/kilian-kerner-spring-summer-2015\/thumbs\/thumbs_ss-2015_fashion-week-berlin_de_kilian-kerner_47299.jpg\" alt=\"A model walks the runway at the Kilian Kerner show during the Mercedes-Benz Fashion Week Spring\/Summer 2015 at Erika Hess Eisstadion on July 8, 2014 in Berlin, Germany.\" class=\"noLazy flagpm_photo swiper-lazy flagpm_photo_portrait\"><span class=\"swiper-lazy-preloader swiper-lazy-preloader-black\"><\/span><\/div><div class=\"swiper-slide flagpm_photo\" data-photo-id=\"16853\"><img data-src=\"https:\/\/bobvarela.com\/wp-content\/flagallery\/kilian-kerner-spring-summer-2015\/thumbs\/thumbs_ss-2015_fashion-week-berlin_de_kilian-kerner_47300.jpg\" alt=\"A model walks the runway at the Kilian Kerner show during the Mercedes-Benz Fashion Week Spring\/Summer 2015 at Erika Hess Eisstadion on July 8, 2014 in Berlin, Germany.\" class=\"noLazy flagpm_photo swiper-lazy flagpm_photo_portrait\"><span class=\"swiper-lazy-preloader swiper-lazy-preloader-black\"><\/span><\/div><div class=\"swiper-slide flagpm_photo\" data-photo-id=\"16854\"><img data-src=\"https:\/\/bobvarela.com\/wp-content\/flagallery\/kilian-kerner-spring-summer-2015\/thumbs\/thumbs_ss-2015_fashion-week-berlin_de_kilian-kerner_47301.jpg\" alt=\"A model walks the runway at the Kilian Kerner show during the Mercedes-Benz Fashion Week Spring\/Summer 2015 at Erika Hess Eisstadion on July 8, 2014 in Berlin, Germany.\" class=\"noLazy flagpm_photo swiper-lazy flagpm_photo_portrait\"><span class=\"swiper-lazy-preloader swiper-lazy-preloader-black\"><\/span><\/div><div class=\"swiper-slide flagpm_photo\" data-photo-id=\"16855\"><img data-src=\"https:\/\/bobvarela.com\/wp-content\/flagallery\/kilian-kerner-spring-summer-2015\/thumbs\/thumbs_ss-2015_fashion-week-berlin_de_kilian-kerner_47302.jpg\" alt=\"A model walks the runway at the Kilian Kerner show during the Mercedes-Benz Fashion Week Spring\/Summer 2015 at Erika Hess Eisstadion on July 8, 2014 in Berlin, Germany.\" class=\"noLazy flagpm_photo swiper-lazy flagpm_photo_portrait\"><span class=\"swiper-lazy-preloader swiper-lazy-preloader-black\"><\/span><\/div><div class=\"swiper-slide flagpm_photo\" data-photo-id=\"16856\"><img data-src=\"https:\/\/bobvarela.com\/wp-content\/flagallery\/kilian-kerner-spring-summer-2015\/thumbs\/thumbs_ss-2015_fashion-week-berlin_de_kilian-kerner_47303.jpg\" alt=\"A model walks the runway at the Kilian Kerner show during the Mercedes-Benz Fashion Week Spring\/Summer 2015 at Erika Hess Eisstadion on July 8, 2014 in Berlin, Germany.\" class=\"noLazy flagpm_photo swiper-lazy flagpm_photo_portrait\"><span class=\"swiper-lazy-preloader swiper-lazy-preloader-black\"><\/span><\/div><div class=\"swiper-slide flagpm_photo\" data-photo-id=\"16857\"><img data-src=\"https:\/\/bobvarela.com\/wp-content\/flagallery\/kilian-kerner-spring-summer-2015\/thumbs\/thumbs_ss-2015_fashion-week-berlin_de_kilian-kerner_47304.jpg\" alt=\"BERLIN, GERMANY - JULY 08: Model Julia Trainer walks the runway at the Kilian Kerner show during the Mercedes-Benz Fashion Week Spring\/Summer 2015 at Erika Hess Eisstadion on July 8, 2014 in Berlin, Germany. (Photo by Peter Michael Dills\/Getty Images) *** Local Caption *** Julia Trainer\" class=\"noLazy flagpm_photo swiper-lazy flagpm_photo_portrait\"><span class=\"swiper-lazy-preloader swiper-lazy-preloader-black\"><\/span><\/div><div class=\"swiper-slide flagpm_photo\" data-photo-id=\"16858\"><img data-src=\"https:\/\/bobvarela.com\/wp-content\/flagallery\/kilian-kerner-spring-summer-2015\/thumbs\/thumbs_ss-2015_fashion-week-berlin_de_kilian-kerner_47305.jpg\" alt=\"A model walks the runway at the Kilian Kerner show during the Mercedes-Benz Fashion Week Spring\/Summer 2015 at Erika Hess Eisstadion on July 8, 2014 in Berlin, Germany.\" class=\"noLazy flagpm_photo swiper-lazy flagpm_photo_portrait\"><span class=\"swiper-lazy-preloader swiper-lazy-preloader-black\"><\/span><\/div><div class=\"swiper-slide flagpm_photo\" data-photo-id=\"16859\"><img data-src=\"https:\/\/bobvarela.com\/wp-content\/flagallery\/kilian-kerner-spring-summer-2015\/thumbs\/thumbs_ss-2015_fashion-week-berlin_de_kilian-kerner_47306.jpg\" alt=\"A model walks the runway at the Kilian Kerner show during the Mercedes-Benz Fashion Week Spring\/Summer 2015 at Erika Hess Eisstadion on July 8, 2014 in Berlin, Germany.\" class=\"noLazy flagpm_photo swiper-lazy flagpm_photo_portrait\"><span class=\"swiper-lazy-preloader swiper-lazy-preloader-black\"><\/span><\/div><div class=\"swiper-slide flagpm_photo\" data-photo-id=\"16860\"><img data-src=\"https:\/\/bobvarela.com\/wp-content\/flagallery\/kilian-kerner-spring-summer-2015\/thumbs\/thumbs_ss-2015_fashion-week-berlin_de_kilian-kerner_47307.jpg\" alt=\"A model walks the runway at the Kilian Kerner show during the Mercedes-Benz Fashion Week Spring\/Summer 2015 at Erika Hess Eisstadion on July 8, 2014 in Berlin, Germany.\" class=\"noLazy flagpm_photo swiper-lazy flagpm_photo_portrait\"><span class=\"swiper-lazy-preloader swiper-lazy-preloader-black\"><\/span><\/div><div class=\"swiper-slide flagpm_photo\" data-photo-id=\"16861\"><img data-src=\"https:\/\/bobvarela.com\/wp-content\/flagallery\/kilian-kerner-spring-summer-2015\/thumbs\/thumbs_ss-2015_fashion-week-berlin_de_kilian-kerner_47308.jpg\" alt=\"A model walks the runway at the Kilian Kerner show during the Mercedes-Benz Fashion Week Spring\/Summer 2015 at Erika Hess Eisstadion on July 8, 2014 in Berlin, Germany.\" class=\"noLazy flagpm_photo swiper-lazy flagpm_photo_portrait\"><span class=\"swiper-lazy-preloader swiper-lazy-preloader-black\"><\/span><\/div><div class=\"swiper-slide flagpm_photo\" data-photo-id=\"16862\"><img data-src=\"https:\/\/bobvarela.com\/wp-content\/flagallery\/kilian-kerner-spring-summer-2015\/thumbs\/thumbs_ss-2015_fashion-week-berlin_de_kilian-kerner_47309.jpg\" alt=\"A model walks the runway at the Kilian Kerner show during the Mercedes-Benz Fashion Week Spring\/Summer 2015 at Erika Hess Eisstadion on July 8, 2014 in Berlin, Germany.\" class=\"noLazy flagpm_photo swiper-lazy flagpm_photo_portrait\"><span class=\"swiper-lazy-preloader swiper-lazy-preloader-black\"><\/span><\/div><div class=\"swiper-slide flagpm_photo\" data-photo-id=\"16863\"><img data-src=\"https:\/\/bobvarela.com\/wp-content\/flagallery\/kilian-kerner-spring-summer-2015\/thumbs\/thumbs_ss-2015_fashion-week-berlin_de_kilian-kerner_47310.jpg\" alt=\"A model walks the runway at the Kilian Kerner show during the Mercedes-Benz Fashion Week Spring\/Summer 2015 at Erika Hess Eisstadion on July 8, 2014 in Berlin, Germany.\" class=\"noLazy flagpm_photo swiper-lazy flagpm_photo_portrait\"><span class=\"swiper-lazy-preloader swiper-lazy-preloader-black\"><\/span><\/div><div class=\"swiper-slide flagpm_photo\" data-photo-id=\"16864\"><img data-src=\"https:\/\/bobvarela.com\/wp-content\/flagallery\/kilian-kerner-spring-summer-2015\/thumbs\/thumbs_ss-2015_fashion-week-berlin_de_kilian-kerner_47311.jpg\" alt=\"A model walks the runway at the Kilian Kerner show during the Mercedes-Benz Fashion Week Spring\/Summer 2015 at Erika Hess Eisstadion on July 8, 2014 in Berlin, Germany.\" class=\"noLazy flagpm_photo swiper-lazy flagpm_photo_portrait\"><span class=\"swiper-lazy-preloader swiper-lazy-preloader-black\"><\/span><\/div><div class=\"swiper-slide flagpm_photo\" data-photo-id=\"16865\"><img data-src=\"https:\/\/bobvarela.com\/wp-content\/flagallery\/kilian-kerner-spring-summer-2015\/thumbs\/thumbs_ss-2015_fashion-week-berlin_de_kilian-kerner_47312.jpg\" alt=\"A model walks the runway at the Kilian Kerner show during the Mercedes-Benz Fashion Week Spring\/Summer 2015 at Erika Hess Eisstadion on July 8, 2014 in Berlin, Germany.\" class=\"noLazy flagpm_photo swiper-lazy flagpm_photo_portrait\"><span class=\"swiper-lazy-preloader swiper-lazy-preloader-black\"><\/span><\/div><div class=\"swiper-slide flagpm_photo\" data-photo-id=\"16866\"><img data-src=\"https:\/\/bobvarela.com\/wp-content\/flagallery\/kilian-kerner-spring-summer-2015\/thumbs\/thumbs_ss-2015_fashion-week-berlin_de_kilian-kerner_47313.jpg\" alt=\"A model walks the runway at the Kilian Kerner show during the Mercedes-Benz Fashion Week Spring\/Summer 2015 at Erika Hess Eisstadion on July 8, 2014 in Berlin, Germany.\" class=\"noLazy flagpm_photo swiper-lazy flagpm_photo_portrait\"><span class=\"swiper-lazy-preloader swiper-lazy-preloader-black\"><\/span><\/div><div class=\"swiper-slide flagpm_photo\" data-photo-id=\"16867\"><img data-src=\"https:\/\/bobvarela.com\/wp-content\/flagallery\/kilian-kerner-spring-summer-2015\/thumbs\/thumbs_ss-2015_fashion-week-berlin_de_kilian-kerner_47314.jpg\" alt=\"BERLIN, GERMANY - JULY 08: Model Julia Trainer walks the runway at the Kilian Kerner show during the Mercedes-Benz Fashion Week Spring\/Summer 2015 at Erika Hess Eisstadion on July 8, 2014 in Berlin, Germany. (Photo by Peter Michael Dills\/Getty Images) *** Local Caption *** Julia Trainer\" class=\"noLazy flagpm_photo swiper-lazy flagpm_photo_portrait\"><span class=\"swiper-lazy-preloader swiper-lazy-preloader-black\"><\/span><\/div><div class=\"swiper-slide flagpm_photo\" data-photo-id=\"16868\"><img data-src=\"https:\/\/bobvarela.com\/wp-content\/flagallery\/kilian-kerner-spring-summer-2015\/thumbs\/thumbs_ss-2015_fashion-week-berlin_de_kilian-kerner_47315.jpg\" alt=\"A model walks the runway at the Kilian Kerner show during the Mercedes-Benz Fashion Week Spring\/Summer 2015 at Erika Hess Eisstadion on July 8, 2014 in Berlin, Germany.\" class=\"noLazy flagpm_photo swiper-lazy flagpm_photo_portrait\"><span class=\"swiper-lazy-preloader swiper-lazy-preloader-black\"><\/span><\/div><div class=\"swiper-slide flagpm_photo\" data-photo-id=\"16869\"><img data-src=\"https:\/\/bobvarela.com\/wp-content\/flagallery\/kilian-kerner-spring-summer-2015\/thumbs\/thumbs_ss-2015_fashion-week-berlin_de_kilian-kerner_47316.jpg\" alt=\"A model walks the runway at the Kilian Kerner show during the Mercedes-Benz Fashion Week Spring\/Summer 2015 at Erika Hess Eisstadion on July 8, 2014 in Berlin, Germany.\" class=\"noLazy flagpm_photo swiper-lazy flagpm_photo_portrait\"><span class=\"swiper-lazy-preloader swiper-lazy-preloader-black\"><\/span><\/div><div class=\"swiper-slide flagpm_photo\" data-photo-id=\"16870\"><img data-src=\"https:\/\/bobvarela.com\/wp-content\/flagallery\/kilian-kerner-spring-summer-2015\/thumbs\/thumbs_ss-2015_fashion-week-berlin_de_kilian-kerner_47317.jpg\" alt=\"A model walks the runway at the Kilian Kerner show during the Mercedes-Benz Fashion Week Spring\/Summer 2015 at Erika Hess Eisstadion on July 8, 2014 in Berlin, Germany.\" class=\"noLazy flagpm_photo swiper-lazy flagpm_photo_portrait\"><span class=\"swiper-lazy-preloader swiper-lazy-preloader-black\"><\/span><\/div><div class=\"swiper-slide flagpm_photo\" data-photo-id=\"16871\"><img data-src=\"https:\/\/bobvarela.com\/wp-content\/flagallery\/kilian-kerner-spring-summer-2015\/thumbs\/thumbs_ss-2015_fashion-week-berlin_de_kilian-kerner_47318.jpg\" alt=\"A model walks the runway at the Kilian Kerner show during the Mercedes-Benz Fashion Week Spring\/Summer 2015 at Erika Hess Eisstadion on July 8, 2014 in Berlin, Germany.\" class=\"noLazy flagpm_photo swiper-lazy flagpm_photo_portrait\"><span class=\"swiper-lazy-preloader swiper-lazy-preloader-black\"><\/span><\/div><div class=\"swiper-slide flagpm_photo\" data-photo-id=\"16872\"><img data-src=\"https:\/\/bobvarela.com\/wp-content\/flagallery\/kilian-kerner-spring-summer-2015\/thumbs\/thumbs_ss-2015_fashion-week-berlin_de_kilian-kerner_47319.jpg\" alt=\"A model walks the runway at the Kilian Kerner show during the Mercedes-Benz Fashion Week Spring\/Summer 2015 at Erika Hess Eisstadion on July 8, 2014 in Berlin, Germany.\" class=\"noLazy flagpm_photo swiper-lazy flagpm_photo_portrait\"><span class=\"swiper-lazy-preloader swiper-lazy-preloader-black\"><\/span><\/div><div class=\"swiper-slide flagpm_photo\" data-photo-id=\"16873\"><img data-src=\"https:\/\/bobvarela.com\/wp-content\/flagallery\/kilian-kerner-spring-summer-2015\/thumbs\/thumbs_ss-2015_fashion-week-berlin_de_kilian-kerner_47320.jpg\" alt=\"A model walks the runway at the Kilian Kerner show during the Mercedes-Benz Fashion Week Spring\/Summer 2015 at Erika Hess Eisstadion on July 8, 2014 in Berlin, Germany.\" class=\"noLazy flagpm_photo swiper-lazy flagpm_photo_portrait\"><span class=\"swiper-lazy-preloader swiper-lazy-preloader-black\"><\/span><\/div><div class=\"swiper-slide flagpm_photo\" data-photo-id=\"16874\"><img data-src=\"https:\/\/bobvarela.com\/wp-content\/flagallery\/kilian-kerner-spring-summer-2015\/thumbs\/thumbs_ss-2015_fashion-week-berlin_de_kilian-kerner_47321.jpg\" alt=\"A model walks the runway at the Kilian Kerner show during the Mercedes-Benz Fashion Week Spring\/Summer 2015 at Erika Hess Eisstadion on July 8, 2014 in Berlin, Germany.\" class=\"noLazy flagpm_photo swiper-lazy flagpm_photo_portrait\"><span class=\"swiper-lazy-preloader swiper-lazy-preloader-black\"><\/span><\/div><div class=\"swiper-slide flagpm_photo\" data-photo-id=\"16875\"><img data-src=\"https:\/\/bobvarela.com\/wp-content\/flagallery\/kilian-kerner-spring-summer-2015\/thumbs\/thumbs_ss-2015_fashion-week-berlin_de_kilian-kerner_47322.jpg\" alt=\"A model walks the runway at the Kilian Kerner show during the Mercedes-Benz Fashion Week Spring\/Summer 2015 at Erika Hess Eisstadion on July 8, 2014 in Berlin, Germany.\" class=\"noLazy flagpm_photo swiper-lazy flagpm_photo_portrait\"><span class=\"swiper-lazy-preloader swiper-lazy-preloader-black\"><\/span><\/div><div class=\"swiper-slide flagpm_photo\" data-photo-id=\"16876\"><img data-src=\"https:\/\/bobvarela.com\/wp-content\/flagallery\/kilian-kerner-spring-summer-2015\/thumbs\/thumbs_ss-2015_fashion-week-berlin_de_kilian-kerner_47323.jpg\" alt=\"A model walks the runway at the Kilian Kerner show during the Mercedes-Benz Fashion Week Spring\/Summer 2015 at Erika Hess Eisstadion on July 8, 2014 in Berlin, Germany.\" class=\"noLazy flagpm_photo swiper-lazy flagpm_photo_portrait\"><span class=\"swiper-lazy-preloader swiper-lazy-preloader-black\"><\/span><\/div><div class=\"swiper-slide flagpm_photo\" data-photo-id=\"16877\"><img data-src=\"https:\/\/bobvarela.com\/wp-content\/flagallery\/kilian-kerner-spring-summer-2015\/thumbs\/thumbs_ss-2015_fashion-week-berlin_de_kilian-kerner_47324.jpg\" alt=\"A model walks the runway at the Kilian Kerner show during the Mercedes-Benz Fashion Week Spring\/Summer 2015 at Erika Hess Eisstadion on July 8, 2014 in Berlin, Germany.\" class=\"noLazy flagpm_photo swiper-lazy flagpm_photo_portrait\"><span class=\"swiper-lazy-preloader swiper-lazy-preloader-black\"><\/span><\/div><div class=\"swiper-slide flagpm_photo\" data-photo-id=\"16878\"><img data-src=\"https:\/\/bobvarela.com\/wp-content\/flagallery\/kilian-kerner-spring-summer-2015\/thumbs\/thumbs_ss-2015_fashion-week-berlin_de_kilian-kerner_47325.jpg\" alt=\"A model walks the runway at the Kilian Kerner show during the Mercedes-Benz Fashion Week Spring\/Summer 2015 at Erika Hess Eisstadion on July 8, 2014 in Berlin, Germany.\" class=\"noLazy flagpm_photo swiper-lazy flagpm_photo_portrait\"><span class=\"swiper-lazy-preloader swiper-lazy-preloader-black\"><\/span><\/div><div class=\"swiper-slide flagpm_photo\" data-photo-id=\"16879\"><img data-src=\"https:\/\/bobvarela.com\/wp-content\/flagallery\/kilian-kerner-spring-summer-2015\/thumbs\/thumbs_ss-2015_fashion-week-berlin_de_kilian-kerner_47326.jpg\" alt=\"A model walks the runway at the Kilian Kerner show during the Mercedes-Benz Fashion Week Spring\/Summer 2015 at Erika Hess Eisstadion on July 8, 2014 in Berlin, Germany.\" class=\"noLazy flagpm_photo swiper-lazy flagpm_photo_portrait\"><span class=\"swiper-lazy-preloader swiper-lazy-preloader-black\"><\/span><\/div><div class=\"swiper-slide flagpm_photo\" data-photo-id=\"16880\"><img data-src=\"https:\/\/bobvarela.com\/wp-content\/flagallery\/kilian-kerner-spring-summer-2015\/thumbs\/thumbs_ss-2015_fashion-week-berlin_de_kilian-kerner_47327.jpg\" alt=\"A model walks the runway at the Kilian Kerner show during the Mercedes-Benz Fashion Week Spring\/Summer 2015 at Erika Hess Eisstadion on July 8, 2014 in Berlin, Germany.\" class=\"noLazy flagpm_photo swiper-lazy flagpm_photo_portrait\"><span class=\"swiper-lazy-preloader swiper-lazy-preloader-black\"><\/span><\/div><div class=\"swiper-slide flagpm_photo\" data-photo-id=\"16881\"><img data-src=\"https:\/\/bobvarela.com\/wp-content\/flagallery\/kilian-kerner-spring-summer-2015\/thumbs\/thumbs_ss-2015_fashion-week-berlin_de_kilian-kerner_47328.jpg\" alt=\"A model walks the runway at the Kilian Kerner show during the Mercedes-Benz Fashion Week Spring\/Summer 2015 at Erika Hess Eisstadion on July 8, 2014 in Berlin, Germany.\" class=\"noLazy flagpm_photo swiper-lazy flagpm_photo_portrait\"><span class=\"swiper-lazy-preloader swiper-lazy-preloader-black\"><\/span><\/div><div class=\"swiper-slide flagpm_photo\" data-photo-id=\"16882\"><img data-src=\"https:\/\/bobvarela.com\/wp-content\/flagallery\/kilian-kerner-spring-summer-2015\/thumbs\/thumbs_ss-2015_fashion-week-berlin_de_kilian-kerner_47329.jpg\" alt=\"A model walks the runway at the Kilian Kerner show during the Mercedes-Benz Fashion Week Spring\/Summer 2015 at Erika Hess Eisstadion on July 8, 2014 in Berlin, Germany.\" class=\"noLazy flagpm_photo swiper-lazy flagpm_photo_portrait\"><span class=\"swiper-lazy-preloader swiper-lazy-preloader-black\"><\/span><\/div><div class=\"swiper-slide flagpm_photo\" data-photo-id=\"16883\"><img data-src=\"https:\/\/bobvarela.com\/wp-content\/flagallery\/kilian-kerner-spring-summer-2015\/thumbs\/thumbs_ss-2015_fashion-week-berlin_de_kilian-kerner_47330.jpg\" alt=\"A model walks the runway at the Kilian Kerner show during the Mercedes-Benz Fashion Week Spring\/Summer 2015 at Erika Hess Eisstadion on July 8, 2014 in Berlin, Germany.\" class=\"noLazy flagpm_photo swiper-lazy flagpm_photo_portrait\"><span class=\"swiper-lazy-preloader swiper-lazy-preloader-black\"><\/span><\/div><div class=\"swiper-slide flagpm_photo\" data-photo-id=\"16884\"><img data-src=\"https:\/\/bobvarela.com\/wp-content\/flagallery\/kilian-kerner-spring-summer-2015\/thumbs\/thumbs_ss-2015_fashion-week-berlin_de_kilian-kerner_47331.jpg\" alt=\"A model walks the runway at the Kilian Kerner show during the Mercedes-Benz Fashion Week Spring\/Summer 2015 at Erika Hess Eisstadion on July 8, 2014 in Berlin, Germany.\" class=\"noLazy flagpm_photo swiper-lazy flagpm_photo_portrait\"><span class=\"swiper-lazy-preloader swiper-lazy-preloader-black\"><\/span><\/div> <\/div> <\/div> <\/div> <div class=\"flagpm_next_button\"><\/div> <\/div> <div class=\"flagpm_big_button_wrap\"> <div class=\"flagpm_share_wrapper\"> <a class=\"flagpm_button flagpm_share\">Share<\/a> <div class=\"flagpm_sharelizers_wrap\"> <ul class=\"flagpm_sharelizers\"> <li style=\"list-style:none;\"><a class=\"flagpm_button flagpm_facebook flagpm_sharelizer\">Facebook<\/a><\/li> <li style=\"list-style:none;\"><a class=\"flagpm_button flagpm_twitter flagpm_sharelizer\">Twitter<\/a><\/li> <li style=\"list-style:none;\"><a class=\"flagpm_button flagpm_pinterest flagpm_sharelizer\">Pinterest<\/a><\/li> <li style=\"list-style:none;\"><a class=\"flagpm_button flagpm_stumbleupon flagpm_sharelizer\">StumbleUpon<\/a><\/li> <\/ul> <\/div> <\/div> <a class=\"flagpm_button flagpm_like\">Like<\/a> <\/div> <div class=\"flagpm_big_button_wrap\"> <a class=\"flagpm_big_button flagpm_download_button\" href=\"https:\/\/bobvarela.com\/wp-content\/flagallery\/kilian-kerner-spring-summer-2015\/ss-2015_fashion-week-berlin_de_kilian-kerner_47280.jpg\" download=\"ss-2015_fashion-week-berlin_de_kilian-kerner_47280.jpg\"> <span class=\"flagpm_icon\"><\/span> <span class=\"flagpm_label\">Download<\/span> <\/a> <\/div> <div class=\"flagpm_big_button_wrap\"> <a class=\"flagpm_big_button flagpm_link_button flagpm_inactive\" > <span class=\"flagpm_icon\"><\/span> <span class=\"flagpm_label\">Open Link<\/span> <\/a> <\/div> <\/div> <\/div> <\/div> <div class=\"flagpm_focus_close_full\"> <span><a class=\"flagpm_button flagpm_close\">Close<\/a><\/span> <span><a class=\"flagpm_button flagpm_full\">Full<\/a><\/span> <\/div> <div class=\"flagpm_photo_details\"> <div class=\"flagpm_description_wrap\"> <div class=\"details_title\">Description<\/div> <div class=\"flagpm_description_text_wrap\"> <div class=\"flagpm_slide_description\"><p>BERLIN, GERMANY - JULY 08: Designer Kilian Kerner appears on the runway after the Kilian Kerner show during the Mercedes-Benz Fashion Week Spring\/Summer 2015 at Erika Hess Eisstadion on July 8, 2014 in Berlin, Germany. (Photo by Peter Michael Dills\/Getty Images) *** Local Caption *** Kilian Kerner<\/p><\/div> <\/div> <\/div> <\/div> <div class=\"flagpm_focus_footer\"> <div class=\"flagpm_focus_keyboard\"> <div class=\"flagpm_focus_keyboard_title\">Keyboard Shortcuts <a class=\"flagpm_focus_keyboard_dismiss\">Dismiss<\/a><\/div> <ul> <li style=\"list-style:none;\"><a data-key=\"p\" class=\"flagpm_key\">S<\/a><span class=\"flagpm_label\">Slideshow<\/span><\/li> <li style=\"list-style:none;\"><a data-key=\"m\" class=\"flagpm_key\">M<\/a><span class=\"flagpm_label\">Maximize<\/span><\/li> <li style=\"list-style:none;\"><a data-key=\"left\" class=\"flagpm_key\">&nbsp;<\/a><span class=\"flagpm_label\">Previous<\/span><\/li> <li style=\"list-style:none;\"><a data-key=\"right\" class=\"flagpm_key\">&nbsp;<\/a><span class=\"flagpm_label\">Next<\/span><\/li> <li style=\"list-style:none;\"><a data-key=\"escape\" class=\"flagpm_key flagpm_esc\">esc<\/a><span class=\"flagpm_label\">Close<\/span><\/li> <\/ul> <\/div> <\/div> <\/div> <script type=\"text\/javascript\"> jQuery(function($) { var settings = {\"base_gallery_width\":\"800\",\"base_gallery_height\":\"500\",\"gallery_min_height\":\"230\",\"scale_mode\":\"fit\",\"initial_slide\":0,\"slideshow_autoplay\":\"0\",\"slideshow_delay\":\"7000\",\"gallery_focus\":\"0\",\"gallery_maximized\":\"0\",\"gallery_focus_maximized\":\"0\",\"keyboard_help\":\"1\",\"show_download_button\":\"1\",\"show_link_button\":\"1\",\"show_description\":\"1\",\"show_share_button\":\"1\",\"show_like_button\":\"1\",\"link_color\":\"#0099e5\",\"link_color_hover\":\"#02adea\",\"download_button_text\":\"Download\",\"link_button_text\":\"Open Link\",\"description_title\":\"Description\",\"key\":\"\",\"name\":\"\",\"gallID\":\"sc1_210\"}; var content = {\"data\":[{\"id\":\"16833\",\"image\":\"https:\\\/\\\/bobvarela.com\\\/wp-content\\\/flagallery\\\/kilian-kerner-spring-summer-2015\\\/webview\\\/ss-2015_fashion-week-berlin_de_kilian-kerner_47280.jpg\",\"thumb\":\"https:\\\/\\\/bobvarela.com\\\/wp-content\\\/flagallery\\\/kilian-kerner-spring-summer-2015\\\/thumbs\\\/thumbs_ss-2015_fashion-week-berlin_de_kilian-kerner_47280.jpg\",\"file\":\"ss-2015_fashion-week-berlin_de_kilian-kerner_47280.jpg\",\"meta\":{\"aperture\":false,\"credit\":\"Getty Images\",\"camera\":false,\"caption\":\"BERLIN, GERMANY - JULY 08: Designer Kilian Kerner appears on the runway after the Kilian Kerner show during the Mercedes-Benz Fashion Week Spring\\\/Summer 2015 at Erika Hess Eisstadion on July 8, 2014 in Berlin, Germany. (Photo by Peter Michael Dills\\\/Getty Images) *** Local Caption *** Kilian Kerner\",\"created_timestamp\":\"July 8, 2014 8:43 pm\",\"copyright\":\"2014 Getty Images\",\"focal_length\":false,\"iso\":false,\"shutter_speed\":false,\"flash\":false,\"title\":\"BERLIN, GERMANY - JULY 08: Designer Kilian Kerner appears on the runway after the Kilian Kerner show during the Mercedes-Benz Fashion Week Spring\\\/Summer 2015 at Erika Hess Eisstadion on July 8, 2014 in Berlin, Germany. (Photo by Peter Michael Dills\\\/Getty Images) *** Local Caption *** Kilian Kerner\",\"keywords\":\"Catwalk,Celebrities,Fashion,Fashion Week Berlin,Mercedes-Benz Fashion Week - Berlin,runway\",\"width\":600,\"height\":900,\"saved\":true,\"thumbnail\":{\"width\":220,\"height\":220},\"webview\":{\"0\":600,\"1\":900,\"2\":2,\"3\":\"width=\\\"600\\\" height=\\\"900\\\"\",\"bits\":8,\"channels\":3,\"mime\":\"image\\\/jpeg\"},\"views\":\"150\",\"likes\":\"0\"},\"title\":\"BERLIN, GERMANY - JULY 08: Designer Kilian Kerner appears on the runway after the Kilian Kerner show during the Mercedes-Benz Fashion Week Spring\\\/Summer 2015 at Erika Hess Eisstadion on July 8, 2014 in Berlin, Germany. (Photo by Peter Michael Dills\\\/Getty Images) *** Local Caption *** Kilian Kerner\",\"description\":\"<p>BERLIN, GERMANY - JULY 08: Designer Kilian Kerner appears on the runway after the Kilian Kerner show during the Mercedes-Benz Fashion Week Spring\\\/Summer 2015 at Erika Hess Eisstadion on July 8, 2014 in Berlin, Germany. (Photo by Peter Michael Dills\\\/Getty Images) *** Local Caption *** Kilian Kerner<\\\/p>\",\"link\":null,\"link_target\":\"\",\"download\":\"https:\\\/\\\/bobvarela.com\\\/wp-content\\\/flagallery\\\/kilian-kerner-spring-summer-2015\\\/ss-2015_fashion-week-berlin_de_kilian-kerner_47280.jpg\",\"ratio\":0.66666666666666662965923251249478198587894439697265625},{\"id\":\"16834\",\"image\":\"https:\\\/\\\/bobvarela.com\\\/wp-content\\\/flagallery\\\/kilian-kerner-spring-summer-2015\\\/webview\\\/ss-2015_fashion-week-berlin_de_kilian-kerner_47281.jpg\",\"thumb\":\"https:\\\/\\\/bobvarela.com\\\/wp-content\\\/flagallery\\\/kilian-kerner-spring-summer-2015\\\/thumbs\\\/thumbs_ss-2015_fashion-week-berlin_de_kilian-kerner_47281.jpg\",\"file\":\"ss-2015_fashion-week-berlin_de_kilian-kerner_47281.jpg\",\"meta\":{\"aperture\":false,\"credit\":\"Getty Images\",\"camera\":false,\"caption\":\"A model walks the runway at the Kilian Kerner show during the Mercedes-Benz Fashion Week Spring\\\/Summer 2015 at Erika Hess Eisstadion on July 8, 2014 in Berlin, Germany.\",\"created_timestamp\":\"July 8, 2014 8:40 pm\",\"copyright\":\"2014 Getty Images\",\"focal_length\":false,\"iso\":false,\"shutter_speed\":false,\"flash\":false,\"title\":\"A model walks the runway at the Kilian Kerner show during the Mercedes-Benz Fashion Week Spring\\\/Summer 2015 at Erika Hess Eisstadion on July 8, 2014 in Berlin, Germany.\",\"keywords\":\"Catwalk,Celebrities,Fashion,Fashion Week Berlin,Mercedes-Benz Fashion Week - Berlin,runway\",\"width\":565,\"height\":900,\"saved\":true,\"thumbnail\":{\"width\":220,\"height\":220},\"webview\":{\"0\":565,\"1\":900,\"2\":2,\"3\":\"width=\\\"565\\\" height=\\\"900\\\"\",\"bits\":8,\"channels\":3,\"mime\":\"image\\\/jpeg\"},\"views\":\"29\",\"likes\":\"0\"},\"title\":\"A model walks the runway at the Kilian Kerner show during the Mercedes-Benz Fashion Week Spring\\\/Summer 2015 at Erika Hess Eisstadion on July 8, 2014 in Berlin, Germany.\",\"description\":\"<p>A model walks the runway at the Kilian Kerner show during the Mercedes-Benz Fashion Week Spring\\\/Summer 2015 at Erika Hess Eisstadion on July 8, 2014 in Berlin, Germany.<\\\/p>\",\"link\":null,\"link_target\":\"\",\"download\":\"https:\\\/\\\/bobvarela.com\\\/wp-content\\\/flagallery\\\/kilian-kerner-spring-summer-2015\\\/ss-2015_fashion-week-berlin_de_kilian-kerner_47281.jpg\",\"ratio\":0.627777777777777767909128669998608529567718505859375},{\"id\":\"16835\",\"image\":\"https:\\\/\\\/bobvarela.com\\\/wp-content\\\/flagallery\\\/kilian-kerner-spring-summer-2015\\\/webview\\\/ss-2015_fashion-week-berlin_de_kilian-kerner_47282.jpg\",\"thumb\":\"https:\\\/\\\/bobvarela.com\\\/wp-content\\\/flagallery\\\/kilian-kerner-spring-summer-2015\\\/thumbs\\\/thumbs_ss-2015_fashion-week-berlin_de_kilian-kerner_47282.jpg\",\"file\":\"ss-2015_fashion-week-berlin_de_kilian-kerner_47282.jpg\",\"meta\":{\"aperture\":false,\"credit\":\"Getty Images\",\"camera\":false,\"caption\":\"A model walks the runway at the Kilian Kerner show during the Mercedes-Benz Fashion Week Spring\\\/Summer 2015 at Erika Hess Eisstadion on July 8, 2014 in Berlin, Germany.\",\"created_timestamp\":\"July 8, 2014 8:40 pm\",\"copyright\":\"2014 Getty Images\",\"focal_length\":false,\"iso\":false,\"shutter_speed\":false,\"flash\":false,\"title\":\"A model walks the runway at the Kilian Kerner show during the Mercedes-Benz Fashion Week Spring\\\/Summer 2015 at Erika Hess Eisstadion on July 8, 2014 in Berlin, Germany.\",\"keywords\":\"Catwalk,Celebrities,Fashion,Fashion Week Berlin,Mercedes-Benz Fashion Week - Berlin,runway\",\"width\":596,\"height\":900,\"saved\":true,\"thumbnail\":{\"width\":220,\"height\":220},\"webview\":{\"0\":596,\"1\":900,\"2\":2,\"3\":\"width=\\\"596\\\" height=\\\"900\\\"\",\"bits\":8,\"channels\":3,\"mime\":\"image\\\/jpeg\"},\"views\":\"21\",\"likes\":\"0\"},\"title\":\"A model walks the runway at the Kilian Kerner show during the Mercedes-Benz Fashion Week Spring\\\/Summer 2015 at Erika Hess Eisstadion on July 8, 2014 in Berlin, Germany.\",\"description\":\"<p>A model walks the runway at the Kilian Kerner show during the Mercedes-Benz Fashion Week Spring\\\/Summer 2015 at Erika Hess Eisstadion on July 8, 2014 in Berlin, Germany.<\\\/p>\",\"link\":null,\"link_target\":\"\",\"download\":\"https:\\\/\\\/bobvarela.com\\\/wp-content\\\/flagallery\\\/kilian-kerner-spring-summer-2015\\\/ss-2015_fashion-week-berlin_de_kilian-kerner_47282.jpg\",\"ratio\":0.662222222222222267618008118006400763988494873046875},{\"id\":\"16836\",\"image\":\"https:\\\/\\\/bobvarela.com\\\/wp-content\\\/flagallery\\\/kilian-kerner-spring-summer-2015\\\/webview\\\/ss-2015_fashion-week-berlin_de_kilian-kerner_47283.jpg\",\"thumb\":\"https:\\\/\\\/bobvarela.com\\\/wp-content\\\/flagallery\\\/kilian-kerner-spring-summer-2015\\\/thumbs\\\/thumbs_ss-2015_fashion-week-berlin_de_kilian-kerner_47283.jpg\",\"file\":\"ss-2015_fashion-week-berlin_de_kilian-kerner_47283.jpg\",\"meta\":{\"aperture\":false,\"credit\":\"Getty Images\",\"camera\":false,\"caption\":\"A model walks the runway at the Kilian Kerner show during the Mercedes-Benz Fashion Week Spring\\\/Summer 2015 at Erika Hess Eisstadion on July 8, 2014 in Berlin, Germany.\",\"created_timestamp\":\"July 8, 2014 8:39 pm\",\"copyright\":\"2014 Getty Images\",\"focal_length\":false,\"iso\":false,\"shutter_speed\":false,\"flash\":false,\"title\":\"A model walks the runway at the Kilian Kerner show during the Mercedes-Benz Fashion Week Spring\\\/Summer 2015 at Erika Hess Eisstadion on July 8, 2014 in Berlin, Germany.\",\"keywords\":\"Catwalk,Celebrities,Fashion,Fashion Week Berlin,Mercedes-Benz Fashion Week - Berlin,runway\",\"width\":561,\"height\":900,\"saved\":true,\"thumbnail\":{\"width\":220,\"height\":220},\"webview\":{\"0\":561,\"1\":900,\"2\":2,\"3\":\"width=\\\"561\\\" height=\\\"900\\\"\",\"bits\":8,\"channels\":3,\"mime\":\"image\\\/jpeg\"},\"views\":\"21\",\"likes\":\"0\"},\"title\":\"A model walks the runway at the Kilian Kerner show during the Mercedes-Benz Fashion Week Spring\\\/Summer 2015 at Erika Hess Eisstadion on July 8, 2014 in Berlin, Germany.\",\"description\":\"<p>A model walks the runway at the Kilian Kerner show during the Mercedes-Benz Fashion Week Spring\\\/Summer 2015 at Erika Hess Eisstadion on July 8, 2014 in Berlin, Germany.<\\\/p>\",\"link\":null,\"link_target\":\"\",\"download\":\"https:\\\/\\\/bobvarela.com\\\/wp-content\\\/flagallery\\\/kilian-kerner-spring-summer-2015\\\/ss-2015_fashion-week-berlin_de_kilian-kerner_47283.jpg\",\"ratio\":0.6233333333333332948456018129945732653141021728515625},{\"id\":\"16837\",\"image\":\"https:\\\/\\\/bobvarela.com\\\/wp-content\\\/flagallery\\\/kilian-kerner-spring-summer-2015\\\/webview\\\/ss-2015_fashion-week-berlin_de_kilian-kerner_47284.jpg\",\"thumb\":\"https:\\\/\\\/bobvarela.com\\\/wp-content\\\/flagallery\\\/kilian-kerner-spring-summer-2015\\\/thumbs\\\/thumbs_ss-2015_fashion-week-berlin_de_kilian-kerner_47284.jpg\",\"file\":\"ss-2015_fashion-week-berlin_de_kilian-kerner_47284.jpg\",\"meta\":{\"aperture\":false,\"credit\":\"Getty Images\",\"camera\":false,\"caption\":\"A model walks the runway at the Kilian Kerner show during the Mercedes-Benz Fashion Week Spring\\\/Summer 2015 at Erika Hess Eisstadion on July 8, 2014 in Berlin, Germany.\",\"created_timestamp\":\"July 8, 2014 8:39 pm\",\"copyright\":\"2014 Getty Images\",\"focal_length\":false,\"iso\":false,\"shutter_speed\":false,\"flash\":false,\"title\":\"A model walks the runway at the Kilian Kerner show during the Mercedes-Benz Fashion Week Spring\\\/Summer 2015 at Erika Hess Eisstadion on July 8, 2014 in Berlin, Germany.\",\"keywords\":\"Catwalk,Celebrities,Fashion,Fashion Week Berlin,Mercedes-Benz Fashion Week - Berlin,runway\",\"width\":554,\"height\":899,\"saved\":true,\"thumbnail\":{\"width\":220,\"height\":220},\"webview\":{\"0\":554,\"1\":899,\"2\":2,\"3\":\"width=\\\"554\\\" height=\\\"899\\\"\",\"bits\":8,\"channels\":3,\"mime\":\"image\\\/jpeg\"},\"views\":\"20\",\"likes\":\"0\"},\"title\":\"A model walks the runway at the Kilian Kerner show during the Mercedes-Benz Fashion Week Spring\\\/Summer 2015 at Erika Hess Eisstadion on July 8, 2014 in Berlin, Germany.\",\"description\":\"<p>A model walks the runway at the Kilian Kerner show during the Mercedes-Benz Fashion Week Spring\\\/Summer 2015 at Erika Hess Eisstadion on July 8, 2014 in Berlin, Germany.<\\\/p>\",\"link\":null,\"link_target\":\"\",\"download\":\"https:\\\/\\\/bobvarela.com\\\/wp-content\\\/flagallery\\\/kilian-kerner-spring-summer-2015\\\/ss-2015_fashion-week-berlin_de_kilian-kerner_47284.jpg\",\"ratio\":0.61624026696329259333850814073230139911174774169921875},{\"id\":\"16838\",\"image\":\"https:\\\/\\\/bobvarela.com\\\/wp-content\\\/flagallery\\\/kilian-kerner-spring-summer-2015\\\/webview\\\/ss-2015_fashion-week-berlin_de_kilian-kerner_47285.jpg\",\"thumb\":\"https:\\\/\\\/bobvarela.com\\\/wp-content\\\/flagallery\\\/kilian-kerner-spring-summer-2015\\\/thumbs\\\/thumbs_ss-2015_fashion-week-berlin_de_kilian-kerner_47285.jpg\",\"file\":\"ss-2015_fashion-week-berlin_de_kilian-kerner_47285.jpg\",\"meta\":{\"aperture\":false,\"credit\":\"Getty Images\",\"camera\":false,\"caption\":\"A model walks the runway at the Kilian Kerner show during the Mercedes-Benz Fashion Week Spring\\\/Summer 2015 at Erika Hess Eisstadion on July 8, 2014 in Berlin, Germany.\",\"created_timestamp\":\"July 8, 2014 8:39 pm\",\"copyright\":\"2014 Getty Images\",\"focal_length\":false,\"iso\":false,\"shutter_speed\":false,\"flash\":false,\"title\":\"A model walks the runway at the Kilian Kerner show during the Mercedes-Benz Fashion Week Spring\\\/Summer 2015 at Erika Hess Eisstadion on July 8, 2014 in Berlin, Germany.\",\"keywords\":\"Catwalk,Celebrities,Fashion,Fashion Week Berlin,Mercedes-Benz Fashion Week - Berlin,runway\",\"width\":503,\"height\":900,\"saved\":true,\"thumbnail\":{\"width\":220,\"height\":220},\"webview\":{\"0\":503,\"1\":900,\"2\":2,\"3\":\"width=\\\"503\\\" height=\\\"900\\\"\",\"bits\":8,\"channels\":3,\"mime\":\"image\\\/jpeg\"},\"views\":\"20\",\"likes\":\"0\"},\"title\":\"A model walks the runway at the Kilian Kerner show during the Mercedes-Benz Fashion Week Spring\\\/Summer 2015 at Erika Hess Eisstadion on July 8, 2014 in Berlin, Germany.\",\"description\":\"<p>A model walks the runway at the Kilian Kerner show during the Mercedes-Benz Fashion Week Spring\\\/Summer 2015 at Erika Hess Eisstadion on July 8, 2014 in Berlin, Germany.<\\\/p>\",\"link\":null,\"link_target\":\"\",\"download\":\"https:\\\/\\\/bobvarela.com\\\/wp-content\\\/flagallery\\\/kilian-kerner-spring-summer-2015\\\/ss-2015_fashion-week-berlin_de_kilian-kerner_47285.jpg\",\"ratio\":0.55888888888888887951367223649867810308933258056640625},{\"id\":\"16839\",\"image\":\"https:\\\/\\\/bobvarela.com\\\/wp-content\\\/flagallery\\\/kilian-kerner-spring-summer-2015\\\/webview\\\/ss-2015_fashion-week-berlin_de_kilian-kerner_47286.jpg\",\"thumb\":\"https:\\\/\\\/bobvarela.com\\\/wp-content\\\/flagallery\\\/kilian-kerner-spring-summer-2015\\\/thumbs\\\/thumbs_ss-2015_fashion-week-berlin_de_kilian-kerner_47286.jpg\",\"file\":\"ss-2015_fashion-week-berlin_de_kilian-kerner_47286.jpg\",\"meta\":{\"aperture\":false,\"credit\":\"Getty Images\",\"camera\":false,\"caption\":\"A model walks the runway at the Kilian Kerner show during the Mercedes-Benz Fashion Week Spring\\\/Summer 2015 at Erika Hess Eisstadion on July 8, 2014 in Berlin, Germany.\",\"created_timestamp\":\"July 8, 2014 8:38 pm\",\"copyright\":\"2014 Getty Images\",\"focal_length\":false,\"iso\":false,\"shutter_speed\":false,\"flash\":false,\"title\":\"A model walks the runway at the Kilian Kerner show during the Mercedes-Benz Fashion Week Spring\\\/Summer 2015 at Erika Hess Eisstadion on July 8, 2014 in Berlin, Germany.\",\"keywords\":\"Catwalk,Celebrities,Fashion,Fashion Week Berlin,Mercedes-Benz Fashion Week - Berlin,runway\",\"width\":525,\"height\":899,\"saved\":true,\"thumbnail\":{\"width\":220,\"height\":220},\"webview\":{\"0\":525,\"1\":899,\"2\":2,\"3\":\"width=\\\"525\\\" height=\\\"899\\\"\",\"bits\":8,\"channels\":3,\"mime\":\"image\\\/jpeg\"},\"views\":\"18\",\"likes\":\"0\"},\"title\":\"A model walks the runway at the Kilian Kerner show during the Mercedes-Benz Fashion Week Spring\\\/Summer 2015 at Erika Hess Eisstadion on July 8, 2014 in Berlin, Germany.\",\"description\":\"<p>A model walks the runway at the Kilian Kerner show during the Mercedes-Benz Fashion Week Spring\\\/Summer 2015 at Erika Hess Eisstadion on July 8, 2014 in Berlin, Germany.<\\\/p>\",\"link\":null,\"link_target\":\"\",\"download\":\"https:\\\/\\\/bobvarela.com\\\/wp-content\\\/flagallery\\\/kilian-kerner-spring-summer-2015\\\/ss-2015_fashion-week-berlin_de_kilian-kerner_47286.jpg\",\"ratio\":0.5839822024471634787090579266077838838100433349609375},{\"id\":\"16840\",\"image\":\"https:\\\/\\\/bobvarela.com\\\/wp-content\\\/flagallery\\\/kilian-kerner-spring-summer-2015\\\/webview\\\/ss-2015_fashion-week-berlin_de_kilian-kerner_47287.jpg\",\"thumb\":\"https:\\\/\\\/bobvarela.com\\\/wp-content\\\/flagallery\\\/kilian-kerner-spring-summer-2015\\\/thumbs\\\/thumbs_ss-2015_fashion-week-berlin_de_kilian-kerner_47287.jpg\",\"file\":\"ss-2015_fashion-week-berlin_de_kilian-kerner_47287.jpg\",\"meta\":{\"aperture\":false,\"credit\":\"Getty Images\",\"camera\":false,\"caption\":\"A model walks the runway at the Kilian Kerner show during the Mercedes-Benz Fashion Week Spring\\\/Summer 2015 at Erika Hess Eisstadion on July 8, 2014 in Berlin, Germany.\",\"created_timestamp\":\"July 8, 2014 8:38 pm\",\"copyright\":\"2014 Getty Images\",\"focal_length\":false,\"iso\":false,\"shutter_speed\":false,\"flash\":false,\"title\":\"A model walks the runway at the Kilian Kerner show during the Mercedes-Benz Fashion Week Spring\\\/Summer 2015 at Erika Hess Eisstadion on July 8, 2014 in Berlin, Germany.\",\"keywords\":\"Catwalk,Celebrities,Fashion,Fashion Week Berlin,Mercedes-Benz Fashion Week - Berlin,runway\",\"width\":566,\"height\":899,\"saved\":true,\"thumbnail\":{\"width\":220,\"height\":220},\"webview\":{\"0\":566,\"1\":899,\"2\":2,\"3\":\"width=\\\"566\\\" height=\\\"899\\\"\",\"bits\":8,\"channels\":3,\"mime\":\"image\\\/jpeg\"},\"views\":\"19\",\"likes\":\"0\"},\"title\":\"A model walks the runway at the Kilian Kerner show during the Mercedes-Benz Fashion Week Spring\\\/Summer 2015 at Erika Hess Eisstadion on July 8, 2014 in Berlin, Germany.\",\"description\":\"<p>A model walks the runway at the Kilian Kerner show during the Mercedes-Benz Fashion Week Spring\\\/Summer 2015 at Erika Hess Eisstadion on July 8, 2014 in Berlin, Germany.<\\\/p>\",\"link\":null,\"link_target\":\"\",\"download\":\"https:\\\/\\\/bobvarela.com\\\/wp-content\\\/flagallery\\\/kilian-kerner-spring-summer-2015\\\/ss-2015_fashion-week-berlin_de_kilian-kerner_47287.jpg\",\"ratio\":0.62958843159065625005865740604349412024021148681640625},{\"id\":\"16841\",\"image\":\"https:\\\/\\\/bobvarela.com\\\/wp-content\\\/flagallery\\\/kilian-kerner-spring-summer-2015\\\/webview\\\/ss-2015_fashion-week-berlin_de_kilian-kerner_47288.jpg\",\"thumb\":\"https:\\\/\\\/bobvarela.com\\\/wp-content\\\/flagallery\\\/kilian-kerner-spring-summer-2015\\\/thumbs\\\/thumbs_ss-2015_fashion-week-berlin_de_kilian-kerner_47288.jpg\",\"file\":\"ss-2015_fashion-week-berlin_de_kilian-kerner_47288.jpg\",\"meta\":{\"aperture\":false,\"credit\":\"Getty Images\",\"camera\":false,\"caption\":\"BERLIN, GERMANY - JULY 08: Model Julia Trainer walks the runway at the Kilian Kerner show during the Mercedes-Benz Fashion Week Spring\\\/Summer 2015 at Erika Hess Eisstadion on July 8, 2014 in Berlin, Germany. (Photo by Peter Michael Dills\\\/Getty Images) *** Local Caption *** Julia Trainer\",\"created_timestamp\":\"July 8, 2014 8:37 pm\",\"copyright\":\"2014 Getty Images\",\"focal_length\":false,\"iso\":false,\"shutter_speed\":false,\"flash\":false,\"title\":\"BERLIN, GERMANY - JULY 08: Model Julia Trainer walks the runway at the Kilian Kerner show during the Mercedes-Benz Fashion Week Spring\\\/Summer 2015 at Erika Hess Eisstadion on July 8, 2014 in Berlin, Germany. (Photo by Peter Michael Dills\\\/Getty Images) *** Local Caption *** Julia Trainer\",\"keywords\":\"Catwalk,Celebrities,Fashion,Fashion Week Berlin,Mercedes-Benz Fashion Week - Berlin,runway\",\"width\":504,\"height\":899,\"saved\":true,\"thumbnail\":{\"width\":220,\"height\":220},\"webview\":{\"0\":504,\"1\":899,\"2\":2,\"3\":\"width=\\\"504\\\" height=\\\"899\\\"\",\"bits\":8,\"channels\":3,\"mime\":\"image\\\/jpeg\"},\"views\":\"18\",\"likes\":\"0\"},\"title\":\"BERLIN, GERMANY - JULY 08: Model Julia Trainer walks the runway at the Kilian Kerner show during the Mercedes-Benz Fashion Week Spring\\\/Summer 2015 at Erika Hess Eisstadion on July 8, 2014 in Berlin, Germany. (Photo by Peter Michael Dills\\\/Getty Images) *** Local Caption *** Julia Trainer\",\"description\":\"<p>BERLIN, GERMANY - JULY 08: Model Julia Trainer walks the runway at the Kilian Kerner show during the Mercedes-Benz Fashion Week Spring\\\/Summer 2015 at Erika Hess Eisstadion on July 8, 2014 in Berlin, Germany. (Photo by Peter Michael Dills\\\/Getty Images) *** Local Caption *** Julia Trainer<\\\/p>\",\"link\":null,\"link_target\":\"\",\"download\":\"https:\\\/\\\/bobvarela.com\\\/wp-content\\\/flagallery\\\/kilian-kerner-spring-summer-2015\\\/ss-2015_fashion-week-berlin_de_kilian-kerner_47288.jpg\",\"ratio\":0.56062291434927702393764548105536960065364837646484375},{\"id\":\"16842\",\"image\":\"https:\\\/\\\/bobvarela.com\\\/wp-content\\\/flagallery\\\/kilian-kerner-spring-summer-2015\\\/webview\\\/ss-2015_fashion-week-berlin_de_kilian-kerner_47289.jpg\",\"thumb\":\"https:\\\/\\\/bobvarela.com\\\/wp-content\\\/flagallery\\\/kilian-kerner-spring-summer-2015\\\/thumbs\\\/thumbs_ss-2015_fashion-week-berlin_de_kilian-kerner_47289.jpg\",\"file\":\"ss-2015_fashion-week-berlin_de_kilian-kerner_47289.jpg\",\"meta\":{\"aperture\":false,\"credit\":\"Getty Images\",\"camera\":false,\"caption\":\"A model walks the runway at the Kilian Kerner show during the Mercedes-Benz Fashion Week Spring\\\/Summer 2015 at Erika Hess Eisstadion on July 8, 2014 in Berlin, Germany.\",\"created_timestamp\":\"July 8, 2014 8:37 pm\",\"copyright\":\"2014 Getty Images\",\"focal_length\":false,\"iso\":false,\"shutter_speed\":false,\"flash\":false,\"title\":\"A model walks the runway at the Kilian Kerner show during the Mercedes-Benz Fashion Week Spring\\\/Summer 2015 at Erika Hess Eisstadion on July 8, 2014 in Berlin, Germany.\",\"keywords\":\"Catwalk,Celebrities,Fashion,Fashion Week Berlin,Mercedes-Benz Fashion Week - Berlin,runway\",\"width\":561,\"height\":900,\"saved\":true,\"thumbnail\":{\"width\":220,\"height\":220},\"webview\":{\"0\":561,\"1\":900,\"2\":2,\"3\":\"width=\\\"561\\\" height=\\\"900\\\"\",\"bits\":8,\"channels\":3,\"mime\":\"image\\\/jpeg\"},\"views\":\"18\",\"likes\":\"0\"},\"title\":\"A model walks the runway at the Kilian Kerner show during the Mercedes-Benz Fashion Week Spring\\\/Summer 2015 at Erika Hess Eisstadion on July 8, 2014 in Berlin, Germany.\",\"description\":\"<p>A model walks the runway at the Kilian Kerner show during the Mercedes-Benz Fashion Week Spring\\\/Summer 2015 at Erika Hess Eisstadion on July 8, 2014 in Berlin, Germany.<\\\/p>\",\"link\":null,\"link_target\":\"\",\"download\":\"https:\\\/\\\/bobvarela.com\\\/wp-content\\\/flagallery\\\/kilian-kerner-spring-summer-2015\\\/ss-2015_fashion-week-berlin_de_kilian-kerner_47289.jpg\",\"ratio\":0.6233333333333332948456018129945732653141021728515625},{\"id\":\"16843\",\"image\":\"https:\\\/\\\/bobvarela.com\\\/wp-content\\\/flagallery\\\/kilian-kerner-spring-summer-2015\\\/webview\\\/ss-2015_fashion-week-berlin_de_kilian-kerner_47290.jpg\",\"thumb\":\"https:\\\/\\\/bobvarela.com\\\/wp-content\\\/flagallery\\\/kilian-kerner-spring-summer-2015\\\/thumbs\\\/thumbs_ss-2015_fashion-week-berlin_de_kilian-kerner_47290.jpg\",\"file\":\"ss-2015_fashion-week-berlin_de_kilian-kerner_47290.jpg\",\"meta\":{\"aperture\":false,\"credit\":\"Getty Images\",\"camera\":false,\"caption\":\"A model walks the runway at the Kilian Kerner show during the Mercedes-Benz Fashion Week Spring\\\/Summer 2015 at Erika Hess Eisstadion on July 8, 2014 in Berlin, Germany.\",\"created_timestamp\":\"July 8, 2014 8:37 pm\",\"copyright\":\"2014 Getty Images\",\"focal_length\":false,\"iso\":false,\"shutter_speed\":false,\"flash\":false,\"title\":\"A model walks the runway at the Kilian Kerner show during the Mercedes-Benz Fashion Week Spring\\\/Summer 2015 at Erika Hess Eisstadion on July 8, 2014 in Berlin, Germany.\",\"keywords\":\"Catwalk,Celebrities,Fashion,Fashion Week Berlin,Mercedes-Benz Fashion Week - Berlin,runway\",\"width\":518,\"height\":900,\"saved\":true,\"thumbnail\":{\"width\":220,\"height\":220},\"webview\":{\"0\":518,\"1\":900,\"2\":2,\"3\":\"width=\\\"518\\\" height=\\\"900\\\"\",\"bits\":8,\"channels\":3,\"mime\":\"image\\\/jpeg\"},\"views\":\"16\",\"likes\":\"0\"},\"title\":\"A model walks the runway at the Kilian Kerner show during the Mercedes-Benz Fashion Week Spring\\\/Summer 2015 at Erika Hess Eisstadion on July 8, 2014 in Berlin, Germany.\",\"description\":\"<p>A model walks the runway at the Kilian Kerner show during the Mercedes-Benz Fashion Week Spring\\\/Summer 2015 at Erika Hess Eisstadion on July 8, 2014 in Berlin, Germany.<\\\/p>\",\"link\":null,\"link_target\":\"\",\"download\":\"https:\\\/\\\/bobvarela.com\\\/wp-content\\\/flagallery\\\/kilian-kerner-spring-summer-2015\\\/ss-2015_fashion-week-berlin_de_kilian-kerner_47290.jpg\",\"ratio\":0.5755555555555555979907467190059833228588104248046875},{\"id\":\"16844\",\"image\":\"https:\\\/\\\/bobvarela.com\\\/wp-content\\\/flagallery\\\/kilian-kerner-spring-summer-2015\\\/webview\\\/ss-2015_fashion-week-berlin_de_kilian-kerner_47291.jpg\",\"thumb\":\"https:\\\/\\\/bobvarela.com\\\/wp-content\\\/flagallery\\\/kilian-kerner-spring-summer-2015\\\/thumbs\\\/thumbs_ss-2015_fashion-week-berlin_de_kilian-kerner_47291.jpg\",\"file\":\"ss-2015_fashion-week-berlin_de_kilian-kerner_47291.jpg\",\"meta\":{\"aperture\":false,\"credit\":\"Getty Images\",\"camera\":false,\"caption\":\"A model walks the runway at the Kilian Kerner show during the Mercedes-Benz Fashion Week Spring\\\/Summer 2015 at Erika Hess Eisstadion on July 8, 2014 in Berlin, Germany.\",\"created_timestamp\":\"July 8, 2014 8:36 pm\",\"copyright\":\"2014 Getty Images\",\"focal_length\":false,\"iso\":false,\"shutter_speed\":false,\"flash\":false,\"title\":\"A model walks the runway at the Kilian Kerner show during the Mercedes-Benz Fashion Week Spring\\\/Summer 2015 at Erika Hess Eisstadion on July 8, 2014 in Berlin, Germany.\",\"keywords\":\"Catwalk,Celebrities,Fashion,Fashion Week Berlin,Mercedes-Benz Fashion Week - Berlin,runway\",\"width\":497,\"height\":899,\"saved\":true,\"thumbnail\":{\"width\":220,\"height\":220},\"webview\":{\"0\":497,\"1\":899,\"2\":2,\"3\":\"width=\\\"497\\\" height=\\\"899\\\"\",\"bits\":8,\"channels\":3,\"mime\":\"image\\\/jpeg\"},\"views\":\"17\",\"likes\":\"0\"},\"title\":\"A model walks the runway at the Kilian Kerner show during the Mercedes-Benz Fashion Week Spring\\\/Summer 2015 at Erika Hess Eisstadion on July 8, 2014 in Berlin, Germany.\",\"description\":\"<p>A model walks the runway at the Kilian Kerner show during the Mercedes-Benz Fashion Week Spring\\\/Summer 2015 at Erika Hess Eisstadion on July 8, 2014 in Berlin, Germany.<\\\/p>\",\"link\":null,\"link_target\":\"\",\"download\":\"https:\\\/\\\/bobvarela.com\\\/wp-content\\\/flagallery\\\/kilian-kerner-spring-summer-2015\\\/ss-2015_fashion-week-berlin_de_kilian-kerner_47291.jpg\",\"ratio\":0.55283648498331483533974051169934682548046112060546875},{\"id\":\"16845\",\"image\":\"https:\\\/\\\/bobvarela.com\\\/wp-content\\\/flagallery\\\/kilian-kerner-spring-summer-2015\\\/webview\\\/ss-2015_fashion-week-berlin_de_kilian-kerner_47292.jpg\",\"thumb\":\"https:\\\/\\\/bobvarela.com\\\/wp-content\\\/flagallery\\\/kilian-kerner-spring-summer-2015\\\/thumbs\\\/thumbs_ss-2015_fashion-week-berlin_de_kilian-kerner_47292.jpg\",\"file\":\"ss-2015_fashion-week-berlin_de_kilian-kerner_47292.jpg\",\"meta\":{\"aperture\":false,\"credit\":\"Getty Images\",\"camera\":false,\"caption\":\"A model walks the runway at the Kilian Kerner show during the Mercedes-Benz Fashion Week Spring\\\/Summer 2015 at Erika Hess Eisstadion on July 8, 2014 in Berlin, Germany.\",\"created_timestamp\":\"July 8, 2014 8:36 pm\",\"copyright\":\"2014 Getty Images\",\"focal_length\":false,\"iso\":false,\"shutter_speed\":false,\"flash\":false,\"title\":\"A model walks the runway at the Kilian Kerner show during the Mercedes-Benz Fashion Week Spring\\\/Summer 2015 at Erika Hess Eisstadion on July 8, 2014 in Berlin, Germany.\",\"keywords\":\"Catwalk,Celebrities,Fashion,Fashion Week Berlin,Mercedes-Benz Fashion Week - Berlin,runway\",\"width\":589,\"height\":900,\"saved\":true,\"thumbnail\":{\"width\":220,\"height\":220},\"webview\":{\"0\":589,\"1\":900,\"2\":2,\"3\":\"width=\\\"589\\\" height=\\\"900\\\"\",\"bits\":8,\"channels\":3,\"mime\":\"image\\\/jpeg\"},\"views\":\"15\",\"likes\":\"0\"},\"title\":\"A model walks the runway at the Kilian Kerner show during the Mercedes-Benz Fashion Week Spring\\\/Summer 2015 at Erika Hess Eisstadion on July 8, 2014 in Berlin, Germany.\",\"description\":\"<p>A model walks the runway at the Kilian Kerner show during the Mercedes-Benz Fashion Week Spring\\\/Summer 2015 at Erika Hess Eisstadion on July 8, 2014 in Berlin, Germany.<\\\/p>\",\"link\":null,\"link_target\":\"\",\"download\":\"https:\\\/\\\/bobvarela.com\\\/wp-content\\\/flagallery\\\/kilian-kerner-spring-summer-2015\\\/ss-2015_fashion-week-berlin_de_kilian-kerner_47292.jpg\",\"ratio\":0.65444444444444449526798734950716607272624969482421875},{\"id\":\"16846\",\"image\":\"https:\\\/\\\/bobvarela.com\\\/wp-content\\\/flagallery\\\/kilian-kerner-spring-summer-2015\\\/webview\\\/ss-2015_fashion-week-berlin_de_kilian-kerner_47293.jpg\",\"thumb\":\"https:\\\/\\\/bobvarela.com\\\/wp-content\\\/flagallery\\\/kilian-kerner-spring-summer-2015\\\/thumbs\\\/thumbs_ss-2015_fashion-week-berlin_de_kilian-kerner_47293.jpg\",\"file\":\"ss-2015_fashion-week-berlin_de_kilian-kerner_47293.jpg\",\"meta\":{\"aperture\":false,\"credit\":\"Getty Images\",\"camera\":false,\"caption\":\"A model walks the runway at the Kilian Kerner show during the Mercedes-Benz Fashion Week Spring\\\/Summer 2015 at Erika Hess Eisstadion on July 8, 2014 in Berlin, Germany.\",\"created_timestamp\":\"July 8, 2014 8:36 pm\",\"copyright\":\"2014 Getty Images\",\"focal_length\":false,\"iso\":false,\"shutter_speed\":false,\"flash\":false,\"title\":\"A model walks the runway at the Kilian Kerner show during the Mercedes-Benz Fashion Week Spring\\\/Summer 2015 at Erika Hess Eisstadion on July 8, 2014 in Berlin, Germany.\",\"keywords\":\"Catwalk,Celebrities,Fashion,Fashion Week Berlin,Mercedes-Benz Fashion Week - Berlin,runway\",\"width\":562,\"height\":900,\"saved\":true,\"thumbnail\":{\"width\":220,\"height\":220},\"webview\":{\"0\":562,\"1\":900,\"2\":2,\"3\":\"width=\\\"562\\\" height=\\\"900\\\"\",\"bits\":8,\"channels\":3,\"mime\":\"image\\\/jpeg\"},\"views\":\"16\",\"likes\":\"0\"},\"title\":\"A model walks the runway at the Kilian Kerner show during the Mercedes-Benz Fashion Week Spring\\\/Summer 2015 at Erika Hess Eisstadion on July 8, 2014 in Berlin, Germany.\",\"description\":\"<p>A model walks the runway at the Kilian Kerner show during the Mercedes-Benz Fashion Week Spring\\\/Summer 2015 at Erika Hess Eisstadion on July 8, 2014 in Berlin, Germany.<\\\/p>\",\"link\":null,\"link_target\":\"\",\"download\":\"https:\\\/\\\/bobvarela.com\\\/wp-content\\\/flagallery\\\/kilian-kerner-spring-summer-2015\\\/ss-2015_fashion-week-berlin_de_kilian-kerner_47293.jpg\",\"ratio\":0.62444444444444446862263475850340910255908966064453125},{\"id\":\"16847\",\"image\":\"https:\\\/\\\/bobvarela.com\\\/wp-content\\\/flagallery\\\/kilian-kerner-spring-summer-2015\\\/webview\\\/ss-2015_fashion-week-berlin_de_kilian-kerner_47294.jpg\",\"thumb\":\"https:\\\/\\\/bobvarela.com\\\/wp-content\\\/flagallery\\\/kilian-kerner-spring-summer-2015\\\/thumbs\\\/thumbs_ss-2015_fashion-week-berlin_de_kilian-kerner_47294.jpg\",\"file\":\"ss-2015_fashion-week-berlin_de_kilian-kerner_47294.jpg\",\"meta\":{\"aperture\":false,\"credit\":\"Getty Images\",\"camera\":false,\"caption\":\"A model walks the runway at the Kilian Kerner show during the Mercedes-Benz Fashion Week Spring\\\/Summer 2015 at Erika Hess Eisstadion on July 8, 2014 in Berlin, Germany.\",\"created_timestamp\":\"July 8, 2014 8:35 pm\",\"copyright\":\"2014 Getty Images\",\"focal_length\":false,\"iso\":false,\"shutter_speed\":false,\"flash\":false,\"title\":\"A model walks the runway at the Kilian Kerner show during the Mercedes-Benz Fashion Week Spring\\\/Summer 2015 at Erika Hess Eisstadion on July 8, 2014 in Berlin, Germany.\",\"keywords\":\"Catwalk,Celebrities,Fashion,Fashion Week Berlin,Mercedes-Benz Fashion Week - Berlin,runway\",\"width\":561,\"height\":900,\"saved\":true,\"thumbnail\":{\"width\":220,\"height\":220},\"webview\":{\"0\":561,\"1\":900,\"2\":2,\"3\":\"width=\\\"561\\\" height=\\\"900\\\"\",\"bits\":8,\"channels\":3,\"mime\":\"image\\\/jpeg\"},\"views\":\"16\",\"likes\":\"0\"},\"title\":\"A model walks the runway at the Kilian Kerner show during the Mercedes-Benz Fashion Week Spring\\\/Summer 2015 at Erika Hess Eisstadion on July 8, 2014 in Berlin, Germany.\",\"description\":\"<p>A model walks the runway at the Kilian Kerner show during the Mercedes-Benz Fashion Week Spring\\\/Summer 2015 at Erika Hess Eisstadion on July 8, 2014 in Berlin, Germany.<\\\/p>\",\"link\":null,\"link_target\":\"\",\"download\":\"https:\\\/\\\/bobvarela.com\\\/wp-content\\\/flagallery\\\/kilian-kerner-spring-summer-2015\\\/ss-2015_fashion-week-berlin_de_kilian-kerner_47294.jpg\",\"ratio\":0.6233333333333332948456018129945732653141021728515625},{\"id\":\"16848\",\"image\":\"https:\\\/\\\/bobvarela.com\\\/wp-content\\\/flagallery\\\/kilian-kerner-spring-summer-2015\\\/webview\\\/ss-2015_fashion-week-berlin_de_kilian-kerner_47295.jpg\",\"thumb\":\"https:\\\/\\\/bobvarela.com\\\/wp-content\\\/flagallery\\\/kilian-kerner-spring-summer-2015\\\/thumbs\\\/thumbs_ss-2015_fashion-week-berlin_de_kilian-kerner_47295.jpg\",\"file\":\"ss-2015_fashion-week-berlin_de_kilian-kerner_47295.jpg\",\"meta\":{\"aperture\":false,\"credit\":\"Getty Images\",\"camera\":false,\"caption\":\"A model walks the runway at the Kilian Kerner show during the Mercedes-Benz Fashion Week Spring\\\/Summer 2015 at Erika Hess Eisstadion on July 8, 2014 in Berlin, Germany.\",\"created_timestamp\":\"July 8, 2014 8:35 pm\",\"copyright\":\"2014 Getty Images\",\"focal_length\":false,\"iso\":false,\"shutter_speed\":false,\"flash\":false,\"title\":\"A model walks the runway at the Kilian Kerner show during the Mercedes-Benz Fashion Week Spring\\\/Summer 2015 at Erika Hess Eisstadion on July 8, 2014 in Berlin, Germany.\",\"keywords\":\"Catwalk,Celebrities,Fashion,Fashion Week Berlin,Mercedes-Benz Fashion Week - Berlin,runway\",\"width\":600,\"height\":900,\"saved\":true,\"thumbnail\":{\"width\":220,\"height\":220},\"webview\":{\"0\":600,\"1\":900,\"2\":2,\"3\":\"width=\\\"600\\\" height=\\\"900\\\"\",\"bits\":8,\"channels\":3,\"mime\":\"image\\\/jpeg\"},\"views\":\"15\",\"likes\":\"0\"},\"title\":\"A model walks the runway at the Kilian Kerner show during the Mercedes-Benz Fashion Week Spring\\\/Summer 2015 at Erika Hess Eisstadion on July 8, 2014 in Berlin, Germany.\",\"description\":\"<p>A model walks the runway at the Kilian Kerner show during the Mercedes-Benz Fashion Week Spring\\\/Summer 2015 at Erika Hess Eisstadion on July 8, 2014 in Berlin, Germany.<\\\/p>\",\"link\":null,\"link_target\":\"\",\"download\":\"https:\\\/\\\/bobvarela.com\\\/wp-content\\\/flagallery\\\/kilian-kerner-spring-summer-2015\\\/ss-2015_fashion-week-berlin_de_kilian-kerner_47295.jpg\",\"ratio\":0.66666666666666662965923251249478198587894439697265625},{\"id\":\"16849\",\"image\":\"https:\\\/\\\/bobvarela.com\\\/wp-content\\\/flagallery\\\/kilian-kerner-spring-summer-2015\\\/webview\\\/ss-2015_fashion-week-berlin_de_kilian-kerner_47296.jpg\",\"thumb\":\"https:\\\/\\\/bobvarela.com\\\/wp-content\\\/flagallery\\\/kilian-kerner-spring-summer-2015\\\/thumbs\\\/thumbs_ss-2015_fashion-week-berlin_de_kilian-kerner_47296.jpg\",\"file\":\"ss-2015_fashion-week-berlin_de_kilian-kerner_47296.jpg\",\"meta\":{\"aperture\":false,\"credit\":\"Getty Images\",\"camera\":false,\"caption\":\"A model walks the runway at the Kilian Kerner show during the Mercedes-Benz Fashion Week Spring\\\/Summer 2015 at Erika Hess Eisstadion on July 8, 2014 in Berlin, Germany.\",\"created_timestamp\":\"July 8, 2014 8:35 pm\",\"copyright\":\"2014 Getty Images\",\"focal_length\":false,\"iso\":false,\"shutter_speed\":false,\"flash\":false,\"title\":\"A model walks the runway at the Kilian Kerner show during the Mercedes-Benz Fashion Week Spring\\\/Summer 2015 at Erika Hess Eisstadion on July 8, 2014 in Berlin, Germany.\",\"keywords\":\"Catwalk,Celebrities,Fashion,Fashion Week Berlin,Mercedes-Benz Fashion Week - Berlin,runway\",\"width\":600,\"height\":900,\"saved\":true,\"thumbnail\":{\"width\":220,\"height\":220},\"webview\":{\"0\":600,\"1\":900,\"2\":2,\"3\":\"width=\\\"600\\\" height=\\\"900\\\"\",\"bits\":8,\"channels\":3,\"mime\":\"image\\\/jpeg\"},\"views\":\"14\",\"likes\":\"0\"},\"title\":\"A model walks the runway at the Kilian Kerner show during the Mercedes-Benz Fashion Week Spring\\\/Summer 2015 at Erika Hess Eisstadion on July 8, 2014 in Berlin, Germany.\",\"description\":\"<p>A model walks the runway at the Kilian Kerner show during the Mercedes-Benz Fashion Week Spring\\\/Summer 2015 at Erika Hess Eisstadion on July 8, 2014 in Berlin, Germany.<\\\/p>\",\"link\":null,\"link_target\":\"\",\"download\":\"https:\\\/\\\/bobvarela.com\\\/wp-content\\\/flagallery\\\/kilian-kerner-spring-summer-2015\\\/ss-2015_fashion-week-berlin_de_kilian-kerner_47296.jpg\",\"ratio\":0.66666666666666662965923251249478198587894439697265625},{\"id\":\"16850\",\"image\":\"https:\\\/\\\/bobvarela.com\\\/wp-content\\\/flagallery\\\/kilian-kerner-spring-summer-2015\\\/webview\\\/ss-2015_fashion-week-berlin_de_kilian-kerner_47297.jpg\",\"thumb\":\"https:\\\/\\\/bobvarela.com\\\/wp-content\\\/flagallery\\\/kilian-kerner-spring-summer-2015\\\/thumbs\\\/thumbs_ss-2015_fashion-week-berlin_de_kilian-kerner_47297.jpg\",\"file\":\"ss-2015_fashion-week-berlin_de_kilian-kerner_47297.jpg\",\"meta\":{\"aperture\":false,\"credit\":\"Getty Images\",\"camera\":false,\"caption\":\"A model walks the runway at the Kilian Kerner show during the Mercedes-Benz Fashion Week Spring\\\/Summer 2015 at Erika Hess Eisstadion on July 8, 2014 in Berlin, Germany.\",\"created_timestamp\":\"July 8, 2014 8:34 pm\",\"copyright\":\"2014 Getty Images\",\"focal_length\":false,\"iso\":false,\"shutter_speed\":false,\"flash\":false,\"title\":\"A model walks the runway at the Kilian Kerner show during the Mercedes-Benz Fashion Week Spring\\\/Summer 2015 at Erika Hess Eisstadion on July 8, 2014 in Berlin, Germany.\",\"keywords\":\"Catwalk,Celebrities,Fashion,Fashion Week Berlin,Mercedes-Benz Fashion Week - Berlin,runway\",\"width\":600,\"height\":900,\"saved\":true,\"thumbnail\":{\"width\":220,\"height\":220},\"webview\":{\"0\":600,\"1\":900,\"2\":2,\"3\":\"width=\\\"600\\\" height=\\\"900\\\"\",\"bits\":8,\"channels\":3,\"mime\":\"image\\\/jpeg\"},\"views\":\"15\",\"likes\":\"0\"},\"title\":\"A model walks the runway at the Kilian Kerner show during the Mercedes-Benz Fashion Week Spring\\\/Summer 2015 at Erika Hess Eisstadion on July 8, 2014 in Berlin, Germany.\",\"description\":\"<p>A model walks the runway at the Kilian Kerner show during the Mercedes-Benz Fashion Week Spring\\\/Summer 2015 at Erika Hess Eisstadion on July 8, 2014 in Berlin, Germany.<\\\/p>\",\"link\":null,\"link_target\":\"\",\"download\":\"https:\\\/\\\/bobvarela.com\\\/wp-content\\\/flagallery\\\/kilian-kerner-spring-summer-2015\\\/ss-2015_fashion-week-berlin_de_kilian-kerner_47297.jpg\",\"ratio\":0.66666666666666662965923251249478198587894439697265625},{\"id\":\"16851\",\"image\":\"https:\\\/\\\/bobvarela.com\\\/wp-content\\\/flagallery\\\/kilian-kerner-spring-summer-2015\\\/webview\\\/ss-2015_fashion-week-berlin_de_kilian-kerner_47298.jpg\",\"thumb\":\"https:\\\/\\\/bobvarela.com\\\/wp-content\\\/flagallery\\\/kilian-kerner-spring-summer-2015\\\/thumbs\\\/thumbs_ss-2015_fashion-week-berlin_de_kilian-kerner_47298.jpg\",\"file\":\"ss-2015_fashion-week-berlin_de_kilian-kerner_47298.jpg\",\"meta\":{\"aperture\":false,\"credit\":\"Getty Images\",\"camera\":false,\"caption\":\"A model walks the runway at the Kilian Kerner show during the Mercedes-Benz Fashion Week Spring\\\/Summer 2015 at Erika Hess Eisstadion on July 8, 2014 in Berlin, Germany.\",\"created_timestamp\":\"July 8, 2014 8:34 pm\",\"copyright\":\"2014 Getty Images\",\"focal_length\":false,\"iso\":false,\"shutter_speed\":false,\"flash\":false,\"title\":\"A model walks the runway at the Kilian Kerner show during the Mercedes-Benz Fashion Week Spring\\\/Summer 2015 at Erika Hess Eisstadion on July 8, 2014 in Berlin, Germany.\",\"keywords\":\"Catwalk,Celebrities,Fashion,Fashion Week Berlin,Mercedes-Benz Fashion Week - Berlin,runway\",\"width\":600,\"height\":900,\"saved\":true,\"thumbnail\":{\"width\":220,\"height\":220},\"webview\":{\"0\":600,\"1\":900,\"2\":2,\"3\":\"width=\\\"600\\\" height=\\\"900\\\"\",\"bits\":8,\"channels\":3,\"mime\":\"image\\\/jpeg\"},\"views\":\"12\",\"likes\":\"0\"},\"title\":\"A model walks the runway at the Kilian Kerner show during the Mercedes-Benz Fashion Week Spring\\\/Summer 2015 at Erika Hess Eisstadion on July 8, 2014 in Berlin, Germany.\",\"description\":\"<p>A model walks the runway at the Kilian Kerner show during the Mercedes-Benz Fashion Week Spring\\\/Summer 2015 at Erika Hess Eisstadion on July 8, 2014 in Berlin, Germany.<\\\/p>\",\"link\":null,\"link_target\":\"\",\"download\":\"https:\\\/\\\/bobvarela.com\\\/wp-content\\\/flagallery\\\/kilian-kerner-spring-summer-2015\\\/ss-2015_fashion-week-berlin_de_kilian-kerner_47298.jpg\",\"ratio\":0.66666666666666662965923251249478198587894439697265625},{\"id\":\"16852\",\"image\":\"https:\\\/\\\/bobvarela.com\\\/wp-content\\\/flagallery\\\/kilian-kerner-spring-summer-2015\\\/webview\\\/ss-2015_fashion-week-berlin_de_kilian-kerner_47299.jpg\",\"thumb\":\"https:\\\/\\\/bobvarela.com\\\/wp-content\\\/flagallery\\\/kilian-kerner-spring-summer-2015\\\/thumbs\\\/thumbs_ss-2015_fashion-week-berlin_de_kilian-kerner_47299.jpg\",\"file\":\"ss-2015_fashion-week-berlin_de_kilian-kerner_47299.jpg\",\"meta\":{\"aperture\":false,\"credit\":\"Getty Images\",\"camera\":false,\"caption\":\"A model walks the runway at the Kilian Kerner show during the Mercedes-Benz Fashion Week Spring\\\/Summer 2015 at Erika Hess Eisstadion on July 8, 2014 in Berlin, Germany.\",\"created_timestamp\":\"July 8, 2014 8:34 pm\",\"copyright\":\"2014 Getty Images\",\"focal_length\":false,\"iso\":false,\"shutter_speed\":false,\"flash\":false,\"title\":\"A model walks the runway at the Kilian Kerner show during the Mercedes-Benz Fashion Week Spring\\\/Summer 2015 at Erika Hess Eisstadion on July 8, 2014 in Berlin, Germany.\",\"keywords\":\"Catwalk,Celebrities,Fashion,Fashion Week Berlin,Mercedes-Benz Fashion Week - Berlin,runway\",\"width\":600,\"height\":900,\"saved\":true,\"thumbnail\":{\"width\":220,\"height\":220},\"webview\":{\"0\":600,\"1\":900,\"2\":2,\"3\":\"width=\\\"600\\\" height=\\\"900\\\"\",\"bits\":8,\"channels\":3,\"mime\":\"image\\\/jpeg\"},\"views\":\"12\",\"likes\":\"0\"},\"title\":\"A model walks the runway at the Kilian Kerner show during the Mercedes-Benz Fashion Week Spring\\\/Summer 2015 at Erika Hess Eisstadion on July 8, 2014 in Berlin, Germany.\",\"description\":\"<p>A model walks the runway at the Kilian Kerner show during the Mercedes-Benz Fashion Week Spring\\\/Summer 2015 at Erika Hess Eisstadion on July 8, 2014 in Berlin, Germany.<\\\/p>\",\"link\":null,\"link_target\":\"\",\"download\":\"https:\\\/\\\/bobvarela.com\\\/wp-content\\\/flagallery\\\/kilian-kerner-spring-summer-2015\\\/ss-2015_fashion-week-berlin_de_kilian-kerner_47299.jpg\",\"ratio\":0.66666666666666662965923251249478198587894439697265625},{\"id\":\"16853\",\"image\":\"https:\\\/\\\/bobvarela.com\\\/wp-content\\\/flagallery\\\/kilian-kerner-spring-summer-2015\\\/webview\\\/ss-2015_fashion-week-berlin_de_kilian-kerner_47300.jpg\",\"thumb\":\"https:\\\/\\\/bobvarela.com\\\/wp-content\\\/flagallery\\\/kilian-kerner-spring-summer-2015\\\/thumbs\\\/thumbs_ss-2015_fashion-week-berlin_de_kilian-kerner_47300.jpg\",\"file\":\"ss-2015_fashion-week-berlin_de_kilian-kerner_47300.jpg\",\"meta\":{\"aperture\":false,\"credit\":\"Getty Images\",\"camera\":false,\"caption\":\"A model walks the runway at the Kilian Kerner show during the Mercedes-Benz Fashion Week Spring\\\/Summer 2015 at Erika Hess Eisstadion on July 8, 2014 in Berlin, Germany.\",\"created_timestamp\":\"July 8, 2014 8:33 pm\",\"copyright\":\"2014 Getty Images\",\"focal_length\":false,\"iso\":false,\"shutter_speed\":false,\"flash\":false,\"title\":\"A model walks the runway at the Kilian Kerner show during the Mercedes-Benz Fashion Week Spring\\\/Summer 2015 at Erika Hess Eisstadion on July 8, 2014 in Berlin, Germany.\",\"keywords\":\"Catwalk,Celebrities,Fashion,Fashion Week Berlin,Mercedes-Benz Fashion Week - Berlin,runway\",\"width\":600,\"height\":900,\"saved\":true,\"thumbnail\":{\"width\":220,\"height\":220},\"webview\":{\"0\":600,\"1\":900,\"2\":2,\"3\":\"width=\\\"600\\\" height=\\\"900\\\"\",\"bits\":8,\"channels\":3,\"mime\":\"image\\\/jpeg\"},\"views\":\"13\",\"likes\":\"0\"},\"title\":\"A model walks the runway at the Kilian Kerner show during the Mercedes-Benz Fashion Week Spring\\\/Summer 2015 at Erika Hess Eisstadion on July 8, 2014 in Berlin, Germany.\",\"description\":\"<p>A model walks the runway at the Kilian Kerner show during the Mercedes-Benz Fashion Week Spring\\\/Summer 2015 at Erika Hess Eisstadion on July 8, 2014 in Berlin, Germany.<\\\/p>\",\"link\":null,\"link_target\":\"\",\"download\":\"https:\\\/\\\/bobvarela.com\\\/wp-content\\\/flagallery\\\/kilian-kerner-spring-summer-2015\\\/ss-2015_fashion-week-berlin_de_kilian-kerner_47300.jpg\",\"ratio\":0.66666666666666662965923251249478198587894439697265625},{\"id\":\"16854\",\"image\":\"https:\\\/\\\/bobvarela.com\\\/wp-content\\\/flagallery\\\/kilian-kerner-spring-summer-2015\\\/webview\\\/ss-2015_fashion-week-berlin_de_kilian-kerner_47301.jpg\",\"thumb\":\"https:\\\/\\\/bobvarela.com\\\/wp-content\\\/flagallery\\\/kilian-kerner-spring-summer-2015\\\/thumbs\\\/thumbs_ss-2015_fashion-week-berlin_de_kilian-kerner_47301.jpg\",\"file\":\"ss-2015_fashion-week-berlin_de_kilian-kerner_47301.jpg\",\"meta\":{\"aperture\":false,\"credit\":\"Getty Images\",\"camera\":false,\"caption\":\"A model walks the runway at the Kilian Kerner show during the Mercedes-Benz Fashion Week Spring\\\/Summer 2015 at Erika Hess Eisstadion on July 8, 2014 in Berlin, Germany.\",\"created_timestamp\":\"July 8, 2014 8:33 pm\",\"copyright\":\"2014 Getty Images\",\"focal_length\":false,\"iso\":false,\"shutter_speed\":false,\"flash\":false,\"title\":\"A model walks the runway at the Kilian Kerner show during the Mercedes-Benz Fashion Week Spring\\\/Summer 2015 at Erika Hess Eisstadion on July 8, 2014 in Berlin, Germany.\",\"keywords\":\"Catwalk,Celebrities,Fashion,Fashion Week Berlin,Mercedes-Benz Fashion Week - Berlin,runway\",\"width\":600,\"height\":900,\"saved\":true,\"thumbnail\":{\"width\":220,\"height\":220},\"webview\":{\"0\":600,\"1\":900,\"2\":2,\"3\":\"width=\\\"600\\\" height=\\\"900\\\"\",\"bits\":8,\"channels\":3,\"mime\":\"image\\\/jpeg\"},\"views\":\"12\",\"likes\":\"0\"},\"title\":\"A model walks the runway at the Kilian Kerner show during the Mercedes-Benz Fashion Week Spring\\\/Summer 2015 at Erika Hess Eisstadion on July 8, 2014 in Berlin, Germany.\",\"description\":\"<p>A model walks the runway at the Kilian Kerner show during the Mercedes-Benz Fashion Week Spring\\\/Summer 2015 at Erika Hess Eisstadion on July 8, 2014 in Berlin, Germany.<\\\/p>\",\"link\":null,\"link_target\":\"\",\"download\":\"https:\\\/\\\/bobvarela.com\\\/wp-content\\\/flagallery\\\/kilian-kerner-spring-summer-2015\\\/ss-2015_fashion-week-berlin_de_kilian-kerner_47301.jpg\",\"ratio\":0.66666666666666662965923251249478198587894439697265625},{\"id\":\"16855\",\"image\":\"https:\\\/\\\/bobvarela.com\\\/wp-content\\\/flagallery\\\/kilian-kerner-spring-summer-2015\\\/webview\\\/ss-2015_fashion-week-berlin_de_kilian-kerner_47302.jpg\",\"thumb\":\"https:\\\/\\\/bobvarela.com\\\/wp-content\\\/flagallery\\\/kilian-kerner-spring-summer-2015\\\/thumbs\\\/thumbs_ss-2015_fashion-week-berlin_de_kilian-kerner_47302.jpg\",\"file\":\"ss-2015_fashion-week-berlin_de_kilian-kerner_47302.jpg\",\"meta\":{\"aperture\":false,\"credit\":\"Getty Images\",\"camera\":false,\"caption\":\"A model walks the runway at the Kilian Kerner show during the Mercedes-Benz Fashion Week Spring\\\/Summer 2015 at Erika Hess Eisstadion on July 8, 2014 in Berlin, Germany.\",\"created_timestamp\":\"July 8, 2014 8:33 pm\",\"copyright\":\"2014 Getty Images\",\"focal_length\":false,\"iso\":false,\"shutter_speed\":false,\"flash\":false,\"title\":\"A model walks the runway at the Kilian Kerner show during the Mercedes-Benz Fashion Week Spring\\\/Summer 2015 at Erika Hess Eisstadion on July 8, 2014 in Berlin, Germany.\",\"keywords\":\"Catwalk,Celebrities,Fashion,Fashion Week Berlin,Mercedes-Benz Fashion Week - Berlin,runway\",\"width\":506,\"height\":900,\"saved\":true,\"thumbnail\":{\"width\":220,\"height\":220},\"webview\":{\"0\":506,\"1\":900,\"2\":2,\"3\":\"width=\\\"506\\\" height=\\\"900\\\"\",\"bits\":8,\"channels\":3,\"mime\":\"image\\\/jpeg\"},\"views\":\"13\",\"likes\":\"0\"},\"title\":\"A model walks the runway at the Kilian Kerner show during the Mercedes-Benz Fashion Week Spring\\\/Summer 2015 at Erika Hess Eisstadion on July 8, 2014 in Berlin, Germany.\",\"description\":\"<p>A model walks the runway at the Kilian Kerner show during the Mercedes-Benz Fashion Week Spring\\\/Summer 2015 at Erika Hess Eisstadion on July 8, 2014 in Berlin, Germany.<\\\/p>\",\"link\":null,\"link_target\":\"\",\"download\":\"https:\\\/\\\/bobvarela.com\\\/wp-content\\\/flagallery\\\/kilian-kerner-spring-summer-2015\\\/ss-2015_fashion-week-berlin_de_kilian-kerner_47302.jpg\",\"ratio\":0.56222222222222217880016614799387753009796142578125},{\"id\":\"16856\",\"image\":\"https:\\\/\\\/bobvarela.com\\\/wp-content\\\/flagallery\\\/kilian-kerner-spring-summer-2015\\\/webview\\\/ss-2015_fashion-week-berlin_de_kilian-kerner_47303.jpg\",\"thumb\":\"https:\\\/\\\/bobvarela.com\\\/wp-content\\\/flagallery\\\/kilian-kerner-spring-summer-2015\\\/thumbs\\\/thumbs_ss-2015_fashion-week-berlin_de_kilian-kerner_47303.jpg\",\"file\":\"ss-2015_fashion-week-berlin_de_kilian-kerner_47303.jpg\",\"meta\":{\"aperture\":false,\"credit\":\"Getty Images\",\"camera\":false,\"caption\":\"A model walks the runway at the Kilian Kerner show during the Mercedes-Benz Fashion Week Spring\\\/Summer 2015 at Erika Hess Eisstadion on July 8, 2014 in Berlin, Germany.\",\"created_timestamp\":\"July 8, 2014 8:32 pm\",\"copyright\":\"2014 Getty Images\",\"focal_length\":false,\"iso\":false,\"shutter_speed\":false,\"flash\":false,\"title\":\"A model walks the runway at the Kilian Kerner show during the Mercedes-Benz Fashion Week Spring\\\/Summer 2015 at Erika Hess Eisstadion on July 8, 2014 in Berlin, Germany.\",\"keywords\":\"Catwalk,Celebrities,Fashion,Fashion Week Berlin,Mercedes-Benz Fashion Week - Berlin,runway\",\"width\":545,\"height\":900,\"saved\":true,\"thumbnail\":{\"width\":220,\"height\":220},\"webview\":{\"0\":545,\"1\":900,\"2\":2,\"3\":\"width=\\\"545\\\" height=\\\"900\\\"\",\"bits\":8,\"channels\":3,\"mime\":\"image\\\/jpeg\"},\"views\":\"13\",\"likes\":\"0\"},\"title\":\"A model walks the runway at the Kilian Kerner show during the Mercedes-Benz Fashion Week Spring\\\/Summer 2015 at Erika Hess Eisstadion on July 8, 2014 in Berlin, Germany.\",\"description\":\"<p>A model walks the runway at the Kilian Kerner show during the Mercedes-Benz Fashion Week Spring\\\/Summer 2015 at Erika Hess Eisstadion on July 8, 2014 in Berlin, Germany.<\\\/p>\",\"link\":null,\"link_target\":\"\",\"download\":\"https:\\\/\\\/bobvarela.com\\\/wp-content\\\/flagallery\\\/kilian-kerner-spring-summer-2015\\\/ss-2015_fashion-week-berlin_de_kilian-kerner_47303.jpg\",\"ratio\":0.60555555555555551361379684749408625066280364990234375},{\"id\":\"16857\",\"image\":\"https:\\\/\\\/bobvarela.com\\\/wp-content\\\/flagallery\\\/kilian-kerner-spring-summer-2015\\\/webview\\\/ss-2015_fashion-week-berlin_de_kilian-kerner_47304.jpg\",\"thumb\":\"https:\\\/\\\/bobvarela.com\\\/wp-content\\\/flagallery\\\/kilian-kerner-spring-summer-2015\\\/thumbs\\\/thumbs_ss-2015_fashion-week-berlin_de_kilian-kerner_47304.jpg\",\"file\":\"ss-2015_fashion-week-berlin_de_kilian-kerner_47304.jpg\",\"meta\":{\"aperture\":false,\"credit\":\"Getty Images\",\"camera\":false,\"caption\":\"BERLIN, GERMANY - JULY 08: Model Julia Trainer walks the runway at the Kilian Kerner show during the Mercedes-Benz Fashion Week Spring\\\/Summer 2015 at Erika Hess Eisstadion on July 8, 2014 in Berlin, Germany. (Photo by Peter Michael Dills\\\/Getty Images) *** Local Caption *** Julia Trainer\",\"created_timestamp\":\"July 8, 2014 8:32 pm\",\"copyright\":\"2014 Getty Images\",\"focal_length\":false,\"iso\":false,\"shutter_speed\":false,\"flash\":false,\"title\":\"BERLIN, GERMANY - JULY 08: Model Julia Trainer walks the runway at the Kilian Kerner show during the Mercedes-Benz Fashion Week Spring\\\/Summer 2015 at Erika Hess Eisstadion on July 8, 2014 in Berlin, Germany. (Photo by Peter Michael Dills\\\/Getty Images) *** Local Caption *** Julia Trainer\",\"keywords\":\"Catwalk,Celebrities,Fashion,Fashion Week Berlin,Mercedes-Benz Fashion Week - Berlin,runway\",\"width\":552,\"height\":900,\"saved\":true,\"thumbnail\":{\"width\":220,\"height\":220},\"webview\":{\"0\":552,\"1\":900,\"2\":2,\"3\":\"width=\\\"552\\\" height=\\\"900\\\"\",\"bits\":8,\"channels\":3,\"mime\":\"image\\\/jpeg\"},\"views\":\"12\",\"likes\":\"0\"},\"title\":\"BERLIN, GERMANY - JULY 08: Model Julia Trainer walks the runway at the Kilian Kerner show during the Mercedes-Benz Fashion Week Spring\\\/Summer 2015 at Erika Hess Eisstadion on July 8, 2014 in Berlin, Germany. (Photo by Peter Michael Dills\\\/Getty Images) *** Local Caption *** Julia Trainer\",\"description\":\"<p>BERLIN, GERMANY - JULY 08: Model Julia Trainer walks the runway at the Kilian Kerner show during the Mercedes-Benz Fashion Week Spring\\\/Summer 2015 at Erika Hess Eisstadion on July 8, 2014 in Berlin, Germany. (Photo by Peter Michael Dills\\\/Getty Images) *** Local Caption *** Julia Trainer<\\\/p>\",\"link\":null,\"link_target\":\"\",\"download\":\"https:\\\/\\\/bobvarela.com\\\/wp-content\\\/flagallery\\\/kilian-kerner-spring-summer-2015\\\/ss-2015_fashion-week-berlin_de_kilian-kerner_47304.jpg\",\"ratio\":0.613333333333333285963817615993320941925048828125},{\"id\":\"16858\",\"image\":\"https:\\\/\\\/bobvarela.com\\\/wp-content\\\/flagallery\\\/kilian-kerner-spring-summer-2015\\\/webview\\\/ss-2015_fashion-week-berlin_de_kilian-kerner_47305.jpg\",\"thumb\":\"https:\\\/\\\/bobvarela.com\\\/wp-content\\\/flagallery\\\/kilian-kerner-spring-summer-2015\\\/thumbs\\\/thumbs_ss-2015_fashion-week-berlin_de_kilian-kerner_47305.jpg\",\"file\":\"ss-2015_fashion-week-berlin_de_kilian-kerner_47305.jpg\",\"meta\":{\"aperture\":false,\"credit\":\"Getty Images\",\"camera\":false,\"caption\":\"A model walks the runway at the Kilian Kerner show during the Mercedes-Benz Fashion Week Spring\\\/Summer 2015 at Erika Hess Eisstadion on July 8, 2014 in Berlin, Germany.\",\"created_timestamp\":\"July 8, 2014 8:32 pm\",\"copyright\":\"2014 Getty Images\",\"focal_length\":false,\"iso\":false,\"shutter_speed\":false,\"flash\":false,\"title\":\"A model walks the runway at the Kilian Kerner show during the Mercedes-Benz Fashion Week Spring\\\/Summer 2015 at Erika Hess Eisstadion on July 8, 2014 in Berlin, Germany.\",\"keywords\":\"Catwalk,Celebrities,Fashion,Fashion Week Berlin,Mercedes-Benz Fashion Week - Berlin,runway\",\"width\":532,\"height\":900,\"saved\":true,\"thumbnail\":{\"width\":220,\"height\":220},\"webview\":{\"0\":532,\"1\":900,\"2\":2,\"3\":\"width=\\\"532\\\" height=\\\"900\\\"\",\"bits\":8,\"channels\":3,\"mime\":\"image\\\/jpeg\"},\"views\":\"12\",\"likes\":\"0\"},\"title\":\"A model walks the runway at the Kilian Kerner show during the Mercedes-Benz Fashion Week Spring\\\/Summer 2015 at Erika Hess Eisstadion on July 8, 2014 in Berlin, Germany.\",\"description\":\"<p>A model walks the runway at the Kilian Kerner show during the Mercedes-Benz Fashion Week Spring\\\/Summer 2015 at Erika Hess Eisstadion on July 8, 2014 in Berlin, Germany.<\\\/p>\",\"link\":null,\"link_target\":\"\",\"download\":\"https:\\\/\\\/bobvarela.com\\\/wp-content\\\/flagallery\\\/kilian-kerner-spring-summer-2015\\\/ss-2015_fashion-week-berlin_de_kilian-kerner_47305.jpg\",\"ratio\":0.59111111111111114269078825600445270538330078125},{\"id\":\"16859\",\"image\":\"https:\\\/\\\/bobvarela.com\\\/wp-content\\\/flagallery\\\/kilian-kerner-spring-summer-2015\\\/webview\\\/ss-2015_fashion-week-berlin_de_kilian-kerner_47306.jpg\",\"thumb\":\"https:\\\/\\\/bobvarela.com\\\/wp-content\\\/flagallery\\\/kilian-kerner-spring-summer-2015\\\/thumbs\\\/thumbs_ss-2015_fashion-week-berlin_de_kilian-kerner_47306.jpg\",\"file\":\"ss-2015_fashion-week-berlin_de_kilian-kerner_47306.jpg\",\"meta\":{\"aperture\":false,\"credit\":\"Getty Images\",\"camera\":false,\"caption\":\"A model walks the runway at the Kilian Kerner show during the Mercedes-Benz Fashion Week Spring\\\/Summer 2015 at Erika Hess Eisstadion on July 8, 2014 in Berlin, Germany.\",\"created_timestamp\":\"July 8, 2014 8:31 pm\",\"copyright\":\"2014 Getty Images\",\"focal_length\":false,\"iso\":false,\"shutter_speed\":false,\"flash\":false,\"title\":\"A model walks the runway at the Kilian Kerner show during the Mercedes-Benz Fashion Week Spring\\\/Summer 2015 at Erika Hess Eisstadion on July 8, 2014 in Berlin, Germany.\",\"keywords\":\"Catwalk,Celebrities,Fashion,Fashion Week Berlin,Mercedes-Benz Fashion Week - Berlin,runway\",\"width\":584,\"height\":899,\"saved\":true,\"thumbnail\":{\"width\":220,\"height\":220},\"webview\":{\"0\":584,\"1\":899,\"2\":2,\"3\":\"width=\\\"584\\\" height=\\\"899\\\"\",\"bits\":8,\"channels\":3,\"mime\":\"image\\\/jpeg\"},\"views\":\"13\",\"likes\":\"0\"},\"title\":\"A model walks the runway at the Kilian Kerner show during the Mercedes-Benz Fashion Week Spring\\\/Summer 2015 at Erika Hess Eisstadion on July 8, 2014 in Berlin, Germany.\",\"description\":\"<p>A model walks the runway at the Kilian Kerner show during the Mercedes-Benz Fashion Week Spring\\\/Summer 2015 at Erika Hess Eisstadion on July 8, 2014 in Berlin, Germany.<\\\/p>\",\"link\":null,\"link_target\":\"\",\"download\":\"https:\\\/\\\/bobvarela.com\\\/wp-content\\\/flagallery\\\/kilian-kerner-spring-summer-2015\\\/ss-2015_fashion-week-berlin_de_kilian-kerner_47306.jpg\",\"ratio\":0.64961067853170184616118376652593724429607391357421875},{\"id\":\"16860\",\"image\":\"https:\\\/\\\/bobvarela.com\\\/wp-content\\\/flagallery\\\/kilian-kerner-spring-summer-2015\\\/webview\\\/ss-2015_fashion-week-berlin_de_kilian-kerner_47307.jpg\",\"thumb\":\"https:\\\/\\\/bobvarela.com\\\/wp-content\\\/flagallery\\\/kilian-kerner-spring-summer-2015\\\/thumbs\\\/thumbs_ss-2015_fashion-week-berlin_de_kilian-kerner_47307.jpg\",\"file\":\"ss-2015_fashion-week-berlin_de_kilian-kerner_47307.jpg\",\"meta\":{\"aperture\":false,\"credit\":\"Getty Images\",\"camera\":false,\"caption\":\"A model walks the runway at the Kilian Kerner show during the Mercedes-Benz Fashion Week Spring\\\/Summer 2015 at Erika Hess Eisstadion on July 8, 2014 in Berlin, Germany.\",\"created_timestamp\":\"July 8, 2014 8:31 pm\",\"copyright\":\"2014 Getty Images\",\"focal_length\":false,\"iso\":false,\"shutter_speed\":false,\"flash\":false,\"title\":\"A model walks the runway at the Kilian Kerner show during the Mercedes-Benz Fashion Week Spring\\\/Summer 2015 at Erika Hess Eisstadion on July 8, 2014 in Berlin, Germany.\",\"keywords\":\"Catwalk,Celebrities,Fashion,Fashion Week Berlin,Mercedes-Benz Fashion Week - Berlin,runway\",\"width\":571,\"height\":900,\"saved\":true,\"thumbnail\":{\"width\":220,\"height\":220},\"webview\":{\"0\":571,\"1\":900,\"2\":2,\"3\":\"width=\\\"571\\\" height=\\\"900\\\"\",\"bits\":8,\"channels\":3,\"mime\":\"image\\\/jpeg\"},\"views\":\"12\",\"likes\":\"0\"},\"title\":\"A model walks the runway at the Kilian Kerner show during the Mercedes-Benz Fashion Week Spring\\\/Summer 2015 at Erika Hess Eisstadion on July 8, 2014 in Berlin, Germany.\",\"description\":\"<p>A model walks the runway at the Kilian Kerner show during the Mercedes-Benz Fashion Week Spring\\\/Summer 2015 at Erika Hess Eisstadion on July 8, 2014 in Berlin, Germany.<\\\/p>\",\"link\":null,\"link_target\":\"\",\"download\":\"https:\\\/\\\/bobvarela.com\\\/wp-content\\\/flagallery\\\/kilian-kerner-spring-summer-2015\\\/ss-2015_fashion-week-berlin_de_kilian-kerner_47307.jpg\",\"ratio\":0.63444444444444447750441895550466142594814300537109375},{\"id\":\"16861\",\"image\":\"https:\\\/\\\/bobvarela.com\\\/wp-content\\\/flagallery\\\/kilian-kerner-spring-summer-2015\\\/webview\\\/ss-2015_fashion-week-berlin_de_kilian-kerner_47308.jpg\",\"thumb\":\"https:\\\/\\\/bobvarela.com\\\/wp-content\\\/flagallery\\\/kilian-kerner-spring-summer-2015\\\/thumbs\\\/thumbs_ss-2015_fashion-week-berlin_de_kilian-kerner_47308.jpg\",\"file\":\"ss-2015_fashion-week-berlin_de_kilian-kerner_47308.jpg\",\"meta\":{\"aperture\":false,\"credit\":\"Getty Images\",\"camera\":false,\"caption\":\"A model walks the runway at the Kilian Kerner show during the Mercedes-Benz Fashion Week Spring\\\/Summer 2015 at Erika Hess Eisstadion on July 8, 2014 in Berlin, Germany.\",\"created_timestamp\":\"July 8, 2014 8:31 pm\",\"copyright\":\"2014 Getty Images\",\"focal_length\":false,\"iso\":false,\"shutter_speed\":false,\"flash\":false,\"title\":\"A model walks the runway at the Kilian Kerner show during the Mercedes-Benz Fashion Week Spring\\\/Summer 2015 at Erika Hess Eisstadion on July 8, 2014 in Berlin, Germany.\",\"keywords\":\"Catwalk,Celebrities,Fashion,Fashion Week Berlin,Mercedes-Benz Fashion Week - Berlin,runway\",\"width\":524,\"height\":900,\"saved\":true,\"thumbnail\":{\"width\":220,\"height\":220},\"webview\":{\"0\":524,\"1\":900,\"2\":2,\"3\":\"width=\\\"524\\\" height=\\\"900\\\"\",\"bits\":8,\"channels\":3,\"mime\":\"image\\\/jpeg\"},\"views\":\"12\",\"likes\":\"0\"},\"title\":\"A model walks the runway at the Kilian Kerner show during the Mercedes-Benz Fashion Week Spring\\\/Summer 2015 at Erika Hess Eisstadion on July 8, 2014 in Berlin, Germany.\",\"description\":\"<p>A model walks the runway at the Kilian Kerner show during the Mercedes-Benz Fashion Week Spring\\\/Summer 2015 at Erika Hess Eisstadion on July 8, 2014 in Berlin, Germany.<\\\/p>\",\"link\":null,\"link_target\":\"\",\"download\":\"https:\\\/\\\/bobvarela.com\\\/wp-content\\\/flagallery\\\/kilian-kerner-spring-summer-2015\\\/ss-2015_fashion-week-berlin_de_kilian-kerner_47308.jpg\",\"ratio\":0.582222222222222196563734541996382176876068115234375},{\"id\":\"16862\",\"image\":\"https:\\\/\\\/bobvarela.com\\\/wp-content\\\/flagallery\\\/kilian-kerner-spring-summer-2015\\\/webview\\\/ss-2015_fashion-week-berlin_de_kilian-kerner_47309.jpg\",\"thumb\":\"https:\\\/\\\/bobvarela.com\\\/wp-content\\\/flagallery\\\/kilian-kerner-spring-summer-2015\\\/thumbs\\\/thumbs_ss-2015_fashion-week-berlin_de_kilian-kerner_47309.jpg\",\"file\":\"ss-2015_fashion-week-berlin_de_kilian-kerner_47309.jpg\",\"meta\":{\"aperture\":false,\"credit\":\"Getty Images\",\"camera\":false,\"caption\":\"A model walks the runway at the Kilian Kerner show during the Mercedes-Benz Fashion Week Spring\\\/Summer 2015 at Erika Hess Eisstadion on July 8, 2014 in Berlin, Germany.\",\"created_timestamp\":\"July 8, 2014 8:30 pm\",\"copyright\":\"2014 Getty Images\",\"focal_length\":false,\"iso\":false,\"shutter_speed\":false,\"flash\":false,\"title\":\"A model walks the runway at the Kilian Kerner show during the Mercedes-Benz Fashion Week Spring\\\/Summer 2015 at Erika Hess Eisstadion on July 8, 2014 in Berlin, Germany.\",\"keywords\":\"Catwalk,Celebrities,Fashion,Fashion Week Berlin,Mercedes-Benz Fashion Week - Berlin,runway\",\"width\":572,\"height\":900,\"saved\":true,\"thumbnail\":{\"width\":220,\"height\":220},\"webview\":{\"0\":572,\"1\":900,\"2\":2,\"3\":\"width=\\\"572\\\" height=\\\"900\\\"\",\"bits\":8,\"channels\":3,\"mime\":\"image\\\/jpeg\"},\"views\":\"14\",\"likes\":\"0\"},\"title\":\"A model walks the runway at the Kilian Kerner show during the Mercedes-Benz Fashion Week Spring\\\/Summer 2015 at Erika Hess Eisstadion on July 8, 2014 in Berlin, Germany.\",\"description\":\"<p>A model walks the runway at the Kilian Kerner show during the Mercedes-Benz Fashion Week Spring\\\/Summer 2015 at Erika Hess Eisstadion on July 8, 2014 in Berlin, Germany.<\\\/p>\",\"link\":null,\"link_target\":\"\",\"download\":\"https:\\\/\\\/bobvarela.com\\\/wp-content\\\/flagallery\\\/kilian-kerner-spring-summer-2015\\\/ss-2015_fashion-week-berlin_de_kilian-kerner_47309.jpg\",\"ratio\":0.63555555555555554025914943849784322082996368408203125},{\"id\":\"16863\",\"image\":\"https:\\\/\\\/bobvarela.com\\\/wp-content\\\/flagallery\\\/kilian-kerner-spring-summer-2015\\\/webview\\\/ss-2015_fashion-week-berlin_de_kilian-kerner_47310.jpg\",\"thumb\":\"https:\\\/\\\/bobvarela.com\\\/wp-content\\\/flagallery\\\/kilian-kerner-spring-summer-2015\\\/thumbs\\\/thumbs_ss-2015_fashion-week-berlin_de_kilian-kerner_47310.jpg\",\"file\":\"ss-2015_fashion-week-berlin_de_kilian-kerner_47310.jpg\",\"meta\":{\"aperture\":false,\"credit\":\"Getty Images\",\"camera\":false,\"caption\":\"A model walks the runway at the Kilian Kerner show during the Mercedes-Benz Fashion Week Spring\\\/Summer 2015 at Erika Hess Eisstadion on July 8, 2014 in Berlin, Germany.\",\"created_timestamp\":\"July 8, 2014 8:30 pm\",\"copyright\":\"2014 Getty Images\",\"focal_length\":false,\"iso\":false,\"shutter_speed\":false,\"flash\":false,\"title\":\"A model walks the runway at the Kilian Kerner show during the Mercedes-Benz Fashion Week Spring\\\/Summer 2015 at Erika Hess Eisstadion on July 8, 2014 in Berlin, Germany.\",\"keywords\":\"Catwalk,Celebrities,Fashion,Fashion Week Berlin,Mercedes-Benz Fashion Week - Berlin,runway\",\"width\":600,\"height\":900,\"saved\":true,\"thumbnail\":{\"width\":220,\"height\":220},\"webview\":{\"0\":600,\"1\":900,\"2\":2,\"3\":\"width=\\\"600\\\" height=\\\"900\\\"\",\"bits\":8,\"channels\":3,\"mime\":\"image\\\/jpeg\"},\"views\":\"12\",\"likes\":\"0\"},\"title\":\"A model walks the runway at the Kilian Kerner show during the Mercedes-Benz Fashion Week Spring\\\/Summer 2015 at Erika Hess Eisstadion on July 8, 2014 in Berlin, Germany.\",\"description\":\"<p>A model walks the runway at the Kilian Kerner show during the Mercedes-Benz Fashion Week Spring\\\/Summer 2015 at Erika Hess Eisstadion on July 8, 2014 in Berlin, Germany.<\\\/p>\",\"link\":null,\"link_target\":\"\",\"download\":\"https:\\\/\\\/bobvarela.com\\\/wp-content\\\/flagallery\\\/kilian-kerner-spring-summer-2015\\\/ss-2015_fashion-week-berlin_de_kilian-kerner_47310.jpg\",\"ratio\":0.66666666666666662965923251249478198587894439697265625},{\"id\":\"16864\",\"image\":\"https:\\\/\\\/bobvarela.com\\\/wp-content\\\/flagallery\\\/kilian-kerner-spring-summer-2015\\\/webview\\\/ss-2015_fashion-week-berlin_de_kilian-kerner_47311.jpg\",\"thumb\":\"https:\\\/\\\/bobvarela.com\\\/wp-content\\\/flagallery\\\/kilian-kerner-spring-summer-2015\\\/thumbs\\\/thumbs_ss-2015_fashion-week-berlin_de_kilian-kerner_47311.jpg\",\"file\":\"ss-2015_fashion-week-berlin_de_kilian-kerner_47311.jpg\",\"meta\":{\"aperture\":false,\"credit\":\"Getty Images\",\"camera\":false,\"caption\":\"A model walks the runway at the Kilian Kerner show during the Mercedes-Benz Fashion Week Spring\\\/Summer 2015 at Erika Hess Eisstadion on July 8, 2014 in Berlin, Germany.\",\"created_timestamp\":\"July 8, 2014 8:29 pm\",\"copyright\":\"2014 Getty Images\",\"focal_length\":false,\"iso\":false,\"shutter_speed\":false,\"flash\":false,\"title\":\"A model walks the runway at the Kilian Kerner show during the Mercedes-Benz Fashion Week Spring\\\/Summer 2015 at Erika Hess Eisstadion on July 8, 2014 in Berlin, Germany.\",\"keywords\":\"Catwalk,Celebrities,Fashion,Fashion Week Berlin,Mercedes-Benz Fashion Week - Berlin,runway\",\"width\":530,\"height\":900,\"saved\":true,\"thumbnail\":{\"width\":220,\"height\":220},\"webview\":{\"0\":530,\"1\":900,\"2\":2,\"3\":\"width=\\\"530\\\" height=\\\"900\\\"\",\"bits\":8,\"channels\":3,\"mime\":\"image\\\/jpeg\"},\"views\":\"12\",\"likes\":\"0\"},\"title\":\"A model walks the runway at the Kilian Kerner show during the Mercedes-Benz Fashion Week Spring\\\/Summer 2015 at Erika Hess Eisstadion on July 8, 2014 in Berlin, Germany.\",\"description\":\"<p>A model walks the runway at the Kilian Kerner show during the Mercedes-Benz Fashion Week Spring\\\/Summer 2015 at Erika Hess Eisstadion on July 8, 2014 in Berlin, Germany.<\\\/p>\",\"link\":null,\"link_target\":\"\",\"download\":\"https:\\\/\\\/bobvarela.com\\\/wp-content\\\/flagallery\\\/kilian-kerner-spring-summer-2015\\\/ss-2015_fashion-week-berlin_de_kilian-kerner_47311.jpg\",\"ratio\":0.58888888888888890615902482750243507325649261474609375},{\"id\":\"16865\",\"image\":\"https:\\\/\\\/bobvarela.com\\\/wp-content\\\/flagallery\\\/kilian-kerner-spring-summer-2015\\\/webview\\\/ss-2015_fashion-week-berlin_de_kilian-kerner_47312.jpg\",\"thumb\":\"https:\\\/\\\/bobvarela.com\\\/wp-content\\\/flagallery\\\/kilian-kerner-spring-summer-2015\\\/thumbs\\\/thumbs_ss-2015_fashion-week-berlin_de_kilian-kerner_47312.jpg\",\"file\":\"ss-2015_fashion-week-berlin_de_kilian-kerner_47312.jpg\",\"meta\":{\"aperture\":false,\"credit\":\"Getty Images\",\"camera\":false,\"caption\":\"A model walks the runway at the Kilian Kerner show during the Mercedes-Benz Fashion Week Spring\\\/Summer 2015 at Erika Hess Eisstadion on July 8, 2014 in Berlin, Germany.\",\"created_timestamp\":\"July 8, 2014 8:29 pm\",\"copyright\":\"2014 Getty Images\",\"focal_length\":false,\"iso\":false,\"shutter_speed\":false,\"flash\":false,\"title\":\"A model walks the runway at the Kilian Kerner show during the Mercedes-Benz Fashion Week Spring\\\/Summer 2015 at Erika Hess Eisstadion on July 8, 2014 in Berlin, Germany.\",\"keywords\":\"Catwalk,Celebrities,Fashion,Fashion Week Berlin,Mercedes-Benz Fashion Week - Berlin,runway\",\"width\":550,\"height\":900,\"saved\":true,\"thumbnail\":{\"width\":220,\"height\":220},\"webview\":{\"0\":550,\"1\":900,\"2\":2,\"3\":\"width=\\\"550\\\" height=\\\"900\\\"\",\"bits\":8,\"channels\":3,\"mime\":\"image\\\/jpeg\"},\"views\":\"11\",\"likes\":\"0\"},\"title\":\"A model walks the runway at the Kilian Kerner show during the Mercedes-Benz Fashion Week Spring\\\/Summer 2015 at Erika Hess Eisstadion on July 8, 2014 in Berlin, Germany.\",\"description\":\"<p>A model walks the runway at the Kilian Kerner show during the Mercedes-Benz Fashion Week Spring\\\/Summer 2015 at Erika Hess Eisstadion on July 8, 2014 in Berlin, Germany.<\\\/p>\",\"link\":null,\"link_target\":\"\",\"download\":\"https:\\\/\\\/bobvarela.com\\\/wp-content\\\/flagallery\\\/kilian-kerner-spring-summer-2015\\\/ss-2015_fashion-week-berlin_de_kilian-kerner_47312.jpg\",\"ratio\":0.611111111111111160454356650006957352161407470703125},{\"id\":\"16866\",\"image\":\"https:\\\/\\\/bobvarela.com\\\/wp-content\\\/flagallery\\\/kilian-kerner-spring-summer-2015\\\/webview\\\/ss-2015_fashion-week-berlin_de_kilian-kerner_47313.jpg\",\"thumb\":\"https:\\\/\\\/bobvarela.com\\\/wp-content\\\/flagallery\\\/kilian-kerner-spring-summer-2015\\\/thumbs\\\/thumbs_ss-2015_fashion-week-berlin_de_kilian-kerner_47313.jpg\",\"file\":\"ss-2015_fashion-week-berlin_de_kilian-kerner_47313.jpg\",\"meta\":{\"aperture\":false,\"credit\":\"Getty Images\",\"camera\":false,\"caption\":\"A model walks the runway at the Kilian Kerner show during the Mercedes-Benz Fashion Week Spring\\\/Summer 2015 at Erika Hess Eisstadion on July 8, 2014 in Berlin, Germany.\",\"created_timestamp\":\"July 8, 2014 8:29 pm\",\"copyright\":\"2014 Getty Images\",\"focal_length\":false,\"iso\":false,\"shutter_speed\":false,\"flash\":false,\"title\":\"A model walks the runway at the Kilian Kerner show during the Mercedes-Benz Fashion Week Spring\\\/Summer 2015 at Erika Hess Eisstadion on July 8, 2014 in Berlin, Germany.\",\"keywords\":\"Catwalk,Celebrities,Fashion,Fashion Week Berlin,Mercedes-Benz Fashion Week - Berlin,runway\",\"width\":523,\"height\":900,\"saved\":true,\"thumbnail\":{\"width\":220,\"height\":220},\"webview\":{\"0\":523,\"1\":900,\"2\":2,\"3\":\"width=\\\"523\\\" height=\\\"900\\\"\",\"bits\":8,\"channels\":3,\"mime\":\"image\\\/jpeg\"},\"views\":\"12\",\"likes\":\"0\"},\"title\":\"A model walks the runway at the Kilian Kerner show during the Mercedes-Benz Fashion Week Spring\\\/Summer 2015 at Erika Hess Eisstadion on July 8, 2014 in Berlin, Germany.\",\"description\":\"<p>A model walks the runway at the Kilian Kerner show during the Mercedes-Benz Fashion Week Spring\\\/Summer 2015 at Erika Hess Eisstadion on July 8, 2014 in Berlin, Germany.<\\\/p>\",\"link\":null,\"link_target\":\"\",\"download\":\"https:\\\/\\\/bobvarela.com\\\/wp-content\\\/flagallery\\\/kilian-kerner-spring-summer-2015\\\/ss-2015_fashion-week-berlin_de_kilian-kerner_47313.jpg\",\"ratio\":0.5811111111111111338090040590032003819942474365234375},{\"id\":\"16867\",\"image\":\"https:\\\/\\\/bobvarela.com\\\/wp-content\\\/flagallery\\\/kilian-kerner-spring-summer-2015\\\/webview\\\/ss-2015_fashion-week-berlin_de_kilian-kerner_47314.jpg\",\"thumb\":\"https:\\\/\\\/bobvarela.com\\\/wp-content\\\/flagallery\\\/kilian-kerner-spring-summer-2015\\\/thumbs\\\/thumbs_ss-2015_fashion-week-berlin_de_kilian-kerner_47314.jpg\",\"file\":\"ss-2015_fashion-week-berlin_de_kilian-kerner_47314.jpg\",\"meta\":{\"aperture\":false,\"credit\":\"Getty Images\",\"camera\":false,\"caption\":\"BERLIN, GERMANY - JULY 08: Model Julia Trainer walks the runway at the Kilian Kerner show during the Mercedes-Benz Fashion Week Spring\\\/Summer 2015 at Erika Hess Eisstadion on July 8, 2014 in Berlin, Germany. (Photo by Peter Michael Dills\\\/Getty Images) *** Local Caption *** Julia Trainer\",\"created_timestamp\":\"July 8, 2014 8:28 pm\",\"copyright\":\"2014 Getty Images\",\"focal_length\":false,\"iso\":false,\"shutter_speed\":false,\"flash\":false,\"title\":\"BERLIN, GERMANY - JULY 08: Model Julia Trainer walks the runway at the Kilian Kerner show during the Mercedes-Benz Fashion Week Spring\\\/Summer 2015 at Erika Hess Eisstadion on July 8, 2014 in Berlin, Germany. (Photo by Peter Michael Dills\\\/Getty Images) *** Local Caption *** Julia Trainer\",\"keywords\":\"Catwalk,Celebrities,Fashion,Fashion Week Berlin,Mercedes-Benz Fashion Week - Berlin,runway\",\"width\":496,\"height\":900,\"saved\":true,\"thumbnail\":{\"width\":220,\"height\":220},\"webview\":{\"0\":496,\"1\":900,\"2\":2,\"3\":\"width=\\\"496\\\" height=\\\"900\\\"\",\"bits\":8,\"channels\":3,\"mime\":\"image\\\/jpeg\"},\"views\":\"11\",\"likes\":\"0\"},\"title\":\"BERLIN, GERMANY - JULY 08: Model Julia Trainer walks the runway at the Kilian Kerner show during the Mercedes-Benz Fashion Week Spring\\\/Summer 2015 at Erika Hess Eisstadion on July 8, 2014 in Berlin, Germany. (Photo by Peter Michael Dills\\\/Getty Images) *** Local Caption *** Julia Trainer\",\"description\":\"<p>BERLIN, GERMANY - JULY 08: Model Julia Trainer walks the runway at the Kilian Kerner show during the Mercedes-Benz Fashion Week Spring\\\/Summer 2015 at Erika Hess Eisstadion on July 8, 2014 in Berlin, Germany. (Photo by Peter Michael Dills\\\/Getty Images) *** Local Caption *** Julia Trainer<\\\/p>\",\"link\":null,\"link_target\":\"\",\"download\":\"https:\\\/\\\/bobvarela.com\\\/wp-content\\\/flagallery\\\/kilian-kerner-spring-summer-2015\\\/ss-2015_fashion-week-berlin_de_kilian-kerner_47314.jpg\",\"ratio\":0.55111111111111110716365146799944341182708740234375},{\"id\":\"16868\",\"image\":\"https:\\\/\\\/bobvarela.com\\\/wp-content\\\/flagallery\\\/kilian-kerner-spring-summer-2015\\\/webview\\\/ss-2015_fashion-week-berlin_de_kilian-kerner_47315.jpg\",\"thumb\":\"https:\\\/\\\/bobvarela.com\\\/wp-content\\\/flagallery\\\/kilian-kerner-spring-summer-2015\\\/thumbs\\\/thumbs_ss-2015_fashion-week-berlin_de_kilian-kerner_47315.jpg\",\"file\":\"ss-2015_fashion-week-berlin_de_kilian-kerner_47315.jpg\",\"meta\":{\"aperture\":false,\"credit\":\"Getty Images\",\"camera\":false,\"caption\":\"A model walks the runway at the Kilian Kerner show during the Mercedes-Benz Fashion Week Spring\\\/Summer 2015 at Erika Hess Eisstadion on July 8, 2014 in Berlin, Germany.\",\"created_timestamp\":\"July 8, 2014 8:28 pm\",\"copyright\":\"2014 Getty Images\",\"focal_length\":false,\"iso\":false,\"shutter_speed\":false,\"flash\":false,\"title\":\"A model walks the runway at the Kilian Kerner show during the Mercedes-Benz Fashion Week Spring\\\/Summer 2015 at Erika Hess Eisstadion on July 8, 2014 in Berlin, Germany.\",\"keywords\":\"Catwalk,Celebrities,Fashion,Fashion Week Berlin,Mercedes-Benz Fashion Week - Berlin,runway\",\"width\":512,\"height\":900,\"saved\":true,\"thumbnail\":{\"width\":220,\"height\":220},\"webview\":{\"0\":512,\"1\":900,\"2\":2,\"3\":\"width=\\\"512\\\" height=\\\"900\\\"\",\"bits\":8,\"channels\":3,\"mime\":\"image\\\/jpeg\"},\"views\":\"11\",\"likes\":\"0\"},\"title\":\"A model walks the runway at the Kilian Kerner show during the Mercedes-Benz Fashion Week Spring\\\/Summer 2015 at Erika Hess Eisstadion on July 8, 2014 in Berlin, Germany.\",\"description\":\"<p>A model walks the runway at the Kilian Kerner show during the Mercedes-Benz Fashion Week Spring\\\/Summer 2015 at Erika Hess Eisstadion on July 8, 2014 in Berlin, Germany.<\\\/p>\",\"link\":null,\"link_target\":\"\",\"download\":\"https:\\\/\\\/bobvarela.com\\\/wp-content\\\/flagallery\\\/kilian-kerner-spring-summer-2015\\\/ss-2015_fashion-week-berlin_de_kilian-kerner_47315.jpg\",\"ratio\":0.56888888888888888839545643349993042647838592529296875},{\"id\":\"16869\",\"image\":\"https:\\\/\\\/bobvarela.com\\\/wp-content\\\/flagallery\\\/kilian-kerner-spring-summer-2015\\\/webview\\\/ss-2015_fashion-week-berlin_de_kilian-kerner_47316.jpg\",\"thumb\":\"https:\\\/\\\/bobvarela.com\\\/wp-content\\\/flagallery\\\/kilian-kerner-spring-summer-2015\\\/thumbs\\\/thumbs_ss-2015_fashion-week-berlin_de_kilian-kerner_47316.jpg\",\"file\":\"ss-2015_fashion-week-berlin_de_kilian-kerner_47316.jpg\",\"meta\":{\"aperture\":false,\"credit\":\"Getty Images\",\"camera\":false,\"caption\":\"A model walks the runway at the Kilian Kerner show during the Mercedes-Benz Fashion Week Spring\\\/Summer 2015 at Erika Hess Eisstadion on July 8, 2014 in Berlin, Germany.\",\"created_timestamp\":\"July 8, 2014 8:28 pm\",\"copyright\":\"2014 Getty Images\",\"focal_length\":false,\"iso\":false,\"shutter_speed\":false,\"flash\":false,\"title\":\"A model walks the runway at the Kilian Kerner show during the Mercedes-Benz Fashion Week Spring\\\/Summer 2015 at Erika Hess Eisstadion on July 8, 2014 in Berlin, Germany.\",\"keywords\":\"Catwalk,Celebrities,Fashion,Fashion Week Berlin,Mercedes-Benz Fashion Week - Berlin,runway\",\"width\":536,\"height\":900,\"saved\":true,\"thumbnail\":{\"width\":220,\"height\":220},\"webview\":{\"0\":536,\"1\":900,\"2\":2,\"3\":\"width=\\\"536\\\" height=\\\"900\\\"\",\"bits\":8,\"channels\":3,\"mime\":\"image\\\/jpeg\"},\"views\":\"11\",\"likes\":\"0\"},\"title\":\"A model walks the runway at the Kilian Kerner show during the Mercedes-Benz Fashion Week Spring\\\/Summer 2015 at Erika Hess Eisstadion on July 8, 2014 in Berlin, Germany.\",\"description\":\"<p>A model walks the runway at the Kilian Kerner show during the Mercedes-Benz Fashion Week Spring\\\/Summer 2015 at Erika Hess Eisstadion on July 8, 2014 in Berlin, Germany.<\\\/p>\",\"link\":null,\"link_target\":\"\",\"download\":\"https:\\\/\\\/bobvarela.com\\\/wp-content\\\/flagallery\\\/kilian-kerner-spring-summer-2015\\\/ss-2015_fashion-week-berlin_de_kilian-kerner_47316.jpg\",\"ratio\":0.59555555555555550473201265049283392727375030517578125},{\"id\":\"16870\",\"image\":\"https:\\\/\\\/bobvarela.com\\\/wp-content\\\/flagallery\\\/kilian-kerner-spring-summer-2015\\\/webview\\\/ss-2015_fashion-week-berlin_de_kilian-kerner_47317.jpg\",\"thumb\":\"https:\\\/\\\/bobvarela.com\\\/wp-content\\\/flagallery\\\/kilian-kerner-spring-summer-2015\\\/thumbs\\\/thumbs_ss-2015_fashion-week-berlin_de_kilian-kerner_47317.jpg\",\"file\":\"ss-2015_fashion-week-berlin_de_kilian-kerner_47317.jpg\",\"meta\":{\"aperture\":false,\"credit\":\"Getty Images\",\"camera\":false,\"caption\":\"A model walks the runway at the Kilian Kerner show during the Mercedes-Benz Fashion Week Spring\\\/Summer 2015 at Erika Hess Eisstadion on July 8, 2014 in Berlin, Germany.\",\"created_timestamp\":\"July 8, 2014 8:27 pm\",\"copyright\":\"2014 Getty Images\",\"focal_length\":false,\"iso\":false,\"shutter_speed\":false,\"flash\":false,\"title\":\"A model walks the runway at the Kilian Kerner show during the Mercedes-Benz Fashion Week Spring\\\/Summer 2015 at Erika Hess Eisstadion on July 8, 2014 in Berlin, Germany.\",\"keywords\":\"Catwalk,Celebrities,Fashion,Fashion Week Berlin,Mercedes-Benz Fashion Week - Berlin,runway\",\"width\":556,\"height\":900,\"saved\":true,\"thumbnail\":{\"width\":220,\"height\":220},\"webview\":{\"0\":556,\"1\":900,\"2\":2,\"3\":\"width=\\\"556\\\" height=\\\"900\\\"\",\"bits\":8,\"channels\":3,\"mime\":\"image\\\/jpeg\"},\"views\":\"11\",\"likes\":\"0\"},\"title\":\"A model walks the runway at the Kilian Kerner show during the Mercedes-Benz Fashion Week Spring\\\/Summer 2015 at Erika Hess Eisstadion on July 8, 2014 in Berlin, Germany.\",\"description\":\"<p>A model walks the runway at the Kilian Kerner show during the Mercedes-Benz Fashion Week Spring\\\/Summer 2015 at Erika Hess Eisstadion on July 8, 2014 in Berlin, Germany.<\\\/p>\",\"link\":null,\"link_target\":\"\",\"download\":\"https:\\\/\\\/bobvarela.com\\\/wp-content\\\/flagallery\\\/kilian-kerner-spring-summer-2015\\\/ss-2015_fashion-week-berlin_de_kilian-kerner_47317.jpg\",\"ratio\":0.6177777777777777590273444729973562061786651611328125},{\"id\":\"16871\",\"image\":\"https:\\\/\\\/bobvarela.com\\\/wp-content\\\/flagallery\\\/kilian-kerner-spring-summer-2015\\\/webview\\\/ss-2015_fashion-week-berlin_de_kilian-kerner_47318.jpg\",\"thumb\":\"https:\\\/\\\/bobvarela.com\\\/wp-content\\\/flagallery\\\/kilian-kerner-spring-summer-2015\\\/thumbs\\\/thumbs_ss-2015_fashion-week-berlin_de_kilian-kerner_47318.jpg\",\"file\":\"ss-2015_fashion-week-berlin_de_kilian-kerner_47318.jpg\",\"meta\":{\"aperture\":false,\"credit\":\"Getty Images\",\"camera\":false,\"caption\":\"A model walks the runway at the Kilian Kerner show during the Mercedes-Benz Fashion Week Spring\\\/Summer 2015 at Erika Hess Eisstadion on July 8, 2014 in Berlin, Germany.\",\"created_timestamp\":\"July 8, 2014 8:27 pm\",\"copyright\":\"2014 Getty Images\",\"focal_length\":false,\"iso\":false,\"shutter_speed\":false,\"flash\":false,\"title\":\"A model walks the runway at the Kilian Kerner show during the Mercedes-Benz Fashion Week Spring\\\/Summer 2015 at Erika Hess Eisstadion on July 8, 2014 in Berlin, Germany.\",\"keywords\":\"Catwalk,Celebrities,Fashion,Fashion Week Berlin,Mercedes-Benz Fashion Week - Berlin,runway\",\"width\":538,\"height\":900,\"saved\":true,\"thumbnail\":{\"width\":220,\"height\":220},\"webview\":{\"0\":538,\"1\":900,\"2\":2,\"3\":\"width=\\\"538\\\" height=\\\"900\\\"\",\"bits\":8,\"channels\":3,\"mime\":\"image\\\/jpeg\"},\"views\":\"12\",\"likes\":\"0\"},\"title\":\"A model walks the runway at the Kilian Kerner show during the Mercedes-Benz Fashion Week Spring\\\/Summer 2015 at Erika Hess Eisstadion on July 8, 2014 in Berlin, Germany.\",\"description\":\"<p>A model walks the runway at the Kilian Kerner show during the Mercedes-Benz Fashion Week Spring\\\/Summer 2015 at Erika Hess Eisstadion on July 8, 2014 in Berlin, Germany.<\\\/p>\",\"link\":null,\"link_target\":\"\",\"download\":\"https:\\\/\\\/bobvarela.com\\\/wp-content\\\/flagallery\\\/kilian-kerner-spring-summer-2015\\\/ss-2015_fashion-week-berlin_de_kilian-kerner_47318.jpg\",\"ratio\":0.5977777777777777412637760789948515594005584716796875},{\"id\":\"16872\",\"image\":\"https:\\\/\\\/bobvarela.com\\\/wp-content\\\/flagallery\\\/kilian-kerner-spring-summer-2015\\\/webview\\\/ss-2015_fashion-week-berlin_de_kilian-kerner_47319.jpg\",\"thumb\":\"https:\\\/\\\/bobvarela.com\\\/wp-content\\\/flagallery\\\/kilian-kerner-spring-summer-2015\\\/thumbs\\\/thumbs_ss-2015_fashion-week-berlin_de_kilian-kerner_47319.jpg\",\"file\":\"ss-2015_fashion-week-berlin_de_kilian-kerner_47319.jpg\",\"meta\":{\"aperture\":false,\"credit\":\"Getty Images\",\"camera\":false,\"caption\":\"A model walks the runway at the Kilian Kerner show during the Mercedes-Benz Fashion Week Spring\\\/Summer 2015 at Erika Hess Eisstadion on July 8, 2014 in Berlin, Germany.\",\"created_timestamp\":\"July 8, 2014 8:27 pm\",\"copyright\":\"2014 Getty Images\",\"focal_length\":false,\"iso\":false,\"shutter_speed\":false,\"flash\":false,\"title\":\"A model walks the runway at the Kilian Kerner show during the Mercedes-Benz Fashion Week Spring\\\/Summer 2015 at Erika Hess Eisstadion on July 8, 2014 in Berlin, Germany.\",\"keywords\":\"Catwalk,Celebrities,Fashion,Fashion Week Berlin,Mercedes-Benz Fashion Week - Berlin,runway\",\"width\":525,\"height\":899,\"saved\":true,\"thumbnail\":{\"width\":220,\"height\":220},\"webview\":{\"0\":525,\"1\":899,\"2\":2,\"3\":\"width=\\\"525\\\" height=\\\"899\\\"\",\"bits\":8,\"channels\":3,\"mime\":\"image\\\/jpeg\"},\"views\":\"11\",\"likes\":\"0\"},\"title\":\"A model walks the runway at the Kilian Kerner show during the Mercedes-Benz Fashion Week Spring\\\/Summer 2015 at Erika Hess Eisstadion on July 8, 2014 in Berlin, Germany.\",\"description\":\"<p>A model walks the runway at the Kilian Kerner show during the Mercedes-Benz Fashion Week Spring\\\/Summer 2015 at Erika Hess Eisstadion on July 8, 2014 in Berlin, Germany.<\\\/p>\",\"link\":null,\"link_target\":\"\",\"download\":\"https:\\\/\\\/bobvarela.com\\\/wp-content\\\/flagallery\\\/kilian-kerner-spring-summer-2015\\\/ss-2015_fashion-week-berlin_de_kilian-kerner_47319.jpg\",\"ratio\":0.5839822024471634787090579266077838838100433349609375},{\"id\":\"16873\",\"image\":\"https:\\\/\\\/bobvarela.com\\\/wp-content\\\/flagallery\\\/kilian-kerner-spring-summer-2015\\\/webview\\\/ss-2015_fashion-week-berlin_de_kilian-kerner_47320.jpg\",\"thumb\":\"https:\\\/\\\/bobvarela.com\\\/wp-content\\\/flagallery\\\/kilian-kerner-spring-summer-2015\\\/thumbs\\\/thumbs_ss-2015_fashion-week-berlin_de_kilian-kerner_47320.jpg\",\"file\":\"ss-2015_fashion-week-berlin_de_kilian-kerner_47320.jpg\",\"meta\":{\"aperture\":false,\"credit\":\"Getty Images\",\"camera\":false,\"caption\":\"A model walks the runway at the Kilian Kerner show during the Mercedes-Benz Fashion Week Spring\\\/Summer 2015 at Erika Hess Eisstadion on July 8, 2014 in Berlin, Germany.\",\"created_timestamp\":\"July 8, 2014 8:26 pm\",\"copyright\":\"2014 Getty Images\",\"focal_length\":false,\"iso\":false,\"shutter_speed\":false,\"flash\":false,\"title\":\"A model walks the runway at the Kilian Kerner show during the Mercedes-Benz Fashion Week Spring\\\/Summer 2015 at Erika Hess Eisstadion on July 8, 2014 in Berlin, Germany.\",\"keywords\":\"Catwalk,Celebrities,Fashion,Fashion Week Berlin,Mercedes-Benz Fashion Week - Berlin,runway\",\"width\":576,\"height\":900,\"saved\":true,\"thumbnail\":{\"width\":220,\"height\":220},\"webview\":{\"0\":576,\"1\":900,\"2\":2,\"3\":\"width=\\\"576\\\" height=\\\"900\\\"\",\"bits\":8,\"channels\":3,\"mime\":\"image\\\/jpeg\"},\"views\":\"11\",\"likes\":\"0\"},\"title\":\"A model walks the runway at the Kilian Kerner show during the Mercedes-Benz Fashion Week Spring\\\/Summer 2015 at Erika Hess Eisstadion on July 8, 2014 in Berlin, Germany.\",\"description\":\"<p>A model walks the runway at the Kilian Kerner show during the Mercedes-Benz Fashion Week Spring\\\/Summer 2015 at Erika Hess Eisstadion on July 8, 2014 in Berlin, Germany.<\\\/p>\",\"link\":null,\"link_target\":\"\",\"download\":\"https:\\\/\\\/bobvarela.com\\\/wp-content\\\/flagallery\\\/kilian-kerner-spring-summer-2015\\\/ss-2015_fashion-week-berlin_de_kilian-kerner_47320.jpg\",\"ratio\":0.64000000000000001332267629550187848508358001708984375},{\"id\":\"16874\",\"image\":\"https:\\\/\\\/bobvarela.com\\\/wp-content\\\/flagallery\\\/kilian-kerner-spring-summer-2015\\\/webview\\\/ss-2015_fashion-week-berlin_de_kilian-kerner_47321.jpg\",\"thumb\":\"https:\\\/\\\/bobvarela.com\\\/wp-content\\\/flagallery\\\/kilian-kerner-spring-summer-2015\\\/thumbs\\\/thumbs_ss-2015_fashion-week-berlin_de_kilian-kerner_47321.jpg\",\"file\":\"ss-2015_fashion-week-berlin_de_kilian-kerner_47321.jpg\",\"meta\":{\"aperture\":false,\"credit\":\"Getty Images\",\"camera\":false,\"caption\":\"A model walks the runway at the Kilian Kerner show during the Mercedes-Benz Fashion Week Spring\\\/Summer 2015 at Erika Hess Eisstadion on July 8, 2014 in Berlin, Germany.\",\"created_timestamp\":\"July 8, 2014 8:26 pm\",\"copyright\":\"2014 Getty Images\",\"focal_length\":false,\"iso\":false,\"shutter_speed\":false,\"flash\":false,\"title\":\"A model walks the runway at the Kilian Kerner show during the Mercedes-Benz Fashion Week Spring\\\/Summer 2015 at Erika Hess Eisstadion on July 8, 2014 in Berlin, Germany.\",\"keywords\":\"Catwalk,Celebrities,Fashion,Fashion Week Berlin,Mercedes-Benz Fashion Week - Berlin,runway\",\"width\":538,\"height\":900,\"saved\":true,\"thumbnail\":{\"width\":220,\"height\":220},\"webview\":{\"0\":538,\"1\":900,\"2\":2,\"3\":\"width=\\\"538\\\" height=\\\"900\\\"\",\"bits\":8,\"channels\":3,\"mime\":\"image\\\/jpeg\"},\"views\":\"12\",\"likes\":\"0\"},\"title\":\"A model walks the runway at the Kilian Kerner show during the Mercedes-Benz Fashion Week Spring\\\/Summer 2015 at Erika Hess Eisstadion on July 8, 2014 in Berlin, Germany.\",\"description\":\"<p>A model walks the runway at the Kilian Kerner show during the Mercedes-Benz Fashion Week Spring\\\/Summer 2015 at Erika Hess Eisstadion on July 8, 2014 in Berlin, Germany.<\\\/p>\",\"link\":null,\"link_target\":\"\",\"download\":\"https:\\\/\\\/bobvarela.com\\\/wp-content\\\/flagallery\\\/kilian-kerner-spring-summer-2015\\\/ss-2015_fashion-week-berlin_de_kilian-kerner_47321.jpg\",\"ratio\":0.5977777777777777412637760789948515594005584716796875},{\"id\":\"16875\",\"image\":\"https:\\\/\\\/bobvarela.com\\\/wp-content\\\/flagallery\\\/kilian-kerner-spring-summer-2015\\\/webview\\\/ss-2015_fashion-week-berlin_de_kilian-kerner_47322.jpg\",\"thumb\":\"https:\\\/\\\/bobvarela.com\\\/wp-content\\\/flagallery\\\/kilian-kerner-spring-summer-2015\\\/thumbs\\\/thumbs_ss-2015_fashion-week-berlin_de_kilian-kerner_47322.jpg\",\"file\":\"ss-2015_fashion-week-berlin_de_kilian-kerner_47322.jpg\",\"meta\":{\"aperture\":false,\"credit\":\"Getty Images\",\"camera\":false,\"caption\":\"A model walks the runway at the Kilian Kerner show during the Mercedes-Benz Fashion Week Spring\\\/Summer 2015 at Erika Hess Eisstadion on July 8, 2014 in Berlin, Germany.\",\"created_timestamp\":\"July 8, 2014 8:26 pm\",\"copyright\":\"2014 Getty Images\",\"focal_length\":false,\"iso\":false,\"shutter_speed\":false,\"flash\":false,\"title\":\"A model walks the runway at the Kilian Kerner show during the Mercedes-Benz Fashion Week Spring\\\/Summer 2015 at Erika Hess Eisstadion on July 8, 2014 in Berlin, Germany.\",\"keywords\":\"Catwalk,Celebrities,Fashion,Fashion Week Berlin,Mercedes-Benz Fashion Week - Berlin,runway\",\"width\":524,\"height\":900,\"saved\":true,\"thumbnail\":{\"width\":220,\"height\":220},\"webview\":{\"0\":524,\"1\":900,\"2\":2,\"3\":\"width=\\\"524\\\" height=\\\"900\\\"\",\"bits\":8,\"channels\":3,\"mime\":\"image\\\/jpeg\"},\"views\":\"11\",\"likes\":\"0\"},\"title\":\"A model walks the runway at the Kilian Kerner show during the Mercedes-Benz Fashion Week Spring\\\/Summer 2015 at Erika Hess Eisstadion on July 8, 2014 in Berlin, Germany.\",\"description\":\"<p>A model walks the runway at the Kilian Kerner show during the Mercedes-Benz Fashion Week Spring\\\/Summer 2015 at Erika Hess Eisstadion on July 8, 2014 in Berlin, Germany.<\\\/p>\",\"link\":null,\"link_target\":\"\",\"download\":\"https:\\\/\\\/bobvarela.com\\\/wp-content\\\/flagallery\\\/kilian-kerner-spring-summer-2015\\\/ss-2015_fashion-week-berlin_de_kilian-kerner_47322.jpg\",\"ratio\":0.582222222222222196563734541996382176876068115234375},{\"id\":\"16876\",\"image\":\"https:\\\/\\\/bobvarela.com\\\/wp-content\\\/flagallery\\\/kilian-kerner-spring-summer-2015\\\/webview\\\/ss-2015_fashion-week-berlin_de_kilian-kerner_47323.jpg\",\"thumb\":\"https:\\\/\\\/bobvarela.com\\\/wp-content\\\/flagallery\\\/kilian-kerner-spring-summer-2015\\\/thumbs\\\/thumbs_ss-2015_fashion-week-berlin_de_kilian-kerner_47323.jpg\",\"file\":\"ss-2015_fashion-week-berlin_de_kilian-kerner_47323.jpg\",\"meta\":{\"aperture\":false,\"credit\":\"Getty Images\",\"camera\":false,\"caption\":\"A model walks the runway at the Kilian Kerner show during the Mercedes-Benz Fashion Week Spring\\\/Summer 2015 at Erika Hess Eisstadion on July 8, 2014 in Berlin, Germany.\",\"created_timestamp\":\"July 8, 2014 8:25 pm\",\"copyright\":\"2014 Getty Images\",\"focal_length\":false,\"iso\":false,\"shutter_speed\":false,\"flash\":false,\"title\":\"A model walks the runway at the Kilian Kerner show during the Mercedes-Benz Fashion Week Spring\\\/Summer 2015 at Erika Hess Eisstadion on July 8, 2014 in Berlin, Germany.\",\"keywords\":\"Catwalk,Celebrities,Fashion,Fashion Week Berlin,Mercedes-Benz Fashion Week - Berlin,runway\",\"width\":581,\"height\":900,\"saved\":true,\"thumbnail\":{\"width\":220,\"height\":220},\"webview\":{\"0\":581,\"1\":900,\"2\":2,\"3\":\"width=\\\"581\\\" height=\\\"900\\\"\",\"bits\":8,\"channels\":3,\"mime\":\"image\\\/jpeg\"},\"views\":\"11\",\"likes\":\"0\"},\"title\":\"A model walks the runway at the Kilian Kerner show during the Mercedes-Benz Fashion Week Spring\\\/Summer 2015 at Erika Hess Eisstadion on July 8, 2014 in Berlin, Germany.\",\"description\":\"<p>A model walks the runway at the Kilian Kerner show during the Mercedes-Benz Fashion Week Spring\\\/Summer 2015 at Erika Hess Eisstadion on July 8, 2014 in Berlin, Germany.<\\\/p>\",\"link\":null,\"link_target\":\"\",\"download\":\"https:\\\/\\\/bobvarela.com\\\/wp-content\\\/flagallery\\\/kilian-kerner-spring-summer-2015\\\/ss-2015_fashion-week-berlin_de_kilian-kerner_47323.jpg\",\"ratio\":0.64555555555555554914093363549909554421901702880859375},{\"id\":\"16877\",\"image\":\"https:\\\/\\\/bobvarela.com\\\/wp-content\\\/flagallery\\\/kilian-kerner-spring-summer-2015\\\/webview\\\/ss-2015_fashion-week-berlin_de_kilian-kerner_47324.jpg\",\"thumb\":\"https:\\\/\\\/bobvarela.com\\\/wp-content\\\/flagallery\\\/kilian-kerner-spring-summer-2015\\\/thumbs\\\/thumbs_ss-2015_fashion-week-berlin_de_kilian-kerner_47324.jpg\",\"file\":\"ss-2015_fashion-week-berlin_de_kilian-kerner_47324.jpg\",\"meta\":{\"aperture\":false,\"credit\":\"Getty Images\",\"camera\":false,\"caption\":\"A model walks the runway at the Kilian Kerner show during the Mercedes-Benz Fashion Week Spring\\\/Summer 2015 at Erika Hess Eisstadion on July 8, 2014 in Berlin, Germany.\",\"created_timestamp\":\"July 8, 2014 8:25 pm\",\"copyright\":\"2014 Getty Images\",\"focal_length\":false,\"iso\":false,\"shutter_speed\":false,\"flash\":false,\"title\":\"A model walks the runway at the Kilian Kerner show during the Mercedes-Benz Fashion Week Spring\\\/Summer 2015 at Erika Hess Eisstadion on July 8, 2014 in Berlin, Germany.\",\"keywords\":\"Catwalk,Celebrities,Fashion,Fashion Week Berlin,Mercedes-Benz Fashion Week - Berlin,runway\",\"width\":521,\"height\":900,\"saved\":true,\"thumbnail\":{\"width\":220,\"height\":220},\"webview\":{\"0\":521,\"1\":900,\"2\":2,\"3\":\"width=\\\"521\\\" height=\\\"900\\\"\",\"bits\":8,\"channels\":3,\"mime\":\"image\\\/jpeg\"},\"views\":\"11\",\"likes\":\"0\"},\"title\":\"A model walks the runway at the Kilian Kerner show during the Mercedes-Benz Fashion Week Spring\\\/Summer 2015 at Erika Hess Eisstadion on July 8, 2014 in Berlin, Germany.\",\"description\":\"<p>A model walks the runway at the Kilian Kerner show during the Mercedes-Benz Fashion Week Spring\\\/Summer 2015 at Erika Hess Eisstadion on July 8, 2014 in Berlin, Germany.<\\\/p>\",\"link\":null,\"link_target\":\"\",\"download\":\"https:\\\/\\\/bobvarela.com\\\/wp-content\\\/flagallery\\\/kilian-kerner-spring-summer-2015\\\/ss-2015_fashion-week-berlin_de_kilian-kerner_47324.jpg\",\"ratio\":0.57888888888888889727724063050118274986743927001953125},{\"id\":\"16878\",\"image\":\"https:\\\/\\\/bobvarela.com\\\/wp-content\\\/flagallery\\\/kilian-kerner-spring-summer-2015\\\/webview\\\/ss-2015_fashion-week-berlin_de_kilian-kerner_47325.jpg\",\"thumb\":\"https:\\\/\\\/bobvarela.com\\\/wp-content\\\/flagallery\\\/kilian-kerner-spring-summer-2015\\\/thumbs\\\/thumbs_ss-2015_fashion-week-berlin_de_kilian-kerner_47325.jpg\",\"file\":\"ss-2015_fashion-week-berlin_de_kilian-kerner_47325.jpg\",\"meta\":{\"aperture\":false,\"credit\":\"Getty Images\",\"camera\":false,\"caption\":\"A model walks the runway at the Kilian Kerner show during the Mercedes-Benz Fashion Week Spring\\\/Summer 2015 at Erika Hess Eisstadion on July 8, 2014 in Berlin, Germany.\",\"created_timestamp\":\"July 8, 2014 8:25 pm\",\"copyright\":\"2014 Getty Images\",\"focal_length\":false,\"iso\":false,\"shutter_speed\":false,\"flash\":false,\"title\":\"A model walks the runway at the Kilian Kerner show during the Mercedes-Benz Fashion Week Spring\\\/Summer 2015 at Erika Hess Eisstadion on July 8, 2014 in Berlin, Germany.\",\"keywords\":\"Catwalk,Celebrities,Fashion,Fashion Week Berlin,Mercedes-Benz Fashion Week - Berlin,runway\",\"width\":549,\"height\":900,\"saved\":true,\"thumbnail\":{\"width\":220,\"height\":220},\"webview\":{\"0\":549,\"1\":900,\"2\":2,\"3\":\"width=\\\"549\\\" height=\\\"900\\\"\",\"bits\":8,\"channels\":3,\"mime\":\"image\\\/jpeg\"},\"views\":\"11\",\"likes\":\"0\"},\"title\":\"A model walks the runway at the Kilian Kerner show during the Mercedes-Benz Fashion Week Spring\\\/Summer 2015 at Erika Hess Eisstadion on July 8, 2014 in Berlin, Germany.\",\"description\":\"<p>A model walks the runway at the Kilian Kerner show during the Mercedes-Benz Fashion Week Spring\\\/Summer 2015 at Erika Hess Eisstadion on July 8, 2014 in Berlin, Germany.<\\\/p>\",\"link\":null,\"link_target\":\"\",\"download\":\"https:\\\/\\\/bobvarela.com\\\/wp-content\\\/flagallery\\\/kilian-kerner-spring-summer-2015\\\/ss-2015_fashion-week-berlin_de_kilian-kerner_47325.jpg\",\"ratio\":0.60999999999999998667732370449812151491641998291015625},{\"id\":\"16879\",\"image\":\"https:\\\/\\\/bobvarela.com\\\/wp-content\\\/flagallery\\\/kilian-kerner-spring-summer-2015\\\/webview\\\/ss-2015_fashion-week-berlin_de_kilian-kerner_47326.jpg\",\"thumb\":\"https:\\\/\\\/bobvarela.com\\\/wp-content\\\/flagallery\\\/kilian-kerner-spring-summer-2015\\\/thumbs\\\/thumbs_ss-2015_fashion-week-berlin_de_kilian-kerner_47326.jpg\",\"file\":\"ss-2015_fashion-week-berlin_de_kilian-kerner_47326.jpg\",\"meta\":{\"aperture\":false,\"credit\":\"Getty Images\",\"camera\":false,\"caption\":\"A model walks the runway at the Kilian Kerner show during the Mercedes-Benz Fashion Week Spring\\\/Summer 2015 at Erika Hess Eisstadion on July 8, 2014 in Berlin, Germany.\",\"created_timestamp\":\"July 8, 2014 8:24 pm\",\"copyright\":\"2014 Getty Images\",\"focal_length\":false,\"iso\":false,\"shutter_speed\":false,\"flash\":false,\"title\":\"A model walks the runway at the Kilian Kerner show during the Mercedes-Benz Fashion Week Spring\\\/Summer 2015 at Erika Hess Eisstadion on July 8, 2014 in Berlin, Germany.\",\"keywords\":\"Catwalk,Celebrities,Fashion,Fashion Week Berlin,Mercedes-Benz Fashion Week - Berlin,runway\",\"width\":529,\"height\":900,\"saved\":true,\"thumbnail\":{\"width\":220,\"height\":220},\"webview\":{\"0\":529,\"1\":900,\"2\":2,\"3\":\"width=\\\"529\\\" height=\\\"900\\\"\",\"bits\":8,\"channels\":3,\"mime\":\"image\\\/jpeg\"},\"views\":\"12\",\"likes\":\"0\"},\"title\":\"A model walks the runway at the Kilian Kerner show during the Mercedes-Benz Fashion Week Spring\\\/Summer 2015 at Erika Hess Eisstadion on July 8, 2014 in Berlin, Germany.\",\"description\":\"<p>A model walks the runway at the Kilian Kerner show during the Mercedes-Benz Fashion Week Spring\\\/Summer 2015 at Erika Hess Eisstadion on July 8, 2014 in Berlin, Germany.<\\\/p>\",\"link\":null,\"link_target\":\"\",\"download\":\"https:\\\/\\\/bobvarela.com\\\/wp-content\\\/flagallery\\\/kilian-kerner-spring-summer-2015\\\/ss-2015_fashion-week-berlin_de_kilian-kerner_47326.jpg\",\"ratio\":0.587777777777777732381991881993599236011505126953125},{\"id\":\"16880\",\"image\":\"https:\\\/\\\/bobvarela.com\\\/wp-content\\\/flagallery\\\/kilian-kerner-spring-summer-2015\\\/webview\\\/ss-2015_fashion-week-berlin_de_kilian-kerner_47327.jpg\",\"thumb\":\"https:\\\/\\\/bobvarela.com\\\/wp-content\\\/flagallery\\\/kilian-kerner-spring-summer-2015\\\/thumbs\\\/thumbs_ss-2015_fashion-week-berlin_de_kilian-kerner_47327.jpg\",\"file\":\"ss-2015_fashion-week-berlin_de_kilian-kerner_47327.jpg\",\"meta\":{\"aperture\":false,\"credit\":\"Getty Images\",\"camera\":false,\"caption\":\"A model walks the runway at the Kilian Kerner show during the Mercedes-Benz Fashion Week Spring\\\/Summer 2015 at Erika Hess Eisstadion on July 8, 2014 in Berlin, Germany.\",\"created_timestamp\":\"July 8, 2014 8:24 pm\",\"copyright\":\"2014 Getty Images\",\"focal_length\":false,\"iso\":false,\"shutter_speed\":false,\"flash\":false,\"title\":\"A model walks the runway at the Kilian Kerner show during the Mercedes-Benz Fashion Week Spring\\\/Summer 2015 at Erika Hess Eisstadion on July 8, 2014 in Berlin, Germany.\",\"keywords\":\"Catwalk,Celebrities,Fashion,Fashion Week Berlin,Mercedes-Benz Fashion Week - Berlin,runway\",\"width\":546,\"height\":900,\"saved\":true,\"thumbnail\":{\"width\":220,\"height\":220},\"webview\":{\"0\":546,\"1\":900,\"2\":2,\"3\":\"width=\\\"546\\\" height=\\\"900\\\"\",\"bits\":8,\"channels\":3,\"mime\":\"image\\\/jpeg\"},\"views\":\"11\",\"likes\":\"0\"},\"title\":\"A model walks the runway at the Kilian Kerner show during the Mercedes-Benz Fashion Week Spring\\\/Summer 2015 at Erika Hess Eisstadion on July 8, 2014 in Berlin, Germany.\",\"description\":\"<p>A model walks the runway at the Kilian Kerner show during the Mercedes-Benz Fashion Week Spring\\\/Summer 2015 at Erika Hess Eisstadion on July 8, 2014 in Berlin, Germany.<\\\/p>\",\"link\":null,\"link_target\":\"\",\"download\":\"https:\\\/\\\/bobvarela.com\\\/wp-content\\\/flagallery\\\/kilian-kerner-spring-summer-2015\\\/ss-2015_fashion-week-berlin_de_kilian-kerner_47327.jpg\",\"ratio\":0.6066666666666666873908297930029220879077911376953125},{\"id\":\"16881\",\"image\":\"https:\\\/\\\/bobvarela.com\\\/wp-content\\\/flagallery\\\/kilian-kerner-spring-summer-2015\\\/webview\\\/ss-2015_fashion-week-berlin_de_kilian-kerner_47328.jpg\",\"thumb\":\"https:\\\/\\\/bobvarela.com\\\/wp-content\\\/flagallery\\\/kilian-kerner-spring-summer-2015\\\/thumbs\\\/thumbs_ss-2015_fashion-week-berlin_de_kilian-kerner_47328.jpg\",\"file\":\"ss-2015_fashion-week-berlin_de_kilian-kerner_47328.jpg\",\"meta\":{\"aperture\":false,\"credit\":\"Getty Images\",\"camera\":false,\"caption\":\"A model walks the runway at the Kilian Kerner show during the Mercedes-Benz Fashion Week Spring\\\/Summer 2015 at Erika Hess Eisstadion on July 8, 2014 in Berlin, Germany.\",\"created_timestamp\":\"July 8, 2014 8:24 pm\",\"copyright\":\"2014 Getty Images\",\"focal_length\":false,\"iso\":false,\"shutter_speed\":false,\"flash\":false,\"title\":\"A model walks the runway at the Kilian Kerner show during the Mercedes-Benz Fashion Week Spring\\\/Summer 2015 at Erika Hess Eisstadion on July 8, 2014 in Berlin, Germany.\",\"keywords\":\"Catwalk,Celebrities,Fashion,Fashion Week Berlin,Mercedes-Benz Fashion Week - Berlin,runway\",\"width\":546,\"height\":900,\"saved\":true,\"thumbnail\":{\"width\":220,\"height\":220},\"webview\":{\"0\":546,\"1\":900,\"2\":2,\"3\":\"width=\\\"546\\\" height=\\\"900\\\"\",\"bits\":8,\"channels\":3,\"mime\":\"image\\\/jpeg\"},\"views\":\"12\",\"likes\":\"0\"},\"title\":\"A model walks the runway at the Kilian Kerner show during the Mercedes-Benz Fashion Week Spring\\\/Summer 2015 at Erika Hess Eisstadion on July 8, 2014 in Berlin, Germany.\",\"description\":\"<p>A model walks the runway at the Kilian Kerner show during the Mercedes-Benz Fashion Week Spring\\\/Summer 2015 at Erika Hess Eisstadion on July 8, 2014 in Berlin, Germany.<\\\/p>\",\"link\":null,\"link_target\":\"\",\"download\":\"https:\\\/\\\/bobvarela.com\\\/wp-content\\\/flagallery\\\/kilian-kerner-spring-summer-2015\\\/ss-2015_fashion-week-berlin_de_kilian-kerner_47328.jpg\",\"ratio\":0.6066666666666666873908297930029220879077911376953125},{\"id\":\"16882\",\"image\":\"https:\\\/\\\/bobvarela.com\\\/wp-content\\\/flagallery\\\/kilian-kerner-spring-summer-2015\\\/webview\\\/ss-2015_fashion-week-berlin_de_kilian-kerner_47329.jpg\",\"thumb\":\"https:\\\/\\\/bobvarela.com\\\/wp-content\\\/flagallery\\\/kilian-kerner-spring-summer-2015\\\/thumbs\\\/thumbs_ss-2015_fashion-week-berlin_de_kilian-kerner_47329.jpg\",\"file\":\"ss-2015_fashion-week-berlin_de_kilian-kerner_47329.jpg\",\"meta\":{\"aperture\":false,\"credit\":\"Getty Images\",\"camera\":false,\"caption\":\"A model walks the runway at the Kilian Kerner show during the Mercedes-Benz Fashion Week Spring\\\/Summer 2015 at Erika Hess Eisstadion on July 8, 2014 in Berlin, Germany.\",\"created_timestamp\":\"July 8, 2014 8:23 pm\",\"copyright\":\"2014 Getty Images\",\"focal_length\":false,\"iso\":false,\"shutter_speed\":false,\"flash\":false,\"title\":\"A model walks the runway at the Kilian Kerner show during the Mercedes-Benz Fashion Week Spring\\\/Summer 2015 at Erika Hess Eisstadion on July 8, 2014 in Berlin, Germany.\",\"keywords\":\"Catwalk,Celebrities,Fashion,Fashion Week Berlin,Mercedes-Benz Fashion Week - Berlin,runway\",\"width\":554,\"height\":900,\"saved\":true,\"thumbnail\":{\"width\":220,\"height\":220},\"webview\":{\"0\":554,\"1\":900,\"2\":2,\"3\":\"width=\\\"554\\\" height=\\\"900\\\"\",\"bits\":8,\"channels\":3,\"mime\":\"image\\\/jpeg\"},\"views\":\"12\",\"likes\":\"0\"},\"title\":\"A model walks the runway at the Kilian Kerner show during the Mercedes-Benz Fashion Week Spring\\\/Summer 2015 at Erika Hess Eisstadion on July 8, 2014 in Berlin, Germany.\",\"description\":\"<p>A model walks the runway at the Kilian Kerner show during the Mercedes-Benz Fashion Week Spring\\\/Summer 2015 at Erika Hess Eisstadion on July 8, 2014 in Berlin, Germany.<\\\/p>\",\"link\":null,\"link_target\":\"\",\"download\":\"https:\\\/\\\/bobvarela.com\\\/wp-content\\\/flagallery\\\/kilian-kerner-spring-summer-2015\\\/ss-2015_fashion-week-berlin_de_kilian-kerner_47329.jpg\",\"ratio\":0.61555555555555552249558104449533857405185699462890625},{\"id\":\"16883\",\"image\":\"https:\\\/\\\/bobvarela.com\\\/wp-content\\\/flagallery\\\/kilian-kerner-spring-summer-2015\\\/webview\\\/ss-2015_fashion-week-berlin_de_kilian-kerner_47330.jpg\",\"thumb\":\"https:\\\/\\\/bobvarela.com\\\/wp-content\\\/flagallery\\\/kilian-kerner-spring-summer-2015\\\/thumbs\\\/thumbs_ss-2015_fashion-week-berlin_de_kilian-kerner_47330.jpg\",\"file\":\"ss-2015_fashion-week-berlin_de_kilian-kerner_47330.jpg\",\"meta\":{\"aperture\":false,\"credit\":\"Getty Images\",\"camera\":false,\"caption\":\"A model walks the runway at the Kilian Kerner show during the Mercedes-Benz Fashion Week Spring\\\/Summer 2015 at Erika Hess Eisstadion on July 8, 2014 in Berlin, Germany.\",\"created_timestamp\":\"July 8, 2014 8:23 pm\",\"copyright\":\"2014 Getty Images\",\"focal_length\":false,\"iso\":false,\"shutter_speed\":false,\"flash\":false,\"title\":\"A model walks the runway at the Kilian Kerner show during the Mercedes-Benz Fashion Week Spring\\\/Summer 2015 at Erika Hess Eisstadion on July 8, 2014 in Berlin, Germany.\",\"keywords\":\"Catwalk,Celebrities,Fashion,Fashion Week Berlin,Mercedes-Benz Fashion Week - Berlin,runway\",\"width\":504,\"height\":900,\"saved\":true,\"thumbnail\":{\"width\":220,\"height\":220},\"webview\":{\"0\":504,\"1\":900,\"2\":2,\"3\":\"width=\\\"504\\\" height=\\\"900\\\"\",\"bits\":8,\"channels\":3,\"mime\":\"image\\\/jpeg\"},\"views\":\"12\",\"likes\":\"0\"},\"title\":\"A model walks the runway at the Kilian Kerner show during the Mercedes-Benz Fashion Week Spring\\\/Summer 2015 at Erika Hess Eisstadion on July 8, 2014 in Berlin, Germany.\",\"description\":\"<p>A model walks the runway at the Kilian Kerner show during the Mercedes-Benz Fashion Week Spring\\\/Summer 2015 at Erika Hess Eisstadion on July 8, 2014 in Berlin, Germany.<\\\/p>\",\"link\":null,\"link_target\":\"\",\"download\":\"https:\\\/\\\/bobvarela.com\\\/wp-content\\\/flagallery\\\/kilian-kerner-spring-summer-2015\\\/ss-2015_fashion-week-berlin_de_kilian-kerner_47330.jpg\",\"ratio\":0.560000000000000053290705182007513940334320068359375},{\"id\":\"16884\",\"image\":\"https:\\\/\\\/bobvarela.com\\\/wp-content\\\/flagallery\\\/kilian-kerner-spring-summer-2015\\\/webview\\\/ss-2015_fashion-week-berlin_de_kilian-kerner_47331.jpg\",\"thumb\":\"https:\\\/\\\/bobvarela.com\\\/wp-content\\\/flagallery\\\/kilian-kerner-spring-summer-2015\\\/thumbs\\\/thumbs_ss-2015_fashion-week-berlin_de_kilian-kerner_47331.jpg\",\"file\":\"ss-2015_fashion-week-berlin_de_kilian-kerner_47331.jpg\",\"meta\":{\"aperture\":false,\"credit\":\"Getty Images\",\"camera\":false,\"caption\":\"A model walks the runway at the Kilian Kerner show during the Mercedes-Benz Fashion Week Spring\\\/Summer 2015 at Erika Hess Eisstadion on July 8, 2014 in Berlin, Germany.\",\"created_timestamp\":\"July 8, 2014 8:23 pm\",\"copyright\":\"2014 Getty Images\",\"focal_length\":false,\"iso\":false,\"shutter_speed\":false,\"flash\":false,\"title\":\"A model walks the runway at the Kilian Kerner show during the Mercedes-Benz Fashion Week Spring\\\/Summer 2015 at Erika Hess Eisstadion on July 8, 2014 in Berlin, Germany.\",\"keywords\":\"Catwalk,Celebrities,Fashion,Fashion Week Berlin,Mercedes-Benz Fashion Week - Berlin,runway\",\"width\":531,\"height\":900,\"saved\":true,\"thumbnail\":{\"width\":220,\"height\":220},\"webview\":{\"0\":531,\"1\":900,\"2\":2,\"3\":\"width=\\\"531\\\" height=\\\"900\\\"\",\"bits\":8,\"channels\":3,\"mime\":\"image\\\/jpeg\"},\"views\":\"12\",\"likes\":\"0\"},\"title\":\"A model walks the runway at the Kilian Kerner show during the Mercedes-Benz Fashion Week Spring\\\/Summer 2015 at Erika Hess Eisstadion on July 8, 2014 in Berlin, Germany.\",\"description\":\"<p>A model walks the runway at the Kilian Kerner show during the Mercedes-Benz Fashion Week Spring\\\/Summer 2015 at Erika Hess Eisstadion on July 8, 2014 in Berlin, Germany.<\\\/p>\",\"link\":null,\"link_target\":\"\",\"download\":\"https:\\\/\\\/bobvarela.com\\\/wp-content\\\/flagallery\\\/kilian-kerner-spring-summer-2015\\\/ss-2015_fashion-week-berlin_de_kilian-kerner_47331.jpg\",\"ratio\":0.58999999999999996891375531049561686813831329345703125}]}; var container = $('#FlaGallery_sc1_210'); container.photomania(settings, content); window.FlaGallery_sc1_210 = container.data('photomania'); }); <\/script><\/div><noscript id=\"noscript_FlaGallery_sc1_210\"><img class=\"skip-lazy no-lazyload noLazy\" data-lazy-src=\"\" src =\"https:\/\/bobvarela.com\/wp-content\/flagallery\/kilian-kerner-spring-summer-2015\/ss-2015_fashion-week-berlin_de_kilian-kerner_47280.jpg\" alt=\"BERLIN, GERMANY - JULY 08:  Designer Kilian Kerner appears on the runway after the Kilian Kerner show during the Mercedes-Benz Fashion Week Spring\/Summer 2015 at Erika Hess Eisstadion on July 8, 2014 in Berlin, Germany.  (Photo by Peter Michael Dills\/Getty Images) *** Local Caption *** Kilian Kerner\" \/><img class=\"skip-lazy no-lazyload noLazy\" data-lazy-src=\"\" src =\"https:\/\/bobvarela.com\/wp-content\/flagallery\/kilian-kerner-spring-summer-2015\/ss-2015_fashion-week-berlin_de_kilian-kerner_47281.jpg\" alt=\"A model walks the runway at the Kilian Kerner show during the Mercedes-Benz Fashion Week Spring\/Summer 2015 at Erika Hess Eisstadion on July 8, 2014 in Berlin, Germany.\" \/><img class=\"skip-lazy no-lazyload noLazy\" data-lazy-src=\"\" src =\"https:\/\/bobvarela.com\/wp-content\/flagallery\/kilian-kerner-spring-summer-2015\/ss-2015_fashion-week-berlin_de_kilian-kerner_47282.jpg\" alt=\"A model walks the runway at the Kilian Kerner show during the Mercedes-Benz Fashion Week Spring\/Summer 2015 at Erika Hess Eisstadion on July 8, 2014 in Berlin, Germany.\" \/><img class=\"skip-lazy no-lazyload noLazy\" data-lazy-src=\"\" src =\"https:\/\/bobvarela.com\/wp-content\/flagallery\/kilian-kerner-spring-summer-2015\/ss-2015_fashion-week-berlin_de_kilian-kerner_47283.jpg\" alt=\"A model walks the runway at the Kilian Kerner show during the Mercedes-Benz Fashion Week Spring\/Summer 2015 at Erika Hess Eisstadion on July 8, 2014 in Berlin, Germany.\" \/><img class=\"skip-lazy no-lazyload noLazy\" data-lazy-src=\"\" src =\"https:\/\/bobvarela.com\/wp-content\/flagallery\/kilian-kerner-spring-summer-2015\/ss-2015_fashion-week-berlin_de_kilian-kerner_47284.jpg\" alt=\"A model walks the runway at the Kilian Kerner show during the Mercedes-Benz Fashion Week Spring\/Summer 2015 at Erika Hess Eisstadion on July 8, 2014 in Berlin, Germany.\" \/><img class=\"skip-lazy no-lazyload noLazy\" data-lazy-src=\"\" src =\"https:\/\/bobvarela.com\/wp-content\/flagallery\/kilian-kerner-spring-summer-2015\/ss-2015_fashion-week-berlin_de_kilian-kerner_47285.jpg\" alt=\"A model walks the runway at the Kilian Kerner show during the Mercedes-Benz Fashion Week Spring\/Summer 2015 at Erika Hess Eisstadion on July 8, 2014 in Berlin, Germany.\" \/><img class=\"skip-lazy no-lazyload noLazy\" data-lazy-src=\"\" src =\"https:\/\/bobvarela.com\/wp-content\/flagallery\/kilian-kerner-spring-summer-2015\/ss-2015_fashion-week-berlin_de_kilian-kerner_47286.jpg\" alt=\"A model walks the runway at the Kilian Kerner show during the Mercedes-Benz Fashion Week Spring\/Summer 2015 at Erika Hess Eisstadion on July 8, 2014 in Berlin, Germany.\" \/><img class=\"skip-lazy no-lazyload noLazy\" data-lazy-src=\"\" src =\"https:\/\/bobvarela.com\/wp-content\/flagallery\/kilian-kerner-spring-summer-2015\/ss-2015_fashion-week-berlin_de_kilian-kerner_47287.jpg\" alt=\"A model walks the runway at the Kilian Kerner show during the Mercedes-Benz Fashion Week Spring\/Summer 2015 at Erika Hess Eisstadion on July 8, 2014 in Berlin, Germany.\" \/><img class=\"skip-lazy no-lazyload noLazy\" data-lazy-src=\"\" src =\"https:\/\/bobvarela.com\/wp-content\/flagallery\/kilian-kerner-spring-summer-2015\/ss-2015_fashion-week-berlin_de_kilian-kerner_47288.jpg\" alt=\"BERLIN, GERMANY - JULY 08:  Model Julia Trainer walks the runway at the Kilian Kerner show during the Mercedes-Benz Fashion Week Spring\/Summer 2015 at Erika Hess Eisstadion on July 8, 2014 in Berlin, Germany.  (Photo by Peter Michael Dills\/Getty Images) *** Local Caption *** Julia Trainer\" \/><img class=\"skip-lazy no-lazyload noLazy\" data-lazy-src=\"\" src =\"https:\/\/bobvarela.com\/wp-content\/flagallery\/kilian-kerner-spring-summer-2015\/ss-2015_fashion-week-berlin_de_kilian-kerner_47289.jpg\" alt=\"A model walks the runway at the Kilian Kerner show during the Mercedes-Benz Fashion Week Spring\/Summer 2015 at Erika Hess Eisstadion on July 8, 2014 in Berlin, Germany.\" \/><img class=\"skip-lazy no-lazyload noLazy\" data-lazy-src=\"\" src =\"https:\/\/bobvarela.com\/wp-content\/flagallery\/kilian-kerner-spring-summer-2015\/ss-2015_fashion-week-berlin_de_kilian-kerner_47290.jpg\" alt=\"A model walks the runway at the Kilian Kerner show during the Mercedes-Benz Fashion Week Spring\/Summer 2015 at Erika Hess Eisstadion on July 8, 2014 in Berlin, Germany.\" \/><img class=\"skip-lazy no-lazyload noLazy\" data-lazy-src=\"\" src =\"https:\/\/bobvarela.com\/wp-content\/flagallery\/kilian-kerner-spring-summer-2015\/ss-2015_fashion-week-berlin_de_kilian-kerner_47291.jpg\" alt=\"A model walks the runway at the Kilian Kerner show during the Mercedes-Benz Fashion Week Spring\/Summer 2015 at Erika Hess Eisstadion on July 8, 2014 in Berlin, Germany.\" \/><img class=\"skip-lazy no-lazyload noLazy\" data-lazy-src=\"\" src =\"https:\/\/bobvarela.com\/wp-content\/flagallery\/kilian-kerner-spring-summer-2015\/ss-2015_fashion-week-berlin_de_kilian-kerner_47292.jpg\" alt=\"A model walks the runway at the Kilian Kerner show during the Mercedes-Benz Fashion Week Spring\/Summer 2015 at Erika Hess Eisstadion on July 8, 2014 in Berlin, Germany.\" \/><img class=\"skip-lazy no-lazyload noLazy\" data-lazy-src=\"\" src =\"https:\/\/bobvarela.com\/wp-content\/flagallery\/kilian-kerner-spring-summer-2015\/ss-2015_fashion-week-berlin_de_kilian-kerner_47293.jpg\" alt=\"A model walks the runway at the Kilian Kerner show during the Mercedes-Benz Fashion Week Spring\/Summer 2015 at Erika Hess Eisstadion on July 8, 2014 in Berlin, Germany.\" \/><img class=\"skip-lazy no-lazyload noLazy\" data-lazy-src=\"\" src =\"https:\/\/bobvarela.com\/wp-content\/flagallery\/kilian-kerner-spring-summer-2015\/ss-2015_fashion-week-berlin_de_kilian-kerner_47294.jpg\" alt=\"A model walks the runway at the Kilian Kerner show during the Mercedes-Benz Fashion Week Spring\/Summer 2015 at Erika Hess Eisstadion on July 8, 2014 in Berlin, Germany.\" \/><img class=\"skip-lazy no-lazyload noLazy\" data-lazy-src=\"\" src =\"https:\/\/bobvarela.com\/wp-content\/flagallery\/kilian-kerner-spring-summer-2015\/ss-2015_fashion-week-berlin_de_kilian-kerner_47295.jpg\" alt=\"A model walks the runway at the Kilian Kerner show during the Mercedes-Benz Fashion Week Spring\/Summer 2015 at Erika Hess Eisstadion on July 8, 2014 in Berlin, Germany.\" \/><img class=\"skip-lazy no-lazyload noLazy\" data-lazy-src=\"\" src =\"https:\/\/bobvarela.com\/wp-content\/flagallery\/kilian-kerner-spring-summer-2015\/ss-2015_fashion-week-berlin_de_kilian-kerner_47296.jpg\" alt=\"A model walks the runway at the Kilian Kerner show during the Mercedes-Benz Fashion Week Spring\/Summer 2015 at Erika Hess Eisstadion on July 8, 2014 in Berlin, Germany.\" \/><img class=\"skip-lazy no-lazyload noLazy\" data-lazy-src=\"\" src =\"https:\/\/bobvarela.com\/wp-content\/flagallery\/kilian-kerner-spring-summer-2015\/ss-2015_fashion-week-berlin_de_kilian-kerner_47297.jpg\" alt=\"A model walks the runway at the Kilian Kerner show during the Mercedes-Benz Fashion Week Spring\/Summer 2015 at Erika Hess Eisstadion on July 8, 2014 in Berlin, Germany.\" \/><img class=\"skip-lazy no-lazyload noLazy\" data-lazy-src=\"\" src =\"https:\/\/bobvarela.com\/wp-content\/flagallery\/kilian-kerner-spring-summer-2015\/ss-2015_fashion-week-berlin_de_kilian-kerner_47298.jpg\" alt=\"A model walks the runway at the Kilian Kerner show during the Mercedes-Benz Fashion Week Spring\/Summer 2015 at Erika Hess Eisstadion on July 8, 2014 in Berlin, Germany.\" \/><img class=\"skip-lazy no-lazyload noLazy\" data-lazy-src=\"\" src =\"https:\/\/bobvarela.com\/wp-content\/flagallery\/kilian-kerner-spring-summer-2015\/ss-2015_fashion-week-berlin_de_kilian-kerner_47299.jpg\" alt=\"A model walks the runway at the Kilian Kerner show during the Mercedes-Benz Fashion Week Spring\/Summer 2015 at Erika Hess Eisstadion on July 8, 2014 in Berlin, Germany.\" \/><img class=\"skip-lazy no-lazyload noLazy\" data-lazy-src=\"\" src =\"https:\/\/bobvarela.com\/wp-content\/flagallery\/kilian-kerner-spring-summer-2015\/ss-2015_fashion-week-berlin_de_kilian-kerner_47300.jpg\" alt=\"A model walks the runway at the Kilian Kerner show during the Mercedes-Benz Fashion Week Spring\/Summer 2015 at Erika Hess Eisstadion on July 8, 2014 in Berlin, Germany.\" \/><img class=\"skip-lazy no-lazyload noLazy\" data-lazy-src=\"\" src =\"https:\/\/bobvarela.com\/wp-content\/flagallery\/kilian-kerner-spring-summer-2015\/ss-2015_fashion-week-berlin_de_kilian-kerner_47301.jpg\" alt=\"A model walks the runway at the Kilian Kerner show during the Mercedes-Benz Fashion Week Spring\/Summer 2015 at Erika Hess Eisstadion on July 8, 2014 in Berlin, Germany.\" \/><img class=\"skip-lazy no-lazyload noLazy\" data-lazy-src=\"\" src =\"https:\/\/bobvarela.com\/wp-content\/flagallery\/kilian-kerner-spring-summer-2015\/ss-2015_fashion-week-berlin_de_kilian-kerner_47302.jpg\" alt=\"A model walks the runway at the Kilian Kerner show during the Mercedes-Benz Fashion Week Spring\/Summer 2015 at Erika Hess Eisstadion on July 8, 2014 in Berlin, Germany.\" \/><img class=\"skip-lazy no-lazyload noLazy\" data-lazy-src=\"\" src =\"https:\/\/bobvarela.com\/wp-content\/flagallery\/kilian-kerner-spring-summer-2015\/ss-2015_fashion-week-berlin_de_kilian-kerner_47303.jpg\" alt=\"A model walks the runway at the Kilian Kerner show during the Mercedes-Benz Fashion Week Spring\/Summer 2015 at Erika Hess Eisstadion on July 8, 2014 in Berlin, Germany.\" \/><img class=\"skip-lazy no-lazyload noLazy\" data-lazy-src=\"\" src =\"https:\/\/bobvarela.com\/wp-content\/flagallery\/kilian-kerner-spring-summer-2015\/ss-2015_fashion-week-berlin_de_kilian-kerner_47304.jpg\" alt=\"BERLIN, GERMANY - JULY 08:  Model Julia Trainer walks the runway at the Kilian Kerner show during the Mercedes-Benz Fashion Week Spring\/Summer 2015 at Erika Hess Eisstadion on July 8, 2014 in Berlin, Germany.  (Photo by Peter Michael Dills\/Getty Images) *** Local Caption *** Julia Trainer\" \/><img class=\"skip-lazy no-lazyload noLazy\" data-lazy-src=\"\" src =\"https:\/\/bobvarela.com\/wp-content\/flagallery\/kilian-kerner-spring-summer-2015\/ss-2015_fashion-week-berlin_de_kilian-kerner_47305.jpg\" alt=\"A model walks the runway at the Kilian Kerner show during the Mercedes-Benz Fashion Week Spring\/Summer 2015 at Erika Hess Eisstadion on July 8, 2014 in Berlin, Germany.\" \/><img class=\"skip-lazy no-lazyload noLazy\" data-lazy-src=\"\" src =\"https:\/\/bobvarela.com\/wp-content\/flagallery\/kilian-kerner-spring-summer-2015\/ss-2015_fashion-week-berlin_de_kilian-kerner_47306.jpg\" alt=\"A model walks the runway at the Kilian Kerner show during the Mercedes-Benz Fashion Week Spring\/Summer 2015 at Erika Hess Eisstadion on July 8, 2014 in Berlin, Germany.\" \/><img class=\"skip-lazy no-lazyload noLazy\" data-lazy-src=\"\" src =\"https:\/\/bobvarela.com\/wp-content\/flagallery\/kilian-kerner-spring-summer-2015\/ss-2015_fashion-week-berlin_de_kilian-kerner_47307.jpg\" alt=\"A model walks the runway at the Kilian Kerner show during the Mercedes-Benz Fashion Week Spring\/Summer 2015 at Erika Hess Eisstadion on July 8, 2014 in Berlin, Germany.\" \/><img class=\"skip-lazy no-lazyload noLazy\" data-lazy-src=\"\" src =\"https:\/\/bobvarela.com\/wp-content\/flagallery\/kilian-kerner-spring-summer-2015\/ss-2015_fashion-week-berlin_de_kilian-kerner_47308.jpg\" alt=\"A model walks the runway at the Kilian Kerner show during the Mercedes-Benz Fashion Week Spring\/Summer 2015 at Erika Hess Eisstadion on July 8, 2014 in Berlin, Germany.\" \/><img class=\"skip-lazy no-lazyload noLazy\" data-lazy-src=\"\" src =\"https:\/\/bobvarela.com\/wp-content\/flagallery\/kilian-kerner-spring-summer-2015\/ss-2015_fashion-week-berlin_de_kilian-kerner_47309.jpg\" alt=\"A model walks the runway at the Kilian Kerner show during the Mercedes-Benz Fashion Week Spring\/Summer 2015 at Erika Hess Eisstadion on July 8, 2014 in Berlin, Germany.\" \/><img class=\"skip-lazy no-lazyload noLazy\" data-lazy-src=\"\" src =\"https:\/\/bobvarela.com\/wp-content\/flagallery\/kilian-kerner-spring-summer-2015\/ss-2015_fashion-week-berlin_de_kilian-kerner_47310.jpg\" alt=\"A model walks the runway at the Kilian Kerner show during the Mercedes-Benz Fashion Week Spring\/Summer 2015 at Erika Hess Eisstadion on July 8, 2014 in Berlin, Germany.\" \/><img class=\"skip-lazy no-lazyload noLazy\" data-lazy-src=\"\" src =\"https:\/\/bobvarela.com\/wp-content\/flagallery\/kilian-kerner-spring-summer-2015\/ss-2015_fashion-week-berlin_de_kilian-kerner_47311.jpg\" alt=\"A model walks the runway at the Kilian Kerner show during the Mercedes-Benz Fashion Week Spring\/Summer 2015 at Erika Hess Eisstadion on July 8, 2014 in Berlin, Germany.\" \/><img class=\"skip-lazy no-lazyload noLazy\" data-lazy-src=\"\" src =\"https:\/\/bobvarela.com\/wp-content\/flagallery\/kilian-kerner-spring-summer-2015\/ss-2015_fashion-week-berlin_de_kilian-kerner_47312.jpg\" alt=\"A model walks the runway at the Kilian Kerner show during the Mercedes-Benz Fashion Week Spring\/Summer 2015 at Erika Hess Eisstadion on July 8, 2014 in Berlin, Germany.\" \/><img class=\"skip-lazy no-lazyload noLazy\" data-lazy-src=\"\" src =\"https:\/\/bobvarela.com\/wp-content\/flagallery\/kilian-kerner-spring-summer-2015\/ss-2015_fashion-week-berlin_de_kilian-kerner_47313.jpg\" alt=\"A model walks the runway at the Kilian Kerner show during the Mercedes-Benz Fashion Week Spring\/Summer 2015 at Erika Hess Eisstadion on July 8, 2014 in Berlin, Germany.\" \/><img class=\"skip-lazy no-lazyload noLazy\" data-lazy-src=\"\" src =\"https:\/\/bobvarela.com\/wp-content\/flagallery\/kilian-kerner-spring-summer-2015\/ss-2015_fashion-week-berlin_de_kilian-kerner_47314.jpg\" alt=\"BERLIN, GERMANY - JULY 08:  Model Julia Trainer walks the runway at the Kilian Kerner show during the Mercedes-Benz Fashion Week Spring\/Summer 2015 at Erika Hess Eisstadion on July 8, 2014 in Berlin, Germany.  (Photo by Peter Michael Dills\/Getty Images) *** Local Caption *** Julia Trainer\" \/><img class=\"skip-lazy no-lazyload noLazy\" data-lazy-src=\"\" src =\"https:\/\/bobvarela.com\/wp-content\/flagallery\/kilian-kerner-spring-summer-2015\/ss-2015_fashion-week-berlin_de_kilian-kerner_47315.jpg\" alt=\"A model walks the runway at the Kilian Kerner show during the Mercedes-Benz Fashion Week Spring\/Summer 2015 at Erika Hess Eisstadion on July 8, 2014 in Berlin, Germany.\" \/><img class=\"skip-lazy no-lazyload noLazy\" data-lazy-src=\"\" src =\"https:\/\/bobvarela.com\/wp-content\/flagallery\/kilian-kerner-spring-summer-2015\/ss-2015_fashion-week-berlin_de_kilian-kerner_47316.jpg\" alt=\"A model walks the runway at the Kilian Kerner show during the Mercedes-Benz Fashion Week Spring\/Summer 2015 at Erika Hess Eisstadion on July 8, 2014 in Berlin, Germany.\" \/><img class=\"skip-lazy no-lazyload noLazy\" data-lazy-src=\"\" src =\"https:\/\/bobvarela.com\/wp-content\/flagallery\/kilian-kerner-spring-summer-2015\/ss-2015_fashion-week-berlin_de_kilian-kerner_47317.jpg\" alt=\"A model walks the runway at the Kilian Kerner show during the Mercedes-Benz Fashion Week Spring\/Summer 2015 at Erika Hess Eisstadion on July 8, 2014 in Berlin, Germany.\" \/><img class=\"skip-lazy no-lazyload noLazy\" data-lazy-src=\"\" src =\"https:\/\/bobvarela.com\/wp-content\/flagallery\/kilian-kerner-spring-summer-2015\/ss-2015_fashion-week-berlin_de_kilian-kerner_47318.jpg\" alt=\"A model walks the runway at the Kilian Kerner show during the Mercedes-Benz Fashion Week Spring\/Summer 2015 at Erika Hess Eisstadion on July 8, 2014 in Berlin, Germany.\" \/><img class=\"skip-lazy no-lazyload noLazy\" data-lazy-src=\"\" src =\"https:\/\/bobvarela.com\/wp-content\/flagallery\/kilian-kerner-spring-summer-2015\/ss-2015_fashion-week-berlin_de_kilian-kerner_47319.jpg\" alt=\"A model walks the runway at the Kilian Kerner show during the Mercedes-Benz Fashion Week Spring\/Summer 2015 at Erika Hess Eisstadion on July 8, 2014 in Berlin, Germany.\" \/><img class=\"skip-lazy no-lazyload noLazy\" data-lazy-src=\"\" src =\"https:\/\/bobvarela.com\/wp-content\/flagallery\/kilian-kerner-spring-summer-2015\/ss-2015_fashion-week-berlin_de_kilian-kerner_47320.jpg\" alt=\"A model walks the runway at the Kilian Kerner show during the Mercedes-Benz Fashion Week Spring\/Summer 2015 at Erika Hess Eisstadion on July 8, 2014 in Berlin, Germany.\" \/><img class=\"skip-lazy no-lazyload noLazy\" data-lazy-src=\"\" src =\"https:\/\/bobvarela.com\/wp-content\/flagallery\/kilian-kerner-spring-summer-2015\/ss-2015_fashion-week-berlin_de_kilian-kerner_47321.jpg\" alt=\"A model walks the runway at the Kilian Kerner show during the Mercedes-Benz Fashion Week Spring\/Summer 2015 at Erika Hess Eisstadion on July 8, 2014 in Berlin, Germany.\" \/><img class=\"skip-lazy no-lazyload noLazy\" data-lazy-src=\"\" src =\"https:\/\/bobvarela.com\/wp-content\/flagallery\/kilian-kerner-spring-summer-2015\/ss-2015_fashion-week-berlin_de_kilian-kerner_47322.jpg\" alt=\"A model walks the runway at the Kilian Kerner show during the Mercedes-Benz Fashion Week Spring\/Summer 2015 at Erika Hess Eisstadion on July 8, 2014 in Berlin, Germany.\" \/><img class=\"skip-lazy no-lazyload noLazy\" data-lazy-src=\"\" src =\"https:\/\/bobvarela.com\/wp-content\/flagallery\/kilian-kerner-spring-summer-2015\/ss-2015_fashion-week-berlin_de_kilian-kerner_47323.jpg\" alt=\"A model walks the runway at the Kilian Kerner show during the Mercedes-Benz Fashion Week Spring\/Summer 2015 at Erika Hess Eisstadion on July 8, 2014 in Berlin, Germany.\" \/><img class=\"skip-lazy no-lazyload noLazy\" data-lazy-src=\"\" src =\"https:\/\/bobvarela.com\/wp-content\/flagallery\/kilian-kerner-spring-summer-2015\/ss-2015_fashion-week-berlin_de_kilian-kerner_47324.jpg\" alt=\"A model walks the runway at the Kilian Kerner show during the Mercedes-Benz Fashion Week Spring\/Summer 2015 at Erika Hess Eisstadion on July 8, 2014 in Berlin, Germany.\" \/><img class=\"skip-lazy no-lazyload noLazy\" data-lazy-src=\"\" src =\"https:\/\/bobvarela.com\/wp-content\/flagallery\/kilian-kerner-spring-summer-2015\/ss-2015_fashion-week-berlin_de_kilian-kerner_47325.jpg\" alt=\"A model walks the runway at the Kilian Kerner show during the Mercedes-Benz Fashion Week Spring\/Summer 2015 at Erika Hess Eisstadion on July 8, 2014 in Berlin, Germany.\" \/><img class=\"skip-lazy no-lazyload noLazy\" data-lazy-src=\"\" src =\"https:\/\/bobvarela.com\/wp-content\/flagallery\/kilian-kerner-spring-summer-2015\/ss-2015_fashion-week-berlin_de_kilian-kerner_47326.jpg\" alt=\"A model walks the runway at the Kilian Kerner show during the Mercedes-Benz Fashion Week Spring\/Summer 2015 at Erika Hess Eisstadion on July 8, 2014 in Berlin, Germany.\" \/><img class=\"skip-lazy no-lazyload noLazy\" data-lazy-src=\"\" src =\"https:\/\/bobvarela.com\/wp-content\/flagallery\/kilian-kerner-spring-summer-2015\/ss-2015_fashion-week-berlin_de_kilian-kerner_47327.jpg\" alt=\"A model walks the runway at the Kilian Kerner show during the Mercedes-Benz Fashion Week Spring\/Summer 2015 at Erika Hess Eisstadion on July 8, 2014 in Berlin, Germany.\" \/><img class=\"skip-lazy no-lazyload noLazy\" data-lazy-src=\"\" src =\"https:\/\/bobvarela.com\/wp-content\/flagallery\/kilian-kerner-spring-summer-2015\/ss-2015_fashion-week-berlin_de_kilian-kerner_47328.jpg\" alt=\"A model walks the runway at the Kilian Kerner show during the Mercedes-Benz Fashion Week Spring\/Summer 2015 at Erika Hess Eisstadion on July 8, 2014 in Berlin, Germany.\" \/><img class=\"skip-lazy no-lazyload noLazy\" data-lazy-src=\"\" src =\"https:\/\/bobvarela.com\/wp-content\/flagallery\/kilian-kerner-spring-summer-2015\/ss-2015_fashion-week-berlin_de_kilian-kerner_47329.jpg\" alt=\"A model walks the runway at the Kilian Kerner show during the Mercedes-Benz Fashion Week Spring\/Summer 2015 at Erika Hess Eisstadion on July 8, 2014 in Berlin, Germany.\" \/><img class=\"skip-lazy no-lazyload noLazy\" data-lazy-src=\"\" src =\"https:\/\/bobvarela.com\/wp-content\/flagallery\/kilian-kerner-spring-summer-2015\/ss-2015_fashion-week-berlin_de_kilian-kerner_47330.jpg\" alt=\"A model walks the runway at the Kilian Kerner show during the Mercedes-Benz Fashion Week Spring\/Summer 2015 at Erika Hess Eisstadion on July 8, 2014 in Berlin, Germany.\" \/><img class=\"skip-lazy no-lazyload noLazy\" data-lazy-src=\"\" src =\"https:\/\/bobvarela.com\/wp-content\/flagallery\/kilian-kerner-spring-summer-2015\/ss-2015_fashion-week-berlin_de_kilian-kerner_47331.jpg\" alt=\"A model walks the runway at the Kilian Kerner show during the Mercedes-Benz Fashion Week Spring\/Summer 2015 at Erika Hess Eisstadion on July 8, 2014 in Berlin, Germany.\" \/><\/noscript><\/p>\n<p align=\"justify\">Photos Courtesy of MERCEDES-BENZ FASHION WEEK BERLIN<\/p>\n","protected":false},"excerpt":{"rendered":"<p>The growing success of past seasons has given Kilian Kerner the opportunity to gradually build and extend his label. The premium line KILIAN KERNER and the second line Kilian Kerner Senses are now retailed in 14 countries, in leading stores&hellip;<\/p>\n<p class=\"more-link-p\"><a class=\"more-link\" href=\"https:\/\/bobvarela.com\/?p=55691\">Read more &rarr;<\/a><\/p>\n","protected":false},"author":1,"featured_media":0,"comment_status":"open","ping_status":"open","sticky":false,"template":"","format":"standard","meta":{"ngg_post_thumbnail":0,"footnotes":""},"categories":[265,4],"tags":[],"class_list":["post-55691","post","type-post","status-publish","format-standard","hentry","category-mercedes-benz-fashion-week","category-moda"],"_links":{"self":[{"href":"https:\/\/bobvarela.com\/index.php?rest_route=\/wp\/v2\/posts\/55691","targetHints":{"allow":["GET"]}}],"collection":[{"href":"https:\/\/bobvarela.com\/index.php?rest_route=\/wp\/v2\/posts"}],"about":[{"href":"https:\/\/bobvarela.com\/index.php?rest_route=\/wp\/v2\/types\/post"}],"author":[{"embeddable":true,"href":"https:\/\/bobvarela.com\/index.php?rest_route=\/wp\/v2\/users\/1"}],"replies":[{"embeddable":true,"href":"https:\/\/bobvarela.com\/index.php?rest_route=%2Fwp%2Fv2%2Fcomments&post=55691"}],"version-history":[{"count":1,"href":"https:\/\/bobvarela.com\/index.php?rest_route=\/wp\/v2\/posts\/55691\/revisions"}],"predecessor-version":[{"id":55692,"href":"https:\/\/bobvarela.com\/index.php?rest_route=\/wp\/v2\/posts\/55691\/revisions\/55692"}],"wp:attachment":[{"href":"https:\/\/bobvarela.com\/index.php?rest_route=%2Fwp%2Fv2%2Fmedia&parent=55691"}],"wp:term":[{"taxonomy":"category","embeddable":true,"href":"https:\/\/bobvarela.com\/index.php?rest_route=%2Fwp%2Fv2%2Fcategories&post=55691"},{"taxonomy":"post_tag","embeddable":true,"href":"https:\/\/bobvarela.com\/index.php?rest_route=%2Fwp%2Fv2%2Ftags&post=55691"}],"curies":[{"name":"wp","href":"https:\/\/api.w.org\/{rel}","templated":true}]}}