{"id":55732,"date":"2014-07-15T18:09:17","date_gmt":"2014-07-15T22:09:17","guid":{"rendered":"https:\/\/bobvarela.com\/?p=55732"},"modified":"2014-07-15T18:09:18","modified_gmt":"2014-07-15T22:09:18","slug":"llega-el-primer-reality-show-puertorriqueo-dedicado-a-la-moda-revelacin-moda","status":"publish","type":"post","link":"https:\/\/bobvarela.com\/?p=55732","title":{"rendered":"Llega el primer &ldquo;reality show&rdquo; puertorrique&ntilde;o dedicado a la moda: Revelaci&oacute;n Moda"},"content":{"rendered":"<p align=\"center\"><font size=\"3\"><a href=\"https:\/\/bobvarela.com\/wp-content\/uploads\/2014\/07\/IMG_5867.jpg\"><img loading=\"lazy\" decoding=\"async\" title=\"IMG_5867\" style=\"border-top: 0px; border-right: 0px; background-image: none; border-bottom: 0px; padding-top: 0px; padding-left: 0px; border-left: 0px; display: inline; padding-right: 0px\" border=\"0\" alt=\"IMG_5867\" src=\"https:\/\/bobvarela.com\/wp-content\/uploads\/2014\/07\/IMG_5867_thumb.jpg\" width=\"352\" height=\"267\" \/><\/a><\/font><\/p>\n<p align=\"justify\"><font size=\"3\">El pr\u00f3ximo mes de agosto llega a la televisi\u00f3n boricua el \u201creality show\u201d <b>Revelaci\u00f3n Moda,<\/b> donde se buscar\u00e1 la nueva estrella del dise\u00f1o en Puerto Rico. <\/font><\/p>\n<p align=\"justify\"><font size=\"3\">El primer programa local dedicado completamente a la moda se trasmitir\u00e1 los domingos por Univisi\u00f3n Puerto Rico en horario estelar. <\/font><\/p>\n<p align=\"justify\"><font size=\"3\"><b><i>\u201cLa idea surge a ra\u00edz del inter\u00e9s de dise\u00f1adores nuevos que deseaban presentarse en la pasarela de San Juan Moda. De ah\u00ed decidimos crear un evento en colaboraci\u00f3n con el Hotel San Juan donde unido a el reality show con Univisi\u00f3n diera vida a esta nueva plataforma. De esta forma, encontrar esa nueva revelaci\u00f3n que se integra al selecto grupo de dise\u00f1adores de San Juan Moda\u201d<\/i><\/b><b>,<\/b> explic\u00f3 Carlos Berm\u00fadez presidente de <b>San Juan Moda<\/b>.<\/font><\/p>\n<p align=\"justify\"><font size=\"3\">Diez dise\u00f1adores enfrentar\u00e1n diferentes retos semanales en busca de ser la nueva estrella del dise\u00f1o en Puerto Rico. El ganador se presentar\u00e1 en la edici\u00f3n Primera Verano 2015 de <b>San Juan Moda<\/b>, que se llevar\u00e1 a cabo en el Hotel San Juan durante el mes de septiembre.<\/font><\/p>\n<p align=\"center\"><a href=\"https:\/\/bobvarela.com\/wp-content\/uploads\/2014\/07\/IMG_5849.jpg\"><img loading=\"lazy\" decoding=\"async\" title=\"IMG_5849\" style=\"border-top: 0px; border-right: 0px; background-image: none; border-bottom: 0px; padding-top: 0px; padding-left: 0px; border-left: 0px; display: inline; padding-right: 0px\" border=\"0\" alt=\"IMG_5849\" src=\"https:\/\/bobvarela.com\/wp-content\/uploads\/2014\/07\/IMG_5849_thumb.jpg\" width=\"400\" height=\"275\" \/><\/a><\/p>\n<p align=\"justify\"><font size=\"3\">La conducci\u00f3n del programa est\u00e1 a cargo de la reconocida Top Model y Miss Mundo de Puerto Rico 2009, Jennifer Col\u00f3n. Mientras un jurado compuesto por el dise\u00f1ador de modas, Rub\u00e9n Dar\u00edo, la editora de la revista Caras, Patricia de La Torre, y el relacionista p\u00fablico y productor de eventos de moda Julio N\u00fa\u00f1ez, ser\u00e1n responsables del proceso de eliminaci\u00f3n y encontrar la nueva revelaci\u00f3n de la moda.<\/font><\/p>\n<p align=\"justify\"><font size=\"3\">Durante el proceso, los dise\u00f1adores recibir\u00e1n consejos y mentor\u00eda de la legendaria y simp\u00e1tica Carlota Alfaro y la Fashion Stylist Claudia Madrid. El p\u00fablico podr\u00e1 mantenerse informado y ver material exclusivo backstage a trav\u00e9s de las redes sociales. Para esto, la producci\u00f3n prepara videos durante y luego de los retos con Mayra Matos y el estilista Juan Rodr\u00edguez, quienes presentar\u00e1n m\u00e1s a fondo las emociones vividas por los participantes. <\/font><\/p>\n<p align=\"justify\"><font size=\"3\"><b><i>\u201cEs un proyecto local, divertido, con un enfoque totalmente real que llega para ampliar la plataforma que ofrecemos en San Juan Moda. Agradecemos el apoyo de Univisi\u00f3n Puerto Rico en respaldar esta industria local y permitir que \u00e9stos 10 nuevos dise\u00f1adores se den a conocer \u201d<\/i><\/b>, agreg\u00f3 Carlos Berm\u00fadez presidente de San Juan Moda, primer evento de moda durante una semana completa que se celebra dos veces al a\u00f1o en el Hotel San Juan.<\/font><\/p>\n<p align=\"justify\"><font size=\"3\"><b><i>&quot;Univisi\u00f3n Puerto Rico sigue apoyando las producciones locales independientes y el talento local, esta vez con la transmisi\u00f3n de Revelaci\u00f3n Moda\u201d<\/i><\/b><b>,<\/b> afirm\u00f3 Luani Pellot, Directora de Programaci\u00f3n de la estaci\u00f3n.<\/font><\/p>\n<p align=\"center\"><a href=\"https:\/\/bobvarela.com\/wp-content\/uploads\/2014\/07\/cid_ii_hxnni5vk0_1473ba26f46a1d90.jpg\"><img loading=\"lazy\" decoding=\"async\" title=\"!cid_ii_hxnni5vk0_1473ba26f46a1d90\" style=\"border-top: 0px; border-right: 0px; background-image: none; border-bottom: 0px; padding-top: 0px; padding-left: 0px; border-left: 0px; display: inline; padding-right: 0px\" border=\"0\" alt=\"!cid_ii_hxnni5vk0_1473ba26f46a1d90\" src=\"https:\/\/bobvarela.com\/wp-content\/uploads\/2014\/07\/cid_ii_hxnni5vk0_1473ba26f46a1d90_thumb.jpg\" width=\"354\" height=\"235\" \/><\/a><\/p>\n<p align=\"justify\"><font size=\"3\">Las modelos que servir\u00e1n de gancho para los dise\u00f1adores de Revelaci\u00f3n Moda son de agencias de todas partes del pa\u00eds como Annjannette, Be a Model, Cromo, Element, G Models, Krone, Likuid, Mayra Matos, Model Creators, Optima y \u00danica by Desiree Lowry. El estilista Manolo Gonz\u00e1lez y su equipo de profesionales de MG Salon son los responsables del arreglo de todas las modelos. <\/font><\/p>\n<p align=\"justify\"><font size=\"3\"><b>Revelaci\u00f3n Moda<\/b> promete adentrarse al fascinante mundo de la moda, llev\u00e1ndole al p\u00fablico todo el glamour, emociones y tensiones que se viven en y detr\u00e1s de la pasarela.<\/font><\/p>\n<p align=\"justify\"><font size=\"3\">Los participantes son: Kelvin Giovannie, Orlando Figueroa, Emmanuel Acosta, Liz Charleene, Elda Samano, Wanda Beauchamp, Sulyvette D\u00edaz, Orlando Emmanuel, Javier Arnaldo, y Janice Emilia.<\/font><\/p>\n","protected":false},"excerpt":{"rendered":"<p>El pr\u00f3ximo mes de agosto llega a la televisi\u00f3n boricua el \u201creality show\u201d Revelaci\u00f3n Moda, donde se buscar\u00e1 la nueva estrella del dise\u00f1o en Puerto Rico. El primer programa local dedicado completamente a la moda se trasmitir\u00e1 los domingos por&hellip;<\/p>\n<p class=\"more-link-p\"><a class=\"more-link\" href=\"https:\/\/bobvarela.com\/?p=55732\">Read more &rarr;<\/a><\/p>\n","protected":false},"author":1,"featured_media":0,"comment_status":"open","ping_status":"open","sticky":false,"template":"","format":"standard","meta":{"ngg_post_thumbnail":0,"footnotes":""},"categories":[4,295],"tags":[],"class_list":["post-55732","post","type-post","status-publish","format-standard","hentry","category-moda","category-puerto-rico"],"_links":{"self":[{"href":"https:\/\/bobvarela.com\/index.php?rest_route=\/wp\/v2\/posts\/55732","targetHints":{"allow":["GET"]}}],"collection":[{"href":"https:\/\/bobvarela.com\/index.php?rest_route=\/wp\/v2\/posts"}],"about":[{"href":"https:\/\/bobvarela.com\/index.php?rest_route=\/wp\/v2\/types\/post"}],"author":[{"embeddable":true,"href":"https:\/\/bobvarela.com\/index.php?rest_route=\/wp\/v2\/users\/1"}],"replies":[{"embeddable":true,"href":"https:\/\/bobvarela.com\/index.php?rest_route=%2Fwp%2Fv2%2Fcomments&post=55732"}],"version-history":[{"count":1,"href":"https:\/\/bobvarela.com\/index.php?rest_route=\/wp\/v2\/posts\/55732\/revisions"}],"predecessor-version":[{"id":55733,"href":"https:\/\/bobvarela.com\/index.php?rest_route=\/wp\/v2\/posts\/55732\/revisions\/55733"}],"wp:attachment":[{"href":"https:\/\/bobvarela.com\/index.php?rest_route=%2Fwp%2Fv2%2Fmedia&parent=55732"}],"wp:term":[{"taxonomy":"category","embeddable":true,"href":"https:\/\/bobvarela.com\/index.php?rest_route=%2Fwp%2Fv2%2Fcategories&post=55732"},{"taxonomy":"post_tag","embeddable":true,"href":"https:\/\/bobvarela.com\/index.php?rest_route=%2Fwp%2Fv2%2Ftags&post=55732"}],"curies":[{"name":"wp","href":"https:\/\/api.w.org\/{rel}","templated":true}]}}