{"id":56896,"date":"2014-08-06T06:18:57","date_gmt":"2014-08-06T10:18:57","guid":{"rendered":"https:\/\/bobvarela.com\/?p=56896"},"modified":"2014-08-06T06:29:14","modified_gmt":"2014-08-06T10:29:14","slug":"modelos-puertorriqueas-rumbo-al-mercedes-benz-fashion-week-panam-2014enter-a-post-title","status":"publish","type":"post","link":"https:\/\/bobvarela.com\/?p=56896","title":{"rendered":"Modelos puertorrique&ntilde;as rumbo al Mercedes Benz Fashion Week Panam&aacute; 2014"},"content":{"rendered":"<p align=\"justify\"><a href=\"https:\/\/bobvarela.com\/wp-content\/uploads\/2014\/08\/10348356_778108612220241_3726234508478126605_n.jpg\"><img loading=\"lazy\" decoding=\"async\" title=\"10348356_778108612220241_3726234508478126605_n\" style=\"border-left-width: 0px; border-right-width: 0px; background-image: none; border-bottom-width: 0px; float: none; padding-top: 0px; padding-left: 0px; margin-left: auto; display: block; padding-right: 0px; border-top-width: 0px; margin-right: auto\" border=\"0\" alt=\"10348356_778108612220241_3726234508478126605_n\" src=\"https:\/\/bobvarela.com\/wp-content\/uploads\/2014\/08\/10348356_778108612220241_3726234508478126605_n_thumb.jpg\" width=\"239\" height=\"233\" \/><\/a><\/p>\n<p align=\"justify\"><a href=\"https:\/\/bobvarela.com\/wp-content\/uploads\/2014\/08\/CHRISTINA.jpg\"><img loading=\"lazy\" decoding=\"async\" title=\"CHRISTINA\" style=\"border-left-width: 0px; border-right-width: 0px; background-image: none; border-bottom-width: 0px; float: left; padding-top: 0px; padding-left: 0px; display: inline; padding-right: 0px; border-top-width: 0px\" border=\"0\" alt=\"CHRISTINA\" src=\"https:\/\/bobvarela.com\/wp-content\/uploads\/2014\/08\/CHRISTINA_thumb.jpg\" width=\"132\" align=\"left\" height=\"223\" \/><\/a><font size=\"3\">Puerto Rico estar\u00e1 representado, por segundo a\u00f1o consecutivo, en la nueva edici\u00f3n del Mercedes Benz Fashion Week Panam\u00e1 2014, que se llevar\u00e1 a cabo del 29 al 31 de octubre en el Centro de Convenciones Atlapa de Ciudad de Panam\u00e1. <\/font><\/p>\n<p align=\"justify\"><font size=\"3\">La Isla contar\u00e1 con la participaci\u00f3n de las modelos Tabatha S\u00e1nchez, Denalyn Cotto, Christina S\u00e1nchez y Alejandra C\u00f3rdova, procedentes de la Agencia de Modelos \u00d3ptima. Las j\u00f3venes fueron seleccionadas, recientemente, por la organizaci\u00f3n del evento para presentar importantes colecciones de dise\u00f1adores paname\u00f1os e internacionales. <\/font><\/p>\n<p align=\"justify\"><a href=\"https:\/\/bobvarela.com\/wp-content\/uploads\/2014\/08\/DENALYN.jpg\"><img loading=\"lazy\" decoding=\"async\" title=\"DENALYN\" style=\"border-left-width: 0px; border-right-width: 0px; background-image: none; border-bottom-width: 0px; float: right; padding-top: 0px; padding-left: 0px; display: inline; padding-right: 0px; border-top-width: 0px\" border=\"0\" alt=\"DENALYN\" src=\"https:\/\/bobvarela.com\/wp-content\/uploads\/2014\/08\/DENALYN_thumb.jpg\" width=\"131\" align=\"right\" height=\"201\" \/><\/a><font size=\"3\">La periodista y empresaria Yarimar Marrero, propietaria de \u00d3ptima Models, est\u00e1 a cargo de la coordinaci\u00f3n de las modelos puertorrique\u00f1as para este magno evento, que impulsa el talento de dise\u00f1adores latinoamericanos y marcas globales. \u201cEstamos muy honrados de participar nuevamente de esta producci\u00f3n, que por primera vez se realiza bajo el nombre del Mercedes Benz Fashion Week. Mi visi\u00f3n como agencia en Puerto Rico es que los <\/font><font size=\"3\">talentos se promuevan tambi\u00e9n fuera del pa\u00eds en plataformas como \u00e9stas que contribuyan al crecimiento y nuevas oportunidad en el exterior\u201d, enfatiz\u00f3 la empresaria.<\/font><\/p>\n<p align=\"justify\"><a href=\"https:\/\/bobvarela.com\/wp-content\/uploads\/2014\/08\/TABATHA.jpg\"><img loading=\"lazy\" decoding=\"async\" title=\"TABATHA\" style=\"border-left-width: 0px; border-right-width: 0px; background-image: none; border-bottom-width: 0px; float: left; padding-top: 0px; padding-left: 0px; display: inline; padding-right: 0px; border-top-width: 0px\" border=\"0\" alt=\"TABATHA\" src=\"https:\/\/bobvarela.com\/wp-content\/uploads\/2014\/08\/TABATHA_thumb.jpg\" width=\"131\" align=\"left\" height=\"223\" \/><\/a><font size=\"3\">La semana de la moda en Panam\u00e1 contar\u00e1 con propuestas internacionales como la del dise\u00f1ador mexicano Macario Jim\u00e9nez, reconocido por su trayectoria en la alta costura. Tambi\u00e9n se espera la participaci\u00f3n de Kris Goyri, quien recibi\u00f3 de la revista ELLE el premio al nuevo talento mexicano. Su trabajo ha sido publicado en las principales revistas de moda como ELLE, Bazaar, Vogue, Glamour, Infashion, Glow, Caras, NYLON, entre otras. Adem\u00e1s se espera la participaci\u00f3n de la dise\u00f1adora espa\u00f1ola Pilar Sainz y dise\u00f1adores de Colombia, Nicaragua y Venezuela. Lidia Minota, Helene Breebart, Anabelle Quintero, Vergara &amp; Vergara, Juan David V\u00e9lez, Michelle Nassar, Gladys Vallarino, Anna Francesca Blasser, Alessandra Grau, Paola Arguello, entre otros, son solo algunos de los dise\u00f1adores que participar\u00e1n en la plataforma oficial de la moda paname\u00f1a. <\/font><\/p>\n<p align=\"justify\"><font size=\"3\">A su llegada a Panam\u00e1 las puertorrique\u00f1as participar\u00e1n de actividades relacionadas al evento, conferencia de prensa y <\/font><a name=\"_GoBack\"><\/a><font size=\"3\">entrevistas con la prensa paname\u00f1a. Mercedes Benz Fashion Week Panam\u00e1, producido por Physical, es un evento que abre un sin fin de oportunidades, generando un espacio para destacados dise\u00f1adores y marcas, atrayendo a miles de visitantes y turistas de diferentes pa\u00edses para presenciar la creatividad y el buen gusto de la moda.<\/font><\/p>\n<p>Fotos: Eliezer Hern\u00e1ndez <\/p>\n<p>Maquillaje: Reyna Torres Makeup Artist<\/p>\n<p>Styling: Willito Rosado<\/p>\n<p>Vestuario: Chic Boutique<\/p>\n<p>Accesorios: Kamoli, EM by Elaine Moreira, Chic Boutique<\/p>\n","protected":false},"excerpt":{"rendered":"<p>Puerto Rico estar\u00e1 representado, por segundo a\u00f1o consecutivo, en la nueva edici\u00f3n del Mercedes Benz Fashion Week Panam\u00e1 2014, que se llevar\u00e1 a cabo del 29 al 31 de octubre en el Centro de Convenciones Atlapa de Ciudad de Panam\u00e1.&hellip;<\/p>\n<p class=\"more-link-p\"><a class=\"more-link\" href=\"https:\/\/bobvarela.com\/?p=56896\">Read more &rarr;<\/a><\/p>\n","protected":false},"author":1,"featured_media":0,"comment_status":"open","ping_status":"open","sticky":false,"template":"","format":"standard","meta":{"ngg_post_thumbnail":0,"footnotes":""},"categories":[4,480,295],"tags":[],"class_list":["post-56896","post","type-post","status-publish","format-standard","hentry","category-moda","category-panama","category-puerto-rico"],"_links":{"self":[{"href":"https:\/\/bobvarela.com\/index.php?rest_route=\/wp\/v2\/posts\/56896","targetHints":{"allow":["GET"]}}],"collection":[{"href":"https:\/\/bobvarela.com\/index.php?rest_route=\/wp\/v2\/posts"}],"about":[{"href":"https:\/\/bobvarela.com\/index.php?rest_route=\/wp\/v2\/types\/post"}],"author":[{"embeddable":true,"href":"https:\/\/bobvarela.com\/index.php?rest_route=\/wp\/v2\/users\/1"}],"replies":[{"embeddable":true,"href":"https:\/\/bobvarela.com\/index.php?rest_route=%2Fwp%2Fv2%2Fcomments&post=56896"}],"version-history":[{"count":3,"href":"https:\/\/bobvarela.com\/index.php?rest_route=\/wp\/v2\/posts\/56896\/revisions"}],"predecessor-version":[{"id":56899,"href":"https:\/\/bobvarela.com\/index.php?rest_route=\/wp\/v2\/posts\/56896\/revisions\/56899"}],"wp:attachment":[{"href":"https:\/\/bobvarela.com\/index.php?rest_route=%2Fwp%2Fv2%2Fmedia&parent=56896"}],"wp:term":[{"taxonomy":"category","embeddable":true,"href":"https:\/\/bobvarela.com\/index.php?rest_route=%2Fwp%2Fv2%2Fcategories&post=56896"},{"taxonomy":"post_tag","embeddable":true,"href":"https:\/\/bobvarela.com\/index.php?rest_route=%2Fwp%2Fv2%2Ftags&post=56896"}],"curies":[{"name":"wp","href":"https:\/\/api.w.org\/{rel}","templated":true}]}}