{"id":58648,"date":"2014-09-05T07:08:27","date_gmt":"2014-09-05T11:08:27","guid":{"rendered":"https:\/\/bobvarela.com\/?p=58648"},"modified":"2014-09-05T07:08:28","modified_gmt":"2014-09-05T11:08:28","slug":"david-antonio-espaa-en-mi-piel-el-desfile","status":"publish","type":"post","link":"https:\/\/bobvarela.com\/?p=58648","title":{"rendered":"David Antonio: ESPA&Ntilde;A EN MI PIEL    el desfile"},"content":{"rendered":"<p align=\"justify\"><font size=\"3\">El dise\u00f1ador puertorrique\u00f1o David Antonio celebro sus 30 a\u00f1os en la moda con <b>ESPA\u00d1A EN MI PIEL<\/b>, un colorido homenaje a uno de sus genios art\u00edsticos predilectos, el gran maestro catal\u00e1n Antonio Gaud\u00ed.<\/font><\/p>\n<p align=\"justify\"><font size=\"3\">El evento, <b>ESPA\u00d1A EN MI PIEL<\/b>, celebrado el 4 de septiembre en el Hotel Caribe Hilton, David Antonio expandio la propuesta en pasarela a una experiencia visual y culinaria que lleva a todo fashionista por un viaje imaginario tanto por la trayectoria del prol\u00edfero artista como por la magia de las distintas regiones del pa\u00eds que tanto lo ha inspirado en su carrera.<\/font><\/p>\n<p align=\"justify\"><font size=\"3\">Antonio Gaud\u00ed est\u00e1 muy presente en esta colecci\u00f3n, donde se destacan aspectos de su obra mediante cortes asim\u00e9tricos, estampados de avanzada, juguetonas ondulaciones en las telas, mosaicos contrastantes y exquisitas piezas en encaje que recuerdan el imponente bosque de columnas de la Sagrada Familia y los muros del Parque Guell.<\/font><\/p>\n<p align=\"center\"><a href=\"https:\/\/bobvarela.com\/wp-content\/uploads\/2014\/09\/IMG_1331.jpg\"><img loading=\"lazy\" decoding=\"async\" title=\"IMG_1331\" style=\"border-top: 0px; border-right: 0px; background-image: none; border-bottom: 0px; padding-top: 0px; padding-left: 0px; border-left: 0px; display: inline; padding-right: 0px\" border=\"0\" alt=\"IMG_1331\" src=\"https:\/\/bobvarela.com\/wp-content\/uploads\/2014\/09\/IMG_1331_thumb.jpg\" width=\"198\" height=\"134\" \/><\/a><a href=\"https:\/\/bobvarela.com\/wp-content\/uploads\/2014\/09\/IMG_1352.jpg\"><img loading=\"lazy\" decoding=\"async\" title=\"IMG_1352\" style=\"border-top: 0px; border-right: 0px; background-image: none; border-bottom: 0px; padding-top: 0px; padding-left: 0px; border-left: 0px; display: inline; padding-right: 0px\" border=\"0\" alt=\"IMG_1352\" src=\"https:\/\/bobvarela.com\/wp-content\/uploads\/2014\/09\/IMG_1352_thumb.jpg\" width=\"198\" height=\"134\" \/><\/a><a href=\"https:\/\/bobvarela.com\/wp-content\/uploads\/2014\/09\/IMG_1386.jpg\"><img loading=\"lazy\" decoding=\"async\" title=\"IMG_1386\" style=\"border-top: 0px; border-right: 0px; background-image: none; border-bottom: 0px; padding-top: 0px; padding-left: 0px; border-left: 0px; display: inline; padding-right: 0px\" border=\"0\" alt=\"IMG_1386\" src=\"https:\/\/bobvarela.com\/wp-content\/uploads\/2014\/09\/IMG_1386_thumb.jpg\" width=\"198\" height=\"134\" \/><\/a><\/p>\n<p align=\"justify\"><font size=\"3\">Por el car\u00e1cter imaginativo del estilo de David Antonio, tambi\u00e9n es muy f\u00e1cil transportarse a Barcelona y a Sitges, y recordar la fuerza expresiva de la Casa Vicens, la fachada en movimiento de La Perrera y la transparencia de las vidrieras de Bellesguard.<\/font><\/p>\n<p align=\"justify\"><font size=\"3\">\u201cSus construcciones son vibrantes tanto por el uso de color y movimiento como por el dominio de la combinaci\u00f3n de elementos y texturas como los mosaicos, los azulejos y el ladrillo,\u201d dijo David Antonio. \u201cSus edificaciones no son est\u00e1ticas ni r\u00edgidas, mas bien parece que en cualquier momento se despiertan, cobran vida y caminan\u2026y as\u00ed es esta colecci\u00f3n \u2013 &#8211; Fluida, arrojada, en constante movimiento.\u201d<\/font><\/p>\n<p align=\"justify\"><font size=\"3\">Los accesorios son de Sonia Bonilla y La Lilly de Lilly P\u00e9rez, maquillaje por Fernando Rodr\u00edguez de Vanity , peinados por Mike n Alis, y ambientaci\u00f3n por Akua The Lou<\/font><a name=\"_GoBack\"><\/a><font size=\"3\">nge.<\/font><\/p>\n<p align=\"justify\"><font size=\"3\">El evento fue&#160; a beneficio del Hogar Cuna San Cristobal.<\/font><\/p>\n<p align=\"justify\"><span style=\"font-size: medium; font-family: verdana\">ngg_shortcode_0_placeholder<\/span><\/p>\n","protected":false},"excerpt":{"rendered":"<p>El dise\u00f1ador puertorrique\u00f1o David Antonio celebro sus 30 a\u00f1os en la moda con ESPA\u00d1A EN MI PIEL, un colorido homenaje a uno de sus genios art\u00edsticos predilectos, el gran maestro catal\u00e1n Antonio Gaud\u00ed. El evento, ESPA\u00d1A EN MI PIEL, celebrado&hellip;<\/p>\n<p class=\"more-link-p\"><a class=\"more-link\" href=\"https:\/\/bobvarela.com\/?p=58648\">Read more &rarr;<\/a><\/p>\n","protected":false},"author":1,"featured_media":0,"comment_status":"open","ping_status":"open","sticky":false,"template":"","format":"standard","meta":{"ngg_post_thumbnail":0,"footnotes":""},"categories":[4,295],"tags":[],"class_list":["post-58648","post","type-post","status-publish","format-standard","hentry","category-moda","category-puerto-rico"],"_links":{"self":[{"href":"https:\/\/bobvarela.com\/index.php?rest_route=\/wp\/v2\/posts\/58648","targetHints":{"allow":["GET"]}}],"collection":[{"href":"https:\/\/bobvarela.com\/index.php?rest_route=\/wp\/v2\/posts"}],"about":[{"href":"https:\/\/bobvarela.com\/index.php?rest_route=\/wp\/v2\/types\/post"}],"author":[{"embeddable":true,"href":"https:\/\/bobvarela.com\/index.php?rest_route=\/wp\/v2\/users\/1"}],"replies":[{"embeddable":true,"href":"https:\/\/bobvarela.com\/index.php?rest_route=%2Fwp%2Fv2%2Fcomments&post=58648"}],"version-history":[{"count":1,"href":"https:\/\/bobvarela.com\/index.php?rest_route=\/wp\/v2\/posts\/58648\/revisions"}],"predecessor-version":[{"id":58649,"href":"https:\/\/bobvarela.com\/index.php?rest_route=\/wp\/v2\/posts\/58648\/revisions\/58649"}],"wp:attachment":[{"href":"https:\/\/bobvarela.com\/index.php?rest_route=%2Fwp%2Fv2%2Fmedia&parent=58648"}],"wp:term":[{"taxonomy":"category","embeddable":true,"href":"https:\/\/bobvarela.com\/index.php?rest_route=%2Fwp%2Fv2%2Fcategories&post=58648"},{"taxonomy":"post_tag","embeddable":true,"href":"https:\/\/bobvarela.com\/index.php?rest_route=%2Fwp%2Fv2%2Ftags&post=58648"}],"curies":[{"name":"wp","href":"https:\/\/api.w.org\/{rel}","templated":true}]}}