{"id":58654,"date":"2014-09-05T18:55:02","date_gmt":"2014-09-05T22:55:02","guid":{"rendered":"https:\/\/bobvarela.com\/?p=58654"},"modified":"2014-09-05T18:55:05","modified_gmt":"2014-09-05T22:55:05","slug":"se-le-dedica-la-semana-de-san-juan-moda-a-grace-fontecha","status":"publish","type":"post","link":"https:\/\/bobvarela.com\/?p=58654","title":{"rendered":"Se le dedica la semana de San Juan  Moda a Grace Fontecha"},"content":{"rendered":"<p align=\"center\"><a href=\"https:\/\/bobvarela.com\/wp-content\/uploads\/2014\/09\/cid_ii_hzq1gmhi0_14847bb91c7c5b68.jpg\"><img loading=\"lazy\" decoding=\"async\" title=\"!cid_ii_hzq1gmhi0_14847bb91c7c5b68\" style=\"border-top: 0px; border-right: 0px; background-image: none; border-bottom: 0px; padding-top: 0px; padding-left: 0px; border-left: 0px; display: inline; padding-right: 0px\" border=\"0\" alt=\"!cid_ii_hzq1gmhi0_14847bb91c7c5b68\" src=\"https:\/\/bobvarela.com\/wp-content\/uploads\/2014\/09\/cid_ii_hzq1gmhi0_14847bb91c7c5b68_thumb.jpg\" width=\"380\" height=\"249\" \/><\/a><\/p>\n<p align=\"justify\"><font size=\"3\">Con un tradicional corte de cinta realizado en la tarde de hoy, dio inicio a la semana de la moda en Puerto Rico, conocida como <b>San Juan Moda<\/b>. Del 6 al 13 de septiembre en el Hotel San Juan se presentaran colecciones de dise\u00f1adores locales e internacionales de alta costura, ready to wear y accesorios, incluyendo una alianza con Rep\u00fablica Dominicana. Esta tercera edici\u00f3n del evento se le dedica a la reconocida entrenadora de modelos y reinas de belleza, <b>Grace Fontecha<\/b>, por su aportaci\u00f3n a la industria del modelaje en Puerto Rico.<\/font><\/p>\n<p align=\"justify\"><font size=\"3\"><b><i>\u201cHemos querido reconocer la importante labor que ha hecho Grace por tantos a\u00f1os. Su aportaci\u00f3n a la industria ha sido palpable y abri\u00f3 puertas a las agencias de modelaje que hoy nos acompa\u00f1an. La calidad de las modelo es fundamental para un dise\u00f1ador y sus desfiles, en San Juan Moda queremos destacarlo\u201d<\/i><\/b><i>, <\/i>explic\u00f3 Carlos Berm\u00fadez, Presidente de <b>San Juan Moda<\/b><\/font><\/p>\n<p align=\"justify\"><font size=\"3\"><a href=\"https:\/\/bobvarela.com\/wp-content\/uploads\/2014\/09\/Grace_1.jpg\"><img loading=\"lazy\" decoding=\"async\" title=\"Grace_1\" style=\"border-top: 0px; border-right: 0px; background-image: none; border-bottom: 0px; float: left; padding-top: 0px; padding-left: 0px; border-left: 0px; display: inline; padding-right: 0px\" border=\"0\" alt=\"Grace_1\" src=\"https:\/\/bobvarela.com\/wp-content\/uploads\/2014\/09\/Grace_1_thumb.jpg\" width=\"170\" align=\"left\" height=\"207\" \/><\/a>Fontecha tuvo una importante trayectoria como modelo a finales de los a\u00f1os 70, protagonizando comerciales para reconocidas compa\u00f1\u00edas de belleza y maquillaje. Con m\u00e1s de treinta a\u00f1os de experiencia en la moda, Fue directora de importantes escuelas de modelaje en Puerto Rico como Barbizon y Fontecha models, siendo una de las pioneras en la preparaci\u00f3n de talentos para la industria. En la actualidad a Grace se le reconoce por haber preparado a las Miss Universo 2008 y 2009, Dayana Mendoza y Estefan\u00eda Fern\u00e1ndez. Adem\u00e1s prepar\u00f3 a Miss Universo 2014, Mar\u00eda Gabriela Isler y Alicia Machado en 1996. En Puerto Rico Grace ha preparado a las finalistas de Miss Universo Laurie Simpson, Alba Reyes y Cynthia Olavarr\u00eda, entre otras.<\/font><\/p>\n<p align=\"justify\"><font size=\"3\"><b><i>\u201cTenemos la visi\u00f3n que San Juan Moda debe ser una plataforma integral donde podamos desarrollar la industria en todos sus aspectos, incluyendo las modelos. Estamos realizando diferentes esfuerzos para resaltar la importancia de este campo y este reconocimiento sirve para reafirmar nuestro compromiso\u201d<\/i><\/b>, asegur\u00f3 Lemil Collazo, Director Creativo de <b>San Juan Moda<\/b>.<\/font><\/p>\n<p align=\"justify\"><font size=\"3\">Con esta edici\u00f3n de <b>San Juan Moda<\/b>, Puerto Rico se une al calendario internacional de moda presentando en septiembre las colecciones de Primavera Verano 2015.<\/font><\/p>\n<p align=\"justify\"><font size=\"3\">Durante la conferencia de prensa estuvo presente el gerente del Hotel San Juan, Olivier Maumaire, la directora de la Oficina de Turismo de la Rep\u00fablica Dominicana en Puerto Rico Lilliam Reyes y los dise\u00f1adores de San Juan Moda.<\/font><\/p>\n","protected":false},"excerpt":{"rendered":"<p>Con un tradicional corte de cinta realizado en la tarde de hoy, dio inicio a la semana de la moda en Puerto Rico, conocida como San Juan Moda. Del 6 al 13 de septiembre en el Hotel San Juan se&hellip;<\/p>\n<p class=\"more-link-p\"><a class=\"more-link\" href=\"https:\/\/bobvarela.com\/?p=58654\">Read more &rarr;<\/a><\/p>\n","protected":false},"author":1,"featured_media":0,"comment_status":"open","ping_status":"open","sticky":false,"template":"","format":"standard","meta":{"ngg_post_thumbnail":0,"footnotes":""},"categories":[4,295],"tags":[],"class_list":["post-58654","post","type-post","status-publish","format-standard","hentry","category-moda","category-puerto-rico"],"_links":{"self":[{"href":"https:\/\/bobvarela.com\/index.php?rest_route=\/wp\/v2\/posts\/58654","targetHints":{"allow":["GET"]}}],"collection":[{"href":"https:\/\/bobvarela.com\/index.php?rest_route=\/wp\/v2\/posts"}],"about":[{"href":"https:\/\/bobvarela.com\/index.php?rest_route=\/wp\/v2\/types\/post"}],"author":[{"embeddable":true,"href":"https:\/\/bobvarela.com\/index.php?rest_route=\/wp\/v2\/users\/1"}],"replies":[{"embeddable":true,"href":"https:\/\/bobvarela.com\/index.php?rest_route=%2Fwp%2Fv2%2Fcomments&post=58654"}],"version-history":[{"count":1,"href":"https:\/\/bobvarela.com\/index.php?rest_route=\/wp\/v2\/posts\/58654\/revisions"}],"predecessor-version":[{"id":58655,"href":"https:\/\/bobvarela.com\/index.php?rest_route=\/wp\/v2\/posts\/58654\/revisions\/58655"}],"wp:attachment":[{"href":"https:\/\/bobvarela.com\/index.php?rest_route=%2Fwp%2Fv2%2Fmedia&parent=58654"}],"wp:term":[{"taxonomy":"category","embeddable":true,"href":"https:\/\/bobvarela.com\/index.php?rest_route=%2Fwp%2Fv2%2Fcategories&post=58654"},{"taxonomy":"post_tag","embeddable":true,"href":"https:\/\/bobvarela.com\/index.php?rest_route=%2Fwp%2Fv2%2Ftags&post=58654"}],"curies":[{"name":"wp","href":"https:\/\/api.w.org\/{rel}","templated":true}]}}