{"id":59350,"date":"2014-09-09T06:53:59","date_gmt":"2014-09-09T10:53:59","guid":{"rendered":"https:\/\/bobvarela.com\/?p=59350"},"modified":"2014-09-09T06:54:00","modified_gmt":"2014-09-09T10:54:00","slug":"miguel-genao-primaveraverano-2015-en-san-juan-moda","status":"publish","type":"post","link":"https:\/\/bobvarela.com\/?p=59350","title":{"rendered":"Miguel Genao primavera&ndash;verano 2015 en San  Juan Moda"},"content":{"rendered":"<p align=\"justify\"><font size=\"3\">El Dise\u00f1ador Miguel Genao abri\u00f3 la tercera noche de San Juan Moda con su colecci\u00f3n primavera \u2013 verano 2015<\/font><\/p>\n<p align=\"justify\"><span style=\"font-size: medium; font-family: verdana\">ngg_shortcode_0_placeholder<\/span><\/p>\n","protected":false},"excerpt":{"rendered":"<p>El Dise\u00f1ador Miguel Genao abri\u00f3 la tercera noche de San Juan Moda con su colecci\u00f3n primavera \u2013 verano 2015<\/p>\n<p class=\"more-link-p\"><a class=\"more-link\" href=\"https:\/\/bobvarela.com\/?p=59350\">Read more &rarr;<\/a><\/p>\n","protected":false},"author":1,"featured_media":0,"comment_status":"open","ping_status":"open","sticky":false,"template":"","format":"standard","meta":{"ngg_post_thumbnail":0,"footnotes":""},"categories":[4,295],"tags":[],"class_list":["post-59350","post","type-post","status-publish","format-standard","hentry","category-moda","category-puerto-rico"],"_links":{"self":[{"href":"https:\/\/bobvarela.com\/index.php?rest_route=\/wp\/v2\/posts\/59350","targetHints":{"allow":["GET"]}}],"collection":[{"href":"https:\/\/bobvarela.com\/index.php?rest_route=\/wp\/v2\/posts"}],"about":[{"href":"https:\/\/bobvarela.com\/index.php?rest_route=\/wp\/v2\/types\/post"}],"author":[{"embeddable":true,"href":"https:\/\/bobvarela.com\/index.php?rest_route=\/wp\/v2\/users\/1"}],"replies":[{"embeddable":true,"href":"https:\/\/bobvarela.com\/index.php?rest_route=%2Fwp%2Fv2%2Fcomments&post=59350"}],"version-history":[{"count":1,"href":"https:\/\/bobvarela.com\/index.php?rest_route=\/wp\/v2\/posts\/59350\/revisions"}],"predecessor-version":[{"id":59351,"href":"https:\/\/bobvarela.com\/index.php?rest_route=\/wp\/v2\/posts\/59350\/revisions\/59351"}],"wp:attachment":[{"href":"https:\/\/bobvarela.com\/index.php?rest_route=%2Fwp%2Fv2%2Fmedia&parent=59350"}],"wp:term":[{"taxonomy":"category","embeddable":true,"href":"https:\/\/bobvarela.com\/index.php?rest_route=%2Fwp%2Fv2%2Fcategories&post=59350"},{"taxonomy":"post_tag","embeddable":true,"href":"https:\/\/bobvarela.com\/index.php?rest_route=%2Fwp%2Fv2%2Ftags&post=59350"}],"curies":[{"name":"wp","href":"https:\/\/api.w.org\/{rel}","templated":true}]}}