{"id":59810,"date":"2014-09-10T07:24:42","date_gmt":"2014-09-10T11:24:42","guid":{"rendered":"https:\/\/bobvarela.com\/?p=59810"},"modified":"2014-09-10T07:24:42","modified_gmt":"2014-09-10T11:24:42","slug":"san-juan-moda-crea-alianza-con-dominicana-moda","status":"publish","type":"post","link":"https:\/\/bobvarela.com\/?p=59810","title":{"rendered":"San Juan Moda crea alianza con Dominicana Moda"},"content":{"rendered":"<p align=\"center\"><a href=\"https:\/\/bobvarela.com\/wp-content\/uploads\/2014\/09\/cid_ii_hzvn4ke80_1485bebf3bd95feb.jpg\"><img loading=\"lazy\" decoding=\"async\" title=\"!cid_ii_hzvn4ke80_1485bebf3bd95feb\" style=\"border-top: 0px; border-right: 0px; background-image: none; border-bottom: 0px; padding-top: 0px; padding-left: 0px; border-left: 0px; display: inline; padding-right: 0px\" border=\"0\" alt=\"!cid_ii_hzvn4ke80_1485bebf3bd95feb\" src=\"https:\/\/bobvarela.com\/wp-content\/uploads\/2014\/09\/cid_ii_hzvn4ke80_1485bebf3bd95feb_thumb.jpg\" width=\"326\" height=\"223\" \/><\/a><\/p>\n<p align=\"justify\"><font size=\"3\">Con el fin de fortalecer la industria de la moda en la regi\u00f3n del caribe, Carlos Berm\u00fadez, presidente de <b>San Juan Moda<\/b>, y Socrate Mckinney, presidente de <b>Dominicana Moda<\/b>, anunciaron ayer una alianza entre ambos eventos en el que se comprometen dedicar un d\u00eda, uno al otro. De esta forma, San Juan Moda comenz\u00f3 presentando a los dise\u00f1adores Bernarda Morales, Miguel Genao y Lourdes Atencio en la edici\u00f3n que actualmente se lleva a cabo del 6 al 13 de septiembre en el Hotel San Juan. Mientras, en la pr\u00f3xima edici\u00f3n de Dominicana Moda que se llevara a cabo en octubre, se presentar\u00e1 el dise\u00f1ador puertorrique\u00f1o Harry Robles.<\/font><\/p>\n<p align=\"justify\"><font size=\"3\"><i><b>\u201cHemos encontrado en San Juan Moda el partner ideal para continuar el desarrollo de la moda en el Caribe. Empezaremos con el intercambio de dise\u00f1adores pero queremos que esta alianza nos lleve a compartir talentos y recursos en otras \u00e1reas de la industria\u201d<\/b><\/i>, expres\u00f3 Mckinney.<\/font><\/p>\n<p align=\"justify\"><font size=\"3\">Durante el anuncio estuvo presente la directora de la Oficina de Turismo de la Rep\u00fablica Dominicana en Puerto Rico Lilliam Reyes<\/font><\/p>\n","protected":false},"excerpt":{"rendered":"<p>Con el fin de fortalecer la industria de la moda en la regi\u00f3n del caribe, Carlos Berm\u00fadez, presidente de San Juan Moda, y Socrate Mckinney, presidente de Dominicana Moda, anunciaron ayer una alianza entre ambos eventos en el que se&hellip;<\/p>\n<p class=\"more-link-p\"><a class=\"more-link\" href=\"https:\/\/bobvarela.com\/?p=59810\">Read more &rarr;<\/a><\/p>\n","protected":false},"author":1,"featured_media":0,"comment_status":"open","ping_status":"open","sticky":false,"template":"","format":"standard","meta":{"ngg_post_thumbnail":0,"footnotes":""},"categories":[3,4,295],"tags":[],"class_list":["post-59810","post","type-post","status-publish","format-standard","hentry","category-actividades","category-moda","category-puerto-rico"],"_links":{"self":[{"href":"https:\/\/bobvarela.com\/index.php?rest_route=\/wp\/v2\/posts\/59810","targetHints":{"allow":["GET"]}}],"collection":[{"href":"https:\/\/bobvarela.com\/index.php?rest_route=\/wp\/v2\/posts"}],"about":[{"href":"https:\/\/bobvarela.com\/index.php?rest_route=\/wp\/v2\/types\/post"}],"author":[{"embeddable":true,"href":"https:\/\/bobvarela.com\/index.php?rest_route=\/wp\/v2\/users\/1"}],"replies":[{"embeddable":true,"href":"https:\/\/bobvarela.com\/index.php?rest_route=%2Fwp%2Fv2%2Fcomments&post=59810"}],"version-history":[{"count":1,"href":"https:\/\/bobvarela.com\/index.php?rest_route=\/wp\/v2\/posts\/59810\/revisions"}],"predecessor-version":[{"id":59811,"href":"https:\/\/bobvarela.com\/index.php?rest_route=\/wp\/v2\/posts\/59810\/revisions\/59811"}],"wp:attachment":[{"href":"https:\/\/bobvarela.com\/index.php?rest_route=%2Fwp%2Fv2%2Fmedia&parent=59810"}],"wp:term":[{"taxonomy":"category","embeddable":true,"href":"https:\/\/bobvarela.com\/index.php?rest_route=%2Fwp%2Fv2%2Fcategories&post=59810"},{"taxonomy":"post_tag","embeddable":true,"href":"https:\/\/bobvarela.com\/index.php?rest_route=%2Fwp%2Fv2%2Ftags&post=59810"}],"curies":[{"name":"wp","href":"https:\/\/api.w.org\/{rel}","templated":true}]}}