{"id":61191,"date":"2014-09-13T14:47:10","date_gmt":"2014-09-13T18:47:10","guid":{"rendered":"https:\/\/bobvarela.com\/?p=61191"},"modified":"2014-09-13T14:47:10","modified_gmt":"2014-09-13T18:47:10","slug":"jaer-caban-presento-su-coleccion-primavera-verano-2015","status":"publish","type":"post","link":"https:\/\/bobvarela.com\/?p=61191","title":{"rendered":"Jaer Caban presento su coleccion primavera verano 2015"},"content":{"rendered":"<p align=\"justify\"><font size=\"3\">Jaer Cabn presento su mas reciente coleccion primavera verano 2015 titulado&#160; FAUX FLORA en San Juan Moda.<\/font><\/p>\n<p align=\"center\"><a href=\"https:\/\/bobvarela.com\/wp-content\/uploads\/2014\/09\/IMG_3406.jpg\"><img loading=\"lazy\" decoding=\"async\" title=\"IMG_3406\" style=\"border-top: 0px; border-right: 0px; background-image: none; border-bottom: 0px; padding-top: 0px; padding-left: 0px; border-left: 0px; display: inline; padding-right: 0px\" border=\"0\" alt=\"IMG_3406\" src=\"https:\/\/bobvarela.com\/wp-content\/uploads\/2014\/09\/IMG_3406_thumb.jpg\" width=\"198\" height=\"134\" \/><\/a><a href=\"https:\/\/bobvarela.com\/wp-content\/uploads\/2014\/09\/IMG_3441.jpg\"><img loading=\"lazy\" decoding=\"async\" title=\"IMG_3441\" style=\"border-top: 0px; border-right: 0px; background-image: none; border-bottom: 0px; padding-top: 0px; padding-left: 0px; border-left: 0px; display: inline; padding-right: 0px\" border=\"0\" alt=\"IMG_3441\" src=\"https:\/\/bobvarela.com\/wp-content\/uploads\/2014\/09\/IMG_3441_thumb.jpg\" width=\"198\" height=\"134\" \/><\/a><a href=\"https:\/\/bobvarela.com\/wp-content\/uploads\/2014\/09\/IMG_3451.jpg\"><img loading=\"lazy\" decoding=\"async\" title=\"IMG_3451\" style=\"border-top: 0px; border-right: 0px; background-image: none; border-bottom: 0px; padding-top: 0px; padding-left: 0px; border-left: 0px; display: inline; padding-right: 0px\" border=\"0\" alt=\"IMG_3451\" src=\"https:\/\/bobvarela.com\/wp-content\/uploads\/2014\/09\/IMG_3451_thumb.jpg\" width=\"198\" height=\"134\" \/><\/a><\/p>\n<p align=\"justify\"><font size=\"3\">La premisa que inspir\u00f3 esta colecci\u00f3n se basa en un futuro sin vegetaci\u00f3n, contaminado y est\u00e9ril, donde las flores son s\u00f3lo cuentos de generaciones pasadas, o simples referencias dentro de libros y fotos hist\u00f3ricas, o incluso piezas y cenizas exhibidas en museos de f\u00f3siles florales. Dentro de dicho escenario, la flor queda vuelta memoria y la memoria se transforma en pura inspiraci\u00f3n art\u00edstica, que idealiza cada etapa de \u00e9sta: desde que brota como capullo hasta su marchitar, todo lo cual figura en los distintos cambios que componen la presente propuesta; ello mediante texturas logradas con p\u00e9talos cortados y aplicados minuciosamente a mano, construcciones que forman grandes flores, confeccionadas utilizando la t\u00e9cnica de plisado irregular, y cortes angulares y rectos, que contrastan la asimetr\u00eda org\u00e1nica de la naturaleza.<\/font><\/p>\n<p align=\"center\"><a href=\"https:\/\/bobvarela.com\/wp-content\/uploads\/2014\/09\/IMG_3480.jpg\"><img loading=\"lazy\" decoding=\"async\" title=\"IMG_3480\" style=\"border-top: 0px; border-right: 0px; background-image: none; border-bottom: 0px; padding-top: 0px; padding-left: 0px; border-left: 0px; display: inline; padding-right: 0px\" border=\"0\" alt=\"IMG_3480\" src=\"https:\/\/bobvarela.com\/wp-content\/uploads\/2014\/09\/IMG_3480_thumb.jpg\" width=\"292\" height=\"239\" \/><\/a><\/p>\n<p align=\"justify\"><font size=\"3\"> Tal visi\u00f3n de flora falsa o de &quot;faux flora&quot;, se complement\u00f3 adem\u00e1s con accesorios que incluyen m\u00e1scaras de gas, modernos guantes de jardiner\u00eda y cinturones en acr\u00edlico. Por su parte, la paleta de colores destac\u00f3 el blanco, magenta y fucsia, y el escogido de textiles incluy\u00f3 gazar y lana de seda, lino, canvas, y estampados llamativos, pintados a punta de pincel<\/font><\/p>\n<p align=\"left\"><span style=\"font-size: medium; font-family: verdana\">ngg_shortcode_0_placeholder<\/span><\/p>\n","protected":false},"excerpt":{"rendered":"<p>Jaer Cabn presento su mas reciente coleccion primavera verano 2015 titulado&#160; FAUX FLORA en San Juan Moda. La premisa que inspir\u00f3 esta colecci\u00f3n se basa en un futuro sin vegetaci\u00f3n, contaminado y est\u00e9ril, donde las flores son s\u00f3lo cuentos de&hellip;<\/p>\n<p class=\"more-link-p\"><a class=\"more-link\" href=\"https:\/\/bobvarela.com\/?p=61191\">Read more &rarr;<\/a><\/p>\n","protected":false},"author":1,"featured_media":0,"comment_status":"open","ping_status":"open","sticky":false,"template":"","format":"standard","meta":{"ngg_post_thumbnail":0,"footnotes":""},"categories":[4,295],"tags":[],"class_list":["post-61191","post","type-post","status-publish","format-standard","hentry","category-moda","category-puerto-rico"],"_links":{"self":[{"href":"https:\/\/bobvarela.com\/index.php?rest_route=\/wp\/v2\/posts\/61191","targetHints":{"allow":["GET"]}}],"collection":[{"href":"https:\/\/bobvarela.com\/index.php?rest_route=\/wp\/v2\/posts"}],"about":[{"href":"https:\/\/bobvarela.com\/index.php?rest_route=\/wp\/v2\/types\/post"}],"author":[{"embeddable":true,"href":"https:\/\/bobvarela.com\/index.php?rest_route=\/wp\/v2\/users\/1"}],"replies":[{"embeddable":true,"href":"https:\/\/bobvarela.com\/index.php?rest_route=%2Fwp%2Fv2%2Fcomments&post=61191"}],"version-history":[{"count":1,"href":"https:\/\/bobvarela.com\/index.php?rest_route=\/wp\/v2\/posts\/61191\/revisions"}],"predecessor-version":[{"id":61192,"href":"https:\/\/bobvarela.com\/index.php?rest_route=\/wp\/v2\/posts\/61191\/revisions\/61192"}],"wp:attachment":[{"href":"https:\/\/bobvarela.com\/index.php?rest_route=%2Fwp%2Fv2%2Fmedia&parent=61191"}],"wp:term":[{"taxonomy":"category","embeddable":true,"href":"https:\/\/bobvarela.com\/index.php?rest_route=%2Fwp%2Fv2%2Fcategories&post=61191"},{"taxonomy":"post_tag","embeddable":true,"href":"https:\/\/bobvarela.com\/index.php?rest_route=%2Fwp%2Fv2%2Ftags&post=61191"}],"curies":[{"name":"wp","href":"https:\/\/api.w.org\/{rel}","templated":true}]}}