{"id":61689,"date":"2014-09-15T21:46:36","date_gmt":"2014-09-16T01:46:36","guid":{"rendered":"https:\/\/bobvarela.com\/?p=61689"},"modified":"2014-09-15T21:46:36","modified_gmt":"2014-09-16T01:46:36","slug":"exitoso-debut-de-bienteveo-en-el-mar-en-san-juan-moda","status":"publish","type":"post","link":"https:\/\/bobvarela.com\/?p=61689","title":{"rendered":"Exitoso debut de Bienteveo en el Mar en San Juan Moda"},"content":{"rendered":"<p align=\"justify\"><font size=\"3\">El pasado 13 de septiembre de 2014 se present\u00f3 una peque\u00f1a colecci\u00f3n de la l\u00ednea de vestidos de ba\u00f1o Bienteveo en el Mar como apertura del desfile de Lisa Thon. Dise\u00f1ada por su hija Alexandra, quien desde su ni\u00f1ez descubri\u00f3 el valor y la pasi\u00f3n de lo que conlleva ser una dise\u00f1adora de modas. <\/font><\/p>\n<p align=\"justify\"><font size=\"3\">Inspirada en el mismo nombre de la l\u00ednea, un ave llamada Bienteveo o &quot;Vireo latimeri&quot;, como se le conoce cient\u00edficamente, se crearon unos estampados \u00fanicos que se pudieron apreciar en los bikinis y trikinis. Los colores que predominaron lo fue el negro, turquesa, citronelle y mandarina.<\/font><\/p>\n<p align=\"justify\"><font size=\"3\">\u201cSu cubierta interior hecha de material inteligente ofrece protecci\u00f3n a la piel ya que contienen en su textil algas marinas y vitamina E. Bienteveo en el Mar es una colecci\u00f3n de gran valor artesanal pues incluye tejidos manuales creativos que los distinguen\u201d nos comenta Alexandra. <\/font><\/p>\n<p align=\"justify\"><font size=\"3\">Bajo el mejor legado comienza a mostrar una l\u00ednea especial de vestidos de ba\u00f1o y ropa casual que lanzar\u00e1 al mercado local e internacional por Internet, las redes sociales y su p\u00e1gina web. El calzado exclusivo utilizado en el desfile de Novus, gafas Luxottica y el arreglo de cabello y maquillaje por Eridelma P\u00e9rez y Victor Alexis Hern\u00e1ndez.<\/font> <\/p>\n<p align=\"left\"><span style=\"font-size: medium; font-family: verdana\">ngg_shortcode_0_placeholder<\/span><\/p>\n","protected":false},"excerpt":{"rendered":"<p>El pasado 13 de septiembre de 2014 se present\u00f3 una peque\u00f1a colecci\u00f3n de la l\u00ednea de vestidos de ba\u00f1o Bienteveo en el Mar como apertura del desfile de Lisa Thon. Dise\u00f1ada por su hija Alexandra, quien desde su ni\u00f1ez descubri\u00f3&hellip;<\/p>\n<p class=\"more-link-p\"><a class=\"more-link\" href=\"https:\/\/bobvarela.com\/?p=61689\">Read more &rarr;<\/a><\/p>\n","protected":false},"author":1,"featured_media":0,"comment_status":"open","ping_status":"open","sticky":false,"template":"","format":"standard","meta":{"ngg_post_thumbnail":0,"footnotes":""},"categories":[4,295],"tags":[],"class_list":["post-61689","post","type-post","status-publish","format-standard","hentry","category-moda","category-puerto-rico"],"_links":{"self":[{"href":"https:\/\/bobvarela.com\/index.php?rest_route=\/wp\/v2\/posts\/61689","targetHints":{"allow":["GET"]}}],"collection":[{"href":"https:\/\/bobvarela.com\/index.php?rest_route=\/wp\/v2\/posts"}],"about":[{"href":"https:\/\/bobvarela.com\/index.php?rest_route=\/wp\/v2\/types\/post"}],"author":[{"embeddable":true,"href":"https:\/\/bobvarela.com\/index.php?rest_route=\/wp\/v2\/users\/1"}],"replies":[{"embeddable":true,"href":"https:\/\/bobvarela.com\/index.php?rest_route=%2Fwp%2Fv2%2Fcomments&post=61689"}],"version-history":[{"count":1,"href":"https:\/\/bobvarela.com\/index.php?rest_route=\/wp\/v2\/posts\/61689\/revisions"}],"predecessor-version":[{"id":61690,"href":"https:\/\/bobvarela.com\/index.php?rest_route=\/wp\/v2\/posts\/61689\/revisions\/61690"}],"wp:attachment":[{"href":"https:\/\/bobvarela.com\/index.php?rest_route=%2Fwp%2Fv2%2Fmedia&parent=61689"}],"wp:term":[{"taxonomy":"category","embeddable":true,"href":"https:\/\/bobvarela.com\/index.php?rest_route=%2Fwp%2Fv2%2Fcategories&post=61689"},{"taxonomy":"post_tag","embeddable":true,"href":"https:\/\/bobvarela.com\/index.php?rest_route=%2Fwp%2Fv2%2Ftags&post=61689"}],"curies":[{"name":"wp","href":"https:\/\/api.w.org\/{rel}","templated":true}]}}