{"id":61699,"date":"2014-09-16T19:41:07","date_gmt":"2014-09-16T23:41:07","guid":{"rendered":"https:\/\/bobvarela.com\/?p=61699"},"modified":"2014-09-16T19:41:08","modified_gmt":"2014-09-16T23:41:08","slug":"llega-a-plaza-las-amricas-primera-coleccin-comercial-diseada-y-confeccionada-en-puerto-rico","status":"publish","type":"post","link":"https:\/\/bobvarela.com\/?p=61699","title":{"rendered":"Llega a Plaza Las Am&eacute;ricas primera colecci&oacute;n comercial dise&ntilde;ada y confeccionada en Puerto Rico"},"content":{"rendered":"<p align=\"center\"><a href=\"https:\/\/bobvarela.com\/wp-content\/uploads\/2014\/09\/cid_image002_jpg01CFCDE9.jpg\"><img loading=\"lazy\" decoding=\"async\" title=\"!cid_image002_jpg@01CFCDE9\" style=\"border-top: 0px; border-right: 0px; background-image: none; border-bottom: 0px; padding-top: 0px; padding-left: 0px; border-left: 0px; display: inline; padding-right: 0px\" border=\"0\" alt=\"!cid_image002_jpg@01CFCDE9\" src=\"https:\/\/bobvarela.com\/wp-content\/uploads\/2014\/09\/cid_image002_jpg01CFCDE9_thumb.jpg\" width=\"466\" height=\"308\" \/><\/a><\/p>\n<blockquote>\n<p align=\"justify\"><em><b>(izq. a der.) Jaime Fonalledas, presidente de Empresas Fonalledas; Alberto Bac\u00f3 Bagu\u00e9, secretario del Departamento de Desarrollo Econ\u00f3mico; <\/b><b>Francisco Ch\u00e9vere, director ejecutivo de la CCE, la dise\u00f1adora Lisa Thon&#160; y la Primera Dama, Wilma Pastrana.<\/b><\/em><\/p>\n<\/blockquote>\n<p align=\"justify\"><font size=\"3\">Con la apertura <\/font><a name=\"_GoBack\"><\/a><font size=\"3\">en Plaza Las Am\u00e9ricas de la primera tienda de ropa dise\u00f1ada y confeccionada en Puerto Rico se presenta de forma hist\u00f3rica y tangible la estrategia elaborada por el Gobierno, a trav\u00e9s de la Compa\u00f1\u00eda de Comercio y Exportaci\u00f3n (CCE), para potenciar el sector de la moda y el dise\u00f1o como uno de desarrollo empresarial y econ\u00f3mico. La tienda, que se conocer\u00e1 bajo el nombre<b> P.ERE<\/b>, se encuentra en el segundo nivel de Plaza Las Am\u00e9ricas y contiene la primera colecci\u00f3n comercial desarrollada en la Isla para la venta al detal.<\/font><\/p>\n<p align=\"justify\"><font size=\"3\">La marca <b>P.ERE<\/b> presenta una colecci\u00f3n diversa, centrada en la mujer y compuesta por dise\u00f1os <i>ready to wear. <\/i>Esta primera colecci\u00f3n fue creada por los dise\u00f1adores puertorrique\u00f1os <i>Lisa Thon, Jaer Cab\u00e1n, Yanira Maldonado, Tatzy, Richard Cotto, Andr\u00e9s Gonz\u00e1lez, Norma Dom\u00ednguez, Wilberto P\u00e9rez y \u00c1mbar S\u00e1nchez<\/i>.<b> <\/b>La misma tambi\u00e9n incluye una l\u00ednea de accesorios creados por<b> <\/b><i>Ivelisse Nieves.<\/i><b> P.ERE<\/b> presenta dise\u00f1os \u00fanicos, creados por el grupo de dise\u00f1adores para este sello, los cuales son reflejo de la inspiraci\u00f3n de cada uno de ellos. <\/font><\/p>\n<p align=\"center\"><font size=\"3\"><a href=\"https:\/\/bobvarela.com\/wp-content\/uploads\/2014\/09\/cid_image006_jpg01CFCDE9.jpg\"><img loading=\"lazy\" decoding=\"async\" title=\"!cid_image006_jpg@01CFCDE9\" style=\"border-top: 0px; border-right: 0px; background-image: none; border-bottom: 0px; padding-top: 0px; padding-left: 0px; border-left: 0px; display: inline; padding-right: 0px\" border=\"0\" alt=\"!cid_image006_jpg@01CFCDE9\" src=\"https:\/\/bobvarela.com\/wp-content\/uploads\/2014\/09\/cid_image006_jpg01CFCDE9_thumb.jpg\" width=\"424\" height=\"298\" \/><\/a><\/font><\/p>\n<blockquote>\n<p align=\"center\"><b><em>El dise\u00f1ador Jaer Cab\u00e1n, durante la apertura de la tienda P.ERE presenta la colecci\u00f3n que cre\u00f3 para esta primera l\u00ednea comercial de Puerto Rico.<\/em><\/b><\/p>\n<\/blockquote>\n<p align=\"justify\"><font size=\"3\">\u201cHoy hacemos historia en el desarrollo econ\u00f3mico del sector de la moda y el dise\u00f1o en Puerto Rico al lograr crear la primera colecci\u00f3n comercial para la venta al detal e inaugurar la primera tienda de la colecci\u00f3n en el centro comercial m\u00e1s importante de la Isla y el Caribe, Plaza Las Am\u00e9ricas\u201d, revel\u00f3 el director ejecutivo de la Compa\u00f1\u00eda de Comercio y Exportaci\u00f3n, Francisco Ch\u00e9vere. <\/font><\/p>\n<p align=\"justify\"><font size=\"3\">\u201cEste espacio comercial en Plaza Las Am\u00e9ricas, para <b>la marca de la moda en Puerto Rico: P.ERE, <\/b>ofrece una vitrina \u00fanica para mostrar el talento de estos emprendedores puertorrique\u00f1os al permitirnos exponer ante miles de visitantes, que incluyen no solo consumidores locales sino tambi\u00e9n turistas y personas de negocios del exterior, el potencial de Puerto Rico como destino de creaci\u00f3n de moda y dise\u00f1o\u201d, a\u00f1adi\u00f3 Ch\u00e9vere.<\/font><\/p>\n<p align=\"justify\"><font size=\"3\">\u201cEl Gobierno de Puerto Rico reconoce y agradece el gran apoyo que el presidente de Empresas Fonalledas, Jaime Fonalledas y su equipo de trabajo ha brindado a este esfuerzo. Desde el primer acercamiento para presentar el proyecto, creyeron en el mismo y nos facilitaron la oportunidad de contar con un espacio en Plaza Las Am\u00e9ricas. Cabe destacar, que hasta el d\u00eda de hoy hemos contado con la colaboraci\u00f3n de todo el equipo de Plaza Las Am\u00e9ricas para hacer de esta iniciativa empresarial una realidad. Sin lugar a duda, toda asistencia recibida tendr\u00e1 un impacto fundamental tanto en el \u00e9xito inmediato de la iniciativa <b>P.ERE<\/b> como en su desarrollo y expansi\u00f3n\u201d, expres\u00f3 el Titular de la CCE.<\/font><\/p>\n<p align=\"center\"><a href=\"https:\/\/bobvarela.com\/wp-content\/uploads\/2014\/09\/cid_image008_jpg01CFCDEE.jpg\"><img loading=\"lazy\" decoding=\"async\" title=\"!cid_image008_jpg@01CFCDEE\" style=\"border-top: 0px; border-right: 0px; background-image: none; border-bottom: 0px; padding-top: 0px; padding-left: 0px; border-left: 0px; display: inline; padding-right: 0px\" border=\"0\" alt=\"!cid_image008_jpg@01CFCDEE\" src=\"https:\/\/bobvarela.com\/wp-content\/uploads\/2014\/09\/cid_image008_jpg01CFCDEE_thumb.jpg\" width=\"396\" height=\"289\" \/><\/a><\/p>\n<blockquote>\n<p align=\"center\"><em>La Primera Dama de Puerto Rico, Wilma Pastrana aprecia la colecci\u00f3n de la dise\u00f1adora Lisa Thon durante la apertura de la tienda P.ERE, en el 2do Nivel de Plaza Las Am\u00e9ricas.<\/em><\/p>\n<\/blockquote>\n<p align=\"justify\"><font size=\"3\">Este primer establecimiento de venta de la colecci\u00f3n<b> P.ERE<\/b> operar\u00e1 bajo el concepto de tienda \u201cpop up\u201d, lo que es un modelo de tienda temporal, com\u00fanmente utilizado en la industria. Ello permitir\u00e1 establecer presencia en el mercado durante un periodo de tres meses, tiempo durante el cual se validar\u00e1 el potencial de la colecci\u00f3n. <\/font><\/p>\n<p align=\"justify\"><font size=\"3\">\u201cEn la tienda se expondr\u00e1 al p\u00fablico consumidor el valor del producto puertorrique\u00f1o. Ser\u00e1 un lugar donde se presente la calidad de las prendas y complementos puertorrique\u00f1os; y donde adem\u00e1s se reflejar\u00e1 el trabajo colaborativo entre los mejores dise\u00f1adores y f\u00e1bricas de la aguja local. As\u00ed tambi\u00e9n, con el objetivo de maximizar la enorme oportunidad que ofrece el tener presencia en Plaza Las Am\u00e9ricas, a este esfuerzo se suma la iniciativa de proveer en el mismo espacio informaci\u00f3n sobre la diversidad de oportunidades de negocios relacionadas a las industrias creativas y al empresarismo. El impulso a las industrias creativas como motor de crecimiento a trav\u00e9s del sector empresarial es parte integral de nuestra estrategia para lograr la transformaci\u00f3n econ\u00f3mica que Puerto Rico necesita\u201d, indic\u00f3 por su parte Alberto Bac\u00f3 Bagu\u00e9, secretario del Departamento de Desarrollo Econ\u00f3mico y Comercio. La tienda incluir\u00e1 como parte de su oferta camisetas con un dise\u00f1o especial que plasman diferentes ideas de negocios, con el fin de promover el desarrollo de nuevas peque\u00f1as y medianas empresas.<\/font><\/p>\n<p align=\"center\"><font size=\"3\"><a href=\"https:\/\/bobvarela.com\/wp-content\/uploads\/2014\/09\/cid_image009_jpg01CFCDEE.jpg\"><img loading=\"lazy\" decoding=\"async\" title=\"!cid_image009_jpg@01CFCDEE\" style=\"border-top: 0px; border-right: 0px; background-image: none; border-bottom: 0px; padding-top: 0px; padding-left: 0px; border-left: 0px; display: inline; padding-right: 0px\" border=\"0\" alt=\"!cid_image009_jpg@01CFCDEE\" src=\"https:\/\/bobvarela.com\/wp-content\/uploads\/2014\/09\/cid_image009_jpg01CFCDEE_thumb.jpg\" width=\"452\" height=\"346\" \/><\/a><\/font><\/p>\n<blockquote>\n<p align=\"center\"><b>Ambar S\u00e1nchez, joven dise\u00f1adora quien tambi\u00e9n forma parte del grupo P.ERE, junto a su colecci\u00f3n en la tienda de dicha marca que ya abri\u00f3 sus puertas en el 2do Nivel de Plaza Las Am\u00e9ricas.<\/b><\/p>\n<\/blockquote>\n<p align=\"justify\"><font size=\"3\">Ch\u00e9vere indic\u00f3 que el Gobierno est\u00e1 confiado en que el sector del dise\u00f1o y la moda pueda ser uno de mayor impacto econ\u00f3mico para Puerto Rico. Por tal motivo, la CCE desarroll\u00f3 este proyecto, el cual cuenta con grandes talentos de nuestra Isla, dise\u00f1adores ya probados en la industria, as\u00ed como noveles con un gran potencial de crecimiento. Adem\u00e1s, mediante este esfuerzo se busca impulsar que los dise\u00f1adores utilicen las f\u00e1bricas de la aguja local para la confecci\u00f3n de sus dise\u00f1os; lo que a su vez les otorgar\u00e1 capacidad de producci\u00f3n para crecer como empresarios, a trav\u00e9s de la generaci\u00f3n de l\u00edneas comerciales. En esta ocasi\u00f3n, la confecci\u00f3n de la colecci\u00f3n <b>P.ERE<\/b> se realiz\u00f3 en la f\u00e1brica The Fashion Group de la empresaria puertorrique\u00f1a Aixa Barzaga.<\/font><\/p>\n<p align=\"justify\"><font size=\"3\">\u201cEl dise\u00f1o y la moda, como industria creativa, constituyen un componente cada vez m\u00e1s importante en las econom\u00edas basadas en el conocimiento. Gobiernos de todo el mundo han comenzado a reconocer este hecho y han estado desarrollando pol\u00edticas espec\u00edficas para la promoci\u00f3n de esta industria. Por tal motivo, nos dimos a la tarea de identificar varios elementos para desarrollar una estrategia que nos permitiera apostar a este sector como uno generador de desarrollo econ\u00f3mico. Puerto Rico no pod\u00eda ser la excepci\u00f3n, y m\u00e1s a\u00fan cuando contamos con un excelente talento creativo\u201d, puntualiz\u00f3 el Director Ejecutivo de CCE.<\/font><\/p>\n","protected":false},"excerpt":{"rendered":"<p>(izq. a der.) Jaime Fonalledas, presidente de Empresas Fonalledas; Alberto Bac\u00f3 Bagu\u00e9, secretario del Departamento de Desarrollo Econ\u00f3mico; Francisco Ch\u00e9vere, director ejecutivo de la CCE, la dise\u00f1adora Lisa Thon&#160; y la Primera Dama, Wilma Pastrana. Con la apertura en Plaza&hellip;<\/p>\n<p class=\"more-link-p\"><a class=\"more-link\" href=\"https:\/\/bobvarela.com\/?p=61699\">Read more &rarr;<\/a><\/p>\n","protected":false},"author":1,"featured_media":0,"comment_status":"open","ping_status":"open","sticky":false,"template":"","format":"standard","meta":{"ngg_post_thumbnail":0,"footnotes":""},"categories":[4,295],"tags":[],"class_list":["post-61699","post","type-post","status-publish","format-standard","hentry","category-moda","category-puerto-rico"],"_links":{"self":[{"href":"https:\/\/bobvarela.com\/index.php?rest_route=\/wp\/v2\/posts\/61699","targetHints":{"allow":["GET"]}}],"collection":[{"href":"https:\/\/bobvarela.com\/index.php?rest_route=\/wp\/v2\/posts"}],"about":[{"href":"https:\/\/bobvarela.com\/index.php?rest_route=\/wp\/v2\/types\/post"}],"author":[{"embeddable":true,"href":"https:\/\/bobvarela.com\/index.php?rest_route=\/wp\/v2\/users\/1"}],"replies":[{"embeddable":true,"href":"https:\/\/bobvarela.com\/index.php?rest_route=%2Fwp%2Fv2%2Fcomments&post=61699"}],"version-history":[{"count":1,"href":"https:\/\/bobvarela.com\/index.php?rest_route=\/wp\/v2\/posts\/61699\/revisions"}],"predecessor-version":[{"id":61700,"href":"https:\/\/bobvarela.com\/index.php?rest_route=\/wp\/v2\/posts\/61699\/revisions\/61700"}],"wp:attachment":[{"href":"https:\/\/bobvarela.com\/index.php?rest_route=%2Fwp%2Fv2%2Fmedia&parent=61699"}],"wp:term":[{"taxonomy":"category","embeddable":true,"href":"https:\/\/bobvarela.com\/index.php?rest_route=%2Fwp%2Fv2%2Fcategories&post=61699"},{"taxonomy":"post_tag","embeddable":true,"href":"https:\/\/bobvarela.com\/index.php?rest_route=%2Fwp%2Fv2%2Ftags&post=61699"}],"curies":[{"name":"wp","href":"https:\/\/api.w.org\/{rel}","templated":true}]}}