{"id":62041,"date":"2014-09-22T20:22:41","date_gmt":"2014-09-23T00:22:41","guid":{"rendered":"https:\/\/bobvarela.com\/?p=62041"},"modified":"2014-09-22T20:24:08","modified_gmt":"2014-09-23T00:24:08","slug":"pasa-a-la-semifinal-el-concursante-de-mster-puerto-rico-2015-lenny-armando-lpez","status":"publish","type":"post","link":"https:\/\/bobvarela.com\/?p=62041","title":{"rendered":"Pasa a la semifinal el concursante Lenny Armando L&oacute;pez en el M&iacute;ster Puerto Rico 2015"},"content":{"rendered":"<p align=\"justify\"><font size=\"3\">El candidato al concurso de belleza masculina M\u00edster Puerto Rico 2015, Lenny Armando L\u00f3pez, pas\u00f3 a la semifinal del certamen al obtener el primer lugar en las competencias de rendimiento f\u00edsico realizadas el pasado s\u00e1bado, 20 de septiembre, en las instalaciones del LIV Fitness Club en Guaynabo.<\/font><\/p>\n<p align=\"justify\"><font size=\"3\">Lenny Armando L\u00f3pez, de 26 a\u00f1os de edad, sobrepas\u00f3 a sus compa\u00f1eros competidores en la serie de ejercicios tipo \u201ccrossfit\u201d por demostrar mayor resistencia cardiorrespiratoria y muscular, flexibilidad, potencia, coordinaci\u00f3n, equilibrio, fuerza, precisi\u00f3n, agilidad, y velocidad. El segundo lugar de esta competencia de rendimiento f\u00edsico recay\u00f3 en el concursante Jos\u00e9 E. Matos, en tercer lugar Edjosu\u00e9 Alvarez, en cuarto lugar Dario Espiet, y en quinto lugar Fernando Pis. <\/font><\/p>\n<p align=\"justify\"><font size=\"3\">De acuerdo al Personal Trainer de LIV Fitness Club Amaury Doble, esta competencia f\u00edsica consisti\u00f3 de una serie de ejercicios intensos que son parte de una nueva modalidad de acondicionamiento metab\u00f3lico llamada Metcon X3. El Personal Trainer indic\u00f3 que los candidatos al concurso de M\u00edster Puerto Rico fueron rigurosamente evaluados por su ejecuci\u00f3n en este entrenamiento de alta intensidad f\u00edsica donde se trabaja la mayor parte de los grupos musculares aplicando resistencia por intervalos de tiempo para desarrollar la potencia muscular y acondicionamiento cardiovascular.<\/font><\/p>\n<p align=\"justify\"><font size=\"3\">Por su parte, el presidente de M\u00edster Puerto Rico, Miguel Deliz, indic\u00f3 que desde hace varias semanas los candidatos al concurso llevan entrenando intensamente para esta mini competencia por significar \u201cun boleto de entrada\u201d al grupo de semifinalistas del certamen. \u201cA pesar de que todos hicieron un buen trabajo, el equipo de jueces de LIV Fitness Club tuvo que seleccionar a un solo candidato para calificar al grupo de semifinalistas. Sin embargo, habr\u00e1n otras competencias previas a la noche final del concurso en las cuales los dem\u00e1s candidatos tendr\u00e1n tambi\u00e9n la oportunidad de pasar a formar parte del grupo de semifinalistas\u201d, a\u00f1adi\u00f3 Deliz. <\/font><\/p>\n<p align=\"justify\"><font size=\"3\">El<b> <\/b>concurso<b> \u201cMISTER PUERTO RICO 2015\u201d <\/b>ser\u00e1<b> <\/b>el mayor evento de moda y belleza masculina de nuestro pa\u00eds en donde se escoger\u00e1 al hombre m\u00e1s apuesto y elegante de Puerto Rico el domingo, <b>5 <\/b>de<b> octubre <\/b>de<b> 2014<\/b>, a las 6:30pm en el Museo de Arte de Puerto Rico en Santurce. El candidato elegido representar\u00e1 a la Isla en la competencia masculina de mayor prestigio mundial, <b>M\u00edster International<\/b> en el 2015.<\/font><\/p>\n<p><b><\/b><\/p>\n<p><a href=\"https:\/\/bobvarela.com\/wp-content\/uploads\/2014\/09\/image.png\"><img loading=\"lazy\" decoding=\"async\" title=\"image\" style=\"border-top: 0px; border-right: 0px; background-image: none; border-bottom: 0px; float: none; padding-top: 0px; padding-left: 0px; margin-left: auto; border-left: 0px; display: block; padding-right: 0px; margin-right: auto\" border=\"0\" alt=\"image\" src=\"https:\/\/bobvarela.com\/wp-content\/uploads\/2014\/09\/image_thumb.png\" width=\"521\" height=\"381\" \/><\/a><\/p>\n<p align=\"justify\"><font size=\"3\">De izquierda a derecha: Edjosu\u00e9 Alvarez, tercer lugar; Lenny Armando L\u00f3pez, primer lugar; y Jos\u00e9 E. Matos, segundo lugar.<\/font> <\/p>\n<p align=\"center\"><a href=\"https:\/\/bobvarela.com\/wp-content\/uploads\/2014\/09\/image1.png\"><img loading=\"lazy\" decoding=\"async\" title=\"image\" style=\"border-top: 0px; border-right: 0px; background-image: none; border-bottom: 0px; padding-top: 0px; padding-left: 0px; border-left: 0px; display: inline; padding-right: 0px\" border=\"0\" alt=\"image\" src=\"https:\/\/bobvarela.com\/wp-content\/uploads\/2014\/09\/image_thumb1.png\" width=\"490\" height=\"353\" \/><\/a><\/p>\n<p><font size=\"3\"><em>De izquierda a derecha: Dario Espiet, cuarto lugar; Fernando Pis, quinto lugar; Lenny Armando L\u00f3pez, primer lugar; Edjosu\u00e9 Alvarez, tercer lugar; y Jos\u00e9 E. Matos, segundo lugar.<\/em><\/font><\/p>\n","protected":false},"excerpt":{"rendered":"<p>El candidato al concurso de belleza masculina M\u00edster Puerto Rico 2015, Lenny Armando L\u00f3pez, pas\u00f3 a la semifinal del certamen al obtener el primer lugar en las competencias de rendimiento f\u00edsico realizadas el pasado s\u00e1bado, 20 de septiembre, en las&hellip;<\/p>\n<p class=\"more-link-p\"><a class=\"more-link\" href=\"https:\/\/bobvarela.com\/?p=62041\">Read more &rarr;<\/a><\/p>\n","protected":false},"author":1,"featured_media":0,"comment_status":"open","ping_status":"open","sticky":false,"template":"","format":"standard","meta":{"ngg_post_thumbnail":0,"footnotes":""},"categories":[5,477],"tags":[],"class_list":["post-62041","post","type-post","status-publish","format-standard","hentry","category-concursos","category-mister"],"_links":{"self":[{"href":"https:\/\/bobvarela.com\/index.php?rest_route=\/wp\/v2\/posts\/62041","targetHints":{"allow":["GET"]}}],"collection":[{"href":"https:\/\/bobvarela.com\/index.php?rest_route=\/wp\/v2\/posts"}],"about":[{"href":"https:\/\/bobvarela.com\/index.php?rest_route=\/wp\/v2\/types\/post"}],"author":[{"embeddable":true,"href":"https:\/\/bobvarela.com\/index.php?rest_route=\/wp\/v2\/users\/1"}],"replies":[{"embeddable":true,"href":"https:\/\/bobvarela.com\/index.php?rest_route=%2Fwp%2Fv2%2Fcomments&post=62041"}],"version-history":[{"count":2,"href":"https:\/\/bobvarela.com\/index.php?rest_route=\/wp\/v2\/posts\/62041\/revisions"}],"predecessor-version":[{"id":62043,"href":"https:\/\/bobvarela.com\/index.php?rest_route=\/wp\/v2\/posts\/62041\/revisions\/62043"}],"wp:attachment":[{"href":"https:\/\/bobvarela.com\/index.php?rest_route=%2Fwp%2Fv2%2Fmedia&parent=62041"}],"wp:term":[{"taxonomy":"category","embeddable":true,"href":"https:\/\/bobvarela.com\/index.php?rest_route=%2Fwp%2Fv2%2Fcategories&post=62041"},{"taxonomy":"post_tag","embeddable":true,"href":"https:\/\/bobvarela.com\/index.php?rest_route=%2Fwp%2Fv2%2Ftags&post=62041"}],"curies":[{"name":"wp","href":"https:\/\/api.w.org\/{rel}","templated":true}]}}