{"id":62156,"date":"2014-09-25T07:02:55","date_gmt":"2014-09-25T11:02:55","guid":{"rendered":"https:\/\/bobvarela.com\/?p=62156"},"modified":"2014-09-25T07:07:46","modified_gmt":"2014-09-25T11:07:46","slug":"diseadora-de-joyera-representando-a-puerto-rico-en-el-latino-fashion-week-en-chicago","status":"publish","type":"post","link":"https:\/\/bobvarela.com\/?p=62156","title":{"rendered":"DISE&Ntilde;ADORA DE JOYER&Iacute;A REPRESENTANDO A PUERTO RICO EN EL LATINO FASHION WEEK EN CHICAGO"},"content":{"rendered":"<p align=\"justify\"><a href=\"https:\/\/bobvarela.com\/wp-content\/uploads\/2014\/09\/DSC09892.jpg\"><img loading=\"lazy\" decoding=\"async\" title=\"DSC09892\" style=\"border-top: 0px; border-right: 0px; background-image: none; border-bottom: 0px; float: left; padding-top: 0px; padding-left: 0px; border-left: 0px; display: inline; padding-right: 0px\" border=\"0\" alt=\"DSC09892\" src=\"https:\/\/bobvarela.com\/wp-content\/uploads\/2014\/09\/DSC09892_thumb.jpg\" width=\"176\" align=\"left\" height=\"272\" \/><\/a><font size=\"3\">La destacada dise\u00f1adora de joyer\u00eda fina y accesorios Ivelisse Nieves presentar\u00e1 su nueva colecci\u00f3n \u201cLUXOR\u201d, en el magno evento <i>Latino Fashion Week<\/i>, a llevarse a cabo en la ciudad de Chicago, Illinois en la Semana de la Moda del 1ro al 5 de octubre de 2014 en \u201cBlock Thirty Seven\u201d.<\/font><\/p>\n<p align=\"justify\"><font size=\"3\">\u201cEstoy muy contenta de haber sido invitada por los organizadores del evento. Es la primera vez que presento en este evento internacional donde reconocidos dise\u00f1adores internacionales presenta sus colecciones en esta pasarela. Me llena de mucho orgullo el poder representar a mi Isla nuevamente en una pasarela internacional\u201d, dijo la dise\u00f1adora, quien present\u00f3 su pasada colecci\u00f3n el pasado a\u00f1o en el Puerto Rico High Fashion Week bajo la marca comercial del gobierno de Puerto Rico P.ERE. <\/font><\/p>\n<p align=\"justify\"><font size=\"3\">De igual manera ha presentado en el Plitzs New York City Fashion Week (2012) el Virginia Fashion Week (2012) y en el el International Fashion Expo del Virginia Fashion Week (2012).<\/font><\/p>\n<p align=\"justify\"><a href=\"https:\/\/bobvarela.com\/wp-content\/uploads\/2014\/09\/fb-2.jpg\"><img loading=\"lazy\" decoding=\"async\" title=\"fb 2\" style=\"border-top: 0px; border-right: 0px; background-image: none; border-bottom: 0px; float: right; padding-top: 0px; padding-left: 0px; border-left: 0px; display: inline; padding-right: 0px\" border=\"0\" alt=\"fb 2\" src=\"https:\/\/bobvarela.com\/wp-content\/uploads\/2014\/09\/fb-2_thumb.jpg\" width=\"151\" align=\"right\" height=\"214\" \/><\/a><font size=\"3\">La tambi\u00e9n escultora coment\u00f3 que la nueva propuesta para la temporada de primavera-verano 2015, toma como motivo de inspiraci\u00f3n las damas del alto y bajo Egipto. Remont\u00e1ndonos a las riveras del Nilo Azul ubicado en el continente de \u00c1frica. Ser\u00e1 una colecci\u00f3n diferente y llena de historia sobre los egipcios. Moda, cultura, arte y joyer\u00eda donde fusionan y se crean cada una de las piezas de joyer\u00eda confeccionadas con \u00e1gatas, cuarzos rosados, turquezas, \u00f3nix, textiles, cadenas, tejidos de piedras y metales. La colecci\u00f3n constar\u00e1 de collares, pantallas y brasaletes (\u201ccuff\u201d) en metales. Como resultado de esta gran artista, Nieves decide llamarle a su colecci\u00f3n \u201cLUXOR\u201d. <\/font><\/p>\n<p align=\"justify\"><i><\/i><font size=\"3\">En esta nueva propuesta predominar\u00e1n los tonos azules, <\/font><font size=\"3\">rosa, negro, blanco, verde, metales dorados y plateados. <\/font><\/p>\n<p align=\"justify\"><a href=\"https:\/\/bobvarela.com\/wp-content\/uploads\/2014\/09\/fb-1.jpg\"><img loading=\"lazy\" decoding=\"async\" title=\"fb 1\" style=\"border-top: 0px; border-right: 0px; background-image: none; border-bottom: 0px; float: left; padding-top: 0px; padding-left: 0px; border-left: 0px; display: inline; padding-right: 0px\" border=\"0\" alt=\"fb 1\" src=\"https:\/\/bobvarela.com\/wp-content\/uploads\/2014\/09\/fb-1_thumb.jpg\" width=\"176\" align=\"left\" height=\"265\" \/><\/a><font size=\"3\">\u201cEstoy muy agradecida por esta oportunidad tan importante en mi carrera como dise\u00f1adora de accesorios ya que es una de las plataformas m\u00e1s grande dentro de la comunidad latina\u201d<\/font><a name=\"_GoBack\"><\/a><font size=\"3\">. El LFW\u2122 es el \u00fanico evento que dedica una semana completa para presentar los mejores dise\u00f1adores latinos de Centro Am\u00e9rica, Sur Am\u00e9rica, el Caribe y Estados Unidos. Es un desfile de varios d\u00edas de presentaci\u00f3n de m\u00faltiples marcas relacionadas a la moda proveyendo una plataforma s\u00f3lida para \u201cnetworking\u201d entre celebridades, talentos <\/font><font size=\"3\">musicales, prensa y empresarios. Adem\u00e1s, tiene la misi\u00f3n de recaudar fondos para la fundaci\u00f3n \u201cUnlikely Heroes\u201d; cuya misi\u00f3n es rescatar, reubicar y rehabilitar ni\u00f1os v\u00edctimas de abuso sexual a trav\u00e9s de la implementaci\u00f3n de programas de reubicaci\u00f3n, rescate y prevenci\u00f3n. En este octavo a\u00f1o, LFW\u2122 resalta la excelencia a trav\u00e9s del tema que lo describe. \u201cBeyond Exceptional\u201d representa aquellos talentos quienes continuamente promueven los l\u00edmites de excelencia. LFW\u2122 es un espect\u00e1culo que se ofrecer\u00e1 en esta temporada en las ciudades de: Dallas, Los \u00c1ngeles, Chicago y Miami. <\/font><\/p>\n<p align=\"justify\"><font size=\"3\">Para m\u00e1s informaci\u00f3n <\/font><font size=\"3\">pueden acceder a <\/font><a href=\"https:\/\/www.ivelissenievesjewelry.com\"><font size=\"3\">www.ivelissenievesjewelry.com<\/font><\/a><\/p>\n","protected":false},"excerpt":{"rendered":"<p>La destacada dise\u00f1adora de joyer\u00eda fina y accesorios Ivelisse Nieves presentar\u00e1 su nueva colecci\u00f3n \u201cLUXOR\u201d, en el magno evento Latino Fashion Week, a llevarse a cabo en la ciudad de Chicago, Illinois en la Semana de la Moda del 1ro&hellip;<\/p>\n<p class=\"more-link-p\"><a class=\"more-link\" href=\"https:\/\/bobvarela.com\/?p=62156\">Read more &rarr;<\/a><\/p>\n","protected":false},"author":1,"featured_media":0,"comment_status":"open","ping_status":"open","sticky":false,"template":"","format":"standard","meta":{"ngg_post_thumbnail":0,"footnotes":""},"categories":[4,295],"tags":[],"class_list":["post-62156","post","type-post","status-publish","format-standard","hentry","category-moda","category-puerto-rico"],"_links":{"self":[{"href":"https:\/\/bobvarela.com\/index.php?rest_route=\/wp\/v2\/posts\/62156","targetHints":{"allow":["GET"]}}],"collection":[{"href":"https:\/\/bobvarela.com\/index.php?rest_route=\/wp\/v2\/posts"}],"about":[{"href":"https:\/\/bobvarela.com\/index.php?rest_route=\/wp\/v2\/types\/post"}],"author":[{"embeddable":true,"href":"https:\/\/bobvarela.com\/index.php?rest_route=\/wp\/v2\/users\/1"}],"replies":[{"embeddable":true,"href":"https:\/\/bobvarela.com\/index.php?rest_route=%2Fwp%2Fv2%2Fcomments&post=62156"}],"version-history":[{"count":2,"href":"https:\/\/bobvarela.com\/index.php?rest_route=\/wp\/v2\/posts\/62156\/revisions"}],"predecessor-version":[{"id":62158,"href":"https:\/\/bobvarela.com\/index.php?rest_route=\/wp\/v2\/posts\/62156\/revisions\/62158"}],"wp:attachment":[{"href":"https:\/\/bobvarela.com\/index.php?rest_route=%2Fwp%2Fv2%2Fmedia&parent=62156"}],"wp:term":[{"taxonomy":"category","embeddable":true,"href":"https:\/\/bobvarela.com\/index.php?rest_route=%2Fwp%2Fv2%2Fcategories&post=62156"},{"taxonomy":"post_tag","embeddable":true,"href":"https:\/\/bobvarela.com\/index.php?rest_route=%2Fwp%2Fv2%2Ftags&post=62156"}],"curies":[{"name":"wp","href":"https:\/\/api.w.org\/{rel}","templated":true}]}}