{"id":62391,"date":"2014-09-28T11:06:36","date_gmt":"2014-09-28T15:06:36","guid":{"rendered":"https:\/\/bobvarela.com\/?p=62391"},"modified":"2014-09-28T11:06:42","modified_gmt":"2014-09-28T15:06:42","slug":"el-taj-mahal-inspira-al-diseador-pedro-chaluisant-en-la-coleccin-primavera-verano-2015","status":"publish","type":"post","link":"https:\/\/bobvarela.com\/?p=62391","title":{"rendered":"El Taj Mahal inspira al dise&ntilde;ador Pedro Chaluisant  en La colecci&oacute;n Primavera-Verano 2015"},"content":{"rendered":"<p align=\"justify\"><a href=\"https:\/\/bobvarela.com\/wp-content\/uploads\/2014\/09\/IMG_0840.jpg\"><img loading=\"lazy\" decoding=\"async\" title=\"IMG_0840\" style=\"border-top: 0px; border-right: 0px; background-image: none; border-bottom: 0px; float: left; padding-top: 0px; padding-left: 0px; border-left: 0px; display: inline; padding-right: 0px\" border=\"0\" alt=\"IMG_0840\" src=\"https:\/\/bobvarela.com\/wp-content\/uploads\/2014\/09\/IMG_0840_thumb.jpg\" width=\"131\" align=\"left\" height=\"209\" \/><\/a><font size=\"3\">Uno de los m\u00e1s prometedores dise\u00f1adores puertorrique\u00f1os, Pedro \u00c1ngel Chaluisant, presento su nueva colecci\u00f3n Primavera-Verano 2015 \u201c<b>Immortal<\/b>\u201d en un novedoso evento, que expuso las piezas en maniqu\u00eds, en el Centro Comercial en San Patricio Plaza.<\/font><\/p>\n<p align=\"justify\"><font size=\"3\">Contrario al tradicional desfile de modas para presentar las colecciones que utilizan todos los dise\u00f1adores, Chaulisant opt\u00f3 por una exhibici\u00f3n de su colecci\u00f3n expuesta en maniqu\u00eds en el horario regular del centro comercial el 27 de septiembre. <\/font><\/p>\n<p align=\"justify\">\n<p align=\"justify\"><font size=\"3\">Esta nueva colecci\u00f3n de est\u00e1 inspirada por la historia de amor que dio paso a la construcci\u00f3n de una de las maravillas del mundo moderno, el Taj Mahal. A trav\u00e9s de una paleta de colores liviana y sumamente femenina, Chaluisant propone vestidos innovadores que representan el amor del emperador hacia su esposa que qued\u00f3 plasmado con la construcci\u00f3n en el siglo XVII de una de las obras arquitect\u00f3nicas m\u00e1s impresionantes de la historia. <\/font><\/p>\n<p align=\"justify\"><a href=\"https:\/\/bobvarela.com\/wp-content\/uploads\/2014\/09\/IMG_0834.jpg\"><img loading=\"lazy\" decoding=\"async\" title=\"IMG_0834\" style=\"border-top: 0px; border-right: 0px; background-image: none; border-bottom: 0px; padding-top: 0px; padding-left: 0px; border-left: 0px; display: inline; padding-right: 0px\" border=\"0\" alt=\"IMG_0834\" src=\"https:\/\/bobvarela.com\/wp-content\/uploads\/2014\/09\/IMG_0834_thumb.jpg\" width=\"198\" height=\"134\" \/><\/a><a href=\"https:\/\/bobvarela.com\/wp-content\/uploads\/2014\/09\/IMG_0865.jpg\"><img loading=\"lazy\" decoding=\"async\" title=\"IMG_0865\" style=\"border-top: 0px; border-right: 0px; background-image: none; border-bottom: 0px; padding-top: 0px; padding-left: 0px; border-left: 0px; display: inline; padding-right: 0px\" border=\"0\" alt=\"IMG_0865\" src=\"https:\/\/bobvarela.com\/wp-content\/uploads\/2014\/09\/IMG_0865_thumb.jpg\" width=\"198\" height=\"134\" \/><\/a><a href=\"https:\/\/bobvarela.com\/wp-content\/uploads\/2014\/09\/IMG_0855.jpg\"><img loading=\"lazy\" decoding=\"async\" title=\"IMG_0855\" style=\"border-top: 0px; border-right: 0px; background-image: none; border-bottom: 0px; padding-top: 0px; padding-left: 0px; border-left: 0px; display: inline; padding-right: 0px\" border=\"0\" alt=\"IMG_0855\" src=\"https:\/\/bobvarela.com\/wp-content\/uploads\/2014\/09\/IMG_0855_thumb.jpg\" width=\"198\" height=\"134\" \/><\/a><a href=\"https:\/\/bobvarela.com\/wp-content\/uploads\/2014\/09\/IMG_0831.jpg\"><img loading=\"lazy\" decoding=\"async\" title=\"IMG_0831\" style=\"border-top: 0px; border-right: 0px; background-image: none; border-bottom: 0px; padding-top: 0px; padding-left: 0px; border-left: 0px; display: inline; padding-right: 0px\" border=\"0\" alt=\"IMG_0831\" src=\"https:\/\/bobvarela.com\/wp-content\/uploads\/2014\/09\/IMG_0831_thumb.jpg\" width=\"198\" height=\"134\" \/><\/a><a href=\"https:\/\/bobvarela.com\/wp-content\/uploads\/2014\/09\/IMG_0842.jpg\"><img loading=\"lazy\" decoding=\"async\" title=\"IMG_0842\" style=\"border-top: 0px; border-right: 0px; background-image: none; border-bottom: 0px; padding-top: 0px; padding-left: 0px; border-left: 0px; display: inline; padding-right: 0px\" border=\"0\" alt=\"IMG_0842\" src=\"https:\/\/bobvarela.com\/wp-content\/uploads\/2014\/09\/IMG_0842_thumb.jpg\" width=\"198\" height=\"134\" \/><\/a><a href=\"https:\/\/bobvarela.com\/wp-content\/uploads\/2014\/09\/IMG_0860.jpg\"><img loading=\"lazy\" decoding=\"async\" title=\"IMG_0860\" style=\"border-top: 0px; border-right: 0px; background-image: none; border-bottom: 0px; padding-top: 0px; padding-left: 0px; border-left: 0px; display: inline; padding-right: 0px\" border=\"0\" alt=\"IMG_0860\" src=\"https:\/\/bobvarela.com\/wp-content\/uploads\/2014\/09\/IMG_0860_thumb.jpg\" width=\"198\" height=\"134\" \/><\/a><font size=\"3\"><\/font><\/p>\n<p align=\"justify\"><a href=\"https:\/\/bobvarela.com\/wp-content\/uploads\/2014\/09\/IMG_0841.jpg\"><img loading=\"lazy\" decoding=\"async\" title=\"IMG_0841\" style=\"border-top: 0px; border-right: 0px; background-image: none; border-bottom: 0px; float: right; padding-top: 0px; padding-left: 0px; border-left: 0px; display: inline; padding-right: 0px\" border=\"0\" alt=\"IMG_0841\" src=\"https:\/\/bobvarela.com\/wp-content\/uploads\/2014\/09\/IMG_0841_thumb.jpg\" width=\"124\" align=\"right\" height=\"219\" \/><\/a><font size=\"3\">En esta propuesta el dise\u00f1ador utilizo una paleta de colores que incluye dorado, blanco, nude, blush pink, verde menta y detalles en negro. En cuanto a materiales utiliza guipure (un tipo de encaje), encajes bordados, chiff\u00f3n de seda, micado de seda y jersey para as\u00ed de una manera totalmente innovadora inmortalizar su visi\u00f3n en el 2015.<\/font><\/p>\n<p align=\"justify\"><font size=\"3\">\u201c<i>Estoy muy complacido con esta propuesta y con la oportunidad de hacer algo diferente con mi colecci\u00f3n, que adem\u00e1s de estar expuesta para todo el p\u00fablico en un lugar tan accesible como un centro comercial, me permite a mi tener con ellos ese contacto directo que a veces se pierde en los desfiles de moda<\/i>\u201d a\u00f1adi\u00f3 el joven dise\u00f1ador. <\/font><\/p>\n<p><a href=\"https:\/\/bobvarela.com\/wp-content\/uploads\/2014\/09\/IMG_0817.jpg\"><img loading=\"lazy\" decoding=\"async\" title=\"IMG_0817\" style=\"border-top: 0px; border-right: 0px; background-image: none; border-bottom: 0px; float: left; padding-top: 0px; padding-left: 0px; border-left: 0px; display: inline; padding-right: 0px\" border=\"0\" alt=\"IMG_0817\" src=\"https:\/\/bobvarela.com\/wp-content\/uploads\/2014\/09\/IMG_0817_thumb.jpg\" width=\"122\" align=\"left\" height=\"194\" \/><\/a><a href=\"https:\/\/bobvarela.com\/wp-content\/uploads\/2014\/09\/IMG_0845.jpg\"><img loading=\"lazy\" decoding=\"async\" title=\"IMG_0845\" style=\"border-top: 0px; border-right: 0px; background-image: none; border-bottom: 0px; padding-top: 0px; padding-left: 0px; margin: 0px; border-left: 0px; display: inline; padding-right: 0px\" border=\"0\" alt=\"IMG_0845\" src=\"https:\/\/bobvarela.com\/wp-content\/uploads\/2014\/09\/IMG_0845_thumb.jpg\" width=\"131\" height=\"194\" \/><\/a><a href=\"https:\/\/bobvarela.com\/wp-content\/uploads\/2014\/09\/IMG_0867.jpg\"><img loading=\"lazy\" decoding=\"async\" title=\"IMG_0867\" style=\"border-top: 0px; border-right: 0px; background-image: none; border-bottom: 0px; padding-top: 0px; padding-left: 0px; border-left: 0px; display: inline; padding-right: 0px\" border=\"0\" alt=\"IMG_0867\" src=\"https:\/\/bobvarela.com\/wp-content\/uploads\/2014\/09\/IMG_0867_thumb.jpg\" width=\"131\" height=\"194\" \/><\/a><a href=\"https:\/\/bobvarela.com\/wp-content\/uploads\/2014\/09\/IMG_0821.jpg\"><img loading=\"lazy\" decoding=\"async\" title=\"IMG_0821\" style=\"border-top: 0px; border-right: 0px; background-image: none; border-bottom: 0px; padding-top: 0px; padding-left: 0px; margin: 0px; border-left: 0px; display: inline; padding-right: 0px\" border=\"0\" alt=\"IMG_0821\" src=\"https:\/\/bobvarela.com\/wp-content\/uploads\/2014\/09\/IMG_0821_thumb.jpg\" width=\"131\" height=\"194\" \/><\/a><a href=\"https:\/\/bobvarela.com\/wp-content\/uploads\/2014\/09\/IMG_0826.jpg\"><img loading=\"lazy\" decoding=\"async\" title=\"IMG_0826\" style=\"border-top: 0px; border-right: 0px; background-image: none; border-bottom: 0px; padding-top: 0px; padding-left: 0px; border-left: 0px; display: inline; padding-right: 0px\" border=\"0\" alt=\"IMG_0826\" src=\"https:\/\/bobvarela.com\/wp-content\/uploads\/2014\/09\/IMG_0826_thumb.jpg\" width=\"121\" height=\"194\" \/><\/a><\/p>\n","protected":false},"excerpt":{"rendered":"<p>Uno de los m\u00e1s prometedores dise\u00f1adores puertorrique\u00f1os, Pedro \u00c1ngel Chaluisant, presento su nueva colecci\u00f3n Primavera-Verano 2015 \u201cImmortal\u201d en un novedoso evento, que expuso las piezas en maniqu\u00eds, en el Centro Comercial en San Patricio Plaza. Contrario al tradicional desfile de&hellip;<\/p>\n<p class=\"more-link-p\"><a class=\"more-link\" href=\"https:\/\/bobvarela.com\/?p=62391\">Read more &rarr;<\/a><\/p>\n","protected":false},"author":1,"featured_media":0,"comment_status":"open","ping_status":"open","sticky":false,"template":"","format":"standard","meta":{"ngg_post_thumbnail":0,"footnotes":""},"categories":[4,295],"tags":[],"class_list":["post-62391","post","type-post","status-publish","format-standard","hentry","category-moda","category-puerto-rico"],"_links":{"self":[{"href":"https:\/\/bobvarela.com\/index.php?rest_route=\/wp\/v2\/posts\/62391","targetHints":{"allow":["GET"]}}],"collection":[{"href":"https:\/\/bobvarela.com\/index.php?rest_route=\/wp\/v2\/posts"}],"about":[{"href":"https:\/\/bobvarela.com\/index.php?rest_route=\/wp\/v2\/types\/post"}],"author":[{"embeddable":true,"href":"https:\/\/bobvarela.com\/index.php?rest_route=\/wp\/v2\/users\/1"}],"replies":[{"embeddable":true,"href":"https:\/\/bobvarela.com\/index.php?rest_route=%2Fwp%2Fv2%2Fcomments&post=62391"}],"version-history":[{"count":1,"href":"https:\/\/bobvarela.com\/index.php?rest_route=\/wp\/v2\/posts\/62391\/revisions"}],"predecessor-version":[{"id":62392,"href":"https:\/\/bobvarela.com\/index.php?rest_route=\/wp\/v2\/posts\/62391\/revisions\/62392"}],"wp:attachment":[{"href":"https:\/\/bobvarela.com\/index.php?rest_route=%2Fwp%2Fv2%2Fmedia&parent=62391"}],"wp:term":[{"taxonomy":"category","embeddable":true,"href":"https:\/\/bobvarela.com\/index.php?rest_route=%2Fwp%2Fv2%2Fcategories&post=62391"},{"taxonomy":"post_tag","embeddable":true,"href":"https:\/\/bobvarela.com\/index.php?rest_route=%2Fwp%2Fv2%2Ftags&post=62391"}],"curies":[{"name":"wp","href":"https:\/\/api.w.org\/{rel}","templated":true}]}}