{"id":62565,"date":"2014-09-29T17:46:02","date_gmt":"2014-09-29T21:46:02","guid":{"rendered":"https:\/\/bobvarela.com\/?p=62565"},"modified":"2014-09-29T17:46:03","modified_gmt":"2014-09-29T21:46:03","slug":"keysi-marie-vargas-por-la-corona-de-miss-intercontinental-2014","status":"publish","type":"post","link":"https:\/\/bobvarela.com\/?p=62565","title":{"rendered":"Keysi Marie Vargas por la corona de Miss Intercontinental 2014"},"content":{"rendered":"<p align=\"justify\"><font size=\"3\"><a href=\"https:\/\/bobvarela.com\/wp-content\/uploads\/2014\/09\/KEYSI3.jpg\"><img loading=\"lazy\" decoding=\"async\" title=\"KEYSI3\" style=\"border-top: 0px; border-right: 0px; background-image: none; border-bottom: 0px; float: left; padding-top: 0px; padding-left: 0px; border-left: 0px; display: inline; padding-right: 0px\" border=\"0\" alt=\"KEYSI3\" src=\"https:\/\/bobvarela.com\/wp-content\/uploads\/2014\/09\/KEYSI3_thumb.jpg\" width=\"150\" align=\"left\" height=\"234\" \/><\/a>La organizaci\u00f3n de <b>Miss Latin International US<\/b>, anunci\u00f3 hoy que la hermosa quebradillana <b>Keysi Marie Vargas<\/b> tendr\u00e1 la responsabilidad de representar a Puerto Rico en el prestigioso certamen Miss Intercontinental a celebrarse del 7 al 27 de Octubre en <b>Tala Bay, Jordania<\/b> y en <b>Sharm el-Sheik<\/b> en <b>Egipto<\/b>. <\/font><\/p>\n<p align=\"justify\"><font size=\"3\">Nacida el 4 de Septiembre de 1991 y con unos hermosos ojos canela, la modelo oriunda del municipio conocido como La Guarida del Pirata se prepara para triunfar como la nueva Miss Intercontinental Puerto Rico 2014. Nuestra flamante reina disfruta de jugar baloncesto, hacer turismo interno y es una apasionada de nuestras aclamadas playas boricuas. <\/font><\/p>\n<p align=\"justify\"><font size=\"3\"><b>Keysi Marie<\/b> de 23 anos estudia actualmente un bachillerato en administraci\u00f3n de empresas con una concentraci\u00f3n en mercadeo en la Universidad de Puerto Rico, recinto de Aguadilla. La quebradillana tiene basta experiencia en los cert\u00e1menes de belleza, fue finalista del concurso <b>&quot;The Look of The Year 2<\/b><b>011&quot;<\/b> donde fue finalista y se alz\u00f3 con el premio de <b>Miss Fot\u00f3genica<\/b>, celebrado en <b>Italia<\/b> y luego represent\u00f3 a Puerto Rico en el concurso <b>&quot;Miss Latin<\/b> <b>International US 2013&quot;<\/b> en los <b>Estados Unidos<\/b> donde gan\u00f3 el t\u00edtulo de <b>&quot;Miss Beautiful Latin International&quot;<\/b>. Tambi\u00e9n obtuvo el t\u00edtulo de <b>&quot;Miss Belleza Milenio Internacional 2013&quot;<\/b> celebrado en la Rep\u00fablica Dominicana.<\/font><\/p>\n<p align=\"center\"><font size=\"3\"><a href=\"https:\/\/bobvarela.com\/wp-content\/uploads\/2014\/09\/KEYSI5.jpg\"><img loading=\"lazy\" decoding=\"async\" title=\"KEYSI5\" style=\"border-top: 0px; border-right: 0px; background-image: none; border-bottom: 0px; padding-top: 0px; padding-left: 0px; border-left: 0px; display: inline; padding-right: 0px\" border=\"0\" alt=\"KEYSI5\" src=\"https:\/\/bobvarela.com\/wp-content\/uploads\/2014\/09\/KEYSI5_thumb.jpg\" width=\"194\" height=\"124\" \/><\/a><\/font><\/p>\n<p align=\"justify\"><font size=\"3\">La beldad boricua esta bajo la tutela&#160; de&#160; la&#160;&#160;&#160;&#160;&#160; organizaci\u00f3n <b>Miss Latin International US<\/b>&#160; y su directora <b>Diana Montero<\/b> quien ha brindado un equipo de expertos entre los que se encuentran el reconocido entrenador de reinas <b>Ismael Mendez<\/b> en el \u00e1rea de entrevista de jurado, <b>Miguel Deliz <\/b>en el \u00e1rea de proyecci\u00f3n esc\u00e9nica y pasarela, <b>Jean Carlos Cruz<\/b> y <b>Javier Moreno<\/b> en las \u00e1reas de maquillaje y peinado, la <b>Dra. Evelyn Cintr\u00f3n<\/b> de Belladona Medical Wellness en las \u00e1reas de control de peso y medicina est\u00e9tica y entrenamiento personal a cargo de <b>H\u00e9ctor Roig<\/b> y <b>Edwin Sanchez<\/b>. <\/font><\/p>\n<p align=\"justify\"><font size=\"3\"><a href=\"https:\/\/bobvarela.com\/wp-content\/uploads\/2014\/09\/KEYSI4.jpg\"><img loading=\"lazy\" decoding=\"async\" title=\"KEYSI4\" style=\"border-top: 0px; border-right: 0px; background-image: none; border-bottom: 0px; float: right; padding-top: 0px; padding-left: 0px; border-left: 0px; display: inline; padding-right: 0px\" border=\"0\" alt=\"KEYSI4\" src=\"https:\/\/bobvarela.com\/wp-content\/uploads\/2014\/09\/KEYSI4_thumb.jpg\" width=\"169\" align=\"right\" height=\"312\" \/><\/a>Keysi llevar\u00e1 un ajuar de lujo compuesto por los destacados dise\u00f1adores puertorrique\u00f1os <b>Harry Robles<\/b>, <b>Jos\u00e9 Karlo<\/b>, <b>Jos\u00e9 Raul<\/b>, <b>Tommie Hern\u00e1ndez<\/b> entre otros. No pueden faltar en este largo camino el apoyo de sus padres<b> Wilfredo Vargas<\/b> e<b> Isabel V\u00e9lez<\/b> y su querido hermano <b>Wilfredo Vargas Sanchez<\/b> a quien Keysi considera su mejor amigo<\/font><\/p>\n<p align=\"justify\"><b><font size=\"3\">Un certamen, dos pa\u00edses<\/font><\/b><\/p>\n<p align=\"justify\"><font size=\"3\">El certamen de <b>Miss Intercontinental<\/b> se estar\u00e1 celebrando en dos pa\u00edses, en <b>Jordania<\/b> y en <b>Egipto<\/b>. Las candidatas llegar\u00e1n a <b>Amman<\/b>, <b>Jordania<\/b> entre el 6 y el 8 de Octubre y estar\u00e1n en el <b>Reino Hachemita de Jordania <\/b>hasta el 17 de Octubre, durante estas fechas las candidatas ser\u00e1n movilizadas a las \u00e1reas de <b>Tala Bay<\/b> y <b>Aqaba<\/b> para ser parte de las filmaciones para televisi\u00f3n de la cadena <b>MTV<\/b>. Ese mismo d\u00eda las candidatas y todo el equipo de producci\u00f3n del certamen tomar\u00e1n un crucero desde <b>Tala Bay<\/b> hasta el puerto de <b>Sharm el-Sheik<\/b> situado en el extremo meridional de la <b>pen\u00ednsula del Sina\u00ed<\/b>, en la provincia de <i><b>Janub Sina<\/b>,<\/i> y espec\u00edficamente, entre la franja costera del <b>mar Rojo<\/b> y el <b>monte Sina\u00ed<\/b>. <\/font><\/p>\n<p align=\"justify\"><font size=\"3\">El 18 de Octubre ser\u00e1 la conferencia de prensa prensa. La competencia final ser\u00e1 el pr\u00f3ximo 25 de Octubre, en el <b>Congress and Convention Center en Sharm el-Sheik<\/b>.<\/font><\/p>\n","protected":false},"excerpt":{"rendered":"<p>La organizaci\u00f3n de Miss Latin International US, anunci\u00f3 hoy que la hermosa quebradillana Keysi Marie Vargas tendr\u00e1 la responsabilidad de representar a Puerto Rico en el prestigioso certamen Miss Intercontinental a celebrarse del 7 al 27 de Octubre en Tala&hellip;<\/p>\n<p class=\"more-link-p\"><a class=\"more-link\" href=\"https:\/\/bobvarela.com\/?p=62565\">Read more &rarr;<\/a><\/p>\n","protected":false},"author":1,"featured_media":0,"comment_status":"open","ping_status":"open","sticky":false,"template":"","format":"standard","meta":{"ngg_post_thumbnail":0,"footnotes":""},"categories":[5],"tags":[],"class_list":["post-62565","post","type-post","status-publish","format-standard","hentry","category-concursos"],"_links":{"self":[{"href":"https:\/\/bobvarela.com\/index.php?rest_route=\/wp\/v2\/posts\/62565","targetHints":{"allow":["GET"]}}],"collection":[{"href":"https:\/\/bobvarela.com\/index.php?rest_route=\/wp\/v2\/posts"}],"about":[{"href":"https:\/\/bobvarela.com\/index.php?rest_route=\/wp\/v2\/types\/post"}],"author":[{"embeddable":true,"href":"https:\/\/bobvarela.com\/index.php?rest_route=\/wp\/v2\/users\/1"}],"replies":[{"embeddable":true,"href":"https:\/\/bobvarela.com\/index.php?rest_route=%2Fwp%2Fv2%2Fcomments&post=62565"}],"version-history":[{"count":1,"href":"https:\/\/bobvarela.com\/index.php?rest_route=\/wp\/v2\/posts\/62565\/revisions"}],"predecessor-version":[{"id":62566,"href":"https:\/\/bobvarela.com\/index.php?rest_route=\/wp\/v2\/posts\/62565\/revisions\/62566"}],"wp:attachment":[{"href":"https:\/\/bobvarela.com\/index.php?rest_route=%2Fwp%2Fv2%2Fmedia&parent=62565"}],"wp:term":[{"taxonomy":"category","embeddable":true,"href":"https:\/\/bobvarela.com\/index.php?rest_route=%2Fwp%2Fv2%2Fcategories&post=62565"},{"taxonomy":"post_tag","embeddable":true,"href":"https:\/\/bobvarela.com\/index.php?rest_route=%2Fwp%2Fv2%2Ftags&post=62565"}],"curies":[{"name":"wp","href":"https:\/\/api.w.org\/{rel}","templated":true}]}}