{"id":63820,"date":"2014-10-06T18:49:58","date_gmt":"2014-10-06T22:49:58","guid":{"rendered":"https:\/\/bobvarela.com\/?p=63820"},"modified":"2014-10-06T18:50:01","modified_gmt":"2014-10-06T22:50:01","slug":"amanece-la-isla-con-un-nuevo-mster-puerto-rico-2015","status":"publish","type":"post","link":"https:\/\/bobvarela.com\/?p=63820","title":{"rendered":"Amanece la Isla con un nuevo M&iacute;ster Puerto Rico 2015"},"content":{"rendered":"<p align=\"justify\"><font size=\"3\"><a href=\"https:\/\/bobvarela.com\/wp-content\/uploads\/2014\/10\/la-foto-2.jpg\"><img loading=\"lazy\" decoding=\"async\" title=\"la foto 2\" style=\"border-top: 0px; border-right: 0px; background-image: none; border-bottom: 0px; float: left; padding-top: 0px; padding-left: 0px; border-left: 0px; display: inline; padding-right: 0px\" border=\"0\" alt=\"la foto 2\" src=\"https:\/\/bobvarela.com\/wp-content\/uploads\/2014\/10\/la-foto-2_thumb.jpg\" width=\"150\" align=\"left\" height=\"214\" \/><\/a>Con un nuevo soberano amaneci\u00f3 Puerto Rico hoy tras la selecci\u00f3n de Fernando \u00c1lvarez como ganador del t\u00edtulo de M\u00edster Puerto Rico 2015; evento llevado a cabo en el Museo de Arte de Puerto Rico de Santurce.<\/font><\/p>\n<p align=\"justify\"><font size=\"3\">El nuevo delegado, original del pueblo de Coamo, se posicion\u00f3 en primer lugar al ser seleccionado sobre un grupo de 8 finalistas, de un total de 19 participantes en el concurso. \u201cMe siento muy orgulloso de este gran logro que, sin lugar a dudas, se lo debo en parte al apoyo incondicional de mi familia\u201d, indic\u00f3.<\/font><\/p>\n<p align=\"justify\"><font size=\"3\">Uno de los momentos cruciales de la competencia fue la parte de preguntas finales del concurso. Cada candidato seleccion\u00f3 al azar un sobre que conten\u00eda la pregunta final que determinar\u00eda la decisi\u00f3n ulterior del jurado. \u201cSi me quedara un solo d\u00eda de vida, y tuviera que elegir solo 3 cosas para hacer, lo primero que har\u00eda ser\u00eda mirar a los ojos a mi familia y decirle que los amo, pasar tiempo con quien me ha hecho un hombre feliz y de quien he aprendido mucho en esta vida, mi novia; ir a misa y dar gracias a Dios por la vida que he tenido y que si es de su voluntad el que \u00e9ste sea mi \u00faltimo d\u00eda, pues que as\u00ed sea\u201d, dijo Fernando \u00c1lvarez como contestaci\u00f3n a su pregunta final, conmocionando a la audiencia quienes en respuesta lo respaldaron con v\u00edtores y aplausos. <\/font><\/p>\n<p align=\"justify\"><font size=\"3\">De acuerdo al presidente de M\u00edster Puerto Rico Inc., Miguel Deliz, las preguntas desarrolladas por la organizaci\u00f3n tocaron temas sociales, un tanto controvertibles, pero de actualidad, que requer\u00edan de los participantes una posici\u00f3n firme y determinada. \u201cParte de nuestra misi\u00f3n en M\u00edster Puerto Rico es proveer la plataforma para que nuestros candidatos demuestren sus destrezas intelectuales, su nivel de an\u00e1lisis, y conciencia social de situaciones que afectan al ser humano en general. Estamos consientes de que las preguntas realizadas a los delegados no eran f\u00e1ciles, pero una vez m\u00e1s cada uno de ellos demostr\u00f3 sobrepasar el reto intelectual que se les present\u00f3 en el concurso\u201d, indic\u00f3. <\/font><\/p>\n<p align=\"justify\"><font size=\"3\">Deliz mencion\u00f3 que dado a la cantidad de buenos candidatos que participaron en el concurso este a\u00f1o, fue imperativo que el jurado tambi\u00e9n seleccionara a otros delegados para que tambi\u00e9n representaran a la Isla en otros eventos a nivel internacional. \u201cEste a\u00f1o la selecci\u00f3n de los ganadores fue una muy cerrada y dif\u00edcil pues contamos con j\u00f3venes talentosos que adem\u00e1s de proyectar un buen f\u00edsico, tambi\u00e9n demostraron impresionantes cualidades intelectuales y afectivas. Nos sentimos muy satisfechos con la representaci\u00f3n de talento que hemos tenido en M\u00edster Puerto Rico para este a\u00f1o\u201d, indic\u00f3.<\/font><\/p>\n<p align=\"justify\"><font size=\"3\">Los 8 finalistas al concurso lo fueron Osvaldo Lozada y Fernando Pis, quienes participar\u00e1n en un certamen de modelos en la ciudad de Orlando, Florida; Josu\u00e9 A. Borges, quien estar\u00e1 participando en M\u00edster Model International; Ricardo M\u00e1rquez, quien participar\u00e1 en M\u00edster Mesoam\u00e9rica; Jos\u00e9 L\u00f3pez, quien participar\u00e1 en M\u00edster Global; Christian Ortiz, quien participar\u00e1 en M\u00edster Manhunt International; Helder Vel\u00e1zquez, quien participar\u00e1 en M\u00edster Universal Ambassador; y el nuevo M\u00edster Puerto Rico 2015, Fernando \u00c1lvarez, quien participar\u00e1 en M\u00edster International. <\/font><\/p>\n<p align=\"justify\"><font size=\"3\">Seg\u00fan Deliz, el jurado de la competencia determin\u00f3 con sus votos el tipo de candidato que representar\u00eda a la Isla internacionalmente. \u201cPara nosotros los ocho finalistas son todos ganadores. Aunque solo uno de ellos gan\u00f3 el t\u00edtulo de M\u00edster Puerto Rico, todos los finalistas van a tener la oportunidad de representar a nuestro pa\u00eds a nivel mundial. De esta manera nos aseguramos que nuestra Isla est\u00e9 bien representada internacionalmente con una variedad de talento puertorrique\u00f1o que vale la pena resaltar y apoyar. Entendemos que todos estos j\u00f3venes merecen representar a nuestro pa\u00eds de acuerdo con la multiplicidad de destrezas \u00fanicas que cada uno de ellos despleg\u00f3 en el concurso, y por eso la determinaci\u00f3n y profesionalismo de un jurado multidisciplinario ayud\u00f3 a lograr este cometido\u201d, indic\u00f3.<\/font><\/p>\n<p align=\"center\"><a href=\"https:\/\/bobvarela.com\/wp-content\/uploads\/2014\/10\/la-foto-1.jpg\"><img loading=\"lazy\" decoding=\"async\" title=\"la foto 1\" style=\"border-top: 0px; border-right: 0px; background-image: none; border-bottom: 0px; padding-top: 0px; padding-left: 0px; border-left: 0px; display: inline; padding-right: 0px\" border=\"0\" alt=\"la foto 1\" src=\"https:\/\/bobvarela.com\/wp-content\/uploads\/2014\/10\/la-foto-1_thumb.jpg\" width=\"412\" height=\"260\" \/><\/a><\/p>\n<p align=\"justify\"><font size=\"3\">Otros premios que se otorgaron en la noche de ayer lo fueron: Mejor Sonrisa\u00ad, Jensen R\u00edos; Rostro del A\u00f1o, Fernando \u00c1lvarez; Mejor Cuerpo, Jos\u00e9 L\u00f3pez; Compa\u00f1erismo, Osvaldo Lozada; Media Award, Edjosu\u00e9 \u00c1lvarez; Mejor Pasarela, Christopher Guti\u00e9rrez; Mejor personalidad, Emilio Iglesias. <\/font><\/p>\n<p align=\"justify\"><font size=\"3\">A lo largo de este concurso los candidatos estuvieron participando en varias competencias que se sumaron a la puntuaci\u00f3n que los jueces otorgaron a los concursantes durante la noche final del evento. \u201cRealizamos competencias de rendimiento f\u00edsico en conjunto al LIV Fitness Club de Guaynabo. Llevamos a cabo el evento de entrevistas individuales el cual consisti\u00f3 de varios criterios de evaluaci\u00f3n sobre constituci\u00f3n corporal, personalidad, intelecto, y espontaneidad de los candidatos. Sometimos a los concursantes a un proceso de voto por popularidad en donde el p\u00fablico eligi\u00f3 a su candidato favorito. Y por \u00faltimo, expusimos a todos los participantes a la experiencia de enfrentarse a entrevistas radiales y responder a preguntas en vivo con la Emisora Sol Latina, a la vez que se les requer\u00eda realizar retos por parte de la estaci\u00f3n radial. Todo esto, sin contar con la multiplicidad de otras luchas y desaf\u00edos que a diario se sumaron a las vidas de estos j\u00f3venes ejemplares. Por tal raz\u00f3n, me \u2018quito el sombrero\u2019 ante ellos, pues han demostrado determinaci\u00f3n y entereza, responsabilidad y comprensi\u00f3n, visi\u00f3n de futuro y amor por su pa\u00eds\u201d, mencion\u00f3. <\/font><\/p>\n<p align=\"justify\"><font size=\"3\">De acuerdo con Deliz, se espera que para el a\u00f1o entrante el certamen de M\u00edster Puerto Rico tenga igual o mayor representaci\u00f3n de delegados boricuas dado al auge que ha tenido este concurso. \u201cLa celebraci\u00f3n del certamen de M\u00edster Puerto Rico 2015, signific\u00f3 un nuevo cap\u00edtulo en el libro de la moda y belleza masculina en la Isla, ya que sirvi\u00f3 de plataforma para que j\u00f3venes puertorrique\u00f1os puedan representar internacionalmente la cultura e idiosincrasia de nuestro pueblo\u201d, concluy\u00f3. <\/font><\/p>\n","protected":false},"excerpt":{"rendered":"<p>Con un nuevo soberano amaneci\u00f3 Puerto Rico hoy tras la selecci\u00f3n de Fernando \u00c1lvarez como ganador del t\u00edtulo de M\u00edster Puerto Rico 2015; evento llevado a cabo en el Museo de Arte de Puerto Rico de Santurce. El nuevo delegado,&hellip;<\/p>\n<p class=\"more-link-p\"><a class=\"more-link\" href=\"https:\/\/bobvarela.com\/?p=63820\">Read more &rarr;<\/a><\/p>\n","protected":false},"author":1,"featured_media":0,"comment_status":"open","ping_status":"open","sticky":false,"template":"","format":"standard","meta":{"ngg_post_thumbnail":0,"footnotes":""},"categories":[5,477],"tags":[],"class_list":["post-63820","post","type-post","status-publish","format-standard","hentry","category-concursos","category-mister"],"_links":{"self":[{"href":"https:\/\/bobvarela.com\/index.php?rest_route=\/wp\/v2\/posts\/63820","targetHints":{"allow":["GET"]}}],"collection":[{"href":"https:\/\/bobvarela.com\/index.php?rest_route=\/wp\/v2\/posts"}],"about":[{"href":"https:\/\/bobvarela.com\/index.php?rest_route=\/wp\/v2\/types\/post"}],"author":[{"embeddable":true,"href":"https:\/\/bobvarela.com\/index.php?rest_route=\/wp\/v2\/users\/1"}],"replies":[{"embeddable":true,"href":"https:\/\/bobvarela.com\/index.php?rest_route=%2Fwp%2Fv2%2Fcomments&post=63820"}],"version-history":[{"count":1,"href":"https:\/\/bobvarela.com\/index.php?rest_route=\/wp\/v2\/posts\/63820\/revisions"}],"predecessor-version":[{"id":63821,"href":"https:\/\/bobvarela.com\/index.php?rest_route=\/wp\/v2\/posts\/63820\/revisions\/63821"}],"wp:attachment":[{"href":"https:\/\/bobvarela.com\/index.php?rest_route=%2Fwp%2Fv2%2Fmedia&parent=63820"}],"wp:term":[{"taxonomy":"category","embeddable":true,"href":"https:\/\/bobvarela.com\/index.php?rest_route=%2Fwp%2Fv2%2Fcategories&post=63820"},{"taxonomy":"post_tag","embeddable":true,"href":"https:\/\/bobvarela.com\/index.php?rest_route=%2Fwp%2Fv2%2Ftags&post=63820"}],"curies":[{"name":"wp","href":"https:\/\/api.w.org\/{rel}","templated":true}]}}