{"id":64986,"date":"2014-10-13T16:32:32","date_gmt":"2014-10-13T20:32:32","guid":{"rendered":"https:\/\/bobvarela.com\/?p=64986"},"modified":"2014-10-13T16:33:43","modified_gmt":"2014-10-13T20:33:43","slug":"joseph-da-ponte-primavera-verano-2015-god-save-the-queen","status":"publish","type":"post","link":"https:\/\/bobvarela.com\/?p=64986","title":{"rendered":"Joseph Da&rsquo; Ponte Primavera | Verano 2015 God Save the Queen"},"content":{"rendered":"<p align=\"justify\"><font size=\"3\">El 12 de octubre, se llevo a cabo el evento de moda ExpoModa 2014,donde Joseph Da\u2019 Ponte presento su m\u00e1s reciente colecci\u00f3n Primavera | Verano 2015 <i>God Save the Queen <\/i>en el Centro de Convenciones de Puerto Rico Dr. Pedro J. Rossell\u00f3 Gonz\u00e1lez<\/font><\/p>\n<p align=\"justify\"><font size=\"3\">En esta ocasi\u00f3n Da\u2019 Ponte le mostro a sus espectadores, que pasar\u00eda si la burgues\u00eda del siglo 16 utilizara los textiles y elementos de lo que pudo haber sido una gran marca para la historia de Londres. <\/font><\/p>\n<p align=\"justify\"><a href=\"https:\/\/bobvarela.com\/wp-content\/uploads\/2014\/10\/IMG_4564.jpg\"><img loading=\"lazy\" decoding=\"async\" title=\"IMG_4564\" style=\"border-top: 0px; border-right: 0px; background-image: none; border-bottom: 0px; padding-top: 0px; padding-left: 0px; border-left: 0px; display: inline; padding-right: 0px\" border=\"0\" alt=\"IMG_4564\" src=\"https:\/\/bobvarela.com\/wp-content\/uploads\/2014\/10\/IMG_4564_thumb.jpg\" width=\"194\" height=\"134\" \/><\/a><a href=\"https:\/\/bobvarela.com\/wp-content\/uploads\/2014\/10\/IMG_4396.jpg\"><img loading=\"lazy\" decoding=\"async\" title=\"IMG_4396\" style=\"border-top: 0px; border-right: 0px; background-image: none; border-bottom: 0px; padding-top: 0px; padding-left: 0px; border-left: 0px; display: inline; padding-right: 0px\" border=\"0\" alt=\"IMG_4396\" src=\"https:\/\/bobvarela.com\/wp-content\/uploads\/2014\/10\/IMG_4396_thumb.jpg\" width=\"208\" height=\"134\" \/><\/a><a href=\"https:\/\/bobvarela.com\/wp-content\/uploads\/2014\/10\/IMG_4476.jpg\"><img loading=\"lazy\" decoding=\"async\" title=\"IMG_4476\" style=\"border-top: 0px; border-right: 0px; background-image: none; border-bottom: 0px; padding-top: 0px; padding-left: 0px; border-left: 0px; display: inline; padding-right: 0px\" border=\"0\" alt=\"IMG_4476\" src=\"https:\/\/bobvarela.com\/wp-content\/uploads\/2014\/10\/IMG_4476_thumb.jpg\" width=\"198\" height=\"134\" \/><\/a><\/p>\n<p align=\"justify\"><font size=\"3\">\u201cEl show es una fusi\u00f3n de \u00e9poca y estilos. Es la uni\u00f3n de la anarqu\u00eda brit\u00e1nica de 1980 fusionando a la burgues\u00eda del siglo 16\u201d, indic\u00f3 el dise\u00f1ador. <\/font><\/p>\n<p align=\"justify\"><font size=\"3\">\u00bfSuena familiar la tem\u00e1tica del desfile? Lo es, pues ese es el t\u00edtulo del himno de los brit\u00e1nicos, pero como esa no es la l\u00ednea de Joseph, el dise\u00f1ador se inspir\u00f3 en la canci\u00f3n que lleva el mismo nombre \u201cGod Save the Queen\u201d; pero la versi\u00f3n interpretada por la banda <i>Sex Pistols. <\/i>Dicha canci\u00f3n es hist\u00f3rica y va dirigida a la reina de Inglaterra, para la anarqu\u00eda brit\u00e1nica.<\/font> <\/p>\n<p align=\"justify\"><font size=\"3\">Estilista dirigido por Benjau Escoda y maquillistas dirigido por Willy Rosado.<\/font><\/p>\n<p align=\"justify\"><font size=\"3\">Luego pondremos mas fotos de Backstage en nuestro Fan Page<\/font><\/p>\n<p align=\"justify\"><span style=\"font-size: medium; font-family: verdana\">ngg_shortcode_0_placeholder<\/span><font size=\"4\"><span style=\"font-size: medium; font-family: verdana\"><\/span><\/font><\/p>\n","protected":false},"excerpt":{"rendered":"<p>El 12 de octubre, se llevo a cabo el evento de moda ExpoModa 2014,donde Joseph Da\u2019 Ponte presento su m\u00e1s reciente colecci\u00f3n Primavera | Verano 2015 God Save the Queen en el Centro de Convenciones de Puerto Rico Dr. Pedro&hellip;<\/p>\n<p class=\"more-link-p\"><a class=\"more-link\" href=\"https:\/\/bobvarela.com\/?p=64986\">Read more &rarr;<\/a><\/p>\n","protected":false},"author":1,"featured_media":0,"comment_status":"open","ping_status":"open","sticky":false,"template":"","format":"standard","meta":{"ngg_post_thumbnail":0,"footnotes":""},"categories":[4,295],"tags":[],"class_list":["post-64986","post","type-post","status-publish","format-standard","hentry","category-moda","category-puerto-rico"],"_links":{"self":[{"href":"https:\/\/bobvarela.com\/index.php?rest_route=\/wp\/v2\/posts\/64986","targetHints":{"allow":["GET"]}}],"collection":[{"href":"https:\/\/bobvarela.com\/index.php?rest_route=\/wp\/v2\/posts"}],"about":[{"href":"https:\/\/bobvarela.com\/index.php?rest_route=\/wp\/v2\/types\/post"}],"author":[{"embeddable":true,"href":"https:\/\/bobvarela.com\/index.php?rest_route=\/wp\/v2\/users\/1"}],"replies":[{"embeddable":true,"href":"https:\/\/bobvarela.com\/index.php?rest_route=%2Fwp%2Fv2%2Fcomments&post=64986"}],"version-history":[{"count":2,"href":"https:\/\/bobvarela.com\/index.php?rest_route=\/wp\/v2\/posts\/64986\/revisions"}],"predecessor-version":[{"id":64988,"href":"https:\/\/bobvarela.com\/index.php?rest_route=\/wp\/v2\/posts\/64986\/revisions\/64988"}],"wp:attachment":[{"href":"https:\/\/bobvarela.com\/index.php?rest_route=%2Fwp%2Fv2%2Fmedia&parent=64986"}],"wp:term":[{"taxonomy":"category","embeddable":true,"href":"https:\/\/bobvarela.com\/index.php?rest_route=%2Fwp%2Fv2%2Fcategories&post=64986"},{"taxonomy":"post_tag","embeddable":true,"href":"https:\/\/bobvarela.com\/index.php?rest_route=%2Fwp%2Fv2%2Ftags&post=64986"}],"curies":[{"name":"wp","href":"https:\/\/api.w.org\/{rel}","templated":true}]}}