{"id":65177,"date":"2014-10-17T07:22:10","date_gmt":"2014-10-17T11:22:10","guid":{"rendered":"https:\/\/bobvarela.com\/?p=65177"},"modified":"2014-10-17T07:22:17","modified_gmt":"2014-10-17T11:22:17","slug":"stella-nolasco-primavera-verano-2015","status":"publish","type":"post","link":"https:\/\/bobvarela.com\/?p=65177","title":{"rendered":"Stella Nolasco  Primavera Verano 2015"},"content":{"rendered":"<p align=\"justify\"><font size=\"3\">El 16 de octubre luego de su exitosa presentaci\u00f3n en el <\/font><a href=\"https:\/\/www.facebook.com\/MBFashionWeek\"><font size=\"3\">Mercedes Benz Fashion Week, New York<\/font><\/a><font size=\"3\">, la dise\u00f1adora Stella Nolasco presento su colecci\u00f3n primavera Verano 2015 titulado &quot;The Saint of My Devotion&quot; Su inspiraci\u00f3n a la hora de dise\u00f1ar los vestidos para el desfile, fueron los santos tallados en madera de Puerto Rico, ya que es una gran admiradora de las artesan\u00edas de la Isla. La actividad se llevo a cabo en el ballroom de El San Juan Resort &amp; Casino. El desfile fue a beneficio de la fundaci\u00f3n Gogui<\/font><\/p>\n<p align=\"justify\"><font size=\"3\"><a href=\"https:\/\/bobvarela.com\/wp-content\/uploads\/2014\/10\/IMG_5679.jpg\"><img loading=\"lazy\" decoding=\"async\" title=\"IMG_5679\" style=\"border-top: 0px; border-right: 0px; background-image: none; border-bottom: 0px; padding-top: 0px; padding-left: 0px; border-left: 0px; display: inline; padding-right: 0px\" border=\"0\" alt=\"IMG_5679\" src=\"https:\/\/bobvarela.com\/wp-content\/uploads\/2014\/10\/IMG_5679_thumb.jpg\" width=\"198\" height=\"134\" \/><\/a><a href=\"https:\/\/bobvarela.com\/wp-content\/uploads\/2014\/10\/IMG_5682.jpg\"><img loading=\"lazy\" decoding=\"async\" title=\"IMG_5682\" style=\"border-top: 0px; border-right: 0px; background-image: none; border-bottom: 0px; padding-top: 0px; padding-left: 0px; border-left: 0px; display: inline; padding-right: 0px\" border=\"0\" alt=\"IMG_5682\" src=\"https:\/\/bobvarela.com\/wp-content\/uploads\/2014\/10\/IMG_5682_thumb.jpg\" width=\"173\" height=\"134\" \/><\/a><a href=\"https:\/\/bobvarela.com\/wp-content\/uploads\/2014\/10\/IMG_5685.jpg\"><img loading=\"lazy\" decoding=\"async\" title=\"IMG_5685\" style=\"border-top: 0px; border-right: 0px; background-image: none; border-bottom: 0px; padding-top: 0px; padding-left: 0px; border-left: 0px; display: inline; padding-right: 0px\" border=\"0\" alt=\"IMG_5685\" src=\"https:\/\/bobvarela.com\/wp-content\/uploads\/2014\/10\/IMG_5685_thumb.jpg\" width=\"198\" height=\"134\" \/><\/a><a href=\"https:\/\/bobvarela.com\/wp-content\/uploads\/2014\/10\/IMG_5695.jpg\"><img loading=\"lazy\" decoding=\"async\" title=\"IMG_5695\" style=\"border-top: 0px; border-right: 0px; background-image: none; border-bottom: 0px; padding-top: 0px; padding-left: 0px; border-left: 0px; display: inline; padding-right: 0px\" border=\"0\" alt=\"IMG_5695\" src=\"https:\/\/bobvarela.com\/wp-content\/uploads\/2014\/10\/IMG_5695_thumb.jpg\" width=\"198\" height=\"134\" \/><\/a><a href=\"https:\/\/bobvarela.com\/wp-content\/uploads\/2014\/10\/IMG_5699.jpg\"><img loading=\"lazy\" decoding=\"async\" title=\"IMG_5699\" style=\"border-top: 0px; border-right: 0px; background-image: none; border-bottom: 0px; padding-top: 0px; padding-left: 0px; border-left: 0px; display: inline; padding-right: 0px\" border=\"0\" alt=\"IMG_5699\" src=\"https:\/\/bobvarela.com\/wp-content\/uploads\/2014\/10\/IMG_5699_thumb.jpg\" width=\"198\" height=\"134\" \/><\/a><a href=\"https:\/\/bobvarela.com\/wp-content\/uploads\/2014\/10\/IMG_5702.jpg\"><img loading=\"lazy\" decoding=\"async\" title=\"IMG_5702\" style=\"border-top: 0px; border-right: 0px; background-image: none; border-bottom: 0px; padding-top: 0px; padding-left: 0px; border-left: 0px; display: inline; padding-right: 0px\" border=\"0\" alt=\"IMG_5702\" src=\"https:\/\/bobvarela.com\/wp-content\/uploads\/2014\/10\/IMG_5702_thumb.jpg\" width=\"198\" height=\"134\" \/><\/a><a href=\"https:\/\/bobvarela.com\/wp-content\/uploads\/2014\/10\/IMG_5708.jpg\"><img loading=\"lazy\" decoding=\"async\" title=\"IMG_5708\" style=\"border-top: 0px; border-right: 0px; background-image: none; border-bottom: 0px; padding-top: 0px; padding-left: 0px; border-left: 0px; display: inline; padding-right: 0px\" border=\"0\" alt=\"IMG_5708\" src=\"https:\/\/bobvarela.com\/wp-content\/uploads\/2014\/10\/IMG_5708_thumb.jpg\" width=\"198\" height=\"134\" \/><\/a><a href=\"https:\/\/bobvarela.com\/wp-content\/uploads\/2014\/10\/IMG_5713.jpg\"><img loading=\"lazy\" decoding=\"async\" title=\"IMG_5713\" style=\"border-top: 0px; border-right: 0px; background-image: none; border-bottom: 0px; padding-top: 0px; padding-left: 0px; border-left: 0px; display: inline; padding-right: 0px\" border=\"0\" alt=\"IMG_5713\" src=\"https:\/\/bobvarela.com\/wp-content\/uploads\/2014\/10\/IMG_5713_thumb.jpg\" width=\"198\" height=\"134\" \/><\/a><a href=\"https:\/\/bobvarela.com\/wp-content\/uploads\/2014\/10\/IMG_5720.jpg\"><img loading=\"lazy\" decoding=\"async\" title=\"IMG_5720\" style=\"border-top: 0px; border-right: 0px; background-image: none; border-bottom: 0px; padding-top: 0px; padding-left: 0px; border-left: 0px; display: inline; padding-right: 0px\" border=\"0\" alt=\"IMG_5720\" src=\"https:\/\/bobvarela.com\/wp-content\/uploads\/2014\/10\/IMG_5720_thumb.jpg\" width=\"198\" height=\"134\" \/><\/a><\/font><\/p>\n<p align=\"justify\"><font size=\"3\">Para conocer la <b>Fundaci\u00f3n Gogui, Inc., <\/b>\u00e9sta es el legado de Jos\u00e9 Rodrigo Dub\u00f3n-Otero a la juventud puertorrique\u00f1a. Dub\u00f3n tuvo como objetivos primordiales el cuidado de la salud y fomentar la excelencia educativa en Puerto Rico. Asimism, aportar como aportaci\u00f3n al desarrollo de un mejor ma\u00f1ana en la Isla. GOGUI fue organizada el 3 de marzo de 1966 en memoria de Jos\u00e9 Rodrigo (\u201cGogui\u201d) Dub\u00f3n Otero, fallecido en Boston, Massachussets el 14 de abril de 1958 de una dolencia cardiovascular cong\u00e9nita. (<\/font><a href=\"https:\/\/www.fundaciongogui.org\/\"><font size=\"3\">https:\/\/www.fundaciongogui.org\/<\/font><\/a><font size=\"3\">)<\/font><\/p>\n<p align=\"justify\"><span style=\"font-size: medium; font-family: verdana\">ngg_shortcode_0_placeholder<\/span><\/p>\n","protected":false},"excerpt":{"rendered":"<p>El 16 de octubre luego de su exitosa presentaci\u00f3n en el Mercedes Benz Fashion Week, New York, la dise\u00f1adora Stella Nolasco presento su colecci\u00f3n primavera Verano 2015 titulado &quot;The Saint of My Devotion&quot; Su inspiraci\u00f3n a la hora de dise\u00f1ar&hellip;<\/p>\n<p class=\"more-link-p\"><a class=\"more-link\" href=\"https:\/\/bobvarela.com\/?p=65177\">Read more &rarr;<\/a><\/p>\n","protected":false},"author":1,"featured_media":0,"comment_status":"open","ping_status":"open","sticky":false,"template":"","format":"standard","meta":{"ngg_post_thumbnail":0,"footnotes":""},"categories":[4,295],"tags":[],"class_list":["post-65177","post","type-post","status-publish","format-standard","hentry","category-moda","category-puerto-rico"],"_links":{"self":[{"href":"https:\/\/bobvarela.com\/index.php?rest_route=\/wp\/v2\/posts\/65177","targetHints":{"allow":["GET"]}}],"collection":[{"href":"https:\/\/bobvarela.com\/index.php?rest_route=\/wp\/v2\/posts"}],"about":[{"href":"https:\/\/bobvarela.com\/index.php?rest_route=\/wp\/v2\/types\/post"}],"author":[{"embeddable":true,"href":"https:\/\/bobvarela.com\/index.php?rest_route=\/wp\/v2\/users\/1"}],"replies":[{"embeddable":true,"href":"https:\/\/bobvarela.com\/index.php?rest_route=%2Fwp%2Fv2%2Fcomments&post=65177"}],"version-history":[{"count":1,"href":"https:\/\/bobvarela.com\/index.php?rest_route=\/wp\/v2\/posts\/65177\/revisions"}],"predecessor-version":[{"id":65178,"href":"https:\/\/bobvarela.com\/index.php?rest_route=\/wp\/v2\/posts\/65177\/revisions\/65178"}],"wp:attachment":[{"href":"https:\/\/bobvarela.com\/index.php?rest_route=%2Fwp%2Fv2%2Fmedia&parent=65177"}],"wp:term":[{"taxonomy":"category","embeddable":true,"href":"https:\/\/bobvarela.com\/index.php?rest_route=%2Fwp%2Fv2%2Fcategories&post=65177"},{"taxonomy":"post_tag","embeddable":true,"href":"https:\/\/bobvarela.com\/index.php?rest_route=%2Fwp%2Fv2%2Ftags&post=65177"}],"curies":[{"name":"wp","href":"https:\/\/api.w.org\/{rel}","templated":true}]}}