{"id":65195,"date":"2014-10-21T19:12:27","date_gmt":"2014-10-21T23:12:27","guid":{"rendered":"https:\/\/bobvarela.com\/?p=65195"},"modified":"2014-10-21T19:12:33","modified_gmt":"2014-10-21T23:12:33","slug":"harry-robles-y-eclptica-inician-la-alianza-entre-san-juan-moda-y-dominicana-moda","status":"publish","type":"post","link":"https:\/\/bobvarela.com\/?p=65195","title":{"rendered":"Harry Robles y Ecl&iacute;ptica inician la alianza entre San Juan Moda y Dominicana Moda"},"content":{"rendered":"<p align=\"justify\"><a href=\"https:\/\/bobvarela.com\/wp-content\/uploads\/2014\/10\/leonel_lirio.jpg\"><img loading=\"lazy\" decoding=\"async\" title=\"leonel_lirio\" style=\"border-top: 0px; border-right: 0px; background-image: none; border-bottom: 0px; float: left; padding-top: 0px; padding-left: 0px; border-left: 0px; display: inline; padding-right: 0px\" border=\"0\" alt=\"leonel_lirio\" src=\"https:\/\/bobvarela.com\/wp-content\/uploads\/2014\/10\/leonel_lirio_thumb.jpg\" width=\"159\" align=\"left\" height=\"253\" \/><\/a><font size=\"3\">Gracias al esfuerzo&#160; de <b>San Juan Moda<\/b>, hoy la moda puertorrique\u00f1a ser\u00e1 protagonista en el importante evento <b>Dominicana Moda<\/b>, que se lleva a cabo durante esta semana en Santo Domingo. Los reconocidos eventos, <b>San Juan Moda<\/b> y <b>Dominicana Moda<\/b>, se unieron para establecer una alianza para fortalecer la industria de la moda en la regi\u00f3n Caribe.<\/font><\/p>\n<p align=\"justify\"><font size=\"3\">Anoche inici\u00f3 <b>Dominicana Moda<\/b>, la semana de la moda oficial en Rep\u00fablica Dominicana, con la presentaci\u00f3n del dise\u00f1ador dominicano Leonel Lirio y el colectivo Cayena.&#160; El Hotel Occidental El Embajador, es la sede del evento donde m\u00e1s de 30 dise\u00f1adores pasar\u00e1n por la pasarela m\u00e1s importante del Pa\u00eds y dos ser\u00e1n puertorrique\u00f1os.<\/font><\/p>\n<p align=\"justify\">&#160;<\/p>\n<p align=\"justify\"><font size=\"3\"><b>Dominicana Moda<\/b> es organizada por los reconocidos profesionales S\u00f3crates Mckinney, Fidel L\u00f3pez y Mirka Morales. Desde sus inicios el evento ha tenido un esp\u00edritu de responsabilidad social, por lo que destina parte de sus ingresos a 22 instituciones ben\u00e9ficas del Pa\u00eds.<\/font><\/p>\n<p align=\"justify\"><a href=\"https:\/\/bobvarela.com\/wp-content\/uploads\/2014\/10\/Leonel_Lirio_VPDominicana_CarlosBermudez.jpg\"><img loading=\"lazy\" decoding=\"async\" title=\"Leonel_Lirio_VPDominicana_CarlosBermudez\" style=\"border-top: 0px; border-right: 0px; background-image: none; border-bottom: 0px; float: none; padding-top: 0px; padding-left: 0px; margin-left: auto; border-left: 0px; display: block; padding-right: 0px; margin-right: auto\" border=\"0\" alt=\"Leonel_Lirio_VPDominicana_CarlosBermudez\" src=\"https:\/\/bobvarela.com\/wp-content\/uploads\/2014\/10\/Leonel_Lirio_VPDominicana_CarlosBermudez_thumb.jpg\" width=\"268\" height=\"227\" \/><\/a><font size=\"3\"><\/font><\/p>\n<p align=\"justify\"><font size=\"3\">Con el fin de fortalecer la industria de la moda en la regi\u00f3n del caribe, Carlos Berm\u00fadez, presidente de <b>San Juan Moda<\/b>, y S\u00f3crates Mckinney, de <b>Dominicana Moda<\/b>, anunciaron el mes pasado la alianza que inicia hoy en Santo Domingo con la presentaci\u00f3n de los dise\u00f1adores puertorrique\u00f1os <b>Harry Robles<\/b> y las hermanas Michelle y Norein Otero de la marca <b>Ecl\u00edptica<\/b>.<\/font><\/p>\n<p align=\"justify\"><font size=\"3\"><b><i>\u201cHemos encontrado en San Juan Moda el partner ideal para continuar el desarrollo de la moda en el Caribe. Empezaremos con el intercambio de dise\u00f1adores pero queremos que esta alianza nos lleve a compartir talentos y recursos en otras \u00e1reas de la industria\u201d<\/i><\/b>, expres\u00f3 Mckinney quien al iniciar la semana de la moda reiter\u00f3 su pedido para que se dedique una calle al dise\u00f1ador <b>Oscar de la Renta<\/b>.<\/font><\/p>\n<p align=\"center\"><a href=\"https:\/\/bobvarela.com\/wp-content\/uploads\/2014\/10\/leonel_lirio3.jpg\"><img loading=\"lazy\" decoding=\"async\" title=\"leonel_lirio3\" style=\"border-top: 0px; border-right: 0px; background-image: none; border-bottom: 0px; padding-top: 0px; padding-left: 0px; border-left: 0px; display: inline; padding-right: 0px\" border=\"0\" alt=\"leonel_lirio3\" src=\"https:\/\/bobvarela.com\/wp-content\/uploads\/2014\/10\/leonel_lirio3_thumb.jpg\" width=\"386\" height=\"289\" \/><\/a><\/p>\n<p align=\"justify\"><font size=\"3\">Por su parte Berm\u00fadez signific\u00f3 la alianza destacando que a tan solo un a\u00f1o de la creaci\u00f3n de <b>San Juan Moda<\/b> han logrado superar sus expectativas con el inicio de esta alianza internacional. <b><i>\u201cEs parte del inicio de una jornada de grandes proyectos para la industria de la moda. Hemos despertado un inter\u00e9s por una industria con grandes posibilidades como lo es la moda. Hoy San Juan Moda llega a otro destino con el fin de expandir el talento local y mover nuestra industria. Esta noche ser\u00e1 una de muchas que estaremos propiciando\u201d.<\/i><\/b><\/font><\/p>\n","protected":false},"excerpt":{"rendered":"<p>Gracias al esfuerzo&#160; de San Juan Moda, hoy la moda puertorrique\u00f1a ser\u00e1 protagonista en el importante evento Dominicana Moda, que se lleva a cabo durante esta semana en Santo Domingo. Los reconocidos eventos, San Juan Moda y Dominicana Moda, se&hellip;<\/p>\n<p class=\"more-link-p\"><a class=\"more-link\" href=\"https:\/\/bobvarela.com\/?p=65195\">Read more &rarr;<\/a><\/p>\n","protected":false},"author":1,"featured_media":0,"comment_status":"open","ping_status":"open","sticky":false,"template":"","format":"standard","meta":{"ngg_post_thumbnail":0,"footnotes":""},"categories":[4],"tags":[],"class_list":["post-65195","post","type-post","status-publish","format-standard","hentry","category-moda"],"_links":{"self":[{"href":"https:\/\/bobvarela.com\/index.php?rest_route=\/wp\/v2\/posts\/65195","targetHints":{"allow":["GET"]}}],"collection":[{"href":"https:\/\/bobvarela.com\/index.php?rest_route=\/wp\/v2\/posts"}],"about":[{"href":"https:\/\/bobvarela.com\/index.php?rest_route=\/wp\/v2\/types\/post"}],"author":[{"embeddable":true,"href":"https:\/\/bobvarela.com\/index.php?rest_route=\/wp\/v2\/users\/1"}],"replies":[{"embeddable":true,"href":"https:\/\/bobvarela.com\/index.php?rest_route=%2Fwp%2Fv2%2Fcomments&post=65195"}],"version-history":[{"count":1,"href":"https:\/\/bobvarela.com\/index.php?rest_route=\/wp\/v2\/posts\/65195\/revisions"}],"predecessor-version":[{"id":65196,"href":"https:\/\/bobvarela.com\/index.php?rest_route=\/wp\/v2\/posts\/65195\/revisions\/65196"}],"wp:attachment":[{"href":"https:\/\/bobvarela.com\/index.php?rest_route=%2Fwp%2Fv2%2Fmedia&parent=65195"}],"wp:term":[{"taxonomy":"category","embeddable":true,"href":"https:\/\/bobvarela.com\/index.php?rest_route=%2Fwp%2Fv2%2Fcategories&post=65195"},{"taxonomy":"post_tag","embeddable":true,"href":"https:\/\/bobvarela.com\/index.php?rest_route=%2Fwp%2Fv2%2Ftags&post=65195"}],"curies":[{"name":"wp","href":"https:\/\/api.w.org\/{rel}","templated":true}]}}