{"id":65369,"date":"2014-10-22T17:29:43","date_gmt":"2014-10-22T21:29:43","guid":{"rendered":"https:\/\/bobvarela.com\/?p=65369"},"modified":"2014-10-22T17:29:45","modified_gmt":"2014-10-22T21:29:45","slug":"llega-el-festival-del-atlntico-a-arecibo","status":"publish","type":"post","link":"https:\/\/bobvarela.com\/?p=65369","title":{"rendered":"Llega el Festival del Atl&aacute;ntico a Arecibo"},"content":{"rendered":"<p align=\"left\"><strong><font size=\"3\"><img loading=\"lazy\" decoding=\"async\" style=\"float: none; margin-left: auto; display: block; margin-right: auto\" border=\"0\" hspace=\"5\" vspace=\"5\" src=\"https:\/\/ih.constantcontact.com\/fs181\/1102398773358\/img\/1277.jpg\" width=\"498\" height=\"331\" \/> <\/font><\/strong><\/p>\n<p align=\"left\"><strong><font size=\"3\"><\/font><\/strong><\/p>\n<p align=\"justify\"><font size=\"3\"> En la uni\u00f3n est\u00e1 la fuerza. Este refr\u00e1n claramente describe lo que ha sido la iniciativa del Municipio de Arecibo y su alcalde Carlos Molina, de unir a la empresa privada y a diferentes agencias estatales en lo que ser\u00e1 la primera edici\u00f3n del Festival del Atl\u00e1ntico.<\/font><\/p>\n<p align=\"justify\"><font size=\"3\">Este magno evento, orientado a la familia, se llevar\u00e1 a cabo el 1 y 2 de noviembre en el Paseo del Atl\u00e1ntico (conocido como la marginal V\u00edctor Rojas) en el casco urbano de la Villa del Capit\u00e1n Correa. El Festival brindar\u00e1 un fin de semana lleno de actividades para grandes y chicos, en un ambiente completamente seguro y de sano entretenimiento.<\/font><\/p>\n<p align=\"justify\"><font size=\"3\">El Festival del Atl\u00e1ntico arrancar\u00e1 el s\u00e1bado 1 de noviembre a partir de las 2:00 p.m. con artesanos, competencia de Pesca de Orilla, juegos para ni\u00f1os y j\u00f3venes, inflables y mucho m\u00e1s. El evento tambi\u00e9n incluir\u00e1 el elemento deportivo con un gran torneo de &quot;paddle board&quot;, uno de los deportes acu\u00e1ticos m\u00e1s en boga en estos momentos.<\/font><\/p>\n<p align=\"justify\"><font size=\"3\"><strong><em>&quot;Nuestra Villa del Capit\u00e1n del Correa se enorgullece de poder brindarle a sus ciudadanos, y a todos los que nos visiten, la oportunidad de disfrutar de un evento tan especial como ser\u00e1 el Festival del Atl\u00e1ntico.&#160; Agradecemos a la productora Milly Cangiano y a cada uno de los auspiciadores y agencias estatales que se han unido a este gran evento&quot;<\/em><\/strong>, expres\u00f3 el alcalde de Arecibo Carlos Molina.<\/font><\/p>\n<p align=\"left\"><font size=\"3\"><img loading=\"lazy\" decoding=\"async\" style=\"float: none; margin-left: auto; display: block; margin-right: auto\" border=\"0\" hspace=\"5\" vspace=\"5\" src=\"https:\/\/ih.constantcontact.com\/fs181\/1102398773358\/img\/1276.jpg\" width=\"561\" height=\"339\" \/> <\/font><\/p>\n<p align=\"justify\"><font size=\"3\">Durante ese primer d\u00eda el Festival tambi\u00e9n brindar\u00e1 a todos los presentes la oportunidad de disfrutar de un recorrido tur\u00edstico por la ciudad de Arecibo, saliendo del Paseo del Atl\u00e1ntico y visitando las principales atracciones tur\u00edsticas de la Ciudad.&#160; De igual forma el p\u00fablico podr\u00e1 formar parte de diferentes cl\u00ednicas de salud e incluso tendr\u00e1 la oportunidad de vacunarse contra la influenza gracias al Departamento de Salud.<\/font><\/p>\n<p align=\"justify\"><font size=\"3\">El domingo ser\u00e1 un d\u00eda muy especial pues se estar\u00e1 llevando a cabo el Gran Desfile de Barcos del Comodoro gracias al Club Na\u00fatico de Arecibo. M\u00e1s de 40 embarcaciones har\u00e1n un recorrido por el Oceano Atl\u00e1ntico a orillas del Paseo del Atl\u00e1ntico y todos los presentes disfrutar\u00e1n de tan majestuoso desfile, el cual culminar\u00e1 con una presentaci\u00f3n especial delBote Bomba del Cuerpo de Bomberos.<\/font><\/p>\n<p align=\"justify\"><font size=\"3\"><strong><em>&quot;Para el Cuerpo de Bomberos es una gran satisfacci\u00f3n participar de un evento de esta naturaleza donde la cuidadan\u00eda puede conocer las diversas funciones que hacen los bomberos de Puerto Rico&quot;,<\/em><\/strong> indic\u00f3 Angel Crespo, Jefe del Cuerpo de Bomberos.<\/font><\/p>\n<p align=\"justify\"><font size=\"3\">Por su parte el Instituto de Banca y Comercio tendr\u00e1 a su cargo demostraciones de platos t\u00edpicos con cet\u00ed, y el domingo realizar\u00e1n el sanchoco m\u00e1s grande del Atl\u00e1ntico con un oll\u00f3n de sobre 1,000 libras.&#160; De igual forma los presentes tendr\u00e1n la oportunidad de probar y adquirir el ya famoso Caf\u00e9 Arasibo. El Festival, que ser\u00e1 animado por Saritza Alvarado, Gredmarie Col\u00f3n y Luisito Vigoreaux, contar\u00e1 con la m\u00fasica de Algareplena, Ke Me Gusta (tributo a Juan Luis Guerra), Zakandela, Manny Manuel y el gran cierre el domingo con el espect\u00e1culo de La Sonora Ponce\u00f1a.<\/font><\/p>\n","protected":false},"excerpt":{"rendered":"<p>En la uni\u00f3n est\u00e1 la fuerza. Este refr\u00e1n claramente describe lo que ha sido la iniciativa del Municipio de Arecibo y su alcalde Carlos Molina, de unir a la empresa privada y a diferentes agencias estatales en lo que ser\u00e1&hellip;<\/p>\n<p class=\"more-link-p\"><a class=\"more-link\" href=\"https:\/\/bobvarela.com\/?p=65369\">Read more &rarr;<\/a><\/p>\n","protected":false},"author":1,"featured_media":0,"comment_status":"open","ping_status":"open","sticky":false,"template":"","format":"standard","meta":{"ngg_post_thumbnail":0,"footnotes":""},"categories":[3],"tags":[],"class_list":["post-65369","post","type-post","status-publish","format-standard","hentry","category-actividades"],"_links":{"self":[{"href":"https:\/\/bobvarela.com\/index.php?rest_route=\/wp\/v2\/posts\/65369","targetHints":{"allow":["GET"]}}],"collection":[{"href":"https:\/\/bobvarela.com\/index.php?rest_route=\/wp\/v2\/posts"}],"about":[{"href":"https:\/\/bobvarela.com\/index.php?rest_route=\/wp\/v2\/types\/post"}],"author":[{"embeddable":true,"href":"https:\/\/bobvarela.com\/index.php?rest_route=\/wp\/v2\/users\/1"}],"replies":[{"embeddable":true,"href":"https:\/\/bobvarela.com\/index.php?rest_route=%2Fwp%2Fv2%2Fcomments&post=65369"}],"version-history":[{"count":1,"href":"https:\/\/bobvarela.com\/index.php?rest_route=\/wp\/v2\/posts\/65369\/revisions"}],"predecessor-version":[{"id":65370,"href":"https:\/\/bobvarela.com\/index.php?rest_route=\/wp\/v2\/posts\/65369\/revisions\/65370"}],"wp:attachment":[{"href":"https:\/\/bobvarela.com\/index.php?rest_route=%2Fwp%2Fv2%2Fmedia&parent=65369"}],"wp:term":[{"taxonomy":"category","embeddable":true,"href":"https:\/\/bobvarela.com\/index.php?rest_route=%2Fwp%2Fv2%2Fcategories&post=65369"},{"taxonomy":"post_tag","embeddable":true,"href":"https:\/\/bobvarela.com\/index.php?rest_route=%2Fwp%2Fv2%2Ftags&post=65369"}],"curies":[{"name":"wp","href":"https:\/\/api.w.org\/{rel}","templated":true}]}}