{"id":65383,"date":"2014-10-25T08:29:21","date_gmt":"2014-10-25T12:29:21","guid":{"rendered":"https:\/\/bobvarela.com\/?p=65383"},"modified":"2014-10-25T08:29:40","modified_gmt":"2014-10-25T12:29:40","slug":"diseador-ponceo-se-presenta-en-texas","status":"publish","type":"post","link":"https:\/\/bobvarela.com\/?p=65383","title":{"rendered":"Dise&ntilde;ador ponce&ntilde;o se presenta en Texas"},"content":{"rendered":"<p><a href=\"https:\/\/bobvarela.com\/wp-content\/uploads\/2014\/10\/Foto-Christian-Bernard.jpg\"><img loading=\"lazy\" decoding=\"async\" title=\"Foto Christian Bernard\" style=\"border-top: 0px; border-right: 0px; background-image: none; border-bottom: 0px; float: left; padding-top: 0px; padding-left: 0px; border-left: 0px; display: inline; padding-right: 0px\" border=\"0\" alt=\"Foto Christian Bernard\" src=\"https:\/\/bobvarela.com\/wp-content\/uploads\/2014\/10\/Foto-Christian-Bernard_thumb.jpg\" width=\"190\" align=\"left\" height=\"187\" \/><\/a>  <\/p>\n<p align=\"justify\"><font size=\"3\">El dise\u00f1ador ponce\u00f1o Christian Bernard tendr\u00e1 a su cargo el cierre del evento El Paso Fashion Week en Texas hoy, 25 de octubre con su colecci\u00f3n para la primavera\/verano 2015 \u201cGer\u00f3nimo\u201d. <\/font><\/p>\n<p align=\"justify\"><font size=\"3\">\u201cTener a mi cargo el cierre del evento El Paso Fashion Week es una gran responsabilidad, que acept\u00e9 con la genuina intenci\u00f3n de abrirle paso a otros dise\u00f1adores que al igual que yo sue\u00f1an con presentarle su talento al mundo. Me enorgullece representar a Ponce y a Puerto Rico a trav\u00e9s de la moda\u201d, expres\u00f3 Bernard.<\/font><\/p>\n<p align=\"justify\"><a href=\"https:\/\/bobvarela.com\/wp-content\/uploads\/2014\/10\/Foto-Geronimo-SS-2015.jpg\"><img loading=\"lazy\" decoding=\"async\" title=\"Foto Geronimo SS 2015\" style=\"border-top: 0px; border-right: 0px; background-image: none; border-bottom: 0px; float: right; padding-top: 0px; padding-left: 0px; border-left: 0px; display: inline; padding-right: 0px\" border=\"0\" alt=\"Foto Geronimo SS 2015\" src=\"https:\/\/bobvarela.com\/wp-content\/uploads\/2014\/10\/Foto-Geronimo-SS-2015_thumb.jpg\" width=\"194\" align=\"right\" height=\"236\" \/><\/a><font size=\"3\">La sangre por la lucha de Ger\u00f3nimo, un jefe de los indios apaches de Norteam\u00e9rica, contra Estados Unidos y M\u00e9xico fue la inspiraci\u00f3n para que el dise\u00f1ador utilizara estampados y plumas en colores tierra, turquesa y vino en cada pieza. Los accesorios de Alfredo Gonz\u00e1lez complementan la colecci\u00f3n y le a\u00f1aden un toque \u00e9tnico. <\/font><\/p>\n<p align=\"justify\"><font size=\"3\">Con estudios en la escuela de dise\u00f1o de la Universidad Cat\u00f3lica en Ponce y de la escuela de Artes Pl\u00e1sticas en San Juan el trabajo de Christian Bernard se ha distinguido por ser un estilo diferente, juvenil y sofisticado. <\/font><\/p>\n","protected":false},"excerpt":{"rendered":"<p>El dise\u00f1ador ponce\u00f1o Christian Bernard tendr\u00e1 a su cargo el cierre del evento El Paso Fashion Week en Texas hoy, 25 de octubre con su colecci\u00f3n para la primavera\/verano 2015 \u201cGer\u00f3nimo\u201d. \u201cTener a mi cargo el cierre del evento El&hellip;<\/p>\n<p class=\"more-link-p\"><a class=\"more-link\" href=\"https:\/\/bobvarela.com\/?p=65383\">Read more &rarr;<\/a><\/p>\n","protected":false},"author":1,"featured_media":0,"comment_status":"open","ping_status":"open","sticky":false,"template":"","format":"standard","meta":{"ngg_post_thumbnail":0,"footnotes":""},"categories":[4,295],"tags":[],"class_list":["post-65383","post","type-post","status-publish","format-standard","hentry","category-moda","category-puerto-rico"],"_links":{"self":[{"href":"https:\/\/bobvarela.com\/index.php?rest_route=\/wp\/v2\/posts\/65383","targetHints":{"allow":["GET"]}}],"collection":[{"href":"https:\/\/bobvarela.com\/index.php?rest_route=\/wp\/v2\/posts"}],"about":[{"href":"https:\/\/bobvarela.com\/index.php?rest_route=\/wp\/v2\/types\/post"}],"author":[{"embeddable":true,"href":"https:\/\/bobvarela.com\/index.php?rest_route=\/wp\/v2\/users\/1"}],"replies":[{"embeddable":true,"href":"https:\/\/bobvarela.com\/index.php?rest_route=%2Fwp%2Fv2%2Fcomments&post=65383"}],"version-history":[{"count":2,"href":"https:\/\/bobvarela.com\/index.php?rest_route=\/wp\/v2\/posts\/65383\/revisions"}],"predecessor-version":[{"id":65385,"href":"https:\/\/bobvarela.com\/index.php?rest_route=\/wp\/v2\/posts\/65383\/revisions\/65385"}],"wp:attachment":[{"href":"https:\/\/bobvarela.com\/index.php?rest_route=%2Fwp%2Fv2%2Fmedia&parent=65383"}],"wp:term":[{"taxonomy":"category","embeddable":true,"href":"https:\/\/bobvarela.com\/index.php?rest_route=%2Fwp%2Fv2%2Fcategories&post=65383"},{"taxonomy":"post_tag","embeddable":true,"href":"https:\/\/bobvarela.com\/index.php?rest_route=%2Fwp%2Fv2%2Ftags&post=65383"}],"curies":[{"name":"wp","href":"https:\/\/api.w.org\/{rel}","templated":true}]}}