{"id":65404,"date":"2014-10-25T08:54:45","date_gmt":"2014-10-25T12:54:45","guid":{"rendered":"https:\/\/bobvarela.com\/?p=65404"},"modified":"2014-10-25T08:55:15","modified_gmt":"2014-10-25T12:55:15","slug":"diseadora-de-joyera-represent-exitosamente-a-puerto-rico-en-los-estados-unidos-durante-el-latino-fashion-week-en-chicago","status":"publish","type":"post","link":"https:\/\/bobvarela.com\/?p=65404","title":{"rendered":"DISE&Ntilde;ADORA DE JOYER&Iacute;A REPRESENT&Oacute; EXITOSAMENTE A PUERTO RICO EN LOS ESTADOS UNIDOS DURANTE EL LATINO FASHION WEEK EN CHICAGO"},"content":{"rendered":"<p align=\"center\"><a href=\"https:\/\/bobvarela.com\/wp-content\/uploads\/2014\/10\/1DW_9055.jpg\"><img loading=\"lazy\" decoding=\"async\" title=\"1DW_9055\" style=\"border-top: 0px; border-right: 0px; background-image: none; border-bottom: 0px; padding-top: 0px; padding-left: 0px; border-left: 0px; display: inline; padding-right: 0px\" border=\"0\" alt=\"1DW_9055\" src=\"https:\/\/bobvarela.com\/wp-content\/uploads\/2014\/10\/1DW_9055_thumb.jpg\" width=\"332\" height=\"209\" \/><\/a><\/p>\n<p align=\"justify\"><font size=\"3\">La destacada dise\u00f1adora de joyer\u00eda fina y accesorios Ivelisse Nieves present\u00f3 su nueva colecci\u00f3n \u201cLUXOR\u201d, en el Latino Fashion Week, que se llev\u00f3 a cabo en la ciudad de Chicago, Illinois durante la Semana de la Moda del 1ro al 5 de octubre de 2014 en el \u201cBlock Thirty Seven\u201d.<\/font><\/p>\n<p align=\"justify\"><font size=\"3\">\u201cEstoy muy contenta de haber representado a mi Isla nuevamente en una pasarela internacional junto a dise\u00f1adores de gran renombre\u201d, dijo la dise\u00f1adora<\/font><\/p>\n<p align=\"justify\"><a href=\"https:\/\/bobvarela.com\/wp-content\/uploads\/2014\/10\/1DW_9043.jpg\"><img loading=\"lazy\" decoding=\"async\" title=\"1DW_9043\" style=\"border-top: 0px; border-right: 0px; background-image: none; border-bottom: 0px; padding-top: 0px; padding-left: 0px; margin: 0px; border-left: 0px; display: inline; padding-right: 0px\" border=\"0\" alt=\"1DW_9043\" src=\"https:\/\/bobvarela.com\/wp-content\/uploads\/2014\/10\/1DW_9043_thumb.jpg\" width=\"131\" height=\"194\" \/><\/a><a href=\"https:\/\/bobvarela.com\/wp-content\/uploads\/2014\/10\/1DW_8942.jpg\"><img loading=\"lazy\" decoding=\"async\" title=\"1DW_8942\" style=\"border-top: 0px; border-right: 0px; background-image: none; border-bottom: 0px; padding-top: 0px; padding-left: 0px; margin: 0px; border-left: 0px; display: inline; padding-right: 0px\" border=\"0\" alt=\"1DW_8942\" src=\"https:\/\/bobvarela.com\/wp-content\/uploads\/2014\/10\/1DW_8942_thumb.jpg\" width=\"131\" height=\"194\" \/><\/a><a href=\"https:\/\/bobvarela.com\/wp-content\/uploads\/2014\/10\/1DW_8960.jpg\"><img loading=\"lazy\" decoding=\"async\" title=\"1DW_8960\" style=\"border-top: 0px; border-right: 0px; background-image: none; border-bottom: 0px; padding-top: 0px; padding-left: 0px; margin: 0px; border-left: 0px; display: inline; padding-right: 0px\" border=\"0\" alt=\"1DW_8960\" src=\"https:\/\/bobvarela.com\/wp-content\/uploads\/2014\/10\/1DW_8960_thumb.jpg\" width=\"131\" height=\"194\" \/><\/a><a href=\"https:\/\/bobvarela.com\/wp-content\/uploads\/2014\/10\/1DW_9005.jpg\"><img loading=\"lazy\" decoding=\"async\" title=\"1DW_9005\" style=\"border-top: 0px; border-right: 0px; background-image: none; border-bottom: 0px; padding-top: 0px; padding-left: 0px; border-left: 0px; display: inline; padding-right: 0px\" border=\"0\" alt=\"1DW_9005\" src=\"https:\/\/bobvarela.com\/wp-content\/uploads\/2014\/10\/1DW_9005_thumb.jpg\" width=\"131\" height=\"194\" \/><\/a><\/p>\n<p align=\"justify\"><font size=\"3\">La tambi\u00e9n escultora coment\u00f3 que la presentaci\u00f3n de su nueva propuesta para la temporada de primavera-verano 2015 \u201cLuxor\u201d, que tom\u00f3 como motivo de inspiraci\u00f3n las damas del alto y bajo Egipto fue muy bien acogida entre la comunidad Latina e Internacional participantes del evento obteniendo excelentes resultados y abri\u00e9ndose a grandes oportunidades comerciales tanto en Chicago como en otros mercados internacionales. Su colecci\u00f3n impact\u00f3 por ser diferente y de gran calidad. Moda, cultura, arte y joyer\u00eda se fusionaron para crear cada una de las piezas presentadas. La colecci\u00f3n const\u00f3 de collares, pantallas y brasaletes (\u201ccuff\u201d) en metales con \u00e1gatas, cuarzos rosados, turquezas, \u00f3nix, textiles, cadenas, tejidos de piedras y metales. En su presentaci\u00f3n predominaron los tonos azules, rosa, negro, blanco, verde, metales dorados y plateados.<\/font><\/p>\n<p align=\"justify\"><a href=\"https:\/\/bobvarela.com\/wp-content\/uploads\/2014\/10\/1DW_9022.jpg\"><img loading=\"lazy\" decoding=\"async\" title=\"1DW_9022\" style=\"border-top: 0px; border-right: 0px; background-image: none; border-bottom: 0px; padding-top: 0px; padding-left: 0px; margin: 0px; border-left: 0px; display: inline; padding-right: 0px\" border=\"0\" alt=\"1DW_9022\" src=\"https:\/\/bobvarela.com\/wp-content\/uploads\/2014\/10\/1DW_9022_thumb.jpg\" width=\"131\" height=\"194\" \/><\/a><a href=\"https:\/\/bobvarela.com\/wp-content\/uploads\/2014\/10\/1DW_8887.jpg\"><img loading=\"lazy\" decoding=\"async\" title=\"1DW_8887\" style=\"border-top: 0px; border-right: 0px; background-image: none; border-bottom: 0px; padding-top: 0px; padding-left: 0px; border-left: 0px; display: inline; padding-right: 0px\" border=\"0\" alt=\"1DW_8887\" src=\"https:\/\/bobvarela.com\/wp-content\/uploads\/2014\/10\/1DW_8887_thumb.jpg\" width=\"131\" height=\"194\" \/><\/a><a href=\"https:\/\/bobvarela.com\/wp-content\/uploads\/2014\/10\/1DW_8918.jpg\"><img loading=\"lazy\" decoding=\"async\" title=\"1DW_8918\" style=\"border-top: 0px; border-right: 0px; background-image: none; border-bottom: 0px; padding-top: 0px; padding-left: 0px; margin: 0px; border-left: 0px; display: inline; padding-right: 0px\" border=\"0\" alt=\"1DW_8918\" src=\"https:\/\/bobvarela.com\/wp-content\/uploads\/2014\/10\/1DW_8918_thumb.jpg\" width=\"131\" height=\"194\" \/><\/a><a href=\"https:\/\/bobvarela.com\/wp-content\/uploads\/2014\/10\/1DW_8937-Edit.jpg\"><img loading=\"lazy\" decoding=\"async\" title=\"1DW_8937-Edit\" style=\"border-top: 0px; border-right: 0px; background-image: none; border-bottom: 0px; padding-top: 0px; padding-left: 0px; margin: 0px; border-left: 0px; display: inline; padding-right: 0px\" border=\"0\" alt=\"1DW_8937-Edit\" src=\"https:\/\/bobvarela.com\/wp-content\/uploads\/2014\/10\/1DW_8937-Edit_thumb.jpg\" width=\"131\" height=\"194\" \/><\/a><\/p>\n<p align=\"justify\"><font size=\"3\">\u201cEstoy muy agradecida por esta oportunidad tan importante en mi carrera como dise\u00f1adora de accesorios ya que me permiti\u00f3 abrir las puerta a nuevas oportunidades que aportar\u00e1n directa e indirectamente al desarrollo econ\u00f3mico del pa\u00eds\u201d, indic\u00f3 Nieves quien es parte del grupo de dise\u00f1adores del programa de Gobierno de PR que impulsa y promueve el desarrollo del sector de dise\u00f1o y moda a trav\u00e9s de la marca privada P.ERE.<\/font><\/p>\n<p align=\"justify\"><font size=\"3\">Su joyer\u00eda puede encontrarla en varias boutiques en Puerto Rico y en la tienda P.ERE de Plaza Las Am\u00e9ricas y pr\u00f3ximamente en Estados Unidos. Para m\u00e1s informaci\u00f3n pueden acceder a<\/font><\/p>\n<p align=\"justify\"><font size=\"3\"><\/font>    <br \/>www.ivelissenievesjewelry.com    <br \/>Facebook: Ivelisse Nieves Jewelry    <br \/>Twitter: <a href=\"mailto:ivelissenievesjewelry@gmail.com\">ivelissenievesjewelry@gmail.com<\/a><\/p>\n<p>Fotos cortes\u00eda de: Darrell A. White &#8211; <a href=\"https:\/\/darelphotography.com\">darelphotography.com<\/a><\/p>\n<p>Trajes de ba\u00f1o: Bliyi Swimwear<\/p>\n<p>T\u00fanicas; Jose Karlo &#8211; Fashion Designer<\/p>\n","protected":false},"excerpt":{"rendered":"<p>La destacada dise\u00f1adora de joyer\u00eda fina y accesorios Ivelisse Nieves present\u00f3 su nueva colecci\u00f3n \u201cLUXOR\u201d, en el Latino Fashion Week, que se llev\u00f3 a cabo en la ciudad de Chicago, Illinois durante la Semana de la Moda del 1ro al&hellip;<\/p>\n<p class=\"more-link-p\"><a class=\"more-link\" href=\"https:\/\/bobvarela.com\/?p=65404\">Read more &rarr;<\/a><\/p>\n","protected":false},"author":1,"featured_media":0,"comment_status":"open","ping_status":"open","sticky":false,"template":"","format":"standard","meta":{"ngg_post_thumbnail":0,"footnotes":""},"categories":[4,295],"tags":[],"class_list":["post-65404","post","type-post","status-publish","format-standard","hentry","category-moda","category-puerto-rico"],"_links":{"self":[{"href":"https:\/\/bobvarela.com\/index.php?rest_route=\/wp\/v2\/posts\/65404","targetHints":{"allow":["GET"]}}],"collection":[{"href":"https:\/\/bobvarela.com\/index.php?rest_route=\/wp\/v2\/posts"}],"about":[{"href":"https:\/\/bobvarela.com\/index.php?rest_route=\/wp\/v2\/types\/post"}],"author":[{"embeddable":true,"href":"https:\/\/bobvarela.com\/index.php?rest_route=\/wp\/v2\/users\/1"}],"replies":[{"embeddable":true,"href":"https:\/\/bobvarela.com\/index.php?rest_route=%2Fwp%2Fv2%2Fcomments&post=65404"}],"version-history":[{"count":2,"href":"https:\/\/bobvarela.com\/index.php?rest_route=\/wp\/v2\/posts\/65404\/revisions"}],"predecessor-version":[{"id":65406,"href":"https:\/\/bobvarela.com\/index.php?rest_route=\/wp\/v2\/posts\/65404\/revisions\/65406"}],"wp:attachment":[{"href":"https:\/\/bobvarela.com\/index.php?rest_route=%2Fwp%2Fv2%2Fmedia&parent=65404"}],"wp:term":[{"taxonomy":"category","embeddable":true,"href":"https:\/\/bobvarela.com\/index.php?rest_route=%2Fwp%2Fv2%2Fcategories&post=65404"},{"taxonomy":"post_tag","embeddable":true,"href":"https:\/\/bobvarela.com\/index.php?rest_route=%2Fwp%2Fv2%2Ftags&post=65404"}],"curies":[{"name":"wp","href":"https:\/\/api.w.org\/{rel}","templated":true}]}}