{"id":65409,"date":"2014-10-25T13:29:15","date_gmt":"2014-10-25T17:29:15","guid":{"rendered":"https:\/\/bobvarela.com\/?p=65409"},"modified":"2014-10-25T13:29:15","modified_gmt":"2014-10-25T17:29:15","slug":"moda-sin-obstculos-2014-venta-de-taquillas","status":"publish","type":"post","link":"https:\/\/bobvarela.com\/?p=65409","title":{"rendered":"Moda sin Obst&aacute;culos 2014  venta de taquillas"},"content":{"rendered":"<p align=\"justify\"><font size=\"3\"><a href=\"https:\/\/bobvarela.com\/wp-content\/uploads\/2014\/10\/1920014_10152738142455734_315239604070386313_n.jpg\"><img loading=\"lazy\" decoding=\"async\" title=\"1920014_10152738142455734_315239604070386313_n\" style=\"border-top: 0px; border-right: 0px; background-image: none; border-bottom: 0px; float: none; padding-top: 0px; padding-left: 0px; margin-left: auto; border-left: 0px; display: block; padding-right: 0px; margin-right: auto\" border=\"0\" alt=\"1920014_10152738142455734_315239604070386313_n\" src=\"https:\/\/bobvarela.com\/wp-content\/uploads\/2014\/10\/1920014_10152738142455734_315239604070386313_n_thumb.jpg\" width=\"286\" height=\"240\" \/><\/a><\/font><\/p>\n<p><font size=\"3\">Ya comenzamos las ventas de las taquillas del Desfile \u00a8Moda sin     <br \/>Obst\u00e1culos\u00a8, presentando la colecci\u00f3n de los dise\u00f1adores de alta costura:      <br \/>David Antonio, Juan Colon, Sonia Rivera, Nathalia L\u00f3pez, Tommie Hern\u00e1ndez,      <br \/>Gabriela Victoria, Papalote y la dise\u00f1adora de accesorios Sonia Bonilla.      <br \/> Se celebrar\u00e1 el jueves, 6 de noviembre de 2014 en el Hotel San Juan Beach,      <br \/>Condado. La joven Antonella Ortega, es la ni\u00f1a s\u00edmbolo de la actividad      <br \/>(Condici\u00f3n: S\u00edndrome de Down).<\/font><\/p>\n<p> <font size=\"3\">   <\/p>\n<p>La taquilla tiene un costo de $50 d\u00f3lares. Incluye, Coctel de Bienvenida,      <br \/>Colecci\u00f3n de los Dise\u00f1adores y After Party!! A Beneficio de la Fundaci\u00f3n Mi      <br \/>Gran Sue\u00f1o, Inc.<\/p>\n<p> Para m\u00e1s informaci\u00f3n, (787)-361-9315.      <br \/>&#8212;       <br \/>Luis A. Quintana Moreno<\/p>\n<p> <\/font><\/p>\n","protected":false},"excerpt":{"rendered":"<p>Ya comenzamos las ventas de las taquillas del Desfile \u00a8Moda sin Obst\u00e1culos\u00a8, presentando la colecci\u00f3n de los dise\u00f1adores de alta costura: David Antonio, Juan Colon, Sonia Rivera, Nathalia L\u00f3pez, Tommie Hern\u00e1ndez, Gabriela Victoria, Papalote y la dise\u00f1adora de accesorios Sonia&hellip;<\/p>\n<p class=\"more-link-p\"><a class=\"more-link\" href=\"https:\/\/bobvarela.com\/?p=65409\">Read more &rarr;<\/a><\/p>\n","protected":false},"author":1,"featured_media":0,"comment_status":"open","ping_status":"open","sticky":false,"template":"","format":"standard","meta":{"ngg_post_thumbnail":0,"footnotes":""},"categories":[3,4,295],"tags":[],"class_list":["post-65409","post","type-post","status-publish","format-standard","hentry","category-actividades","category-moda","category-puerto-rico"],"_links":{"self":[{"href":"https:\/\/bobvarela.com\/index.php?rest_route=\/wp\/v2\/posts\/65409","targetHints":{"allow":["GET"]}}],"collection":[{"href":"https:\/\/bobvarela.com\/index.php?rest_route=\/wp\/v2\/posts"}],"about":[{"href":"https:\/\/bobvarela.com\/index.php?rest_route=\/wp\/v2\/types\/post"}],"author":[{"embeddable":true,"href":"https:\/\/bobvarela.com\/index.php?rest_route=\/wp\/v2\/users\/1"}],"replies":[{"embeddable":true,"href":"https:\/\/bobvarela.com\/index.php?rest_route=%2Fwp%2Fv2%2Fcomments&post=65409"}],"version-history":[{"count":1,"href":"https:\/\/bobvarela.com\/index.php?rest_route=\/wp\/v2\/posts\/65409\/revisions"}],"predecessor-version":[{"id":65410,"href":"https:\/\/bobvarela.com\/index.php?rest_route=\/wp\/v2\/posts\/65409\/revisions\/65410"}],"wp:attachment":[{"href":"https:\/\/bobvarela.com\/index.php?rest_route=%2Fwp%2Fv2%2Fmedia&parent=65409"}],"wp:term":[{"taxonomy":"category","embeddable":true,"href":"https:\/\/bobvarela.com\/index.php?rest_route=%2Fwp%2Fv2%2Fcategories&post=65409"},{"taxonomy":"post_tag","embeddable":true,"href":"https:\/\/bobvarela.com\/index.php?rest_route=%2Fwp%2Fv2%2Ftags&post=65409"}],"curies":[{"name":"wp","href":"https:\/\/api.w.org\/{rel}","templated":true}]}}