{"id":65611,"date":"2014-10-27T09:44:28","date_gmt":"2014-10-27T13:44:28","guid":{"rendered":"https:\/\/bobvarela.com\/?p=65611"},"modified":"2014-10-27T09:44:29","modified_gmt":"2014-10-27T13:44:29","slug":"cierra-un-exitoso-2014-bahia-urbana","status":"publish","type":"post","link":"https:\/\/bobvarela.com\/?p=65611","title":{"rendered":"CIERRA UN EXITOSO 2014 BAHIA URBANA"},"content":{"rendered":"<p align=\"justify\"><font size=\"3\"><a href=\"https:\/\/bobvarela.com\/wp-content\/uploads\/2014\/10\/BAHIA_URBANA_media_Lounge_Area.jpg\"><img loading=\"lazy\" decoding=\"async\" title=\"BAHIA_URBANA_media_Lounge_Area\" style=\"border-top: 0px; border-right: 0px; background-image: none; border-bottom: 0px; float: left; padding-top: 0px; padding-left: 0px; border-left: 0px; display: inline; padding-right: 0px\" border=\"0\" alt=\"BAHIA_URBANA_media_Lounge_Area\" src=\"https:\/\/bobvarela.com\/wp-content\/uploads\/2014\/10\/BAHIA_URBANA_media_Lounge_Area_thumb.jpg\" width=\"198\" align=\"left\" height=\"194\" \/><\/a>Linnette Isona, Gerente General de Bah\u00eda Urbana anunci\u00f3 que cierran el 2014 con m\u00e1s de 100 eventos realizados entre boleter\u00eda y libres de costo. Se estima que m\u00e1s de 250 mil personas visitaron Bah\u00eda Urbana este a\u00f1o. <\/font><\/p>\n<p align=\"justify\"><font size=\"3\">Para noviembre y diciembre hay programados 12 eventos adicionales en agenda, incluyendo el \u201cEncendido de la Navidad\u201d para toda la familia el 29 de noviembre con m\u00fasica, artesanos y fuegos artificiales; y comenzando el 30 de noviembre: \u201cGuavate en la Bah\u00eda.\u201d <\/font><\/p>\n<p align=\"justify\"><font size=\"3\">La ejecutiva tambi\u00e9n mencion\u00f3 el \u201cFlash Back Halloween Party\u201d del 30 de octubre con m\u00fasica de los 1980s y 1990s, y \u201cNavitown,\u201d un parque de diversiones con machinas, inflables, casas de brinco y entretenimiento en vivo del 24 diciembre hasta enero 2015.<\/font><\/p>\n<p align=\"justify\"><a href=\"https:\/\/bobvarela.com\/wp-content\/uploads\/2014\/10\/BAHIA_URBANA_Linnette_Isona_Gerente_General_de_BU_promueve_visitasfamiliares_a_BU_Aqui_con_sus_h.jpg\"><img loading=\"lazy\" decoding=\"async\" title=\"BAHIA_URBANA_Linnette_Isona_Gerente_General_de_BU_promueve_visitasfamiliares_a_BU_Aqui_con_sus_hijas_Cecilia_y_Veronika\" style=\"border-top: 0px; border-right: 0px; background-image: none; border-bottom: 0px; float: right; padding-top: 0px; padding-left: 0px; border-left: 0px; display: inline; padding-right: 0px\" border=\"0\" alt=\"BAHIA_URBANA_Linnette_Isona_Gerente_General_de_BU_promueve_visitasfamiliares_a_BU_Aqui_con_sus_hijas_Cecilia_y_Veronika\" src=\"https:\/\/bobvarela.com\/wp-content\/uploads\/2014\/10\/BAHIA_URBANA_Linnette_Isona_Gerente_General_de_BU_promueve_visitasfamiliares_a_BU_Aqui_con_sus_h1.jpg\" width=\"164\" align=\"right\" height=\"250\" \/><\/a><font size=\"3\">\u201cEste es un espacio \u00fanico en la Bah\u00eda de San Juan\u2026contamos con una localizaci\u00f3n privilegiada que recibe visitantes locales y turistas toda la semana,\u201d sostuvo Isona. \u201cPero adem\u00e1s nos llena de satisfacci\u00f3n la acogida que ha tenido Bah\u00eda Urbana con el p\u00fablico puertorrique\u00f1o &#8211; &#8211; Hemos cumplido nuestra misi\u00f3n al ofrecer programaci\u00f3n cont\u00ednua, que atrae a una diversidad de p\u00fablicos para el disfrute de conciertos, pel\u00edculas, proyecci\u00f3n de partidos deportivos y festivales culinarios, entre otros.\u201d<\/font><\/p>\n<p align=\"justify\"><font size=\"3\">Isona coment\u00f3 que el espacio al aire libre en Bah\u00eda Urbana y el \u201cFestival Lawn\u201d central resultan atractivos para productores, promotores y las diferentes audiencias \u201cporque saben que aqu\u00ed adem\u00e1s de la belleza y limpieza del lugar hay vigilancia y seguridad todo el tiempo.\u201d<\/font><\/p>\n<p align=\"justify\"><font size=\"3\">Entre los atractivos nuevos para toda la familia, est\u00e1 un hermoso carousel para ni\u00f1os que opera los fines de semana. El \u00e1rea del carousel, que est\u00e1 disponible para alquiler, cumplea\u00f1os y fiestas tem\u00e1ticas, cuenta tambi\u00e9n con m\u00e1quinas de pop corn de colores y algod\u00f3n dulce.<\/font><\/p>\n<p align=\"center\"><a href=\"https:\/\/bobvarela.com\/wp-content\/uploads\/2014\/10\/BAHIA_URBANA_couple_media__De_moda_propuestas_romanticas_en_BU_SM.jpg\"><img loading=\"lazy\" decoding=\"async\" title=\"BAHIA_URBANA_couple_media__De_moda_propuestas_romanticas_en_BU_SM\" style=\"border-top: 0px; border-right: 0px; background-image: none; border-bottom: 0px; padding-top: 0px; padding-left: 0px; border-left: 0px; display: inline; padding-right: 0px\" border=\"0\" alt=\"BAHIA_URBANA_couple_media__De_moda_propuestas_romanticas_en_BU_SM\" src=\"https:\/\/bobvarela.com\/wp-content\/uploads\/2014\/10\/BAHIA_URBANA_couple_media__De_moda_propuestas_romanticas_en_BU_SM_thumb.jpg\" width=\"348\" height=\"276\" \/><\/a><\/p>\n<p align=\"justify\"><font size=\"3\">El Caf\u00e9 de Bah\u00eda Urbana, Caf\u00e9 Ocho, ampli\u00f3 su horario para conveniencia del p\u00fablico que se da cita all\u00ed. Al igual que el carousel, Caf\u00e9 Ocho est\u00e1 abierto los viernes desde las 5p.m., s\u00e1bados desde las 4 p.m. y domingos desde la 1 p.m.<\/font><\/p>\n<p align=\"justify\"><font size=\"3\">El 29 de noviembre celebrar\u00e1n \u201cEl Encendido Navide\u00f1o,\u201d un espect\u00e1culo de luces gratis para toda la familia. Bah\u00eda Urbana tendr\u00e1 el tradicional \u00e1rbol de Navidad, soldaditos de plomo, cascanueces y un buz\u00f3n especial para que los ni\u00f1os le dejen sus cartitas a Santa Claus.<\/font><\/p>\n<p align=\"justify\"><font size=\"3\"><a href=\"https:\/\/bobvarela.com\/wp-content\/uploads\/2014\/10\/BAHIA_URBANA_carousel__media.jpg\"><img loading=\"lazy\" decoding=\"async\" title=\"BAHIA_URBANA_carousel__media\" style=\"border-top: 0px; border-right: 0px; background-image: none; border-bottom: 0px; float: left; padding-top: 0px; padding-left: 0px; border-left: 0px; display: inline; padding-right: 0px\" border=\"0\" alt=\"BAHIA_URBANA_carousel__media\" src=\"https:\/\/bobvarela.com\/wp-content\/uploads\/2014\/10\/BAHIA_URBANA_carousel__media_thumb.jpg\" width=\"178\" align=\"left\" height=\"196\" \/><\/a>Igualmente la gerencia inform\u00f3 que desde el \u00faltimo domingo de noviembre y hasta enero del 2015, tendr\u00e1n \u201cGuavate en la Bah\u00eda,\u201d lo mejor del campo con vista a la Bah\u00eda. Esta oferta culinaria especial es para satisfacer los antojitos puertorrique\u00f1os: lech\u00f3n asado, arroz con gandules, morcillas, pasteles y otras delicias de la temporada Navide\u00f1a.<\/font><\/p>\n<p align=\"justify\"><font size=\"3\">La Gerente General, quien anunci\u00f3 el comienzo de una campa\u00f1a publicitaria en las redes sociales, explic\u00f3 que todas las \u00e1reas de Bah\u00eda Urbana est\u00e1n disponibles para alquiler de grupos corporativos, fiestas privadas, cumplea\u00f1os y hasta propuestas rom\u00e1nticas. Estas \u00faltimas, que han cobrado popularidad, se dise\u00f1an con el cliente y una firma local de ambientaci\u00f3n, \u201cAqu\u00ed cumplimos los sue\u00f1os y fantas\u00edas de todos nuestros clientes. Lo que queremos es complacer a todos nuestros clientes y <\/font><a name=\"_GoBack\"><\/a><font size=\"3\">servirle bien.\u201d<\/font><\/p>\n","protected":false},"excerpt":{"rendered":"<p>Linnette Isona, Gerente General de Bah\u00eda Urbana anunci\u00f3 que cierran el 2014 con m\u00e1s de 100 eventos realizados entre boleter\u00eda y libres de costo. Se estima que m\u00e1s de 250 mil personas visitaron Bah\u00eda Urbana este a\u00f1o. Para noviembre y&hellip;<\/p>\n<p class=\"more-link-p\"><a class=\"more-link\" href=\"https:\/\/bobvarela.com\/?p=65611\">Read more &rarr;<\/a><\/p>\n","protected":false},"author":1,"featured_media":0,"comment_status":"open","ping_status":"open","sticky":false,"template":"","format":"standard","meta":{"ngg_post_thumbnail":0,"footnotes":""},"categories":[3,295],"tags":[],"class_list":["post-65611","post","type-post","status-publish","format-standard","hentry","category-actividades","category-puerto-rico"],"_links":{"self":[{"href":"https:\/\/bobvarela.com\/index.php?rest_route=\/wp\/v2\/posts\/65611","targetHints":{"allow":["GET"]}}],"collection":[{"href":"https:\/\/bobvarela.com\/index.php?rest_route=\/wp\/v2\/posts"}],"about":[{"href":"https:\/\/bobvarela.com\/index.php?rest_route=\/wp\/v2\/types\/post"}],"author":[{"embeddable":true,"href":"https:\/\/bobvarela.com\/index.php?rest_route=\/wp\/v2\/users\/1"}],"replies":[{"embeddable":true,"href":"https:\/\/bobvarela.com\/index.php?rest_route=%2Fwp%2Fv2%2Fcomments&post=65611"}],"version-history":[{"count":1,"href":"https:\/\/bobvarela.com\/index.php?rest_route=\/wp\/v2\/posts\/65611\/revisions"}],"predecessor-version":[{"id":65612,"href":"https:\/\/bobvarela.com\/index.php?rest_route=\/wp\/v2\/posts\/65611\/revisions\/65612"}],"wp:attachment":[{"href":"https:\/\/bobvarela.com\/index.php?rest_route=%2Fwp%2Fv2%2Fmedia&parent=65611"}],"wp:term":[{"taxonomy":"category","embeddable":true,"href":"https:\/\/bobvarela.com\/index.php?rest_route=%2Fwp%2Fv2%2Fcategories&post=65611"},{"taxonomy":"post_tag","embeddable":true,"href":"https:\/\/bobvarela.com\/index.php?rest_route=%2Fwp%2Fv2%2Ftags&post=65611"}],"curies":[{"name":"wp","href":"https:\/\/api.w.org\/{rel}","templated":true}]}}