{"id":65664,"date":"2014-10-29T10:28:37","date_gmt":"2014-10-29T14:28:37","guid":{"rendered":"https:\/\/bobvarela.com\/?p=65664"},"modified":"2014-10-29T10:28:37","modified_gmt":"2014-10-29T14:28:37","slug":"el-mac-de-panam-elogia-a-agatha-ruiz-de-la-prada-con-una-exposicin","status":"publish","type":"post","link":"https:\/\/bobvarela.com\/?p=65664","title":{"rendered":"El MAC de Panam&aacute; elogia a Agatha Ruiz de la Prada con una exposici&oacute;n"},"content":{"rendered":"<p align=\"justify\"><font size=\"3\">Panam\u00e1. (EFE).- El <strong>Museo de Arte Contempor\u00e1neo<\/strong> (MAC) de <strong>Panam\u00e1<\/strong> inaugur\u00f3 este martes una <strong>exposici\u00f3n<\/strong> de la dise\u00f1adora espa\u00f1ola <strong>\u00c1gatha Ruiz de la Prada<\/strong> que resalta la relaci\u00f3n entre arte, moday color, en el marco del Mercedes-Benz Fashion Week Panam\u00e1 (MBFWP) 2014 que comienza este mi\u00e9rcoles.<\/font> <\/p>\n<p align=\"center\"><a href=\"https:\/\/bobvarela.com\/wp-content\/uploads\/2014\/10\/IMG_9232.jpg\"><img loading=\"lazy\" decoding=\"async\" title=\"IMG_9232\" style=\"border-top: 0px; border-right: 0px; background-image: none; border-bottom: 0px; padding-top: 0px; padding-left: 0px; border-left: 0px; display: inline; padding-right: 0px\" border=\"0\" alt=\"IMG_9232\" src=\"https:\/\/bobvarela.com\/wp-content\/uploads\/2014\/10\/IMG_9232_thumb.jpg\" width=\"199\" height=\"134\"\/><\/a><a href=\"https:\/\/bobvarela.com\/wp-content\/uploads\/2014\/10\/IMG_9198.jpg\"><img loading=\"lazy\" decoding=\"async\" title=\"IMG_9198\" style=\"border-top: 0px; border-right: 0px; background-image: none; border-bottom: 0px; padding-top: 0px; padding-left: 0px; border-left: 0px; display: inline; padding-right: 0px\" border=\"0\" alt=\"IMG_9198\" src=\"https:\/\/bobvarela.com\/wp-content\/uploads\/2014\/10\/IMG_9198_thumb.jpg\" width=\"199\" height=\"134\"\/><\/a> <\/p>\n<p align=\"justify\"><font size=\"3\">La muestra estar\u00e1 abierta al p\u00fablico hasta el pr\u00f3ximo 23 de noviembre y est\u00e1 &#8220;compuesta por <strong>55 dise\u00f1os originales<\/strong>, emblem\u00e1ticos, divertidos&#8221;, con la &#8220;particular propuesta crom\u00e1tica y de formas de la dise\u00f1adora espa\u00f1ola&#8221;, seg\u00fan los organizadores. Los vestidos que se muestran en el MAC son del guardarropa de la dise\u00f1adora, quien dijo a Efe durante la inauguraci\u00f3n que &#8220;es un honor&#8221; para ella y que est\u00e1 &#8220;feliz&#8221; de que sea de ella la primera exposici\u00f3n que se realiza en el MAC sobre moda.<\/font> <\/p>\n<p align=\"justify\"><font size=\"3\">La exhibici\u00f3n, que ya se ha mostrado en Per\u00fa y en Chile y que luego viajar\u00e1 a M\u00e9xico, est\u00e1 organizada por el MAC, la embajada de Espa\u00f1a en Panam\u00e1, la academia de modelos Physical, MBFWP y la Fundaci\u00f3n Agatha Ruiz de la Prada. La dise\u00f1adora celebr\u00f3 que la semana de la moda del pa\u00eds dedique un espacio a su exposici\u00f3n para llevar la <strong>moda <\/strong>m\u00e1s all\u00e1 de las pasarelas y defendi\u00f3 que una exposici\u00f3n es &#8220;infinitamente m\u00e1s democr\u00e1tica&#8221; que un desfile porque las personas pueden quedarse &#8220;cinco minutos&#8221; o &#8220;cuatro horas&#8221; y adem\u00e1s agregan &#8220;una parte cultural y l\u00fadica&#8221;.<\/font> <\/p>\n<p align=\"justify\"><font size=\"3\">Tambi\u00e9n apunt\u00f3 que aunque fuera de Espa\u00f1a la conocen por el color de sus dise\u00f1os, &#8220;la forma es lo m\u00e1s importante&#8221; de su moda. &#8220;Agatha Ruiz de la Prada es capaz de atravesar y trascender las fronteras y l\u00edmites de la modahasta llegar al arte en su acepci\u00f3n m\u00e1s profunda. As\u00ed, sus vestidos son piezas \u00fanicas, <strong>obras de arte<\/strong> en s\u00ed mismas&#8221;, afirm\u00f3 la comisaria de la exhibici\u00f3n, Marisa Oropesa.<\/font> <\/p>\n<p align=\"center\"><a href=\"https:\/\/bobvarela.com\/wp-content\/uploads\/2014\/10\/IMG_9165.jpg\"><img loading=\"lazy\" decoding=\"async\" title=\"IMG_9165\" style=\"border-top: 0px; border-right: 0px; background-image: none; border-bottom: 0px; padding-top: 0px; padding-left: 0px; border-left: 0px; display: inline; padding-right: 0px\" border=\"0\" alt=\"IMG_9165\" src=\"https:\/\/bobvarela.com\/wp-content\/uploads\/2014\/10\/IMG_9165_thumb.jpg\" width=\"199\" height=\"134\"\/><\/a><a href=\"https:\/\/bobvarela.com\/wp-content\/uploads\/2014\/10\/IMG_9211.jpg\"><img loading=\"lazy\" decoding=\"async\" title=\"IMG_9211\" style=\"border-top: 0px; border-right: 0px; background-image: none; border-bottom: 0px; padding-top: 0px; padding-left: 0px; border-left: 0px; display: inline; padding-right: 0px\" border=\"0\" alt=\"IMG_9211\" src=\"https:\/\/bobvarela.com\/wp-content\/uploads\/2014\/10\/IMG_9211_thumb.jpg\" width=\"199\" height=\"134\"\/><\/a> <\/p>\n<p align=\"justify\"><font size=\"3\">La dise\u00f1adora espa\u00f1ola &#8220;ha sido capaz de crear una identidad propia, un estilo caracter\u00edstico, reconocible e inconfundible&#8221;, y sus creaciones &#8220;pueden pasar de la pasarela a un museo sin ninguna dificultad&#8221;, a\u00f1adi\u00f3 la comisar\u00eda.<\/font><\/p>\n<p align=\"justify\"><font size=\"3\">Las colecciones de \u00c1gatha Ruiz de la Prada se caracterizan por el color y la geometr\u00eda, y abarcan productos que van desde ropa de mujer, ni\u00f1os y hombre, hasta bol\u00edgrafos o art\u00edculos de hogar, seg\u00fan los organizadores del MBFWP 2014. &#8220;Agatha Ruiz de la Prada tambi\u00e9n es una fan\u00e1tica del arte contempor\u00e1neo y la cultura. Realiza escenograf\u00edas y vestuarios para \u00f3pera, ballet y teatro en Espa\u00f1a y el extranjero, y dise\u00f1a murales y jardines&#8221;, destacaron.<\/font><\/p>\n<p align=\"justify\"><font size=\"3\">La comisaria del MAC, Coqui Calder\u00f3n, destac\u00f3 en la apertura que es la primera vez que el museo acoge una exposici\u00f3n de moda &#8220;con 55 dise\u00f1os originales que llenan de color y alegr\u00eda el museo&#8221;. El embajador espa\u00f1ol en Panam\u00e1, Jes\u00fas Silva, agradeci\u00f3 al MAC haber acogido la exposici\u00f3n de una dise\u00f1adora que considera &#8220;un torbellino de talento y creaci\u00f3n&#8221; y &#8220;una gran activista cultural&#8221;.<\/font><br \/><span style=\"font-size: medium; font-family: verdana\"><\/span><\/p>\n<p align=\"justify\"><span style=\"font-size: medium; font-family: verdana\">ngg_shortcode_0_placeholder<\/span><\/p>\n","protected":false},"excerpt":{"rendered":"<p>Panam\u00e1. (EFE).- El Museo de Arte Contempor\u00e1neo (MAC) de Panam\u00e1 inaugur\u00f3 este martes una exposici\u00f3n de la dise\u00f1adora espa\u00f1ola \u00c1gatha Ruiz de la Prada que resalta la relaci\u00f3n entre arte, moday color, en el marco del Mercedes-Benz Fashion Week Panam\u00e1&hellip;<\/p>\n<p class=\"more-link-p\"><a class=\"more-link\" href=\"https:\/\/bobvarela.com\/?p=65664\">Read more &rarr;<\/a><\/p>\n","protected":false},"author":1,"featured_media":0,"comment_status":"open","ping_status":"open","sticky":false,"template":"","format":"standard","meta":{"ngg_post_thumbnail":0,"footnotes":""},"categories":[265,4,480],"tags":[],"class_list":["post-65664","post","type-post","status-publish","format-standard","hentry","category-mercedes-benz-fashion-week","category-moda","category-panama"],"_links":{"self":[{"href":"https:\/\/bobvarela.com\/index.php?rest_route=\/wp\/v2\/posts\/65664","targetHints":{"allow":["GET"]}}],"collection":[{"href":"https:\/\/bobvarela.com\/index.php?rest_route=\/wp\/v2\/posts"}],"about":[{"href":"https:\/\/bobvarela.com\/index.php?rest_route=\/wp\/v2\/types\/post"}],"author":[{"embeddable":true,"href":"https:\/\/bobvarela.com\/index.php?rest_route=\/wp\/v2\/users\/1"}],"replies":[{"embeddable":true,"href":"https:\/\/bobvarela.com\/index.php?rest_route=%2Fwp%2Fv2%2Fcomments&post=65664"}],"version-history":[{"count":1,"href":"https:\/\/bobvarela.com\/index.php?rest_route=\/wp\/v2\/posts\/65664\/revisions"}],"predecessor-version":[{"id":65665,"href":"https:\/\/bobvarela.com\/index.php?rest_route=\/wp\/v2\/posts\/65664\/revisions\/65665"}],"wp:attachment":[{"href":"https:\/\/bobvarela.com\/index.php?rest_route=%2Fwp%2Fv2%2Fmedia&parent=65664"}],"wp:term":[{"taxonomy":"category","embeddable":true,"href":"https:\/\/bobvarela.com\/index.php?rest_route=%2Fwp%2Fv2%2Fcategories&post=65664"},{"taxonomy":"post_tag","embeddable":true,"href":"https:\/\/bobvarela.com\/index.php?rest_route=%2Fwp%2Fv2%2Ftags&post=65664"}],"curies":[{"name":"wp","href":"https:\/\/api.w.org\/{rel}","templated":true}]}}