{"id":65820,"date":"2014-10-30T12:49:05","date_gmt":"2014-10-30T16:49:05","guid":{"rendered":"https:\/\/bobvarela.com\/?p=65820"},"modified":"2014-10-30T12:49:05","modified_gmt":"2014-10-30T16:49:05","slug":"pilar-sinz-en-el-mercedes-benz-fashion-week-panam-2014","status":"publish","type":"post","link":"https:\/\/bobvarela.com\/?p=65820","title":{"rendered":"Pilar S&aacute;inz en el Mercedes-Benz Fashion Week Panam&aacute; 2014"},"content":{"rendered":"<p align=\"center\"><font size=\"3\"><a href=\"https:\/\/bobvarela.com\/wp-content\/uploads\/2014\/10\/IMG_0104.jpg\"><img loading=\"lazy\" decoding=\"async\" title=\"IMG_0104\" style=\"border-top: 0px; border-right: 0px; background-image: none; border-bottom: 0px; padding-top: 0px; padding-left: 0px; border-left: 0px; display: inline; padding-right: 0px\" border=\"0\" alt=\"IMG_0104\" src=\"https:\/\/bobvarela.com\/wp-content\/uploads\/2014\/10\/IMG_0104_thumb.jpg\" width=\"374\" height=\"232\"\/><\/a><\/font> <\/p>\n<p align=\"justify\"><font size=\"3\">El 29 de octubre tuvo lugar el desfile inaugural de la firma de Alta Costura Pilar S\u00e1inz en la Ciudad de Panam\u00e1. La firma espa\u00f1ola conto con el honor y el privilegio de abrir la semana de la moda paname\u00f1a.<\/font> <\/p>\n<p align=\"justify\"><font size=\"3\">Pilar S\u00e1inz presentar\u00e1 su colecci\u00f3n de Alta Costura \u201cLi\u00e9bana\u201d en honor a Alfonso S\u00e1inz y a Los Pekenikes. Esta firma tiene una gran trayectoria en el mundo de las Novias y de la Alta Costura, habi\u00e9ndose convertido en los \u00faltimos a\u00f1os en un referente en Espa\u00f1a en moda nupcial.<\/font> <\/p>\n<p align=\"justify\"><font size=\"3\">Diana S\u00e1inz (hija de Alfonso S\u00e1inz, el fundador de Los Pekenikes) es la fot\u00f3grafa art\u00edstica responsable de dar vida al proyecto de Li\u00e9bana. Diana es una mujer polifac\u00e9tica que se compromete al m\u00e1ximo en proyectos que son muy art\u00edsticos, donde continuamente aprende y disfruta de nuevas aventuras.<\/font> <\/p>\n<p align=\"justify\"><font size=\"3\">Diana S\u00e1inz lleva todo el mes de agosto con una c\u00e1mara al hombro fotografiando los maravillosos paisajes del Valle de Li\u00e9bana, localizado en Cantabria, Espa\u00f1a. Ha visitado pueblos como Potes, Espinama, Frama, Buyezo, Los Cos, San Andr\u00e9s, Perrozo y otros muchos rec\u00f3nditos de la regi\u00f3n. Ha conversado con los lugare\u00f1os, incluso ha llegado hasta Torrelavega que es donde naci\u00f3 su abuelo, conocido como Don Alfonso S\u00e1inz D\u00edaz de Lamadrid. Hombre muy querido en el Valle de Li\u00e9bana.<\/font> <\/p>\n<p align=\"justify\"><font size=\"3\">Perrozo es el pueblo singular donde tiene la familia S\u00e1inz su antigua casona familiar. Una casa con una historia apasionante desde 1736. Un lugar id\u00edlico, lejos del bullicio de la ciudad, con unas vistas impresionantes a los Picos de Europa.<\/font> <\/p>\n<p align=\"justify\"><font size=\"3\">La casa de Perrozo ha recibido a lo largo de su vida a personalidades extranjeras importantes, era el lugar donde ensayaban los Pekenikes y la iglesia de estilo rom\u00e1nico del siglo XIII ha sido testigo de bodas y bautizos. Una casona en la que han gozado y siguen gozando generaci\u00f3n tras generaci\u00f3n.<\/font> <\/p>\n<p align=\"justify\"><font size=\"3\">Pilar S\u00e1inz y Diana S\u00e1inz, ambas primas carnales y nietas del querid\u00edsimo \u201cDon Alfonso\u201d, son las responsables de llevar desde el Valle de Li\u00e9bana hasta el Canal De Panam\u00e1 un trabajo de gran riqueza art\u00edstica.<\/font> <\/p>\n<p align=\"justify\"><font size=\"3\">Las S\u00e1inz han decidido unirse en este proyecto para honorar la memoria de Alfonso S\u00e1inz (Alfonsito) alma m\u00e1ter de los Pekenikes y enamorado empedernido de Li\u00e9bana. En esta pasarela las modelos desfilar\u00e1n al ritmo de la m\u00fasica de los Pekenikes y el Valle de Li\u00e9bana, como tel\u00f3n de fondo, tendr\u00e1 todo el protagonismo.<\/font> <\/p>\n<p align=\"justify\"><span style=\"font-size: medium; font-family: verdana\">ngg_shortcode_0_placeholder<\/span><\/p>\n","protected":false},"excerpt":{"rendered":"<p>El 29 de octubre tuvo lugar el desfile inaugural de la firma de Alta Costura Pilar S\u00e1inz en la Ciudad de Panam\u00e1. La firma espa\u00f1ola conto con el honor y el privilegio de abrir la semana de la moda paname\u00f1a.&hellip;<\/p>\n<p class=\"more-link-p\"><a class=\"more-link\" href=\"https:\/\/bobvarela.com\/?p=65820\">Read more &rarr;<\/a><\/p>\n","protected":false},"author":1,"featured_media":0,"comment_status":"open","ping_status":"open","sticky":false,"template":"","format":"standard","meta":{"ngg_post_thumbnail":0,"footnotes":""},"categories":[265,4,480],"tags":[],"class_list":["post-65820","post","type-post","status-publish","format-standard","hentry","category-mercedes-benz-fashion-week","category-moda","category-panama"],"_links":{"self":[{"href":"https:\/\/bobvarela.com\/index.php?rest_route=\/wp\/v2\/posts\/65820","targetHints":{"allow":["GET"]}}],"collection":[{"href":"https:\/\/bobvarela.com\/index.php?rest_route=\/wp\/v2\/posts"}],"about":[{"href":"https:\/\/bobvarela.com\/index.php?rest_route=\/wp\/v2\/types\/post"}],"author":[{"embeddable":true,"href":"https:\/\/bobvarela.com\/index.php?rest_route=\/wp\/v2\/users\/1"}],"replies":[{"embeddable":true,"href":"https:\/\/bobvarela.com\/index.php?rest_route=%2Fwp%2Fv2%2Fcomments&post=65820"}],"version-history":[{"count":1,"href":"https:\/\/bobvarela.com\/index.php?rest_route=\/wp\/v2\/posts\/65820\/revisions"}],"predecessor-version":[{"id":65821,"href":"https:\/\/bobvarela.com\/index.php?rest_route=\/wp\/v2\/posts\/65820\/revisions\/65821"}],"wp:attachment":[{"href":"https:\/\/bobvarela.com\/index.php?rest_route=%2Fwp%2Fv2%2Fmedia&parent=65820"}],"wp:term":[{"taxonomy":"category","embeddable":true,"href":"https:\/\/bobvarela.com\/index.php?rest_route=%2Fwp%2Fv2%2Fcategories&post=65820"},{"taxonomy":"post_tag","embeddable":true,"href":"https:\/\/bobvarela.com\/index.php?rest_route=%2Fwp%2Fv2%2Ftags&post=65820"}],"curies":[{"name":"wp","href":"https:\/\/api.w.org\/{rel}","templated":true}]}}