{"id":66280,"date":"2014-11-04T16:29:09","date_gmt":"2014-11-04T20:29:09","guid":{"rendered":"https:\/\/bobvarela.com\/?p=66280"},"modified":"2014-11-04T16:29:13","modified_gmt":"2014-11-04T20:29:13","slug":"anabelle-quintero-en-el-mercedes-benz-fashion-week-panam-2014","status":"publish","type":"post","link":"https:\/\/bobvarela.com\/?p=66280","title":{"rendered":"Anabelle Quintero en el Mercedes-Benz Fashion Week Panam&aacute; 2014"},"content":{"rendered":"<p align=\"center\"><a href=\"https:\/\/bobvarela.com\/wp-content\/uploads\/2014\/11\/MBFWP-14-QUINTERO-552.jpg\"><img loading=\"lazy\" decoding=\"async\" title=\"MBFWP 14 QUINTERO  552\" style=\"border-top: 0px; border-right: 0px; background-image: none; border-bottom: 0px; padding-top: 0px; padding-left: 0px; border-left: 0px; display: inline; padding-right: 0px\" border=\"0\" alt=\"MBFWP 14 QUINTERO  552\" src=\"https:\/\/bobvarela.com\/wp-content\/uploads\/2014\/11\/MBFWP-14-QUINTERO-552_thumb.jpg\" width=\"366\" height=\"259\" \/><\/a><\/p>\n<p align=\"justify\"><font size=\"4\">La dise\u00f1adora Anabelle Quintero present\u00f3 su colecci\u00f3n para la temporada primavera &#8211; verano 2015. Los colores vibrantes y estampados en mola, forman de su propuesta para esta temporada.<\/font><\/p>\n<p align=\"justify\"><span style=\"font-size: medium; font-family: verdana\">ngg_shortcode_0_placeholder<\/span><\/p>\n","protected":false},"excerpt":{"rendered":"<p>La dise\u00f1adora Anabelle Quintero present\u00f3 su colecci\u00f3n para la temporada primavera &#8211; verano 2015. Los colores vibrantes y estampados en mola, forman de su propuesta para esta temporada.<\/p>\n<p class=\"more-link-p\"><a class=\"more-link\" href=\"https:\/\/bobvarela.com\/?p=66280\">Read more &rarr;<\/a><\/p>\n","protected":false},"author":1,"featured_media":0,"comment_status":"open","ping_status":"open","sticky":false,"template":"","format":"standard","meta":{"ngg_post_thumbnail":0,"footnotes":""},"categories":[265,4,480],"tags":[],"class_list":["post-66280","post","type-post","status-publish","format-standard","hentry","category-mercedes-benz-fashion-week","category-moda","category-panama"],"_links":{"self":[{"href":"https:\/\/bobvarela.com\/index.php?rest_route=\/wp\/v2\/posts\/66280","targetHints":{"allow":["GET"]}}],"collection":[{"href":"https:\/\/bobvarela.com\/index.php?rest_route=\/wp\/v2\/posts"}],"about":[{"href":"https:\/\/bobvarela.com\/index.php?rest_route=\/wp\/v2\/types\/post"}],"author":[{"embeddable":true,"href":"https:\/\/bobvarela.com\/index.php?rest_route=\/wp\/v2\/users\/1"}],"replies":[{"embeddable":true,"href":"https:\/\/bobvarela.com\/index.php?rest_route=%2Fwp%2Fv2%2Fcomments&post=66280"}],"version-history":[{"count":1,"href":"https:\/\/bobvarela.com\/index.php?rest_route=\/wp\/v2\/posts\/66280\/revisions"}],"predecessor-version":[{"id":66281,"href":"https:\/\/bobvarela.com\/index.php?rest_route=\/wp\/v2\/posts\/66280\/revisions\/66281"}],"wp:attachment":[{"href":"https:\/\/bobvarela.com\/index.php?rest_route=%2Fwp%2Fv2%2Fmedia&parent=66280"}],"wp:term":[{"taxonomy":"category","embeddable":true,"href":"https:\/\/bobvarela.com\/index.php?rest_route=%2Fwp%2Fv2%2Fcategories&post=66280"},{"taxonomy":"post_tag","embeddable":true,"href":"https:\/\/bobvarela.com\/index.php?rest_route=%2Fwp%2Fv2%2Ftags&post=66280"}],"curies":[{"name":"wp","href":"https:\/\/api.w.org\/{rel}","templated":true}]}}