{"id":66418,"date":"2014-11-04T17:22:11","date_gmt":"2014-11-04T21:22:11","guid":{"rendered":"https:\/\/bobvarela.com\/?p=66418"},"modified":"2014-11-04T17:43:00","modified_gmt":"2014-11-04T21:43:00","slug":"juan-david-vlez-en-el-mercedes-benz-fashion-week-panam-2014","status":"publish","type":"post","link":"https:\/\/bobvarela.com\/?p=66418","title":{"rendered":"Juan David V&eacute;lez en el Mercedes-Benz Fashion Week Panam&aacute; 2014"},"content":{"rendered":"<p align=\"justify\"><font size=\"3\"><a href=\"https:\/\/bobvarela.com\/wp-content\/uploads\/2014\/11\/MBFWP-14-juan-david-1-666.jpg\"><img loading=\"lazy\" decoding=\"async\" title=\"MBFWP 14 juan david 1 666\" style=\"border-top: 0px; border-right: 0px; background-image: none; border-bottom: 0px; float: none; padding-top: 0px; padding-left: 0px; margin-left: auto; border-left: 0px; display: block; padding-right: 0px; margin-right: auto\" border=\"0\" alt=\"MBFWP 14 juan david 1 666\" src=\"https:\/\/bobvarela.com\/wp-content\/uploads\/2014\/11\/MBFWP-14-juan-david-1-666_thumb.jpg\" width=\"347\" height=\"273\" \/><\/a><\/font><\/p>\n<p align=\"justify\"><font size=\"3\">La Casa JDV Haute Couture nace en enero 2006 y en octubre hizo su debut en el Mercedes-Benz Fashion Week Panam\u00e1 . La misma introduce al mercado paname\u00f1o un taller de Alta Costura, especializado en dise\u00f1o y elaboraci\u00f3n de vestidos y trajes para damas de alta sociedad; con la misi\u00f3n de hacer que la mujer logre realzar toda su femineidad, estilo y clase. Como marca, creemos en el detalle y el acabado de cada una de nuestras creaciones, que son la garant\u00eda de calidad, prestigio y exclusividad.<\/font> <\/p>\n<p align=\"justify\"><font size=\"3\">En esta occasion Juan David V\u00e9lez tuvo dos intervenciones, Colecci\u00f3n Ready to Wear y Colecci\u00f3n Haute Couture. La misma esta basada en el joyero del Imperio Ruso y bautizada &#8211; EL CLOSET DE ANASTASIA <\/font><\/p>\n<p align=\"justify\"><font size=\"3\">Juan David&#160; Ready to Wear <\/font><\/p>\n<p align=\"justify\"><span style=\"font-size: medium; font-family: verdana\">ngg_shortcode_0_placeholder<\/span><\/p>\n<p align=\"justify\"><font size=\"3\">El cl\u00f3set de Anastacia<\/font><\/p>\n<p align=\"justify\"><span style=\"font-size: medium; font-family: verdana\">ngg_shortcode_1_placeholder<\/span><\/p>\n","protected":false},"excerpt":{"rendered":"<p>La Casa JDV Haute Couture nace en enero 2006 y en octubre hizo su debut en el Mercedes-Benz Fashion Week Panam\u00e1 . La misma introduce al mercado paname\u00f1o un taller de Alta Costura, especializado en dise\u00f1o y elaboraci\u00f3n de vestidos&hellip;<\/p>\n<p class=\"more-link-p\"><a class=\"more-link\" href=\"https:\/\/bobvarela.com\/?p=66418\">Read more &rarr;<\/a><\/p>\n","protected":false},"author":1,"featured_media":0,"comment_status":"open","ping_status":"open","sticky":false,"template":"","format":"standard","meta":{"ngg_post_thumbnail":0,"footnotes":""},"categories":[265,4,480],"tags":[],"class_list":["post-66418","post","type-post","status-publish","format-standard","hentry","category-mercedes-benz-fashion-week","category-moda","category-panama"],"_links":{"self":[{"href":"https:\/\/bobvarela.com\/index.php?rest_route=\/wp\/v2\/posts\/66418","targetHints":{"allow":["GET"]}}],"collection":[{"href":"https:\/\/bobvarela.com\/index.php?rest_route=\/wp\/v2\/posts"}],"about":[{"href":"https:\/\/bobvarela.com\/index.php?rest_route=\/wp\/v2\/types\/post"}],"author":[{"embeddable":true,"href":"https:\/\/bobvarela.com\/index.php?rest_route=\/wp\/v2\/users\/1"}],"replies":[{"embeddable":true,"href":"https:\/\/bobvarela.com\/index.php?rest_route=%2Fwp%2Fv2%2Fcomments&post=66418"}],"version-history":[{"count":3,"href":"https:\/\/bobvarela.com\/index.php?rest_route=\/wp\/v2\/posts\/66418\/revisions"}],"predecessor-version":[{"id":66421,"href":"https:\/\/bobvarela.com\/index.php?rest_route=\/wp\/v2\/posts\/66418\/revisions\/66421"}],"wp:attachment":[{"href":"https:\/\/bobvarela.com\/index.php?rest_route=%2Fwp%2Fv2%2Fmedia&parent=66418"}],"wp:term":[{"taxonomy":"category","embeddable":true,"href":"https:\/\/bobvarela.com\/index.php?rest_route=%2Fwp%2Fv2%2Fcategories&post=66418"},{"taxonomy":"post_tag","embeddable":true,"href":"https:\/\/bobvarela.com\/index.php?rest_route=%2Fwp%2Fv2%2Ftags&post=66418"}],"curies":[{"name":"wp","href":"https:\/\/api.w.org\/{rel}","templated":true}]}}