{"id":66546,"date":"2014-11-04T19:29:23","date_gmt":"2014-11-04T23:29:23","guid":{"rendered":"https:\/\/bobvarela.com\/?p=66546"},"modified":"2014-11-04T19:29:23","modified_gmt":"2014-11-04T23:29:23","slug":"hellen-brebaart-en-el-mercedes-benz-fashion-week-panam-2014","status":"publish","type":"post","link":"https:\/\/bobvarela.com\/?p=66546","title":{"rendered":"Hellen Brebaart en el Mercedes-Benz Fashion Week Panam&aacute; 2014"},"content":{"rendered":"<p align=\"center\"><a href=\"https:\/\/bobvarela.com\/wp-content\/uploads\/2014\/11\/IMG_1360.jpg\"><img loading=\"lazy\" decoding=\"async\" title=\"IMG_1360\" style=\"border-top: 0px; border-right: 0px; background-image: none; border-bottom: 0px; padding-top: 0px; padding-left: 0px; border-left: 0px; display: inline; padding-right: 0px\" border=\"0\" alt=\"IMG_1360\" src=\"https:\/\/bobvarela.com\/wp-content\/uploads\/2014\/11\/IMG_1360_thumb.jpg\" width=\"198\" height=\"134\" \/><\/a><font size=\"3\"><a href=\"https:\/\/bobvarela.com\/wp-content\/uploads\/2014\/11\/IMG_1949.jpg\"><img loading=\"lazy\" decoding=\"async\" title=\"IMG_1949\" style=\"border-top: 0px; border-right: 0px; background-image: none; border-bottom: 0px; padding-top: 0px; padding-left: 0px; border-left: 0px; display: inline; padding-right: 0px\" border=\"0\" alt=\"IMG_1949\" src=\"https:\/\/bobvarela.com\/wp-content\/uploads\/2014\/11\/IMG_1949_thumb.jpg\" width=\"198\" height=\"134\" \/><\/a><\/font><\/p>\n<p><font size=\"3\">Al inicio de su pasarela salieron unos ni\u00f1os con su\u00e9teres pintados a mano por la dise\u00f1adora; seguido, salieron las modelos luciendo trajes largos en diferentes tonalidades que ten\u00edan pintado en la parte del frente peque\u00f1as hojas y ramas. La naturaleza es su inspiraci\u00f3n, las flores, las frutas, el mar y sus habitantes est\u00e1n presentes en todas sus creaciones, lo expresa tanto en mola como en pintura.<\/font> <\/p>\n<p align=\"justify\"><span style=\"font-size: medium; font-family: verdana\">ngg_shortcode_0_placeholder<\/span><\/p>\n","protected":false},"excerpt":{"rendered":"<p>Al inicio de su pasarela salieron unos ni\u00f1os con su\u00e9teres pintados a mano por la dise\u00f1adora; seguido, salieron las modelos luciendo trajes largos en diferentes tonalidades que ten\u00edan pintado en la parte del frente peque\u00f1as hojas y ramas. La naturaleza&hellip;<\/p>\n<p class=\"more-link-p\"><a class=\"more-link\" href=\"https:\/\/bobvarela.com\/?p=66546\">Read more &rarr;<\/a><\/p>\n","protected":false},"author":1,"featured_media":0,"comment_status":"open","ping_status":"open","sticky":false,"template":"","format":"standard","meta":{"ngg_post_thumbnail":0,"footnotes":""},"categories":[265,4,480],"tags":[],"class_list":["post-66546","post","type-post","status-publish","format-standard","hentry","category-mercedes-benz-fashion-week","category-moda","category-panama"],"_links":{"self":[{"href":"https:\/\/bobvarela.com\/index.php?rest_route=\/wp\/v2\/posts\/66546","targetHints":{"allow":["GET"]}}],"collection":[{"href":"https:\/\/bobvarela.com\/index.php?rest_route=\/wp\/v2\/posts"}],"about":[{"href":"https:\/\/bobvarela.com\/index.php?rest_route=\/wp\/v2\/types\/post"}],"author":[{"embeddable":true,"href":"https:\/\/bobvarela.com\/index.php?rest_route=\/wp\/v2\/users\/1"}],"replies":[{"embeddable":true,"href":"https:\/\/bobvarela.com\/index.php?rest_route=%2Fwp%2Fv2%2Fcomments&post=66546"}],"version-history":[{"count":1,"href":"https:\/\/bobvarela.com\/index.php?rest_route=\/wp\/v2\/posts\/66546\/revisions"}],"predecessor-version":[{"id":66547,"href":"https:\/\/bobvarela.com\/index.php?rest_route=\/wp\/v2\/posts\/66546\/revisions\/66547"}],"wp:attachment":[{"href":"https:\/\/bobvarela.com\/index.php?rest_route=%2Fwp%2Fv2%2Fmedia&parent=66546"}],"wp:term":[{"taxonomy":"category","embeddable":true,"href":"https:\/\/bobvarela.com\/index.php?rest_route=%2Fwp%2Fv2%2Fcategories&post=66546"},{"taxonomy":"post_tag","embeddable":true,"href":"https:\/\/bobvarela.com\/index.php?rest_route=%2Fwp%2Fv2%2Ftags&post=66546"}],"curies":[{"name":"wp","href":"https:\/\/api.w.org\/{rel}","templated":true}]}}