{"id":66656,"date":"2014-11-05T19:39:12","date_gmt":"2014-11-05T23:39:12","guid":{"rendered":"https:\/\/bobvarela.com\/?p=66656"},"modified":"2014-11-05T19:39:13","modified_gmt":"2014-11-05T23:39:13","slug":"macario-jimnez-presento-su-coleccin-nelken-pv-2015-en-el-mercedes-benz-fashion-week-panam-2014","status":"publish","type":"post","link":"https:\/\/bobvarela.com\/?p=66656","title":{"rendered":"MACARIO JIM&Eacute;NEZ PRESENTO SU COLECCI&Oacute;N &lsquo;NELKEN&rsquo; P\/V 2015 EN EL Mercedes-Benz Fashion Week Panam&aacute; 2014"},"content":{"rendered":"<p align=\"justify\"><font size=\"3\">1994 y Pina Bausch presenta en la Ciudad de M\u00e9xico Nelken (Claveles), donde en un suelo tapizado por claveles, aparece una mujer que toca el acorde\u00f3n y es el inicio de un montaje que lleva a descubrir no otra cosa m\u00e1s que la inocencia, la inocencia en la m\u00fasica, en la naturaleza, en el ser humano, en la vida misma. Cuanta nostalgia y cuanta felicidad puede contener una pieza como esta, donde la expresi\u00f3n del cuerpo, nos permite entender todo. Donde el movimiento lo es todo y sin palabras lo percibimos de la misma forma en que fue concebido.<\/font><\/p>\n<p align=\"justify\"><font size=\"3\">Aquella noche de 1994 entre el p\u00fablico se encontraba Macario Jim\u00e9nez, quien por primera vez como todos ah\u00ed, presenciaba esta obra maestra que 20 a\u00f1os m\u00e1s tarde en el aniversario de Macario Jim\u00e9nez M\u00e9xico, se transformar\u00eda en la inspiraci\u00f3n de para esta colecci\u00f3n.<\/font><\/p>\n<p align=\"justify\"><font size=\"3\">Una colecci\u00f3n que pretende convertirse en una b\u00fasqueda de ligereza, de liviandad. Desintegrar un todo y convertirlo en algo completamente distinto y generar m\u00e1s a partir de las emociones manteniendo la idea de movimiento; interpretando en cada pieza un sentimiento diferente para crear una colecci\u00f3n muy personal y apreciada.<\/font><\/p>\n<p align=\"justify\"><font size=\"3\">Una forma de regresar a lo b\u00e1sico y al comienzo de la marca en 1994, con siluetas que se ci\u00f1en al cuerpo de forma sutil y fr\u00e1gil, una colecci\u00f3n femenina que tiene una sensaci\u00f3n de libertad, de inocencia e incluso animaci\u00f3n, donde el color pareciera que explota y se vuelve intenso casi contrastante.<\/font><\/p>\n<p align=\"justify\"><font size=\"3\">Rojo, purpura, azul de verano, negro, verde y lino son los tonos que se mezclan entre si para esta colecci\u00f3n Primavera Verano 2015 que adem\u00e1s inundada de texturas nos recrea el suelo de flores de Baush en Nelken, haciendo una colecci\u00f3n org\u00e1nica, sutil sin ninguna pretensi\u00f3n y que por el contrario reafirma lo que Macario Jim\u00e9nez busc\u00f3 desde su inicio, sin saber que dos d\u00e9cadas m\u00e1s tarde ser\u00eda la referencia perfecta para una colecci\u00f3n que celebra la simplicidad.<\/font><\/p>\n<p align=\"justify\"><span style=\"font-size: medium; font-family: verdana\">ngg_shortcode_0_placeholder<\/span><\/p>\n","protected":false},"excerpt":{"rendered":"<p>1994 y Pina Bausch presenta en la Ciudad de M\u00e9xico Nelken (Claveles), donde en un suelo tapizado por claveles, aparece una mujer que toca el acorde\u00f3n y es el inicio de un montaje que lleva a descubrir no otra cosa&hellip;<\/p>\n<p class=\"more-link-p\"><a class=\"more-link\" href=\"https:\/\/bobvarela.com\/?p=66656\">Read more &rarr;<\/a><\/p>\n","protected":false},"author":1,"featured_media":0,"comment_status":"open","ping_status":"open","sticky":false,"template":"","format":"standard","meta":{"ngg_post_thumbnail":0,"footnotes":""},"categories":[265,4,480],"tags":[],"class_list":["post-66656","post","type-post","status-publish","format-standard","hentry","category-mercedes-benz-fashion-week","category-moda","category-panama"],"_links":{"self":[{"href":"https:\/\/bobvarela.com\/index.php?rest_route=\/wp\/v2\/posts\/66656","targetHints":{"allow":["GET"]}}],"collection":[{"href":"https:\/\/bobvarela.com\/index.php?rest_route=\/wp\/v2\/posts"}],"about":[{"href":"https:\/\/bobvarela.com\/index.php?rest_route=\/wp\/v2\/types\/post"}],"author":[{"embeddable":true,"href":"https:\/\/bobvarela.com\/index.php?rest_route=\/wp\/v2\/users\/1"}],"replies":[{"embeddable":true,"href":"https:\/\/bobvarela.com\/index.php?rest_route=%2Fwp%2Fv2%2Fcomments&post=66656"}],"version-history":[{"count":1,"href":"https:\/\/bobvarela.com\/index.php?rest_route=\/wp\/v2\/posts\/66656\/revisions"}],"predecessor-version":[{"id":66657,"href":"https:\/\/bobvarela.com\/index.php?rest_route=\/wp\/v2\/posts\/66656\/revisions\/66657"}],"wp:attachment":[{"href":"https:\/\/bobvarela.com\/index.php?rest_route=%2Fwp%2Fv2%2Fmedia&parent=66656"}],"wp:term":[{"taxonomy":"category","embeddable":true,"href":"https:\/\/bobvarela.com\/index.php?rest_route=%2Fwp%2Fv2%2Fcategories&post=66656"},{"taxonomy":"post_tag","embeddable":true,"href":"https:\/\/bobvarela.com\/index.php?rest_route=%2Fwp%2Fv2%2Ftags&post=66656"}],"curies":[{"name":"wp","href":"https:\/\/api.w.org\/{rel}","templated":true}]}}