{"id":66772,"date":"2014-11-05T20:11:10","date_gmt":"2014-11-06T00:11:10","guid":{"rendered":"https:\/\/bobvarela.com\/?p=66772"},"modified":"2014-11-05T20:16:13","modified_gmt":"2014-11-06T00:16:13","slug":"lidia-minota-en-el-mercedes-benz-fashion-week-panam-2014","status":"publish","type":"post","link":"https:\/\/bobvarela.com\/?p=66772","title":{"rendered":"Lidia Minota en el Mercedes-Benz Fashion Week Panam&aacute; 2014"},"content":{"rendered":"<p align=\"center\"><font size=\"3\"><a href=\"https:\/\/bobvarela.com\/wp-content\/uploads\/2014\/11\/IMG_4316.jpg\"><img loading=\"lazy\" decoding=\"async\" title=\"IMG_4316\" style=\"border-top: 0px; border-right: 0px; background-image: none; border-bottom: 0px; padding-top: 0px; padding-left: 0px; border-left: 0px; display: inline; padding-right: 0px\" border=\"0\" alt=\"IMG_4316\" src=\"https:\/\/bobvarela.com\/wp-content\/uploads\/2014\/11\/IMG_4316_thumb.jpg\" width=\"344\" height=\"257\" \/><\/a><\/font><\/p>\n<p align=\"justify\"><font size=\"3\">Nacida en Bogot\u00e1, Colombia. Se radica en Panam\u00e1 para traer una nueva propuesta en moda. Sus dise\u00f1os son reconocidos por resaltar la silueta femenina, enaltecer la belleza y sensualidad de la mujer. Graduada de La Escuela de Dise\u00f1o Arturo Tejada Cano en la Ciudad de Bogot\u00e1, aprende las principales t\u00e9cnicas de dise\u00f1o y confecci\u00f3n. A\u00f1os despu\u00e9s, hace su debut en el Fashion Week Panama 2012 con una gran aceptaci\u00f3n del p\u00fablico que la ha llevado a seguir participando en diferentes desfiles cada a\u00f1o. En la actualidad, Lidia Minota y su exquisito gusto la ha convertido en la favorita de las mujeres de alta sociedad, sinti\u00e9ndose ellas, identificadas con la mujer rom\u00e1ntica y femenina que viste Lidia Minota.<\/font><\/p>\n<p align=\"justify\"><span style=\"font-size: medium; font-family: verdana\">ngg_shortcode_0_placeholder<\/span><\/p>\n","protected":false},"excerpt":{"rendered":"<p>Nacida en Bogot\u00e1, Colombia. Se radica en Panam\u00e1 para traer una nueva propuesta en moda. Sus dise\u00f1os son reconocidos por resaltar la silueta femenina, enaltecer la belleza y sensualidad de la mujer. Graduada de La Escuela de Dise\u00f1o Arturo Tejada&hellip;<\/p>\n<p class=\"more-link-p\"><a class=\"more-link\" href=\"https:\/\/bobvarela.com\/?p=66772\">Read more &rarr;<\/a><\/p>\n","protected":false},"author":1,"featured_media":0,"comment_status":"open","ping_status":"open","sticky":false,"template":"","format":"standard","meta":{"ngg_post_thumbnail":0,"footnotes":""},"categories":[265,4,480],"tags":[],"class_list":["post-66772","post","type-post","status-publish","format-standard","hentry","category-mercedes-benz-fashion-week","category-moda","category-panama"],"_links":{"self":[{"href":"https:\/\/bobvarela.com\/index.php?rest_route=\/wp\/v2\/posts\/66772","targetHints":{"allow":["GET"]}}],"collection":[{"href":"https:\/\/bobvarela.com\/index.php?rest_route=\/wp\/v2\/posts"}],"about":[{"href":"https:\/\/bobvarela.com\/index.php?rest_route=\/wp\/v2\/types\/post"}],"author":[{"embeddable":true,"href":"https:\/\/bobvarela.com\/index.php?rest_route=\/wp\/v2\/users\/1"}],"replies":[{"embeddable":true,"href":"https:\/\/bobvarela.com\/index.php?rest_route=%2Fwp%2Fv2%2Fcomments&post=66772"}],"version-history":[{"count":1,"href":"https:\/\/bobvarela.com\/index.php?rest_route=\/wp\/v2\/posts\/66772\/revisions"}],"predecessor-version":[{"id":66773,"href":"https:\/\/bobvarela.com\/index.php?rest_route=\/wp\/v2\/posts\/66772\/revisions\/66773"}],"wp:attachment":[{"href":"https:\/\/bobvarela.com\/index.php?rest_route=%2Fwp%2Fv2%2Fmedia&parent=66772"}],"wp:term":[{"taxonomy":"category","embeddable":true,"href":"https:\/\/bobvarela.com\/index.php?rest_route=%2Fwp%2Fv2%2Fcategories&post=66772"},{"taxonomy":"post_tag","embeddable":true,"href":"https:\/\/bobvarela.com\/index.php?rest_route=%2Fwp%2Fv2%2Ftags&post=66772"}],"curies":[{"name":"wp","href":"https:\/\/api.w.org\/{rel}","templated":true}]}}