{"id":67024,"date":"2014-11-05T21:32:16","date_gmt":"2014-11-06T01:32:16","guid":{"rendered":"https:\/\/bobvarela.com\/?p=67024"},"modified":"2014-11-05T21:36:08","modified_gmt":"2014-11-06T01:36:08","slug":"meskita-en-el-mercedes-benz-fashion-week-panam-2014","status":"publish","type":"post","link":"https:\/\/bobvarela.com\/?p=67024","title":{"rendered":"MESKITA en el Mercedes-Benz Fashion Week Panam&aacute; 2014"},"content":{"rendered":"<p align=\"justify\"><font size=\"3\"><a href=\"https:\/\/bobvarela.com\/wp-content\/uploads\/2014\/11\/IMG_5707.jpg\"><img loading=\"lazy\" decoding=\"async\" title=\"IMG_5707\" style=\"border-top: 0px; border-right: 0px; background-image: none; border-bottom: 0px; float: none; padding-top: 0px; padding-left: 0px; margin-left: auto; border-left: 0px; display: block; padding-right: 0px; margin-right: auto\" border=\"0\" alt=\"IMG_5707\" src=\"https:\/\/bobvarela.com\/wp-content\/uploads\/2014\/11\/IMG_5707_thumb.jpg\" width=\"390\" height=\"277\" \/><\/a><\/font><\/p>\n<p align=\"justify\"><font size=\"3\">Nacida en Sao Paulo, Brasil, Alessandra Meskita desarrolla su talento rodeada de inspiraci\u00f3n desde una temprana edad. Tanto su madre, escultora y pintora; y sus abuelas quienes le generaron un gran incentivo, ense\u00f1\u00e1ndole a bocetar estilos, mezclar textiles, cortar patrones y coser prendas a sus tan solo 15 a\u00f1os. Siguiendo su talento innato para el dise\u00f1o de moda, combinado con a\u00f1os de experiencia en la industria, Alessandra sab\u00eda que su destino era crear m\u00e1s que una l\u00ednea de ropa. Quer\u00eda construir un estilo de vida. As\u00ed nace MESKITA, una marca concebida para ampliar la cultura, la exploraci\u00f3n y la imaginaci\u00f3n a trav\u00e9s de la vestimenta. Sus colecciones existen para hacer de sus consumidores, personas seguras de s\u00ed mismas, sensuales y glamorosas. El recurso mejor guardado para aquellos que est\u00e1n comprometidos con expresar su estilo personal, a trav\u00e9s de exquisitos detalles y telas de lujo. Una marca para quienes desean lo mejor en calidad combinado con lo artesanal, bienvenidos a la magia de MESKITA.<\/font><\/p>\n<p align=\"justify\"><span style=\"font-size: medium; font-family: verdana\">ngg_shortcode_0_placeholder<\/span><\/p>\n","protected":false},"excerpt":{"rendered":"<p>Nacida en Sao Paulo, Brasil, Alessandra Meskita desarrolla su talento rodeada de inspiraci\u00f3n desde una temprana edad. Tanto su madre, escultora y pintora; y sus abuelas quienes le generaron un gran incentivo, ense\u00f1\u00e1ndole a bocetar estilos, mezclar textiles, cortar patrones&hellip;<\/p>\n<p class=\"more-link-p\"><a class=\"more-link\" href=\"https:\/\/bobvarela.com\/?p=67024\">Read more &rarr;<\/a><\/p>\n","protected":false},"author":1,"featured_media":0,"comment_status":"open","ping_status":"open","sticky":false,"template":"","format":"standard","meta":{"ngg_post_thumbnail":0,"footnotes":""},"categories":[265,4,480],"tags":[],"class_list":["post-67024","post","type-post","status-publish","format-standard","hentry","category-mercedes-benz-fashion-week","category-moda","category-panama"],"_links":{"self":[{"href":"https:\/\/bobvarela.com\/index.php?rest_route=\/wp\/v2\/posts\/67024","targetHints":{"allow":["GET"]}}],"collection":[{"href":"https:\/\/bobvarela.com\/index.php?rest_route=\/wp\/v2\/posts"}],"about":[{"href":"https:\/\/bobvarela.com\/index.php?rest_route=\/wp\/v2\/types\/post"}],"author":[{"embeddable":true,"href":"https:\/\/bobvarela.com\/index.php?rest_route=\/wp\/v2\/users\/1"}],"replies":[{"embeddable":true,"href":"https:\/\/bobvarela.com\/index.php?rest_route=%2Fwp%2Fv2%2Fcomments&post=67024"}],"version-history":[{"count":2,"href":"https:\/\/bobvarela.com\/index.php?rest_route=\/wp\/v2\/posts\/67024\/revisions"}],"predecessor-version":[{"id":67026,"href":"https:\/\/bobvarela.com\/index.php?rest_route=\/wp\/v2\/posts\/67024\/revisions\/67026"}],"wp:attachment":[{"href":"https:\/\/bobvarela.com\/index.php?rest_route=%2Fwp%2Fv2%2Fmedia&parent=67024"}],"wp:term":[{"taxonomy":"category","embeddable":true,"href":"https:\/\/bobvarela.com\/index.php?rest_route=%2Fwp%2Fv2%2Fcategories&post=67024"},{"taxonomy":"post_tag","embeddable":true,"href":"https:\/\/bobvarela.com\/index.php?rest_route=%2Fwp%2Fv2%2Ftags&post=67024"}],"curies":[{"name":"wp","href":"https:\/\/api.w.org\/{rel}","templated":true}]}}