{"id":67157,"date":"2014-11-07T18:53:52","date_gmt":"2014-11-07T22:53:52","guid":{"rendered":"https:\/\/bobvarela.com\/?p=67157"},"modified":"2014-11-08T00:41:44","modified_gmt":"2014-11-08T04:41:44","slug":"lea-sofer-en-el-mercedes-benz-fashion-week-panam-2014","status":"publish","type":"post","link":"https:\/\/bobvarela.com\/?p=67157","title":{"rendered":"Lea Sofer en el Mercedes-Benz Fashion Week Panam&aacute; 2014"},"content":{"rendered":"<p align=\"justify\"><font size=\"3\">Lea Sofer,&#160; nace en la ciudad de Panam\u00e1 y se&#160; grad\u00faa en Academy of&#160; Art University of&#160; San Francisco, Estados Unidos. Donde su talento y excelencia tanto acad\u00e9mica como creativa le permiten&#160; ser&#160; la primera estudiante paname\u00f1a en realizar una carrera semi-virtual en esta prestigiosa universidad. Desde peque\u00f1a siempre mostr\u00f3 talento para el dise\u00f1o y ha estado expuesta toda su vida&#160; a la industria de la&#160; moda por conexiones familiares. Para ella, ser dise\u00f1adora es utilizar la imaginaci\u00f3n y creatividad para ofrecer una colecci\u00f3n diferente, y una&#160; renovada visi\u00f3n en la utilizaci\u00f3n del color.&#160;&#160; &quot;Nuestro pa\u00eds es un peque\u00f1o lienzo en donde el Divino Maestro pareci\u00f3&#160; dejarse llevar&#160; por&#160; su fuerza creadora&#160; y desbordarse en incontables tonos de verdes, rojos,&#160; azules&#160; y amarillos en todas las gamas\u2026. Estamos tan acostumbrados a tenerlos ah\u00ed que nos olvidamos de utilizarlos para realzar nuestro propio esp\u00edritu.. Por ello he querido hacer un homenaje al color y darle la bienvenida<\/font> <\/p>\n<p align=\"justify\"><span style=\"font-size: medium; font-family: verdana\">ngg_shortcode_0_placeholder<\/span><\/p>\n","protected":false},"excerpt":{"rendered":"<p>Lea Sofer,&#160; nace en la ciudad de Panam\u00e1 y se&#160; grad\u00faa en Academy of&#160; Art University of&#160; San Francisco, Estados Unidos. Donde su talento y excelencia tanto acad\u00e9mica como creativa le permiten&#160; ser&#160; la primera estudiante paname\u00f1a en realizar una&hellip;<\/p>\n<p class=\"more-link-p\"><a class=\"more-link\" href=\"https:\/\/bobvarela.com\/?p=67157\">Read more &rarr;<\/a><\/p>\n","protected":false},"author":1,"featured_media":0,"comment_status":"open","ping_status":"open","sticky":false,"template":"","format":"standard","meta":{"ngg_post_thumbnail":0,"footnotes":""},"categories":[265,4,295],"tags":[],"class_list":["post-67157","post","type-post","status-publish","format-standard","hentry","category-mercedes-benz-fashion-week","category-moda","category-puerto-rico"],"_links":{"self":[{"href":"https:\/\/bobvarela.com\/index.php?rest_route=\/wp\/v2\/posts\/67157","targetHints":{"allow":["GET"]}}],"collection":[{"href":"https:\/\/bobvarela.com\/index.php?rest_route=\/wp\/v2\/posts"}],"about":[{"href":"https:\/\/bobvarela.com\/index.php?rest_route=\/wp\/v2\/types\/post"}],"author":[{"embeddable":true,"href":"https:\/\/bobvarela.com\/index.php?rest_route=\/wp\/v2\/users\/1"}],"replies":[{"embeddable":true,"href":"https:\/\/bobvarela.com\/index.php?rest_route=%2Fwp%2Fv2%2Fcomments&post=67157"}],"version-history":[{"count":1,"href":"https:\/\/bobvarela.com\/index.php?rest_route=\/wp\/v2\/posts\/67157\/revisions"}],"predecessor-version":[{"id":67158,"href":"https:\/\/bobvarela.com\/index.php?rest_route=\/wp\/v2\/posts\/67157\/revisions\/67158"}],"wp:attachment":[{"href":"https:\/\/bobvarela.com\/index.php?rest_route=%2Fwp%2Fv2%2Fmedia&parent=67157"}],"wp:term":[{"taxonomy":"category","embeddable":true,"href":"https:\/\/bobvarela.com\/index.php?rest_route=%2Fwp%2Fv2%2Fcategories&post=67157"},{"taxonomy":"post_tag","embeddable":true,"href":"https:\/\/bobvarela.com\/index.php?rest_route=%2Fwp%2Fv2%2Ftags&post=67157"}],"curies":[{"name":"wp","href":"https:\/\/api.w.org\/{rel}","templated":true}]}}