{"id":67469,"date":"2014-11-08T11:56:38","date_gmt":"2014-11-08T15:56:38","guid":{"rendered":"https:\/\/bobvarela.com\/?p=67469"},"modified":"2014-11-08T11:56:39","modified_gmt":"2014-11-08T15:56:39","slug":"judy-e-yvonne-attie-en-el-mercedes-benz-fashion-week-panam-2014","status":"publish","type":"post","link":"https:\/\/bobvarela.com\/?p=67469","title":{"rendered":"Judy e Yvonne Attie en el Mercedes-Benz Fashion Week Panam&aacute; 2014"},"content":{"rendered":"<p align=\"center\"><a href=\"https:\/\/bobvarela.com\/wp-content\/uploads\/2014\/11\/IMG_2922.jpg\"><img loading=\"lazy\" decoding=\"async\" title=\"IMG_2922\" style=\"border-top: 0px; border-right: 0px; background-image: none; border-bottom: 0px; padding-top: 0px; padding-left: 0px; border-left: 0px; display: inline; padding-right: 0px\" border=\"0\" alt=\"IMG_2922\" src=\"https:\/\/bobvarela.com\/wp-content\/uploads\/2014\/11\/IMG_2922_thumb.jpg\" width=\"416\" height=\"305\" \/><\/a><\/p>\n<p align=\"justify\"><font size=\"3\">Judy e Yvonne Attie es un duo de madre e hija que aman la creaci\u00f3n de moda. Yudy estudi\u00f3 Psicolog\u00eda en Brandeis University e Yvonne est\u00e1 actualmente cursando su segundo a\u00f1o de Dise\u00f1o de Modas en Massart. Realizan diversas colecciones al a\u00f1o que se pueden conseguir en la prestigiosa tienda Porta Romana. Este a\u00f1o presentar\u00e1n por segunda vez consecutiva en la Mercedez-Benz Fashion Week Panama.<\/font><\/p>\n<p align=\"justify\"><span style=\"font-size: medium; font-family: verdana\">ngg_shortcode_0_placeholder<\/span><\/p>\n","protected":false},"excerpt":{"rendered":"<p>Judy e Yvonne Attie es un duo de madre e hija que aman la creaci\u00f3n de moda. Yudy estudi\u00f3 Psicolog\u00eda en Brandeis University e Yvonne est\u00e1 actualmente cursando su segundo a\u00f1o de Dise\u00f1o de Modas en Massart. Realizan diversas colecciones&hellip;<\/p>\n<p class=\"more-link-p\"><a class=\"more-link\" href=\"https:\/\/bobvarela.com\/?p=67469\">Read more &rarr;<\/a><\/p>\n","protected":false},"author":1,"featured_media":0,"comment_status":"open","ping_status":"open","sticky":false,"template":"","format":"standard","meta":{"ngg_post_thumbnail":0,"footnotes":""},"categories":[265,4,480],"tags":[],"class_list":["post-67469","post","type-post","status-publish","format-standard","hentry","category-mercedes-benz-fashion-week","category-moda","category-panama"],"_links":{"self":[{"href":"https:\/\/bobvarela.com\/index.php?rest_route=\/wp\/v2\/posts\/67469","targetHints":{"allow":["GET"]}}],"collection":[{"href":"https:\/\/bobvarela.com\/index.php?rest_route=\/wp\/v2\/posts"}],"about":[{"href":"https:\/\/bobvarela.com\/index.php?rest_route=\/wp\/v2\/types\/post"}],"author":[{"embeddable":true,"href":"https:\/\/bobvarela.com\/index.php?rest_route=\/wp\/v2\/users\/1"}],"replies":[{"embeddable":true,"href":"https:\/\/bobvarela.com\/index.php?rest_route=%2Fwp%2Fv2%2Fcomments&post=67469"}],"version-history":[{"count":1,"href":"https:\/\/bobvarela.com\/index.php?rest_route=\/wp\/v2\/posts\/67469\/revisions"}],"predecessor-version":[{"id":67470,"href":"https:\/\/bobvarela.com\/index.php?rest_route=\/wp\/v2\/posts\/67469\/revisions\/67470"}],"wp:attachment":[{"href":"https:\/\/bobvarela.com\/index.php?rest_route=%2Fwp%2Fv2%2Fmedia&parent=67469"}],"wp:term":[{"taxonomy":"category","embeddable":true,"href":"https:\/\/bobvarela.com\/index.php?rest_route=%2Fwp%2Fv2%2Fcategories&post=67469"},{"taxonomy":"post_tag","embeddable":true,"href":"https:\/\/bobvarela.com\/index.php?rest_route=%2Fwp%2Fv2%2Ftags&post=67469"}],"curies":[{"name":"wp","href":"https:\/\/api.w.org\/{rel}","templated":true}]}}