{"id":67561,"date":"2014-11-09T19:22:48","date_gmt":"2014-11-09T23:22:48","guid":{"rendered":"https:\/\/bobvarela.com\/?p=67561"},"modified":"2014-11-09T19:22:50","modified_gmt":"2014-11-09T23:22:50","slug":"kris-goyri-en-el-mercedes-benz-fashion-week-panam-2014","status":"publish","type":"post","link":"https:\/\/bobvarela.com\/?p=67561","title":{"rendered":"Kris Goyri en el Mercedes-Benz Fashion Week Panam&aacute; 2014"},"content":{"rendered":"<p align=\"center\"><font size=\"3\"><a href=\"https:\/\/bobvarela.com\/wp-content\/uploads\/2014\/11\/IMG_3857.jpg\"><img loading=\"lazy\" decoding=\"async\" title=\"IMG_3857\" style=\"border-top: 0px; border-right: 0px; background-image: none; border-bottom: 0px; padding-top: 0px; padding-left: 0px; border-left: 0px; display: inline; padding-right: 0px\" border=\"0\" alt=\"IMG_3857\" src=\"https:\/\/bobvarela.com\/wp-content\/uploads\/2014\/11\/IMG_3857_thumb.jpg\" width=\"334\" height=\"243\" \/><\/a><\/font><\/p>\n<p align=\"justify\"><font size=\"3\">Nacido en la Ciudad de M\u00e9xico, comenz\u00f3 su pasi\u00f3n por la moda desde muy peque\u00f1o, motivado por el arte, la ilustraci\u00f3n y el color. Graduado en el 2007 del Instituto de Estudios Superiores de Moda \u201cCasa de Francia\u201d en la Ciudad de M\u00e9xico, donde obtuvo las principales bases de dise\u00f1o, desarrollando un estilo \u00fanico y encantador que le permiti\u00f3 visualizar, plasmar y crear su personalidad en cada uno de sus dise\u00f1os. <\/font><\/p>\n<p align=\"justify\"><font size=\"3\">Comenz\u00f3 trabajando dentro de la industria haciendo l\u00edneas de ropa femenina \u201cready to wear\u201d en donde aprendi\u00f3 de cerca el negocio de la moda, pero sobre todo se empap\u00f3 de conocimiento de materiales y texturas, lo que le permiti\u00f3 seleccionar materiales a perfecci\u00f3n para cada pieza. En el 2008 con tan solo 22 a\u00f1os, la revista ELLE mediante un jurando internacional otorgaron a Kris el premio al nuevo talento mexicano. El mismo a\u00f1o present\u00f3 su primer desfile en una de las plataformas m\u00e1s importantes del pa\u00eds, en donde cautivo a editores de moda y su trabajo comenz\u00f3 a ser publicado en las principales revistas de moda como ELLE, Bazaar, Vogue, Glamour, Infashion, Glow, Caras, NYLON, entre otras. <\/font><\/p>\n<p align=\"justify\"><font size=\"3\">En el 2009 curs\u00f3 un master en el Instituto Europeo di Design en Barcelona, donde se especializ\u00f3 en dise\u00f1o de calzado y complementos y perfeccion\u00f3 sus bases de dise\u00f1o, color y organizaci\u00f3n de colecciones. Este mismo a\u00f1o ya en M\u00e9xico, present\u00f3 una muestra de ilustraciones llamada \u201cRiviera 1.1?. Kris est\u00e1 establecido en la Ciudad de M\u00e9xico y presenta sus colecciones atemporales \u201cResort \u201cy \u201cSpring Summer\u201d y su estilo ha sido considerado Puro, exquisito, fresco, femenino y que entiende a la perfecci\u00f3n el cuerpo de la mujer. Ha participado en proyectos creativos como el lanzamiento de la campa\u00f1a de navidad 2010 de Palacio de Hierro donde hizo el vestido \u00edcono de la campa\u00f1a y tambi\u00e9n ha hecho colaboraciones especiales con Swarovski. <\/font><\/p>\n<p align=\"justify\"><font size=\"3\">En el 2011 particip\u00f3 en la exposici\u00f3n de joyer\u00eda de la coleccionista Barbara Berger, creando una l\u00ednea de m\u00e1scaras y vestidos de papel junto con el estudio de dise\u00f1o AMOATO, present\u00e1ndolo en el museo de artes decorativas de M\u00e9xico, el Franz Mayer. Tambi\u00e9n ha colaborado en el proceso creativo junto con MAC Cosmetics desarrollando nuevos estilos y coloridos para cada desfile. En este mismo a\u00f1o Kris se ali\u00f3 con Comex para crear su colecci\u00f3n Primavera-Verano 2012 y crear el libro de tendencias de color para el a\u00f1o 2013. <\/font><\/p>\n<p align=\"justify\"><font size=\"3\">En el 2012 Kris particip\u00f3 en el desarrollo creativo de la nueva publicidad de Berger, la casa m\u00e1s importante de joyer\u00eda en M\u00e9xico, donde las ilustraciones de Kris fueron el marco para mostrar la nueva colecci\u00f3n. \u00c9ste mismo a\u00f1o tambi\u00e9n estuvo a cargo de la direcci\u00f3n creativa colecci\u00f3n oto\u00f1o-invierno de la marca Pineda Covalin, para hombre y mujer. A finales del 2012 Kris present\u00f3 su colecci\u00f3n SS13 inspirada en Careyes. En marzo 2013 la marca present\u00f3 su primera colecci\u00f3n Oto\u00f1o Invierno inspirada en el arte lineal de Kandinski y la artista Sun K. Kuak. <\/font><\/p>\n<p align=\"justify\"><font size=\"3\">Cada prenda que Kris dise\u00f1a est\u00e1 pensada para una mujer muy femenina, que equilibra a la perfecci\u00f3n cuerpo y mente, que ama la naturaleza y resalta su belleza con piezas \u00fanicas elaboradas con materiales de primera calidad por lo general de origen natural como la seda, el lino y el algod\u00f3n, haciendo combinaciones de coloridos magn\u00edficos; Elegante, Fresca, Natural y simplemente bella es como Kris define su propuesta.<\/font><\/p>\n<p align=\"justify\"><span style=\"font-size: medium; font-family: verdana\">ngg_shortcode_0_placeholder<\/span><\/p>\n","protected":false},"excerpt":{"rendered":"<p>Nacido en la Ciudad de M\u00e9xico, comenz\u00f3 su pasi\u00f3n por la moda desde muy peque\u00f1o, motivado por el arte, la ilustraci\u00f3n y el color. Graduado en el 2007 del Instituto de Estudios Superiores de Moda \u201cCasa de Francia\u201d en la&hellip;<\/p>\n<p class=\"more-link-p\"><a class=\"more-link\" href=\"https:\/\/bobvarela.com\/?p=67561\">Read more &rarr;<\/a><\/p>\n","protected":false},"author":1,"featured_media":0,"comment_status":"open","ping_status":"open","sticky":false,"template":"","format":"standard","meta":{"ngg_post_thumbnail":0,"footnotes":""},"categories":[265,4,480],"tags":[],"class_list":["post-67561","post","type-post","status-publish","format-standard","hentry","category-mercedes-benz-fashion-week","category-moda","category-panama"],"_links":{"self":[{"href":"https:\/\/bobvarela.com\/index.php?rest_route=\/wp\/v2\/posts\/67561","targetHints":{"allow":["GET"]}}],"collection":[{"href":"https:\/\/bobvarela.com\/index.php?rest_route=\/wp\/v2\/posts"}],"about":[{"href":"https:\/\/bobvarela.com\/index.php?rest_route=\/wp\/v2\/types\/post"}],"author":[{"embeddable":true,"href":"https:\/\/bobvarela.com\/index.php?rest_route=\/wp\/v2\/users\/1"}],"replies":[{"embeddable":true,"href":"https:\/\/bobvarela.com\/index.php?rest_route=%2Fwp%2Fv2%2Fcomments&post=67561"}],"version-history":[{"count":1,"href":"https:\/\/bobvarela.com\/index.php?rest_route=\/wp\/v2\/posts\/67561\/revisions"}],"predecessor-version":[{"id":67562,"href":"https:\/\/bobvarela.com\/index.php?rest_route=\/wp\/v2\/posts\/67561\/revisions\/67562"}],"wp:attachment":[{"href":"https:\/\/bobvarela.com\/index.php?rest_route=%2Fwp%2Fv2%2Fmedia&parent=67561"}],"wp:term":[{"taxonomy":"category","embeddable":true,"href":"https:\/\/bobvarela.com\/index.php?rest_route=%2Fwp%2Fv2%2Fcategories&post=67561"},{"taxonomy":"post_tag","embeddable":true,"href":"https:\/\/bobvarela.com\/index.php?rest_route=%2Fwp%2Fv2%2Ftags&post=67561"}],"curies":[{"name":"wp","href":"https:\/\/api.w.org\/{rel}","templated":true}]}}