{"id":67623,"date":"2014-11-09T19:55:08","date_gmt":"2014-11-09T23:55:08","guid":{"rendered":"https:\/\/bobvarela.com\/?p=67623"},"modified":"2014-11-09T19:55:08","modified_gmt":"2014-11-09T23:55:08","slug":"melina-typaldos-en-el-mercedes-benz-fashion-week-panam-2014","status":"publish","type":"post","link":"https:\/\/bobvarela.com\/?p=67623","title":{"rendered":"Melina Typaldos en el Mercedes-Benz Fashion Week Panam&aacute; 2014"},"content":{"rendered":"<p align=\"justify\"><font size=\"3\">Melina Typaldos Designs es fundada en la Ciudad de Panam\u00e1 en el 2002 por Melina Typaldos. La firma se dedica al dise\u00f1o y fabricaci\u00f3n de joyas en plata y ba\u00f1o de oro 24K, tambi\u00e9n cuentan con una colecci\u00f3n de piezas para el hogar titulada &quot;Melina Typaldos Home Collection&quot;. Los dise\u00f1os de Melina son piezas \u00fanicas inspiradas en una fusi\u00f3n ecl\u00e9ctica de su natal Panam\u00e1 y un toque Europeo que proviene de sus ra\u00edces Griegas. En el trabajo hecho a mano de cada una de sus joyas, Melina Typaldos pone toda su creatividad para que quien las luzca, pueda sentir que lleva una obra de arte exclusiva.<\/font><\/p>\n<p align=\"justify\"><span style=\"font-size: medium; font-family: verdana\">ngg_shortcode_0_placeholder<\/span><\/p>\n","protected":false},"excerpt":{"rendered":"<p>Melina Typaldos Designs es fundada en la Ciudad de Panam\u00e1 en el 2002 por Melina Typaldos. La firma se dedica al dise\u00f1o y fabricaci\u00f3n de joyas en plata y ba\u00f1o de oro 24K, tambi\u00e9n cuentan con una colecci\u00f3n de piezas&hellip;<\/p>\n<p class=\"more-link-p\"><a class=\"more-link\" href=\"https:\/\/bobvarela.com\/?p=67623\">Read more &rarr;<\/a><\/p>\n","protected":false},"author":1,"featured_media":0,"comment_status":"open","ping_status":"open","sticky":false,"template":"","format":"standard","meta":{"ngg_post_thumbnail":0,"footnotes":""},"categories":[265,4,480],"tags":[],"class_list":["post-67623","post","type-post","status-publish","format-standard","hentry","category-mercedes-benz-fashion-week","category-moda","category-panama"],"_links":{"self":[{"href":"https:\/\/bobvarela.com\/index.php?rest_route=\/wp\/v2\/posts\/67623","targetHints":{"allow":["GET"]}}],"collection":[{"href":"https:\/\/bobvarela.com\/index.php?rest_route=\/wp\/v2\/posts"}],"about":[{"href":"https:\/\/bobvarela.com\/index.php?rest_route=\/wp\/v2\/types\/post"}],"author":[{"embeddable":true,"href":"https:\/\/bobvarela.com\/index.php?rest_route=\/wp\/v2\/users\/1"}],"replies":[{"embeddable":true,"href":"https:\/\/bobvarela.com\/index.php?rest_route=%2Fwp%2Fv2%2Fcomments&post=67623"}],"version-history":[{"count":1,"href":"https:\/\/bobvarela.com\/index.php?rest_route=\/wp\/v2\/posts\/67623\/revisions"}],"predecessor-version":[{"id":67624,"href":"https:\/\/bobvarela.com\/index.php?rest_route=\/wp\/v2\/posts\/67623\/revisions\/67624"}],"wp:attachment":[{"href":"https:\/\/bobvarela.com\/index.php?rest_route=%2Fwp%2Fv2%2Fmedia&parent=67623"}],"wp:term":[{"taxonomy":"category","embeddable":true,"href":"https:\/\/bobvarela.com\/index.php?rest_route=%2Fwp%2Fv2%2Fcategories&post=67623"},{"taxonomy":"post_tag","embeddable":true,"href":"https:\/\/bobvarela.com\/index.php?rest_route=%2Fwp%2Fv2%2Ftags&post=67623"}],"curies":[{"name":"wp","href":"https:\/\/api.w.org\/{rel}","templated":true}]}}