{"id":67817,"date":"2014-11-10T18:53:09","date_gmt":"2014-11-10T22:53:09","guid":{"rendered":"https:\/\/bobvarela.com\/?p=67817"},"modified":"2014-11-10T18:53:22","modified_gmt":"2014-11-10T22:53:22","slug":"jolleson-en-el-mercedes-benz-fashion-week-panam-2014","status":"publish","type":"post","link":"https:\/\/bobvarela.com\/?p=67817","title":{"rendered":"Jolleson en el Mercedes-Benz Fashion Week Panam&aacute; 2014"},"content":{"rendered":"<p align=\"justify\"><font size=\"3\">Ilustrador y dise\u00f1ador de moda; su trabajo es una colisi\u00f3n de influencias derivadas de la fauna y la naturaleza humana. Conceptos como fuerza, individualidad, agilidad, elegancia y gracia son piezas fundamentales de su propuesta. <\/font><\/p>\n<p align=\"justify\"><font size=\"3\">El trabajo de John Allen ha sido presentado en galer\u00edas de arte, estudios de moda y en la industria del entretenimiento en Los Angeles, California. <\/font><\/p>\n<p align=\"justify\"><font size=\"3\">Enfatiza la deconstrucci\u00f3n de piezas olvidadas para darles una nueva vida. Su pasi\u00f3n nace al observar a su abuela qui\u00e9n ten\u00eda como oficio la confecci\u00f3n de vestimenta con un punto de vista muy cl\u00e1sico.<\/font><\/p>\n<p align=\"justify\"><span style=\"font-size: medium; font-family: verdana\">ngg_shortcode_0_placeholder<\/span><\/p>\n","protected":false},"excerpt":{"rendered":"<p>Ilustrador y dise\u00f1ador de moda; su trabajo es una colisi\u00f3n de influencias derivadas de la fauna y la naturaleza humana. Conceptos como fuerza, individualidad, agilidad, elegancia y gracia son piezas fundamentales de su propuesta. El trabajo de John Allen ha&hellip;<\/p>\n<p class=\"more-link-p\"><a class=\"more-link\" href=\"https:\/\/bobvarela.com\/?p=67817\">Read more &rarr;<\/a><\/p>\n","protected":false},"author":1,"featured_media":0,"comment_status":"open","ping_status":"open","sticky":false,"template":"","format":"standard","meta":{"ngg_post_thumbnail":0,"footnotes":""},"categories":[265,4,480],"tags":[],"class_list":["post-67817","post","type-post","status-publish","format-standard","hentry","category-mercedes-benz-fashion-week","category-moda","category-panama"],"_links":{"self":[{"href":"https:\/\/bobvarela.com\/index.php?rest_route=\/wp\/v2\/posts\/67817","targetHints":{"allow":["GET"]}}],"collection":[{"href":"https:\/\/bobvarela.com\/index.php?rest_route=\/wp\/v2\/posts"}],"about":[{"href":"https:\/\/bobvarela.com\/index.php?rest_route=\/wp\/v2\/types\/post"}],"author":[{"embeddable":true,"href":"https:\/\/bobvarela.com\/index.php?rest_route=\/wp\/v2\/users\/1"}],"replies":[{"embeddable":true,"href":"https:\/\/bobvarela.com\/index.php?rest_route=%2Fwp%2Fv2%2Fcomments&post=67817"}],"version-history":[{"count":1,"href":"https:\/\/bobvarela.com\/index.php?rest_route=\/wp\/v2\/posts\/67817\/revisions"}],"predecessor-version":[{"id":67818,"href":"https:\/\/bobvarela.com\/index.php?rest_route=\/wp\/v2\/posts\/67817\/revisions\/67818"}],"wp:attachment":[{"href":"https:\/\/bobvarela.com\/index.php?rest_route=%2Fwp%2Fv2%2Fmedia&parent=67817"}],"wp:term":[{"taxonomy":"category","embeddable":true,"href":"https:\/\/bobvarela.com\/index.php?rest_route=%2Fwp%2Fv2%2Fcategories&post=67817"},{"taxonomy":"post_tag","embeddable":true,"href":"https:\/\/bobvarela.com\/index.php?rest_route=%2Fwp%2Fv2%2Ftags&post=67817"}],"curies":[{"name":"wp","href":"https:\/\/api.w.org\/{rel}","templated":true}]}}