{"id":67947,"date":"2014-11-10T19:48:37","date_gmt":"2014-11-10T23:48:37","guid":{"rendered":"https:\/\/bobvarela.com\/?p=67947"},"modified":"2014-11-10T19:48:37","modified_gmt":"2014-11-10T23:48:37","slug":"graciela-lasso-en-el-mercedes-benz-fashion-week-panam-2014","status":"publish","type":"post","link":"https:\/\/bobvarela.com\/?p=67947","title":{"rendered":"Graciela Lasso en el Mercedes-Benz Fashion Week Panam&aacute; 2014"},"content":{"rendered":"<p align=\"center\"><font size=\"3\"><a href=\"https:\/\/bobvarela.com\/wp-content\/uploads\/2014\/11\/IMG_1231.jpg\"><img loading=\"lazy\" decoding=\"async\" title=\"IMG_1231\" style=\"border-top: 0px; border-right: 0px; background-image: none; border-bottom: 0px; padding-top: 0px; padding-left: 0px; border-left: 0px; display: inline; padding-right: 0px\" border=\"0\" alt=\"IMG_1231\" src=\"https:\/\/bobvarela.com\/wp-content\/uploads\/2014\/11\/IMG_1231_thumb.jpg\" width=\"392\" height=\"278\" \/><\/a><\/font><\/p>\n<p align=\"justify\"><font size=\"3\">Desde ni\u00f1a sus trazos mostraron su camino: crear moda. A sus 23 a\u00f1os, esta paname\u00f1a, a trav\u00e9s de su creatividad propone dise\u00f1os con un estilo femenino, elegante y vanguardista. <\/font><\/p>\n<p align=\"justify\"><font size=\"3\">Dise\u00f1adora de profesi\u00f3n, obtuvo su licenciatura en Dise\u00f1o Gr\u00e1fico en el a\u00f1o 2011 en la Universidad Santa Mar\u00eda La Antigua; siempre con la moda en sus metas, realiza un postgrado en Dise\u00f1o de Modas en el per\u00edodo 2012\/2013 en el Istituto Marangoni, en Mil\u00e1n, Italia. <\/font><\/p>\n<p align=\"justify\"><font size=\"3\">Ha participado como asistente de vestuario de los dise\u00f1adores paname\u00f1os Jaime Luna, en su pasarela Gala Verde 2013 y para Michelle Zarak, en su pasarela del Fashion Week Panama 2013. Adem\u00e1s, form\u00f3 parte del grupo de semi-finalistas de la convocatoria Hot Couture 2014 organizada por Nescaf\u00e9 Dolce Gusto y Physical.<\/font><\/p>\n<p align=\"justify\"><span style=\"font-size: medium; font-family: verdana\">ngg_shortcode_0_placeholder<\/span><\/p>\n","protected":false},"excerpt":{"rendered":"<p>Desde ni\u00f1a sus trazos mostraron su camino: crear moda. A sus 23 a\u00f1os, esta paname\u00f1a, a trav\u00e9s de su creatividad propone dise\u00f1os con un estilo femenino, elegante y vanguardista. Dise\u00f1adora de profesi\u00f3n, obtuvo su licenciatura en Dise\u00f1o Gr\u00e1fico en el&hellip;<\/p>\n<p class=\"more-link-p\"><a class=\"more-link\" href=\"https:\/\/bobvarela.com\/?p=67947\">Read more &rarr;<\/a><\/p>\n","protected":false},"author":1,"featured_media":0,"comment_status":"open","ping_status":"open","sticky":false,"template":"","format":"standard","meta":{"ngg_post_thumbnail":0,"footnotes":""},"categories":[265,4,480],"tags":[],"class_list":["post-67947","post","type-post","status-publish","format-standard","hentry","category-mercedes-benz-fashion-week","category-moda","category-panama"],"_links":{"self":[{"href":"https:\/\/bobvarela.com\/index.php?rest_route=\/wp\/v2\/posts\/67947","targetHints":{"allow":["GET"]}}],"collection":[{"href":"https:\/\/bobvarela.com\/index.php?rest_route=\/wp\/v2\/posts"}],"about":[{"href":"https:\/\/bobvarela.com\/index.php?rest_route=\/wp\/v2\/types\/post"}],"author":[{"embeddable":true,"href":"https:\/\/bobvarela.com\/index.php?rest_route=\/wp\/v2\/users\/1"}],"replies":[{"embeddable":true,"href":"https:\/\/bobvarela.com\/index.php?rest_route=%2Fwp%2Fv2%2Fcomments&post=67947"}],"version-history":[{"count":1,"href":"https:\/\/bobvarela.com\/index.php?rest_route=\/wp\/v2\/posts\/67947\/revisions"}],"predecessor-version":[{"id":67948,"href":"https:\/\/bobvarela.com\/index.php?rest_route=\/wp\/v2\/posts\/67947\/revisions\/67948"}],"wp:attachment":[{"href":"https:\/\/bobvarela.com\/index.php?rest_route=%2Fwp%2Fv2%2Fmedia&parent=67947"}],"wp:term":[{"taxonomy":"category","embeddable":true,"href":"https:\/\/bobvarela.com\/index.php?rest_route=%2Fwp%2Fv2%2Fcategories&post=67947"},{"taxonomy":"post_tag","embeddable":true,"href":"https:\/\/bobvarela.com\/index.php?rest_route=%2Fwp%2Fv2%2Ftags&post=67947"}],"curies":[{"name":"wp","href":"https:\/\/api.w.org\/{rel}","templated":true}]}}